{"id":444140,"date":"2025-05-29T08:08:46","date_gmt":"2025-05-29T11:08:46","guid":{"rendered":"https:\/\/mrnews.com.br\/index.php\/2025\/05\/29\/duplas-de-stefani-bia-haddad-e-orlando-luz-avancam-em-roland-garros-3\/"},"modified":"2025-05-29T08:08:46","modified_gmt":"2025-05-29T11:08:46","slug":"duplas-de-stefani-bia-haddad-e-orlando-luz-avancam-em-roland-garros-3","status":"publish","type":"post","link":"https:\/\/mrnews.com.br\/index.php\/2025\/05\/29\/duplas-de-stefani-bia-haddad-e-orlando-luz-avancam-em-roland-garros-3\/","title":{"rendered":"Duplas de Stefani, Bia Haddad e Orlando Luz avan\u00e7am em Roland Garros"},"content":{"rendered":"<p><\/p>\n<div>\n<p>A quarta-feira (28) come\u00e7ou bem para os brasileiros no torneio de duplas de Roland Garros, em Paris (Fran\u00e7a). Estrearam com vit\u00f3ria e avan\u00e7aram \u00e0 segunda rodada as parcerias de Beatriz Haddad Maia com a alem\u00e3 Laura Siegemund e de Luisa Stefani com a h\u00fangara Timea Babos, al\u00e9m da dupla de Orlando Luz com o croata Ivan Dodig. Nesta quinta (29), a parceira do carioca Fernando Rombolli com o brit\u00e2nico John -Patrick Smith disputar\u00e1 a primeira rodada contra os irm\u00e3os gregos Stefanos e Petros Tsisipas. O in\u00edcio da partida est\u00e1 previsto para \u00e0s 7h10 (hor\u00e1rio de Bras\u00edlia).<\/p>\n<p>Um dia ap\u00f3s ser eliminada da chave de simples do Grand Slam parisiense, a paulistana Bia Haddad deixou para tr\u00e1s o rev\u00e9s e assegurou a primeira vit\u00f3ria ao lado de Siegemund. Cabe\u00e7as de chave n\u00famero 13, elas despacharam as francesas Leolia Jeanjean e Jessika Ponchet, com vit\u00f3ria f\u00e1cil por 2 sets a 0 (6\/3 e 6\/0).\u00a0 A parceria Brasil-Alemanha volta \u00e0 quadra na pr\u00f3xima sexta (30) contra as japonesas Shuko Aoyma e Moyuka Uchijima.<\/p>\n<p>\u00a0<\/p>\n<blockquote class=\"twitter-tweet\">\n<p dir=\"ltr\" lang=\"pt\" xml:lang=\"pt\">BIA HADDAD AVAN\u00c7A NAS DUPLAS DE ROLAND GARROS!<\/p>\n<p>A brasileira teve uma estreia tranquila, ao lado da alem\u00e3 Laura Siegmund. Contra as francesas Leolia Jeanjean e Jessika Ponchet, as tenistas venceram por 6\/3 6\/0<\/p>\n<p>BORA, BIA!<\/p>\n<p>Foto: Philippe Montigny\/FFT <a href=\"https:\/\/t.co\/kCp8z1UhOC\">pic.twitter.com\/kCp8z1UhOC<\/a><\/p>\n<p>\u2014 CBT (@cbtenis) <a href=\"https:\/\/twitter.com\/cbtenis\/status\/1927728782338593245?ref_src=twsrc%5Etfw\">May 28, 2025<\/a><\/p><\/blockquote>\n<p>Quem tamb\u00e9m comemorou a classifica\u00e7\u00e3o tranquila \u00e0 segunda rodada foi a dupla da paulista de Stefani e Babos, <strong>campe\u00e3s do WTA 500 de Estrasburgo (Fran\u00e7a) no \u00faltimo s\u00e1bado (24)<\/strong>. Em apenas 46 minutos, elas aplicaram 2 sets a 0, com direito a pneu (6\/0) na primeira parcial e 6\/1 na seguinte.<\/p>\n<blockquote>\n<p>&#8220;Grande estreia. Jogamos muito limpo de come\u00e7o a fim. Sacamos muito bem e colocamos press\u00e3o no saque delas desde o in\u00edcio de cada set pra conseguir alargar o placar. Muito feliz com o n\u00edvel que jogamos hoje. Agora \u00e9\u00a0preparar para pr\u00f3xima rodada&#8221;, disse Stefani, que subiu da 37\u00aa para a 31\u00aa posi\u00e7\u00e3o no ranking mundial de duplas, ap\u00f3s o t\u00edtulo em Estrasburgo.<\/p>\n<\/blockquote>\n<p>Na disputa masculina, a parceria do ga\u00facho Orlando Luz com o croata Ivan Dodig, ex-n\u00famero 1 do mundo, venceu de virada a estreia contra os donos da casa Geoffrey Blancaneaux e Valentin Royer, por 2 sets a 1, com parciais de 3\/6 6\/3 e 6\/4. Na segunda rodada, Luz e Dodig enfrentar\u00e3o os vencedores do duelo entre os alem\u00e3es Kevin Krawietz e Tim Puetz (cabe\u00e7as de chave 3) e\u00a0 os poloneses Karol Drzewiecki e Piotr Matuszewski.<\/p>\n<p>Outras duas duplas com brasileiros se despediram precocemente da competi\u00e7\u00e3o. A parceria do ga\u00facho Rafael Matos com o mineiro Marcelo Melo foi superada na primeira rodada pela dupla do franc\u00eas Manuel Guinard com Romain Ameodo (Principado de M\u00f4naco), por 2 sets a 0 (6\/3 e 6\/4). Ao lado do chileno Nicolar Jarry, o ga\u00facho Marcelo Demoliner chegou a ganhar o primeiro set na estreia, mas depois cedeu ao empate. \u00a0No \u00faltimo set, Demoliner e Jarry travaram um embate equilibrado, mas acabaram superados por 2 sets a 1, com parciais de 6\/3, 3\/6 e 7\/6 (10-6).<\/p>\n<div class=\"dnd-widget-wrapper context-cheio_8colunas type-image\">\n<div class=\"dnd-atom-rendered\"><!-- scald=414414:cheio_8colunas --><\/p>\n<p>    <!-- END scald=414414 --><\/div>\n<div class=\"dnd-caption-wrapper\">\n<p>O carioca Jo\u00e3o Fonseca, de 18 anos, encara nesta quinta-feira (29), a\u00e0s 11h,\u00a0o anfitri\u00e3o Pierre-Hugues Hebert, de 34 anos, pela segunda rodada da chave principal de Roland Garros\u00a0&#8211; <strong>Reuters\/Matias Baglietto\/Direitos Reservados<\/strong><!--END copyright=414414--><\/p>\n<\/div>\n<\/div>\n<h2>Quinta (29) tem Jo\u00e3o Fonseca na segunda rodada de simples<\/h2>\n<p>Ap\u00f3s uma <strong>estreia arrasadora contra o polon\u00eas\u00a0Hubert Hurkacz<\/strong>, o carioca Jo\u00e3o Fonseca, n\u00famero 65 do mundo, encara o dono da casa\u00a0Pierre-Hugues Hebert (147\u00ba). Se voltar a vencer, o brasileiro de 18 anos pode voltar a enfrentar o brit\u00e2nico Jack Draper (5\u00ba), que o eliminou na segunda rodada do Masters 1000 de Indian Wells em mar\u00e7o. Pelo chaveamento da competi\u00e7\u00e3o at\u00e9 a decis\u00e3o do t\u00edtulos,\u00a0os demais advers\u00e1rios podem ser o italiano\u00a0Jannik Sinner\u00a0(n\u00famero 1 do mundo) nas quartas de final;\u00a0o alem\u00e3o\u00a0Alexander Zverev\u00a0(3\u00ba) ou o s\u00e9rvio Novak Djokovic\u00a0(6\u00ba) na semifinal; e o espanhol\u00a0Carlos Alcaraz\u00a0(2\u00ba) na final.<\/p>\n<p>      <!-- Relacionada --><\/p>\n<p>            <!-- Relacionada -->\n    <\/div>\n<p><script async src=\"\/\/platform.twitter.com\/widgets.js\" charset=\"utf-8\"><\/script><\/p>\n","protected":false},"excerpt":{"rendered":"<p>A quarta-feira (28) come\u00e7ou bem para os brasileiros no torneio de duplas de Roland Garros, em Paris (Fran\u00e7a). Estrearam com vit\u00f3ria e avan\u00e7aram \u00e0 segunda rodada as parcerias de Beatriz Haddad Maia com a alem\u00e3 Laura Siegemund e de Luisa Stefani com a h\u00fangara Timea Babos, al\u00e9m da dupla de Orlando Luz com o croata &hellip;<\/p>\n","protected":false},"author":1,"featured_media":0,"comment_status":"open","ping_status":"open","sticky":false,"template":"","format":"standard","meta":{"_jetpack_memberships_contains_paid_content":false,"footnotes":""},"categories":[3,4587,4],"tags":[],"class_list":["post-444140","post","type-post","status-publish","format-standard","hentry","category-esportes1","category-esportes","category-servicos"],"yoast_head":"<!-- This site is optimized with the Yoast SEO plugin v27.4 - https:\/\/yoast.com\/product\/yoast-seo-wordpress\/ -->\n<title>Duplas de Stefani, Bia Haddad e Orlando Luz avan\u00e7am em Roland Garros<\/title>\n<meta name=\"robots\" content=\"index, follow, max-snippet:-1, max-image-preview:large, max-video-preview:-1\" \/>\n<link rel=\"canonical\" href=\"https:\/\/mrnews.com.br\/index.php\/2025\/05\/29\/duplas-de-stefani-bia-haddad-e-orlando-luz-avancam-em-roland-garros-3\/\" \/>\n<meta property=\"og:locale\" content=\"pt_BR\" \/>\n<meta property=\"og:type\" content=\"article\" \/>\n<meta property=\"og:title\" content=\"Duplas de Stefani, Bia Haddad e Orlando Luz avan\u00e7am em Roland Garros\" \/>\n<meta property=\"og:description\" content=\"A quarta-feira (28) come\u00e7ou bem para os brasileiros no torneio de duplas de Roland Garros, em Paris (Fran\u00e7a). Estrearam com vit\u00f3ria e avan\u00e7aram \u00e0 segunda rodada as parcerias de Beatriz Haddad Maia com a alem\u00e3 Laura Siegemund e de Luisa Stefani com a h\u00fangara Timea Babos, al\u00e9m da dupla de Orlando Luz com o croata &hellip;\" \/>\n<meta property=\"og:url\" content=\"https:\/\/mrnews.com.br\/index.php\/2025\/05\/29\/duplas-de-stefani-bia-haddad-e-orlando-luz-avancam-em-roland-garros-3\/\" \/>\n<meta property=\"og:site_name\" content=\"MRNews\" \/>\n<meta property=\"article:publisher\" content=\"https:\/\/www.facebook.com\/eaipahpah\/?locale2=pt_BR\" \/>\n<meta property=\"article:published_time\" content=\"2025-05-29T11:08:46+00:00\" \/>\n<meta name=\"author\" content=\"MR News\" \/>\n<meta name=\"twitter:card\" content=\"summary_large_image\" \/>\n<meta name=\"twitter:creator\" content=\"@conspirou\" \/>\n<meta name=\"twitter:site\" content=\"@conspirou\" \/>\n<meta name=\"twitter:label1\" content=\"Escrito por\" \/>\n\t<meta name=\"twitter:data1\" content=\"MR News\" \/>\n\t<meta name=\"twitter:label2\" content=\"Est. tempo de leitura\" \/>\n\t<meta name=\"twitter:data2\" content=\"3 minutos\" \/>\n<script type=\"application\/ld+json\" class=\"yoast-schema-graph\">{\"@context\":\"https:\\\/\\\/schema.org\",\"@graph\":[{\"@type\":\"Article\",\"@id\":\"https:\\\/\\\/mrnews.com.br\\\/index.php\\\/2025\\\/05\\\/29\\\/duplas-de-stefani-bia-haddad-e-orlando-luz-avancam-em-roland-garros-3\\\/#article\",\"isPartOf\":{\"@id\":\"https:\\\/\\\/mrnews.com.br\\\/index.php\\\/2025\\\/05\\\/29\\\/duplas-de-stefani-bia-haddad-e-orlando-luz-avancam-em-roland-garros-3\\\/\"},\"author\":{\"name\":\"MR News\",\"@id\":\"https:\\\/\\\/mrnews.com.br\\\/#\\\/schema\\\/person\\\/be3203154562a9f207407861cef7827b\"},\"headline\":\"Duplas de Stefani, Bia Haddad e Orlando Luz avan\u00e7am em Roland Garros\",\"datePublished\":\"2025-05-29T11:08:46+00:00\",\"mainEntityOfPage\":{\"@id\":\"https:\\\/\\\/mrnews.com.br\\\/index.php\\\/2025\\\/05\\\/29\\\/duplas-de-stefani-bia-haddad-e-orlando-luz-avancam-em-roland-garros-3\\\/\"},\"wordCount\":675,\"commentCount\":0,\"publisher\":{\"@id\":\"https:\\\/\\\/mrnews.com.br\\\/#organization\"},\"articleSection\":[\"ESPORTES\",\"Esportes\",\"SERVI\u00c7OS\"],\"inLanguage\":\"pt-BR\",\"potentialAction\":[{\"@type\":\"CommentAction\",\"name\":\"Comment\",\"target\":[\"https:\\\/\\\/mrnews.com.br\\\/index.php\\\/2025\\\/05\\\/29\\\/duplas-de-stefani-bia-haddad-e-orlando-luz-avancam-em-roland-garros-3\\\/#respond\"]}]},{\"@type\":\"WebPage\",\"@id\":\"https:\\\/\\\/mrnews.com.br\\\/index.php\\\/2025\\\/05\\\/29\\\/duplas-de-stefani-bia-haddad-e-orlando-luz-avancam-em-roland-garros-3\\\/\",\"url\":\"https:\\\/\\\/mrnews.com.br\\\/index.php\\\/2025\\\/05\\\/29\\\/duplas-de-stefani-bia-haddad-e-orlando-luz-avancam-em-roland-garros-3\\\/\",\"name\":\"Duplas de Stefani, Bia Haddad e Orlando Luz avan\u00e7am em Roland Garros\",\"isPartOf\":{\"@id\":\"https:\\\/\\\/mrnews.com.br\\\/#website\"},\"datePublished\":\"2025-05-29T11:08:46+00:00\",\"breadcrumb\":{\"@id\":\"https:\\\/\\\/mrnews.com.br\\\/index.php\\\/2025\\\/05\\\/29\\\/duplas-de-stefani-bia-haddad-e-orlando-luz-avancam-em-roland-garros-3\\\/#breadcrumb\"},\"inLanguage\":\"pt-BR\",\"potentialAction\":[{\"@type\":\"ReadAction\",\"target\":[\"https:\\\/\\\/mrnews.com.br\\\/index.php\\\/2025\\\/05\\\/29\\\/duplas-de-stefani-bia-haddad-e-orlando-luz-avancam-em-roland-garros-3\\\/\"]}]},{\"@type\":\"BreadcrumbList\",\"@id\":\"https:\\\/\\\/mrnews.com.br\\\/index.php\\\/2025\\\/05\\\/29\\\/duplas-de-stefani-bia-haddad-e-orlando-luz-avancam-em-roland-garros-3\\\/#breadcrumb\",\"itemListElement\":[{\"@type\":\"ListItem\",\"position\":1,\"name\":\"In\u00edcio\",\"item\":\"https:\\\/\\\/mrnews.com.br\\\/\"},{\"@type\":\"ListItem\",\"position\":2,\"name\":\"Duplas de Stefani, Bia Haddad e Orlando Luz avan\u00e7am em Roland Garros\"}]},{\"@type\":\"WebSite\",\"@id\":\"https:\\\/\\\/mrnews.com.br\\\/#website\",\"url\":\"https:\\\/\\\/mrnews.com.br\\\/\",\"name\":\"MRNews\",\"description\":\"MRNews Jogos de hoje da TV, transmiss\u00f5es ao vivo, Not\u00edcias de futebol, Jogos ao vivo, Lives, resumo de novelas, Programa\u00e7\u00e3o da Globo, A Fazenda e BBB\",\"publisher\":{\"@id\":\"https:\\\/\\\/mrnews.com.br\\\/#organization\"},\"potentialAction\":[{\"@type\":\"SearchAction\",\"target\":{\"@type\":\"EntryPoint\",\"urlTemplate\":\"https:\\\/\\\/mrnews.com.br\\\/?s={search_term_string}\"},\"query-input\":{\"@type\":\"PropertyValueSpecification\",\"valueRequired\":true,\"valueName\":\"search_term_string\"}}],\"inLanguage\":\"pt-BR\"},{\"@type\":\"Organization\",\"@id\":\"https:\\\/\\\/mrnews.com.br\\\/#organization\",\"name\":\"MRNews\",\"url\":\"https:\\\/\\\/mrnews.com.br\\\/\",\"logo\":{\"@type\":\"ImageObject\",\"inLanguage\":\"pt-BR\",\"@id\":\"https:\\\/\\\/mrnews.com.br\\\/#\\\/schema\\\/logo\\\/image\\\/\",\"url\":\"https:\\\/\\\/mrnews.com.br\\\/wp-content\\\/uploads\\\/2019\\\/06\\\/MRNewslogo2.png\",\"contentUrl\":\"https:\\\/\\\/mrnews.com.br\\\/wp-content\\\/uploads\\\/2019\\\/06\\\/MRNewslogo2.png\",\"width\":223,\"height\":58,\"caption\":\"MRNews\"},\"image\":{\"@id\":\"https:\\\/\\\/mrnews.com.br\\\/#\\\/schema\\\/logo\\\/image\\\/\"},\"sameAs\":[\"https:\\\/\\\/www.facebook.com\\\/eaipahpah\\\/?locale2=pt_BR\",\"https:\\\/\\\/x.com\\\/conspirou\",\"https:\\\/\\\/www.instagram.com\\\/eai_pahpah\",\"https:\\\/\\\/br.pinterest.com\\\/mrnewsn\\\/boards\\\/\",\"https:\\\/\\\/www.youtube.com\\\/channel\\\/UCacgnpznQ61fifLWr1tQ-vA?view_as=subscriber\"]},{\"@type\":\"Person\",\"@id\":\"https:\\\/\\\/mrnews.com.br\\\/#\\\/schema\\\/person\\\/be3203154562a9f207407861cef7827b\",\"name\":\"MR News\",\"image\":{\"@type\":\"ImageObject\",\"inLanguage\":\"pt-BR\",\"@id\":\"https:\\\/\\\/secure.gravatar.com\\\/avatar\\\/04084e6d73c042b8646e7c17b494073bf0ede3ea13c7105cfc45cbbbc28385a4?s=96&d=monsterid&r=g\",\"url\":\"https:\\\/\\\/secure.gravatar.com\\\/avatar\\\/04084e6d73c042b8646e7c17b494073bf0ede3ea13c7105cfc45cbbbc28385a4?s=96&d=monsterid&r=g\",\"contentUrl\":\"https:\\\/\\\/secure.gravatar.com\\\/avatar\\\/04084e6d73c042b8646e7c17b494073bf0ede3ea13c7105cfc45cbbbc28385a4?s=96&d=monsterid&r=g\",\"caption\":\"MR News\"},\"description\":\"Especializado em jornalismo colaborativo pela FTP em n\u00edvel de p\u00f3s-gradua\u00e7\u00e3o. suporte@oimeliga.combr\",\"sameAs\":[\"HUGO R.\",\"Admin\"],\"url\":\"https:\\\/\\\/mrnews.com.br\\\/index.php\\\/author\\\/admin\\\/\"}]}<\/script>\n<!-- \/ Yoast SEO plugin. -->","yoast_head_json":{"title":"Duplas de Stefani, Bia Haddad e Orlando Luz avan\u00e7am em Roland Garros","robots":{"index":"index","follow":"follow","max-snippet":"max-snippet:-1","max-image-preview":"max-image-preview:large","max-video-preview":"max-video-preview:-1"},"canonical":"https:\/\/mrnews.com.br\/index.php\/2025\/05\/29\/duplas-de-stefani-bia-haddad-e-orlando-luz-avancam-em-roland-garros-3\/","og_locale":"pt_BR","og_type":"article","og_title":"Duplas de Stefani, Bia Haddad e Orlando Luz avan\u00e7am em Roland Garros","og_description":"A quarta-feira (28) come\u00e7ou bem para os brasileiros no torneio de duplas de Roland Garros, em Paris (Fran\u00e7a). Estrearam com vit\u00f3ria e avan\u00e7aram \u00e0 segunda rodada as parcerias de Beatriz Haddad Maia com a alem\u00e3 Laura Siegemund e de Luisa Stefani com a h\u00fangara Timea Babos, al\u00e9m da dupla de Orlando Luz com o croata &hellip;","og_url":"https:\/\/mrnews.com.br\/index.php\/2025\/05\/29\/duplas-de-stefani-bia-haddad-e-orlando-luz-avancam-em-roland-garros-3\/","og_site_name":"MRNews","article_publisher":"https:\/\/www.facebook.com\/eaipahpah\/?locale2=pt_BR","article_published_time":"2025-05-29T11:08:46+00:00","author":"MR News","twitter_card":"summary_large_image","twitter_creator":"@conspirou","twitter_site":"@conspirou","twitter_misc":{"Escrito por":"MR News","Est. tempo de leitura":"3 minutos"},"schema":{"@context":"https:\/\/schema.org","@graph":[{"@type":"Article","@id":"https:\/\/mrnews.com.br\/index.php\/2025\/05\/29\/duplas-de-stefani-bia-haddad-e-orlando-luz-avancam-em-roland-garros-3\/#article","isPartOf":{"@id":"https:\/\/mrnews.com.br\/index.php\/2025\/05\/29\/duplas-de-stefani-bia-haddad-e-orlando-luz-avancam-em-roland-garros-3\/"},"author":{"name":"MR News","@id":"https:\/\/mrnews.com.br\/#\/schema\/person\/be3203154562a9f207407861cef7827b"},"headline":"Duplas de Stefani, Bia Haddad e Orlando Luz avan\u00e7am em Roland Garros","datePublished":"2025-05-29T11:08:46+00:00","mainEntityOfPage":{"@id":"https:\/\/mrnews.com.br\/index.php\/2025\/05\/29\/duplas-de-stefani-bia-haddad-e-orlando-luz-avancam-em-roland-garros-3\/"},"wordCount":675,"commentCount":0,"publisher":{"@id":"https:\/\/mrnews.com.br\/#organization"},"articleSection":["ESPORTES","Esportes","SERVI\u00c7OS"],"inLanguage":"pt-BR","potentialAction":[{"@type":"CommentAction","name":"Comment","target":["https:\/\/mrnews.com.br\/index.php\/2025\/05\/29\/duplas-de-stefani-bia-haddad-e-orlando-luz-avancam-em-roland-garros-3\/#respond"]}]},{"@type":"WebPage","@id":"https:\/\/mrnews.com.br\/index.php\/2025\/05\/29\/duplas-de-stefani-bia-haddad-e-orlando-luz-avancam-em-roland-garros-3\/","url":"https:\/\/mrnews.com.br\/index.php\/2025\/05\/29\/duplas-de-stefani-bia-haddad-e-orlando-luz-avancam-em-roland-garros-3\/","name":"Duplas de Stefani, Bia Haddad e Orlando Luz avan\u00e7am em Roland Garros","isPartOf":{"@id":"https:\/\/mrnews.com.br\/#website"},"datePublished":"2025-05-29T11:08:46+00:00","breadcrumb":{"@id":"https:\/\/mrnews.com.br\/index.php\/2025\/05\/29\/duplas-de-stefani-bia-haddad-e-orlando-luz-avancam-em-roland-garros-3\/#breadcrumb"},"inLanguage":"pt-BR","potentialAction":[{"@type":"ReadAction","target":["https:\/\/mrnews.com.br\/index.php\/2025\/05\/29\/duplas-de-stefani-bia-haddad-e-orlando-luz-avancam-em-roland-garros-3\/"]}]},{"@type":"BreadcrumbList","@id":"https:\/\/mrnews.com.br\/index.php\/2025\/05\/29\/duplas-de-stefani-bia-haddad-e-orlando-luz-avancam-em-roland-garros-3\/#breadcrumb","itemListElement":[{"@type":"ListItem","position":1,"name":"In\u00edcio","item":"https:\/\/mrnews.com.br\/"},{"@type":"ListItem","position":2,"name":"Duplas de Stefani, Bia Haddad e Orlando Luz avan\u00e7am em Roland Garros"}]},{"@type":"WebSite","@id":"https:\/\/mrnews.com.br\/#website","url":"https:\/\/mrnews.com.br\/","name":"MRNews","description":"MRNews Jogos de hoje da TV, transmiss\u00f5es ao vivo, Not\u00edcias de futebol, Jogos ao vivo, Lives, resumo de novelas, Programa\u00e7\u00e3o da Globo, A Fazenda e BBB","publisher":{"@id":"https:\/\/mrnews.com.br\/#organization"},"potentialAction":[{"@type":"SearchAction","target":{"@type":"EntryPoint","urlTemplate":"https:\/\/mrnews.com.br\/?s={search_term_string}"},"query-input":{"@type":"PropertyValueSpecification","valueRequired":true,"valueName":"search_term_string"}}],"inLanguage":"pt-BR"},{"@type":"Organization","@id":"https:\/\/mrnews.com.br\/#organization","name":"MRNews","url":"https:\/\/mrnews.com.br\/","logo":{"@type":"ImageObject","inLanguage":"pt-BR","@id":"https:\/\/mrnews.com.br\/#\/schema\/logo\/image\/","url":"https:\/\/mrnews.com.br\/wp-content\/uploads\/2019\/06\/MRNewslogo2.png","contentUrl":"https:\/\/mrnews.com.br\/wp-content\/uploads\/2019\/06\/MRNewslogo2.png","width":223,"height":58,"caption":"MRNews"},"image":{"@id":"https:\/\/mrnews.com.br\/#\/schema\/logo\/image\/"},"sameAs":["https:\/\/www.facebook.com\/eaipahpah\/?locale2=pt_BR","https:\/\/x.com\/conspirou","https:\/\/www.instagram.com\/eai_pahpah","https:\/\/br.pinterest.com\/mrnewsn\/boards\/","https:\/\/www.youtube.com\/channel\/UCacgnpznQ61fifLWr1tQ-vA?view_as=subscriber"]},{"@type":"Person","@id":"https:\/\/mrnews.com.br\/#\/schema\/person\/be3203154562a9f207407861cef7827b","name":"MR News","image":{"@type":"ImageObject","inLanguage":"pt-BR","@id":"https:\/\/secure.gravatar.com\/avatar\/04084e6d73c042b8646e7c17b494073bf0ede3ea13c7105cfc45cbbbc28385a4?s=96&d=monsterid&r=g","url":"https:\/\/secure.gravatar.com\/avatar\/04084e6d73c042b8646e7c17b494073bf0ede3ea13c7105cfc45cbbbc28385a4?s=96&d=monsterid&r=g","contentUrl":"https:\/\/secure.gravatar.com\/avatar\/04084e6d73c042b8646e7c17b494073bf0ede3ea13c7105cfc45cbbbc28385a4?s=96&d=monsterid&r=g","caption":"MR News"},"description":"Especializado em jornalismo colaborativo pela FTP em n\u00edvel de p\u00f3s-gradua\u00e7\u00e3o. suporte@oimeliga.combr","sameAs":["HUGO R.","Admin"],"url":"https:\/\/mrnews.com.br\/index.php\/author\/admin\/"}]}},"jetpack_featured_media_url":"","jetpack_sharing_enabled":true,"jetpack_shortlink":"https:\/\/wp.me\/pa2Qf7-1Rxy","amp_enabled":true,"_links":{"self":[{"href":"https:\/\/mrnews.com.br\/index.php\/wp-json\/wp\/v2\/posts\/444140","targetHints":{"allow":["GET"]}}],"collection":[{"href":"https:\/\/mrnews.com.br\/index.php\/wp-json\/wp\/v2\/posts"}],"about":[{"href":"https:\/\/mrnews.com.br\/index.php\/wp-json\/wp\/v2\/types\/post"}],"author":[{"embeddable":true,"href":"https:\/\/mrnews.com.br\/index.php\/wp-json\/wp\/v2\/users\/1"}],"replies":[{"embeddable":true,"href":"https:\/\/mrnews.com.br\/index.php\/wp-json\/wp\/v2\/comments?post=444140"}],"version-history":[{"count":0,"href":"https:\/\/mrnews.com.br\/index.php\/wp-json\/wp\/v2\/posts\/444140\/revisions"}],"wp:attachment":[{"href":"https:\/\/mrnews.com.br\/index.php\/wp-json\/wp\/v2\/media?parent=444140"}],"wp:term":[{"taxonomy":"category","embeddable":true,"href":"https:\/\/mrnews.com.br\/index.php\/wp-json\/wp\/v2\/categories?post=444140"},{"taxonomy":"post_tag","embeddable":true,"href":"https:\/\/mrnews.com.br\/index.php\/wp-json\/wp\/v2\/tags?post=444140"}],"curies":[{"name":"wp","href":"https:\/\/api.w.org\/{rel}","templated":true}]}}