{"id":444429,"date":"2025-06-04T10:22:21","date_gmt":"2025-06-04T13:22:21","guid":{"rendered":"https:\/\/mrnews.com.br\/index.php\/2025\/06\/04\/percepcoes-sobre-clima-se-concentram-em-impactos-do-cotidiano\/"},"modified":"2025-06-04T10:22:21","modified_gmt":"2025-06-04T13:22:21","slug":"percepcoes-sobre-clima-se-concentram-em-impactos-do-cotidiano","status":"publish","type":"post","link":"https:\/\/mrnews.com.br\/index.php\/2025\/06\/04\/percepcoes-sobre-clima-se-concentram-em-impactos-do-cotidiano\/","title":{"rendered":"Percep\u00e7\u00f5es sobre clima se concentram em impactos do cotidiano"},"content":{"rendered":"<p>Por EBC, <\/p>\n<div>\n<p>Uma pesquisa feita com internautas brasileiros de dez capitais investigou a forma como eles percebem as mudan\u00e7as clim\u00e1ticas. Os impactos mais urgentes, como calor excessivo e polui\u00e7\u00e3o do ar, foram os mais citados pelos entrevistados\u00a0<\/p>\n<p><strong>A partir do question\u00e1rio, conduzido pelo Instituto Cidades Sustent\u00e1veis e respondido por 3.500 pessoas, observou-se\u00a0que os principais problemas apresentados variam de acordo com a cidade dos que responderam<\/strong>. Dessa forma 71% dos paulistanos consideram a polui\u00e7\u00e3o do ar como o problema ambiental mais grave, enquanto 60% dos moradores de Porto Alegre e 45% dos de Belo Horizonte elegeram as enchentes como maior problema.\u00a0<\/p>\n<p><strong>A polui\u00e7\u00e3o sonora foi destaque para 44% dos soteropolitanos (nascidos em Salvador), enquanto os cariocas se dividiram entre a polui\u00e7\u00e3o do ar (41%) e quest\u00f5es relacionadas ao abastecimento de \u00e1gua (30%)<\/strong>. Em Manaus 54% citaram a polui\u00e7\u00e3o do ar, outros 34% as queimadas e 26%\u00a0o desmatamento. Em Bel\u00e9m, a coleta de esgoto (40%) e de lixo (28%) foi\u00a0o\u00a0problema\u00a0mais urgente.<\/p>\n<p>Em Recife, a polui\u00e7\u00e3o das \u00e1guas alerta 43% dos que responderam, assim como a coleta e o tratamento de esgoto s\u00e3o prioridade para 29%. \u00daltima capital citada, Goi\u00e2nia elegeu como maiores problemas a falta de coleta seletiva (39%), a polui\u00e7\u00e3o sonora (31%) e as queimadas (28%). No somat\u00f3rio das respostas, 52% elegeram como maior problema a polui\u00e7\u00e3o do ar, 34% a polui\u00e7\u00e3o sonora e 32% as enchentes e alagamentos.<\/p>\n<p><strong>Em rela\u00e7\u00e3o aos principais impactos sentidos, as respostas variaram menos &#8211;\u00a049% de todos os que responderam consideraram que o calor excessivo \u00e9 o principal impacto, seguidos por 17% que consideram a polui\u00e7\u00e3o do ar, 11% que citam o pre\u00e7o dos alimentos e 10% que citam as enchentes.<\/strong> Os outros impactos, como seca, falta de \u00e1gua, deslizamentos de terra e aumento do n\u00edvel do mar somam 8%, e 4% n\u00e3o souberam responder. Com exce\u00e7\u00e3o de Porto Alegre, em que o impacto mais citado foi\u00a0o das enchentes, com 36% das men\u00e7\u00f5es, em todas as capitais o calor foi apontado como fator mais presente.<\/p>\n<p>A pesquisa tamb\u00e9m quis saber\u00a0como as pessoas veem o papel dos governantes das cidades no combate a\u00a0essas mudan\u00e7as. Em todas as cidades ela foi elevada, com os entrevistados\u00a0afirmando\u00a0que os munic\u00edpios podem contribuir, sendo os moradores e Porto Alegre os mais c\u00e9ticos: l\u00e1, 13% acreditam que o governo municipal n\u00e3o pode fazer nada.<\/p>\n<p><strong>Quanto ao que as cidades podem fazer, as medidas mais citadas foram controlar o desmatamento e a ocupa\u00e7\u00e3o de \u00e1reas de mananciais, reduzir o uso de combust\u00edveis f\u00f3sseis no transporte p\u00fablico, ampliar \u00e1reas de preserva\u00e7\u00e3o ambiental, promover a destina\u00e7\u00e3o adequada de res\u00edduos s\u00f3lidos, com medidas como reciclagem e compostagem, e fomentar a constru\u00e7\u00e3o com crit\u00e9rios sustent\u00e1veis.<\/strong><\/p>\n<p>O estudo tem alguns limites, que n\u00e3o s\u00e3o desconsiderados para se chegar aos resultados finais: se concentra em pessoas das classes C (55%) e A\/B (30%), com apenas 15% de respostas entre os mais pobres. N\u00e3o ouviu\u00a0crian\u00e7as e concentrou\u00a0as respostas em adolescentes e adultos jovens (entre 16 e 44 anos, 62% dos que responderam).<\/p>\n<p>      <!-- Relacionada --><\/p>\n<p>            <!-- Relacionada -->\n    <\/div>\n","protected":false},"excerpt":{"rendered":"<p>Por EBC, Uma pesquisa feita com internautas brasileiros de dez capitais investigou a forma como eles percebem as mudan\u00e7as clim\u00e1ticas. Os impactos mais urgentes, como calor excessivo e polui\u00e7\u00e3o do ar, foram os mais citados pelos entrevistados\u00a0 A partir do question\u00e1rio, conduzido pelo Instituto Cidades Sustent\u00e1veis e respondido por 3.500 pessoas, observou-se\u00a0que os principais problemas &hellip;<\/p>\n","protected":false},"author":1,"featured_media":0,"comment_status":"open","ping_status":"open","sticky":false,"template":"","format":"standard","meta":{"_jetpack_memberships_contains_paid_content":false,"footnotes":""},"categories":[2,12225,4],"tags":[],"class_list":["post-444429","post","type-post","status-publish","format-standard","hentry","category-entretenimento","category-noticias","category-servicos"],"yoast_head":"<!-- This site is optimized with the Yoast SEO plugin v27.4 - https:\/\/yoast.com\/product\/yoast-seo-wordpress\/ -->\n<title>Percep\u00e7\u00f5es sobre clima se concentram em impactos do cotidiano<\/title>\n<meta name=\"robots\" content=\"index, follow, max-snippet:-1, max-image-preview:large, max-video-preview:-1\" \/>\n<link rel=\"canonical\" href=\"https:\/\/mrnews.com.br\/index.php\/2025\/06\/04\/percepcoes-sobre-clima-se-concentram-em-impactos-do-cotidiano\/\" \/>\n<meta property=\"og:locale\" content=\"pt_BR\" \/>\n<meta property=\"og:type\" content=\"article\" \/>\n<meta property=\"og:title\" content=\"Percep\u00e7\u00f5es sobre clima se concentram em impactos do cotidiano\" \/>\n<meta property=\"og:description\" content=\"Por EBC, Uma pesquisa feita com internautas brasileiros de dez capitais investigou a forma como eles percebem as mudan\u00e7as clim\u00e1ticas. Os impactos mais urgentes, como calor excessivo e polui\u00e7\u00e3o do ar, foram os mais citados pelos entrevistados\u00a0 A partir do question\u00e1rio, conduzido pelo Instituto Cidades Sustent\u00e1veis e respondido por 3.500 pessoas, observou-se\u00a0que os principais problemas &hellip;\" \/>\n<meta property=\"og:url\" content=\"https:\/\/mrnews.com.br\/index.php\/2025\/06\/04\/percepcoes-sobre-clima-se-concentram-em-impactos-do-cotidiano\/\" \/>\n<meta property=\"og:site_name\" content=\"MRNews\" \/>\n<meta property=\"article:publisher\" content=\"https:\/\/www.facebook.com\/eaipahpah\/?locale2=pt_BR\" \/>\n<meta property=\"article:published_time\" content=\"2025-06-04T13:22:21+00:00\" \/>\n<meta name=\"author\" content=\"MR News\" \/>\n<meta name=\"twitter:card\" content=\"summary_large_image\" \/>\n<meta name=\"twitter:creator\" content=\"@conspirou\" \/>\n<meta name=\"twitter:site\" content=\"@conspirou\" \/>\n<meta name=\"twitter:label1\" content=\"Escrito por\" \/>\n\t<meta name=\"twitter:data1\" content=\"MR News\" \/>\n\t<meta name=\"twitter:label2\" content=\"Est. tempo de leitura\" \/>\n\t<meta name=\"twitter:data2\" content=\"3 minutos\" \/>\n<script type=\"application\/ld+json\" class=\"yoast-schema-graph\">{\"@context\":\"https:\\\/\\\/schema.org\",\"@graph\":[{\"@type\":\"Article\",\"@id\":\"https:\\\/\\\/mrnews.com.br\\\/index.php\\\/2025\\\/06\\\/04\\\/percepcoes-sobre-clima-se-concentram-em-impactos-do-cotidiano\\\/#article\",\"isPartOf\":{\"@id\":\"https:\\\/\\\/mrnews.com.br\\\/index.php\\\/2025\\\/06\\\/04\\\/percepcoes-sobre-clima-se-concentram-em-impactos-do-cotidiano\\\/\"},\"author\":{\"name\":\"MR News\",\"@id\":\"https:\\\/\\\/mrnews.com.br\\\/#\\\/schema\\\/person\\\/be3203154562a9f207407861cef7827b\"},\"headline\":\"Percep\u00e7\u00f5es sobre clima se concentram em impactos do cotidiano\",\"datePublished\":\"2025-06-04T13:22:21+00:00\",\"mainEntityOfPage\":{\"@id\":\"https:\\\/\\\/mrnews.com.br\\\/index.php\\\/2025\\\/06\\\/04\\\/percepcoes-sobre-clima-se-concentram-em-impactos-do-cotidiano\\\/\"},\"wordCount\":525,\"commentCount\":0,\"publisher\":{\"@id\":\"https:\\\/\\\/mrnews.com.br\\\/#organization\"},\"articleSection\":[\"ENTRETENIMENTO\",\"NOTICIAS\",\"SERVI\u00c7OS\"],\"inLanguage\":\"pt-BR\",\"potentialAction\":[{\"@type\":\"CommentAction\",\"name\":\"Comment\",\"target\":[\"https:\\\/\\\/mrnews.com.br\\\/index.php\\\/2025\\\/06\\\/04\\\/percepcoes-sobre-clima-se-concentram-em-impactos-do-cotidiano\\\/#respond\"]}]},{\"@type\":\"WebPage\",\"@id\":\"https:\\\/\\\/mrnews.com.br\\\/index.php\\\/2025\\\/06\\\/04\\\/percepcoes-sobre-clima-se-concentram-em-impactos-do-cotidiano\\\/\",\"url\":\"https:\\\/\\\/mrnews.com.br\\\/index.php\\\/2025\\\/06\\\/04\\\/percepcoes-sobre-clima-se-concentram-em-impactos-do-cotidiano\\\/\",\"name\":\"Percep\u00e7\u00f5es sobre clima se concentram em impactos do cotidiano\",\"isPartOf\":{\"@id\":\"https:\\\/\\\/mrnews.com.br\\\/#website\"},\"datePublished\":\"2025-06-04T13:22:21+00:00\",\"breadcrumb\":{\"@id\":\"https:\\\/\\\/mrnews.com.br\\\/index.php\\\/2025\\\/06\\\/04\\\/percepcoes-sobre-clima-se-concentram-em-impactos-do-cotidiano\\\/#breadcrumb\"},\"inLanguage\":\"pt-BR\",\"potentialAction\":[{\"@type\":\"ReadAction\",\"target\":[\"https:\\\/\\\/mrnews.com.br\\\/index.php\\\/2025\\\/06\\\/04\\\/percepcoes-sobre-clima-se-concentram-em-impactos-do-cotidiano\\\/\"]}]},{\"@type\":\"BreadcrumbList\",\"@id\":\"https:\\\/\\\/mrnews.com.br\\\/index.php\\\/2025\\\/06\\\/04\\\/percepcoes-sobre-clima-se-concentram-em-impactos-do-cotidiano\\\/#breadcrumb\",\"itemListElement\":[{\"@type\":\"ListItem\",\"position\":1,\"name\":\"In\u00edcio\",\"item\":\"https:\\\/\\\/mrnews.com.br\\\/\"},{\"@type\":\"ListItem\",\"position\":2,\"name\":\"Percep\u00e7\u00f5es sobre clima se concentram em impactos do cotidiano\"}]},{\"@type\":\"WebSite\",\"@id\":\"https:\\\/\\\/mrnews.com.br\\\/#website\",\"url\":\"https:\\\/\\\/mrnews.com.br\\\/\",\"name\":\"MRNews\",\"description\":\"MRNews Jogos de hoje da TV, transmiss\u00f5es ao vivo, Not\u00edcias de futebol, Jogos ao vivo, Lives, resumo de novelas, Programa\u00e7\u00e3o da Globo, A Fazenda e BBB\",\"publisher\":{\"@id\":\"https:\\\/\\\/mrnews.com.br\\\/#organization\"},\"potentialAction\":[{\"@type\":\"SearchAction\",\"target\":{\"@type\":\"EntryPoint\",\"urlTemplate\":\"https:\\\/\\\/mrnews.com.br\\\/?s={search_term_string}\"},\"query-input\":{\"@type\":\"PropertyValueSpecification\",\"valueRequired\":true,\"valueName\":\"search_term_string\"}}],\"inLanguage\":\"pt-BR\"},{\"@type\":\"Organization\",\"@id\":\"https:\\\/\\\/mrnews.com.br\\\/#organization\",\"name\":\"MRNews\",\"url\":\"https:\\\/\\\/mrnews.com.br\\\/\",\"logo\":{\"@type\":\"ImageObject\",\"inLanguage\":\"pt-BR\",\"@id\":\"https:\\\/\\\/mrnews.com.br\\\/#\\\/schema\\\/logo\\\/image\\\/\",\"url\":\"https:\\\/\\\/mrnews.com.br\\\/wp-content\\\/uploads\\\/2019\\\/06\\\/MRNewslogo2.png\",\"contentUrl\":\"https:\\\/\\\/mrnews.com.br\\\/wp-content\\\/uploads\\\/2019\\\/06\\\/MRNewslogo2.png\",\"width\":223,\"height\":58,\"caption\":\"MRNews\"},\"image\":{\"@id\":\"https:\\\/\\\/mrnews.com.br\\\/#\\\/schema\\\/logo\\\/image\\\/\"},\"sameAs\":[\"https:\\\/\\\/www.facebook.com\\\/eaipahpah\\\/?locale2=pt_BR\",\"https:\\\/\\\/x.com\\\/conspirou\",\"https:\\\/\\\/www.instagram.com\\\/eai_pahpah\",\"https:\\\/\\\/br.pinterest.com\\\/mrnewsn\\\/boards\\\/\",\"https:\\\/\\\/www.youtube.com\\\/channel\\\/UCacgnpznQ61fifLWr1tQ-vA?view_as=subscriber\"]},{\"@type\":\"Person\",\"@id\":\"https:\\\/\\\/mrnews.com.br\\\/#\\\/schema\\\/person\\\/be3203154562a9f207407861cef7827b\",\"name\":\"MR News\",\"image\":{\"@type\":\"ImageObject\",\"inLanguage\":\"pt-BR\",\"@id\":\"https:\\\/\\\/secure.gravatar.com\\\/avatar\\\/04084e6d73c042b8646e7c17b494073bf0ede3ea13c7105cfc45cbbbc28385a4?s=96&d=monsterid&r=g\",\"url\":\"https:\\\/\\\/secure.gravatar.com\\\/avatar\\\/04084e6d73c042b8646e7c17b494073bf0ede3ea13c7105cfc45cbbbc28385a4?s=96&d=monsterid&r=g\",\"contentUrl\":\"https:\\\/\\\/secure.gravatar.com\\\/avatar\\\/04084e6d73c042b8646e7c17b494073bf0ede3ea13c7105cfc45cbbbc28385a4?s=96&d=monsterid&r=g\",\"caption\":\"MR News\"},\"description\":\"Especializado em jornalismo colaborativo pela FTP em n\u00edvel de p\u00f3s-gradua\u00e7\u00e3o. suporte@oimeliga.combr\",\"sameAs\":[\"HUGO R.\",\"Admin\"],\"url\":\"https:\\\/\\\/mrnews.com.br\\\/index.php\\\/author\\\/admin\\\/\"}]}<\/script>\n<!-- \/ Yoast SEO plugin. -->","yoast_head_json":{"title":"Percep\u00e7\u00f5es sobre clima se concentram em impactos do cotidiano","robots":{"index":"index","follow":"follow","max-snippet":"max-snippet:-1","max-image-preview":"max-image-preview:large","max-video-preview":"max-video-preview:-1"},"canonical":"https:\/\/mrnews.com.br\/index.php\/2025\/06\/04\/percepcoes-sobre-clima-se-concentram-em-impactos-do-cotidiano\/","og_locale":"pt_BR","og_type":"article","og_title":"Percep\u00e7\u00f5es sobre clima se concentram em impactos do cotidiano","og_description":"Por EBC, Uma pesquisa feita com internautas brasileiros de dez capitais investigou a forma como eles percebem as mudan\u00e7as clim\u00e1ticas. Os impactos mais urgentes, como calor excessivo e polui\u00e7\u00e3o do ar, foram os mais citados pelos entrevistados\u00a0 A partir do question\u00e1rio, conduzido pelo Instituto Cidades Sustent\u00e1veis e respondido por 3.500 pessoas, observou-se\u00a0que os principais problemas &hellip;","og_url":"https:\/\/mrnews.com.br\/index.php\/2025\/06\/04\/percepcoes-sobre-clima-se-concentram-em-impactos-do-cotidiano\/","og_site_name":"MRNews","article_publisher":"https:\/\/www.facebook.com\/eaipahpah\/?locale2=pt_BR","article_published_time":"2025-06-04T13:22:21+00:00","author":"MR News","twitter_card":"summary_large_image","twitter_creator":"@conspirou","twitter_site":"@conspirou","twitter_misc":{"Escrito por":"MR News","Est. tempo de leitura":"3 minutos"},"schema":{"@context":"https:\/\/schema.org","@graph":[{"@type":"Article","@id":"https:\/\/mrnews.com.br\/index.php\/2025\/06\/04\/percepcoes-sobre-clima-se-concentram-em-impactos-do-cotidiano\/#article","isPartOf":{"@id":"https:\/\/mrnews.com.br\/index.php\/2025\/06\/04\/percepcoes-sobre-clima-se-concentram-em-impactos-do-cotidiano\/"},"author":{"name":"MR News","@id":"https:\/\/mrnews.com.br\/#\/schema\/person\/be3203154562a9f207407861cef7827b"},"headline":"Percep\u00e7\u00f5es sobre clima se concentram em impactos do cotidiano","datePublished":"2025-06-04T13:22:21+00:00","mainEntityOfPage":{"@id":"https:\/\/mrnews.com.br\/index.php\/2025\/06\/04\/percepcoes-sobre-clima-se-concentram-em-impactos-do-cotidiano\/"},"wordCount":525,"commentCount":0,"publisher":{"@id":"https:\/\/mrnews.com.br\/#organization"},"articleSection":["ENTRETENIMENTO","NOTICIAS","SERVI\u00c7OS"],"inLanguage":"pt-BR","potentialAction":[{"@type":"CommentAction","name":"Comment","target":["https:\/\/mrnews.com.br\/index.php\/2025\/06\/04\/percepcoes-sobre-clima-se-concentram-em-impactos-do-cotidiano\/#respond"]}]},{"@type":"WebPage","@id":"https:\/\/mrnews.com.br\/index.php\/2025\/06\/04\/percepcoes-sobre-clima-se-concentram-em-impactos-do-cotidiano\/","url":"https:\/\/mrnews.com.br\/index.php\/2025\/06\/04\/percepcoes-sobre-clima-se-concentram-em-impactos-do-cotidiano\/","name":"Percep\u00e7\u00f5es sobre clima se concentram em impactos do cotidiano","isPartOf":{"@id":"https:\/\/mrnews.com.br\/#website"},"datePublished":"2025-06-04T13:22:21+00:00","breadcrumb":{"@id":"https:\/\/mrnews.com.br\/index.php\/2025\/06\/04\/percepcoes-sobre-clima-se-concentram-em-impactos-do-cotidiano\/#breadcrumb"},"inLanguage":"pt-BR","potentialAction":[{"@type":"ReadAction","target":["https:\/\/mrnews.com.br\/index.php\/2025\/06\/04\/percepcoes-sobre-clima-se-concentram-em-impactos-do-cotidiano\/"]}]},{"@type":"BreadcrumbList","@id":"https:\/\/mrnews.com.br\/index.php\/2025\/06\/04\/percepcoes-sobre-clima-se-concentram-em-impactos-do-cotidiano\/#breadcrumb","itemListElement":[{"@type":"ListItem","position":1,"name":"In\u00edcio","item":"https:\/\/mrnews.com.br\/"},{"@type":"ListItem","position":2,"name":"Percep\u00e7\u00f5es sobre clima se concentram em impactos do cotidiano"}]},{"@type":"WebSite","@id":"https:\/\/mrnews.com.br\/#website","url":"https:\/\/mrnews.com.br\/","name":"MRNews","description":"MRNews Jogos de hoje da TV, transmiss\u00f5es ao vivo, Not\u00edcias de futebol, Jogos ao vivo, Lives, resumo de novelas, Programa\u00e7\u00e3o da Globo, A Fazenda e BBB","publisher":{"@id":"https:\/\/mrnews.com.br\/#organization"},"potentialAction":[{"@type":"SearchAction","target":{"@type":"EntryPoint","urlTemplate":"https:\/\/mrnews.com.br\/?s={search_term_string}"},"query-input":{"@type":"PropertyValueSpecification","valueRequired":true,"valueName":"search_term_string"}}],"inLanguage":"pt-BR"},{"@type":"Organization","@id":"https:\/\/mrnews.com.br\/#organization","name":"MRNews","url":"https:\/\/mrnews.com.br\/","logo":{"@type":"ImageObject","inLanguage":"pt-BR","@id":"https:\/\/mrnews.com.br\/#\/schema\/logo\/image\/","url":"https:\/\/mrnews.com.br\/wp-content\/uploads\/2019\/06\/MRNewslogo2.png","contentUrl":"https:\/\/mrnews.com.br\/wp-content\/uploads\/2019\/06\/MRNewslogo2.png","width":223,"height":58,"caption":"MRNews"},"image":{"@id":"https:\/\/mrnews.com.br\/#\/schema\/logo\/image\/"},"sameAs":["https:\/\/www.facebook.com\/eaipahpah\/?locale2=pt_BR","https:\/\/x.com\/conspirou","https:\/\/www.instagram.com\/eai_pahpah","https:\/\/br.pinterest.com\/mrnewsn\/boards\/","https:\/\/www.youtube.com\/channel\/UCacgnpznQ61fifLWr1tQ-vA?view_as=subscriber"]},{"@type":"Person","@id":"https:\/\/mrnews.com.br\/#\/schema\/person\/be3203154562a9f207407861cef7827b","name":"MR News","image":{"@type":"ImageObject","inLanguage":"pt-BR","@id":"https:\/\/secure.gravatar.com\/avatar\/04084e6d73c042b8646e7c17b494073bf0ede3ea13c7105cfc45cbbbc28385a4?s=96&d=monsterid&r=g","url":"https:\/\/secure.gravatar.com\/avatar\/04084e6d73c042b8646e7c17b494073bf0ede3ea13c7105cfc45cbbbc28385a4?s=96&d=monsterid&r=g","contentUrl":"https:\/\/secure.gravatar.com\/avatar\/04084e6d73c042b8646e7c17b494073bf0ede3ea13c7105cfc45cbbbc28385a4?s=96&d=monsterid&r=g","caption":"MR News"},"description":"Especializado em jornalismo colaborativo pela FTP em n\u00edvel de p\u00f3s-gradua\u00e7\u00e3o. suporte@oimeliga.combr","sameAs":["HUGO R.","Admin"],"url":"https:\/\/mrnews.com.br\/index.php\/author\/admin\/"}]}},"jetpack_featured_media_url":"","jetpack_sharing_enabled":true,"jetpack_shortlink":"https:\/\/wp.me\/pa2Qf7-1RCd","amp_enabled":true,"_links":{"self":[{"href":"https:\/\/mrnews.com.br\/index.php\/wp-json\/wp\/v2\/posts\/444429","targetHints":{"allow":["GET"]}}],"collection":[{"href":"https:\/\/mrnews.com.br\/index.php\/wp-json\/wp\/v2\/posts"}],"about":[{"href":"https:\/\/mrnews.com.br\/index.php\/wp-json\/wp\/v2\/types\/post"}],"author":[{"embeddable":true,"href":"https:\/\/mrnews.com.br\/index.php\/wp-json\/wp\/v2\/users\/1"}],"replies":[{"embeddable":true,"href":"https:\/\/mrnews.com.br\/index.php\/wp-json\/wp\/v2\/comments?post=444429"}],"version-history":[{"count":0,"href":"https:\/\/mrnews.com.br\/index.php\/wp-json\/wp\/v2\/posts\/444429\/revisions"}],"wp:attachment":[{"href":"https:\/\/mrnews.com.br\/index.php\/wp-json\/wp\/v2\/media?parent=444429"}],"wp:term":[{"taxonomy":"category","embeddable":true,"href":"https:\/\/mrnews.com.br\/index.php\/wp-json\/wp\/v2\/categories?post=444429"},{"taxonomy":"post_tag","embeddable":true,"href":"https:\/\/mrnews.com.br\/index.php\/wp-json\/wp\/v2\/tags?post=444429"}],"curies":[{"name":"wp","href":"https:\/\/api.w.org\/{rel}","templated":true}]}}