{"id":444554,"date":"2025-06-05T13:41:21","date_gmt":"2025-06-05T16:41:21","guid":{"rendered":"https:\/\/mrnews.com.br\/index.php\/2025\/06\/05\/virada-ods-comeca-nesta-sexta-feira-em-sao-paulo\/"},"modified":"2025-06-05T13:41:21","modified_gmt":"2025-06-05T16:41:21","slug":"virada-ods-comeca-nesta-sexta-feira-em-sao-paulo","status":"publish","type":"post","link":"https:\/\/mrnews.com.br\/index.php\/2025\/06\/05\/virada-ods-comeca-nesta-sexta-feira-em-sao-paulo\/","title":{"rendered":"Virada ODS come\u00e7a nesta sexta-feira em S\u00e3o Paulo"},"content":{"rendered":"<p>Por EBC, <\/p>\n<div>\n<p>Come\u00e7a nesta sexta-feira (6) na capital paulista a 4\u00aa edi\u00e7\u00e3o da Virada ODS., com o tema <em>A cidade do cuidado, da sensibilidade e da acessibilidade!<\/em>. Com o objetivo de engajar a popula\u00e7\u00e3o nos 17 Objetivos de Desenvolvimento Sustent\u00e1vel (ODS) da Organiza\u00e7\u00e3o das Na\u00e7\u00f5es Unidas (ONU), o festival prossegue at\u00e9 o domingo (8) reunindo conhecimento, cultura e cidadania no Vale do Anhangaba\u00fa e na Pra\u00e7a das Artes.<\/p>\n<p>O evento tamb\u00e9m \u00e9 a prepara\u00e7\u00e3o da cidade para a COP 30, que acontecer\u00e1 entre os dias 10 e 21 de novembro de 2025, na cidade de Bel\u00e9m, no Par\u00e1.<\/p>\n<p>Ser\u00e3o 20 tendas e 15 unidades m\u00f3veis prestando servi\u00e7os \u00e0 popula\u00e7\u00e3o. Na programa\u00e7\u00e3o, est\u00e3o previstas 16 palestras do congresso internacional, al\u00e9m de 25 shows e apresenta\u00e7\u00f5es art\u00edsticas, al\u00e9m de \u00e1rea de gastronomia, feira de artesanato, atividades infantis, interven\u00e7\u00f5es art\u00edsticas e um congresso internacional.<\/p>\n<p>Entre as atra\u00e7\u00f5es culturais j\u00e1 confirmadas, est\u00e3o\u00a0forr\u00f3s e ritmos nordestinos da banda Bicho de P\u00e9, e a apresenta\u00e7\u00e3o da cantora e compositora Daniela Ara\u00fajo, refer\u00eancia na cena pop gospel.<\/p>\n<blockquote>\n<p>\u201cO evento tem como tema central a acessibilidade e a inclus\u00e3o. Contudo, o encontro vai muito al\u00e9m da reflex\u00e3o, entregando a\u00e7\u00f5es concretas, com\u00a0discuss\u00f5es\u00a0sobre temas centrais da atualidade, como o Transtorno do Espectro Autista (TEA) e a longevidade\u201d, ressalta a prefeitura.<\/p>\n<\/blockquote>\n<h2>Agenda global<\/h2>\n<p>Os Objetivos de Desenvolvimento Sustent\u00e1vel (ODS) comp\u00f5em a agenda global pactuada por 193 pa\u00edses, incluindo o Brasil, sob a lideran\u00e7a da Organiza\u00e7\u00e3o das Na\u00e7\u00f5es Unidas (ONU). Lan\u00e7ados em 2015, os 17 objetivos estabelecem metas concretas para promover a prosperidade, a equidade e a preserva\u00e7\u00e3o ambiental at\u00e9 2030. A agenda inclui metas integradas, que exigem a atua\u00e7\u00e3o conjunta de governos, empresas, organiza\u00e7\u00f5es da sociedade civil e cidad\u00e3os.<\/p>\n<p>Os 17 objetivos s\u00e3o os seguintes:<\/p>\n<ul>\n<li>Erradica\u00e7\u00e3o da pobreza,<\/li>\n<li>Fome zero e agricultura sustent\u00e1vel,<\/li>\n<li>Sa\u00fade e bem-estar,<\/li>\n<li>Educa\u00e7\u00e3o de qualidade,<\/li>\n<li>Igualdade de g\u00eanero,<\/li>\n<li>\u00c1gua pot\u00e1vel e saneamento,<\/li>\n<li>Energia acess\u00edvel e limpa,<\/li>\n<li>Trabalho decente e crescimento econ\u00f4mico,<\/li>\n<li>Ind\u00fastria, inova\u00e7\u00e3o e infraestrutura,<\/li>\n<li>Redu\u00e7\u00e3o das Desigualdades,<\/li>\n<li>Cidades e comunidades sustent\u00e1veis,<\/li>\n<li>Consumo e produ\u00e7\u00e3o respons\u00e1veis,<\/li>\n<li>Combate \u00e0s altera\u00e7\u00f5es clim\u00e1ticas,<\/li>\n<li>Vida de baixo d`\u00e1gua,<\/li>\n<li>Vida terrestre,<\/li>\n<li>Paz, Justi\u00e7a e institui\u00e7\u00f5es fortes,<\/li>\n<li>Parcerias em prol das metas.<\/li>\n<\/ul>\n<p>\u201cMuito mais do que compromissos diplom\u00e1ticos, os ODS representam a\u00e7\u00f5es pr\u00e1ticas que impactam diretamente o cotidiano da popula\u00e7\u00e3o. E \u00e9 justamente esse o esp\u00edrito da Virada ODS: transformar princ\u00edpios globais em experi\u00eancias locais, acess\u00edveis e transformadoras\u201d, afirma a organiza\u00e7\u00e3o.<\/p>\n<p>As atra\u00e7\u00f5es acontecem das 10h \u00e0s 19h com entrada gratuita. Para mais informa\u00e7\u00f5es basta acessar o perfil da Virada ODS no Instagram.<\/p>\n<p>      <!-- Relacionada --><\/p>\n<p>            <!-- Relacionada -->\n    <\/div>\n<p><script async src=\"\/\/www.instagram.com\/embed.js\"><\/script><\/p>\n","protected":false},"excerpt":{"rendered":"<p>Por EBC, Come\u00e7a nesta sexta-feira (6) na capital paulista a 4\u00aa edi\u00e7\u00e3o da Virada ODS., com o tema A cidade do cuidado, da sensibilidade e da acessibilidade!. Com o objetivo de engajar a popula\u00e7\u00e3o nos 17 Objetivos de Desenvolvimento Sustent\u00e1vel (ODS) da Organiza\u00e7\u00e3o das Na\u00e7\u00f5es Unidas (ONU), o festival prossegue at\u00e9 o domingo (8) reunindo &hellip;<\/p>\n","protected":false},"author":1,"featured_media":0,"comment_status":"open","ping_status":"open","sticky":false,"template":"","format":"standard","meta":{"_jetpack_memberships_contains_paid_content":false,"footnotes":""},"categories":[2,12225,4],"tags":[],"class_list":["post-444554","post","type-post","status-publish","format-standard","hentry","category-entretenimento","category-noticias","category-servicos"],"yoast_head":"<!-- This site is optimized with the Yoast SEO plugin v27.5 - https:\/\/yoast.com\/product\/yoast-seo-wordpress\/ -->\n<title>Virada ODS come\u00e7a nesta sexta-feira em S\u00e3o Paulo<\/title>\n<meta name=\"robots\" content=\"index, follow, max-snippet:-1, max-image-preview:large, max-video-preview:-1\" \/>\n<link rel=\"canonical\" href=\"https:\/\/mrnews.com.br\/index.php\/2025\/06\/05\/virada-ods-comeca-nesta-sexta-feira-em-sao-paulo\/\" \/>\n<meta property=\"og:locale\" content=\"pt_BR\" \/>\n<meta property=\"og:type\" content=\"article\" \/>\n<meta property=\"og:title\" content=\"Virada ODS come\u00e7a nesta sexta-feira em S\u00e3o Paulo\" \/>\n<meta property=\"og:description\" content=\"Por EBC, Come\u00e7a nesta sexta-feira (6) na capital paulista a 4\u00aa edi\u00e7\u00e3o da Virada ODS., com o tema A cidade do cuidado, da sensibilidade e da acessibilidade!. Com o objetivo de engajar a popula\u00e7\u00e3o nos 17 Objetivos de Desenvolvimento Sustent\u00e1vel (ODS) da Organiza\u00e7\u00e3o das Na\u00e7\u00f5es Unidas (ONU), o festival prossegue at\u00e9 o domingo (8) reunindo &hellip;\" \/>\n<meta property=\"og:url\" content=\"https:\/\/mrnews.com.br\/index.php\/2025\/06\/05\/virada-ods-comeca-nesta-sexta-feira-em-sao-paulo\/\" \/>\n<meta property=\"og:site_name\" content=\"MRNews\" \/>\n<meta property=\"article:publisher\" content=\"https:\/\/www.facebook.com\/eaipahpah\/?locale2=pt_BR\" \/>\n<meta property=\"article:published_time\" content=\"2025-06-05T16:41:21+00:00\" \/>\n<meta name=\"author\" content=\"MR News\" \/>\n<meta name=\"twitter:card\" content=\"summary_large_image\" \/>\n<meta name=\"twitter:creator\" content=\"@conspirou\" \/>\n<meta name=\"twitter:site\" content=\"@conspirou\" \/>\n<meta name=\"twitter:label1\" content=\"Escrito por\" \/>\n\t<meta name=\"twitter:data1\" content=\"MR News\" \/>\n\t<meta name=\"twitter:label2\" content=\"Est. tempo de leitura\" \/>\n\t<meta name=\"twitter:data2\" content=\"2 minutos\" \/>\n<script type=\"application\/ld+json\" class=\"yoast-schema-graph\">{\"@context\":\"https:\\\/\\\/schema.org\",\"@graph\":[{\"@type\":\"Article\",\"@id\":\"https:\\\/\\\/mrnews.com.br\\\/index.php\\\/2025\\\/06\\\/05\\\/virada-ods-comeca-nesta-sexta-feira-em-sao-paulo\\\/#article\",\"isPartOf\":{\"@id\":\"https:\\\/\\\/mrnews.com.br\\\/index.php\\\/2025\\\/06\\\/05\\\/virada-ods-comeca-nesta-sexta-feira-em-sao-paulo\\\/\"},\"author\":{\"name\":\"MR News\",\"@id\":\"https:\\\/\\\/mrnews.com.br\\\/#\\\/schema\\\/person\\\/be3203154562a9f207407861cef7827b\"},\"headline\":\"Virada ODS come\u00e7a nesta sexta-feira em S\u00e3o Paulo\",\"datePublished\":\"2025-06-05T16:41:21+00:00\",\"mainEntityOfPage\":{\"@id\":\"https:\\\/\\\/mrnews.com.br\\\/index.php\\\/2025\\\/06\\\/05\\\/virada-ods-comeca-nesta-sexta-feira-em-sao-paulo\\\/\"},\"wordCount\":478,\"commentCount\":0,\"publisher\":{\"@id\":\"https:\\\/\\\/mrnews.com.br\\\/#organization\"},\"articleSection\":[\"ENTRETENIMENTO\",\"NOTICIAS\",\"SERVI\u00c7OS\"],\"inLanguage\":\"pt-BR\",\"potentialAction\":[{\"@type\":\"CommentAction\",\"name\":\"Comment\",\"target\":[\"https:\\\/\\\/mrnews.com.br\\\/index.php\\\/2025\\\/06\\\/05\\\/virada-ods-comeca-nesta-sexta-feira-em-sao-paulo\\\/#respond\"]}]},{\"@type\":\"WebPage\",\"@id\":\"https:\\\/\\\/mrnews.com.br\\\/index.php\\\/2025\\\/06\\\/05\\\/virada-ods-comeca-nesta-sexta-feira-em-sao-paulo\\\/\",\"url\":\"https:\\\/\\\/mrnews.com.br\\\/index.php\\\/2025\\\/06\\\/05\\\/virada-ods-comeca-nesta-sexta-feira-em-sao-paulo\\\/\",\"name\":\"Virada ODS come\u00e7a nesta sexta-feira em S\u00e3o Paulo\",\"isPartOf\":{\"@id\":\"https:\\\/\\\/mrnews.com.br\\\/#website\"},\"datePublished\":\"2025-06-05T16:41:21+00:00\",\"breadcrumb\":{\"@id\":\"https:\\\/\\\/mrnews.com.br\\\/index.php\\\/2025\\\/06\\\/05\\\/virada-ods-comeca-nesta-sexta-feira-em-sao-paulo\\\/#breadcrumb\"},\"inLanguage\":\"pt-BR\",\"potentialAction\":[{\"@type\":\"ReadAction\",\"target\":[\"https:\\\/\\\/mrnews.com.br\\\/index.php\\\/2025\\\/06\\\/05\\\/virada-ods-comeca-nesta-sexta-feira-em-sao-paulo\\\/\"]}]},{\"@type\":\"BreadcrumbList\",\"@id\":\"https:\\\/\\\/mrnews.com.br\\\/index.php\\\/2025\\\/06\\\/05\\\/virada-ods-comeca-nesta-sexta-feira-em-sao-paulo\\\/#breadcrumb\",\"itemListElement\":[{\"@type\":\"ListItem\",\"position\":1,\"name\":\"In\u00edcio\",\"item\":\"https:\\\/\\\/mrnews.com.br\\\/\"},{\"@type\":\"ListItem\",\"position\":2,\"name\":\"Virada ODS come\u00e7a nesta sexta-feira em S\u00e3o Paulo\"}]},{\"@type\":\"WebSite\",\"@id\":\"https:\\\/\\\/mrnews.com.br\\\/#website\",\"url\":\"https:\\\/\\\/mrnews.com.br\\\/\",\"name\":\"MRNews\",\"description\":\"MRNews Jogos de hoje da TV, transmiss\u00f5es ao vivo, Not\u00edcias de futebol, Jogos ao vivo, Lives, resumo de novelas, Programa\u00e7\u00e3o da Globo, A Fazenda e BBB\",\"publisher\":{\"@id\":\"https:\\\/\\\/mrnews.com.br\\\/#organization\"},\"potentialAction\":[{\"@type\":\"SearchAction\",\"target\":{\"@type\":\"EntryPoint\",\"urlTemplate\":\"https:\\\/\\\/mrnews.com.br\\\/?s={search_term_string}\"},\"query-input\":{\"@type\":\"PropertyValueSpecification\",\"valueRequired\":true,\"valueName\":\"search_term_string\"}}],\"inLanguage\":\"pt-BR\"},{\"@type\":\"Organization\",\"@id\":\"https:\\\/\\\/mrnews.com.br\\\/#organization\",\"name\":\"MRNews\",\"url\":\"https:\\\/\\\/mrnews.com.br\\\/\",\"logo\":{\"@type\":\"ImageObject\",\"inLanguage\":\"pt-BR\",\"@id\":\"https:\\\/\\\/mrnews.com.br\\\/#\\\/schema\\\/logo\\\/image\\\/\",\"url\":\"https:\\\/\\\/mrnews.com.br\\\/wp-content\\\/uploads\\\/2019\\\/06\\\/MRNewslogo2.png\",\"contentUrl\":\"https:\\\/\\\/mrnews.com.br\\\/wp-content\\\/uploads\\\/2019\\\/06\\\/MRNewslogo2.png\",\"width\":223,\"height\":58,\"caption\":\"MRNews\"},\"image\":{\"@id\":\"https:\\\/\\\/mrnews.com.br\\\/#\\\/schema\\\/logo\\\/image\\\/\"},\"sameAs\":[\"https:\\\/\\\/www.facebook.com\\\/eaipahpah\\\/?locale2=pt_BR\",\"https:\\\/\\\/x.com\\\/conspirou\",\"https:\\\/\\\/www.instagram.com\\\/eai_pahpah\",\"https:\\\/\\\/br.pinterest.com\\\/mrnewsn\\\/boards\\\/\",\"https:\\\/\\\/www.youtube.com\\\/channel\\\/UCacgnpznQ61fifLWr1tQ-vA?view_as=subscriber\"]},{\"@type\":\"Person\",\"@id\":\"https:\\\/\\\/mrnews.com.br\\\/#\\\/schema\\\/person\\\/be3203154562a9f207407861cef7827b\",\"name\":\"MR News\",\"image\":{\"@type\":\"ImageObject\",\"inLanguage\":\"pt-BR\",\"@id\":\"https:\\\/\\\/secure.gravatar.com\\\/avatar\\\/04084e6d73c042b8646e7c17b494073bf0ede3ea13c7105cfc45cbbbc28385a4?s=96&d=monsterid&r=g\",\"url\":\"https:\\\/\\\/secure.gravatar.com\\\/avatar\\\/04084e6d73c042b8646e7c17b494073bf0ede3ea13c7105cfc45cbbbc28385a4?s=96&d=monsterid&r=g\",\"contentUrl\":\"https:\\\/\\\/secure.gravatar.com\\\/avatar\\\/04084e6d73c042b8646e7c17b494073bf0ede3ea13c7105cfc45cbbbc28385a4?s=96&d=monsterid&r=g\",\"caption\":\"MR News\"},\"description\":\"Especializado em jornalismo colaborativo pela FTP em n\u00edvel de p\u00f3s-gradua\u00e7\u00e3o. suporte@oimeliga.combr\",\"sameAs\":[\"HUGO R.\",\"Admin\"],\"url\":\"https:\\\/\\\/mrnews.com.br\\\/index.php\\\/author\\\/admin\\\/\"}]}<\/script>\n<!-- \/ Yoast SEO plugin. -->","yoast_head_json":{"title":"Virada ODS come\u00e7a nesta sexta-feira em S\u00e3o Paulo","robots":{"index":"index","follow":"follow","max-snippet":"max-snippet:-1","max-image-preview":"max-image-preview:large","max-video-preview":"max-video-preview:-1"},"canonical":"https:\/\/mrnews.com.br\/index.php\/2025\/06\/05\/virada-ods-comeca-nesta-sexta-feira-em-sao-paulo\/","og_locale":"pt_BR","og_type":"article","og_title":"Virada ODS come\u00e7a nesta sexta-feira em S\u00e3o Paulo","og_description":"Por EBC, Come\u00e7a nesta sexta-feira (6) na capital paulista a 4\u00aa edi\u00e7\u00e3o da Virada ODS., com o tema A cidade do cuidado, da sensibilidade e da acessibilidade!. Com o objetivo de engajar a popula\u00e7\u00e3o nos 17 Objetivos de Desenvolvimento Sustent\u00e1vel (ODS) da Organiza\u00e7\u00e3o das Na\u00e7\u00f5es Unidas (ONU), o festival prossegue at\u00e9 o domingo (8) reunindo &hellip;","og_url":"https:\/\/mrnews.com.br\/index.php\/2025\/06\/05\/virada-ods-comeca-nesta-sexta-feira-em-sao-paulo\/","og_site_name":"MRNews","article_publisher":"https:\/\/www.facebook.com\/eaipahpah\/?locale2=pt_BR","article_published_time":"2025-06-05T16:41:21+00:00","author":"MR News","twitter_card":"summary_large_image","twitter_creator":"@conspirou","twitter_site":"@conspirou","twitter_misc":{"Escrito por":"MR News","Est. tempo de leitura":"2 minutos"},"schema":{"@context":"https:\/\/schema.org","@graph":[{"@type":"Article","@id":"https:\/\/mrnews.com.br\/index.php\/2025\/06\/05\/virada-ods-comeca-nesta-sexta-feira-em-sao-paulo\/#article","isPartOf":{"@id":"https:\/\/mrnews.com.br\/index.php\/2025\/06\/05\/virada-ods-comeca-nesta-sexta-feira-em-sao-paulo\/"},"author":{"name":"MR News","@id":"https:\/\/mrnews.com.br\/#\/schema\/person\/be3203154562a9f207407861cef7827b"},"headline":"Virada ODS come\u00e7a nesta sexta-feira em S\u00e3o Paulo","datePublished":"2025-06-05T16:41:21+00:00","mainEntityOfPage":{"@id":"https:\/\/mrnews.com.br\/index.php\/2025\/06\/05\/virada-ods-comeca-nesta-sexta-feira-em-sao-paulo\/"},"wordCount":478,"commentCount":0,"publisher":{"@id":"https:\/\/mrnews.com.br\/#organization"},"articleSection":["ENTRETENIMENTO","NOTICIAS","SERVI\u00c7OS"],"inLanguage":"pt-BR","potentialAction":[{"@type":"CommentAction","name":"Comment","target":["https:\/\/mrnews.com.br\/index.php\/2025\/06\/05\/virada-ods-comeca-nesta-sexta-feira-em-sao-paulo\/#respond"]}]},{"@type":"WebPage","@id":"https:\/\/mrnews.com.br\/index.php\/2025\/06\/05\/virada-ods-comeca-nesta-sexta-feira-em-sao-paulo\/","url":"https:\/\/mrnews.com.br\/index.php\/2025\/06\/05\/virada-ods-comeca-nesta-sexta-feira-em-sao-paulo\/","name":"Virada ODS come\u00e7a nesta sexta-feira em S\u00e3o Paulo","isPartOf":{"@id":"https:\/\/mrnews.com.br\/#website"},"datePublished":"2025-06-05T16:41:21+00:00","breadcrumb":{"@id":"https:\/\/mrnews.com.br\/index.php\/2025\/06\/05\/virada-ods-comeca-nesta-sexta-feira-em-sao-paulo\/#breadcrumb"},"inLanguage":"pt-BR","potentialAction":[{"@type":"ReadAction","target":["https:\/\/mrnews.com.br\/index.php\/2025\/06\/05\/virada-ods-comeca-nesta-sexta-feira-em-sao-paulo\/"]}]},{"@type":"BreadcrumbList","@id":"https:\/\/mrnews.com.br\/index.php\/2025\/06\/05\/virada-ods-comeca-nesta-sexta-feira-em-sao-paulo\/#breadcrumb","itemListElement":[{"@type":"ListItem","position":1,"name":"In\u00edcio","item":"https:\/\/mrnews.com.br\/"},{"@type":"ListItem","position":2,"name":"Virada ODS come\u00e7a nesta sexta-feira em S\u00e3o Paulo"}]},{"@type":"WebSite","@id":"https:\/\/mrnews.com.br\/#website","url":"https:\/\/mrnews.com.br\/","name":"MRNews","description":"MRNews Jogos de hoje da TV, transmiss\u00f5es ao vivo, Not\u00edcias de futebol, Jogos ao vivo, Lives, resumo de novelas, Programa\u00e7\u00e3o da Globo, A Fazenda e BBB","publisher":{"@id":"https:\/\/mrnews.com.br\/#organization"},"potentialAction":[{"@type":"SearchAction","target":{"@type":"EntryPoint","urlTemplate":"https:\/\/mrnews.com.br\/?s={search_term_string}"},"query-input":{"@type":"PropertyValueSpecification","valueRequired":true,"valueName":"search_term_string"}}],"inLanguage":"pt-BR"},{"@type":"Organization","@id":"https:\/\/mrnews.com.br\/#organization","name":"MRNews","url":"https:\/\/mrnews.com.br\/","logo":{"@type":"ImageObject","inLanguage":"pt-BR","@id":"https:\/\/mrnews.com.br\/#\/schema\/logo\/image\/","url":"https:\/\/mrnews.com.br\/wp-content\/uploads\/2019\/06\/MRNewslogo2.png","contentUrl":"https:\/\/mrnews.com.br\/wp-content\/uploads\/2019\/06\/MRNewslogo2.png","width":223,"height":58,"caption":"MRNews"},"image":{"@id":"https:\/\/mrnews.com.br\/#\/schema\/logo\/image\/"},"sameAs":["https:\/\/www.facebook.com\/eaipahpah\/?locale2=pt_BR","https:\/\/x.com\/conspirou","https:\/\/www.instagram.com\/eai_pahpah","https:\/\/br.pinterest.com\/mrnewsn\/boards\/","https:\/\/www.youtube.com\/channel\/UCacgnpznQ61fifLWr1tQ-vA?view_as=subscriber"]},{"@type":"Person","@id":"https:\/\/mrnews.com.br\/#\/schema\/person\/be3203154562a9f207407861cef7827b","name":"MR News","image":{"@type":"ImageObject","inLanguage":"pt-BR","@id":"https:\/\/secure.gravatar.com\/avatar\/04084e6d73c042b8646e7c17b494073bf0ede3ea13c7105cfc45cbbbc28385a4?s=96&d=monsterid&r=g","url":"https:\/\/secure.gravatar.com\/avatar\/04084e6d73c042b8646e7c17b494073bf0ede3ea13c7105cfc45cbbbc28385a4?s=96&d=monsterid&r=g","contentUrl":"https:\/\/secure.gravatar.com\/avatar\/04084e6d73c042b8646e7c17b494073bf0ede3ea13c7105cfc45cbbbc28385a4?s=96&d=monsterid&r=g","caption":"MR News"},"description":"Especializado em jornalismo colaborativo pela FTP em n\u00edvel de p\u00f3s-gradua\u00e7\u00e3o. suporte@oimeliga.combr","sameAs":["HUGO R.","Admin"],"url":"https:\/\/mrnews.com.br\/index.php\/author\/admin\/"}]}},"jetpack_featured_media_url":"","jetpack_sharing_enabled":true,"jetpack_shortlink":"https:\/\/wp.me\/pa2Qf7-1REe","amp_enabled":true,"_links":{"self":[{"href":"https:\/\/mrnews.com.br\/index.php\/wp-json\/wp\/v2\/posts\/444554","targetHints":{"allow":["GET"]}}],"collection":[{"href":"https:\/\/mrnews.com.br\/index.php\/wp-json\/wp\/v2\/posts"}],"about":[{"href":"https:\/\/mrnews.com.br\/index.php\/wp-json\/wp\/v2\/types\/post"}],"author":[{"embeddable":true,"href":"https:\/\/mrnews.com.br\/index.php\/wp-json\/wp\/v2\/users\/1"}],"replies":[{"embeddable":true,"href":"https:\/\/mrnews.com.br\/index.php\/wp-json\/wp\/v2\/comments?post=444554"}],"version-history":[{"count":0,"href":"https:\/\/mrnews.com.br\/index.php\/wp-json\/wp\/v2\/posts\/444554\/revisions"}],"wp:attachment":[{"href":"https:\/\/mrnews.com.br\/index.php\/wp-json\/wp\/v2\/media?parent=444554"}],"wp:term":[{"taxonomy":"category","embeddable":true,"href":"https:\/\/mrnews.com.br\/index.php\/wp-json\/wp\/v2\/categories?post=444554"},{"taxonomy":"post_tag","embeddable":true,"href":"https:\/\/mrnews.com.br\/index.php\/wp-json\/wp\/v2\/tags?post=444554"}],"curies":[{"name":"wp","href":"https:\/\/api.w.org\/{rel}","templated":true}]}}