{"id":444670,"date":"2025-06-07T02:28:24","date_gmt":"2025-06-07T05:28:24","guid":{"rendered":"https:\/\/mrnews.com.br\/index.php\/2025\/06\/07\/bandeirinhas-forro-e-quitutes-marcam-o-inicio-das-festas-juninas-em-mato-grosso-do-sul-agencia-de-noticias-do-governo-de-mato-grosso-do-sul\/"},"modified":"2025-06-07T02:28:24","modified_gmt":"2025-06-07T05:28:24","slug":"bandeirinhas-forro-e-quitutes-marcam-o-inicio-das-festas-juninas-em-mato-grosso-do-sul-agencia-de-noticias-do-governo-de-mato-grosso-do-sul","status":"publish","type":"post","link":"https:\/\/mrnews.com.br\/index.php\/2025\/06\/07\/bandeirinhas-forro-e-quitutes-marcam-o-inicio-das-festas-juninas-em-mato-grosso-do-sul-agencia-de-noticias-do-governo-de-mato-grosso-do-sul\/","title":{"rendered":"bandeirinhas, forr\u00f3 e quitutes marcam o in\u00edcio das festas juninas em Mato Grosso do Sul \u2013 Ag\u00eancia de Noticias do Governo de Mato Grosso do Sul"},"content":{"rendered":"<p><\/p>\n<div>\n<p><span style=\"font-weight: 400;\">O clima junino chegou com for\u00e7a a Mato Grosso do Sul e marca presen\u00e7a em diversos cantos do estado neste fim de semana. Em Campo Grande, o p\u00fablico pode aproveitar arraiais como o da AACC-MS, o Arrai\u00e1 da Feira Ziriguidum, o Arrai\u00e1 do Klebinho, o da Pestalozzi, entre outros, com quadrilhas, comidas t\u00edpicas, shows e brincadeiras. No interior, a 22\u00aa Fejunavi, em Navira\u00ed, e a 114\u00aa Festa do Divino Esp\u00edrito Santo, em Figueir\u00e3o, refor\u00e7am as tradi\u00e7\u00f5es com dan\u00e7as, concursos e celebra\u00e7\u00f5es que misturam f\u00e9 e cultura popular.<\/span><\/p>\n<p><span style=\"font-weight: 400;\">Entre os destaques da programa\u00e7\u00e3o cultural, o Torresmofest ocupa o Espa\u00e7o Municipal de Cultura Vila Morena, em Campo Grande, com mais de 20 expositores, gastronomia e m\u00fasica ao vivo. No sertanejo, a dupla Fred &amp; Fabr\u00edcio se apresenta no Clube de La\u00e7o CLC com o show &#8220;Sertanejo Respira&#8221;, neste s\u00e1bado (7). Ainda na capital, a agenda inclui roda gigante, espet\u00e1culos, tributos e festas para todos os estilos.<\/span><\/p>\n<p><span style=\"font-weight: 400;\">No interior, o p\u00fablico pode curtir ainda a Expotac, em Tacuru, com rodeios e shows sertanejos, al\u00e9m do Festival de Inverno do Turismo Rural \u2013 Caminhos dos Ip\u00eas, em Sidrol\u00e2ndia, que une m\u00fasica, gastronomia e tradi\u00e7\u00e3o em ambiente de natureza e aconchego.<\/span><\/p>\n<p><span style=\"font-weight: 400;\">A <\/span><b>Setesc<\/b><span style=\"font-weight: 400;\"> (Secretaria de Estado de Turismo, Esporte e Cultura) e a <\/span><b>FCMS<\/b><span style=\"font-weight: 400;\"> (Funda\u00e7\u00e3o de Cultura de Mato Grosso do Sul) listam os principais eventos do fim de semana. Confira:<\/span><\/p>\n<h4><span style=\"text-decoration: underline;\"><b>Sexta-feira (6)<\/b><\/span><\/h4>\n<p><b>Arrai\u00e1 do Klebinho &#8211;<\/b><span style=\"font-weight: 400;\"> Na quarta edi\u00e7\u00e3o deste tradicional arraial, al\u00e9m de quitutes t\u00edpicos, destaque para apresenta\u00e7\u00f5es musicais com Gean Carlos &amp; Kardoso, Antigo Aposento, Trio Violada e Grupo Z\u00edngaro. Uma celebra\u00e7\u00e3o caipira que segue at\u00e9 domingo, com entrada franca.<\/span><\/p>\n<p><span style=\"font-weight: 400;\">Hor\u00e1rio: 18h30<\/span><\/p>\n<p><span style=\"font-weight: 400;\">Local: Rua Neferson Clair de Morais, 733 \u2013 Cidade Morena<\/span><\/p>\n<p><span style=\"font-weight: 400;\">Entrada: Gratuita<\/span><\/p>\n<p><b>Arrai\u00e1 da Pestalozzi &#8211;<\/b><span style=\"font-weight: 400;\"> O tradicional festejo beneficente da Pestalozzi ocorre no estacionamento do Comper Itanhang\u00e1 em prol da institui\u00e7\u00e3o. Atra\u00e7\u00f5es incluem casamento caipira, quadrilha, m\u00fasica ao vivo, barraquinhas de comida e brincadeiras para o p\u00fablico.<\/span><\/p>\n<p><span style=\"font-weight: 400;\">Hor\u00e1rio: 17h \u00e0s 22h<\/span><\/p>\n<p><span style=\"font-weight: 400;\">Local: Estacionamento do Comper Itanhang\u00e1<\/span><\/p>\n<p><span style=\"font-weight: 400;\">Entrada: Gratuita<\/span><\/p>\n<p><b>Festa Junina do Uni\u00e3o &#8211; <\/b><span style=\"font-weight: 400;\">A Pra\u00e7a Generoso da Costa Benevides recebe a tradicional Festa Junina do Uni\u00e3o. O evento oferece comidas t\u00edpicas, atra\u00e7\u00f5es musicais, brincadeiras e uma \u00e1rea kids para as crian\u00e7as.\u00a0<\/span><\/p>\n<p><span style=\"font-weight: 400;\">Hor\u00e1rio: 18h<\/span><\/p>\n<p><span style=\"font-weight: 400;\">Local: Pra\u00e7a Generoso da Costa Benevides \u2013 Vila Uni\u00e3o<\/span><\/p>\n<p><span style=\"font-weight: 400;\">Entrada: Gratuita<\/span><\/p>\n<p><b>Arrai\u00e1 do Santu\u00e1rio S\u00e3o Judas Tadeu &#8211;<\/b><span style=\"font-weight: 400;\"> Com quatro dias de festa, o arraial combina momentos de f\u00e9 com cultura popular. Haver\u00e1 missas, quadrilha, apresenta\u00e7\u00f5es art\u00edsticas e barracas com comidas juninas \u2014 incluindo churrasco no encerramento.<\/span><\/p>\n<p><span style=\"font-weight: 400;\">Hor\u00e1rio: 19h30<\/span><\/p>\n<p><span style=\"font-weight: 400;\">Local: Rua Fernando Augusto Corr\u00eaa da Costa, 58 \u2013 Jardim Am\u00e9rica<\/span><\/p>\n<p><span style=\"font-weight: 400;\">Entrada: Gratuita<\/span><\/p>\n<p><b>1\u00aa Mostra de Cinema de Anima\u00e7\u00e3o e Fantasia \u201cNas Asas da Imagina\u00e7\u00e3o Tcheca\u201d &#8211; <\/b><span style=\"font-weight: 400;\">O MIS exibe o filme \u201cViagem ao Fim do Universo\u201d (1963), na mostra dedicada ao cinema tcheco das d\u00e9cadas de 1940 a 1970.<\/span><\/p>\n<p><span style=\"font-weight: 400;\">Hor\u00e1rio: 19h<\/span><\/p>\n<p><span style=\"font-weight: 400;\">Local: MIS \u2013 Museu da Imagem e do Som<\/span><\/p>\n<p><span style=\"font-weight: 400;\">Entrada: Gratuita<\/span><\/p>\n<p><b>Exposi\u00e7\u00e3o \u201cAs V\u00e1rias Faces de L\u00eddia Ba\u00eds\u201d &#8211; <\/b><span style=\"font-weight: 400;\">Em homenagem aos 125 anos de nascimento da artista campo-grandense L\u00eddia Ba\u00eds, a mostra re\u00fane obras marcantes que revelam a vis\u00e3o singular e ousada de uma mulher \u00e0 frente de seu tempo. A visita\u00e7\u00e3o permanece aberta at\u00e9 o dia 30 de junho, nos dias \u00fateis.<\/span><\/p>\n<p><span style=\"font-weight: 400;\">Hor\u00e1rio: 7h30 \u00e0s 17h30<\/span><\/p>\n<p><span style=\"font-weight: 400;\">Local: Museu da Imagem e do Som<\/span><\/p>\n<p><span style=\"font-weight: 400;\">Entrada: Gratuita<\/span><\/p>\n<p><b>Exposi\u00e7\u00e3o \u201cCarmen Portinho: pioneira do urbanismo no Brasil\u201d &#8211;<\/b><span style=\"font-weight: 400;\"> A mostra apresenta a vida e o legado de Carmen Portinho, corumbaense que se tornou a primeira mulher urbanista do Brasil, destacando sua atua\u00e7\u00e3o pol\u00edtica e social.<\/span><\/p>\n<p><span style=\"font-weight: 400;\">Hor\u00e1rio: 9h \u00e0s 18h<\/span><\/p>\n<p><span style=\"font-weight: 400;\">Local: Casa de Cultura de Campo Grande \u2013 Av. Afonso Pena, 2270<\/span><\/p>\n<p><span style=\"font-weight: 400;\">Entrada: Gratuita<\/span><\/p>\n<p><b>Torresmofest &#8211; <\/b><span style=\"font-weight: 400;\">O festival re\u00fane mais de 20 expositores que oferecem gastronomia e m\u00fasica de qualidade. O destaque fica para o torresmo, petisco que d\u00e1 nome ao evento, dispon\u00edvel em v\u00e1rias vers\u00f5es. Tamb\u00e9m haver\u00e1 venda de chopps e drinks para acompanhar.<\/span><\/p>\n<p><span style=\"font-weight: 400;\">Hor\u00e1rio: 12h \u00e0s 23h<\/span><\/p>\n<p><span style=\"font-weight: 400;\">Local: Espa\u00e7o Municipal de Cultura Vila Morena \u2013 Jardim Veraneio<\/span><\/p>\n<p><span style=\"font-weight: 400;\">Entrada: Gratuita<\/span><\/p>\n<p><b>Joyce Alane \u2013 \u201cTudo \u00c9 Minha Culpa\u201d &#8211;<\/b><span style=\"font-weight: 400;\"> A artista pernambucana apresenta seu \u00e1lbum de estreia em dois shows emocionantes, com for\u00e7a e autenticidade.<\/span><\/p>\n<p><span style=\"font-weight: 400;\">Hor\u00e1rio: 19h<\/span><\/p>\n<p><span style=\"font-weight: 400;\">Local: Sesc Teatro Prosa \u2013 R. Anhandui, 200<\/span><\/p>\n<p><span style=\"font-weight: 400;\">Entrada: Gratuita<\/span><\/p>\n<p><b>Espet\u00e1culo \u201cImpr\u00f3bito \u2013 Meigos e M\u00f3rbidos\u201d &#8211; <\/b><span style=\"font-weight: 400;\">O Teatral Grupo de Risco encena uma hist\u00f3ria de morte e consequ\u00eancias improv\u00e1veis, com dire\u00e7\u00e3o de Rodrigo Am\u00e9.<\/span><\/p>\n<p><span style=\"font-weight: 400;\">Hor\u00e1rio: 19h15<\/span><\/p>\n<p><span style=\"font-weight: 400;\">Local: Espa\u00e7o Teatral Grupo de Risco \u2013 R. Trindade, 401<\/span><\/p>\n<p><span style=\"font-weight: 400;\">Entrada: Gratuita<\/span><\/p>\n<p><b>Circuito Era Glacial &#8211; <\/b><span style=\"font-weight: 400;\">Voltado para crian\u00e7as de at\u00e9 13 anos, o circuito no Shopping Norte Sul leva os pequenos a uma viagem divertida ao tempo dos dinossauros.<\/span><\/p>\n<p><span style=\"font-weight: 400;\">Hor\u00e1rio: conforme funcionamento do shopping<\/span><\/p>\n<p><span style=\"font-weight: 400;\">Local: Shopping Norte Sul Plaza \u2013 Em frente \u00e0 Renner<\/span><\/p>\n<p><span style=\"font-weight: 400;\">Entrada: A partir de R$ 35 no local<\/span><\/p>\n<p><b>Sonic Mountain Park &#8211;<\/b><span style=\"font-weight: 400;\"> O her\u00f3i dos videogames est\u00e1 no Shopping Campo Grande! O Sonic convida a crian\u00e7ada para aventuras com escalada, boia cross, escorregadores e piscina de bolinhas. Crian\u00e7as menores de 4 anos devem estar acompanhadas por respons\u00e1veis.<\/span><\/p>\n<p><span style=\"font-weight: 400;\">Hor\u00e1rio: conforme funcionamento do shopping<\/span><\/p>\n<p><span style=\"font-weight: 400;\">Local: 1\u00ba Piso do Shopping Campo Grande<\/span><\/p>\n<p><span style=\"font-weight: 400;\">Entrada: A partir de R$ 50<\/span><\/p>\n<p><b>Roda Gigante &#8211; <\/b><span style=\"font-weight: 400;\">Depois de passar por grandes eventos e cidades do Brasil, a roda gigante de 22 metros chega a Campo Grande com 16 cabines iluminadas, garantindo uma vista panor\u00e2mica da cidade. O passeio inclui quatro voltas, \u00e9 acess\u00edvel, pet friendly (para animais de pequeno porte com coleira) e indicado para toda a fam\u00edlia. Crian\u00e7as at\u00e9 12 anos devem estar acompanhadas por um adulto pagante.<\/span><\/p>\n<p><span style=\"font-weight: 400;\">Hor\u00e1rio: conforme funcionamento do shopping<\/span><\/p>\n<p><span style=\"font-weight: 400;\">Local: Estacionamento do Shopping Campo Grande (em frente \u00e0 F\u00f3rmula Academia)<\/span><\/p>\n<p><span style=\"font-weight: 400;\">Entrada: R$ 20 por pessoa<\/span><\/p>\n<p><b>Festival Cerrado Alternativo &#8211;<\/b><span style=\"font-weight: 400;\"> Na 6\u00aa edi\u00e7\u00e3o, o evento celebra um ano com apresenta\u00e7\u00f5es dos projetos Dovalle, Vosmec\u00ea e Kzulo.<\/span><\/p>\n<p><span style=\"font-weight: 400;\">Hor\u00e1rio: 20h30<\/span><\/p>\n<p><span style=\"font-weight: 400;\">Local: Buteco do Miau<\/span><\/p>\n<p><span style=\"font-weight: 400;\">Entrada: R$ 15 na portaria<\/span><\/p>\n<p><b>Luauzera &#8211; <\/b><span style=\"font-weight: 400;\">Com shows de Manuzera, Namaria, Beca Rodrigues e Dubmistah, o evento esquenta o clima para o DreadDay Festival.<\/span><\/p>\n<p><span style=\"font-weight: 400;\">Hor\u00e1rio: 19h<\/span><\/p>\n<p><span style=\"font-weight: 400;\">Local: Viz\u00fa Ateli\u00ea Bar \u2013 R. Ant\u00f4nio Maria Coelho, 1290<\/span><\/p>\n<p><span style=\"font-weight: 400;\">Entrada: Gratuita<\/span><\/p>\n<p><b>Tributo a Rita Lee &#8211;<\/b><span style=\"font-weight: 400;\"> A cantora Rebeca Felix homenageia a rainha do rock brasileiro com um show especial no Copo Bar.<\/span><\/p>\n<p><span style=\"font-weight: 400;\">Hor\u00e1rio: 20h<\/span><\/p>\n<p><span style=\"font-weight: 400;\">Local: Copo Bar \u2013 R. 14 de Julho, 2530<\/span><\/p>\n<p><span style=\"font-weight: 400;\">Entrada: Gratuita<\/span><\/p>\n<p><b>Calma Beth &#8211;<\/b><span style=\"font-weight: 400;\"> O DJ Aruan Barcelos comanda uma festa com ritmos tropicais e eletr\u00f4nicos no Augusta Bar.<\/span><\/p>\n<p><span style=\"font-weight: 400;\">Hor\u00e1rio: 23h<\/span><\/p>\n<p><span style=\"font-weight: 400;\">Local: Augusta Bar \u2013 R. Maracaju, 136<\/span><\/p>\n<p><span style=\"font-weight: 400;\">Entrada: a partir de R$ 10 na portaria<\/span><\/p>\n<h4><b>Tacuru<\/b><\/h4>\n<p><b>Expotac &#8211;<\/b><span style=\"font-weight: 400;\"> A Expotac 2025 promete agitar Tacuru com programa\u00e7\u00e3o repleta de atra\u00e7\u00f5es para toda a fam\u00edlia. Nesta sexta-feira tem o tradicional Baile Carap\u00e9 e show com o grupo Canto da Terra, al\u00e9m de provas de rodeio.<\/span><\/p>\n<p><span style=\"font-weight: 400;\">Hor\u00e1rio: abertura \u00e0s 13h, com shows e competi\u00e7\u00f5es \u00e0 noite, a partir das 19h<\/span><\/p>\n<p><span style=\"font-weight: 400;\">Local: Parque de Rodeio Vin\u00edcius Menegaz Prado<\/span><\/p>\n<p><span style=\"font-weight: 400;\">Entrada: gratuita<\/span><\/p>\n<h4><strong>Rio Verde de Mato Grosso<\/strong><\/h4>\n<p><strong>Expoverde &#8211;<\/strong> A 49\u00aa edi\u00e7\u00e3o da Expoverde segue firme e chega ao \u00faltimo fim de semana de festa. Duas duplas sertanejas v\u00e3o agitar o p\u00fablico nesta sexta-feira: Danilo &amp; Davi e Jo\u00e3o Lucas &amp; Walter Filho.<\/p>\n<p>Hor\u00e1rio: a partir das 18h<\/p>\n<p>Local: Parque de Exposi\u00e7\u00f5es Ol\u00edvio Valteno de Oliveira<\/p>\n<p>Entrada: Gratuita<\/p>\n<h4><span style=\"text-decoration: underline;\"><b>S\u00e1bado (7)<\/b><\/span><\/h4>\n<p><b>Arrai\u00e1 da Feira\u202fZiriguidum &#8211; <\/b><span style=\"font-weight: 400;\">A tradicional feira cultural se veste de festa junina com quadrilha, m\u00fasica ao vivo e food trucks. A comunidade se re\u00fane na Pra\u00e7a do Preto Velho com muita anima\u00e7\u00e3o.<\/span><\/p>\n<p><span style=\"font-weight: 400;\">Hor\u00e1rio: 16h \u00e0s 22h<\/span><\/p>\n<p><span style=\"font-weight: 400;\">Local: Pra\u00e7a do Preto Velho \u2013 Jardim Paulista<\/span><\/p>\n<p><span style=\"font-weight: 400;\">Entrada: Gratuita<\/span><\/p>\n<p><b>Arrai\u00e1 do Klebinho &#8211;<\/b><span style=\"font-weight: 400;\"> Edi\u00e7\u00e3o que re\u00fane comidas t\u00edpicas, quadrilha, dan\u00e7a e shows regionais. O espa\u00e7o ser\u00e1 ponto de encontro para fam\u00edlias e amigos em clima caipira.<\/span><\/p>\n<p><span style=\"font-weight: 400;\">Hor\u00e1rio: 18h30<\/span><\/p>\n<p><span style=\"font-weight: 400;\">Local: Rua Neferson Clair de Morais, 733 \u2013 Cidade Morena<\/span><\/p>\n<p><span style=\"font-weight: 400;\">Entrada: Gratuita<\/span><\/p>\n<p><b>Arrai\u00e1 da AACC\u2011MS &#8211; <\/b><span style=\"font-weight: 400;\">Maior festa junina beneficente do estado, com shows, quadrilhas, barraquinhas de comidas, brincadeiras e arrecada\u00e7\u00e3o para o tratamento de crian\u00e7as com c\u00e2ncer. Crian\u00e7as at\u00e9 10 anos n\u00e3o pagam.<\/span><\/p>\n<p><span style=\"font-weight: 400;\">Hor\u00e1rio: 11h \u00e0s 22h<\/span><\/p>\n<p><span style=\"font-weight: 400;\">Local: Centro de Conven\u00e7\u00f5es Albano Franco \u2013 Av. Mato Grosso, 5017<\/span><\/p>\n<p><span style=\"font-weight: 400;\">Entrada: R$\u202f10 (crian\u00e7as at\u00e9 10 anos gratuitas)<\/span><\/p>\n<p><b>Festa Junina do Uni\u00e3o &#8211; <\/b><span style=\"font-weight: 400;\">A Pra\u00e7a Generoso da Costa Benevides recebe a tradicional Festa Junina do Uni\u00e3o. Neste s\u00e1bado, acontece o bingo com pr\u00eamios que somam R$ 10 mil. O evento oferece comidas t\u00edpicas, atra\u00e7\u00f5es musicais, brincadeiras e uma \u00e1rea kids para as crian\u00e7as.\u00a0<\/span><\/p>\n<p><span style=\"font-weight: 400;\">Hor\u00e1rio: 18h<\/span><\/p>\n<p><span style=\"font-weight: 400;\">Local: Pra\u00e7a Generoso da Costa Benevides \u2013 Vila Uni\u00e3o<\/span><\/p>\n<p><span style=\"font-weight: 400;\">Entrada: Gratuita<\/span><\/p>\n<p><b>Arrai\u00e1 da Feira Cultural do Coophar\u00e1dio &#8211;<\/b><span style=\"font-weight: 400;\"> Com foco em cultura e sustentabilidade, este arraial transforma a Pra\u00e7a V em ponto de encontro com m\u00fasica regional, barraquinhas de comidas t\u00edpicas e artesanato local.<\/span><\/p>\n<p><span style=\"font-weight: 400;\">Hor\u00e1rio: 17h \u00e0s 22h<\/span><\/p>\n<p><span style=\"font-weight: 400;\">Local: Pra\u00e7a V \u2013 Bairro Coophar\u00e1dio<\/span><\/p>\n<p><span style=\"font-weight: 400;\">Entrada: Gratuita\u00a0<\/span><\/p>\n<p><b>Arrai\u00e1 do Santu\u00e1rio S\u00e3o Judas Tadeu &#8211; <\/b><span style=\"font-weight: 400;\">Com programa\u00e7\u00e3o que une f\u00e9 e folia, o arraial conta com missas, quadrilha, barracas com quitutes e ambiente familiar para todas as idades.<\/span><\/p>\n<p><span style=\"font-weight: 400;\">Hor\u00e1rio: 19h30<\/span><\/p>\n<p><span style=\"font-weight: 400;\">Local: Rua Fernando Augusto Corr\u00eaa da Costa, 58 \u2013 Jardim Am\u00e9rica<\/span><\/p>\n<p><span style=\"font-weight: 400;\">Entrada: Gratuita<\/span><\/p>\n<p><b>Arrai\u00e1 da Pestalozzi &#8211;<\/b><span style=\"font-weight: 400;\"> Evento tradicional de car\u00e1ter beneficente, re\u00fane quadrilha, comidas t\u00edpicas, m\u00fasica e brincadeiras em prol da institui\u00e7\u00e3o Pestalozzi.<\/span><\/p>\n<p><span style=\"font-weight: 400;\">Hor\u00e1rio: 17h \u00e0s 22h<\/span><\/p>\n<p><span style=\"font-weight: 400;\">Local: Estacionamento do Comper Itanhang\u00e1<\/span><\/p>\n<p><span style=\"font-weight: 400;\">Entrada: Gratuita<\/span><\/p>\n<p><b>Arraial da Lienca &#8211;<\/b><span style=\"font-weight: 400;\"> Organizado pela Liga das Entidades Carnavalescas, o evento traz quadrilha, samba, arrasta-p\u00e9 e barracas de alimenta\u00e7\u00e3o das escolas de samba de Campo Grande.<\/span><\/p>\n<p><span style=\"font-weight: 400;\">Hor\u00e1rio: 17h<\/span><\/p>\n<p><span style=\"font-weight: 400;\">Local: Teatro de Arena do Horto Florestal<\/span><\/p>\n<p><span style=\"font-weight: 400;\">Entrada: Gratuita<\/span><\/p>\n<p><b>Arrai\u00e1 do Centro Social Dom Bosco &#8211;<\/b><span style=\"font-weight: 400;\"> Arrai\u00e1 com foco comunit\u00e1rio, organizado pela par\u00f3quia S\u00e3o Jo\u00e3o Bosco, com comida t\u00edpica, brincadeiras e apresenta\u00e7\u00f5es musicais. Crian\u00e7as at\u00e9 10 anos n\u00e3o pagam.<\/span><\/p>\n<p><span style=\"font-weight: 400;\">Hor\u00e1rio: 16h<\/span><\/p>\n<p><span style=\"font-weight: 400;\">Local: Par\u00f3quia S\u00e3o Jo\u00e3o Bosco \u2013 Rua Para\u00edba, 1787 \u2013 Vila C\u00e9lia<\/span><\/p>\n<p><span style=\"font-weight: 400;\">Entrada: Gratuita<\/span><\/p>\n<p><b>Exposi\u00e7\u00e3o \u201cCarmen Portinho: pioneira do urbanismo no Brasil\u201d &#8211;<\/b><span style=\"font-weight: 400;\"> A mostra destaca a trajet\u00f3ria da urbanista corumbaense Carmen Portinho, primeira mulher a receber esse t\u00edtulo no pa\u00eds.<\/span><\/p>\n<p><span style=\"font-weight: 400;\">Hor\u00e1rio: 9h \u00e0s 12h<\/span><\/p>\n<p><span style=\"font-weight: 400;\">Local: Casa de Cultura de Campo Grande \u2013 Av. Afonso Pena, 2270<\/span><\/p>\n<p><span style=\"font-weight: 400;\">Entrada: Gratuita<\/span><\/p>\n<p><b>Torresmofest &#8211;<\/b><span style=\"font-weight: 400;\"> O festival re\u00fane mais de 20 expositores que oferecem gastronomia e m\u00fasica de qualidade. O destaque fica para o torresmo, petisco que d\u00e1 nome ao evento, dispon\u00edvel em v\u00e1rias vers\u00f5es. Tamb\u00e9m haver\u00e1 venda de chopps e drinks para acompanhar.<\/span><\/p>\n<p><span style=\"font-weight: 400;\">Hor\u00e1rio: 12h \u00e0s 23h<\/span><\/p>\n<p><span style=\"font-weight: 400;\">Local: Espa\u00e7o Municipal de Cultura Vila Morena \u2013 Jardim Veraneio<\/span><\/p>\n<p><span style=\"font-weight: 400;\">Entrada: Gratuita<\/span><\/p>\n<p><b>\u201cSertanejo Respira\u201d com Fred &amp; Fabr\u00edcio &#8211;<\/b><span style=\"font-weight: 400;\"> A dupla apresenta seu novo show no Clube de La\u00e7o CLC, celebrando a m\u00fasica sertaneja com emo\u00e7\u00e3o e raiz.<\/span><\/p>\n<p><span style=\"font-weight: 400;\">Hor\u00e1rio: 22h<\/span><\/p>\n<p><span style=\"font-weight: 400;\">Local: Clube de La\u00e7o CLC \u2013 MS \u2013 010<\/span><\/p>\n<p><span style=\"font-weight: 400;\">Entrada: a partir de R$ 60 pelo link <\/span><span style=\"font-weight: 400;\">https:\/\/www.ingressonacional.com.br\/evento\/31066\/fred-e-fabricio&#8211;sertanejo-respira<\/span><\/p>\n<p><b>1\u00aa Mostra de Cinema de Anima\u00e7\u00e3o e Fantasia \u201cNas Asas da Imagina\u00e7\u00e3o Tcheca\u201d &#8211; <\/b><span style=\"font-weight: 400;\">O Museu da Imagem e do Som, em conjunto com o Consulado da Rep\u00fablica Tcheca em S\u00e3o Paulo, apresenta uma sele\u00e7\u00e3o de filmes especiais produzidos entre 1940 e 1970. Neste s\u00e1bado, ser\u00e3o exibidos curtas infantis durante a tarde e o filme \u201cO Bar\u00e3o Fanfarr\u00e3o\u201d (1962) \u00e0 noite.<\/span><\/p>\n<p><span style=\"font-weight: 400;\">Hor\u00e1rio: 16h e 19h<\/span><\/p>\n<p><span style=\"font-weight: 400;\">Local: MIS \u2013 Museu da Imagem e do Som<\/span><\/p>\n<p><span style=\"font-weight: 400;\">Entrada: Gratuita<\/span><\/p>\n<p><b>Exposi\u00e7\u00e3o \u201cCarmen Portinho: pioneira do urbanismo no Brasil\u201d &#8211;<\/b><span style=\"font-weight: 400;\"> A exposi\u00e7\u00e3o aborda a trajet\u00f3ria profissional, pol\u00edtica e social de Carmen Portinho, natural de Corumb\u00e1 (MS) e a primeira mulher a receber o t\u00edtulo de urbanista no Brasil.<\/span><\/p>\n<p><span style=\"font-weight: 400;\">Hor\u00e1rio: 9h \u00e0s 12h<\/span><\/p>\n<p><span style=\"font-weight: 400;\">Local: Casa de Cultura de Campo Grande \u2013 Av. Afonso Pena, 2270<\/span><\/p>\n<p><span style=\"font-weight: 400;\">Entrada: Gratuita<\/span><\/p>\n<p><b>Joyce Alane \u2013 \u201cTudo \u00c9 Minha Culpa\u201d &#8211;<\/b><span style=\"font-weight: 400;\"> A artista pernambucana apresenta seu \u00e1lbum de estreia \u201cTudo \u00c9 Minha Culpa\u201d em dois shows cheio de emo\u00e7\u00e3o, for\u00e7a e autenticidade, nesta sexta e s\u00e1bado.<\/span><\/p>\n<p><span style=\"font-weight: 400;\">Hor\u00e1rio: 19h<\/span><\/p>\n<p><span style=\"font-weight: 400;\">Local: Sesc Teatro Prosa \u2013 R. Anhandui, 200<\/span><\/p>\n<p><span style=\"font-weight: 400;\">Entrada: Gratuita<\/span><\/p>\n<p><b>Lan\u00e7amento do Livro \u201cPalavras Aquareladas\u201d &#8211;<\/b><span style=\"font-weight: 400;\"> A autora Maria Clara de Rezende Valle eterniza o amor pelo marido em palavras, com poemas inspirados nas aquarelas produzidas pelo esposo.<\/span><\/p>\n<p><span style=\"font-weight: 400;\">Hor\u00e1rio: 18h30<\/span><\/p>\n<p><span style=\"font-weight: 400;\">Local: Restaurante Graciliano \u2013 R. Osvaldo Cruz, 45<\/span><\/p>\n<p><span style=\"font-weight: 400;\">Entrada: Gratuita<\/span><\/p>\n<p><b>13\u00ba Desapega CG &#8211;<\/b><span style=\"font-weight: 400;\"> Roupas, acess\u00f3rios, cal\u00e7ados, brinquedos, plantas, livros, decora\u00e7\u00e3o\u2026 O Desapega CG re\u00fane milhares de pe\u00e7as \u00fanicas, de 80 expositores, neste s\u00e1bado, a pre\u00e7os acess\u00edveis.<\/span><\/p>\n<p><span style=\"font-weight: 400;\">Hor\u00e1rio: 8h \u00e0s 16h<\/span><\/p>\n<p><span style=\"font-weight: 400;\">Local: Centro Poliesportivo da Vila Almeida<\/span><\/p>\n<p><span style=\"font-weight: 400;\">Entrada: Gratuita<\/span><\/p>\n<p><b>Circuito Era Glacial &#8211; <\/b><span style=\"font-weight: 400;\">O circuito, no Shopping Norte Sul, \u00e9 voltado para crian\u00e7as de at\u00e9 13 anos e convida os pequenos para uma viagem ao passado com os dinossaurinhos mais fofos.<\/span><\/p>\n<p><span style=\"font-weight: 400;\">Hor\u00e1rio: conforme funcionamento do shopping<\/span><\/p>\n<p><span style=\"font-weight: 400;\">Local: Shopping Norte Sul Plaza \u2013 em frente \u00e0 Renner<\/span><\/p>\n<p><span style=\"font-weight: 400;\">Entrada: A partir de R$ 35<\/span><\/p>\n<p><b>Sonic Mountain Park &#8211;<\/b><span style=\"font-weight: 400;\"> A nova atra\u00e7\u00e3o do Shopping Campo Grande promete colocar a crian\u00e7ada para correr e brincar com o ouri\u00e7o azul mais famoso dos games, com desafios e aventuras radicais para crian\u00e7as de 4 a 12 anos (menores de 4 anos devem estar acompanhados dos pais). O parque traz um circuito com obst\u00e1culos e desafios, como a boia cross, a parede de escalada, o escorrega, a piscina de bolinhas e ainda a \u00e1rea de games.<\/span><\/p>\n<p><span style=\"font-weight: 400;\">Hor\u00e1rio: conforme funcionamento do shopping<\/span><\/p>\n<p><span style=\"font-weight: 400;\">Local: 1\u00ba Piso do Shopping Campo Grande<\/span><\/p>\n<p><span style=\"font-weight: 400;\">Entrada: A partir de R$ 50<\/span><\/p>\n<p><b>Roda Gigante &#8211; <\/b><span style=\"font-weight: 400;\">Depois de passar por grandes eventos e cidades do Brasil, a roda gigante de 22 metros chega a Campo Grande com 16 cabines iluminadas, garantindo uma vista panor\u00e2mica da cidade. O passeio inclui quatro voltas, \u00e9 acess\u00edvel, pet friendly (para animais de pequeno porte com coleira) e indicado para toda a fam\u00edlia. Crian\u00e7as at\u00e9 12 anos devem estar acompanhadas por um adulto pagante.<\/span><\/p>\n<p><span style=\"font-weight: 400;\">Hor\u00e1rio: conforme funcionamento do shopping<\/span><\/p>\n<p><span style=\"font-weight: 400;\">Local: Estacionamento do Shopping Campo Grande (em frente \u00e0 F\u00f3rmula Academia)<\/span><\/p>\n<p><span style=\"font-weight: 400;\">Entrada: R$ 20 por pessoa<\/span><\/p>\n<p><b>Espet\u00e1culo \u201cMixicirquinho\u201d &#8211;<\/b><span style=\"font-weight: 400;\"> Esse espet\u00e1culo para toda a fam\u00edlia apresenta a Palha\u00e7a Mixirica e sua amiga Mixipulga, prontas para encantar o p\u00fablico com aventuras circenses cheias de humor e divers\u00e3o.<\/span><\/p>\n<p><span style=\"font-weight: 400;\">Hor\u00e1rio: 17h<\/span><\/p>\n<p><span style=\"font-weight: 400;\">Local: Espa\u00e7o Fulano di Tal \u2013 R. Rui Barbosa, 3099<\/span><\/p>\n<p><span style=\"font-weight: 400;\">Entrada: Gratuita<\/span><\/p>\n<p><b>Espet\u00e1culo \u201cA Magia da Sustentabilidade\u201d &#8211;<\/b><span style=\"font-weight: 400;\"> O m\u00e1gico Kradyn Junior est\u00e1 em turn\u00ea com seu novo espet\u00e1culo de m\u00e1gica que mistura entretenimento e educa\u00e7\u00e3o ambiental. O n\u00famero ser\u00e1 exibido em duas sess\u00f5es gratuitas neste s\u00e1bado.<\/span><\/p>\n<p><span style=\"font-weight: 400;\">Hor\u00e1rio: 16h30 e 18h<\/span><\/p>\n<p><span style=\"font-weight: 400;\">Local: Esta\u00e7\u00e3o Teatro do Mundo \u2013 R. Bar\u00e3o de Melga\u00e7o, 177<\/span><\/p>\n<p><span style=\"font-weight: 400;\">Entrada: Gratuita<\/span><\/p>\n<p><b>Show \u201c\u00c9 o Amor no Ar\u201d &#8211;<\/b><span style=\"font-weight: 400;\"> Rick Agra apresenta seu show autoral \u201c\u00c9 o Amor no Ar\u201d no Teatro do Mundo. Com um repert\u00f3rio repleto de can\u00e7\u00f5es rom\u00e2nticas, o cantor e compositor mistura MPB, bossa nova e pop rom\u00e2ntico para contar hist\u00f3rias de amor, encontros e saudades. O espet\u00e1culo traz m\u00fasicas sens\u00edveis que refletem sua trajet\u00f3ria e emo\u00e7\u00f5es, convidando o p\u00fablico a uma experi\u00eancia musical profunda e envolvente.<\/span><\/p>\n<p><span style=\"font-weight: 400;\">Hor\u00e1rio: 20h<\/span><\/p>\n<p><span style=\"font-weight: 400;\">Local: Esta\u00e7\u00e3o Teatro do Mundo \u2013 R. Bar\u00e3o de Melga\u00e7o, 177<\/span><\/p>\n<p><span style=\"font-weight: 400;\">Entrada: R$ 33 pelo link <\/span><span style=\"font-weight: 400;\">https:\/\/www.sympla.com.br\/evento\/show-e-o-amor-no-ar-rick-agra\/2949879<\/span><\/p>\n<p><b>Feira de Ado\u00e7\u00e3o Amicats &#8211; <\/b><span style=\"font-weight: 400;\">A ONG Amicats realiza, neste s\u00e1bado, mais uma edi\u00e7\u00e3o da feira de ado\u00e7\u00e3o, com cerca de 20 animais, entre filhotes e adultos, dispon\u00edveis para encontrar um novo lar. O evento re\u00fane c\u00e3es e gatos resgatados por protetoras independentes e pela pr\u00f3pria ONG, que acolhe mais de 400 gatos. Quem quiser pode obter mais informa\u00e7\u00f5es pelo Instagram @ongamicats.<\/span><\/p>\n<p><span style=\"font-weight: 400;\">Hor\u00e1rio: 13h \u00e0s 18h<\/span><\/p>\n<p><span style=\"font-weight: 400;\">Local: Outpet \u2013 Rua Professor Alexandre de Oliveira, 30<\/span><\/p>\n<p><span style=\"font-weight: 400;\">Entrada: Gratuita<\/span><\/p>\n<p><b>Curral 67 \u2013 Edi\u00e7\u00e3o Ra\u00edzes &#8211;<\/b><span style=\"font-weight: 400;\"> Na terceira edi\u00e7\u00e3o do evento, a ess\u00eancia raiz de Mato Grosso do Sul e a cultura do agroneg\u00f3cio se encontram em uma noite com apresenta\u00e7\u00f5es de v\u00e1rios artistas sertanejos do estado.<\/span><\/p>\n<p><span style=\"font-weight: 400;\">Hor\u00e1rio: a partir das 20h<\/span><\/p>\n<p><span style=\"font-weight: 400;\">Local: Gran Murano Buffet \u2013 Av. Mato Grosso, 5046 \u2013 Carand\u00e1 Bosque<\/span><\/p>\n<p><span style=\"font-weight: 400;\">Entrada: a partir de R$ 75 pelo link <\/span><span style=\"font-weight: 400;\">https:\/\/pantanalingressos.com.br\/comprar\/393\/curral-67-edicao-raizes<\/span><\/p>\n<p><b>Bosque Retr\u00f4 &#8211;<\/b><span style=\"font-weight: 400;\"> O evento de colecionismo e exposi\u00e7\u00e3o de antiguidades, promovido pela Feira do Bosque da Paz, re\u00fane moda, m\u00fasica e estilo neste s\u00e1bado e domingo no Shopping Bosque dos Ip\u00eas, al\u00e9m de expositores de artesanato e carros antigos.<\/span><\/p>\n<p><span style=\"font-weight: 400;\">Hor\u00e1rio: 10h \u00e0s 22h<\/span><\/p>\n<p><span style=\"font-weight: 400;\">Local: Shopping Bosque dos Ip\u00eas<\/span><\/p>\n<p><span style=\"font-weight: 400;\">Entrada: Gratuita<\/span><\/p>\n<p><b>DJ Mau Mau em Campo Grande &#8211; <\/b><span style=\"font-weight: 400;\">Refer\u00eancia no cen\u00e1rio eletr\u00f4nico nacional, o DJ Mau Mau comanda a pista do Kafofo ao lado de um time de peso. A noite promete muito house e techno.<\/span><\/p>\n<p><span style=\"font-weight: 400;\">Hor\u00e1rio: 23h<\/span><\/p>\n<p><span style=\"font-weight: 400;\">Local: Kafofo \u2013 Rua Dr. Tem\u00edstocles, 112<\/span><\/p>\n<p><span style=\"font-weight: 400;\">Entrada: A partir de R$ 40 pelo link <\/span><span style=\"font-weight: 400;\">https:\/\/slticket.com.br\/5-dj-mau-mau<\/span><\/p>\n<p><b>Karla Coronel \u2013 \u201cCopo Cheio &amp; Cora\u00e7\u00e3o Vazio\u201d &#8211;<\/b><span style=\"font-weight: 400;\"> A noite de s\u00e1bado ser\u00e1 de mod\u00e3o e sofr\u00eancia com a cantora Karla Coronel. Um repert\u00f3rio cheio de emo\u00e7\u00e3o para curtir na CapivaS.<\/span><\/p>\n<p><span style=\"font-weight: 400;\">Hor\u00e1rio: 19h<\/span><\/p>\n<p><span style=\"font-weight: 400;\">Local: Capivas Cervejaria<\/span><\/p>\n<p><span style=\"font-weight: 400;\">Entrada: A partir de R$ 10<\/span><\/p>\n<p><b>Maur\u00edcio Dollenz em \u201cCoringa\u201d &#8211;<\/b><span style=\"font-weight: 400;\"> O humorista chileno Maur\u00edcio Dollenz aterriza em Campo Grande para um show insano que vai virar sua cabe\u00e7a, com humor \u00e1cido, cr\u00edtica afiada e muitas risadas garantidas.<\/span><\/p>\n<p><span style=\"font-weight: 400;\">Hor\u00e1rio: 21h<\/span><\/p>\n<p><span style=\"font-weight: 400;\">Local: Teatro Dom Bosco<\/span><\/p>\n<p><span style=\"font-weight: 400;\">Entrada: a partir de R$ 40 pelo link <\/span><span style=\"font-weight: 400;\">https:\/\/ingressodigital.com\/evento\/14687\/Mauricio_Dollenz__Coringa<\/span><\/p>\n<p><b>BBQ &#8211;<\/b><span style=\"font-weight: 400;\"> O funk toma conta da cidade com um esquenta no Ponto Bar e, depois, baile na NON Stop. DJs Let\u00edcia Hayanni, Jubba e Gikka comandam a festa, que contar\u00e1 tamb\u00e9m com a Carreta Furac\u00e3o.<\/span><\/p>\n<p><span style=\"font-weight: 400;\">Hor\u00e1rio: 22h<\/span><\/p>\n<p><span style=\"font-weight: 400;\">Local: Ponto Bar (esquenta) | NON (baile)<\/span><\/p>\n<p><span style=\"font-weight: 400;\">Entrada: a partir de R$ 5 na portaria<\/span><\/p>\n<h4><b>Tacuru<\/b><\/h4>\n<p><b>Expotac &#8211;<\/b><span style=\"font-weight: 400;\"> A renomada dupla sertaneja Gino e Geno se apresenta neste s\u00e1bado, prometendo animar o p\u00fablico com seus maiores sucessos.\u00a0<\/span><\/p>\n<p><span style=\"font-weight: 400;\">Hor\u00e1rio: a partir das 19h<\/span><\/p>\n<p><span style=\"font-weight: 400;\">Local: Parque de Rodeio Vin\u00edcius Menegaz Prado<\/span><\/p>\n<p><span style=\"font-weight: 400;\">Entrada: gratuita<\/span><\/p>\n<h4><b>Dourados<\/b><\/h4>\n<p><b>Thiago Ventura \u2013 \u201cPra Qu\u00ea \u2018Que Eu\u2019 Vou Mentir?\u201d &#8211; <\/b><span style=\"font-weight: 400;\">Thiago Ventura chega a Dourados com seu espet\u00e1culo sobre mentiras cotidianas. Com muito humor e boas sacadas, o comediante promete arrancar gargalhadas.<\/span><\/p>\n<p><span style=\"font-weight: 400;\">Hor\u00e1rio: 20h<\/span><\/p>\n<p><span style=\"font-weight: 400;\">Local: Centro de Eventos Unigran \u2013 Dourados<\/span><\/p>\n<p><span style=\"font-weight: 400;\">Entrada: A partir de R$ 47 pelo link <\/span><span style=\"font-weight: 400;\">https:\/\/realizashows.com.br\/comprar-ingresso\/thiago-ventura-show-novo-2025-dourados-ms-8467<\/span><\/p>\n<h4><b>Figueir\u00e3o<\/b><\/h4>\n<p><b>114\u00aa Festa do Divino Esp\u00edrito Santo &#8211; <\/b><span style=\"font-weight: 400;\">A tradicional Festa do Divino Esp\u00edrito Santo, realizada pela Comunidade Quilombola de Santa Tereza, chega \u00e0 sua 114\u00aa edi\u00e7\u00e3o neste fim de semana em Figueir\u00e3o. Neste s\u00e1bado, a programa\u00e7\u00e3o come\u00e7a \u00e0s 15h com a recep\u00e7\u00e3o dos foli\u00f5es e a chegada da bandeira. \u00c0s 17h, ser\u00e1 celebrada a missa em a\u00e7\u00e3o de gra\u00e7as, seguida de jantar comunit\u00e1rio, reza do ter\u00e7o, hasteamento do mastro e queima da fogueira. A noite segue com apresenta\u00e7\u00e3o da dan\u00e7a da catira e baile com F\u00e1bio Cunha e Grupo Batid\u00e3o.<\/span><\/p>\n<p><span style=\"font-weight: 400;\">Hor\u00e1rio: A partir das 15h<\/span><\/p>\n<p><span style=\"font-weight: 400;\">Local: Fazenda Santa Tereza \u2013 regi\u00e3o da Pontinha do Cocho, Figueir\u00e3o (MS)<\/span><\/p>\n<p><span style=\"font-weight: 400;\">Entrada: Gratuita<\/span><\/p>\n<h4><b>Navira\u00ed<\/b><\/h4>\n<p><b>22\u00aa Fejunavi &#8211;<\/b><span style=\"font-weight: 400;\"> A 22\u00aa edi\u00e7\u00e3o da Fejunavi traz tradi\u00e7\u00e3o, m\u00fasica, dan\u00e7as e comidas t\u00edpicas \u00e0 Pra\u00e7a Prefeito Euclides Fabris. Neste s\u00e1bado, programa\u00e7\u00e3o promete resgatar a cultura junina com energia e premia\u00e7\u00f5es. A festa come\u00e7a \u00e0s 17h com o concurso de quadrilhas \u2013 s\u00e3o 11 grupos inscritos nas categorias kids, infanto-juvenil e juvenil, disputando uma premia\u00e7\u00e3o de R$\u202f6\u202fmil. Na sequ\u00eancia, \u00e0s 20h, o p\u00fablico ser\u00e1 embalado pelo show de Sandrin Art Music; \u00e0s 21h, o ritmo segue com Ip\u00ea de Serra; e, para fechar a noite, a banda Cali sobe ao palco \u00e0s 23h.\u00a0<\/span><\/p>\n<p><span style=\"font-weight: 400;\">Hor\u00e1rio: a partir das 17h<\/span><\/p>\n<p><span style=\"font-weight: 400;\">Local: Pra\u00e7a Prefeito Euclides Fabris<\/span><\/p>\n<p><span style=\"font-weight: 400;\">Entrada: Gratuita<\/span><\/p>\n<h4><b>Sidrol\u00e2ndia<\/b><\/h4>\n<p><b>Festival de Inverno do Turismo Rural CG \u2013 Caminhos dos Ip\u00eas &#8211;<\/b><span style=\"font-weight: 400;\"> O Festival de Inverno do Turismo Rural \u201cCaminhos dos Ip\u00eas\u201d acontece neste fim de semana em Sidrol\u00e2ndia, promovendo uma imers\u00e3o na cultura regional com m\u00fasica, gastronomia de campo e clima acolhedor em meio \u00e0 natureza. A programa\u00e7\u00e3o visa valorizar as tradi\u00e7\u00f5es locais, reunindo visitantes em atividades ao ar livre, saboreando produtos artesanais e celebrando o estilo de vida rural.<\/span><\/p>\n<p><span style=\"font-weight: 400;\">Neste s\u00e1bado, o destaque fica por conta do Grupo Atra\u00e7\u00e3o Baileira, que levar\u00e1 ao p\u00fablico seu repert\u00f3rio de m\u00fasicas t\u00edpicas e dan\u00e7a com forte identidade sul-mato-grossense. O evento inclui fogueira, compartilhamento de sopas, caldos e queijos, al\u00e9m de momentos para confraterniza\u00e7\u00e3o junto \u00e0 paisagem dos ip\u00eas floridos.<\/span><\/p>\n<p><span style=\"font-weight: 400;\">Hor\u00e1rio: a partir das 17h<\/span><\/p>\n<p><span style=\"font-weight: 400;\">Local: Zona rural de Sidrol\u00e2ndia (MS) \u2013 Caminhos dos Ip\u00eas<\/span><\/p>\n<p><span style=\"font-weight: 400;\">Entrada: gr\u00e1tis (crian\u00e7as at\u00e9 5 anos), R$ 75 (crian\u00e7as de 6 a 10 anos) e R$ 100 (a partir de 11 anos)<\/span><\/p>\n<h4><strong>Rio Verde de Mato Grosso<\/strong><\/h4>\n<p><strong>Expoverde &#8211;<\/strong> Neste s\u00e1bado tem show com \u00cdcaro e Gilmar.<\/p>\n<p>Hor\u00e1rio: a partir das 18h<\/p>\n<p>Local: Parque de Exposi\u00e7\u00f5es Ol\u00edvio Valteno de Oliveira<\/p>\n<p>Entrada: Gratuita<\/p>\n<h4><span style=\"text-decoration: underline;\"><b>Domingo (8)<\/b><\/span><\/h4>\n<p><b>Arrai\u00e1 do Klebinho &#8211;<\/b><span style=\"font-weight: 400;\"> Edi\u00e7\u00e3o que re\u00fane comidas t\u00edpicas, quadrilha, dan\u00e7a e shows regionais. O espa\u00e7o ser\u00e1 ponto de encontro para fam\u00edlias e amigos em clima caipira.<\/span><\/p>\n<p><span style=\"font-weight: 400;\">Hor\u00e1rio: 18h30<\/span><\/p>\n<p><span style=\"font-weight: 400;\">Local: Rua Neferson Clair de Morais, 733 \u2013 Cidade Morena<\/span><\/p>\n<p><span style=\"font-weight: 400;\">Entrada: Gratuita<\/span><\/p>\n<p><b>Arrai\u00e1 do Santu\u00e1rio S\u00e3o Judas Tadeu &#8211;<\/b><span style=\"font-weight: 400;\"> Com quatro dias de festa, o arraial combina momentos de f\u00e9 com cultura popular. Haver\u00e1 missas, quadrilha, apresenta\u00e7\u00f5es art\u00edsticas e barracas com comidas juninas \u2014 incluindo churrasco no encerramento.<\/span><\/p>\n<p><span style=\"font-weight: 400;\">Hor\u00e1rio: 19h30<\/span><\/p>\n<p><span style=\"font-weight: 400;\">Local: Rua Fernando Augusto Corr\u00eaa da Costa, 58 \u2013 Jardim Am\u00e9rica<\/span><\/p>\n<p><span style=\"font-weight: 400;\">Entrada: Gratuita<\/span><\/p>\n<p><b>Feira da Pra\u00e7a Bol\u00edvia &#8211;<\/b><span style=\"font-weight: 400;\"> Domingo \u00e9 dia de circular pela Feira da Bol\u00edvia, que re\u00fane expositores de moda, antiguidades, gastronomia e arte local. O palco ser\u00e1 ocupado por nomes como Brisa do Mato, Fernando Morreu, Banda Big Field, Leca Harper, Robson Vieira, Nano El\u00e2nio e Rafael Bendo.<\/span><\/p>\n<p><span style=\"font-weight: 400;\">Hor\u00e1rio: 9h \u00e0s 14h<\/span><\/p>\n<p><span style=\"font-weight: 400;\">Local: Pra\u00e7a Bol\u00edvia<\/span><\/p>\n<p><span style=\"font-weight: 400;\">Entrada: Gratuita<\/span><\/p>\n<p><b>Espet\u00e1culo \u201cMixicirquinho\u201d &#8211;<\/b><span style=\"font-weight: 400;\"> Uma tarde para toda a fam\u00edlia com a Palha\u00e7a Mixirica e sua parceira de cena, Mixipulga. As duas conduzem o p\u00fablico por uma jornada repleta de n\u00fameros circenses, risos e intera\u00e7\u00f5es leves e bem-humoradas.<\/span><\/p>\n<p><span style=\"font-weight: 400;\">Hor\u00e1rio: 17h<\/span><\/p>\n<p><span style=\"font-weight: 400;\">Local: Espa\u00e7o Fulano di Tal \u2013 Rua Rui Barbosa, 3099<\/span><\/p>\n<p><span style=\"font-weight: 400;\">Entrada: Gratuita<\/span><\/p>\n<p><b>Torresmofest &#8211; <\/b><span style=\"font-weight: 400;\">O festival re\u00fane mais de 20 expositores que oferecem gastronomia e m\u00fasica de qualidade. O destaque fica para o torresmo, petisco que d\u00e1 nome ao evento, dispon\u00edvel em v\u00e1rias vers\u00f5es. Tamb\u00e9m haver\u00e1 venda de chopps e drinks para acompanhar.<\/span><\/p>\n<p><span style=\"font-weight: 400;\">Hor\u00e1rio: 12h \u00e0s 23h<\/span><\/p>\n<p><span style=\"font-weight: 400;\">Local: Espa\u00e7o Municipal de Cultura Vila Morena \u2013 Jardim Veraneio<\/span><\/p>\n<p><span style=\"font-weight: 400;\">Entrada: Gratuita<\/span><\/p>\n<p><b>Bosque Retr\u00f4 &#8211; <\/b><span style=\"font-weight: 400;\">O clima vintage toma conta do Shopping Bosque dos Ip\u00eas durante o fim de semana, com atra\u00e7\u00f5es para quem aprecia antiguidades, carros cl\u00e1ssicos, moda retr\u00f4 e artesanato. O evento tamb\u00e9m oferece m\u00fasica ao vivo e atividades culturais em um ambiente nost\u00e1lgico.<\/span><\/p>\n<p><span style=\"font-weight: 400;\">Hor\u00e1rio: 10h \u00e0s 22h<\/span><\/p>\n<p><span style=\"font-weight: 400;\">Local: Shopping Bosque dos Ip\u00eas<\/span><\/p>\n<p><span style=\"font-weight: 400;\">Entrada: Gratuita<\/span><\/p>\n<p><b>Circuito Era Glacial &#8211; <\/b><span style=\"font-weight: 400;\">O circuito, no Shopping Norte Sul, \u00e9 voltado para crian\u00e7as de at\u00e9 13 anos e convida os pequenos para uma viagem ao passado com os dinossaurinhos mais fofos.<\/span><\/p>\n<p><span style=\"font-weight: 400;\">Hor\u00e1rio: conforme funcionamento do shopping<\/span><\/p>\n<p><span style=\"font-weight: 400;\">Local: Shopping Norte Sul Plaza \u2013 em frente \u00e0 Renner<\/span><\/p>\n<p><span style=\"font-weight: 400;\">Entrada: A partir de R$ 35<\/span><\/p>\n<p><b>Sonic Mountain Park &#8211;<\/b><span style=\"font-weight: 400;\"> A nova atra\u00e7\u00e3o do Shopping Campo Grande promete colocar a crian\u00e7ada para correr e brincar com o ouri\u00e7o azul mais famoso dos games, com desafios e aventuras radicais para crian\u00e7as de 4 a 12 anos (menores de 4 anos devem estar acompanhados dos pais). O parque traz um circuito com obst\u00e1culos e desafios, como boia cross, parede de escalada, escorrega, piscina de bolinhas e \u00e1rea de games.<\/span><\/p>\n<p><span style=\"font-weight: 400;\">Hor\u00e1rio: conforme funcionamento do shopping<\/span><\/p>\n<p><span style=\"font-weight: 400;\">Local: 1\u00ba Piso do Shopping Campo Grande<\/span><\/p>\n<p><span style=\"font-weight: 400;\">Entrada: A partir de R$ 50<\/span><\/p>\n<p><b>Roda Gigante &#8211; <\/b><span style=\"font-weight: 400;\">Depois de passar por grandes eventos e cidades do Brasil, a roda gigante de 22 metros chega a Campo Grande com 16 cabines iluminadas, garantindo uma vista panor\u00e2mica da cidade. O passeio inclui quatro voltas, \u00e9 acess\u00edvel, pet friendly (para animais de pequeno porte com coleira) e indicado para toda a fam\u00edlia. Crian\u00e7as at\u00e9 12 anos devem estar acompanhadas por um adulto pagante.<\/span><\/p>\n<p><span style=\"font-weight: 400;\">Hor\u00e1rio: conforme funcionamento do shopping<\/span><\/p>\n<p><span style=\"font-weight: 400;\">Local: Estacionamento do Shopping Campo Grande (em frente \u00e0 F\u00f3rmula Academia)<\/span><\/p>\n<p><span style=\"font-weight: 400;\">Entrada: R$ 20 por pessoa<\/span><\/p>\n<p><b>Feira do Panam\u00e1 \u2013 Edi\u00e7\u00e3o Junina &#8211; <\/b><span style=\"font-weight: 400;\">A edi\u00e7\u00e3o junina da Feira do Panam\u00e1 promete um domingo animado com barraquinhas de comidas t\u00edpicas, artesanato e atra\u00e7\u00f5es culturais. A programa\u00e7\u00e3o musical inclui Antigo Aposento, Thaina Almeida e Banda Summer, al\u00e9m da quadrilha dos alunos do projeto Movimenta Campo Grande.<\/span><\/p>\n<p><span style=\"font-weight: 400;\">Hor\u00e1rio: 9h \u00e0s 16h<\/span><\/p>\n<p><span style=\"font-weight: 400;\">Local: Pra\u00e7a do Panam\u00e1 \u2013 Rua Palestina, esquina com Rua N\u00e1utico<\/span><\/p>\n<p><span style=\"font-weight: 400;\">Entrada: Gratuita<\/span><\/p>\n<p><b>Pagode de Domingo &#8211; <\/b><span style=\"font-weight: 400;\">O grupo Pagode na Pele comanda mais uma edi\u00e7\u00e3o do tradicional pagode de domingo no M\u00e1 Donna Bar. Um fim de noite descontra\u00eddo ao som dos cl\u00e1ssicos do g\u00eanero.<\/span><\/p>\n<p><span style=\"font-weight: 400;\">Hor\u00e1rio: 19h<\/span><\/p>\n<p><span style=\"font-weight: 400;\">Local: M\u00e1 Donna Bar \u2013 Rua 14 de Julho, 2459<\/span><\/p>\n<p><span style=\"font-weight: 400;\">Entrada: Gratuita<\/span><\/p>\n<p><b>Thiago Ventura \u2013 \u201cPra Qu\u00ea \u2018Que Eu\u2019 Vou Mentir?\u201d &#8211;<\/b><span style=\"font-weight: 400;\"> Em dois hor\u00e1rios, o comediante Thiago Ventura sobe ao palco do Teatro Dom Bosco com seu novo espet\u00e1culo. Misturando hist\u00f3rias reais e situa\u00e7\u00f5es exageradas, ele provoca o p\u00fablico com reflex\u00f5es bem-humoradas sobre o h\u00e1bito de mentir.<\/span><\/p>\n<p><span style=\"font-weight: 400;\">Hor\u00e1rios: 18h e 20h30<\/span><\/p>\n<p><span style=\"font-weight: 400;\">Local: Teatro Dom Bosco<\/span><\/p>\n<p><span style=\"font-weight: 400;\">Entrada: A partir de R$ 87 pelo link <\/span><span style=\"font-weight: 400;\">https:\/\/realizashows.com.br\/comprar-ingresso\/thiago-ventura-show-novo-2025-campo-grande-ms-8468<\/span><\/p>\n<h4><b>Tacuru<\/b><\/h4>\n<p><b>Expotac &#8211;<\/b><span style=\"font-weight: 400;\"> A dupla Marcos Paulo e Marcelo fecha a Expotac 2025 com muito sertanejo no palco.\u00a0<\/span><\/p>\n<p><span style=\"font-weight: 400;\">Hor\u00e1rio: a partir das 19h<\/span><\/p>\n<p><span style=\"font-weight: 400;\">Local: Parque de Rodeio Vin\u00edcius Menegaz Prado<\/span><\/p>\n<p><span style=\"font-weight: 400;\">Entrada: gratuita<\/span><\/p>\n<h4><b>Navira\u00ed<\/b><\/h4>\n<p><b>22\u00aa Fejunavi &#8211;<\/b><span style=\"font-weight: 400;\"> A 22\u00aa Fejunavi termina neste domingo com programa\u00e7\u00e3o a partir das 11h na Pra\u00e7a Prefeito Euclides Fabris. O dia come\u00e7a com almo\u00e7o comunit\u00e1rio e segue com apresenta\u00e7\u00f5es culturais, dan\u00e7a, premia\u00e7\u00e3o das quadrilhas e barracas decoradas, al\u00e9m da final do Festival de M\u00fasica. Os shows da noite ficam por conta de Jo\u00e3o Haroldo e Betinho e Sandrin Art Music.<\/span><\/p>\n<p><span style=\"font-weight: 400;\">Hor\u00e1rio: a partir das 11h<\/span><\/p>\n<p><span style=\"font-weight: 400;\">Local: Pra\u00e7a Prefeito Euclides Fabris<\/span><\/p>\n<p><span style=\"font-weight: 400;\">Entrada: Gratuita<\/span><\/p>\n<p><i><span style=\"font-weight: 400;\">Lucas Castro, Comunica\u00e7\u00e3o Setesc<br \/><\/span><\/i><i><span style=\"font-weight: 400;\">Foto de destaque: Divulga\u00e7\u00e3o<\/span><\/i><\/p>\n<\/div>\n","protected":false},"excerpt":{"rendered":"<p>O clima junino chegou com for\u00e7a a Mato Grosso do Sul e marca presen\u00e7a em diversos cantos do estado neste fim de semana. Em Campo Grande, o p\u00fablico pode aproveitar arraiais como o da AACC-MS, o Arrai\u00e1 da Feira Ziriguidum, o Arrai\u00e1 do Klebinho, o da Pestalozzi, entre outros, com quadrilhas, comidas t\u00edpicas, shows e &hellip;<\/p>\n","protected":false},"author":1,"featured_media":0,"comment_status":"open","ping_status":"open","sticky":false,"template":"","format":"standard","meta":{"_jetpack_memberships_contains_paid_content":false,"footnotes":""},"categories":[12410],"tags":[],"class_list":["post-444670","post","type-post","status-publish","format-standard","hentry","category-ms"],"yoast_head":"<!-- This site is optimized with the Yoast SEO plugin v27.5 - https:\/\/yoast.com\/product\/yoast-seo-wordpress\/ -->\n<title>bandeirinhas, forr\u00f3 e quitutes marcam o in\u00edcio das festas juninas em Mato Grosso do Sul \u2013 Ag\u00eancia de Noticias do Governo de Mato Grosso do Sul<\/title>\n<meta name=\"robots\" content=\"index, follow, max-snippet:-1, max-image-preview:large, max-video-preview:-1\" \/>\n<link rel=\"canonical\" href=\"https:\/\/mrnews.com.br\/index.php\/2025\/06\/07\/bandeirinhas-forro-e-quitutes-marcam-o-inicio-das-festas-juninas-em-mato-grosso-do-sul-agencia-de-noticias-do-governo-de-mato-grosso-do-sul\/\" \/>\n<meta property=\"og:locale\" content=\"pt_BR\" \/>\n<meta property=\"og:type\" content=\"article\" \/>\n<meta property=\"og:title\" content=\"bandeirinhas, forr\u00f3 e quitutes marcam o in\u00edcio das festas juninas em Mato Grosso do Sul \u2013 Ag\u00eancia de Noticias do Governo de Mato Grosso do Sul\" \/>\n<meta property=\"og:description\" content=\"O clima junino chegou com for\u00e7a a Mato Grosso do Sul e marca presen\u00e7a em diversos cantos do estado neste fim de semana. Em Campo Grande, o p\u00fablico pode aproveitar arraiais como o da AACC-MS, o Arrai\u00e1 da Feira Ziriguidum, o Arrai\u00e1 do Klebinho, o da Pestalozzi, entre outros, com quadrilhas, comidas t\u00edpicas, shows e &hellip;\" \/>\n<meta property=\"og:url\" content=\"https:\/\/mrnews.com.br\/index.php\/2025\/06\/07\/bandeirinhas-forro-e-quitutes-marcam-o-inicio-das-festas-juninas-em-mato-grosso-do-sul-agencia-de-noticias-do-governo-de-mato-grosso-do-sul\/\" \/>\n<meta property=\"og:site_name\" content=\"MRNews\" \/>\n<meta property=\"article:publisher\" content=\"https:\/\/www.facebook.com\/eaipahpah\/?locale2=pt_BR\" \/>\n<meta property=\"article:published_time\" content=\"2025-06-07T05:28:24+00:00\" \/>\n<meta name=\"author\" content=\"MR News\" \/>\n<meta name=\"twitter:card\" content=\"summary_large_image\" \/>\n<meta name=\"twitter:creator\" content=\"@conspirou\" \/>\n<meta name=\"twitter:site\" content=\"@conspirou\" \/>\n<meta name=\"twitter:label1\" content=\"Escrito por\" \/>\n\t<meta name=\"twitter:data1\" content=\"MR News\" \/>\n\t<meta name=\"twitter:label2\" content=\"Est. tempo de leitura\" \/>\n\t<meta name=\"twitter:data2\" content=\"22 minutos\" \/>\n<script type=\"application\/ld+json\" class=\"yoast-schema-graph\">{\"@context\":\"https:\\\/\\\/schema.org\",\"@graph\":[{\"@type\":\"Article\",\"@id\":\"https:\\\/\\\/mrnews.com.br\\\/index.php\\\/2025\\\/06\\\/07\\\/bandeirinhas-forro-e-quitutes-marcam-o-inicio-das-festas-juninas-em-mato-grosso-do-sul-agencia-de-noticias-do-governo-de-mato-grosso-do-sul\\\/#article\",\"isPartOf\":{\"@id\":\"https:\\\/\\\/mrnews.com.br\\\/index.php\\\/2025\\\/06\\\/07\\\/bandeirinhas-forro-e-quitutes-marcam-o-inicio-das-festas-juninas-em-mato-grosso-do-sul-agencia-de-noticias-do-governo-de-mato-grosso-do-sul\\\/\"},\"author\":{\"name\":\"MR News\",\"@id\":\"https:\\\/\\\/mrnews.com.br\\\/#\\\/schema\\\/person\\\/be3203154562a9f207407861cef7827b\"},\"headline\":\"bandeirinhas, forr\u00f3 e quitutes marcam o in\u00edcio das festas juninas em Mato Grosso do Sul \u2013 Ag\u00eancia de Noticias do Governo de Mato Grosso do Sul\",\"datePublished\":\"2025-06-07T05:28:24+00:00\",\"mainEntityOfPage\":{\"@id\":\"https:\\\/\\\/mrnews.com.br\\\/index.php\\\/2025\\\/06\\\/07\\\/bandeirinhas-forro-e-quitutes-marcam-o-inicio-das-festas-juninas-em-mato-grosso-do-sul-agencia-de-noticias-do-governo-de-mato-grosso-do-sul\\\/\"},\"wordCount\":4492,\"commentCount\":0,\"publisher\":{\"@id\":\"https:\\\/\\\/mrnews.com.br\\\/#organization\"},\"articleSection\":[\"Mato Grosso do Sul\"],\"inLanguage\":\"pt-BR\",\"potentialAction\":[{\"@type\":\"CommentAction\",\"name\":\"Comment\",\"target\":[\"https:\\\/\\\/mrnews.com.br\\\/index.php\\\/2025\\\/06\\\/07\\\/bandeirinhas-forro-e-quitutes-marcam-o-inicio-das-festas-juninas-em-mato-grosso-do-sul-agencia-de-noticias-do-governo-de-mato-grosso-do-sul\\\/#respond\"]}]},{\"@type\":\"WebPage\",\"@id\":\"https:\\\/\\\/mrnews.com.br\\\/index.php\\\/2025\\\/06\\\/07\\\/bandeirinhas-forro-e-quitutes-marcam-o-inicio-das-festas-juninas-em-mato-grosso-do-sul-agencia-de-noticias-do-governo-de-mato-grosso-do-sul\\\/\",\"url\":\"https:\\\/\\\/mrnews.com.br\\\/index.php\\\/2025\\\/06\\\/07\\\/bandeirinhas-forro-e-quitutes-marcam-o-inicio-das-festas-juninas-em-mato-grosso-do-sul-agencia-de-noticias-do-governo-de-mato-grosso-do-sul\\\/\",\"name\":\"bandeirinhas, forr\u00f3 e quitutes marcam o in\u00edcio das festas juninas em Mato Grosso do Sul \u2013 Ag\u00eancia de Noticias do Governo de Mato Grosso do Sul\",\"isPartOf\":{\"@id\":\"https:\\\/\\\/mrnews.com.br\\\/#website\"},\"datePublished\":\"2025-06-07T05:28:24+00:00\",\"breadcrumb\":{\"@id\":\"https:\\\/\\\/mrnews.com.br\\\/index.php\\\/2025\\\/06\\\/07\\\/bandeirinhas-forro-e-quitutes-marcam-o-inicio-das-festas-juninas-em-mato-grosso-do-sul-agencia-de-noticias-do-governo-de-mato-grosso-do-sul\\\/#breadcrumb\"},\"inLanguage\":\"pt-BR\",\"potentialAction\":[{\"@type\":\"ReadAction\",\"target\":[\"https:\\\/\\\/mrnews.com.br\\\/index.php\\\/2025\\\/06\\\/07\\\/bandeirinhas-forro-e-quitutes-marcam-o-inicio-das-festas-juninas-em-mato-grosso-do-sul-agencia-de-noticias-do-governo-de-mato-grosso-do-sul\\\/\"]}]},{\"@type\":\"BreadcrumbList\",\"@id\":\"https:\\\/\\\/mrnews.com.br\\\/index.php\\\/2025\\\/06\\\/07\\\/bandeirinhas-forro-e-quitutes-marcam-o-inicio-das-festas-juninas-em-mato-grosso-do-sul-agencia-de-noticias-do-governo-de-mato-grosso-do-sul\\\/#breadcrumb\",\"itemListElement\":[{\"@type\":\"ListItem\",\"position\":1,\"name\":\"In\u00edcio\",\"item\":\"https:\\\/\\\/mrnews.com.br\\\/\"},{\"@type\":\"ListItem\",\"position\":2,\"name\":\"bandeirinhas, forr\u00f3 e quitutes marcam o in\u00edcio das festas juninas em Mato Grosso do Sul \u2013 Ag\u00eancia de Noticias do Governo de Mato Grosso do Sul\"}]},{\"@type\":\"WebSite\",\"@id\":\"https:\\\/\\\/mrnews.com.br\\\/#website\",\"url\":\"https:\\\/\\\/mrnews.com.br\\\/\",\"name\":\"MRNews\",\"description\":\"MRNews Jogos de hoje da TV, transmiss\u00f5es ao vivo, Not\u00edcias de futebol, Jogos ao vivo, Lives, resumo de novelas, Programa\u00e7\u00e3o da Globo, A Fazenda e BBB\",\"publisher\":{\"@id\":\"https:\\\/\\\/mrnews.com.br\\\/#organization\"},\"potentialAction\":[{\"@type\":\"SearchAction\",\"target\":{\"@type\":\"EntryPoint\",\"urlTemplate\":\"https:\\\/\\\/mrnews.com.br\\\/?s={search_term_string}\"},\"query-input\":{\"@type\":\"PropertyValueSpecification\",\"valueRequired\":true,\"valueName\":\"search_term_string\"}}],\"inLanguage\":\"pt-BR\"},{\"@type\":\"Organization\",\"@id\":\"https:\\\/\\\/mrnews.com.br\\\/#organization\",\"name\":\"MRNews\",\"url\":\"https:\\\/\\\/mrnews.com.br\\\/\",\"logo\":{\"@type\":\"ImageObject\",\"inLanguage\":\"pt-BR\",\"@id\":\"https:\\\/\\\/mrnews.com.br\\\/#\\\/schema\\\/logo\\\/image\\\/\",\"url\":\"https:\\\/\\\/mrnews.com.br\\\/wp-content\\\/uploads\\\/2019\\\/06\\\/MRNewslogo2.png\",\"contentUrl\":\"https:\\\/\\\/mrnews.com.br\\\/wp-content\\\/uploads\\\/2019\\\/06\\\/MRNewslogo2.png\",\"width\":223,\"height\":58,\"caption\":\"MRNews\"},\"image\":{\"@id\":\"https:\\\/\\\/mrnews.com.br\\\/#\\\/schema\\\/logo\\\/image\\\/\"},\"sameAs\":[\"https:\\\/\\\/www.facebook.com\\\/eaipahpah\\\/?locale2=pt_BR\",\"https:\\\/\\\/x.com\\\/conspirou\",\"https:\\\/\\\/www.instagram.com\\\/eai_pahpah\",\"https:\\\/\\\/br.pinterest.com\\\/mrnewsn\\\/boards\\\/\",\"https:\\\/\\\/www.youtube.com\\\/channel\\\/UCacgnpznQ61fifLWr1tQ-vA?view_as=subscriber\"]},{\"@type\":\"Person\",\"@id\":\"https:\\\/\\\/mrnews.com.br\\\/#\\\/schema\\\/person\\\/be3203154562a9f207407861cef7827b\",\"name\":\"MR News\",\"image\":{\"@type\":\"ImageObject\",\"inLanguage\":\"pt-BR\",\"@id\":\"https:\\\/\\\/secure.gravatar.com\\\/avatar\\\/04084e6d73c042b8646e7c17b494073bf0ede3ea13c7105cfc45cbbbc28385a4?s=96&d=monsterid&r=g\",\"url\":\"https:\\\/\\\/secure.gravatar.com\\\/avatar\\\/04084e6d73c042b8646e7c17b494073bf0ede3ea13c7105cfc45cbbbc28385a4?s=96&d=monsterid&r=g\",\"contentUrl\":\"https:\\\/\\\/secure.gravatar.com\\\/avatar\\\/04084e6d73c042b8646e7c17b494073bf0ede3ea13c7105cfc45cbbbc28385a4?s=96&d=monsterid&r=g\",\"caption\":\"MR News\"},\"description\":\"Especializado em jornalismo colaborativo pela FTP em n\u00edvel de p\u00f3s-gradua\u00e7\u00e3o. suporte@oimeliga.combr\",\"sameAs\":[\"HUGO R.\",\"Admin\"],\"url\":\"https:\\\/\\\/mrnews.com.br\\\/index.php\\\/author\\\/admin\\\/\"}]}<\/script>\n<!-- \/ Yoast SEO plugin. -->","yoast_head_json":{"title":"bandeirinhas, forr\u00f3 e quitutes marcam o in\u00edcio das festas juninas em Mato Grosso do Sul \u2013 Ag\u00eancia de Noticias do Governo de Mato Grosso do Sul","robots":{"index":"index","follow":"follow","max-snippet":"max-snippet:-1","max-image-preview":"max-image-preview:large","max-video-preview":"max-video-preview:-1"},"canonical":"https:\/\/mrnews.com.br\/index.php\/2025\/06\/07\/bandeirinhas-forro-e-quitutes-marcam-o-inicio-das-festas-juninas-em-mato-grosso-do-sul-agencia-de-noticias-do-governo-de-mato-grosso-do-sul\/","og_locale":"pt_BR","og_type":"article","og_title":"bandeirinhas, forr\u00f3 e quitutes marcam o in\u00edcio das festas juninas em Mato Grosso do Sul \u2013 Ag\u00eancia de Noticias do Governo de Mato Grosso do Sul","og_description":"O clima junino chegou com for\u00e7a a Mato Grosso do Sul e marca presen\u00e7a em diversos cantos do estado neste fim de semana. Em Campo Grande, o p\u00fablico pode aproveitar arraiais como o da AACC-MS, o Arrai\u00e1 da Feira Ziriguidum, o Arrai\u00e1 do Klebinho, o da Pestalozzi, entre outros, com quadrilhas, comidas t\u00edpicas, shows e &hellip;","og_url":"https:\/\/mrnews.com.br\/index.php\/2025\/06\/07\/bandeirinhas-forro-e-quitutes-marcam-o-inicio-das-festas-juninas-em-mato-grosso-do-sul-agencia-de-noticias-do-governo-de-mato-grosso-do-sul\/","og_site_name":"MRNews","article_publisher":"https:\/\/www.facebook.com\/eaipahpah\/?locale2=pt_BR","article_published_time":"2025-06-07T05:28:24+00:00","author":"MR News","twitter_card":"summary_large_image","twitter_creator":"@conspirou","twitter_site":"@conspirou","twitter_misc":{"Escrito por":"MR News","Est. tempo de leitura":"22 minutos"},"schema":{"@context":"https:\/\/schema.org","@graph":[{"@type":"Article","@id":"https:\/\/mrnews.com.br\/index.php\/2025\/06\/07\/bandeirinhas-forro-e-quitutes-marcam-o-inicio-das-festas-juninas-em-mato-grosso-do-sul-agencia-de-noticias-do-governo-de-mato-grosso-do-sul\/#article","isPartOf":{"@id":"https:\/\/mrnews.com.br\/index.php\/2025\/06\/07\/bandeirinhas-forro-e-quitutes-marcam-o-inicio-das-festas-juninas-em-mato-grosso-do-sul-agencia-de-noticias-do-governo-de-mato-grosso-do-sul\/"},"author":{"name":"MR News","@id":"https:\/\/mrnews.com.br\/#\/schema\/person\/be3203154562a9f207407861cef7827b"},"headline":"bandeirinhas, forr\u00f3 e quitutes marcam o in\u00edcio das festas juninas em Mato Grosso do Sul \u2013 Ag\u00eancia de Noticias do Governo de Mato Grosso do Sul","datePublished":"2025-06-07T05:28:24+00:00","mainEntityOfPage":{"@id":"https:\/\/mrnews.com.br\/index.php\/2025\/06\/07\/bandeirinhas-forro-e-quitutes-marcam-o-inicio-das-festas-juninas-em-mato-grosso-do-sul-agencia-de-noticias-do-governo-de-mato-grosso-do-sul\/"},"wordCount":4492,"commentCount":0,"publisher":{"@id":"https:\/\/mrnews.com.br\/#organization"},"articleSection":["Mato Grosso do Sul"],"inLanguage":"pt-BR","potentialAction":[{"@type":"CommentAction","name":"Comment","target":["https:\/\/mrnews.com.br\/index.php\/2025\/06\/07\/bandeirinhas-forro-e-quitutes-marcam-o-inicio-das-festas-juninas-em-mato-grosso-do-sul-agencia-de-noticias-do-governo-de-mato-grosso-do-sul\/#respond"]}]},{"@type":"WebPage","@id":"https:\/\/mrnews.com.br\/index.php\/2025\/06\/07\/bandeirinhas-forro-e-quitutes-marcam-o-inicio-das-festas-juninas-em-mato-grosso-do-sul-agencia-de-noticias-do-governo-de-mato-grosso-do-sul\/","url":"https:\/\/mrnews.com.br\/index.php\/2025\/06\/07\/bandeirinhas-forro-e-quitutes-marcam-o-inicio-das-festas-juninas-em-mato-grosso-do-sul-agencia-de-noticias-do-governo-de-mato-grosso-do-sul\/","name":"bandeirinhas, forr\u00f3 e quitutes marcam o in\u00edcio das festas juninas em Mato Grosso do Sul \u2013 Ag\u00eancia de Noticias do Governo de Mato Grosso do Sul","isPartOf":{"@id":"https:\/\/mrnews.com.br\/#website"},"datePublished":"2025-06-07T05:28:24+00:00","breadcrumb":{"@id":"https:\/\/mrnews.com.br\/index.php\/2025\/06\/07\/bandeirinhas-forro-e-quitutes-marcam-o-inicio-das-festas-juninas-em-mato-grosso-do-sul-agencia-de-noticias-do-governo-de-mato-grosso-do-sul\/#breadcrumb"},"inLanguage":"pt-BR","potentialAction":[{"@type":"ReadAction","target":["https:\/\/mrnews.com.br\/index.php\/2025\/06\/07\/bandeirinhas-forro-e-quitutes-marcam-o-inicio-das-festas-juninas-em-mato-grosso-do-sul-agencia-de-noticias-do-governo-de-mato-grosso-do-sul\/"]}]},{"@type":"BreadcrumbList","@id":"https:\/\/mrnews.com.br\/index.php\/2025\/06\/07\/bandeirinhas-forro-e-quitutes-marcam-o-inicio-das-festas-juninas-em-mato-grosso-do-sul-agencia-de-noticias-do-governo-de-mato-grosso-do-sul\/#breadcrumb","itemListElement":[{"@type":"ListItem","position":1,"name":"In\u00edcio","item":"https:\/\/mrnews.com.br\/"},{"@type":"ListItem","position":2,"name":"bandeirinhas, forr\u00f3 e quitutes marcam o in\u00edcio das festas juninas em Mato Grosso do Sul \u2013 Ag\u00eancia de Noticias do Governo de Mato Grosso do Sul"}]},{"@type":"WebSite","@id":"https:\/\/mrnews.com.br\/#website","url":"https:\/\/mrnews.com.br\/","name":"MRNews","description":"MRNews Jogos de hoje da TV, transmiss\u00f5es ao vivo, Not\u00edcias de futebol, Jogos ao vivo, Lives, resumo de novelas, Programa\u00e7\u00e3o da Globo, A Fazenda e BBB","publisher":{"@id":"https:\/\/mrnews.com.br\/#organization"},"potentialAction":[{"@type":"SearchAction","target":{"@type":"EntryPoint","urlTemplate":"https:\/\/mrnews.com.br\/?s={search_term_string}"},"query-input":{"@type":"PropertyValueSpecification","valueRequired":true,"valueName":"search_term_string"}}],"inLanguage":"pt-BR"},{"@type":"Organization","@id":"https:\/\/mrnews.com.br\/#organization","name":"MRNews","url":"https:\/\/mrnews.com.br\/","logo":{"@type":"ImageObject","inLanguage":"pt-BR","@id":"https:\/\/mrnews.com.br\/#\/schema\/logo\/image\/","url":"https:\/\/mrnews.com.br\/wp-content\/uploads\/2019\/06\/MRNewslogo2.png","contentUrl":"https:\/\/mrnews.com.br\/wp-content\/uploads\/2019\/06\/MRNewslogo2.png","width":223,"height":58,"caption":"MRNews"},"image":{"@id":"https:\/\/mrnews.com.br\/#\/schema\/logo\/image\/"},"sameAs":["https:\/\/www.facebook.com\/eaipahpah\/?locale2=pt_BR","https:\/\/x.com\/conspirou","https:\/\/www.instagram.com\/eai_pahpah","https:\/\/br.pinterest.com\/mrnewsn\/boards\/","https:\/\/www.youtube.com\/channel\/UCacgnpznQ61fifLWr1tQ-vA?view_as=subscriber"]},{"@type":"Person","@id":"https:\/\/mrnews.com.br\/#\/schema\/person\/be3203154562a9f207407861cef7827b","name":"MR News","image":{"@type":"ImageObject","inLanguage":"pt-BR","@id":"https:\/\/secure.gravatar.com\/avatar\/04084e6d73c042b8646e7c17b494073bf0ede3ea13c7105cfc45cbbbc28385a4?s=96&d=monsterid&r=g","url":"https:\/\/secure.gravatar.com\/avatar\/04084e6d73c042b8646e7c17b494073bf0ede3ea13c7105cfc45cbbbc28385a4?s=96&d=monsterid&r=g","contentUrl":"https:\/\/secure.gravatar.com\/avatar\/04084e6d73c042b8646e7c17b494073bf0ede3ea13c7105cfc45cbbbc28385a4?s=96&d=monsterid&r=g","caption":"MR News"},"description":"Especializado em jornalismo colaborativo pela FTP em n\u00edvel de p\u00f3s-gradua\u00e7\u00e3o. suporte@oimeliga.combr","sameAs":["HUGO R.","Admin"],"url":"https:\/\/mrnews.com.br\/index.php\/author\/admin\/"}]}},"jetpack_featured_media_url":"","jetpack_sharing_enabled":true,"jetpack_shortlink":"https:\/\/wp.me\/pa2Qf7-1RG6","amp_enabled":true,"_links":{"self":[{"href":"https:\/\/mrnews.com.br\/index.php\/wp-json\/wp\/v2\/posts\/444670","targetHints":{"allow":["GET"]}}],"collection":[{"href":"https:\/\/mrnews.com.br\/index.php\/wp-json\/wp\/v2\/posts"}],"about":[{"href":"https:\/\/mrnews.com.br\/index.php\/wp-json\/wp\/v2\/types\/post"}],"author":[{"embeddable":true,"href":"https:\/\/mrnews.com.br\/index.php\/wp-json\/wp\/v2\/users\/1"}],"replies":[{"embeddable":true,"href":"https:\/\/mrnews.com.br\/index.php\/wp-json\/wp\/v2\/comments?post=444670"}],"version-history":[{"count":0,"href":"https:\/\/mrnews.com.br\/index.php\/wp-json\/wp\/v2\/posts\/444670\/revisions"}],"wp:attachment":[{"href":"https:\/\/mrnews.com.br\/index.php\/wp-json\/wp\/v2\/media?parent=444670"}],"wp:term":[{"taxonomy":"category","embeddable":true,"href":"https:\/\/mrnews.com.br\/index.php\/wp-json\/wp\/v2\/categories?post=444670"},{"taxonomy":"post_tag","embeddable":true,"href":"https:\/\/mrnews.com.br\/index.php\/wp-json\/wp\/v2\/tags?post=444670"}],"curies":[{"name":"wp","href":"https:\/\/api.w.org\/{rel}","templated":true}]}}