{"id":444694,"date":"2025-06-07T16:49:21","date_gmt":"2025-06-07T19:49:21","guid":{"rendered":"https:\/\/mrnews.com.br\/index.php\/2025\/06\/07\/exposicao-mostra-perseguicao-a-comunidade-lgbtqia-durante-ditadura\/"},"modified":"2025-06-07T16:49:21","modified_gmt":"2025-06-07T19:49:21","slug":"exposicao-mostra-perseguicao-a-comunidade-lgbtqia-durante-ditadura","status":"publish","type":"post","link":"https:\/\/mrnews.com.br\/index.php\/2025\/06\/07\/exposicao-mostra-perseguicao-a-comunidade-lgbtqia-durante-ditadura\/","title":{"rendered":"Exposi\u00e7\u00e3o mostra persegui\u00e7\u00e3o \u00e0 comunidade LGBTQIA+ durante ditadura"},"content":{"rendered":"<p>Por EBC, <\/p>\n<div>\n<p>O Instituto Vladimir Herzog, o Acervo Bajub\u00e1 e o Arquivo L\u00e9sbico Brasileiro (ALB) lan\u00e7am neste s\u00e1bado\u00a0(7), no Memorial da Resist\u00eancia de S\u00e3o Paulo,\u00a0a exposi\u00e7\u00e3o virtual \u201cVidas Dissidentes em Ditadura \u2013 Repress\u00e3o, Imagin\u00e1rio Social e Cotidiano\u201d. A mostra retrata tanto\u00a0a persegui\u00e7\u00e3o \u00e0 comunidade LGBTQIA+ durante a ditadura civil-militar, iniciada em 1964 e que durou 21 anos, quanto as viol\u00eancias que\u00a0sofre at\u00e9 hoje.<\/p>\n<p><strong>Paralelamente \u00e0 exposi\u00e7\u00e3o, est\u00e1 sendo lan\u00e7ado um\u00a0<em>podcast<\/em>\u00a0com o tema. Ambos levam o p\u00fablico a conhecer tamb\u00e9m os mecanismos que a milit\u00e2ncia encontrou para responder e resistir diante da press\u00e3o para obedecer \u00e0s regras da heteronormatividade (ideia de que a heterossexualidade \u00e9 a orienta\u00e7\u00e3o sexual normal\u00a0e correta).<\/strong><\/p>\n<p>Ao todo, s\u00e3o disponibilizados quatro epis\u00f3dios do <em>podcast<\/em>. O\u00a0projeto\u00a0do programa e da exposi\u00e7\u00e3o conta\u00a0com o apoio da Secretaria Nacional dos Direitos das Pessoas LGBTQIA+, do Minist\u00e9rio dos Direitos Humanos e da Cidadania.<\/p>\n<p><strong>A exposi\u00e7\u00e3o \u00e9 um atalho no acesso \u00e0 documenta\u00e7\u00e3o elaborada pela Comiss\u00e3o Nacional da Verdade (CNV).<\/strong> A partir dos relatos de sobreviventes a essas tentativas de domestica\u00e7\u00e3o, os visitantes podem saber mais sobre quem, em muitos casos, morreu em espa\u00e7os privados, com o cerceamento de direitos e sob pr\u00e1tica de viol\u00eancias.<\/p>\n<p>Uma das formas de intensificar a marginaliza\u00e7\u00e3o das pessoas LGBTQIA+ foi a rotula\u00e7\u00e3o de identidades de g\u00eanero e orienta\u00e7\u00f5es sexuais que n\u00e3o se encaixam no universo estreito e opressor da heteronormatividade. Ou seja, distorcer refer\u00eancias do meio m\u00e9dico para justificar as viol\u00eancias que as vitimaram e ainda vitimam.<\/p>\n<p>A coordenadora executiva da \u00e1rea de Mem\u00f3ria, Verdade e Justi\u00e7a do Instituto Vladimir Herzog, Lorrane Rodrigues, observa que os depoimentos de v\u00edtimas s\u00e3o fundamentais para maior compreens\u00e3o de um todo. At\u00e9 que cheguem ao conhecimento p\u00fablico, \u00e9 necess\u00e1rio ter fina sensibilidade, a fim de evitar exposi\u00e7\u00e3o das v\u00edtimas e mesmo sua revitimiza\u00e7\u00e3o, com eventuais abordagens que reforcem as viol\u00eancias sofridas e a estigmatiza\u00e7\u00e3o<\/p>\n<blockquote>\n<p>&#8220;A gente v\u00ea que o sil\u00eancio e o medo v\u00e3o sendo enfrentados, muitas pessoas dissidentes de sexo e g\u00eanero v\u00e3o encontrando seguran\u00e7a para narrar e isso tem um impacto imenso, porque esses testemunhos n\u00e3o s\u00e3o individuais somente, mas ajudam a reconstituir uma mem\u00f3ria coletiva que foi invisibilizada&#8221;, observa.<\/p>\n<\/blockquote>\n<p>A representante do instituto afirma\u00a0ainda\u00a0que a preocupa\u00e7\u00e3o dos LGBTQIA+ em deixar o m\u00e1ximo de informa\u00e7\u00f5es preservadas\u00a0em acervos\u00a0come\u00e7ou cedo, tendo maior consolida\u00e7\u00e3o nas\u00a0d\u00e9cadas de 1970 e 1980. O n\u00edvel de antecipa\u00e7\u00e3o nesse sentido fez da\u00a0comunidade precursora, o\u00a0que se p\u00f4de constatar na exposi\u00e7\u00e3o Hist\u00f3rias LGBTQIA+, do Museu de Arte de S\u00e3o Paulo Assis Chateaubriand (Masp), que ficou aberta ao p\u00fablico at\u00e9 abril deste ano e demonstrou como grupos de diversos pa\u00edses se organizaram e se organizam para registrar e documentar experi\u00eancias de opress\u00e3o.<\/p>\n<blockquote>\n<p>&#8220;Mesmo em um per\u00edodo de muita repress\u00e3o, havia preocupa\u00e7\u00e3o intensa com o registro. Publica\u00e7\u00f5es, jornais, boletins, artigos foram sendo produzidos por m\u00e3os militantes, por grupos que se formavam naquele momento, para ter seus espa\u00e7os de sociabilidade, e parte dessa heran\u00e7a \u00e9 o que alimenta acervos como o Bajub\u00e1 e o ALB, que s\u00e3o fundamentais para que a gente possa pensar em projetos como a exposi\u00e7\u00e3o e o podcast&#8221;, afirma.<\/p>\n<\/blockquote>\n<p><strong>Para a coordenadora, existe ainda, al\u00e9m do sil\u00eancio,\u00a0muita dificuldade de transpor &#8220;os vazios institucionais&#8221; e obter verba para subsidiar iniciativas como essa<\/strong>. &#8220;H\u00e1\u00a0uma resist\u00eancia muito grande ainda, quando se trata de reconhecer a viol\u00eancia de Estado contra as pessoas LGBTQIA+&#8221;, declara.<\/p>\n<blockquote>\n<p>&#8220;Outro obst\u00e1culo importante \u00e9 o acesso aos arquivos. Arquivos s\u00e3o institui\u00e7\u00f5es de poder. A gente sabe que esses espa\u00e7os escolhem aquilo que v\u00e3o mostrar e tamb\u00e9m que v\u00e3o omitir&#8221;, acrescenta Lorrane, ressaltando que a falta de digitaliza\u00e7\u00e3o de certos itens, por exemplo, exige mais empenho dos pesquisadores e pode ser interpretada como decis\u00e3o pol\u00edtica das organiza\u00e7\u00f5es.<\/p>\n<\/blockquote>\n<p>Uma das formas de restitui\u00e7\u00e3o da esperan\u00e7a para a milit\u00e2ncia \u00e9 saber que vem de longa data a resist\u00eancia dos LGBTQIA+ atrav\u00e9s do amor em fases de intensa ca\u00e7a \u00e0s bruxas. Lorrane conta que uma das imagens mais fortes para ela \u00e9 uma fotografia que mostra travestis e trans dan\u00e7ando e sorrindo. &#8220;Em um tempo de persegui\u00e7\u00e3o, \u00e9 uma imagem que fala de vida pulsando nesse espa\u00e7o subterr\u00e2neo da hist\u00f3ria oficial.&#8221;<\/p>\n<h2>Servi\u00e7o<\/h2>\n<p>Lan\u00e7amento da exposi\u00e7\u00e3o virtual e do podcast Vidas Dissidentes em Ditadura \u2013 Repress\u00e3o, Imagin\u00e1rio Social e Cotidiano<br \/>7 de junho (s\u00e1bado), das 14h \u00e0s 17h<\/p>\n<p>Memorial da Resist\u00eancia de S\u00e3o Paulo | Largo General Os\u00f3rio, 66 \u2013 Santa Ifig\u00eania, S\u00e3o Paulo \u2013 SP<\/p>\n<p>      <!-- Relacionada --><\/p>\n<p>            <!-- Relacionada -->\n    <\/div>\n","protected":false},"excerpt":{"rendered":"<p>Por EBC, O Instituto Vladimir Herzog, o Acervo Bajub\u00e1 e o Arquivo L\u00e9sbico Brasileiro (ALB) lan\u00e7am neste s\u00e1bado\u00a0(7), no Memorial da Resist\u00eancia de S\u00e3o Paulo,\u00a0a exposi\u00e7\u00e3o virtual \u201cVidas Dissidentes em Ditadura \u2013 Repress\u00e3o, Imagin\u00e1rio Social e Cotidiano\u201d. A mostra retrata tanto\u00a0a persegui\u00e7\u00e3o \u00e0 comunidade LGBTQIA+ durante a ditadura civil-militar, iniciada em 1964 e que durou &hellip;<\/p>\n","protected":false},"author":1,"featured_media":0,"comment_status":"open","ping_status":"open","sticky":false,"template":"","format":"standard","meta":{"_jetpack_memberships_contains_paid_content":false,"footnotes":""},"categories":[2,12225,4],"tags":[],"class_list":["post-444694","post","type-post","status-publish","format-standard","hentry","category-entretenimento","category-noticias","category-servicos"],"yoast_head":"<!-- This site is optimized with the Yoast SEO plugin v27.5 - https:\/\/yoast.com\/product\/yoast-seo-wordpress\/ -->\n<title>Exposi\u00e7\u00e3o mostra persegui\u00e7\u00e3o \u00e0 comunidade LGBTQIA+ durante ditadura<\/title>\n<meta name=\"robots\" content=\"index, follow, max-snippet:-1, max-image-preview:large, max-video-preview:-1\" \/>\n<link rel=\"canonical\" href=\"https:\/\/mrnews.com.br\/index.php\/2025\/06\/07\/exposicao-mostra-perseguicao-a-comunidade-lgbtqia-durante-ditadura\/\" \/>\n<meta property=\"og:locale\" content=\"pt_BR\" \/>\n<meta property=\"og:type\" content=\"article\" \/>\n<meta property=\"og:title\" content=\"Exposi\u00e7\u00e3o mostra persegui\u00e7\u00e3o \u00e0 comunidade LGBTQIA+ durante ditadura\" \/>\n<meta property=\"og:description\" content=\"Por EBC, O Instituto Vladimir Herzog, o Acervo Bajub\u00e1 e o Arquivo L\u00e9sbico Brasileiro (ALB) lan\u00e7am neste s\u00e1bado\u00a0(7), no Memorial da Resist\u00eancia de S\u00e3o Paulo,\u00a0a exposi\u00e7\u00e3o virtual \u201cVidas Dissidentes em Ditadura \u2013 Repress\u00e3o, Imagin\u00e1rio Social e Cotidiano\u201d. A mostra retrata tanto\u00a0a persegui\u00e7\u00e3o \u00e0 comunidade LGBTQIA+ durante a ditadura civil-militar, iniciada em 1964 e que durou &hellip;\" \/>\n<meta property=\"og:url\" content=\"https:\/\/mrnews.com.br\/index.php\/2025\/06\/07\/exposicao-mostra-perseguicao-a-comunidade-lgbtqia-durante-ditadura\/\" \/>\n<meta property=\"og:site_name\" content=\"MRNews\" \/>\n<meta property=\"article:publisher\" content=\"https:\/\/www.facebook.com\/eaipahpah\/?locale2=pt_BR\" \/>\n<meta property=\"article:published_time\" content=\"2025-06-07T19:49:21+00:00\" \/>\n<meta name=\"author\" content=\"MR News\" \/>\n<meta name=\"twitter:card\" content=\"summary_large_image\" \/>\n<meta name=\"twitter:creator\" content=\"@conspirou\" \/>\n<meta name=\"twitter:site\" content=\"@conspirou\" \/>\n<meta name=\"twitter:label1\" content=\"Escrito por\" \/>\n\t<meta name=\"twitter:data1\" content=\"MR News\" \/>\n\t<meta name=\"twitter:label2\" content=\"Est. tempo de leitura\" \/>\n\t<meta name=\"twitter:data2\" content=\"4 minutos\" \/>\n<script type=\"application\/ld+json\" class=\"yoast-schema-graph\">{\"@context\":\"https:\\\/\\\/schema.org\",\"@graph\":[{\"@type\":\"Article\",\"@id\":\"https:\\\/\\\/mrnews.com.br\\\/index.php\\\/2025\\\/06\\\/07\\\/exposicao-mostra-perseguicao-a-comunidade-lgbtqia-durante-ditadura\\\/#article\",\"isPartOf\":{\"@id\":\"https:\\\/\\\/mrnews.com.br\\\/index.php\\\/2025\\\/06\\\/07\\\/exposicao-mostra-perseguicao-a-comunidade-lgbtqia-durante-ditadura\\\/\"},\"author\":{\"name\":\"MR News\",\"@id\":\"https:\\\/\\\/mrnews.com.br\\\/#\\\/schema\\\/person\\\/be3203154562a9f207407861cef7827b\"},\"headline\":\"Exposi\u00e7\u00e3o mostra persegui\u00e7\u00e3o \u00e0 comunidade LGBTQIA+ durante ditadura\",\"datePublished\":\"2025-06-07T19:49:21+00:00\",\"mainEntityOfPage\":{\"@id\":\"https:\\\/\\\/mrnews.com.br\\\/index.php\\\/2025\\\/06\\\/07\\\/exposicao-mostra-perseguicao-a-comunidade-lgbtqia-durante-ditadura\\\/\"},\"wordCount\":836,\"commentCount\":0,\"publisher\":{\"@id\":\"https:\\\/\\\/mrnews.com.br\\\/#organization\"},\"articleSection\":[\"ENTRETENIMENTO\",\"NOTICIAS\",\"SERVI\u00c7OS\"],\"inLanguage\":\"pt-BR\",\"potentialAction\":[{\"@type\":\"CommentAction\",\"name\":\"Comment\",\"target\":[\"https:\\\/\\\/mrnews.com.br\\\/index.php\\\/2025\\\/06\\\/07\\\/exposicao-mostra-perseguicao-a-comunidade-lgbtqia-durante-ditadura\\\/#respond\"]}]},{\"@type\":\"WebPage\",\"@id\":\"https:\\\/\\\/mrnews.com.br\\\/index.php\\\/2025\\\/06\\\/07\\\/exposicao-mostra-perseguicao-a-comunidade-lgbtqia-durante-ditadura\\\/\",\"url\":\"https:\\\/\\\/mrnews.com.br\\\/index.php\\\/2025\\\/06\\\/07\\\/exposicao-mostra-perseguicao-a-comunidade-lgbtqia-durante-ditadura\\\/\",\"name\":\"Exposi\u00e7\u00e3o mostra persegui\u00e7\u00e3o \u00e0 comunidade LGBTQIA+ durante ditadura\",\"isPartOf\":{\"@id\":\"https:\\\/\\\/mrnews.com.br\\\/#website\"},\"datePublished\":\"2025-06-07T19:49:21+00:00\",\"breadcrumb\":{\"@id\":\"https:\\\/\\\/mrnews.com.br\\\/index.php\\\/2025\\\/06\\\/07\\\/exposicao-mostra-perseguicao-a-comunidade-lgbtqia-durante-ditadura\\\/#breadcrumb\"},\"inLanguage\":\"pt-BR\",\"potentialAction\":[{\"@type\":\"ReadAction\",\"target\":[\"https:\\\/\\\/mrnews.com.br\\\/index.php\\\/2025\\\/06\\\/07\\\/exposicao-mostra-perseguicao-a-comunidade-lgbtqia-durante-ditadura\\\/\"]}]},{\"@type\":\"BreadcrumbList\",\"@id\":\"https:\\\/\\\/mrnews.com.br\\\/index.php\\\/2025\\\/06\\\/07\\\/exposicao-mostra-perseguicao-a-comunidade-lgbtqia-durante-ditadura\\\/#breadcrumb\",\"itemListElement\":[{\"@type\":\"ListItem\",\"position\":1,\"name\":\"In\u00edcio\",\"item\":\"https:\\\/\\\/mrnews.com.br\\\/\"},{\"@type\":\"ListItem\",\"position\":2,\"name\":\"Exposi\u00e7\u00e3o mostra persegui\u00e7\u00e3o \u00e0 comunidade LGBTQIA+ durante ditadura\"}]},{\"@type\":\"WebSite\",\"@id\":\"https:\\\/\\\/mrnews.com.br\\\/#website\",\"url\":\"https:\\\/\\\/mrnews.com.br\\\/\",\"name\":\"MRNews\",\"description\":\"MRNews Jogos de hoje da TV, transmiss\u00f5es ao vivo, Not\u00edcias de futebol, Jogos ao vivo, Lives, resumo de novelas, Programa\u00e7\u00e3o da Globo, A Fazenda e BBB\",\"publisher\":{\"@id\":\"https:\\\/\\\/mrnews.com.br\\\/#organization\"},\"potentialAction\":[{\"@type\":\"SearchAction\",\"target\":{\"@type\":\"EntryPoint\",\"urlTemplate\":\"https:\\\/\\\/mrnews.com.br\\\/?s={search_term_string}\"},\"query-input\":{\"@type\":\"PropertyValueSpecification\",\"valueRequired\":true,\"valueName\":\"search_term_string\"}}],\"inLanguage\":\"pt-BR\"},{\"@type\":\"Organization\",\"@id\":\"https:\\\/\\\/mrnews.com.br\\\/#organization\",\"name\":\"MRNews\",\"url\":\"https:\\\/\\\/mrnews.com.br\\\/\",\"logo\":{\"@type\":\"ImageObject\",\"inLanguage\":\"pt-BR\",\"@id\":\"https:\\\/\\\/mrnews.com.br\\\/#\\\/schema\\\/logo\\\/image\\\/\",\"url\":\"https:\\\/\\\/mrnews.com.br\\\/wp-content\\\/uploads\\\/2019\\\/06\\\/MRNewslogo2.png\",\"contentUrl\":\"https:\\\/\\\/mrnews.com.br\\\/wp-content\\\/uploads\\\/2019\\\/06\\\/MRNewslogo2.png\",\"width\":223,\"height\":58,\"caption\":\"MRNews\"},\"image\":{\"@id\":\"https:\\\/\\\/mrnews.com.br\\\/#\\\/schema\\\/logo\\\/image\\\/\"},\"sameAs\":[\"https:\\\/\\\/www.facebook.com\\\/eaipahpah\\\/?locale2=pt_BR\",\"https:\\\/\\\/x.com\\\/conspirou\",\"https:\\\/\\\/www.instagram.com\\\/eai_pahpah\",\"https:\\\/\\\/br.pinterest.com\\\/mrnewsn\\\/boards\\\/\",\"https:\\\/\\\/www.youtube.com\\\/channel\\\/UCacgnpznQ61fifLWr1tQ-vA?view_as=subscriber\"]},{\"@type\":\"Person\",\"@id\":\"https:\\\/\\\/mrnews.com.br\\\/#\\\/schema\\\/person\\\/be3203154562a9f207407861cef7827b\",\"name\":\"MR News\",\"image\":{\"@type\":\"ImageObject\",\"inLanguage\":\"pt-BR\",\"@id\":\"https:\\\/\\\/secure.gravatar.com\\\/avatar\\\/04084e6d73c042b8646e7c17b494073bf0ede3ea13c7105cfc45cbbbc28385a4?s=96&d=monsterid&r=g\",\"url\":\"https:\\\/\\\/secure.gravatar.com\\\/avatar\\\/04084e6d73c042b8646e7c17b494073bf0ede3ea13c7105cfc45cbbbc28385a4?s=96&d=monsterid&r=g\",\"contentUrl\":\"https:\\\/\\\/secure.gravatar.com\\\/avatar\\\/04084e6d73c042b8646e7c17b494073bf0ede3ea13c7105cfc45cbbbc28385a4?s=96&d=monsterid&r=g\",\"caption\":\"MR News\"},\"description\":\"Especializado em jornalismo colaborativo pela FTP em n\u00edvel de p\u00f3s-gradua\u00e7\u00e3o. suporte@oimeliga.combr\",\"sameAs\":[\"HUGO R.\",\"Admin\"],\"url\":\"https:\\\/\\\/mrnews.com.br\\\/index.php\\\/author\\\/admin\\\/\"}]}<\/script>\n<!-- \/ Yoast SEO plugin. -->","yoast_head_json":{"title":"Exposi\u00e7\u00e3o mostra persegui\u00e7\u00e3o \u00e0 comunidade LGBTQIA+ durante ditadura","robots":{"index":"index","follow":"follow","max-snippet":"max-snippet:-1","max-image-preview":"max-image-preview:large","max-video-preview":"max-video-preview:-1"},"canonical":"https:\/\/mrnews.com.br\/index.php\/2025\/06\/07\/exposicao-mostra-perseguicao-a-comunidade-lgbtqia-durante-ditadura\/","og_locale":"pt_BR","og_type":"article","og_title":"Exposi\u00e7\u00e3o mostra persegui\u00e7\u00e3o \u00e0 comunidade LGBTQIA+ durante ditadura","og_description":"Por EBC, O Instituto Vladimir Herzog, o Acervo Bajub\u00e1 e o Arquivo L\u00e9sbico Brasileiro (ALB) lan\u00e7am neste s\u00e1bado\u00a0(7), no Memorial da Resist\u00eancia de S\u00e3o Paulo,\u00a0a exposi\u00e7\u00e3o virtual \u201cVidas Dissidentes em Ditadura \u2013 Repress\u00e3o, Imagin\u00e1rio Social e Cotidiano\u201d. A mostra retrata tanto\u00a0a persegui\u00e7\u00e3o \u00e0 comunidade LGBTQIA+ durante a ditadura civil-militar, iniciada em 1964 e que durou &hellip;","og_url":"https:\/\/mrnews.com.br\/index.php\/2025\/06\/07\/exposicao-mostra-perseguicao-a-comunidade-lgbtqia-durante-ditadura\/","og_site_name":"MRNews","article_publisher":"https:\/\/www.facebook.com\/eaipahpah\/?locale2=pt_BR","article_published_time":"2025-06-07T19:49:21+00:00","author":"MR News","twitter_card":"summary_large_image","twitter_creator":"@conspirou","twitter_site":"@conspirou","twitter_misc":{"Escrito por":"MR News","Est. tempo de leitura":"4 minutos"},"schema":{"@context":"https:\/\/schema.org","@graph":[{"@type":"Article","@id":"https:\/\/mrnews.com.br\/index.php\/2025\/06\/07\/exposicao-mostra-perseguicao-a-comunidade-lgbtqia-durante-ditadura\/#article","isPartOf":{"@id":"https:\/\/mrnews.com.br\/index.php\/2025\/06\/07\/exposicao-mostra-perseguicao-a-comunidade-lgbtqia-durante-ditadura\/"},"author":{"name":"MR News","@id":"https:\/\/mrnews.com.br\/#\/schema\/person\/be3203154562a9f207407861cef7827b"},"headline":"Exposi\u00e7\u00e3o mostra persegui\u00e7\u00e3o \u00e0 comunidade LGBTQIA+ durante ditadura","datePublished":"2025-06-07T19:49:21+00:00","mainEntityOfPage":{"@id":"https:\/\/mrnews.com.br\/index.php\/2025\/06\/07\/exposicao-mostra-perseguicao-a-comunidade-lgbtqia-durante-ditadura\/"},"wordCount":836,"commentCount":0,"publisher":{"@id":"https:\/\/mrnews.com.br\/#organization"},"articleSection":["ENTRETENIMENTO","NOTICIAS","SERVI\u00c7OS"],"inLanguage":"pt-BR","potentialAction":[{"@type":"CommentAction","name":"Comment","target":["https:\/\/mrnews.com.br\/index.php\/2025\/06\/07\/exposicao-mostra-perseguicao-a-comunidade-lgbtqia-durante-ditadura\/#respond"]}]},{"@type":"WebPage","@id":"https:\/\/mrnews.com.br\/index.php\/2025\/06\/07\/exposicao-mostra-perseguicao-a-comunidade-lgbtqia-durante-ditadura\/","url":"https:\/\/mrnews.com.br\/index.php\/2025\/06\/07\/exposicao-mostra-perseguicao-a-comunidade-lgbtqia-durante-ditadura\/","name":"Exposi\u00e7\u00e3o mostra persegui\u00e7\u00e3o \u00e0 comunidade LGBTQIA+ durante ditadura","isPartOf":{"@id":"https:\/\/mrnews.com.br\/#website"},"datePublished":"2025-06-07T19:49:21+00:00","breadcrumb":{"@id":"https:\/\/mrnews.com.br\/index.php\/2025\/06\/07\/exposicao-mostra-perseguicao-a-comunidade-lgbtqia-durante-ditadura\/#breadcrumb"},"inLanguage":"pt-BR","potentialAction":[{"@type":"ReadAction","target":["https:\/\/mrnews.com.br\/index.php\/2025\/06\/07\/exposicao-mostra-perseguicao-a-comunidade-lgbtqia-durante-ditadura\/"]}]},{"@type":"BreadcrumbList","@id":"https:\/\/mrnews.com.br\/index.php\/2025\/06\/07\/exposicao-mostra-perseguicao-a-comunidade-lgbtqia-durante-ditadura\/#breadcrumb","itemListElement":[{"@type":"ListItem","position":1,"name":"In\u00edcio","item":"https:\/\/mrnews.com.br\/"},{"@type":"ListItem","position":2,"name":"Exposi\u00e7\u00e3o mostra persegui\u00e7\u00e3o \u00e0 comunidade LGBTQIA+ durante ditadura"}]},{"@type":"WebSite","@id":"https:\/\/mrnews.com.br\/#website","url":"https:\/\/mrnews.com.br\/","name":"MRNews","description":"MRNews Jogos de hoje da TV, transmiss\u00f5es ao vivo, Not\u00edcias de futebol, Jogos ao vivo, Lives, resumo de novelas, Programa\u00e7\u00e3o da Globo, A Fazenda e BBB","publisher":{"@id":"https:\/\/mrnews.com.br\/#organization"},"potentialAction":[{"@type":"SearchAction","target":{"@type":"EntryPoint","urlTemplate":"https:\/\/mrnews.com.br\/?s={search_term_string}"},"query-input":{"@type":"PropertyValueSpecification","valueRequired":true,"valueName":"search_term_string"}}],"inLanguage":"pt-BR"},{"@type":"Organization","@id":"https:\/\/mrnews.com.br\/#organization","name":"MRNews","url":"https:\/\/mrnews.com.br\/","logo":{"@type":"ImageObject","inLanguage":"pt-BR","@id":"https:\/\/mrnews.com.br\/#\/schema\/logo\/image\/","url":"https:\/\/mrnews.com.br\/wp-content\/uploads\/2019\/06\/MRNewslogo2.png","contentUrl":"https:\/\/mrnews.com.br\/wp-content\/uploads\/2019\/06\/MRNewslogo2.png","width":223,"height":58,"caption":"MRNews"},"image":{"@id":"https:\/\/mrnews.com.br\/#\/schema\/logo\/image\/"},"sameAs":["https:\/\/www.facebook.com\/eaipahpah\/?locale2=pt_BR","https:\/\/x.com\/conspirou","https:\/\/www.instagram.com\/eai_pahpah","https:\/\/br.pinterest.com\/mrnewsn\/boards\/","https:\/\/www.youtube.com\/channel\/UCacgnpznQ61fifLWr1tQ-vA?view_as=subscriber"]},{"@type":"Person","@id":"https:\/\/mrnews.com.br\/#\/schema\/person\/be3203154562a9f207407861cef7827b","name":"MR News","image":{"@type":"ImageObject","inLanguage":"pt-BR","@id":"https:\/\/secure.gravatar.com\/avatar\/04084e6d73c042b8646e7c17b494073bf0ede3ea13c7105cfc45cbbbc28385a4?s=96&d=monsterid&r=g","url":"https:\/\/secure.gravatar.com\/avatar\/04084e6d73c042b8646e7c17b494073bf0ede3ea13c7105cfc45cbbbc28385a4?s=96&d=monsterid&r=g","contentUrl":"https:\/\/secure.gravatar.com\/avatar\/04084e6d73c042b8646e7c17b494073bf0ede3ea13c7105cfc45cbbbc28385a4?s=96&d=monsterid&r=g","caption":"MR News"},"description":"Especializado em jornalismo colaborativo pela FTP em n\u00edvel de p\u00f3s-gradua\u00e7\u00e3o. suporte@oimeliga.combr","sameAs":["HUGO R.","Admin"],"url":"https:\/\/mrnews.com.br\/index.php\/author\/admin\/"}]}},"jetpack_featured_media_url":"","jetpack_sharing_enabled":true,"jetpack_shortlink":"https:\/\/wp.me\/pa2Qf7-1RGu","amp_enabled":true,"_links":{"self":[{"href":"https:\/\/mrnews.com.br\/index.php\/wp-json\/wp\/v2\/posts\/444694","targetHints":{"allow":["GET"]}}],"collection":[{"href":"https:\/\/mrnews.com.br\/index.php\/wp-json\/wp\/v2\/posts"}],"about":[{"href":"https:\/\/mrnews.com.br\/index.php\/wp-json\/wp\/v2\/types\/post"}],"author":[{"embeddable":true,"href":"https:\/\/mrnews.com.br\/index.php\/wp-json\/wp\/v2\/users\/1"}],"replies":[{"embeddable":true,"href":"https:\/\/mrnews.com.br\/index.php\/wp-json\/wp\/v2\/comments?post=444694"}],"version-history":[{"count":0,"href":"https:\/\/mrnews.com.br\/index.php\/wp-json\/wp\/v2\/posts\/444694\/revisions"}],"wp:attachment":[{"href":"https:\/\/mrnews.com.br\/index.php\/wp-json\/wp\/v2\/media?parent=444694"}],"wp:term":[{"taxonomy":"category","embeddable":true,"href":"https:\/\/mrnews.com.br\/index.php\/wp-json\/wp\/v2\/categories?post=444694"},{"taxonomy":"post_tag","embeddable":true,"href":"https:\/\/mrnews.com.br\/index.php\/wp-json\/wp\/v2\/tags?post=444694"}],"curies":[{"name":"wp","href":"https:\/\/api.w.org\/{rel}","templated":true}]}}