{"id":444727,"date":"2025-06-08T18:01:21","date_gmt":"2025-06-08T21:01:21","guid":{"rendered":"https:\/\/mrnews.com.br\/index.php\/2025\/06\/08\/gripe-sao-paulo-inicia-vacinacao-em-estacoes-e-terminais-na-segunda\/"},"modified":"2025-06-08T18:01:21","modified_gmt":"2025-06-08T21:01:21","slug":"gripe-sao-paulo-inicia-vacinacao-em-estacoes-e-terminais-na-segunda","status":"publish","type":"post","link":"https:\/\/mrnews.com.br\/index.php\/2025\/06\/08\/gripe-sao-paulo-inicia-vacinacao-em-estacoes-e-terminais-na-segunda\/","title":{"rendered":"Gripe: S\u00e3o Paulo inicia vacina\u00e7\u00e3o em esta\u00e7\u00f5es e terminais na segunda"},"content":{"rendered":"<p>Por EBC, <\/p>\n<div>\n<p>A prefeitura da capital paulista ir\u00e1 disponibilizar, para toda a popula\u00e7\u00e3o acima de 6 meses de idade, a partir desta segunda-feira (9), a vacina contra a gripe (v\u00edrus <em>Influenza<\/em>) em esta\u00e7\u00f5es do transporte p\u00fablico na cidade. <strong>O imunizante j\u00e1 est\u00e1 dispon\u00edvel para toda a popula\u00e7\u00e3o, a partir dos 6 meses de idade, desde 19 de maio, nos postos de vacina\u00e7\u00e3o do munic\u00edpio.<\/strong><\/p>\n<p>Confira os novos locais de vacina\u00e7\u00e3o contra a gripe na capital paulista:<\/p>\n<ul>\n<li><strong>Esta\u00e7\u00e3o Luz &#8211; CPTM: <\/strong>das 8h30 \u00e0s 17h<\/li>\n<li><strong>Esta\u00e7\u00e3o Engenheiro Goulart &#8211; CPTM<\/strong>: das 8h30 \u00e0s 17h<\/li>\n<li><strong>Esta\u00e7\u00e3o S\u00e3o Miguel &#8211; CPTM:<\/strong> das 8h30 \u00e0s 17h<\/li>\n<li><strong>Esta\u00e7\u00e3o Itaim Paulista &#8211; CPTM:<\/strong> das 8h30 \u00e0s 17h<\/li>\n<li><strong>Esta\u00e7\u00e3o Corinthians-Itaquera &#8211; CPTM: <\/strong>das 8h30 \u00e0s 17h<\/li>\n<li><strong>Esta\u00e7\u00e3o Perus &#8211; CPTM:<\/strong> das 8h30 \u00e0s 17h<\/li>\n<li><strong>Esta\u00e7\u00e3o Pirituba &#8211; CPTM: <\/strong>das 8h30 \u00e0s 17h<\/li>\n<li><strong>Terminal de \u00d4nibus Cidade Tiradentes:<\/strong> das 8h \u00e0s 16h<\/li>\n<li><strong>Terminal de \u00d4nibus Cachoeirinha:<\/strong> das 9h \u00e0s 16h<\/li>\n<li><strong>Terminal Rodovi\u00e1rio do Tiet\u00ea:<\/strong> das 9h \u00e0s 16h<\/li>\n<\/ul>\n<p><strong>A imuniza\u00e7\u00e3o continuar\u00e1 tamb\u00e9m a ocorrer nas unidades b\u00e1sicas de Sa\u00fade (UBSs), de segunda a sexta-feira, das 7h \u00e0s 19h, e, aos s\u00e1bados, nas assist\u00eancias m\u00e9dicas ambulatoriais (AMAs)\/UBSs integradas, no mesmo hor\u00e1rio.<\/strong> A popula\u00e7\u00e3o pode encontrar a unidade mais pr\u00f3xima para vacina\u00e7\u00e3o, na capital paulista, por meio da plataforma Busca Sa\u00fade.<\/p>\n<p><strong>At\u00e9 a \u00faltima segunda-feira (3), 1.927.552 doses da vacina contra a gripe foram aplicadas no munic\u00edpio de S\u00e3o Paulo. A cobertura vacinal est\u00e1 em 37,45%<\/strong>, levando em conta o p\u00fablico considerado estrat\u00e9gico pela campanha de vacina\u00e7\u00e3o: as pessoas com mais de 60 anos, crian\u00e7as de 6 meses a menores de 6 anos e gestantes.<\/p>\n<p>      <!-- Relacionada --><\/p>\n<p>            <!-- Relacionada -->\n    <\/div>\n","protected":false},"excerpt":{"rendered":"<p>Por EBC, A prefeitura da capital paulista ir\u00e1 disponibilizar, para toda a popula\u00e7\u00e3o acima de 6 meses de idade, a partir desta segunda-feira (9), a vacina contra a gripe (v\u00edrus Influenza) em esta\u00e7\u00f5es do transporte p\u00fablico na cidade. O imunizante j\u00e1 est\u00e1 dispon\u00edvel para toda a popula\u00e7\u00e3o, a partir dos 6 meses de idade, desde &hellip;<\/p>\n","protected":false},"author":1,"featured_media":0,"comment_status":"open","ping_status":"open","sticky":false,"template":"","format":"standard","meta":{"_jetpack_memberships_contains_paid_content":false,"footnotes":""},"categories":[2,12225,4],"tags":[],"class_list":["post-444727","post","type-post","status-publish","format-standard","hentry","category-entretenimento","category-noticias","category-servicos"],"yoast_head":"<!-- This site is optimized with the Yoast SEO plugin v27.5 - https:\/\/yoast.com\/product\/yoast-seo-wordpress\/ -->\n<title>Gripe: S\u00e3o Paulo inicia vacina\u00e7\u00e3o em esta\u00e7\u00f5es e terminais na segunda<\/title>\n<meta name=\"robots\" content=\"index, follow, max-snippet:-1, max-image-preview:large, max-video-preview:-1\" \/>\n<link rel=\"canonical\" href=\"https:\/\/mrnews.com.br\/index.php\/2025\/06\/08\/gripe-sao-paulo-inicia-vacinacao-em-estacoes-e-terminais-na-segunda\/\" \/>\n<meta property=\"og:locale\" content=\"pt_BR\" \/>\n<meta property=\"og:type\" content=\"article\" \/>\n<meta property=\"og:title\" content=\"Gripe: S\u00e3o Paulo inicia vacina\u00e7\u00e3o em esta\u00e7\u00f5es e terminais na segunda\" \/>\n<meta property=\"og:description\" content=\"Por EBC, A prefeitura da capital paulista ir\u00e1 disponibilizar, para toda a popula\u00e7\u00e3o acima de 6 meses de idade, a partir desta segunda-feira (9), a vacina contra a gripe (v\u00edrus Influenza) em esta\u00e7\u00f5es do transporte p\u00fablico na cidade. O imunizante j\u00e1 est\u00e1 dispon\u00edvel para toda a popula\u00e7\u00e3o, a partir dos 6 meses de idade, desde &hellip;\" \/>\n<meta property=\"og:url\" content=\"https:\/\/mrnews.com.br\/index.php\/2025\/06\/08\/gripe-sao-paulo-inicia-vacinacao-em-estacoes-e-terminais-na-segunda\/\" \/>\n<meta property=\"og:site_name\" content=\"MRNews\" \/>\n<meta property=\"article:publisher\" content=\"https:\/\/www.facebook.com\/eaipahpah\/?locale2=pt_BR\" \/>\n<meta property=\"article:published_time\" content=\"2025-06-08T21:01:21+00:00\" \/>\n<meta name=\"author\" content=\"MR News\" \/>\n<meta name=\"twitter:card\" content=\"summary_large_image\" \/>\n<meta name=\"twitter:creator\" content=\"@conspirou\" \/>\n<meta name=\"twitter:site\" content=\"@conspirou\" \/>\n<meta name=\"twitter:label1\" content=\"Escrito por\" \/>\n\t<meta name=\"twitter:data1\" content=\"MR News\" \/>\n\t<meta name=\"twitter:label2\" content=\"Est. tempo de leitura\" \/>\n\t<meta name=\"twitter:data2\" content=\"1 minuto\" \/>\n<script type=\"application\/ld+json\" class=\"yoast-schema-graph\">{\"@context\":\"https:\\\/\\\/schema.org\",\"@graph\":[{\"@type\":\"Article\",\"@id\":\"https:\\\/\\\/mrnews.com.br\\\/index.php\\\/2025\\\/06\\\/08\\\/gripe-sao-paulo-inicia-vacinacao-em-estacoes-e-terminais-na-segunda\\\/#article\",\"isPartOf\":{\"@id\":\"https:\\\/\\\/mrnews.com.br\\\/index.php\\\/2025\\\/06\\\/08\\\/gripe-sao-paulo-inicia-vacinacao-em-estacoes-e-terminais-na-segunda\\\/\"},\"author\":{\"name\":\"MR News\",\"@id\":\"https:\\\/\\\/mrnews.com.br\\\/#\\\/schema\\\/person\\\/be3203154562a9f207407861cef7827b\"},\"headline\":\"Gripe: S\u00e3o Paulo inicia vacina\u00e7\u00e3o em esta\u00e7\u00f5es e terminais na segunda\",\"datePublished\":\"2025-06-08T21:01:21+00:00\",\"mainEntityOfPage\":{\"@id\":\"https:\\\/\\\/mrnews.com.br\\\/index.php\\\/2025\\\/06\\\/08\\\/gripe-sao-paulo-inicia-vacinacao-em-estacoes-e-terminais-na-segunda\\\/\"},\"wordCount\":306,\"commentCount\":0,\"publisher\":{\"@id\":\"https:\\\/\\\/mrnews.com.br\\\/#organization\"},\"articleSection\":[\"ENTRETENIMENTO\",\"NOTICIAS\",\"SERVI\u00c7OS\"],\"inLanguage\":\"pt-BR\",\"potentialAction\":[{\"@type\":\"CommentAction\",\"name\":\"Comment\",\"target\":[\"https:\\\/\\\/mrnews.com.br\\\/index.php\\\/2025\\\/06\\\/08\\\/gripe-sao-paulo-inicia-vacinacao-em-estacoes-e-terminais-na-segunda\\\/#respond\"]}]},{\"@type\":\"WebPage\",\"@id\":\"https:\\\/\\\/mrnews.com.br\\\/index.php\\\/2025\\\/06\\\/08\\\/gripe-sao-paulo-inicia-vacinacao-em-estacoes-e-terminais-na-segunda\\\/\",\"url\":\"https:\\\/\\\/mrnews.com.br\\\/index.php\\\/2025\\\/06\\\/08\\\/gripe-sao-paulo-inicia-vacinacao-em-estacoes-e-terminais-na-segunda\\\/\",\"name\":\"Gripe: S\u00e3o Paulo inicia vacina\u00e7\u00e3o em esta\u00e7\u00f5es e terminais na segunda\",\"isPartOf\":{\"@id\":\"https:\\\/\\\/mrnews.com.br\\\/#website\"},\"datePublished\":\"2025-06-08T21:01:21+00:00\",\"breadcrumb\":{\"@id\":\"https:\\\/\\\/mrnews.com.br\\\/index.php\\\/2025\\\/06\\\/08\\\/gripe-sao-paulo-inicia-vacinacao-em-estacoes-e-terminais-na-segunda\\\/#breadcrumb\"},\"inLanguage\":\"pt-BR\",\"potentialAction\":[{\"@type\":\"ReadAction\",\"target\":[\"https:\\\/\\\/mrnews.com.br\\\/index.php\\\/2025\\\/06\\\/08\\\/gripe-sao-paulo-inicia-vacinacao-em-estacoes-e-terminais-na-segunda\\\/\"]}]},{\"@type\":\"BreadcrumbList\",\"@id\":\"https:\\\/\\\/mrnews.com.br\\\/index.php\\\/2025\\\/06\\\/08\\\/gripe-sao-paulo-inicia-vacinacao-em-estacoes-e-terminais-na-segunda\\\/#breadcrumb\",\"itemListElement\":[{\"@type\":\"ListItem\",\"position\":1,\"name\":\"In\u00edcio\",\"item\":\"https:\\\/\\\/mrnews.com.br\\\/\"},{\"@type\":\"ListItem\",\"position\":2,\"name\":\"Gripe: S\u00e3o Paulo inicia vacina\u00e7\u00e3o em esta\u00e7\u00f5es e terminais na segunda\"}]},{\"@type\":\"WebSite\",\"@id\":\"https:\\\/\\\/mrnews.com.br\\\/#website\",\"url\":\"https:\\\/\\\/mrnews.com.br\\\/\",\"name\":\"MRNews\",\"description\":\"MRNews Jogos de hoje da TV, transmiss\u00f5es ao vivo, Not\u00edcias de futebol, Jogos ao vivo, Lives, resumo de novelas, Programa\u00e7\u00e3o da Globo, A Fazenda e BBB\",\"publisher\":{\"@id\":\"https:\\\/\\\/mrnews.com.br\\\/#organization\"},\"potentialAction\":[{\"@type\":\"SearchAction\",\"target\":{\"@type\":\"EntryPoint\",\"urlTemplate\":\"https:\\\/\\\/mrnews.com.br\\\/?s={search_term_string}\"},\"query-input\":{\"@type\":\"PropertyValueSpecification\",\"valueRequired\":true,\"valueName\":\"search_term_string\"}}],\"inLanguage\":\"pt-BR\"},{\"@type\":\"Organization\",\"@id\":\"https:\\\/\\\/mrnews.com.br\\\/#organization\",\"name\":\"MRNews\",\"url\":\"https:\\\/\\\/mrnews.com.br\\\/\",\"logo\":{\"@type\":\"ImageObject\",\"inLanguage\":\"pt-BR\",\"@id\":\"https:\\\/\\\/mrnews.com.br\\\/#\\\/schema\\\/logo\\\/image\\\/\",\"url\":\"https:\\\/\\\/mrnews.com.br\\\/wp-content\\\/uploads\\\/2019\\\/06\\\/MRNewslogo2.png\",\"contentUrl\":\"https:\\\/\\\/mrnews.com.br\\\/wp-content\\\/uploads\\\/2019\\\/06\\\/MRNewslogo2.png\",\"width\":223,\"height\":58,\"caption\":\"MRNews\"},\"image\":{\"@id\":\"https:\\\/\\\/mrnews.com.br\\\/#\\\/schema\\\/logo\\\/image\\\/\"},\"sameAs\":[\"https:\\\/\\\/www.facebook.com\\\/eaipahpah\\\/?locale2=pt_BR\",\"https:\\\/\\\/x.com\\\/conspirou\",\"https:\\\/\\\/www.instagram.com\\\/eai_pahpah\",\"https:\\\/\\\/br.pinterest.com\\\/mrnewsn\\\/boards\\\/\",\"https:\\\/\\\/www.youtube.com\\\/channel\\\/UCacgnpznQ61fifLWr1tQ-vA?view_as=subscriber\"]},{\"@type\":\"Person\",\"@id\":\"https:\\\/\\\/mrnews.com.br\\\/#\\\/schema\\\/person\\\/be3203154562a9f207407861cef7827b\",\"name\":\"MR News\",\"image\":{\"@type\":\"ImageObject\",\"inLanguage\":\"pt-BR\",\"@id\":\"https:\\\/\\\/secure.gravatar.com\\\/avatar\\\/04084e6d73c042b8646e7c17b494073bf0ede3ea13c7105cfc45cbbbc28385a4?s=96&d=monsterid&r=g\",\"url\":\"https:\\\/\\\/secure.gravatar.com\\\/avatar\\\/04084e6d73c042b8646e7c17b494073bf0ede3ea13c7105cfc45cbbbc28385a4?s=96&d=monsterid&r=g\",\"contentUrl\":\"https:\\\/\\\/secure.gravatar.com\\\/avatar\\\/04084e6d73c042b8646e7c17b494073bf0ede3ea13c7105cfc45cbbbc28385a4?s=96&d=monsterid&r=g\",\"caption\":\"MR News\"},\"description\":\"Especializado em jornalismo colaborativo pela FTP em n\u00edvel de p\u00f3s-gradua\u00e7\u00e3o. suporte@oimeliga.combr\",\"sameAs\":[\"HUGO R.\",\"Admin\"],\"url\":\"https:\\\/\\\/mrnews.com.br\\\/index.php\\\/author\\\/admin\\\/\"}]}<\/script>\n<!-- \/ Yoast SEO plugin. -->","yoast_head_json":{"title":"Gripe: S\u00e3o Paulo inicia vacina\u00e7\u00e3o em esta\u00e7\u00f5es e terminais na segunda","robots":{"index":"index","follow":"follow","max-snippet":"max-snippet:-1","max-image-preview":"max-image-preview:large","max-video-preview":"max-video-preview:-1"},"canonical":"https:\/\/mrnews.com.br\/index.php\/2025\/06\/08\/gripe-sao-paulo-inicia-vacinacao-em-estacoes-e-terminais-na-segunda\/","og_locale":"pt_BR","og_type":"article","og_title":"Gripe: S\u00e3o Paulo inicia vacina\u00e7\u00e3o em esta\u00e7\u00f5es e terminais na segunda","og_description":"Por EBC, A prefeitura da capital paulista ir\u00e1 disponibilizar, para toda a popula\u00e7\u00e3o acima de 6 meses de idade, a partir desta segunda-feira (9), a vacina contra a gripe (v\u00edrus Influenza) em esta\u00e7\u00f5es do transporte p\u00fablico na cidade. O imunizante j\u00e1 est\u00e1 dispon\u00edvel para toda a popula\u00e7\u00e3o, a partir dos 6 meses de idade, desde &hellip;","og_url":"https:\/\/mrnews.com.br\/index.php\/2025\/06\/08\/gripe-sao-paulo-inicia-vacinacao-em-estacoes-e-terminais-na-segunda\/","og_site_name":"MRNews","article_publisher":"https:\/\/www.facebook.com\/eaipahpah\/?locale2=pt_BR","article_published_time":"2025-06-08T21:01:21+00:00","author":"MR News","twitter_card":"summary_large_image","twitter_creator":"@conspirou","twitter_site":"@conspirou","twitter_misc":{"Escrito por":"MR News","Est. tempo de leitura":"1 minuto"},"schema":{"@context":"https:\/\/schema.org","@graph":[{"@type":"Article","@id":"https:\/\/mrnews.com.br\/index.php\/2025\/06\/08\/gripe-sao-paulo-inicia-vacinacao-em-estacoes-e-terminais-na-segunda\/#article","isPartOf":{"@id":"https:\/\/mrnews.com.br\/index.php\/2025\/06\/08\/gripe-sao-paulo-inicia-vacinacao-em-estacoes-e-terminais-na-segunda\/"},"author":{"name":"MR News","@id":"https:\/\/mrnews.com.br\/#\/schema\/person\/be3203154562a9f207407861cef7827b"},"headline":"Gripe: S\u00e3o Paulo inicia vacina\u00e7\u00e3o em esta\u00e7\u00f5es e terminais na segunda","datePublished":"2025-06-08T21:01:21+00:00","mainEntityOfPage":{"@id":"https:\/\/mrnews.com.br\/index.php\/2025\/06\/08\/gripe-sao-paulo-inicia-vacinacao-em-estacoes-e-terminais-na-segunda\/"},"wordCount":306,"commentCount":0,"publisher":{"@id":"https:\/\/mrnews.com.br\/#organization"},"articleSection":["ENTRETENIMENTO","NOTICIAS","SERVI\u00c7OS"],"inLanguage":"pt-BR","potentialAction":[{"@type":"CommentAction","name":"Comment","target":["https:\/\/mrnews.com.br\/index.php\/2025\/06\/08\/gripe-sao-paulo-inicia-vacinacao-em-estacoes-e-terminais-na-segunda\/#respond"]}]},{"@type":"WebPage","@id":"https:\/\/mrnews.com.br\/index.php\/2025\/06\/08\/gripe-sao-paulo-inicia-vacinacao-em-estacoes-e-terminais-na-segunda\/","url":"https:\/\/mrnews.com.br\/index.php\/2025\/06\/08\/gripe-sao-paulo-inicia-vacinacao-em-estacoes-e-terminais-na-segunda\/","name":"Gripe: S\u00e3o Paulo inicia vacina\u00e7\u00e3o em esta\u00e7\u00f5es e terminais na segunda","isPartOf":{"@id":"https:\/\/mrnews.com.br\/#website"},"datePublished":"2025-06-08T21:01:21+00:00","breadcrumb":{"@id":"https:\/\/mrnews.com.br\/index.php\/2025\/06\/08\/gripe-sao-paulo-inicia-vacinacao-em-estacoes-e-terminais-na-segunda\/#breadcrumb"},"inLanguage":"pt-BR","potentialAction":[{"@type":"ReadAction","target":["https:\/\/mrnews.com.br\/index.php\/2025\/06\/08\/gripe-sao-paulo-inicia-vacinacao-em-estacoes-e-terminais-na-segunda\/"]}]},{"@type":"BreadcrumbList","@id":"https:\/\/mrnews.com.br\/index.php\/2025\/06\/08\/gripe-sao-paulo-inicia-vacinacao-em-estacoes-e-terminais-na-segunda\/#breadcrumb","itemListElement":[{"@type":"ListItem","position":1,"name":"In\u00edcio","item":"https:\/\/mrnews.com.br\/"},{"@type":"ListItem","position":2,"name":"Gripe: S\u00e3o Paulo inicia vacina\u00e7\u00e3o em esta\u00e7\u00f5es e terminais na segunda"}]},{"@type":"WebSite","@id":"https:\/\/mrnews.com.br\/#website","url":"https:\/\/mrnews.com.br\/","name":"MRNews","description":"MRNews Jogos de hoje da TV, transmiss\u00f5es ao vivo, Not\u00edcias de futebol, Jogos ao vivo, Lives, resumo de novelas, Programa\u00e7\u00e3o da Globo, A Fazenda e BBB","publisher":{"@id":"https:\/\/mrnews.com.br\/#organization"},"potentialAction":[{"@type":"SearchAction","target":{"@type":"EntryPoint","urlTemplate":"https:\/\/mrnews.com.br\/?s={search_term_string}"},"query-input":{"@type":"PropertyValueSpecification","valueRequired":true,"valueName":"search_term_string"}}],"inLanguage":"pt-BR"},{"@type":"Organization","@id":"https:\/\/mrnews.com.br\/#organization","name":"MRNews","url":"https:\/\/mrnews.com.br\/","logo":{"@type":"ImageObject","inLanguage":"pt-BR","@id":"https:\/\/mrnews.com.br\/#\/schema\/logo\/image\/","url":"https:\/\/mrnews.com.br\/wp-content\/uploads\/2019\/06\/MRNewslogo2.png","contentUrl":"https:\/\/mrnews.com.br\/wp-content\/uploads\/2019\/06\/MRNewslogo2.png","width":223,"height":58,"caption":"MRNews"},"image":{"@id":"https:\/\/mrnews.com.br\/#\/schema\/logo\/image\/"},"sameAs":["https:\/\/www.facebook.com\/eaipahpah\/?locale2=pt_BR","https:\/\/x.com\/conspirou","https:\/\/www.instagram.com\/eai_pahpah","https:\/\/br.pinterest.com\/mrnewsn\/boards\/","https:\/\/www.youtube.com\/channel\/UCacgnpznQ61fifLWr1tQ-vA?view_as=subscriber"]},{"@type":"Person","@id":"https:\/\/mrnews.com.br\/#\/schema\/person\/be3203154562a9f207407861cef7827b","name":"MR News","image":{"@type":"ImageObject","inLanguage":"pt-BR","@id":"https:\/\/secure.gravatar.com\/avatar\/04084e6d73c042b8646e7c17b494073bf0ede3ea13c7105cfc45cbbbc28385a4?s=96&d=monsterid&r=g","url":"https:\/\/secure.gravatar.com\/avatar\/04084e6d73c042b8646e7c17b494073bf0ede3ea13c7105cfc45cbbbc28385a4?s=96&d=monsterid&r=g","contentUrl":"https:\/\/secure.gravatar.com\/avatar\/04084e6d73c042b8646e7c17b494073bf0ede3ea13c7105cfc45cbbbc28385a4?s=96&d=monsterid&r=g","caption":"MR News"},"description":"Especializado em jornalismo colaborativo pela FTP em n\u00edvel de p\u00f3s-gradua\u00e7\u00e3o. suporte@oimeliga.combr","sameAs":["HUGO R.","Admin"],"url":"https:\/\/mrnews.com.br\/index.php\/author\/admin\/"}]}},"jetpack_featured_media_url":"","jetpack_sharing_enabled":true,"jetpack_shortlink":"https:\/\/wp.me\/pa2Qf7-1RH1","amp_enabled":true,"_links":{"self":[{"href":"https:\/\/mrnews.com.br\/index.php\/wp-json\/wp\/v2\/posts\/444727","targetHints":{"allow":["GET"]}}],"collection":[{"href":"https:\/\/mrnews.com.br\/index.php\/wp-json\/wp\/v2\/posts"}],"about":[{"href":"https:\/\/mrnews.com.br\/index.php\/wp-json\/wp\/v2\/types\/post"}],"author":[{"embeddable":true,"href":"https:\/\/mrnews.com.br\/index.php\/wp-json\/wp\/v2\/users\/1"}],"replies":[{"embeddable":true,"href":"https:\/\/mrnews.com.br\/index.php\/wp-json\/wp\/v2\/comments?post=444727"}],"version-history":[{"count":0,"href":"https:\/\/mrnews.com.br\/index.php\/wp-json\/wp\/v2\/posts\/444727\/revisions"}],"wp:attachment":[{"href":"https:\/\/mrnews.com.br\/index.php\/wp-json\/wp\/v2\/media?parent=444727"}],"wp:term":[{"taxonomy":"category","embeddable":true,"href":"https:\/\/mrnews.com.br\/index.php\/wp-json\/wp\/v2\/categories?post=444727"},{"taxonomy":"post_tag","embeddable":true,"href":"https:\/\/mrnews.com.br\/index.php\/wp-json\/wp\/v2\/tags?post=444727"}],"curies":[{"name":"wp","href":"https:\/\/api.w.org\/{rel}","templated":true}]}}