{"id":444730,"date":"2025-06-08T19:25:22","date_gmt":"2025-06-08T22:25:22","guid":{"rendered":"https:\/\/mrnews.com.br\/index.php\/2025\/06\/08\/ancelotti-testa-mudancas-no-ataque-da-selecao-brasileira\/"},"modified":"2025-06-08T19:25:22","modified_gmt":"2025-06-08T22:25:22","slug":"ancelotti-testa-mudancas-no-ataque-da-selecao-brasileira","status":"publish","type":"post","link":"https:\/\/mrnews.com.br\/index.php\/2025\/06\/08\/ancelotti-testa-mudancas-no-ataque-da-selecao-brasileira\/","title":{"rendered":"Ancelotti testa mudan\u00e7as no ataque da sele\u00e7\u00e3o brasileira"},"content":{"rendered":"<p>Por EBC, <\/p>\n<div>\n<p>O t\u00e9cnico italiano Carlo Ancelotti optou pela entrada dos atacantes Matheus Cunha e Raphinha na equipe titular da sele\u00e7\u00e3o brasileira em treino realizado neste domingo (8)\u00a0no Centro de Treinamento Joaquim Grava, do Corinthians. Com isso, h\u00e1 a possibilidade de o Brasil iniciar com novidades a partida contra o Paraguai, pelas Eliminat\u00f3rias Sul-Americanas para a Copa do Mundo.<\/p>\n<p>Caso Matheus Cunha e Raphinha entrem mesmo, respectivamente\u00a0nas vagas de Richarlison e de Estev\u00e3o, a sele\u00e7\u00e3o deve come\u00e7ar o confronto com os paraguaios, a partir das 21h45 (hor\u00e1rio de Bras\u00edlia) da pr\u00f3xima ter\u00e7a-feira (10), com a seguinte forma\u00e7\u00e3o: Alisson; Vanderson, Marquinhos, Alex e Alex Sandro; Casemiro, Bruno Guimar\u00e3es e Gerson; Raphinha, Matheus Cunha e Vinicius J\u00fanior.<\/p>\n<blockquote class=\"twitter-tweet\">\n<p dir=\"ltr\" lang=\"pt\" xml:lang=\"pt\">Trabalho intenso! \ud83d\udcaa\ud83c\udde7\ud83c\uddf7<\/p>\n<p>A Sele\u00e7\u00e3o Brasileira segue firme na prepara\u00e7\u00e3o para o confronto contra o Paraguai. Dentro e fora de campo, o foco \u00e9 total para chegarmos prontos e fortes!<\/p>\n<p>Vamos com tudo! \ud83d\udc9b\ud83d\udc9a<\/p>\n<p>\ud83d\udcf7Rafael Ribeiro\/CBF<a href=\"https:\/\/twitter.com\/hashtag\/ThisIsBrasil?src=hash&amp;ref_src=twsrc%5Etfw\">#ThisIsBrasil<\/a> <a href=\"https:\/\/twitter.com\/hashtag\/Sele%C3%A7%C3%A3oBrasileira?src=hash&amp;ref_src=twsrc%5Etfw\">#Sele\u00e7\u00e3oBrasileira<\/a> <a href=\"https:\/\/t.co\/2f4AElJ7TM\">pic.twitter.com\/2f4AElJ7TM<\/a><\/p>\n<p>\u2014 CBF Futebol (@CBF_Futebol) <a href=\"https:\/\/twitter.com\/CBF_Futebol\/status\/1931791430869221439?ref_src=twsrc%5Etfw\">June 8, 2025<\/a><\/p><\/blockquote>\n<h2>Jogo equilibrado<\/h2>\n<p>Tamb\u00e9m neste domingo o volante Casemiro falou da sua expectativa para o confronto com o Paraguai. Na opini\u00e3o do jogador do Manchester United (Inglaterra), brasileiros e paraguaios devem protagonizar um confronto equilibrado: \u201cSer\u00e1 um jogo de muita posse de bola, o Paraguai querendo jogar na transi\u00e7\u00e3o. Foi um pouco assim no primeiro jogo, a gente tentando furar e eles na transi\u00e7\u00e3o com jogadores de qualidade, velozes e diretos na frente. N\u00e3o ser\u00e1 t\u00e3o diferente aqui. Jogo de equil\u00edbrio mental, de ter a tranquilidade de saber o momento certo\u201d.<\/p>\n<p>      <!-- Relacionada --><\/p>\n<p>            <!-- Relacionada -->\n    <\/div>\n<p><script async src=\"\/\/platform.twitter.com\/widgets.js\" charset=\"utf-8\"><\/script><\/p>\n","protected":false},"excerpt":{"rendered":"<p>Por EBC, O t\u00e9cnico italiano Carlo Ancelotti optou pela entrada dos atacantes Matheus Cunha e Raphinha na equipe titular da sele\u00e7\u00e3o brasileira em treino realizado neste domingo (8)\u00a0no Centro de Treinamento Joaquim Grava, do Corinthians. Com isso, h\u00e1 a possibilidade de o Brasil iniciar com novidades a partida contra o Paraguai, pelas Eliminat\u00f3rias Sul-Americanas para &hellip;<\/p>\n","protected":false},"author":1,"featured_media":0,"comment_status":"open","ping_status":"open","sticky":false,"template":"","format":"standard","meta":{"_jetpack_memberships_contains_paid_content":false,"footnotes":""},"categories":[2,12225,4],"tags":[],"class_list":["post-444730","post","type-post","status-publish","format-standard","hentry","category-entretenimento","category-noticias","category-servicos"],"yoast_head":"<!-- This site is optimized with the Yoast SEO plugin v27.5 - https:\/\/yoast.com\/product\/yoast-seo-wordpress\/ -->\n<title>Ancelotti testa mudan\u00e7as no ataque da sele\u00e7\u00e3o brasileira<\/title>\n<meta name=\"robots\" content=\"index, follow, max-snippet:-1, max-image-preview:large, max-video-preview:-1\" \/>\n<link rel=\"canonical\" href=\"https:\/\/mrnews.com.br\/index.php\/2025\/06\/08\/ancelotti-testa-mudancas-no-ataque-da-selecao-brasileira\/\" \/>\n<meta property=\"og:locale\" content=\"pt_BR\" \/>\n<meta property=\"og:type\" content=\"article\" \/>\n<meta property=\"og:title\" content=\"Ancelotti testa mudan\u00e7as no ataque da sele\u00e7\u00e3o brasileira\" \/>\n<meta property=\"og:description\" content=\"Por EBC, O t\u00e9cnico italiano Carlo Ancelotti optou pela entrada dos atacantes Matheus Cunha e Raphinha na equipe titular da sele\u00e7\u00e3o brasileira em treino realizado neste domingo (8)\u00a0no Centro de Treinamento Joaquim Grava, do Corinthians. Com isso, h\u00e1 a possibilidade de o Brasil iniciar com novidades a partida contra o Paraguai, pelas Eliminat\u00f3rias Sul-Americanas para &hellip;\" \/>\n<meta property=\"og:url\" content=\"https:\/\/mrnews.com.br\/index.php\/2025\/06\/08\/ancelotti-testa-mudancas-no-ataque-da-selecao-brasileira\/\" \/>\n<meta property=\"og:site_name\" content=\"MRNews\" \/>\n<meta property=\"article:publisher\" content=\"https:\/\/www.facebook.com\/eaipahpah\/?locale2=pt_BR\" \/>\n<meta property=\"article:published_time\" content=\"2025-06-08T22:25:22+00:00\" \/>\n<meta name=\"author\" content=\"MR News\" \/>\n<meta name=\"twitter:card\" content=\"summary_large_image\" \/>\n<meta name=\"twitter:creator\" content=\"@conspirou\" \/>\n<meta name=\"twitter:site\" content=\"@conspirou\" \/>\n<meta name=\"twitter:label1\" content=\"Escrito por\" \/>\n\t<meta name=\"twitter:data1\" content=\"MR News\" \/>\n\t<meta name=\"twitter:label2\" content=\"Est. tempo de leitura\" \/>\n\t<meta name=\"twitter:data2\" content=\"1 minuto\" \/>\n<script type=\"application\/ld+json\" class=\"yoast-schema-graph\">{\"@context\":\"https:\\\/\\\/schema.org\",\"@graph\":[{\"@type\":\"Article\",\"@id\":\"https:\\\/\\\/mrnews.com.br\\\/index.php\\\/2025\\\/06\\\/08\\\/ancelotti-testa-mudancas-no-ataque-da-selecao-brasileira\\\/#article\",\"isPartOf\":{\"@id\":\"https:\\\/\\\/mrnews.com.br\\\/index.php\\\/2025\\\/06\\\/08\\\/ancelotti-testa-mudancas-no-ataque-da-selecao-brasileira\\\/\"},\"author\":{\"name\":\"MR News\",\"@id\":\"https:\\\/\\\/mrnews.com.br\\\/#\\\/schema\\\/person\\\/be3203154562a9f207407861cef7827b\"},\"headline\":\"Ancelotti testa mudan\u00e7as no ataque da sele\u00e7\u00e3o brasileira\",\"datePublished\":\"2025-06-08T22:25:22+00:00\",\"mainEntityOfPage\":{\"@id\":\"https:\\\/\\\/mrnews.com.br\\\/index.php\\\/2025\\\/06\\\/08\\\/ancelotti-testa-mudancas-no-ataque-da-selecao-brasileira\\\/\"},\"wordCount\":285,\"commentCount\":0,\"publisher\":{\"@id\":\"https:\\\/\\\/mrnews.com.br\\\/#organization\"},\"articleSection\":[\"ENTRETENIMENTO\",\"NOTICIAS\",\"SERVI\u00c7OS\"],\"inLanguage\":\"pt-BR\",\"potentialAction\":[{\"@type\":\"CommentAction\",\"name\":\"Comment\",\"target\":[\"https:\\\/\\\/mrnews.com.br\\\/index.php\\\/2025\\\/06\\\/08\\\/ancelotti-testa-mudancas-no-ataque-da-selecao-brasileira\\\/#respond\"]}]},{\"@type\":\"WebPage\",\"@id\":\"https:\\\/\\\/mrnews.com.br\\\/index.php\\\/2025\\\/06\\\/08\\\/ancelotti-testa-mudancas-no-ataque-da-selecao-brasileira\\\/\",\"url\":\"https:\\\/\\\/mrnews.com.br\\\/index.php\\\/2025\\\/06\\\/08\\\/ancelotti-testa-mudancas-no-ataque-da-selecao-brasileira\\\/\",\"name\":\"Ancelotti testa mudan\u00e7as no ataque da sele\u00e7\u00e3o brasileira\",\"isPartOf\":{\"@id\":\"https:\\\/\\\/mrnews.com.br\\\/#website\"},\"datePublished\":\"2025-06-08T22:25:22+00:00\",\"breadcrumb\":{\"@id\":\"https:\\\/\\\/mrnews.com.br\\\/index.php\\\/2025\\\/06\\\/08\\\/ancelotti-testa-mudancas-no-ataque-da-selecao-brasileira\\\/#breadcrumb\"},\"inLanguage\":\"pt-BR\",\"potentialAction\":[{\"@type\":\"ReadAction\",\"target\":[\"https:\\\/\\\/mrnews.com.br\\\/index.php\\\/2025\\\/06\\\/08\\\/ancelotti-testa-mudancas-no-ataque-da-selecao-brasileira\\\/\"]}]},{\"@type\":\"BreadcrumbList\",\"@id\":\"https:\\\/\\\/mrnews.com.br\\\/index.php\\\/2025\\\/06\\\/08\\\/ancelotti-testa-mudancas-no-ataque-da-selecao-brasileira\\\/#breadcrumb\",\"itemListElement\":[{\"@type\":\"ListItem\",\"position\":1,\"name\":\"In\u00edcio\",\"item\":\"https:\\\/\\\/mrnews.com.br\\\/\"},{\"@type\":\"ListItem\",\"position\":2,\"name\":\"Ancelotti testa mudan\u00e7as no ataque da sele\u00e7\u00e3o brasileira\"}]},{\"@type\":\"WebSite\",\"@id\":\"https:\\\/\\\/mrnews.com.br\\\/#website\",\"url\":\"https:\\\/\\\/mrnews.com.br\\\/\",\"name\":\"MRNews\",\"description\":\"MRNews Jogos de hoje da TV, transmiss\u00f5es ao vivo, Not\u00edcias de futebol, Jogos ao vivo, Lives, resumo de novelas, Programa\u00e7\u00e3o da Globo, A Fazenda e BBB\",\"publisher\":{\"@id\":\"https:\\\/\\\/mrnews.com.br\\\/#organization\"},\"potentialAction\":[{\"@type\":\"SearchAction\",\"target\":{\"@type\":\"EntryPoint\",\"urlTemplate\":\"https:\\\/\\\/mrnews.com.br\\\/?s={search_term_string}\"},\"query-input\":{\"@type\":\"PropertyValueSpecification\",\"valueRequired\":true,\"valueName\":\"search_term_string\"}}],\"inLanguage\":\"pt-BR\"},{\"@type\":\"Organization\",\"@id\":\"https:\\\/\\\/mrnews.com.br\\\/#organization\",\"name\":\"MRNews\",\"url\":\"https:\\\/\\\/mrnews.com.br\\\/\",\"logo\":{\"@type\":\"ImageObject\",\"inLanguage\":\"pt-BR\",\"@id\":\"https:\\\/\\\/mrnews.com.br\\\/#\\\/schema\\\/logo\\\/image\\\/\",\"url\":\"https:\\\/\\\/mrnews.com.br\\\/wp-content\\\/uploads\\\/2019\\\/06\\\/MRNewslogo2.png\",\"contentUrl\":\"https:\\\/\\\/mrnews.com.br\\\/wp-content\\\/uploads\\\/2019\\\/06\\\/MRNewslogo2.png\",\"width\":223,\"height\":58,\"caption\":\"MRNews\"},\"image\":{\"@id\":\"https:\\\/\\\/mrnews.com.br\\\/#\\\/schema\\\/logo\\\/image\\\/\"},\"sameAs\":[\"https:\\\/\\\/www.facebook.com\\\/eaipahpah\\\/?locale2=pt_BR\",\"https:\\\/\\\/x.com\\\/conspirou\",\"https:\\\/\\\/www.instagram.com\\\/eai_pahpah\",\"https:\\\/\\\/br.pinterest.com\\\/mrnewsn\\\/boards\\\/\",\"https:\\\/\\\/www.youtube.com\\\/channel\\\/UCacgnpznQ61fifLWr1tQ-vA?view_as=subscriber\"]},{\"@type\":\"Person\",\"@id\":\"https:\\\/\\\/mrnews.com.br\\\/#\\\/schema\\\/person\\\/be3203154562a9f207407861cef7827b\",\"name\":\"MR News\",\"image\":{\"@type\":\"ImageObject\",\"inLanguage\":\"pt-BR\",\"@id\":\"https:\\\/\\\/secure.gravatar.com\\\/avatar\\\/04084e6d73c042b8646e7c17b494073bf0ede3ea13c7105cfc45cbbbc28385a4?s=96&d=monsterid&r=g\",\"url\":\"https:\\\/\\\/secure.gravatar.com\\\/avatar\\\/04084e6d73c042b8646e7c17b494073bf0ede3ea13c7105cfc45cbbbc28385a4?s=96&d=monsterid&r=g\",\"contentUrl\":\"https:\\\/\\\/secure.gravatar.com\\\/avatar\\\/04084e6d73c042b8646e7c17b494073bf0ede3ea13c7105cfc45cbbbc28385a4?s=96&d=monsterid&r=g\",\"caption\":\"MR News\"},\"description\":\"Especializado em jornalismo colaborativo pela FTP em n\u00edvel de p\u00f3s-gradua\u00e7\u00e3o. suporte@oimeliga.combr\",\"sameAs\":[\"HUGO R.\",\"Admin\"],\"url\":\"https:\\\/\\\/mrnews.com.br\\\/index.php\\\/author\\\/admin\\\/\"}]}<\/script>\n<!-- \/ Yoast SEO plugin. -->","yoast_head_json":{"title":"Ancelotti testa mudan\u00e7as no ataque da sele\u00e7\u00e3o brasileira","robots":{"index":"index","follow":"follow","max-snippet":"max-snippet:-1","max-image-preview":"max-image-preview:large","max-video-preview":"max-video-preview:-1"},"canonical":"https:\/\/mrnews.com.br\/index.php\/2025\/06\/08\/ancelotti-testa-mudancas-no-ataque-da-selecao-brasileira\/","og_locale":"pt_BR","og_type":"article","og_title":"Ancelotti testa mudan\u00e7as no ataque da sele\u00e7\u00e3o brasileira","og_description":"Por EBC, O t\u00e9cnico italiano Carlo Ancelotti optou pela entrada dos atacantes Matheus Cunha e Raphinha na equipe titular da sele\u00e7\u00e3o brasileira em treino realizado neste domingo (8)\u00a0no Centro de Treinamento Joaquim Grava, do Corinthians. Com isso, h\u00e1 a possibilidade de o Brasil iniciar com novidades a partida contra o Paraguai, pelas Eliminat\u00f3rias Sul-Americanas para &hellip;","og_url":"https:\/\/mrnews.com.br\/index.php\/2025\/06\/08\/ancelotti-testa-mudancas-no-ataque-da-selecao-brasileira\/","og_site_name":"MRNews","article_publisher":"https:\/\/www.facebook.com\/eaipahpah\/?locale2=pt_BR","article_published_time":"2025-06-08T22:25:22+00:00","author":"MR News","twitter_card":"summary_large_image","twitter_creator":"@conspirou","twitter_site":"@conspirou","twitter_misc":{"Escrito por":"MR News","Est. tempo de leitura":"1 minuto"},"schema":{"@context":"https:\/\/schema.org","@graph":[{"@type":"Article","@id":"https:\/\/mrnews.com.br\/index.php\/2025\/06\/08\/ancelotti-testa-mudancas-no-ataque-da-selecao-brasileira\/#article","isPartOf":{"@id":"https:\/\/mrnews.com.br\/index.php\/2025\/06\/08\/ancelotti-testa-mudancas-no-ataque-da-selecao-brasileira\/"},"author":{"name":"MR News","@id":"https:\/\/mrnews.com.br\/#\/schema\/person\/be3203154562a9f207407861cef7827b"},"headline":"Ancelotti testa mudan\u00e7as no ataque da sele\u00e7\u00e3o brasileira","datePublished":"2025-06-08T22:25:22+00:00","mainEntityOfPage":{"@id":"https:\/\/mrnews.com.br\/index.php\/2025\/06\/08\/ancelotti-testa-mudancas-no-ataque-da-selecao-brasileira\/"},"wordCount":285,"commentCount":0,"publisher":{"@id":"https:\/\/mrnews.com.br\/#organization"},"articleSection":["ENTRETENIMENTO","NOTICIAS","SERVI\u00c7OS"],"inLanguage":"pt-BR","potentialAction":[{"@type":"CommentAction","name":"Comment","target":["https:\/\/mrnews.com.br\/index.php\/2025\/06\/08\/ancelotti-testa-mudancas-no-ataque-da-selecao-brasileira\/#respond"]}]},{"@type":"WebPage","@id":"https:\/\/mrnews.com.br\/index.php\/2025\/06\/08\/ancelotti-testa-mudancas-no-ataque-da-selecao-brasileira\/","url":"https:\/\/mrnews.com.br\/index.php\/2025\/06\/08\/ancelotti-testa-mudancas-no-ataque-da-selecao-brasileira\/","name":"Ancelotti testa mudan\u00e7as no ataque da sele\u00e7\u00e3o brasileira","isPartOf":{"@id":"https:\/\/mrnews.com.br\/#website"},"datePublished":"2025-06-08T22:25:22+00:00","breadcrumb":{"@id":"https:\/\/mrnews.com.br\/index.php\/2025\/06\/08\/ancelotti-testa-mudancas-no-ataque-da-selecao-brasileira\/#breadcrumb"},"inLanguage":"pt-BR","potentialAction":[{"@type":"ReadAction","target":["https:\/\/mrnews.com.br\/index.php\/2025\/06\/08\/ancelotti-testa-mudancas-no-ataque-da-selecao-brasileira\/"]}]},{"@type":"BreadcrumbList","@id":"https:\/\/mrnews.com.br\/index.php\/2025\/06\/08\/ancelotti-testa-mudancas-no-ataque-da-selecao-brasileira\/#breadcrumb","itemListElement":[{"@type":"ListItem","position":1,"name":"In\u00edcio","item":"https:\/\/mrnews.com.br\/"},{"@type":"ListItem","position":2,"name":"Ancelotti testa mudan\u00e7as no ataque da sele\u00e7\u00e3o brasileira"}]},{"@type":"WebSite","@id":"https:\/\/mrnews.com.br\/#website","url":"https:\/\/mrnews.com.br\/","name":"MRNews","description":"MRNews Jogos de hoje da TV, transmiss\u00f5es ao vivo, Not\u00edcias de futebol, Jogos ao vivo, Lives, resumo de novelas, Programa\u00e7\u00e3o da Globo, A Fazenda e BBB","publisher":{"@id":"https:\/\/mrnews.com.br\/#organization"},"potentialAction":[{"@type":"SearchAction","target":{"@type":"EntryPoint","urlTemplate":"https:\/\/mrnews.com.br\/?s={search_term_string}"},"query-input":{"@type":"PropertyValueSpecification","valueRequired":true,"valueName":"search_term_string"}}],"inLanguage":"pt-BR"},{"@type":"Organization","@id":"https:\/\/mrnews.com.br\/#organization","name":"MRNews","url":"https:\/\/mrnews.com.br\/","logo":{"@type":"ImageObject","inLanguage":"pt-BR","@id":"https:\/\/mrnews.com.br\/#\/schema\/logo\/image\/","url":"https:\/\/mrnews.com.br\/wp-content\/uploads\/2019\/06\/MRNewslogo2.png","contentUrl":"https:\/\/mrnews.com.br\/wp-content\/uploads\/2019\/06\/MRNewslogo2.png","width":223,"height":58,"caption":"MRNews"},"image":{"@id":"https:\/\/mrnews.com.br\/#\/schema\/logo\/image\/"},"sameAs":["https:\/\/www.facebook.com\/eaipahpah\/?locale2=pt_BR","https:\/\/x.com\/conspirou","https:\/\/www.instagram.com\/eai_pahpah","https:\/\/br.pinterest.com\/mrnewsn\/boards\/","https:\/\/www.youtube.com\/channel\/UCacgnpznQ61fifLWr1tQ-vA?view_as=subscriber"]},{"@type":"Person","@id":"https:\/\/mrnews.com.br\/#\/schema\/person\/be3203154562a9f207407861cef7827b","name":"MR News","image":{"@type":"ImageObject","inLanguage":"pt-BR","@id":"https:\/\/secure.gravatar.com\/avatar\/04084e6d73c042b8646e7c17b494073bf0ede3ea13c7105cfc45cbbbc28385a4?s=96&d=monsterid&r=g","url":"https:\/\/secure.gravatar.com\/avatar\/04084e6d73c042b8646e7c17b494073bf0ede3ea13c7105cfc45cbbbc28385a4?s=96&d=monsterid&r=g","contentUrl":"https:\/\/secure.gravatar.com\/avatar\/04084e6d73c042b8646e7c17b494073bf0ede3ea13c7105cfc45cbbbc28385a4?s=96&d=monsterid&r=g","caption":"MR News"},"description":"Especializado em jornalismo colaborativo pela FTP em n\u00edvel de p\u00f3s-gradua\u00e7\u00e3o. suporte@oimeliga.combr","sameAs":["HUGO R.","Admin"],"url":"https:\/\/mrnews.com.br\/index.php\/author\/admin\/"}]}},"jetpack_featured_media_url":"","jetpack_sharing_enabled":true,"jetpack_shortlink":"https:\/\/wp.me\/pa2Qf7-1RH4","amp_enabled":true,"_links":{"self":[{"href":"https:\/\/mrnews.com.br\/index.php\/wp-json\/wp\/v2\/posts\/444730","targetHints":{"allow":["GET"]}}],"collection":[{"href":"https:\/\/mrnews.com.br\/index.php\/wp-json\/wp\/v2\/posts"}],"about":[{"href":"https:\/\/mrnews.com.br\/index.php\/wp-json\/wp\/v2\/types\/post"}],"author":[{"embeddable":true,"href":"https:\/\/mrnews.com.br\/index.php\/wp-json\/wp\/v2\/users\/1"}],"replies":[{"embeddable":true,"href":"https:\/\/mrnews.com.br\/index.php\/wp-json\/wp\/v2\/comments?post=444730"}],"version-history":[{"count":0,"href":"https:\/\/mrnews.com.br\/index.php\/wp-json\/wp\/v2\/posts\/444730\/revisions"}],"wp:attachment":[{"href":"https:\/\/mrnews.com.br\/index.php\/wp-json\/wp\/v2\/media?parent=444730"}],"wp:term":[{"taxonomy":"category","embeddable":true,"href":"https:\/\/mrnews.com.br\/index.php\/wp-json\/wp\/v2\/categories?post=444730"},{"taxonomy":"post_tag","embeddable":true,"href":"https:\/\/mrnews.com.br\/index.php\/wp-json\/wp\/v2\/tags?post=444730"}],"curies":[{"name":"wp","href":"https:\/\/api.w.org\/{rel}","templated":true}]}}