{"id":445010,"date":"2025-06-13T17:45:21","date_gmt":"2025-06-13T20:45:21","guid":{"rendered":"https:\/\/mrnews.com.br\/index.php\/2025\/06\/13\/pesquisa-imposto-para-super-ricos-resultaria-em-justica-social\/"},"modified":"2025-06-13T17:45:21","modified_gmt":"2025-06-13T20:45:21","slug":"pesquisa-imposto-para-super-ricos-resultaria-em-justica-social","status":"publish","type":"post","link":"https:\/\/mrnews.com.br\/index.php\/2025\/06\/13\/pesquisa-imposto-para-super-ricos-resultaria-em-justica-social\/","title":{"rendered":"Pesquisa: imposto para super-ricos resultaria em justi\u00e7a social"},"content":{"rendered":"<p>Por EBC, <\/p>\n<div>\n<p>Pesquisa divulgada nesta sexta-feira (13) pelo Minist\u00e9rio da Fazenda revela que uma al\u00edquota \u201cm\u00ednima\u201d do Imposto de Renda para Pessoas F\u00edsicas (IRPF) para quem ganha sal\u00e1rio acima de R$ 50 mil mensais garantiria\u00a0um n\u00famero maior de contribuintes isentos nas camadas mais pobres.<\/p>\n<p>O estudo ratifica\u00a0tese defendida pelo governo federal, tendo por base dados relativos ao ano de 2022 das declara\u00e7\u00f5es de IRPF e da Pesquisa Nacional por Amostra de Domic\u00edlios Cont\u00ednua Anual (PNADC-A).<\/p>\n<blockquote>\n<p>\u201cA implementa\u00e7\u00e3o isolada da desonera\u00e7\u00e3o, sem a compensa\u00e7\u00e3o via imposto m\u00ednimo sobre os super-ricos, al\u00e9m de gerar impacto fiscal negativo, n\u00e3o mitiga as distor\u00e7\u00f5es de progressividade na tributa\u00e7\u00e3o direta no Brasil e pode at\u00e9 ampliar a desigualdade de renda\u201d, diz o estudo <em>Impactos da reforma do IRPF sobre a renda das pessoas f\u00edsicas proposta no PL 1.087\/25 na progressividade e na desigualdade de renda<\/em>.<\/p>\n<\/blockquote>\n<p><strong>O \u201cimposto m\u00ednimo\u201d (IRPFM) incidiria, segundo a proposta apresentada pelo governo federal, nos 0,2% dos contribuintes mais ricos do pa\u00eds &#8211;\u00a0os chamados \u201csuper-ricos\u201d &#8211; que s\u00e3o aqueles que recebem sal\u00e1rio mensal de pelo menos R$ 50 mil \u2013 o que corresponde R$ 600 mil por ano.<\/strong><\/p>\n<p>A partir deste valor, a al\u00edquota vai aumentando gradativamente at\u00e9 atingir 10% para rendas a partir de R$ 1,2 milh\u00e3o por m\u00eas.<\/p>\n<p><strong>O imposto m\u00ednimo para os super-ricos possibilitaria, segundo o governo, custear a redu\u00e7\u00e3o do IRPF para 14,5% da popula\u00e7\u00e3o.<\/strong><\/p>\n<p>A isen\u00e7\u00e3o de IRPF seria total para quem ganha at\u00e9 R$ 5 mil por m\u00eas; e parcial para quem ganha entre R$ 5 mil e R$ 7 mil mensais.<\/p>\n<p>Na avalia\u00e7\u00e3o do Minist\u00e9rio da Fazenda, <strong>a reforma integral proposta no PL n\u00ba 1.087 \u00e9 \u201cessencial para promover um sistema tribut\u00e1rio mais justo e equitativo e para contribuir para a redu\u00e7\u00e3o da desigualdade de renda no Brasil\u201d.<\/strong><\/p>\n<p>&gt;&gt; Siga o canal da <strong>Ag\u00eancia Brasi<\/strong>l no WhatsApp<\/p>\n<h2>Cen\u00e1rio 1<\/h2>\n<p>O levantamento apresenta tr\u00eas cen\u00e1rios de an\u00e1lise para, ent\u00e3o, concluir que \u201csomente a aprova\u00e7\u00e3o da proposta que combina a isen\u00e7\u00e3o com o imposto m\u00ednimo reduzir\u00e1 a desigualdade\u201d no pa\u00eds.<\/p>\n<p><strong>O primeiro deles mostra o modelo atual de IRPF, tendo como ano-base 2022.<\/strong><\/p>\n<p>A perman\u00eancia de tributa\u00e7\u00e3o efetiva muito baixa para estratos j\u00e1 muito elevados, isto \u00e9, para os ainda mais ricos que os 0,7% dos declarantes (ou 0,2% da popula\u00e7\u00e3o) apresenta tr\u00eas problemas, segundo o estudo.<\/p>\n<p><strong>Al\u00e9m de n\u00e3o seguir os princ\u00edpios de justi\u00e7a fiscal e justi\u00e7a social, esse cen\u00e1rio n\u00e3o corrigiria a distor\u00e7\u00e3o de regressividade no topo da distribui\u00e7\u00e3o. Por fim, ampliaria ainda mais a desigualdade no pa\u00eds.<\/strong><\/p>\n<h2>Cen\u00e1rio 2<\/h2>\n<p><strong>O segundo cen\u00e1rio simula a implementa\u00e7\u00e3o de isen\u00e7\u00e3o e descontos sobre a base de contribuintes caso tivesse ocorrido em 2022.<\/strong><\/p>\n<p>Nesse caso \u2013 de isen\u00e7\u00e3o para quem ganha at\u00e9 R$ 5 mil e de desonera\u00e7\u00e3o parcial \u00e0queles que ganham at\u00e9 R$ 7 mil, sem imposto m\u00ednimo \u2013, o efeito seria \u201cpequeno sobre a progressividade do IRPF\u201d, acompanhado de \u201cpiora na distribui\u00e7\u00e3o de renda do pa\u00eds, considerando-se toda a popula\u00e7\u00e3o\u201d.<\/p>\n<h2>Cen\u00e1rio 3<\/h2>\n<p>O terceiro cen\u00e1rio mostra como ficaria a situa\u00e7\u00e3o, caso as medidas de desonera\u00e7\u00f5es fossem implementadas de forma conjunta com a tributa\u00e7\u00e3o m\u00ednima dos super-ricos.<\/p>\n<p><strong>O resultado seria, segundo o levantamento, uma diminui\u00e7\u00e3o da \u201cdistor\u00e7\u00e3o de regressividade do IRPF no topo da distribui\u00e7\u00e3o\u201d.<\/strong><\/p>\n<p>Al\u00e9m disso, com a amplia\u00e7\u00e3o da progressividade, n\u00e3o se comprometeria a sustentabilidade fiscal. O estudo, ent\u00e3o, conclui que a desigualdade de renda no pa\u00eds seria, de fato, reduzida.<\/p>\n<h2>Conclus\u00e3o<\/h2>\n<p>\u201cNo que tange \u00e0 distribui\u00e7\u00e3o de renda entre toda a popula\u00e7\u00e3o adulta com algum rendimento, a proposta integral (isen\u00e7\u00e3o + IRPFM) \u00e9 a \u00fanica que efetivamente reduziria a desigualdade em rela\u00e7\u00e3o ao cen\u00e1rio atual\u201d, conclui o estudo, tendo por base reflexos das medidas para o chamado \u00cdndice de Gini \u2013 medi\u00e7\u00e3o estat\u00edstica que indica desigualdade na distribui\u00e7\u00e3o de renda.<\/p>\n<p><strong>Caso a proposta do governo tivesse sido aprovada, esse \u00edndice, que atualmente est\u00e1 em 0,6185 diminuiria para\u00a00,6178, \u201cpromovendo mais justi\u00e7a fiscal e menor desigualdade de renda\u201d, diz o estudo.<\/strong><\/p>\n<p>\u201cJ\u00e1 o cen\u00e1rio que contempla apenas a isen\u00e7\u00e3o e descontos \u00e0s rendas mais baixas, sem a contrapartida do imposto m\u00ednimo sobre as altas rendas, geraria piora da desigualdade de rendimentos no pa\u00eds (\u00edndice de Gini do cen\u00e1rio igual a 0,6192)\u201d.<\/p>\n<p>Al\u00e9m disso, representaria \u201cuma amea\u00e7a \u00e0 sustentabilidade fiscal, pois n\u00e3o haveria compensa\u00e7\u00e3o com a arrecada\u00e7\u00e3o tribut\u00e1ria majorada nos rendimentos do topo da pir\u00e2mide distributiva, que atualmente pagam al\u00edquotas efetivas muito mais baixas do que contribuintes de menores rendas\u201d, complementou.<\/p>\n<p>      <!-- Relacionada --><\/p>\n<p>            <!-- Relacionada -->\n    <\/div>\n","protected":false},"excerpt":{"rendered":"<p>Por EBC, Pesquisa divulgada nesta sexta-feira (13) pelo Minist\u00e9rio da Fazenda revela que uma al\u00edquota \u201cm\u00ednima\u201d do Imposto de Renda para Pessoas F\u00edsicas (IRPF) para quem ganha sal\u00e1rio acima de R$ 50 mil mensais garantiria\u00a0um n\u00famero maior de contribuintes isentos nas camadas mais pobres. O estudo ratifica\u00a0tese defendida pelo governo federal, tendo por base dados &hellip;<\/p>\n","protected":false},"author":1,"featured_media":0,"comment_status":"open","ping_status":"open","sticky":false,"template":"","format":"standard","meta":{"_jetpack_memberships_contains_paid_content":false,"footnotes":""},"categories":[2,12225,4],"tags":[],"class_list":["post-445010","post","type-post","status-publish","format-standard","hentry","category-entretenimento","category-noticias","category-servicos"],"yoast_head":"<!-- This site is optimized with the Yoast SEO plugin v27.5 - https:\/\/yoast.com\/product\/yoast-seo-wordpress\/ -->\n<title>Pesquisa: imposto para super-ricos resultaria em justi\u00e7a social<\/title>\n<meta name=\"robots\" content=\"index, follow, max-snippet:-1, max-image-preview:large, max-video-preview:-1\" \/>\n<link rel=\"canonical\" href=\"https:\/\/mrnews.com.br\/index.php\/2025\/06\/13\/pesquisa-imposto-para-super-ricos-resultaria-em-justica-social\/\" \/>\n<meta property=\"og:locale\" content=\"pt_BR\" \/>\n<meta property=\"og:type\" content=\"article\" \/>\n<meta property=\"og:title\" content=\"Pesquisa: imposto para super-ricos resultaria em justi\u00e7a social\" \/>\n<meta property=\"og:description\" content=\"Por EBC, Pesquisa divulgada nesta sexta-feira (13) pelo Minist\u00e9rio da Fazenda revela que uma al\u00edquota \u201cm\u00ednima\u201d do Imposto de Renda para Pessoas F\u00edsicas (IRPF) para quem ganha sal\u00e1rio acima de R$ 50 mil mensais garantiria\u00a0um n\u00famero maior de contribuintes isentos nas camadas mais pobres. O estudo ratifica\u00a0tese defendida pelo governo federal, tendo por base dados &hellip;\" \/>\n<meta property=\"og:url\" content=\"https:\/\/mrnews.com.br\/index.php\/2025\/06\/13\/pesquisa-imposto-para-super-ricos-resultaria-em-justica-social\/\" \/>\n<meta property=\"og:site_name\" content=\"MRNews\" \/>\n<meta property=\"article:publisher\" content=\"https:\/\/www.facebook.com\/eaipahpah\/?locale2=pt_BR\" \/>\n<meta property=\"article:published_time\" content=\"2025-06-13T20:45:21+00:00\" \/>\n<meta name=\"author\" content=\"MR News\" \/>\n<meta name=\"twitter:card\" content=\"summary_large_image\" \/>\n<meta name=\"twitter:creator\" content=\"@conspirou\" \/>\n<meta name=\"twitter:site\" content=\"@conspirou\" \/>\n<meta name=\"twitter:label1\" content=\"Escrito por\" \/>\n\t<meta name=\"twitter:data1\" content=\"MR News\" \/>\n\t<meta name=\"twitter:label2\" content=\"Est. tempo de leitura\" \/>\n\t<meta name=\"twitter:data2\" content=\"4 minutos\" \/>\n<script type=\"application\/ld+json\" class=\"yoast-schema-graph\">{\"@context\":\"https:\\\/\\\/schema.org\",\"@graph\":[{\"@type\":\"Article\",\"@id\":\"https:\\\/\\\/mrnews.com.br\\\/index.php\\\/2025\\\/06\\\/13\\\/pesquisa-imposto-para-super-ricos-resultaria-em-justica-social\\\/#article\",\"isPartOf\":{\"@id\":\"https:\\\/\\\/mrnews.com.br\\\/index.php\\\/2025\\\/06\\\/13\\\/pesquisa-imposto-para-super-ricos-resultaria-em-justica-social\\\/\"},\"author\":{\"name\":\"MR News\",\"@id\":\"https:\\\/\\\/mrnews.com.br\\\/#\\\/schema\\\/person\\\/be3203154562a9f207407861cef7827b\"},\"headline\":\"Pesquisa: imposto para super-ricos resultaria em justi\u00e7a social\",\"datePublished\":\"2025-06-13T20:45:21+00:00\",\"mainEntityOfPage\":{\"@id\":\"https:\\\/\\\/mrnews.com.br\\\/index.php\\\/2025\\\/06\\\/13\\\/pesquisa-imposto-para-super-ricos-resultaria-em-justica-social\\\/\"},\"wordCount\":806,\"commentCount\":0,\"publisher\":{\"@id\":\"https:\\\/\\\/mrnews.com.br\\\/#organization\"},\"articleSection\":[\"ENTRETENIMENTO\",\"NOTICIAS\",\"SERVI\u00c7OS\"],\"inLanguage\":\"pt-BR\",\"potentialAction\":[{\"@type\":\"CommentAction\",\"name\":\"Comment\",\"target\":[\"https:\\\/\\\/mrnews.com.br\\\/index.php\\\/2025\\\/06\\\/13\\\/pesquisa-imposto-para-super-ricos-resultaria-em-justica-social\\\/#respond\"]}]},{\"@type\":\"WebPage\",\"@id\":\"https:\\\/\\\/mrnews.com.br\\\/index.php\\\/2025\\\/06\\\/13\\\/pesquisa-imposto-para-super-ricos-resultaria-em-justica-social\\\/\",\"url\":\"https:\\\/\\\/mrnews.com.br\\\/index.php\\\/2025\\\/06\\\/13\\\/pesquisa-imposto-para-super-ricos-resultaria-em-justica-social\\\/\",\"name\":\"Pesquisa: imposto para super-ricos resultaria em justi\u00e7a social\",\"isPartOf\":{\"@id\":\"https:\\\/\\\/mrnews.com.br\\\/#website\"},\"datePublished\":\"2025-06-13T20:45:21+00:00\",\"breadcrumb\":{\"@id\":\"https:\\\/\\\/mrnews.com.br\\\/index.php\\\/2025\\\/06\\\/13\\\/pesquisa-imposto-para-super-ricos-resultaria-em-justica-social\\\/#breadcrumb\"},\"inLanguage\":\"pt-BR\",\"potentialAction\":[{\"@type\":\"ReadAction\",\"target\":[\"https:\\\/\\\/mrnews.com.br\\\/index.php\\\/2025\\\/06\\\/13\\\/pesquisa-imposto-para-super-ricos-resultaria-em-justica-social\\\/\"]}]},{\"@type\":\"BreadcrumbList\",\"@id\":\"https:\\\/\\\/mrnews.com.br\\\/index.php\\\/2025\\\/06\\\/13\\\/pesquisa-imposto-para-super-ricos-resultaria-em-justica-social\\\/#breadcrumb\",\"itemListElement\":[{\"@type\":\"ListItem\",\"position\":1,\"name\":\"In\u00edcio\",\"item\":\"https:\\\/\\\/mrnews.com.br\\\/\"},{\"@type\":\"ListItem\",\"position\":2,\"name\":\"Pesquisa: imposto para super-ricos resultaria em justi\u00e7a social\"}]},{\"@type\":\"WebSite\",\"@id\":\"https:\\\/\\\/mrnews.com.br\\\/#website\",\"url\":\"https:\\\/\\\/mrnews.com.br\\\/\",\"name\":\"MRNews\",\"description\":\"MRNews Jogos de hoje da TV, transmiss\u00f5es ao vivo, Not\u00edcias de futebol, Jogos ao vivo, Lives, resumo de novelas, Programa\u00e7\u00e3o da Globo, A Fazenda e BBB\",\"publisher\":{\"@id\":\"https:\\\/\\\/mrnews.com.br\\\/#organization\"},\"potentialAction\":[{\"@type\":\"SearchAction\",\"target\":{\"@type\":\"EntryPoint\",\"urlTemplate\":\"https:\\\/\\\/mrnews.com.br\\\/?s={search_term_string}\"},\"query-input\":{\"@type\":\"PropertyValueSpecification\",\"valueRequired\":true,\"valueName\":\"search_term_string\"}}],\"inLanguage\":\"pt-BR\"},{\"@type\":\"Organization\",\"@id\":\"https:\\\/\\\/mrnews.com.br\\\/#organization\",\"name\":\"MRNews\",\"url\":\"https:\\\/\\\/mrnews.com.br\\\/\",\"logo\":{\"@type\":\"ImageObject\",\"inLanguage\":\"pt-BR\",\"@id\":\"https:\\\/\\\/mrnews.com.br\\\/#\\\/schema\\\/logo\\\/image\\\/\",\"url\":\"https:\\\/\\\/mrnews.com.br\\\/wp-content\\\/uploads\\\/2019\\\/06\\\/MRNewslogo2.png\",\"contentUrl\":\"https:\\\/\\\/mrnews.com.br\\\/wp-content\\\/uploads\\\/2019\\\/06\\\/MRNewslogo2.png\",\"width\":223,\"height\":58,\"caption\":\"MRNews\"},\"image\":{\"@id\":\"https:\\\/\\\/mrnews.com.br\\\/#\\\/schema\\\/logo\\\/image\\\/\"},\"sameAs\":[\"https:\\\/\\\/www.facebook.com\\\/eaipahpah\\\/?locale2=pt_BR\",\"https:\\\/\\\/x.com\\\/conspirou\",\"https:\\\/\\\/www.instagram.com\\\/eai_pahpah\",\"https:\\\/\\\/br.pinterest.com\\\/mrnewsn\\\/boards\\\/\",\"https:\\\/\\\/www.youtube.com\\\/channel\\\/UCacgnpznQ61fifLWr1tQ-vA?view_as=subscriber\"]},{\"@type\":\"Person\",\"@id\":\"https:\\\/\\\/mrnews.com.br\\\/#\\\/schema\\\/person\\\/be3203154562a9f207407861cef7827b\",\"name\":\"MR News\",\"image\":{\"@type\":\"ImageObject\",\"inLanguage\":\"pt-BR\",\"@id\":\"https:\\\/\\\/secure.gravatar.com\\\/avatar\\\/04084e6d73c042b8646e7c17b494073bf0ede3ea13c7105cfc45cbbbc28385a4?s=96&d=monsterid&r=g\",\"url\":\"https:\\\/\\\/secure.gravatar.com\\\/avatar\\\/04084e6d73c042b8646e7c17b494073bf0ede3ea13c7105cfc45cbbbc28385a4?s=96&d=monsterid&r=g\",\"contentUrl\":\"https:\\\/\\\/secure.gravatar.com\\\/avatar\\\/04084e6d73c042b8646e7c17b494073bf0ede3ea13c7105cfc45cbbbc28385a4?s=96&d=monsterid&r=g\",\"caption\":\"MR News\"},\"description\":\"Especializado em jornalismo colaborativo pela FTP em n\u00edvel de p\u00f3s-gradua\u00e7\u00e3o. suporte@oimeliga.combr\",\"sameAs\":[\"HUGO R.\",\"Admin\"],\"url\":\"https:\\\/\\\/mrnews.com.br\\\/index.php\\\/author\\\/admin\\\/\"}]}<\/script>\n<!-- \/ Yoast SEO plugin. -->","yoast_head_json":{"title":"Pesquisa: imposto para super-ricos resultaria em justi\u00e7a social","robots":{"index":"index","follow":"follow","max-snippet":"max-snippet:-1","max-image-preview":"max-image-preview:large","max-video-preview":"max-video-preview:-1"},"canonical":"https:\/\/mrnews.com.br\/index.php\/2025\/06\/13\/pesquisa-imposto-para-super-ricos-resultaria-em-justica-social\/","og_locale":"pt_BR","og_type":"article","og_title":"Pesquisa: imposto para super-ricos resultaria em justi\u00e7a social","og_description":"Por EBC, Pesquisa divulgada nesta sexta-feira (13) pelo Minist\u00e9rio da Fazenda revela que uma al\u00edquota \u201cm\u00ednima\u201d do Imposto de Renda para Pessoas F\u00edsicas (IRPF) para quem ganha sal\u00e1rio acima de R$ 50 mil mensais garantiria\u00a0um n\u00famero maior de contribuintes isentos nas camadas mais pobres. O estudo ratifica\u00a0tese defendida pelo governo federal, tendo por base dados &hellip;","og_url":"https:\/\/mrnews.com.br\/index.php\/2025\/06\/13\/pesquisa-imposto-para-super-ricos-resultaria-em-justica-social\/","og_site_name":"MRNews","article_publisher":"https:\/\/www.facebook.com\/eaipahpah\/?locale2=pt_BR","article_published_time":"2025-06-13T20:45:21+00:00","author":"MR News","twitter_card":"summary_large_image","twitter_creator":"@conspirou","twitter_site":"@conspirou","twitter_misc":{"Escrito por":"MR News","Est. tempo de leitura":"4 minutos"},"schema":{"@context":"https:\/\/schema.org","@graph":[{"@type":"Article","@id":"https:\/\/mrnews.com.br\/index.php\/2025\/06\/13\/pesquisa-imposto-para-super-ricos-resultaria-em-justica-social\/#article","isPartOf":{"@id":"https:\/\/mrnews.com.br\/index.php\/2025\/06\/13\/pesquisa-imposto-para-super-ricos-resultaria-em-justica-social\/"},"author":{"name":"MR News","@id":"https:\/\/mrnews.com.br\/#\/schema\/person\/be3203154562a9f207407861cef7827b"},"headline":"Pesquisa: imposto para super-ricos resultaria em justi\u00e7a social","datePublished":"2025-06-13T20:45:21+00:00","mainEntityOfPage":{"@id":"https:\/\/mrnews.com.br\/index.php\/2025\/06\/13\/pesquisa-imposto-para-super-ricos-resultaria-em-justica-social\/"},"wordCount":806,"commentCount":0,"publisher":{"@id":"https:\/\/mrnews.com.br\/#organization"},"articleSection":["ENTRETENIMENTO","NOTICIAS","SERVI\u00c7OS"],"inLanguage":"pt-BR","potentialAction":[{"@type":"CommentAction","name":"Comment","target":["https:\/\/mrnews.com.br\/index.php\/2025\/06\/13\/pesquisa-imposto-para-super-ricos-resultaria-em-justica-social\/#respond"]}]},{"@type":"WebPage","@id":"https:\/\/mrnews.com.br\/index.php\/2025\/06\/13\/pesquisa-imposto-para-super-ricos-resultaria-em-justica-social\/","url":"https:\/\/mrnews.com.br\/index.php\/2025\/06\/13\/pesquisa-imposto-para-super-ricos-resultaria-em-justica-social\/","name":"Pesquisa: imposto para super-ricos resultaria em justi\u00e7a social","isPartOf":{"@id":"https:\/\/mrnews.com.br\/#website"},"datePublished":"2025-06-13T20:45:21+00:00","breadcrumb":{"@id":"https:\/\/mrnews.com.br\/index.php\/2025\/06\/13\/pesquisa-imposto-para-super-ricos-resultaria-em-justica-social\/#breadcrumb"},"inLanguage":"pt-BR","potentialAction":[{"@type":"ReadAction","target":["https:\/\/mrnews.com.br\/index.php\/2025\/06\/13\/pesquisa-imposto-para-super-ricos-resultaria-em-justica-social\/"]}]},{"@type":"BreadcrumbList","@id":"https:\/\/mrnews.com.br\/index.php\/2025\/06\/13\/pesquisa-imposto-para-super-ricos-resultaria-em-justica-social\/#breadcrumb","itemListElement":[{"@type":"ListItem","position":1,"name":"In\u00edcio","item":"https:\/\/mrnews.com.br\/"},{"@type":"ListItem","position":2,"name":"Pesquisa: imposto para super-ricos resultaria em justi\u00e7a social"}]},{"@type":"WebSite","@id":"https:\/\/mrnews.com.br\/#website","url":"https:\/\/mrnews.com.br\/","name":"MRNews","description":"MRNews Jogos de hoje da TV, transmiss\u00f5es ao vivo, Not\u00edcias de futebol, Jogos ao vivo, Lives, resumo de novelas, Programa\u00e7\u00e3o da Globo, A Fazenda e BBB","publisher":{"@id":"https:\/\/mrnews.com.br\/#organization"},"potentialAction":[{"@type":"SearchAction","target":{"@type":"EntryPoint","urlTemplate":"https:\/\/mrnews.com.br\/?s={search_term_string}"},"query-input":{"@type":"PropertyValueSpecification","valueRequired":true,"valueName":"search_term_string"}}],"inLanguage":"pt-BR"},{"@type":"Organization","@id":"https:\/\/mrnews.com.br\/#organization","name":"MRNews","url":"https:\/\/mrnews.com.br\/","logo":{"@type":"ImageObject","inLanguage":"pt-BR","@id":"https:\/\/mrnews.com.br\/#\/schema\/logo\/image\/","url":"https:\/\/mrnews.com.br\/wp-content\/uploads\/2019\/06\/MRNewslogo2.png","contentUrl":"https:\/\/mrnews.com.br\/wp-content\/uploads\/2019\/06\/MRNewslogo2.png","width":223,"height":58,"caption":"MRNews"},"image":{"@id":"https:\/\/mrnews.com.br\/#\/schema\/logo\/image\/"},"sameAs":["https:\/\/www.facebook.com\/eaipahpah\/?locale2=pt_BR","https:\/\/x.com\/conspirou","https:\/\/www.instagram.com\/eai_pahpah","https:\/\/br.pinterest.com\/mrnewsn\/boards\/","https:\/\/www.youtube.com\/channel\/UCacgnpznQ61fifLWr1tQ-vA?view_as=subscriber"]},{"@type":"Person","@id":"https:\/\/mrnews.com.br\/#\/schema\/person\/be3203154562a9f207407861cef7827b","name":"MR News","image":{"@type":"ImageObject","inLanguage":"pt-BR","@id":"https:\/\/secure.gravatar.com\/avatar\/04084e6d73c042b8646e7c17b494073bf0ede3ea13c7105cfc45cbbbc28385a4?s=96&d=monsterid&r=g","url":"https:\/\/secure.gravatar.com\/avatar\/04084e6d73c042b8646e7c17b494073bf0ede3ea13c7105cfc45cbbbc28385a4?s=96&d=monsterid&r=g","contentUrl":"https:\/\/secure.gravatar.com\/avatar\/04084e6d73c042b8646e7c17b494073bf0ede3ea13c7105cfc45cbbbc28385a4?s=96&d=monsterid&r=g","caption":"MR News"},"description":"Especializado em jornalismo colaborativo pela FTP em n\u00edvel de p\u00f3s-gradua\u00e7\u00e3o. suporte@oimeliga.combr","sameAs":["HUGO R.","Admin"],"url":"https:\/\/mrnews.com.br\/index.php\/author\/admin\/"}]}},"jetpack_featured_media_url":"","jetpack_sharing_enabled":true,"jetpack_shortlink":"https:\/\/wp.me\/pa2Qf7-1RLA","amp_enabled":true,"_links":{"self":[{"href":"https:\/\/mrnews.com.br\/index.php\/wp-json\/wp\/v2\/posts\/445010","targetHints":{"allow":["GET"]}}],"collection":[{"href":"https:\/\/mrnews.com.br\/index.php\/wp-json\/wp\/v2\/posts"}],"about":[{"href":"https:\/\/mrnews.com.br\/index.php\/wp-json\/wp\/v2\/types\/post"}],"author":[{"embeddable":true,"href":"https:\/\/mrnews.com.br\/index.php\/wp-json\/wp\/v2\/users\/1"}],"replies":[{"embeddable":true,"href":"https:\/\/mrnews.com.br\/index.php\/wp-json\/wp\/v2\/comments?post=445010"}],"version-history":[{"count":0,"href":"https:\/\/mrnews.com.br\/index.php\/wp-json\/wp\/v2\/posts\/445010\/revisions"}],"wp:attachment":[{"href":"https:\/\/mrnews.com.br\/index.php\/wp-json\/wp\/v2\/media?parent=445010"}],"wp:term":[{"taxonomy":"category","embeddable":true,"href":"https:\/\/mrnews.com.br\/index.php\/wp-json\/wp\/v2\/categories?post=445010"},{"taxonomy":"post_tag","embeddable":true,"href":"https:\/\/mrnews.com.br\/index.php\/wp-json\/wp\/v2\/tags?post=445010"}],"curies":[{"name":"wp","href":"https:\/\/api.w.org\/{rel}","templated":true}]}}