{"id":446086,"date":"2025-07-06T19:01:38","date_gmt":"2025-07-06T22:01:38","guid":{"rendered":"https:\/\/mrnews.com.br\/index.php\/2025\/07\/06\/sao-jose-leva-ouro-no-biribol-badminton-e-judo-individual\/"},"modified":"2025-07-06T19:01:38","modified_gmt":"2025-07-06T22:01:38","slug":"sao-jose-leva-ouro-no-biribol-badminton-e-judo-individual","status":"publish","type":"post","link":"https:\/\/mrnews.com.br\/index.php\/2025\/07\/06\/sao-jose-leva-ouro-no-biribol-badminton-e-judo-individual\/","title":{"rendered":"S\u00e3o Jos\u00e9 leva ouro no biribol, badminton e jud\u00f4 individual"},"content":{"rendered":"<p><\/p>\n<div>\n<p><b>Nei Jos\u00e9 Sant&#8217;Anna<\/b><br \/>&#13;<br \/>\n&#13;<br \/>\n                <span style=\"font-weight: bold;\">Esporte e Qualidade de Vida<\/span><\/p>\n<p>O domingo (6) foi de resultados expressivos para S\u00e3o Jos\u00e9 dos Campos nos 67\u00ba Jogos Regionais. As competi\u00e7\u00f5es da cidade brilharam em diversas modalidades e garantiram medalhas, vit\u00f3rias e classifica\u00e7\u00f5es importantes na competi\u00e7\u00e3o.<\/p>\n<p>O destaque do dia foi o jud\u00f4, que confirmou mais uma vez a hegemonia joseense. Nas disputas individuais, corridas no gin\u00e1sio do Sesi, a equipe conquistou um total de 14 medalhas: 12 de ouro, uma de prata e uma de bronze.<\/p>\n<p>No masculino, o S\u00e3o Jos\u00e9 venceu em sete categorias: Bruno Watanabe (60kg), Raphael Miaque (66kg), Lucas Godoy (73kg), Jeferson Santos (81kg), Caio Br\u00edgida (90kg), Lincoln Kanemoto (100kg) e Marco Aur\u00e9lio Cobra (absoluto), al\u00e9m de uma prata com Lucas Brito (+100kg).<\/p>\n<p>No feminino, foram mais sete ouros com Ana Julia Bastos (52kg), Tainn\u00e1 Mota (57kg), Isabele Rico (63kg), Eduarda Darmieli (70kg), B\u00e1rbara Ribeiro (78kg) e Talita Morais, que faturou o ouro nas categorias +78kg e absoluto. Luiza Quaresma conquistou o bronze na categoria at\u00e9 48kg.<\/p>\n<p>Com esses resultados, somados \u00e0s conquistas anteriores por equipes e no kata, S\u00e3o Jos\u00e9 dos Campos reafirma sua for\u00e7a e tradi\u00e7\u00e3o na modalidade.<\/p>\n<p>Outro ouro veio no badminton, disputado no gin\u00e1sio do Vilal Maria, com um desempenho impec\u00e1vel dos joseenses. A equipe venceu em todas as categorias: por equipes (masculino e feminino), nas duplas e tamb\u00e9m no individual, com direito a ouro e prata no masculino e no feminino.<\/p>\n<p>No feminino, equipe formada por Helena, J\u00falia e Rita somou 43 pontos, superando Pindamonhangaba e Campos do Jord\u00e3o. No masculino, os atletas Filipe, Marc\u00e3o, Mario e Toni tamb\u00e9m atingiram 43 pontos e deixaram para tr\u00e1s Jacare\u00ed e Pindamonhangaba.<\/p>\n<p><span class=\"intertitulo\">Biribol<\/span><\/p>\n<\/p>\n<p>O biribol de S\u00e3o Jos\u00e9 dos Campos tamb\u00e9m brilhou neste domingo. Na semifinal, disputada em Pinda, sede da modalidade, a equipe derrotou o Taubat\u00e9 por 2 sets a 0, com parciais de 21&#215;04 e 21&#215;05. Na grande final, novo triunfo sobre S\u00e3o Sebasti\u00e3o, novamente por 2 sets a 0, com parciais de 21&#215;08 e 21&#215;09. Com as vit\u00f3rias, o time sagrou-se campe\u00e3o dos Jogos Regionais na modalidade.<\/p>\n<p><span class=\"intertitulo\">Futebol<\/span><\/p>\n<\/p>\n<p>No futebol masculino, o S\u00e3o Jos\u00e9 garantiu a classifica\u00e7\u00e3o para a pr\u00f3xima fase da competi\u00e7\u00e3o com mais uma vit\u00f3ria no campo de Eug\u00eanio de Melo. O time superou Aruj\u00e1 por 1 a 0, com gol de Jo\u00e3o Vitor, mantendo 100% de aproveitamento na competi\u00e7\u00e3o \u2013 tr\u00eas vit\u00f3rias em tr\u00eas jogos. A equipe segue firme na busca pelo t\u00edtulo.<\/p>\n<p><span class=\"intertitulo\">Malha<\/span><\/p>\n<p><span class=\"intertitulo\"><\/span><\/p>\n<p>A equipe de malha de S\u00e3o Jos\u00e9 dos Campos tamb\u00e9m venceu neste domingo, na raia da Assem, ao bater S\u00e3o Sebasti\u00e3o por 126 a 96, conquistando sua segunda vit\u00f3ria consecutiva nos Jogos Regionais. O pr\u00f3ximo compromisso ser\u00e1 nesta segunda-feira (7), \u00e0s 10h, contra Taubat\u00e9.<\/p>\n<p><span class=\"intertitulo\">Basquete 3&#215;3<\/span><\/p>\n<p><span class=\"intertitulo\"><\/span><\/p>\n<p>No basquete 3&#215;3, as equipes masculina e feminina venceram o Santa Isabel em partidas realizadas no Gin\u00e1sio Lineu de Moura (AESJ). O time masculino venceu por 21 a 8 e garantiu vaga na semifinal, marcada para segunda-feira (7), \u00e0s 11h40. A feminina tamb\u00e9m venceu Santa Isabel por 21 a 7 e, em seguida, derrotou Campos do Jord\u00e3o por 15 a 5, garantindo a classifica\u00e7\u00e3o para a pr\u00f3xima fase.<\/p>\n<p>&#13;<br \/>\n                        <strong>MAIS NOT\u00cdCIAS<\/strong><br \/>&#13;<br \/>\n                        Esporte e Qualidade de Vida&#13;\n                    <\/p>\n<\/p><\/div>\n","protected":false},"excerpt":{"rendered":"<p>Nei Jos\u00e9 Sant&#8217;Anna&#13; &#13; Esporte e Qualidade de Vida O domingo (6) foi de resultados expressivos para S\u00e3o Jos\u00e9 dos Campos nos 67\u00ba Jogos Regionais. As competi\u00e7\u00f5es da cidade brilharam em diversas modalidades e garantiram medalhas, vit\u00f3rias e classifica\u00e7\u00f5es importantes na competi\u00e7\u00e3o. O destaque do dia foi o jud\u00f4, que confirmou mais uma vez a &hellip;<\/p>\n","protected":false},"author":1,"featured_media":0,"comment_status":"open","ping_status":"open","sticky":false,"template":"","format":"standard","meta":{"_jetpack_newsletter_access":"","_jetpack_dont_email_post_to_subs":false,"_jetpack_newsletter_tier_id":0,"_jetpack_memberships_contains_paywalled_content":false,"_jetpack_feature_clip_id":0,"_jetpack_memberships_contains_paid_content":false,"footnotes":"","jetpack_post_was_ever_published":false},"categories":[4],"tags":[],"class_list":["post-446086","post","type-post","status-publish","format-standard","hentry","category-servicos"],"yoast_head":"<!-- This site is optimized with the Yoast SEO plugin v28.4 - https:\/\/yoast.com\/product\/yoast-seo-wordpress\/ -->\n<title>S\u00e3o Jos\u00e9 leva ouro no biribol, badminton e jud\u00f4 individual<\/title>\n<meta name=\"robots\" content=\"index, follow, max-snippet:-1, max-image-preview:large, max-video-preview:-1\" \/>\n<link rel=\"canonical\" href=\"https:\/\/mrnews.com.br\/index.php\/2025\/07\/06\/sao-jose-leva-ouro-no-biribol-badminton-e-judo-individual\/\" \/>\n<meta property=\"og:locale\" content=\"pt_BR\" \/>\n<meta property=\"og:type\" content=\"article\" \/>\n<meta property=\"og:title\" content=\"S\u00e3o Jos\u00e9 leva ouro no biribol, badminton e jud\u00f4 individual\" \/>\n<meta property=\"og:description\" content=\"Nei Jos\u00e9 Sant&#8217;Anna&#013; &#013; Esporte e Qualidade de Vida O domingo (6) foi de resultados expressivos para S\u00e3o Jos\u00e9 dos Campos nos 67\u00ba Jogos Regionais. As competi\u00e7\u00f5es da cidade brilharam em diversas modalidades e garantiram medalhas, vit\u00f3rias e classifica\u00e7\u00f5es importantes na competi\u00e7\u00e3o. O destaque do dia foi o jud\u00f4, que confirmou mais uma vez a &hellip;\" \/>\n<meta property=\"og:url\" content=\"https:\/\/mrnews.com.br\/index.php\/2025\/07\/06\/sao-jose-leva-ouro-no-biribol-badminton-e-judo-individual\/\" \/>\n<meta property=\"og:site_name\" content=\"MRNews\" \/>\n<meta property=\"article:publisher\" content=\"https:\/\/www.facebook.com\/eaipahpah\/?locale2=pt_BR\" \/>\n<meta property=\"article:published_time\" content=\"2025-07-06T22:01:38+00:00\" \/>\n<meta name=\"author\" content=\"MR News\" \/>\n<meta name=\"twitter:card\" content=\"summary_large_image\" \/>\n<meta name=\"twitter:creator\" content=\"@conspirou\" \/>\n<meta name=\"twitter:site\" content=\"@conspirou\" \/>\n<meta name=\"twitter:label1\" content=\"Escrito por\" \/>\n\t<meta name=\"twitter:data1\" content=\"MR News\" \/>\n\t<meta name=\"twitter:label2\" content=\"Est. tempo de leitura\" \/>\n\t<meta name=\"twitter:data2\" content=\"3 minutos\" \/>\n<script type=\"application\/ld+json\" class=\"yoast-schema-graph\">{\"@context\":\"https:\\\/\\\/schema.org\",\"@graph\":[{\"@type\":\"Article\",\"@id\":\"https:\\\/\\\/mrnews.com.br\\\/index.php\\\/2025\\\/07\\\/06\\\/sao-jose-leva-ouro-no-biribol-badminton-e-judo-individual\\\/#article\",\"isPartOf\":{\"@id\":\"https:\\\/\\\/mrnews.com.br\\\/index.php\\\/2025\\\/07\\\/06\\\/sao-jose-leva-ouro-no-biribol-badminton-e-judo-individual\\\/\"},\"author\":{\"name\":\"MR News\",\"@id\":\"https:\\\/\\\/mrnews.com.br\\\/#\\\/schema\\\/person\\\/be3203154562a9f207407861cef7827b\"},\"headline\":\"S\u00e3o Jos\u00e9 leva ouro no biribol, badminton e jud\u00f4 individual\",\"datePublished\":\"2025-07-06T22:01:38+00:00\",\"mainEntityOfPage\":{\"@id\":\"https:\\\/\\\/mrnews.com.br\\\/index.php\\\/2025\\\/07\\\/06\\\/sao-jose-leva-ouro-no-biribol-badminton-e-judo-individual\\\/\"},\"wordCount\":562,\"commentCount\":0,\"publisher\":{\"@id\":\"https:\\\/\\\/mrnews.com.br\\\/#organization\"},\"articleSection\":[\"SERVI\u00c7OS\"],\"inLanguage\":\"pt-BR\",\"potentialAction\":[{\"@type\":\"CommentAction\",\"name\":\"Comment\",\"target\":[\"https:\\\/\\\/mrnews.com.br\\\/index.php\\\/2025\\\/07\\\/06\\\/sao-jose-leva-ouro-no-biribol-badminton-e-judo-individual\\\/#respond\"]}]},{\"@type\":\"WebPage\",\"@id\":\"https:\\\/\\\/mrnews.com.br\\\/index.php\\\/2025\\\/07\\\/06\\\/sao-jose-leva-ouro-no-biribol-badminton-e-judo-individual\\\/\",\"url\":\"https:\\\/\\\/mrnews.com.br\\\/index.php\\\/2025\\\/07\\\/06\\\/sao-jose-leva-ouro-no-biribol-badminton-e-judo-individual\\\/\",\"name\":\"S\u00e3o Jos\u00e9 leva ouro no biribol, badminton e jud\u00f4 individual\",\"isPartOf\":{\"@id\":\"https:\\\/\\\/mrnews.com.br\\\/#website\"},\"datePublished\":\"2025-07-06T22:01:38+00:00\",\"breadcrumb\":{\"@id\":\"https:\\\/\\\/mrnews.com.br\\\/index.php\\\/2025\\\/07\\\/06\\\/sao-jose-leva-ouro-no-biribol-badminton-e-judo-individual\\\/#breadcrumb\"},\"inLanguage\":\"pt-BR\",\"potentialAction\":[{\"@type\":\"ReadAction\",\"target\":[\"https:\\\/\\\/mrnews.com.br\\\/index.php\\\/2025\\\/07\\\/06\\\/sao-jose-leva-ouro-no-biribol-badminton-e-judo-individual\\\/\"]}]},{\"@type\":\"BreadcrumbList\",\"@id\":\"https:\\\/\\\/mrnews.com.br\\\/index.php\\\/2025\\\/07\\\/06\\\/sao-jose-leva-ouro-no-biribol-badminton-e-judo-individual\\\/#breadcrumb\",\"itemListElement\":[{\"@type\":\"ListItem\",\"position\":1,\"name\":\"In\u00edcio\",\"item\":\"https:\\\/\\\/mrnews.com.br\\\/\"},{\"@type\":\"ListItem\",\"position\":2,\"name\":\"S\u00e3o Jos\u00e9 leva ouro no biribol, badminton e jud\u00f4 individual\"}]},{\"@type\":\"WebSite\",\"@id\":\"https:\\\/\\\/mrnews.com.br\\\/#website\",\"url\":\"https:\\\/\\\/mrnews.com.br\\\/\",\"name\":\"MRNews\",\"description\":\"MRNews Jogos de hoje da TV, transmiss\u00f5es ao vivo, Not\u00edcias de futebol, Jogos ao vivo, Lives, resumo de novelas, Programa\u00e7\u00e3o da Globo, A Fazenda e BBB\",\"publisher\":{\"@id\":\"https:\\\/\\\/mrnews.com.br\\\/#organization\"},\"potentialAction\":[{\"@type\":\"SearchAction\",\"target\":{\"@type\":\"EntryPoint\",\"urlTemplate\":\"https:\\\/\\\/mrnews.com.br\\\/?s={search_term_string}\"},\"query-input\":{\"@type\":\"PropertyValueSpecification\",\"valueRequired\":true,\"valueName\":\"search_term_string\"}}],\"inLanguage\":\"pt-BR\"},{\"@type\":\"Organization\",\"@id\":\"https:\\\/\\\/mrnews.com.br\\\/#organization\",\"name\":\"MRNews\",\"url\":\"https:\\\/\\\/mrnews.com.br\\\/\",\"logo\":{\"@type\":\"ImageObject\",\"inLanguage\":\"pt-BR\",\"@id\":\"https:\\\/\\\/mrnews.com.br\\\/#\\\/schema\\\/logo\\\/image\\\/\",\"url\":\"https:\\\/\\\/mrnews.com.br\\\/wp-content\\\/uploads\\\/2026\\\/08\\\/MRNEws.png\",\"contentUrl\":\"https:\\\/\\\/mrnews.com.br\\\/wp-content\\\/uploads\\\/2026\\\/08\\\/MRNEws.png\",\"width\":1254,\"height\":1254,\"caption\":\"MRNews\"},\"image\":{\"@id\":\"https:\\\/\\\/mrnews.com.br\\\/#\\\/schema\\\/logo\\\/image\\\/\"},\"sameAs\":[\"https:\\\/\\\/www.facebook.com\\\/eaipahpah\\\/?locale2=pt_BR\",\"https:\\\/\\\/x.com\\\/conspirou\",\"https:\\\/\\\/www.instagram.com\\\/eai_pahpah\",\"https:\\\/\\\/br.pinterest.com\\\/mrnewsn\\\/boards\\\/\",\"https:\\\/\\\/www.youtube.com\\\/channel\\\/UCacgnpznQ61fifLWr1tQ-vA?view_as=subscriber\"]},{\"@type\":\"Person\",\"@id\":\"https:\\\/\\\/mrnews.com.br\\\/#\\\/schema\\\/person\\\/be3203154562a9f207407861cef7827b\",\"name\":\"MR News\",\"image\":{\"@type\":\"ImageObject\",\"inLanguage\":\"pt-BR\",\"@id\":\"https:\\\/\\\/secure.gravatar.com\\\/avatar\\\/04084e6d73c042b8646e7c17b494073bf0ede3ea13c7105cfc45cbbbc28385a4?s=96&d=monsterid&r=g\",\"url\":\"https:\\\/\\\/secure.gravatar.com\\\/avatar\\\/04084e6d73c042b8646e7c17b494073bf0ede3ea13c7105cfc45cbbbc28385a4?s=96&d=monsterid&r=g\",\"contentUrl\":\"https:\\\/\\\/secure.gravatar.com\\\/avatar\\\/04084e6d73c042b8646e7c17b494073bf0ede3ea13c7105cfc45cbbbc28385a4?s=96&d=monsterid&r=g\",\"caption\":\"MR News\"},\"description\":\"Especializado em jornalismo colaborativo pela FTP em n\u00edvel de p\u00f3s-gradua\u00e7\u00e3o. suporte@oimeliga.combr\",\"sameAs\":[\"HUGO R.\",\"Admin\"],\"url\":\"https:\\\/\\\/mrnews.com.br\\\/index.php\\\/author\\\/admin\\\/\"}]}<\/script>\n<!-- \/ Yoast SEO plugin. -->","yoast_head_json":{"title":"S\u00e3o Jos\u00e9 leva ouro no biribol, badminton e jud\u00f4 individual","robots":{"index":"index","follow":"follow","max-snippet":"max-snippet:-1","max-image-preview":"max-image-preview:large","max-video-preview":"max-video-preview:-1"},"canonical":"https:\/\/mrnews.com.br\/index.php\/2025\/07\/06\/sao-jose-leva-ouro-no-biribol-badminton-e-judo-individual\/","og_locale":"pt_BR","og_type":"article","og_title":"S\u00e3o Jos\u00e9 leva ouro no biribol, badminton e jud\u00f4 individual","og_description":"Nei Jos\u00e9 Sant&#8217;Anna&#13; &#13; Esporte e Qualidade de Vida O domingo (6) foi de resultados expressivos para S\u00e3o Jos\u00e9 dos Campos nos 67\u00ba Jogos Regionais. As competi\u00e7\u00f5es da cidade brilharam em diversas modalidades e garantiram medalhas, vit\u00f3rias e classifica\u00e7\u00f5es importantes na competi\u00e7\u00e3o. O destaque do dia foi o jud\u00f4, que confirmou mais uma vez a &hellip;","og_url":"https:\/\/mrnews.com.br\/index.php\/2025\/07\/06\/sao-jose-leva-ouro-no-biribol-badminton-e-judo-individual\/","og_site_name":"MRNews","article_publisher":"https:\/\/www.facebook.com\/eaipahpah\/?locale2=pt_BR","article_published_time":"2025-07-06T22:01:38+00:00","author":"MR News","twitter_card":"summary_large_image","twitter_creator":"@conspirou","twitter_site":"@conspirou","twitter_misc":{"Escrito por":"MR News","Est. tempo de leitura":"3 minutos"},"schema":{"@context":"https:\/\/schema.org","@graph":[{"@type":"Article","@id":"https:\/\/mrnews.com.br\/index.php\/2025\/07\/06\/sao-jose-leva-ouro-no-biribol-badminton-e-judo-individual\/#article","isPartOf":{"@id":"https:\/\/mrnews.com.br\/index.php\/2025\/07\/06\/sao-jose-leva-ouro-no-biribol-badminton-e-judo-individual\/"},"author":{"name":"MR News","@id":"https:\/\/mrnews.com.br\/#\/schema\/person\/be3203154562a9f207407861cef7827b"},"headline":"S\u00e3o Jos\u00e9 leva ouro no biribol, badminton e jud\u00f4 individual","datePublished":"2025-07-06T22:01:38+00:00","mainEntityOfPage":{"@id":"https:\/\/mrnews.com.br\/index.php\/2025\/07\/06\/sao-jose-leva-ouro-no-biribol-badminton-e-judo-individual\/"},"wordCount":562,"commentCount":0,"publisher":{"@id":"https:\/\/mrnews.com.br\/#organization"},"articleSection":["SERVI\u00c7OS"],"inLanguage":"pt-BR","potentialAction":[{"@type":"CommentAction","name":"Comment","target":["https:\/\/mrnews.com.br\/index.php\/2025\/07\/06\/sao-jose-leva-ouro-no-biribol-badminton-e-judo-individual\/#respond"]}]},{"@type":"WebPage","@id":"https:\/\/mrnews.com.br\/index.php\/2025\/07\/06\/sao-jose-leva-ouro-no-biribol-badminton-e-judo-individual\/","url":"https:\/\/mrnews.com.br\/index.php\/2025\/07\/06\/sao-jose-leva-ouro-no-biribol-badminton-e-judo-individual\/","name":"S\u00e3o Jos\u00e9 leva ouro no biribol, badminton e jud\u00f4 individual","isPartOf":{"@id":"https:\/\/mrnews.com.br\/#website"},"datePublished":"2025-07-06T22:01:38+00:00","breadcrumb":{"@id":"https:\/\/mrnews.com.br\/index.php\/2025\/07\/06\/sao-jose-leva-ouro-no-biribol-badminton-e-judo-individual\/#breadcrumb"},"inLanguage":"pt-BR","potentialAction":[{"@type":"ReadAction","target":["https:\/\/mrnews.com.br\/index.php\/2025\/07\/06\/sao-jose-leva-ouro-no-biribol-badminton-e-judo-individual\/"]}]},{"@type":"BreadcrumbList","@id":"https:\/\/mrnews.com.br\/index.php\/2025\/07\/06\/sao-jose-leva-ouro-no-biribol-badminton-e-judo-individual\/#breadcrumb","itemListElement":[{"@type":"ListItem","position":1,"name":"In\u00edcio","item":"https:\/\/mrnews.com.br\/"},{"@type":"ListItem","position":2,"name":"S\u00e3o Jos\u00e9 leva ouro no biribol, badminton e jud\u00f4 individual"}]},{"@type":"WebSite","@id":"https:\/\/mrnews.com.br\/#website","url":"https:\/\/mrnews.com.br\/","name":"MRNews","description":"MRNews Jogos de hoje da TV, transmiss\u00f5es ao vivo, Not\u00edcias de futebol, Jogos ao vivo, Lives, resumo de novelas, Programa\u00e7\u00e3o da Globo, A Fazenda e BBB","publisher":{"@id":"https:\/\/mrnews.com.br\/#organization"},"potentialAction":[{"@type":"SearchAction","target":{"@type":"EntryPoint","urlTemplate":"https:\/\/mrnews.com.br\/?s={search_term_string}"},"query-input":{"@type":"PropertyValueSpecification","valueRequired":true,"valueName":"search_term_string"}}],"inLanguage":"pt-BR"},{"@type":"Organization","@id":"https:\/\/mrnews.com.br\/#organization","name":"MRNews","url":"https:\/\/mrnews.com.br\/","logo":{"@type":"ImageObject","inLanguage":"pt-BR","@id":"https:\/\/mrnews.com.br\/#\/schema\/logo\/image\/","url":"https:\/\/mrnews.com.br\/wp-content\/uploads\/2026\/08\/MRNEws.png","contentUrl":"https:\/\/mrnews.com.br\/wp-content\/uploads\/2026\/08\/MRNEws.png","width":1254,"height":1254,"caption":"MRNews"},"image":{"@id":"https:\/\/mrnews.com.br\/#\/schema\/logo\/image\/"},"sameAs":["https:\/\/www.facebook.com\/eaipahpah\/?locale2=pt_BR","https:\/\/x.com\/conspirou","https:\/\/www.instagram.com\/eai_pahpah","https:\/\/br.pinterest.com\/mrnewsn\/boards\/","https:\/\/www.youtube.com\/channel\/UCacgnpznQ61fifLWr1tQ-vA?view_as=subscriber"]},{"@type":"Person","@id":"https:\/\/mrnews.com.br\/#\/schema\/person\/be3203154562a9f207407861cef7827b","name":"MR News","image":{"@type":"ImageObject","inLanguage":"pt-BR","@id":"https:\/\/secure.gravatar.com\/avatar\/04084e6d73c042b8646e7c17b494073bf0ede3ea13c7105cfc45cbbbc28385a4?s=96&d=monsterid&r=g","url":"https:\/\/secure.gravatar.com\/avatar\/04084e6d73c042b8646e7c17b494073bf0ede3ea13c7105cfc45cbbbc28385a4?s=96&d=monsterid&r=g","contentUrl":"https:\/\/secure.gravatar.com\/avatar\/04084e6d73c042b8646e7c17b494073bf0ede3ea13c7105cfc45cbbbc28385a4?s=96&d=monsterid&r=g","caption":"MR News"},"description":"Especializado em jornalismo colaborativo pela FTP em n\u00edvel de p\u00f3s-gradua\u00e7\u00e3o. suporte@oimeliga.combr","sameAs":["HUGO R.","Admin"],"url":"https:\/\/mrnews.com.br\/index.php\/author\/admin\/"}]}},"jetpack_sharing_enabled":true,"jetpack_shortlink":"https:\/\/wp.me\/pa2Qf7-1S2W","amp_enabled":true,"jetpack_featured_media_url":"","_links":{"self":[{"href":"https:\/\/mrnews.com.br\/index.php\/wp-json\/wp\/v2\/posts\/446086","targetHints":{"allow":["GET"]}}],"collection":[{"href":"https:\/\/mrnews.com.br\/index.php\/wp-json\/wp\/v2\/posts"}],"about":[{"href":"https:\/\/mrnews.com.br\/index.php\/wp-json\/wp\/v2\/types\/post"}],"author":[{"embeddable":true,"href":"https:\/\/mrnews.com.br\/index.php\/wp-json\/wp\/v2\/users\/1"}],"replies":[{"embeddable":true,"href":"https:\/\/mrnews.com.br\/index.php\/wp-json\/wp\/v2\/comments?post=446086"}],"version-history":[{"count":0,"href":"https:\/\/mrnews.com.br\/index.php\/wp-json\/wp\/v2\/posts\/446086\/revisions"}],"wp:attachment":[{"href":"https:\/\/mrnews.com.br\/index.php\/wp-json\/wp\/v2\/media?parent=446086"}],"wp:term":[{"taxonomy":"category","embeddable":true,"href":"https:\/\/mrnews.com.br\/index.php\/wp-json\/wp\/v2\/categories?post=446086"},{"taxonomy":"post_tag","embeddable":true,"href":"https:\/\/mrnews.com.br\/index.php\/wp-json\/wp\/v2\/tags?post=446086"}],"curies":[{"name":"wp","href":"https:\/\/api.w.org\/{rel}","templated":true}]}}