{"id":446303,"date":"2025-07-11T16:26:03","date_gmt":"2025-07-11T19:26:03","guid":{"rendered":"https:\/\/mrnews.com.br\/?p=446303"},"modified":"2025-07-11T16:26:03","modified_gmt":"2025-07-11T19:26:03","slug":"tragedia-no-canion-fortaleza-menina-de-11-anos-morre-apos-correr-em-direcao-ao-penhasco","status":"publish","type":"post","link":"https:\/\/mrnews.com.br\/index.php\/2025\/07\/11\/tragedia-no-canion-fortaleza-menina-de-11-anos-morre-apos-correr-em-direcao-ao-penhasco\/","title":{"rendered":"Trag\u00e9dia no C\u00e2nion Fortaleza, menina de 11 anos morre ap\u00f3s correr em dire\u00e7\u00e3o ao penhasco"},"content":{"rendered":"<p><strong>Trag\u00e9dia no C\u00e2nion Fortaleza: menina de 11 anos morre ap\u00f3s correr em dire\u00e7\u00e3o ao penhasco<\/strong><\/p>\n<p>Uma trag\u00e9dia comoveu o Rio Grande do Sul na \u00faltima quinta-feira, 10 de julho de 2025. A queda da menina Bianca Zanella, de apenas 11 anos, no C\u00e2nion Fortaleza, localizado em Cambar\u00e1 do Sul, mobilizou uma complexa opera\u00e7\u00e3o de resgate que durou cerca de 10 horas. De acordo com informa\u00e7\u00f5es do Corpo de Bombeiros e da Brigada Militar, a menina teria sa\u00eddo correndo em dire\u00e7\u00e3o \u00e0 borda do penhasco e acabou despencando de uma altura estimada em 70 metros. O pai da crian\u00e7a tentou alcan\u00e7\u00e1-la desesperadamente, mas n\u00e3o conseguiu evitar o acidente.<\/p>\n<p>O caso aconteceu no in\u00edcio da tarde, durante um passeio em fam\u00edlia por um dos pontos tur\u00edsticos mais visitados da regi\u00e3o dos Aparados da Serra. Segundo relatos iniciais, a menina estava brincando quando correu repentinamente em dire\u00e7\u00e3o \u00e0 borda do c\u00e2nion. O pai percebeu o risco e tentou det\u00ea-la, mas j\u00e1 era tarde demais. O momento foi descrito por testemunhas como desesperador, e o sil\u00eancio tomado pela trag\u00e9dia contrastava com o cen\u00e1rio de beleza natural ao redor.<\/p>\n<h3>Opera\u00e7\u00e3o de resgate desafiadora<\/h3>\n<p>Logo ap\u00f3s a queda, o Corpo de Bombeiros de Canela foi acionado e, devido \u00e0 complexidade da \u00e1rea e \u00e0s condi\u00e7\u00f5es de acesso extremamente dif\u00edceis, equipes de Gramado e Porto Alegre tamb\u00e9m foram chamadas para refor\u00e7ar a opera\u00e7\u00e3o. O resgate contou com o apoio de drones equipados com c\u00e2meras t\u00e9rmicas, helic\u00f3pteros e t\u00e9cnicas avan\u00e7adas de rapel.<\/p>\n<p>A busca levou horas devido \u00e0 localiza\u00e7\u00e3o do corpo, em uma \u00e1rea de vegeta\u00e7\u00e3o fechada e encosta \u00edngreme. O trabalho exigiu precis\u00e3o, cautela e coragem dos bombeiros, que desceram com cordas pela parede do c\u00e2nion. Segundo os socorristas, o corpo da menina foi encontrado por volta das 21h, j\u00e1 sem vida.<\/p>\n<h3>Clima de como\u00e7\u00e3o<\/h3>\n<p>A not\u00edcia causou grande como\u00e7\u00e3o entre os turistas que presenciaram a movimenta\u00e7\u00e3o e tamb\u00e9m nas redes sociais, onde moradores da regi\u00e3o e desconhecidos deixaram mensagens de apoio \u00e0 fam\u00edlia da menina. Muitos se disseram abalados com o fato de a trag\u00e9dia ter ocorrido em um local t\u00e3o procurado por sua beleza e tranquilidade.<\/p>\n<p>\u201c\u00c9 de cortar o cora\u00e7\u00e3o. Uma fam\u00edlia que saiu para passear e volta para casa com a pior dor poss\u00edvel. Que Deus conforte esse pai\u201d, comentou uma internauta. \u201cComo m\u00e3e, n\u00e3o consigo imaginar o desespero que ele sentiu ao tentar salv\u00e1-la\u201d, lamentou outra.<\/p>\n<h3>Seguran\u00e7a em \u00e1reas naturais<\/h3>\n<p>O caso reacende o debate sobre seguran\u00e7a em \u00e1reas de turismo ecol\u00f3gico no Brasil. O C\u00e2nion Fortaleza \u00e9 um dos principais atrativos do Parque Nacional da Serra Geral, e apesar de contar com sinaliza\u00e7\u00f5es e algumas barreiras de prote\u00e7\u00e3o, h\u00e1 pontos onde o acesso \u00e0 borda \u00e9 livre. O local j\u00e1 foi palco de outros acidentes nos \u00faltimos anos, embora a maioria n\u00e3o tenha resultado em fatalidades.<\/p>\n<p>Autoridades locais afirmaram que uma reavalia\u00e7\u00e3o das medidas de seguran\u00e7a no parque ser\u00e1 feita. O Instituto Chico Mendes de Conserva\u00e7\u00e3o da Biodiversidade (ICMBio), respons\u00e1vel pela administra\u00e7\u00e3o da unidade, informou que estuda implantar novas cercas, placas de advert\u00eancia e at\u00e9 trilhas guiadas obrigat\u00f3rias em alguns trechos.<\/p>\n<h3>Luto e solidariedade<\/h3>\n<p>A fam\u00edlia de Bianca \u00e9 natural de Caxias do Sul e estava em Cambar\u00e1 do Sul a passeio. Ainda muito abalados, os pais da menina n\u00e3o quiseram falar com a imprensa. O vel\u00f3rio est\u00e1 previsto para acontecer nesta sexta-feira, em cerim\u00f4nia reservada a familiares e amigos pr\u00f3ximos.<\/p>\n<p>A trag\u00e9dia deixa uma cicatriz profunda em uma regi\u00e3o acostumada a receber turistas encantados com sua paisagem deslumbrante. Mais do que n\u00fameros ou estat\u00edsticas, o caso de Bianca lembra que todo cuidado \u00e9 pouco quando se trata da seguran\u00e7a de crian\u00e7as, especialmente em \u00e1reas com riscos naturais.<\/p>\n<p>Enquanto a cidade e o estado lamentam a perda precoce, a como\u00e7\u00e3o coletiva se transforma em um clamor por mais aten\u00e7\u00e3o \u00e0 preven\u00e7\u00e3o. Afinal, o turismo respons\u00e1vel e seguro \u00e9 uma responsabilidade compartilhada entre \u00f3rg\u00e3os p\u00fablicos, empresas do setor e os pr\u00f3prios visitantes.<\/p>\n<p><strong>Duda Nagle assume novo romance com Mariane Heller e rea\u00e7\u00e3o da m\u00e3e surpreende f\u00e3s<\/strong><\/p>\n<p>Na \u00faltima quinta-feira (10), Duda Nagle pegou os seguidores de surpresa ao publicar em seu perfil oficial do Instagram as primeiras fotos com sua nova namorada, a nutricionista Mariane Heller. Na legenda da imagem, o ator foi direto e rom\u00e2ntico: &#8220;Muita sorte&#8221;, em refer\u00eancia ao novo relacionamento. A publica\u00e7\u00e3o gerou grande repercuss\u00e3o nas redes sociais e recebeu uma enxurrada de curtidas e coment\u00e1rios, tanto de f\u00e3s quanto de famosos.<\/p>\n<p>O que mais chamou aten\u00e7\u00e3o, no entanto, foi a rea\u00e7\u00e3o da m\u00e3e do ator, a jornalista Leda Nagle, nos coment\u00e1rios. Sempre discreta quanto \u00e0 vida pessoal do filho, Leda quebrou o sil\u00eancio com uma mensagem breve, por\u00e9m significativa. \u201cLindos! Toda felicidade do mundo pra voc\u00eas!\u201d, escreveu ela, seguida de cora\u00e7\u00f5es vermelhos. O gesto foi imediatamente notado pelos internautas, que elogiaram a postura acolhedora e o apoio ao novo casal.<\/p>\n<h3>Nova fase ap\u00f3s separa\u00e7\u00e3o<\/h3>\n<p>A oficializa\u00e7\u00e3o do novo romance marca uma nova fase na vida de Duda, que ficou solteiro em 2023 ap\u00f3s o fim do relacionamento com a atriz Sabrina Sato, com quem tem uma filha, Zoe. A separa\u00e7\u00e3o, apesar de bastante comentada na \u00e9poca, foi conduzida com maturidade e respeito m\u00fatuo, segundo ambos relataram \u00e0 imprensa.<\/p>\n<p>Desde ent\u00e3o, o ator vinha mantendo a vida pessoal mais reservada, at\u00e9 que decidiu tornar p\u00fablico o relacionamento com Mariane. Segundo pessoas pr\u00f3ximas, o casal est\u00e1 junto h\u00e1 alguns meses e j\u00e1 compartilha momentos em viagens e encontros em fam\u00edlia.<\/p>\n<h3>Quem \u00e9 Mariane Heller?<\/h3>\n<p>Mariane Heller \u00e9 nutricionista e influenciadora digital na \u00e1rea da sa\u00fade e bem-estar. Com milhares de seguidores nas redes sociais, ela compartilha dicas de alimenta\u00e7\u00e3o equilibrada, rotina saud\u00e1vel e pr\u00e1ticas de autocuidado. Discreta quanto \u00e0 vida pessoal, ela tamb\u00e9m respondeu \u00e0 publica\u00e7\u00e3o do namorado com a mensagem: \u201cEu que sou a sortuda\u201d, acompanhada de emojis apaixonados.<\/p>\n<p>A qu\u00edmica entre os dois foi elogiada por seguidores, que rapidamente passaram a seguir o perfil de Mariane. F\u00e3s de Duda Nagle se mostraram felizes com a novidade, desejando amor e harmonia ao casal.<\/p>\n<h3>Repercuss\u00e3o nas redes sociais<\/h3>\n<p>A repercuss\u00e3o nas redes foi quase imediata. Muitos seguidores destacaram que Duda parecia estar mais leve e feliz nas fotos, e outros mencionaram o carisma e a beleza do novo casal. \u201cA vida \u00e9 feita de recome\u00e7os. Que bom ver o Duda sorrindo assim de novo\u201d, escreveu uma internauta. \u201cLindos! Que o amor seja leve e verdadeiro\u201d, comentou outra.<\/p>\n<p>Entre os famosos, celebridades como Carolina Dieckmann, Felipe Andreoli e Fernanda Gentil tamb\u00e9m deixaram mensagens positivas. A postagem j\u00e1 ultrapassa centenas de milhares de curtidas em menos de 24 horas.<\/p>\n<h3>Foco na fam\u00edlia e no trabalho<\/h3>\n<p>Apesar de manter o foco na carreira, Duda Nagle nunca escondeu o quanto valoriza a vida em fam\u00edlia. O ator costuma postar momentos ao lado da filha Zoe e mant\u00e9m uma boa conviv\u00eancia com Sabrina Sato, com quem compartilha a cria\u00e7\u00e3o da menina.<\/p>\n<p>Com o novo relacionamento, f\u00e3s especulam que em breve veremos o casal em eventos p\u00fablicos e possivelmente em projetos conjuntos nas redes sociais. At\u00e9 o momento, Duda e Mariane n\u00e3o falaram com a imprensa, mas a exposi\u00e7\u00e3o natural nas redes j\u00e1 basta para mostrar que est\u00e3o vivendo uma fase especial.<\/p>\n<p>Com o apoio da fam\u00edlia, especialmente de Leda Nagle, e a boa receptividade do p\u00fablico, o casal promete ser um dos queridinhos nas redes sociais nos pr\u00f3ximos meses. Afinal, quando o amor \u00e9 leve e compartilhado com carinho, a torcida \u00e9 sempre grande.<\/p>\n<p>&nbsp;<\/p>\n<p>Chegou ao fim o casamento de Sabrina Sato, de 42 anos, e Duda Nagle, de 39. A informa\u00e7\u00e3o foi confirmada pela Quem, nesta ter\u00e7a-feira (21), pela assessoria de imprensa da apresentadora e pelas redes sociais do casal. Os dois se casaram em 2016 e s\u00e3o pais de Zoe, de 4 anos de idade.<\/p>\n<p>&nbsp;<\/p>\n<div class=\"mc-column content-text active-extra-styles \" data-block-type=\"unstyled\" data-block-weight=\"94\" data-block-id=\"9\">\n<p class=\"content-text__container \" data-track-category=\"Link no Texto\" data-track-links=\"\">Horas antes,\u00a0<strong>Leda Nagle,<\/strong>\u00a0m\u00e3e de Duda, relembrou fotos do filho beb\u00ea e disse que estava sens\u00edvel, sem controlar o choro. &#8220;N\u00e3o sei voc\u00eas, mas tem dia que a gente acorda sens\u00edvel, tudo emociona, as lembran\u00e7as levam \u00e0s l\u00e1grimas num misto de saudade e amor demais. Pois \u00e9. Encontrei estas fotos no face, revi as joias que Rog\u00e9rio fez para mim durante a gravidez e revi meu filho querido nas suas primeiras fotos p\u00fablicas. E c\u00e1 estou, entre l\u00e1grimas, relembrando a nossa hist\u00f3ria. Um amigo me escreveu dizendo que velho chora \u00e0 toa&#8221;, escreveu.<\/p>\n<\/div>\n<div class=\"content-ads content-ads--reveal\" data-block-type=\"ads\" data-block-id=\"10\">\n<div id=\"banner_materia__51096cd9-6325-42f8-ba30-4999593b96d2\" class=\"tag-manager-publicidade-container mc-has-reveal mc-has-ad-lazyload\" data-id=\"banner_materia__51096cd9-6325-42f8-ba30-4999593b96d2\">\n<div id=\"google_ads_iframe_\/85042905\/edquem\/noticias_3__container__\"><\/div>\n<\/div>\n<\/div>\n<h2 class=\"mc-column mc-block-embed \" data-block-type=\"embed-social-instagram\" data-block-id=\"11\">DUDA QUERIA<\/h2>\n<p>Ap\u00f3s o per\u00edodo conturbado que Sabrina Sato e Duda Nagle enfrentaram ao longo dos \u00faltimos anos, a rela\u00e7\u00e3o chegou ao fim. Amigos pr\u00f3ximos ao casal garantiram \u00e0 coluna LeoDias que os dois decidiram se divorciar.<\/p>\n<p>A separa\u00e7\u00e3o era um desejo de Duda Nagle ap\u00f3s o casal vivenciar per\u00edodos conturbados. Em diversas ocasi\u00f5es, os dois pareciam distantes um do outro. Segundo fontes, o ator estaria de \u201csaco cheio\u201d de enfrentar os mesmos problemas, recorrentemente, ao longo dos \u00faltimos anos.<\/p>\n<p>&nbsp;<\/p>\n<p>&nbsp;<\/p>\n<blockquote class=\"instagram-media\" data-instgrm-captioned data-instgrm-permalink=\"https:\/\/www.instagram.com\/p\/CqD8tYVpkmr\/?utm_source=ig_embed&amp;utm_campaign=loading\" data-instgrm-version=\"14\" style=\" background:#FFF; border:0; border-radius:3px; box-shadow:0 0 1px 0 rgba(0,0,0,0.5),0 1px 10px 0 rgba(0,0,0,0.15); margin: 1px; max-width:500px; min-width:326px; padding:0; width:99.375%; width:-webkit-calc(100% - 2px); width:calc(100% - 2px);\">\n<div style=\"padding:16px;\"> <a href=\"https:\/\/www.instagram.com\/p\/CqD8tYVpkmr\/?utm_source=ig_embed&amp;utm_campaign=loading\" style=\" background:#FFFFFF; line-height:0; padding:0 0; text-align:center; text-decoration:none; width:100%;\" target=\"_blank\"> <\/p>\n<div style=\" display: flex; flex-direction: row; align-items: center;\">\n<div style=\"background-color: #F4F4F4; border-radius: 50%; flex-grow: 0; height: 40px; margin-right: 14px; width: 40px;\"><\/div>\n<div style=\"display: flex; flex-direction: column; flex-grow: 1; justify-content: center;\">\n<div style=\" background-color: #F4F4F4; border-radius: 4px; flex-grow: 0; height: 14px; margin-bottom: 6px; width: 100px;\"><\/div>\n<div style=\" background-color: #F4F4F4; border-radius: 4px; flex-grow: 0; height: 14px; width: 60px;\"><\/div>\n<\/div>\n<\/div>\n<div style=\"padding: 19% 0;\"><\/div>\n<div style=\"display:block; height:50px; margin:0 auto 12px; width:50px;\"><svg width=\"50px\" height=\"50px\" viewBox=\"0 0 60 60\" version=\"1.1\" xmlns=\"https:\/\/www.w3.org\/2000\/svg\" xmlns:xlink=\"https:\/\/www.w3.org\/1999\/xlink\"><g stroke=\"none\" stroke-width=\"1\" fill=\"none\" fill-rule=\"evenodd\"><g transform=\"translate(-511.000000, -20.000000)\" fill=\"#000000\"><g><path d=\"M556.869,30.41 C554.814,30.41 553.148,32.076 553.148,34.131 C553.148,36.186 554.814,37.852 556.869,37.852 C558.924,37.852 560.59,36.186 560.59,34.131 C560.59,32.076 558.924,30.41 556.869,30.41 M541,60.657 C535.114,60.657 530.342,55.887 530.342,50 C530.342,44.114 535.114,39.342 541,39.342 C546.887,39.342 551.658,44.114 551.658,50 C551.658,55.887 546.887,60.657 541,60.657 M541,33.886 C532.1,33.886 524.886,41.1 524.886,50 C524.886,58.899 532.1,66.113 541,66.113 C549.9,66.113 557.115,58.899 557.115,50 C557.115,41.1 549.9,33.886 541,33.886 M565.378,62.101 C565.244,65.022 564.756,66.606 564.346,67.663 C563.803,69.06 563.154,70.057 562.106,71.106 C561.058,72.155 560.06,72.803 558.662,73.347 C557.607,73.757 556.021,74.244 553.102,74.378 C549.944,74.521 548.997,74.552 541,74.552 C533.003,74.552 532.056,74.521 528.898,74.378 C525.979,74.244 524.393,73.757 523.338,73.347 C521.94,72.803 520.942,72.155 519.894,71.106 C518.846,70.057 518.197,69.06 517.654,67.663 C517.244,66.606 516.755,65.022 516.623,62.101 C516.479,58.943 516.448,57.996 516.448,50 C516.448,42.003 516.479,41.056 516.623,37.899 C516.755,34.978 517.244,33.391 517.654,32.338 C518.197,30.938 518.846,29.942 519.894,28.894 C520.942,27.846 521.94,27.196 523.338,26.654 C524.393,26.244 525.979,25.756 528.898,25.623 C532.057,25.479 533.004,25.448 541,25.448 C548.997,25.448 549.943,25.479 553.102,25.623 C556.021,25.756 557.607,26.244 558.662,26.654 C560.06,27.196 561.058,27.846 562.106,28.894 C563.154,29.942 563.803,30.938 564.346,32.338 C564.756,33.391 565.244,34.978 565.378,37.899 C565.522,41.056 565.552,42.003 565.552,50 C565.552,57.996 565.522,58.943 565.378,62.101 M570.82,37.631 C570.674,34.438 570.167,32.258 569.425,30.349 C568.659,28.377 567.633,26.702 565.965,25.035 C564.297,23.368 562.623,22.342 560.652,21.575 C558.743,20.834 556.562,20.326 553.369,20.18 C550.169,20.033 549.148,20 541,20 C532.853,20 531.831,20.033 528.631,20.18 C525.438,20.326 523.257,20.834 521.349,21.575 C519.376,22.342 517.703,23.368 516.035,25.035 C514.368,26.702 513.342,28.377 512.574,30.349 C511.834,32.258 511.326,34.438 511.181,37.631 C511.035,40.831 511,41.851 511,50 C511,58.147 511.035,59.17 511.181,62.369 C511.326,65.562 511.834,67.743 512.574,69.651 C513.342,71.625 514.368,73.296 516.035,74.965 C517.703,76.634 519.376,77.658 521.349,78.425 C523.257,79.167 525.438,79.673 528.631,79.82 C531.831,79.965 532.853,80.001 541,80.001 C549.148,80.001 550.169,79.965 553.369,79.82 C556.562,79.673 558.743,79.167 560.652,78.425 C562.623,77.658 564.297,76.634 565.965,74.965 C567.633,73.296 568.659,71.625 569.425,69.651 C570.167,67.743 570.674,65.562 570.82,62.369 C570.966,59.17 571,58.147 571,50 C571,41.851 570.966,40.831 570.82,37.631\"><\/path><\/g><\/g><\/g><\/svg><\/div>\n<div style=\"padding-top: 8px;\">\n<div style=\" color:#3897f0; font-family:Arial,sans-serif; font-size:14px; font-style:normal; font-weight:550; line-height:18px;\">View this post on Instagram<\/div>\n<\/div>\n<div style=\"padding: 12.5% 0;\"><\/div>\n<div style=\"display: flex; flex-direction: row; margin-bottom: 14px; align-items: center;\">\n<div>\n<div style=\"background-color: #F4F4F4; border-radius: 50%; height: 12.5px; width: 12.5px; transform: translateX(0px) translateY(7px);\"><\/div>\n<div style=\"background-color: #F4F4F4; height: 12.5px; transform: rotate(-45deg) translateX(3px) translateY(1px); width: 12.5px; flex-grow: 0; margin-right: 14px; margin-left: 2px;\"><\/div>\n<div style=\"background-color: #F4F4F4; border-radius: 50%; height: 12.5px; width: 12.5px; transform: translateX(9px) translateY(-18px);\"><\/div>\n<\/div>\n<div style=\"margin-left: 8px;\">\n<div style=\" background-color: #F4F4F4; border-radius: 50%; flex-grow: 0; height: 20px; width: 20px;\"><\/div>\n<div style=\" width: 0; height: 0; border-top: 2px solid transparent; border-left: 6px solid #f4f4f4; border-bottom: 2px solid transparent; transform: translateX(16px) translateY(-4px) rotate(30deg)\"><\/div>\n<\/div>\n<div style=\"margin-left: auto;\">\n<div style=\" width: 0px; border-top: 8px solid #F4F4F4; border-right: 8px solid transparent; transform: translateY(16px);\"><\/div>\n<div style=\" background-color: #F4F4F4; flex-grow: 0; height: 12px; width: 16px; transform: translateY(-4px);\"><\/div>\n<div style=\" width: 0; height: 0; border-top: 8px solid #F4F4F4; border-left: 8px solid transparent; transform: translateY(-4px) translateX(8px);\"><\/div>\n<\/div>\n<\/div>\n<div style=\"display: flex; flex-direction: column; flex-grow: 1; justify-content: center; margin-bottom: 24px;\">\n<div style=\" background-color: #F4F4F4; border-radius: 4px; flex-grow: 0; height: 14px; margin-bottom: 6px; width: 224px;\"><\/div>\n<div style=\" background-color: #F4F4F4; border-radius: 4px; flex-grow: 0; height: 14px; width: 144px;\"><\/div>\n<\/div>\n<p><\/a><\/p>\n<p style=\" color:#c9c8cd; font-family:Arial,sans-serif; font-size:14px; line-height:17px; margin-bottom:0; margin-top:8px; overflow:hidden; padding:8px 0 7px; text-align:center; text-overflow:ellipsis; white-space:nowrap;\"><a href=\"https:\/\/www.instagram.com\/p\/CqD8tYVpkmr\/?utm_source=ig_embed&amp;utm_campaign=loading\" style=\" color:#c9c8cd; font-family:Arial,sans-serif; font-size:14px; font-style:normal; font-weight:normal; line-height:17px; text-decoration:none;\" target=\"_blank\">A post shared by Sabrina Sato (@sabrinasato)<\/a><\/p>\n<\/div>\n<\/blockquote>\n<p><script async src=\"\/\/platform.instagram.com\/en_US\/embeds.js\"><\/script><\/p>\n<blockquote><p>Eu gostaria que durasse para sempre, mas o \u201cpara sempre\u201d \u00e9 uma constru\u00e7\u00e3o dif\u00edcil, nem todo mundo consegue. N\u00f3s vivemos o nosso amor da forma mais linda que poder\u00edamos viver.<br \/>\nH\u00e1 quatro anos nasceu a Zoe, o maior presente que poder\u00edamos receber, a pessoa mais importante das nossas vidas. O nosso desejo de educ\u00e1-la da melhor forma vai nos manter parceiros e amigos.<br \/>\nEste \u00e9 comunicado dif\u00edcil, mas necess\u00e1rio. Eu e Duda estamos terminando o nosso relacionamento. Ser\u00e1 melhor para n\u00f3s dois. Deixamos de ser um casal, mas continuamos juntos no amor e no cuidado com a nossa filha.<br \/>\nAgradecemos o carinho e o respeito de todos voc\u00eas. Eles far\u00e3o bem a n\u00f3s dois e a ela, nosso bem maior. Neste momento n\u00f3s queremos proteg\u00ea-la, e voc\u00eas podem nos ajudar.<br \/>\nUma separa\u00e7\u00e3o, por mais dolorosa que seja, n\u00e3o precisa ser causa de inimizade e divis\u00e3o. Duda e eu faremos tudo da melhor forma, pois, por aqui, o AMOR E O RESPEITO sempre v\u00e3o prevalecer.<\/p><\/blockquote>\n","protected":false},"excerpt":{"rendered":"<p>Trag\u00e9dia no C\u00e2nion Fortaleza: menina de 11 anos morre ap\u00f3s correr em dire\u00e7\u00e3o ao penhasco Uma trag\u00e9dia comoveu o Rio Grande do Sul na \u00faltima quinta-feira, 10 de julho de 2025. A queda da menina Bianca Zanella, de apenas 11 anos, no C\u00e2nion Fortaleza, localizado em Cambar\u00e1 do Sul, mobilizou uma complexa opera\u00e7\u00e3o de resgate &hellip;<\/p>\n","protected":false},"author":1,"featured_media":446304,"comment_status":"open","ping_status":"open","sticky":false,"template":"","format":"standard","meta":{"_jetpack_memberships_contains_paid_content":false,"footnotes":""},"categories":[2],"tags":[],"class_list":["post-446303","post","type-post","status-publish","format-standard","has-post-thumbnail","hentry","category-entretenimento"],"yoast_head":"<!-- This site is optimized with the Yoast SEO plugin v27.4 - https:\/\/yoast.com\/product\/yoast-seo-wordpress\/ -->\n<title>Trag\u00e9dia no C\u00e2nion Fortaleza, menina de 11 anos morre ap\u00f3s correr em dire\u00e7\u00e3o ao penhasco<\/title>\n<meta name=\"robots\" content=\"index, follow, max-snippet:-1, max-image-preview:large, max-video-preview:-1\" \/>\n<link rel=\"canonical\" href=\"https:\/\/mrnews.com.br\/index.php\/2025\/07\/11\/tragedia-no-canion-fortaleza-menina-de-11-anos-morre-apos-correr-em-direcao-ao-penhasco\/\" \/>\n<meta property=\"og:locale\" content=\"pt_BR\" \/>\n<meta property=\"og:type\" content=\"article\" \/>\n<meta property=\"og:title\" content=\"Trag\u00e9dia no C\u00e2nion Fortaleza, menina de 11 anos morre ap\u00f3s correr em dire\u00e7\u00e3o ao penhasco\" \/>\n<meta property=\"og:description\" content=\"Trag\u00e9dia no C\u00e2nion Fortaleza: menina de 11 anos morre ap\u00f3s correr em dire\u00e7\u00e3o ao penhasco Uma trag\u00e9dia comoveu o Rio Grande do Sul na \u00faltima quinta-feira, 10 de julho de 2025. A queda da menina Bianca Zanella, de apenas 11 anos, no C\u00e2nion Fortaleza, localizado em Cambar\u00e1 do Sul, mobilizou uma complexa opera\u00e7\u00e3o de resgate &hellip;\" \/>\n<meta property=\"og:url\" content=\"https:\/\/mrnews.com.br\/index.php\/2025\/07\/11\/tragedia-no-canion-fortaleza-menina-de-11-anos-morre-apos-correr-em-direcao-ao-penhasco\/\" \/>\n<meta property=\"og:site_name\" content=\"MRNews\" \/>\n<meta property=\"article:publisher\" content=\"https:\/\/www.facebook.com\/eaipahpah\/?locale2=pt_BR\" \/>\n<meta property=\"article:published_time\" content=\"2025-07-11T19:26:03+00:00\" \/>\n<meta property=\"og:image\" content=\"https:\/\/mrnews.com.br\/wp-content\/uploads\/2025\/07\/FB_IMG_1752261784822.jpg\" \/>\n\t<meta property=\"og:image:width\" content=\"1080\" \/>\n\t<meta property=\"og:image:height\" content=\"1334\" \/>\n\t<meta property=\"og:image:type\" content=\"image\/jpeg\" \/>\n<meta name=\"author\" content=\"MR News\" \/>\n<meta name=\"twitter:card\" content=\"summary_large_image\" \/>\n<meta name=\"twitter:creator\" content=\"@conspirou\" \/>\n<meta name=\"twitter:site\" content=\"@conspirou\" \/>\n<meta name=\"twitter:label1\" content=\"Escrito por\" \/>\n\t<meta name=\"twitter:data1\" content=\"MR News\" \/>\n\t<meta name=\"twitter:label2\" content=\"Est. tempo de leitura\" \/>\n\t<meta name=\"twitter:data2\" content=\"9 minutos\" \/>\n<script type=\"application\/ld+json\" class=\"yoast-schema-graph\">{\"@context\":\"https:\\\/\\\/schema.org\",\"@graph\":[{\"@type\":\"Article\",\"@id\":\"https:\\\/\\\/mrnews.com.br\\\/index.php\\\/2025\\\/07\\\/11\\\/tragedia-no-canion-fortaleza-menina-de-11-anos-morre-apos-correr-em-direcao-ao-penhasco\\\/#article\",\"isPartOf\":{\"@id\":\"https:\\\/\\\/mrnews.com.br\\\/index.php\\\/2025\\\/07\\\/11\\\/tragedia-no-canion-fortaleza-menina-de-11-anos-morre-apos-correr-em-direcao-ao-penhasco\\\/\"},\"author\":{\"name\":\"MR News\",\"@id\":\"https:\\\/\\\/mrnews.com.br\\\/#\\\/schema\\\/person\\\/be3203154562a9f207407861cef7827b\"},\"headline\":\"Trag\u00e9dia no C\u00e2nion Fortaleza, menina de 11 anos morre ap\u00f3s correr em dire\u00e7\u00e3o ao penhasco\",\"datePublished\":\"2025-07-11T19:26:03+00:00\",\"mainEntityOfPage\":{\"@id\":\"https:\\\/\\\/mrnews.com.br\\\/index.php\\\/2025\\\/07\\\/11\\\/tragedia-no-canion-fortaleza-menina-de-11-anos-morre-apos-correr-em-direcao-ao-penhasco\\\/\"},\"wordCount\":1793,\"commentCount\":0,\"publisher\":{\"@id\":\"https:\\\/\\\/mrnews.com.br\\\/#organization\"},\"image\":{\"@id\":\"https:\\\/\\\/mrnews.com.br\\\/index.php\\\/2025\\\/07\\\/11\\\/tragedia-no-canion-fortaleza-menina-de-11-anos-morre-apos-correr-em-direcao-ao-penhasco\\\/#primaryimage\"},\"thumbnailUrl\":\"https:\\\/\\\/mrnews.com.br\\\/wp-content\\\/uploads\\\/2025\\\/07\\\/FB_IMG_1752261784822.jpg\",\"articleSection\":[\"ENTRETENIMENTO\"],\"inLanguage\":\"pt-BR\",\"potentialAction\":[{\"@type\":\"CommentAction\",\"name\":\"Comment\",\"target\":[\"https:\\\/\\\/mrnews.com.br\\\/index.php\\\/2025\\\/07\\\/11\\\/tragedia-no-canion-fortaleza-menina-de-11-anos-morre-apos-correr-em-direcao-ao-penhasco\\\/#respond\"]}]},{\"@type\":\"WebPage\",\"@id\":\"https:\\\/\\\/mrnews.com.br\\\/index.php\\\/2025\\\/07\\\/11\\\/tragedia-no-canion-fortaleza-menina-de-11-anos-morre-apos-correr-em-direcao-ao-penhasco\\\/\",\"url\":\"https:\\\/\\\/mrnews.com.br\\\/index.php\\\/2025\\\/07\\\/11\\\/tragedia-no-canion-fortaleza-menina-de-11-anos-morre-apos-correr-em-direcao-ao-penhasco\\\/\",\"name\":\"Trag\u00e9dia no C\u00e2nion Fortaleza, menina de 11 anos morre ap\u00f3s correr em dire\u00e7\u00e3o ao penhasco\",\"isPartOf\":{\"@id\":\"https:\\\/\\\/mrnews.com.br\\\/#website\"},\"primaryImageOfPage\":{\"@id\":\"https:\\\/\\\/mrnews.com.br\\\/index.php\\\/2025\\\/07\\\/11\\\/tragedia-no-canion-fortaleza-menina-de-11-anos-morre-apos-correr-em-direcao-ao-penhasco\\\/#primaryimage\"},\"image\":{\"@id\":\"https:\\\/\\\/mrnews.com.br\\\/index.php\\\/2025\\\/07\\\/11\\\/tragedia-no-canion-fortaleza-menina-de-11-anos-morre-apos-correr-em-direcao-ao-penhasco\\\/#primaryimage\"},\"thumbnailUrl\":\"https:\\\/\\\/mrnews.com.br\\\/wp-content\\\/uploads\\\/2025\\\/07\\\/FB_IMG_1752261784822.jpg\",\"datePublished\":\"2025-07-11T19:26:03+00:00\",\"breadcrumb\":{\"@id\":\"https:\\\/\\\/mrnews.com.br\\\/index.php\\\/2025\\\/07\\\/11\\\/tragedia-no-canion-fortaleza-menina-de-11-anos-morre-apos-correr-em-direcao-ao-penhasco\\\/#breadcrumb\"},\"inLanguage\":\"pt-BR\",\"potentialAction\":[{\"@type\":\"ReadAction\",\"target\":[\"https:\\\/\\\/mrnews.com.br\\\/index.php\\\/2025\\\/07\\\/11\\\/tragedia-no-canion-fortaleza-menina-de-11-anos-morre-apos-correr-em-direcao-ao-penhasco\\\/\"]}]},{\"@type\":\"ImageObject\",\"inLanguage\":\"pt-BR\",\"@id\":\"https:\\\/\\\/mrnews.com.br\\\/index.php\\\/2025\\\/07\\\/11\\\/tragedia-no-canion-fortaleza-menina-de-11-anos-morre-apos-correr-em-direcao-ao-penhasco\\\/#primaryimage\",\"url\":\"https:\\\/\\\/mrnews.com.br\\\/wp-content\\\/uploads\\\/2025\\\/07\\\/FB_IMG_1752261784822.jpg\",\"contentUrl\":\"https:\\\/\\\/mrnews.com.br\\\/wp-content\\\/uploads\\\/2025\\\/07\\\/FB_IMG_1752261784822.jpg\",\"width\":1080,\"height\":1334},{\"@type\":\"BreadcrumbList\",\"@id\":\"https:\\\/\\\/mrnews.com.br\\\/index.php\\\/2025\\\/07\\\/11\\\/tragedia-no-canion-fortaleza-menina-de-11-anos-morre-apos-correr-em-direcao-ao-penhasco\\\/#breadcrumb\",\"itemListElement\":[{\"@type\":\"ListItem\",\"position\":1,\"name\":\"In\u00edcio\",\"item\":\"https:\\\/\\\/mrnews.com.br\\\/\"},{\"@type\":\"ListItem\",\"position\":2,\"name\":\"Trag\u00e9dia no C\u00e2nion Fortaleza, menina de 11 anos morre ap\u00f3s correr em dire\u00e7\u00e3o ao penhasco\"}]},{\"@type\":\"WebSite\",\"@id\":\"https:\\\/\\\/mrnews.com.br\\\/#website\",\"url\":\"https:\\\/\\\/mrnews.com.br\\\/\",\"name\":\"MRNews\",\"description\":\"MRNews Jogos de hoje da TV, transmiss\u00f5es ao vivo, Not\u00edcias de futebol, Jogos ao vivo, Lives, resumo de novelas, Programa\u00e7\u00e3o da Globo, A Fazenda e BBB\",\"publisher\":{\"@id\":\"https:\\\/\\\/mrnews.com.br\\\/#organization\"},\"potentialAction\":[{\"@type\":\"SearchAction\",\"target\":{\"@type\":\"EntryPoint\",\"urlTemplate\":\"https:\\\/\\\/mrnews.com.br\\\/?s={search_term_string}\"},\"query-input\":{\"@type\":\"PropertyValueSpecification\",\"valueRequired\":true,\"valueName\":\"search_term_string\"}}],\"inLanguage\":\"pt-BR\"},{\"@type\":\"Organization\",\"@id\":\"https:\\\/\\\/mrnews.com.br\\\/#organization\",\"name\":\"MRNews\",\"url\":\"https:\\\/\\\/mrnews.com.br\\\/\",\"logo\":{\"@type\":\"ImageObject\",\"inLanguage\":\"pt-BR\",\"@id\":\"https:\\\/\\\/mrnews.com.br\\\/#\\\/schema\\\/logo\\\/image\\\/\",\"url\":\"https:\\\/\\\/mrnews.com.br\\\/wp-content\\\/uploads\\\/2019\\\/06\\\/MRNewslogo2.png\",\"contentUrl\":\"https:\\\/\\\/mrnews.com.br\\\/wp-content\\\/uploads\\\/2019\\\/06\\\/MRNewslogo2.png\",\"width\":223,\"height\":58,\"caption\":\"MRNews\"},\"image\":{\"@id\":\"https:\\\/\\\/mrnews.com.br\\\/#\\\/schema\\\/logo\\\/image\\\/\"},\"sameAs\":[\"https:\\\/\\\/www.facebook.com\\\/eaipahpah\\\/?locale2=pt_BR\",\"https:\\\/\\\/x.com\\\/conspirou\",\"https:\\\/\\\/www.instagram.com\\\/eai_pahpah\",\"https:\\\/\\\/br.pinterest.com\\\/mrnewsn\\\/boards\\\/\",\"https:\\\/\\\/www.youtube.com\\\/channel\\\/UCacgnpznQ61fifLWr1tQ-vA?view_as=subscriber\"]},{\"@type\":\"Person\",\"@id\":\"https:\\\/\\\/mrnews.com.br\\\/#\\\/schema\\\/person\\\/be3203154562a9f207407861cef7827b\",\"name\":\"MR News\",\"image\":{\"@type\":\"ImageObject\",\"inLanguage\":\"pt-BR\",\"@id\":\"https:\\\/\\\/secure.gravatar.com\\\/avatar\\\/04084e6d73c042b8646e7c17b494073bf0ede3ea13c7105cfc45cbbbc28385a4?s=96&d=monsterid&r=g\",\"url\":\"https:\\\/\\\/secure.gravatar.com\\\/avatar\\\/04084e6d73c042b8646e7c17b494073bf0ede3ea13c7105cfc45cbbbc28385a4?s=96&d=monsterid&r=g\",\"contentUrl\":\"https:\\\/\\\/secure.gravatar.com\\\/avatar\\\/04084e6d73c042b8646e7c17b494073bf0ede3ea13c7105cfc45cbbbc28385a4?s=96&d=monsterid&r=g\",\"caption\":\"MR News\"},\"description\":\"Especializado em jornalismo colaborativo pela FTP em n\u00edvel de p\u00f3s-gradua\u00e7\u00e3o. suporte@oimeliga.combr\",\"sameAs\":[\"HUGO R.\",\"Admin\"],\"url\":\"https:\\\/\\\/mrnews.com.br\\\/index.php\\\/author\\\/admin\\\/\"}]}<\/script>\n<!-- \/ Yoast SEO plugin. -->","yoast_head_json":{"title":"Trag\u00e9dia no C\u00e2nion Fortaleza, menina de 11 anos morre ap\u00f3s correr em dire\u00e7\u00e3o ao penhasco","robots":{"index":"index","follow":"follow","max-snippet":"max-snippet:-1","max-image-preview":"max-image-preview:large","max-video-preview":"max-video-preview:-1"},"canonical":"https:\/\/mrnews.com.br\/index.php\/2025\/07\/11\/tragedia-no-canion-fortaleza-menina-de-11-anos-morre-apos-correr-em-direcao-ao-penhasco\/","og_locale":"pt_BR","og_type":"article","og_title":"Trag\u00e9dia no C\u00e2nion Fortaleza, menina de 11 anos morre ap\u00f3s correr em dire\u00e7\u00e3o ao penhasco","og_description":"Trag\u00e9dia no C\u00e2nion Fortaleza: menina de 11 anos morre ap\u00f3s correr em dire\u00e7\u00e3o ao penhasco Uma trag\u00e9dia comoveu o Rio Grande do Sul na \u00faltima quinta-feira, 10 de julho de 2025. A queda da menina Bianca Zanella, de apenas 11 anos, no C\u00e2nion Fortaleza, localizado em Cambar\u00e1 do Sul, mobilizou uma complexa opera\u00e7\u00e3o de resgate &hellip;","og_url":"https:\/\/mrnews.com.br\/index.php\/2025\/07\/11\/tragedia-no-canion-fortaleza-menina-de-11-anos-morre-apos-correr-em-direcao-ao-penhasco\/","og_site_name":"MRNews","article_publisher":"https:\/\/www.facebook.com\/eaipahpah\/?locale2=pt_BR","article_published_time":"2025-07-11T19:26:03+00:00","og_image":[{"width":1080,"height":1334,"url":"https:\/\/mrnews.com.br\/wp-content\/uploads\/2025\/07\/FB_IMG_1752261784822.jpg","type":"image\/jpeg"}],"author":"MR News","twitter_card":"summary_large_image","twitter_creator":"@conspirou","twitter_site":"@conspirou","twitter_misc":{"Escrito por":"MR News","Est. tempo de leitura":"9 minutos"},"schema":{"@context":"https:\/\/schema.org","@graph":[{"@type":"Article","@id":"https:\/\/mrnews.com.br\/index.php\/2025\/07\/11\/tragedia-no-canion-fortaleza-menina-de-11-anos-morre-apos-correr-em-direcao-ao-penhasco\/#article","isPartOf":{"@id":"https:\/\/mrnews.com.br\/index.php\/2025\/07\/11\/tragedia-no-canion-fortaleza-menina-de-11-anos-morre-apos-correr-em-direcao-ao-penhasco\/"},"author":{"name":"MR News","@id":"https:\/\/mrnews.com.br\/#\/schema\/person\/be3203154562a9f207407861cef7827b"},"headline":"Trag\u00e9dia no C\u00e2nion Fortaleza, menina de 11 anos morre ap\u00f3s correr em dire\u00e7\u00e3o ao penhasco","datePublished":"2025-07-11T19:26:03+00:00","mainEntityOfPage":{"@id":"https:\/\/mrnews.com.br\/index.php\/2025\/07\/11\/tragedia-no-canion-fortaleza-menina-de-11-anos-morre-apos-correr-em-direcao-ao-penhasco\/"},"wordCount":1793,"commentCount":0,"publisher":{"@id":"https:\/\/mrnews.com.br\/#organization"},"image":{"@id":"https:\/\/mrnews.com.br\/index.php\/2025\/07\/11\/tragedia-no-canion-fortaleza-menina-de-11-anos-morre-apos-correr-em-direcao-ao-penhasco\/#primaryimage"},"thumbnailUrl":"https:\/\/mrnews.com.br\/wp-content\/uploads\/2025\/07\/FB_IMG_1752261784822.jpg","articleSection":["ENTRETENIMENTO"],"inLanguage":"pt-BR","potentialAction":[{"@type":"CommentAction","name":"Comment","target":["https:\/\/mrnews.com.br\/index.php\/2025\/07\/11\/tragedia-no-canion-fortaleza-menina-de-11-anos-morre-apos-correr-em-direcao-ao-penhasco\/#respond"]}]},{"@type":"WebPage","@id":"https:\/\/mrnews.com.br\/index.php\/2025\/07\/11\/tragedia-no-canion-fortaleza-menina-de-11-anos-morre-apos-correr-em-direcao-ao-penhasco\/","url":"https:\/\/mrnews.com.br\/index.php\/2025\/07\/11\/tragedia-no-canion-fortaleza-menina-de-11-anos-morre-apos-correr-em-direcao-ao-penhasco\/","name":"Trag\u00e9dia no C\u00e2nion Fortaleza, menina de 11 anos morre ap\u00f3s correr em dire\u00e7\u00e3o ao penhasco","isPartOf":{"@id":"https:\/\/mrnews.com.br\/#website"},"primaryImageOfPage":{"@id":"https:\/\/mrnews.com.br\/index.php\/2025\/07\/11\/tragedia-no-canion-fortaleza-menina-de-11-anos-morre-apos-correr-em-direcao-ao-penhasco\/#primaryimage"},"image":{"@id":"https:\/\/mrnews.com.br\/index.php\/2025\/07\/11\/tragedia-no-canion-fortaleza-menina-de-11-anos-morre-apos-correr-em-direcao-ao-penhasco\/#primaryimage"},"thumbnailUrl":"https:\/\/mrnews.com.br\/wp-content\/uploads\/2025\/07\/FB_IMG_1752261784822.jpg","datePublished":"2025-07-11T19:26:03+00:00","breadcrumb":{"@id":"https:\/\/mrnews.com.br\/index.php\/2025\/07\/11\/tragedia-no-canion-fortaleza-menina-de-11-anos-morre-apos-correr-em-direcao-ao-penhasco\/#breadcrumb"},"inLanguage":"pt-BR","potentialAction":[{"@type":"ReadAction","target":["https:\/\/mrnews.com.br\/index.php\/2025\/07\/11\/tragedia-no-canion-fortaleza-menina-de-11-anos-morre-apos-correr-em-direcao-ao-penhasco\/"]}]},{"@type":"ImageObject","inLanguage":"pt-BR","@id":"https:\/\/mrnews.com.br\/index.php\/2025\/07\/11\/tragedia-no-canion-fortaleza-menina-de-11-anos-morre-apos-correr-em-direcao-ao-penhasco\/#primaryimage","url":"https:\/\/mrnews.com.br\/wp-content\/uploads\/2025\/07\/FB_IMG_1752261784822.jpg","contentUrl":"https:\/\/mrnews.com.br\/wp-content\/uploads\/2025\/07\/FB_IMG_1752261784822.jpg","width":1080,"height":1334},{"@type":"BreadcrumbList","@id":"https:\/\/mrnews.com.br\/index.php\/2025\/07\/11\/tragedia-no-canion-fortaleza-menina-de-11-anos-morre-apos-correr-em-direcao-ao-penhasco\/#breadcrumb","itemListElement":[{"@type":"ListItem","position":1,"name":"In\u00edcio","item":"https:\/\/mrnews.com.br\/"},{"@type":"ListItem","position":2,"name":"Trag\u00e9dia no C\u00e2nion Fortaleza, menina de 11 anos morre ap\u00f3s correr em dire\u00e7\u00e3o ao penhasco"}]},{"@type":"WebSite","@id":"https:\/\/mrnews.com.br\/#website","url":"https:\/\/mrnews.com.br\/","name":"MRNews","description":"MRNews Jogos de hoje da TV, transmiss\u00f5es ao vivo, Not\u00edcias de futebol, Jogos ao vivo, Lives, resumo de novelas, Programa\u00e7\u00e3o da Globo, A Fazenda e BBB","publisher":{"@id":"https:\/\/mrnews.com.br\/#organization"},"potentialAction":[{"@type":"SearchAction","target":{"@type":"EntryPoint","urlTemplate":"https:\/\/mrnews.com.br\/?s={search_term_string}"},"query-input":{"@type":"PropertyValueSpecification","valueRequired":true,"valueName":"search_term_string"}}],"inLanguage":"pt-BR"},{"@type":"Organization","@id":"https:\/\/mrnews.com.br\/#organization","name":"MRNews","url":"https:\/\/mrnews.com.br\/","logo":{"@type":"ImageObject","inLanguage":"pt-BR","@id":"https:\/\/mrnews.com.br\/#\/schema\/logo\/image\/","url":"https:\/\/mrnews.com.br\/wp-content\/uploads\/2019\/06\/MRNewslogo2.png","contentUrl":"https:\/\/mrnews.com.br\/wp-content\/uploads\/2019\/06\/MRNewslogo2.png","width":223,"height":58,"caption":"MRNews"},"image":{"@id":"https:\/\/mrnews.com.br\/#\/schema\/logo\/image\/"},"sameAs":["https:\/\/www.facebook.com\/eaipahpah\/?locale2=pt_BR","https:\/\/x.com\/conspirou","https:\/\/www.instagram.com\/eai_pahpah","https:\/\/br.pinterest.com\/mrnewsn\/boards\/","https:\/\/www.youtube.com\/channel\/UCacgnpznQ61fifLWr1tQ-vA?view_as=subscriber"]},{"@type":"Person","@id":"https:\/\/mrnews.com.br\/#\/schema\/person\/be3203154562a9f207407861cef7827b","name":"MR News","image":{"@type":"ImageObject","inLanguage":"pt-BR","@id":"https:\/\/secure.gravatar.com\/avatar\/04084e6d73c042b8646e7c17b494073bf0ede3ea13c7105cfc45cbbbc28385a4?s=96&d=monsterid&r=g","url":"https:\/\/secure.gravatar.com\/avatar\/04084e6d73c042b8646e7c17b494073bf0ede3ea13c7105cfc45cbbbc28385a4?s=96&d=monsterid&r=g","contentUrl":"https:\/\/secure.gravatar.com\/avatar\/04084e6d73c042b8646e7c17b494073bf0ede3ea13c7105cfc45cbbbc28385a4?s=96&d=monsterid&r=g","caption":"MR News"},"description":"Especializado em jornalismo colaborativo pela FTP em n\u00edvel de p\u00f3s-gradua\u00e7\u00e3o. suporte@oimeliga.combr","sameAs":["HUGO R.","Admin"],"url":"https:\/\/mrnews.com.br\/index.php\/author\/admin\/"}]}},"jetpack_featured_media_url":"https:\/\/mrnews.com.br\/wp-content\/uploads\/2025\/07\/FB_IMG_1752261784822.jpg","jetpack_sharing_enabled":true,"jetpack_shortlink":"https:\/\/wp.me\/pa2Qf7-1S6r","amp_enabled":true,"_links":{"self":[{"href":"https:\/\/mrnews.com.br\/index.php\/wp-json\/wp\/v2\/posts\/446303","targetHints":{"allow":["GET"]}}],"collection":[{"href":"https:\/\/mrnews.com.br\/index.php\/wp-json\/wp\/v2\/posts"}],"about":[{"href":"https:\/\/mrnews.com.br\/index.php\/wp-json\/wp\/v2\/types\/post"}],"author":[{"embeddable":true,"href":"https:\/\/mrnews.com.br\/index.php\/wp-json\/wp\/v2\/users\/1"}],"replies":[{"embeddable":true,"href":"https:\/\/mrnews.com.br\/index.php\/wp-json\/wp\/v2\/comments?post=446303"}],"version-history":[{"count":1,"href":"https:\/\/mrnews.com.br\/index.php\/wp-json\/wp\/v2\/posts\/446303\/revisions"}],"predecessor-version":[{"id":446305,"href":"https:\/\/mrnews.com.br\/index.php\/wp-json\/wp\/v2\/posts\/446303\/revisions\/446305"}],"wp:featuredmedia":[{"embeddable":true,"href":"https:\/\/mrnews.com.br\/index.php\/wp-json\/wp\/v2\/media\/446304"}],"wp:attachment":[{"href":"https:\/\/mrnews.com.br\/index.php\/wp-json\/wp\/v2\/media?parent=446303"}],"wp:term":[{"taxonomy":"category","embeddable":true,"href":"https:\/\/mrnews.com.br\/index.php\/wp-json\/wp\/v2\/categories?post=446303"},{"taxonomy":"post_tag","embeddable":true,"href":"https:\/\/mrnews.com.br\/index.php\/wp-json\/wp\/v2\/tags?post=446303"}],"curies":[{"name":"wp","href":"https:\/\/api.w.org\/{rel}","templated":true}]}}