{"id":446362,"date":"2025-07-13T14:51:34","date_gmt":"2025-07-13T17:51:34","guid":{"rendered":"https:\/\/mrnews.com.br\/index.php\/2025\/07\/13\/governo-vai-trabalhar-para-reverter-taxacao-dos-eua-diz-alckmin\/"},"modified":"2025-07-13T14:51:34","modified_gmt":"2025-07-13T17:51:34","slug":"governo-vai-trabalhar-para-reverter-taxacao-dos-eua-diz-alckmin","status":"publish","type":"post","link":"https:\/\/mrnews.com.br\/index.php\/2025\/07\/13\/governo-vai-trabalhar-para-reverter-taxacao-dos-eua-diz-alckmin\/","title":{"rendered":"Governo vai trabalhar para reverter taxa\u00e7\u00e3o dos EUA, diz Alckmin"},"content":{"rendered":"<p>Por EBC, <\/p>\n<div>\n<p>O governo federal vai trabalhar para reverter a imposi\u00e7\u00e3o de tarifas comerciais sobre as exporta\u00e7\u00f5es do Brasil aos Estados Unidos, anunciada na quarta-feira (9) pelo presidente Donald Trump.\u00a0<\/p>\n<p><strong>\u201cN\u00f3s vamos trabalhar para reverter isso, porque n\u00e3o tem sentido essa tarifa. Ela, inclusive, prejudica tamb\u00e9m o consumidor norte-americano. N\u00f3s entendemos que ela \u00e9 inadequada, ela n\u00e3o se justifica. Vamos recorrer \u00e0 Organiza\u00e7\u00e3o Mundial do Com\u00e9rcio (OMC)\u201d, afirmou o vice-presidente da Rep\u00fablica e ministro do Desenvolvimento, Ind\u00fastria e Com\u00e9rcio, Geraldo Alckmin, ap\u00f3s a inaugura\u00e7\u00e3o do Novo Viaduto de Francisco Morato, em S\u00e3o Paulo, neste domingo (13).<\/strong><\/p>\n<p>Segundo Alckmin, o governo se reunir\u00e1 nos pr\u00f3ximos dias com o setor privado, e tamb\u00e9m est\u00e1 sendo analisada a aplica\u00e7\u00e3o da Lei de Reciprocidade Econ\u00f4mica, sancionada em abril, que estabelece crit\u00e9rios para a suspens\u00e3o de concess\u00f5es comerciais, de investimentos e de obriga\u00e7\u00f5es relativas a direitos de propriedade intelectual, em resposta a medidas unilaterais adotadas por pa\u00eds ou bloco econ\u00f4mico que impactem negativamente a competitividade internacional brasileira.<\/p>\n<blockquote>\n<p>\u201cOs Estados Unidos t\u00eam conosco super\u00e1vit na balan\u00e7a comercial, tanto de servi\u00e7os quanto de bens. O Brasil n\u00e3o \u00e9 problema para os Estados Unidos. Os Estados Unidos t\u00eam d\u00e9ficit na sua balan\u00e7a. E o Brasil e os Estados Unidos t\u00eam uma integra\u00e7\u00e3o produtiva. N\u00f3s temos 200 anos de amizade com os Estados Unidos. Ent\u00e3o, n\u00e3o se justifica e o mundo econ\u00f4mico precisa de estabilidade e de previsibilidade\u201d, disse Alckmin.<\/p>\n<\/blockquote>\n<p>O l\u00edder norte-americano anunciou uma taxa de 50% sobre todos os produtos importados dos brasileiros. A informa\u00e7\u00e3o foi feita por meio de uma carta ao presidente Luiz In\u00e1cio Lula da Silva. <strong>As tarifas passam a valer a partir do dia 1\u00ba de agosto.<\/strong><\/p>\n<p><strong>No documento, Trump justifica a medida citando o ex-presidente Jair Bolsonaro, que \u00e9 r\u00e9u no Supremo Tribunal Federal (STF) por tentativa de golpe de Estado.<\/strong> O presidente norte-americano tamb\u00e9m destacou ordens do STF emitidas contra apoiadores do ex-presidente brasileiro que mant\u00eam resid\u00eancia nos Estados Unidos. Trump cita ainda supostos &#8220;ataques insidiosos do Brasil contra elei\u00e7\u00f5es livres e a viola\u00e7\u00e3o fundamental da liberdade de express\u00e3o dos americanos\u201d.<\/p>\n<p>&#8220;A forma como o Brasil tem tratado o ex-presidente Bolsonaro, um l\u00edder altamente respeitado em todo o mundo durante seu mandato, inclusive pelos Estados Unidos, \u00e9 uma vergonha internacional. Esse julgamento n\u00e3o deveria estar ocorrendo. \u00c9 uma Ca\u00e7a \u00e0s Bruxas que deve acabar imediatamente!&#8221;, escreveu Trump.<\/p>\n<h2>IPI zero<\/h2>\n<p>Alckmin lembrou ainda do in\u00edcio da aplica\u00e7\u00e3o do Imposto sobre Produtos Industrializados (IPI) zero para o carro sustent\u00e1vel, medida anunciada pelo presidente Luiz In\u00e1cio Lula da Silva na \u00faltima semana, que retira o imposto do valor dos carros de entrada, ou seja, torna-os mais baratos.\u00a0<\/p>\n<blockquote>\n<p>\u201cIsso pode reduzir o pre\u00e7o do carro de entrada em R$ 10.000, R$ 12.000. \u00c9 uma medida importante que ajuda a popula\u00e7\u00e3o a ter acesso \u00e0quele carro mais barato e sustent\u00e1vel, um carro que n\u00e3o polui. Privilegia a efici\u00eancia energ\u00e9tica, a quest\u00e3o da sustentabilidade e tamb\u00e9m \u00e9 social\u201d, disse Alckmin.<\/p>\n<\/blockquote>\n<p>O decreto assinado pelo presidente Luiz In\u00e1cio Lula da Silva na quinta-feira (10) abrange ve\u00edculos compactos produzidos no Brasil e com alta efici\u00eancia ambiental e integra o Programa Nacional de Mobilidade Verde e Inova\u00e7\u00e3o (Mover), lan\u00e7ado no ano passado, visando a descarboniza\u00e7\u00e3o da frota automotiva do pa\u00eds, por meio de incentivos fiscais, especialmente em rela\u00e7\u00e3o \u00e0s al\u00edquotas do (IPI).<\/p>\n<p>Para ter direito ao IPI zero, o carro sustent\u00e1vel deve atender a quatro requisitos: emitir menos de 83 gramas de g\u00e1s carb\u00f4nico (CO\u2082) por quil\u00f4metro, conter mais de 80% de materiais recicl\u00e1veis, ser fabricado no Brasil (etapas como soldagem, pintura, fabrica\u00e7\u00e3o do motor e montagem), se enquadrar em uma das categorias de carro compacto (ve\u00edculo de entrada das marcas).<\/p>\n<p>      <!-- Relacionada --><\/p>\n<p>            <!-- Relacionada -->\n    <\/div>\n","protected":false},"excerpt":{"rendered":"<p>Por EBC, O governo federal vai trabalhar para reverter a imposi\u00e7\u00e3o de tarifas comerciais sobre as exporta\u00e7\u00f5es do Brasil aos Estados Unidos, anunciada na quarta-feira (9) pelo presidente Donald Trump.\u00a0 \u201cN\u00f3s vamos trabalhar para reverter isso, porque n\u00e3o tem sentido essa tarifa. Ela, inclusive, prejudica tamb\u00e9m o consumidor norte-americano. N\u00f3s entendemos que ela \u00e9 inadequada, &hellip;<\/p>\n","protected":false},"author":1,"featured_media":0,"comment_status":"open","ping_status":"open","sticky":false,"template":"","format":"standard","meta":{"_jetpack_memberships_contains_paid_content":false,"footnotes":""},"categories":[2,12225,4],"tags":[],"class_list":["post-446362","post","type-post","status-publish","format-standard","hentry","category-entretenimento","category-noticias","category-servicos"],"yoast_head":"<!-- This site is optimized with the Yoast SEO plugin v27.5 - https:\/\/yoast.com\/product\/yoast-seo-wordpress\/ -->\n<title>Governo vai trabalhar para reverter taxa\u00e7\u00e3o dos EUA, diz Alckmin<\/title>\n<meta name=\"robots\" content=\"index, follow, max-snippet:-1, max-image-preview:large, max-video-preview:-1\" \/>\n<link rel=\"canonical\" href=\"https:\/\/mrnews.com.br\/index.php\/2025\/07\/13\/governo-vai-trabalhar-para-reverter-taxacao-dos-eua-diz-alckmin\/\" \/>\n<meta property=\"og:locale\" content=\"pt_BR\" \/>\n<meta property=\"og:type\" content=\"article\" \/>\n<meta property=\"og:title\" content=\"Governo vai trabalhar para reverter taxa\u00e7\u00e3o dos EUA, diz Alckmin\" \/>\n<meta property=\"og:description\" content=\"Por EBC, O governo federal vai trabalhar para reverter a imposi\u00e7\u00e3o de tarifas comerciais sobre as exporta\u00e7\u00f5es do Brasil aos Estados Unidos, anunciada na quarta-feira (9) pelo presidente Donald Trump.\u00a0 \u201cN\u00f3s vamos trabalhar para reverter isso, porque n\u00e3o tem sentido essa tarifa. Ela, inclusive, prejudica tamb\u00e9m o consumidor norte-americano. N\u00f3s entendemos que ela \u00e9 inadequada, &hellip;\" \/>\n<meta property=\"og:url\" content=\"https:\/\/mrnews.com.br\/index.php\/2025\/07\/13\/governo-vai-trabalhar-para-reverter-taxacao-dos-eua-diz-alckmin\/\" \/>\n<meta property=\"og:site_name\" content=\"MRNews\" \/>\n<meta property=\"article:publisher\" content=\"https:\/\/www.facebook.com\/eaipahpah\/?locale2=pt_BR\" \/>\n<meta property=\"article:published_time\" content=\"2025-07-13T17:51:34+00:00\" \/>\n<meta name=\"author\" content=\"MR News\" \/>\n<meta name=\"twitter:card\" content=\"summary_large_image\" \/>\n<meta name=\"twitter:creator\" content=\"@conspirou\" \/>\n<meta name=\"twitter:site\" content=\"@conspirou\" \/>\n<meta name=\"twitter:label1\" content=\"Escrito por\" \/>\n\t<meta name=\"twitter:data1\" content=\"MR News\" \/>\n\t<meta name=\"twitter:label2\" content=\"Est. tempo de leitura\" \/>\n\t<meta name=\"twitter:data2\" content=\"3 minutos\" \/>\n<script type=\"application\/ld+json\" class=\"yoast-schema-graph\">{\"@context\":\"https:\\\/\\\/schema.org\",\"@graph\":[{\"@type\":\"Article\",\"@id\":\"https:\\\/\\\/mrnews.com.br\\\/index.php\\\/2025\\\/07\\\/13\\\/governo-vai-trabalhar-para-reverter-taxacao-dos-eua-diz-alckmin\\\/#article\",\"isPartOf\":{\"@id\":\"https:\\\/\\\/mrnews.com.br\\\/index.php\\\/2025\\\/07\\\/13\\\/governo-vai-trabalhar-para-reverter-taxacao-dos-eua-diz-alckmin\\\/\"},\"author\":{\"name\":\"MR News\",\"@id\":\"https:\\\/\\\/mrnews.com.br\\\/#\\\/schema\\\/person\\\/be3203154562a9f207407861cef7827b\"},\"headline\":\"Governo vai trabalhar para reverter taxa\u00e7\u00e3o dos EUA, diz Alckmin\",\"datePublished\":\"2025-07-13T17:51:34+00:00\",\"mainEntityOfPage\":{\"@id\":\"https:\\\/\\\/mrnews.com.br\\\/index.php\\\/2025\\\/07\\\/13\\\/governo-vai-trabalhar-para-reverter-taxacao-dos-eua-diz-alckmin\\\/\"},\"wordCount\":674,\"commentCount\":0,\"publisher\":{\"@id\":\"https:\\\/\\\/mrnews.com.br\\\/#organization\"},\"articleSection\":[\"ENTRETENIMENTO\",\"NOTICIAS\",\"SERVI\u00c7OS\"],\"inLanguage\":\"pt-BR\",\"potentialAction\":[{\"@type\":\"CommentAction\",\"name\":\"Comment\",\"target\":[\"https:\\\/\\\/mrnews.com.br\\\/index.php\\\/2025\\\/07\\\/13\\\/governo-vai-trabalhar-para-reverter-taxacao-dos-eua-diz-alckmin\\\/#respond\"]}]},{\"@type\":\"WebPage\",\"@id\":\"https:\\\/\\\/mrnews.com.br\\\/index.php\\\/2025\\\/07\\\/13\\\/governo-vai-trabalhar-para-reverter-taxacao-dos-eua-diz-alckmin\\\/\",\"url\":\"https:\\\/\\\/mrnews.com.br\\\/index.php\\\/2025\\\/07\\\/13\\\/governo-vai-trabalhar-para-reverter-taxacao-dos-eua-diz-alckmin\\\/\",\"name\":\"Governo vai trabalhar para reverter taxa\u00e7\u00e3o dos EUA, diz Alckmin\",\"isPartOf\":{\"@id\":\"https:\\\/\\\/mrnews.com.br\\\/#website\"},\"datePublished\":\"2025-07-13T17:51:34+00:00\",\"breadcrumb\":{\"@id\":\"https:\\\/\\\/mrnews.com.br\\\/index.php\\\/2025\\\/07\\\/13\\\/governo-vai-trabalhar-para-reverter-taxacao-dos-eua-diz-alckmin\\\/#breadcrumb\"},\"inLanguage\":\"pt-BR\",\"potentialAction\":[{\"@type\":\"ReadAction\",\"target\":[\"https:\\\/\\\/mrnews.com.br\\\/index.php\\\/2025\\\/07\\\/13\\\/governo-vai-trabalhar-para-reverter-taxacao-dos-eua-diz-alckmin\\\/\"]}]},{\"@type\":\"BreadcrumbList\",\"@id\":\"https:\\\/\\\/mrnews.com.br\\\/index.php\\\/2025\\\/07\\\/13\\\/governo-vai-trabalhar-para-reverter-taxacao-dos-eua-diz-alckmin\\\/#breadcrumb\",\"itemListElement\":[{\"@type\":\"ListItem\",\"position\":1,\"name\":\"In\u00edcio\",\"item\":\"https:\\\/\\\/mrnews.com.br\\\/\"},{\"@type\":\"ListItem\",\"position\":2,\"name\":\"Governo vai trabalhar para reverter taxa\u00e7\u00e3o dos EUA, diz Alckmin\"}]},{\"@type\":\"WebSite\",\"@id\":\"https:\\\/\\\/mrnews.com.br\\\/#website\",\"url\":\"https:\\\/\\\/mrnews.com.br\\\/\",\"name\":\"MRNews\",\"description\":\"MRNews Jogos de hoje da TV, transmiss\u00f5es ao vivo, Not\u00edcias de futebol, Jogos ao vivo, Lives, resumo de novelas, Programa\u00e7\u00e3o da Globo, A Fazenda e BBB\",\"publisher\":{\"@id\":\"https:\\\/\\\/mrnews.com.br\\\/#organization\"},\"potentialAction\":[{\"@type\":\"SearchAction\",\"target\":{\"@type\":\"EntryPoint\",\"urlTemplate\":\"https:\\\/\\\/mrnews.com.br\\\/?s={search_term_string}\"},\"query-input\":{\"@type\":\"PropertyValueSpecification\",\"valueRequired\":true,\"valueName\":\"search_term_string\"}}],\"inLanguage\":\"pt-BR\"},{\"@type\":\"Organization\",\"@id\":\"https:\\\/\\\/mrnews.com.br\\\/#organization\",\"name\":\"MRNews\",\"url\":\"https:\\\/\\\/mrnews.com.br\\\/\",\"logo\":{\"@type\":\"ImageObject\",\"inLanguage\":\"pt-BR\",\"@id\":\"https:\\\/\\\/mrnews.com.br\\\/#\\\/schema\\\/logo\\\/image\\\/\",\"url\":\"https:\\\/\\\/mrnews.com.br\\\/wp-content\\\/uploads\\\/2019\\\/06\\\/MRNewslogo2.png\",\"contentUrl\":\"https:\\\/\\\/mrnews.com.br\\\/wp-content\\\/uploads\\\/2019\\\/06\\\/MRNewslogo2.png\",\"width\":223,\"height\":58,\"caption\":\"MRNews\"},\"image\":{\"@id\":\"https:\\\/\\\/mrnews.com.br\\\/#\\\/schema\\\/logo\\\/image\\\/\"},\"sameAs\":[\"https:\\\/\\\/www.facebook.com\\\/eaipahpah\\\/?locale2=pt_BR\",\"https:\\\/\\\/x.com\\\/conspirou\",\"https:\\\/\\\/www.instagram.com\\\/eai_pahpah\",\"https:\\\/\\\/br.pinterest.com\\\/mrnewsn\\\/boards\\\/\",\"https:\\\/\\\/www.youtube.com\\\/channel\\\/UCacgnpznQ61fifLWr1tQ-vA?view_as=subscriber\"]},{\"@type\":\"Person\",\"@id\":\"https:\\\/\\\/mrnews.com.br\\\/#\\\/schema\\\/person\\\/be3203154562a9f207407861cef7827b\",\"name\":\"MR News\",\"image\":{\"@type\":\"ImageObject\",\"inLanguage\":\"pt-BR\",\"@id\":\"https:\\\/\\\/secure.gravatar.com\\\/avatar\\\/04084e6d73c042b8646e7c17b494073bf0ede3ea13c7105cfc45cbbbc28385a4?s=96&d=monsterid&r=g\",\"url\":\"https:\\\/\\\/secure.gravatar.com\\\/avatar\\\/04084e6d73c042b8646e7c17b494073bf0ede3ea13c7105cfc45cbbbc28385a4?s=96&d=monsterid&r=g\",\"contentUrl\":\"https:\\\/\\\/secure.gravatar.com\\\/avatar\\\/04084e6d73c042b8646e7c17b494073bf0ede3ea13c7105cfc45cbbbc28385a4?s=96&d=monsterid&r=g\",\"caption\":\"MR News\"},\"description\":\"Especializado em jornalismo colaborativo pela FTP em n\u00edvel de p\u00f3s-gradua\u00e7\u00e3o. suporte@oimeliga.combr\",\"sameAs\":[\"HUGO R.\",\"Admin\"],\"url\":\"https:\\\/\\\/mrnews.com.br\\\/index.php\\\/author\\\/admin\\\/\"}]}<\/script>\n<!-- \/ Yoast SEO plugin. -->","yoast_head_json":{"title":"Governo vai trabalhar para reverter taxa\u00e7\u00e3o dos EUA, diz Alckmin","robots":{"index":"index","follow":"follow","max-snippet":"max-snippet:-1","max-image-preview":"max-image-preview:large","max-video-preview":"max-video-preview:-1"},"canonical":"https:\/\/mrnews.com.br\/index.php\/2025\/07\/13\/governo-vai-trabalhar-para-reverter-taxacao-dos-eua-diz-alckmin\/","og_locale":"pt_BR","og_type":"article","og_title":"Governo vai trabalhar para reverter taxa\u00e7\u00e3o dos EUA, diz Alckmin","og_description":"Por EBC, O governo federal vai trabalhar para reverter a imposi\u00e7\u00e3o de tarifas comerciais sobre as exporta\u00e7\u00f5es do Brasil aos Estados Unidos, anunciada na quarta-feira (9) pelo presidente Donald Trump.\u00a0 \u201cN\u00f3s vamos trabalhar para reverter isso, porque n\u00e3o tem sentido essa tarifa. Ela, inclusive, prejudica tamb\u00e9m o consumidor norte-americano. N\u00f3s entendemos que ela \u00e9 inadequada, &hellip;","og_url":"https:\/\/mrnews.com.br\/index.php\/2025\/07\/13\/governo-vai-trabalhar-para-reverter-taxacao-dos-eua-diz-alckmin\/","og_site_name":"MRNews","article_publisher":"https:\/\/www.facebook.com\/eaipahpah\/?locale2=pt_BR","article_published_time":"2025-07-13T17:51:34+00:00","author":"MR News","twitter_card":"summary_large_image","twitter_creator":"@conspirou","twitter_site":"@conspirou","twitter_misc":{"Escrito por":"MR News","Est. tempo de leitura":"3 minutos"},"schema":{"@context":"https:\/\/schema.org","@graph":[{"@type":"Article","@id":"https:\/\/mrnews.com.br\/index.php\/2025\/07\/13\/governo-vai-trabalhar-para-reverter-taxacao-dos-eua-diz-alckmin\/#article","isPartOf":{"@id":"https:\/\/mrnews.com.br\/index.php\/2025\/07\/13\/governo-vai-trabalhar-para-reverter-taxacao-dos-eua-diz-alckmin\/"},"author":{"name":"MR News","@id":"https:\/\/mrnews.com.br\/#\/schema\/person\/be3203154562a9f207407861cef7827b"},"headline":"Governo vai trabalhar para reverter taxa\u00e7\u00e3o dos EUA, diz Alckmin","datePublished":"2025-07-13T17:51:34+00:00","mainEntityOfPage":{"@id":"https:\/\/mrnews.com.br\/index.php\/2025\/07\/13\/governo-vai-trabalhar-para-reverter-taxacao-dos-eua-diz-alckmin\/"},"wordCount":674,"commentCount":0,"publisher":{"@id":"https:\/\/mrnews.com.br\/#organization"},"articleSection":["ENTRETENIMENTO","NOTICIAS","SERVI\u00c7OS"],"inLanguage":"pt-BR","potentialAction":[{"@type":"CommentAction","name":"Comment","target":["https:\/\/mrnews.com.br\/index.php\/2025\/07\/13\/governo-vai-trabalhar-para-reverter-taxacao-dos-eua-diz-alckmin\/#respond"]}]},{"@type":"WebPage","@id":"https:\/\/mrnews.com.br\/index.php\/2025\/07\/13\/governo-vai-trabalhar-para-reverter-taxacao-dos-eua-diz-alckmin\/","url":"https:\/\/mrnews.com.br\/index.php\/2025\/07\/13\/governo-vai-trabalhar-para-reverter-taxacao-dos-eua-diz-alckmin\/","name":"Governo vai trabalhar para reverter taxa\u00e7\u00e3o dos EUA, diz Alckmin","isPartOf":{"@id":"https:\/\/mrnews.com.br\/#website"},"datePublished":"2025-07-13T17:51:34+00:00","breadcrumb":{"@id":"https:\/\/mrnews.com.br\/index.php\/2025\/07\/13\/governo-vai-trabalhar-para-reverter-taxacao-dos-eua-diz-alckmin\/#breadcrumb"},"inLanguage":"pt-BR","potentialAction":[{"@type":"ReadAction","target":["https:\/\/mrnews.com.br\/index.php\/2025\/07\/13\/governo-vai-trabalhar-para-reverter-taxacao-dos-eua-diz-alckmin\/"]}]},{"@type":"BreadcrumbList","@id":"https:\/\/mrnews.com.br\/index.php\/2025\/07\/13\/governo-vai-trabalhar-para-reverter-taxacao-dos-eua-diz-alckmin\/#breadcrumb","itemListElement":[{"@type":"ListItem","position":1,"name":"In\u00edcio","item":"https:\/\/mrnews.com.br\/"},{"@type":"ListItem","position":2,"name":"Governo vai trabalhar para reverter taxa\u00e7\u00e3o dos EUA, diz Alckmin"}]},{"@type":"WebSite","@id":"https:\/\/mrnews.com.br\/#website","url":"https:\/\/mrnews.com.br\/","name":"MRNews","description":"MRNews Jogos de hoje da TV, transmiss\u00f5es ao vivo, Not\u00edcias de futebol, Jogos ao vivo, Lives, resumo de novelas, Programa\u00e7\u00e3o da Globo, A Fazenda e BBB","publisher":{"@id":"https:\/\/mrnews.com.br\/#organization"},"potentialAction":[{"@type":"SearchAction","target":{"@type":"EntryPoint","urlTemplate":"https:\/\/mrnews.com.br\/?s={search_term_string}"},"query-input":{"@type":"PropertyValueSpecification","valueRequired":true,"valueName":"search_term_string"}}],"inLanguage":"pt-BR"},{"@type":"Organization","@id":"https:\/\/mrnews.com.br\/#organization","name":"MRNews","url":"https:\/\/mrnews.com.br\/","logo":{"@type":"ImageObject","inLanguage":"pt-BR","@id":"https:\/\/mrnews.com.br\/#\/schema\/logo\/image\/","url":"https:\/\/mrnews.com.br\/wp-content\/uploads\/2019\/06\/MRNewslogo2.png","contentUrl":"https:\/\/mrnews.com.br\/wp-content\/uploads\/2019\/06\/MRNewslogo2.png","width":223,"height":58,"caption":"MRNews"},"image":{"@id":"https:\/\/mrnews.com.br\/#\/schema\/logo\/image\/"},"sameAs":["https:\/\/www.facebook.com\/eaipahpah\/?locale2=pt_BR","https:\/\/x.com\/conspirou","https:\/\/www.instagram.com\/eai_pahpah","https:\/\/br.pinterest.com\/mrnewsn\/boards\/","https:\/\/www.youtube.com\/channel\/UCacgnpznQ61fifLWr1tQ-vA?view_as=subscriber"]},{"@type":"Person","@id":"https:\/\/mrnews.com.br\/#\/schema\/person\/be3203154562a9f207407861cef7827b","name":"MR News","image":{"@type":"ImageObject","inLanguage":"pt-BR","@id":"https:\/\/secure.gravatar.com\/avatar\/04084e6d73c042b8646e7c17b494073bf0ede3ea13c7105cfc45cbbbc28385a4?s=96&d=monsterid&r=g","url":"https:\/\/secure.gravatar.com\/avatar\/04084e6d73c042b8646e7c17b494073bf0ede3ea13c7105cfc45cbbbc28385a4?s=96&d=monsterid&r=g","contentUrl":"https:\/\/secure.gravatar.com\/avatar\/04084e6d73c042b8646e7c17b494073bf0ede3ea13c7105cfc45cbbbc28385a4?s=96&d=monsterid&r=g","caption":"MR News"},"description":"Especializado em jornalismo colaborativo pela FTP em n\u00edvel de p\u00f3s-gradua\u00e7\u00e3o. suporte@oimeliga.combr","sameAs":["HUGO R.","Admin"],"url":"https:\/\/mrnews.com.br\/index.php\/author\/admin\/"}]}},"jetpack_featured_media_url":"","jetpack_sharing_enabled":true,"jetpack_shortlink":"https:\/\/wp.me\/pa2Qf7-1S7o","amp_enabled":true,"_links":{"self":[{"href":"https:\/\/mrnews.com.br\/index.php\/wp-json\/wp\/v2\/posts\/446362","targetHints":{"allow":["GET"]}}],"collection":[{"href":"https:\/\/mrnews.com.br\/index.php\/wp-json\/wp\/v2\/posts"}],"about":[{"href":"https:\/\/mrnews.com.br\/index.php\/wp-json\/wp\/v2\/types\/post"}],"author":[{"embeddable":true,"href":"https:\/\/mrnews.com.br\/index.php\/wp-json\/wp\/v2\/users\/1"}],"replies":[{"embeddable":true,"href":"https:\/\/mrnews.com.br\/index.php\/wp-json\/wp\/v2\/comments?post=446362"}],"version-history":[{"count":0,"href":"https:\/\/mrnews.com.br\/index.php\/wp-json\/wp\/v2\/posts\/446362\/revisions"}],"wp:attachment":[{"href":"https:\/\/mrnews.com.br\/index.php\/wp-json\/wp\/v2\/media?parent=446362"}],"wp:term":[{"taxonomy":"category","embeddable":true,"href":"https:\/\/mrnews.com.br\/index.php\/wp-json\/wp\/v2\/categories?post=446362"},{"taxonomy":"post_tag","embeddable":true,"href":"https:\/\/mrnews.com.br\/index.php\/wp-json\/wp\/v2\/tags?post=446362"}],"curies":[{"name":"wp","href":"https:\/\/api.w.org\/{rel}","templated":true}]}}