{"id":446433,"date":"2025-07-16T17:07:35","date_gmt":"2025-07-16T20:07:35","guid":{"rendered":"https:\/\/mrnews.com.br\/index.php\/2025\/07\/16\/pirataria-e-fiscalizada-e-combatida-dizem-lojistas-da-25-de-marco\/"},"modified":"2025-07-16T17:07:35","modified_gmt":"2025-07-16T20:07:35","slug":"pirataria-e-fiscalizada-e-combatida-dizem-lojistas-da-25-de-marco","status":"publish","type":"post","link":"https:\/\/mrnews.com.br\/index.php\/2025\/07\/16\/pirataria-e-fiscalizada-e-combatida-dizem-lojistas-da-25-de-marco\/","title":{"rendered":"Pirataria \u00e9 fiscalizada e combatida, dizem lojistas da 25 de Mar\u00e7o"},"content":{"rendered":"<p>Por EBC, <\/p>\n<div>\n<p>Lojistas da Rua 25 de Mar\u00e7o, na capital paulista, disseram em nota que <strong>o com\u00e9rcio irregular no local, com a presen\u00e7a de produtos piratas, ocorre de forma pontual e \u00e9 continuamente fiscalizado e combatido pelos \u00f3rg\u00e3os p\u00fablicos competentes.<\/strong><\/p>\n<p>\u201cEsses casos n\u00e3o representam a imensa maioria dos lojistas da regi\u00e3o, que atuam de forma legal e transparente. Ressaltamos que estes produtos comercializados na regi\u00e3o s\u00e3o importados principalmente da China, e n\u00e3o possuem qualquer rela\u00e7\u00e3o com os Estados Unidos\u201d, disse em nota, nesta quarta-feira (16), a Uni\u00e3o dos Lojistas da 25 de Mar\u00e7o.<\/p>\n<p><strong>Os comerciantes da regi\u00e3o destacaram ainda que o local \u00e9 um dos maiores polos comerciais do pa\u00eds, reunindo mais de 3 mil estabelecimentos formais, \u201cque geram empregos, pagam impostos e oferecem produtos de qualidade para consumidores de todas as regi\u00f5es do Brasil\u201d.<\/strong><\/p>\n<p>Os Estados Unidos informaram ontem (15) que abriram uma investiga\u00e7\u00e3o comercial sobre supostas pr\u00e1ticas desleais do Brasil. A a\u00e7\u00e3o tem como alvos principais o Pix e a Rua 25 de Mar\u00e7o, em S\u00e3o Paulo.<\/p>\n<p>&gt;&gt; Siga o canal da <strong>Ag\u00eancia Brasil <\/strong>no WhatsApp<\/p>\n<p>A investiga\u00e7\u00e3o tem como objetivo, segundo o governo estadunidense, averiguar se o tratamento dado pelo Brasil ao com\u00e9rcio digital e servi\u00e7os de pagamento eletr\u00f4nico (Pix) onera ou restringe o com\u00e9rcio dos EUA. Sobre a Rua 25 de Mar\u00e7o, o escrit\u00f3rio afirma que a regi\u00e3o \u00e9 um dos maiores mercados de pirataria h\u00e1 d\u00e9cadas, apesar das opera\u00e7\u00f5es policiais.<\/p>\n<p>\u00a0<\/p>\n<div class=\"dnd-widget-wrapper context-cheio_8colunas type-image\">\n<div class=\"dnd-atom-rendered\"><!-- scald=431080:cheio_8colunas --><\/p>\n<p>    <!-- END scald=431080 --><\/div>\n<div class=\"dnd-caption-wrapper\">\n<p>Policiais na Rua 25 de Mar\u00e7o &#8211; <strong>Paulo Pinto\/Ag\u00eancia Brasil<\/strong><!--END copyright=431080--><\/p>\n<\/div>\n<\/div>\n<h2>Combate \u00e0 pirataria<\/h2>\n<p>De acordo com o Anu\u00e1rio da Falsifica\u00e7\u00e3o, da Associa\u00e7\u00e3o Brasileira de Combate \u00e0 Falsifica\u00e7\u00e3o (ABCF),<strong> foram realizadas no pa\u00eds, de janeiro de 2024 a janeiro de 2025, 1.587 opera\u00e7\u00f5es das pol\u00edcias Civil, Federal, Rodovi\u00e1ria Federal e da Receita Federal contra a pirataria.<\/strong><\/p>\n<p>Segundo o levantamento, as falsifica\u00e7\u00f5es, o contrabando e a pirataria geraram um preju\u00edzo de aproximadamente R$ 471 bilh\u00f5es ao pa\u00eds em perdas de arrecada\u00e7\u00e3o tribut\u00e1ria e\u00a0de faturamento das ind\u00fastrias legalmente estabelecidas.<\/p>\n<p>      <!-- Relacionada --><\/p>\n<p>            <!-- Relacionada -->\n    <\/div>\n","protected":false},"excerpt":{"rendered":"<p>Por EBC, Lojistas da Rua 25 de Mar\u00e7o, na capital paulista, disseram em nota que o com\u00e9rcio irregular no local, com a presen\u00e7a de produtos piratas, ocorre de forma pontual e \u00e9 continuamente fiscalizado e combatido pelos \u00f3rg\u00e3os p\u00fablicos competentes. \u201cEsses casos n\u00e3o representam a imensa maioria dos lojistas da regi\u00e3o, que atuam de forma &hellip;<\/p>\n","protected":false},"author":1,"featured_media":0,"comment_status":"open","ping_status":"open","sticky":false,"template":"","format":"standard","meta":{"_jetpack_memberships_contains_paid_content":false,"footnotes":""},"categories":[2,12225,4],"tags":[],"class_list":["post-446433","post","type-post","status-publish","format-standard","hentry","category-entretenimento","category-noticias","category-servicos"],"yoast_head":"<!-- This site is optimized with the Yoast SEO plugin v27.4 - https:\/\/yoast.com\/product\/yoast-seo-wordpress\/ -->\n<title>Pirataria \u00e9 fiscalizada e combatida, dizem lojistas da 25 de Mar\u00e7o<\/title>\n<meta name=\"robots\" content=\"index, follow, max-snippet:-1, max-image-preview:large, max-video-preview:-1\" \/>\n<link rel=\"canonical\" href=\"https:\/\/mrnews.com.br\/index.php\/2025\/07\/16\/pirataria-e-fiscalizada-e-combatida-dizem-lojistas-da-25-de-marco\/\" \/>\n<meta property=\"og:locale\" content=\"pt_BR\" \/>\n<meta property=\"og:type\" content=\"article\" \/>\n<meta property=\"og:title\" content=\"Pirataria \u00e9 fiscalizada e combatida, dizem lojistas da 25 de Mar\u00e7o\" \/>\n<meta property=\"og:description\" content=\"Por EBC, Lojistas da Rua 25 de Mar\u00e7o, na capital paulista, disseram em nota que o com\u00e9rcio irregular no local, com a presen\u00e7a de produtos piratas, ocorre de forma pontual e \u00e9 continuamente fiscalizado e combatido pelos \u00f3rg\u00e3os p\u00fablicos competentes. \u201cEsses casos n\u00e3o representam a imensa maioria dos lojistas da regi\u00e3o, que atuam de forma &hellip;\" \/>\n<meta property=\"og:url\" content=\"https:\/\/mrnews.com.br\/index.php\/2025\/07\/16\/pirataria-e-fiscalizada-e-combatida-dizem-lojistas-da-25-de-marco\/\" \/>\n<meta property=\"og:site_name\" content=\"MRNews\" \/>\n<meta property=\"article:publisher\" content=\"https:\/\/www.facebook.com\/eaipahpah\/?locale2=pt_BR\" \/>\n<meta property=\"article:published_time\" content=\"2025-07-16T20:07:35+00:00\" \/>\n<meta name=\"author\" content=\"MR News\" \/>\n<meta name=\"twitter:card\" content=\"summary_large_image\" \/>\n<meta name=\"twitter:creator\" content=\"@conspirou\" \/>\n<meta name=\"twitter:site\" content=\"@conspirou\" \/>\n<meta name=\"twitter:label1\" content=\"Escrito por\" \/>\n\t<meta name=\"twitter:data1\" content=\"MR News\" \/>\n\t<meta name=\"twitter:label2\" content=\"Est. tempo de leitura\" \/>\n\t<meta name=\"twitter:data2\" content=\"2 minutos\" \/>\n<script type=\"application\/ld+json\" class=\"yoast-schema-graph\">{\"@context\":\"https:\\\/\\\/schema.org\",\"@graph\":[{\"@type\":\"Article\",\"@id\":\"https:\\\/\\\/mrnews.com.br\\\/index.php\\\/2025\\\/07\\\/16\\\/pirataria-e-fiscalizada-e-combatida-dizem-lojistas-da-25-de-marco\\\/#article\",\"isPartOf\":{\"@id\":\"https:\\\/\\\/mrnews.com.br\\\/index.php\\\/2025\\\/07\\\/16\\\/pirataria-e-fiscalizada-e-combatida-dizem-lojistas-da-25-de-marco\\\/\"},\"author\":{\"name\":\"MR News\",\"@id\":\"https:\\\/\\\/mrnews.com.br\\\/#\\\/schema\\\/person\\\/be3203154562a9f207407861cef7827b\"},\"headline\":\"Pirataria \u00e9 fiscalizada e combatida, dizem lojistas da 25 de Mar\u00e7o\",\"datePublished\":\"2025-07-16T20:07:35+00:00\",\"mainEntityOfPage\":{\"@id\":\"https:\\\/\\\/mrnews.com.br\\\/index.php\\\/2025\\\/07\\\/16\\\/pirataria-e-fiscalizada-e-combatida-dizem-lojistas-da-25-de-marco\\\/\"},\"wordCount\":366,\"commentCount\":0,\"publisher\":{\"@id\":\"https:\\\/\\\/mrnews.com.br\\\/#organization\"},\"articleSection\":[\"ENTRETENIMENTO\",\"NOTICIAS\",\"SERVI\u00c7OS\"],\"inLanguage\":\"pt-BR\",\"potentialAction\":[{\"@type\":\"CommentAction\",\"name\":\"Comment\",\"target\":[\"https:\\\/\\\/mrnews.com.br\\\/index.php\\\/2025\\\/07\\\/16\\\/pirataria-e-fiscalizada-e-combatida-dizem-lojistas-da-25-de-marco\\\/#respond\"]}]},{\"@type\":\"WebPage\",\"@id\":\"https:\\\/\\\/mrnews.com.br\\\/index.php\\\/2025\\\/07\\\/16\\\/pirataria-e-fiscalizada-e-combatida-dizem-lojistas-da-25-de-marco\\\/\",\"url\":\"https:\\\/\\\/mrnews.com.br\\\/index.php\\\/2025\\\/07\\\/16\\\/pirataria-e-fiscalizada-e-combatida-dizem-lojistas-da-25-de-marco\\\/\",\"name\":\"Pirataria \u00e9 fiscalizada e combatida, dizem lojistas da 25 de Mar\u00e7o\",\"isPartOf\":{\"@id\":\"https:\\\/\\\/mrnews.com.br\\\/#website\"},\"datePublished\":\"2025-07-16T20:07:35+00:00\",\"breadcrumb\":{\"@id\":\"https:\\\/\\\/mrnews.com.br\\\/index.php\\\/2025\\\/07\\\/16\\\/pirataria-e-fiscalizada-e-combatida-dizem-lojistas-da-25-de-marco\\\/#breadcrumb\"},\"inLanguage\":\"pt-BR\",\"potentialAction\":[{\"@type\":\"ReadAction\",\"target\":[\"https:\\\/\\\/mrnews.com.br\\\/index.php\\\/2025\\\/07\\\/16\\\/pirataria-e-fiscalizada-e-combatida-dizem-lojistas-da-25-de-marco\\\/\"]}]},{\"@type\":\"BreadcrumbList\",\"@id\":\"https:\\\/\\\/mrnews.com.br\\\/index.php\\\/2025\\\/07\\\/16\\\/pirataria-e-fiscalizada-e-combatida-dizem-lojistas-da-25-de-marco\\\/#breadcrumb\",\"itemListElement\":[{\"@type\":\"ListItem\",\"position\":1,\"name\":\"In\u00edcio\",\"item\":\"https:\\\/\\\/mrnews.com.br\\\/\"},{\"@type\":\"ListItem\",\"position\":2,\"name\":\"Pirataria \u00e9 fiscalizada e combatida, dizem lojistas da 25 de Mar\u00e7o\"}]},{\"@type\":\"WebSite\",\"@id\":\"https:\\\/\\\/mrnews.com.br\\\/#website\",\"url\":\"https:\\\/\\\/mrnews.com.br\\\/\",\"name\":\"MRNews\",\"description\":\"MRNews Jogos de hoje da TV, transmiss\u00f5es ao vivo, Not\u00edcias de futebol, Jogos ao vivo, Lives, resumo de novelas, Programa\u00e7\u00e3o da Globo, A Fazenda e BBB\",\"publisher\":{\"@id\":\"https:\\\/\\\/mrnews.com.br\\\/#organization\"},\"potentialAction\":[{\"@type\":\"SearchAction\",\"target\":{\"@type\":\"EntryPoint\",\"urlTemplate\":\"https:\\\/\\\/mrnews.com.br\\\/?s={search_term_string}\"},\"query-input\":{\"@type\":\"PropertyValueSpecification\",\"valueRequired\":true,\"valueName\":\"search_term_string\"}}],\"inLanguage\":\"pt-BR\"},{\"@type\":\"Organization\",\"@id\":\"https:\\\/\\\/mrnews.com.br\\\/#organization\",\"name\":\"MRNews\",\"url\":\"https:\\\/\\\/mrnews.com.br\\\/\",\"logo\":{\"@type\":\"ImageObject\",\"inLanguage\":\"pt-BR\",\"@id\":\"https:\\\/\\\/mrnews.com.br\\\/#\\\/schema\\\/logo\\\/image\\\/\",\"url\":\"https:\\\/\\\/mrnews.com.br\\\/wp-content\\\/uploads\\\/2019\\\/06\\\/MRNewslogo2.png\",\"contentUrl\":\"https:\\\/\\\/mrnews.com.br\\\/wp-content\\\/uploads\\\/2019\\\/06\\\/MRNewslogo2.png\",\"width\":223,\"height\":58,\"caption\":\"MRNews\"},\"image\":{\"@id\":\"https:\\\/\\\/mrnews.com.br\\\/#\\\/schema\\\/logo\\\/image\\\/\"},\"sameAs\":[\"https:\\\/\\\/www.facebook.com\\\/eaipahpah\\\/?locale2=pt_BR\",\"https:\\\/\\\/x.com\\\/conspirou\",\"https:\\\/\\\/www.instagram.com\\\/eai_pahpah\",\"https:\\\/\\\/br.pinterest.com\\\/mrnewsn\\\/boards\\\/\",\"https:\\\/\\\/www.youtube.com\\\/channel\\\/UCacgnpznQ61fifLWr1tQ-vA?view_as=subscriber\"]},{\"@type\":\"Person\",\"@id\":\"https:\\\/\\\/mrnews.com.br\\\/#\\\/schema\\\/person\\\/be3203154562a9f207407861cef7827b\",\"name\":\"MR News\",\"image\":{\"@type\":\"ImageObject\",\"inLanguage\":\"pt-BR\",\"@id\":\"https:\\\/\\\/secure.gravatar.com\\\/avatar\\\/04084e6d73c042b8646e7c17b494073bf0ede3ea13c7105cfc45cbbbc28385a4?s=96&d=monsterid&r=g\",\"url\":\"https:\\\/\\\/secure.gravatar.com\\\/avatar\\\/04084e6d73c042b8646e7c17b494073bf0ede3ea13c7105cfc45cbbbc28385a4?s=96&d=monsterid&r=g\",\"contentUrl\":\"https:\\\/\\\/secure.gravatar.com\\\/avatar\\\/04084e6d73c042b8646e7c17b494073bf0ede3ea13c7105cfc45cbbbc28385a4?s=96&d=monsterid&r=g\",\"caption\":\"MR News\"},\"description\":\"Especializado em jornalismo colaborativo pela FTP em n\u00edvel de p\u00f3s-gradua\u00e7\u00e3o. suporte@oimeliga.combr\",\"sameAs\":[\"HUGO R.\",\"Admin\"],\"url\":\"https:\\\/\\\/mrnews.com.br\\\/index.php\\\/author\\\/admin\\\/\"}]}<\/script>\n<!-- \/ Yoast SEO plugin. -->","yoast_head_json":{"title":"Pirataria \u00e9 fiscalizada e combatida, dizem lojistas da 25 de Mar\u00e7o","robots":{"index":"index","follow":"follow","max-snippet":"max-snippet:-1","max-image-preview":"max-image-preview:large","max-video-preview":"max-video-preview:-1"},"canonical":"https:\/\/mrnews.com.br\/index.php\/2025\/07\/16\/pirataria-e-fiscalizada-e-combatida-dizem-lojistas-da-25-de-marco\/","og_locale":"pt_BR","og_type":"article","og_title":"Pirataria \u00e9 fiscalizada e combatida, dizem lojistas da 25 de Mar\u00e7o","og_description":"Por EBC, Lojistas da Rua 25 de Mar\u00e7o, na capital paulista, disseram em nota que o com\u00e9rcio irregular no local, com a presen\u00e7a de produtos piratas, ocorre de forma pontual e \u00e9 continuamente fiscalizado e combatido pelos \u00f3rg\u00e3os p\u00fablicos competentes. \u201cEsses casos n\u00e3o representam a imensa maioria dos lojistas da regi\u00e3o, que atuam de forma &hellip;","og_url":"https:\/\/mrnews.com.br\/index.php\/2025\/07\/16\/pirataria-e-fiscalizada-e-combatida-dizem-lojistas-da-25-de-marco\/","og_site_name":"MRNews","article_publisher":"https:\/\/www.facebook.com\/eaipahpah\/?locale2=pt_BR","article_published_time":"2025-07-16T20:07:35+00:00","author":"MR News","twitter_card":"summary_large_image","twitter_creator":"@conspirou","twitter_site":"@conspirou","twitter_misc":{"Escrito por":"MR News","Est. tempo de leitura":"2 minutos"},"schema":{"@context":"https:\/\/schema.org","@graph":[{"@type":"Article","@id":"https:\/\/mrnews.com.br\/index.php\/2025\/07\/16\/pirataria-e-fiscalizada-e-combatida-dizem-lojistas-da-25-de-marco\/#article","isPartOf":{"@id":"https:\/\/mrnews.com.br\/index.php\/2025\/07\/16\/pirataria-e-fiscalizada-e-combatida-dizem-lojistas-da-25-de-marco\/"},"author":{"name":"MR News","@id":"https:\/\/mrnews.com.br\/#\/schema\/person\/be3203154562a9f207407861cef7827b"},"headline":"Pirataria \u00e9 fiscalizada e combatida, dizem lojistas da 25 de Mar\u00e7o","datePublished":"2025-07-16T20:07:35+00:00","mainEntityOfPage":{"@id":"https:\/\/mrnews.com.br\/index.php\/2025\/07\/16\/pirataria-e-fiscalizada-e-combatida-dizem-lojistas-da-25-de-marco\/"},"wordCount":366,"commentCount":0,"publisher":{"@id":"https:\/\/mrnews.com.br\/#organization"},"articleSection":["ENTRETENIMENTO","NOTICIAS","SERVI\u00c7OS"],"inLanguage":"pt-BR","potentialAction":[{"@type":"CommentAction","name":"Comment","target":["https:\/\/mrnews.com.br\/index.php\/2025\/07\/16\/pirataria-e-fiscalizada-e-combatida-dizem-lojistas-da-25-de-marco\/#respond"]}]},{"@type":"WebPage","@id":"https:\/\/mrnews.com.br\/index.php\/2025\/07\/16\/pirataria-e-fiscalizada-e-combatida-dizem-lojistas-da-25-de-marco\/","url":"https:\/\/mrnews.com.br\/index.php\/2025\/07\/16\/pirataria-e-fiscalizada-e-combatida-dizem-lojistas-da-25-de-marco\/","name":"Pirataria \u00e9 fiscalizada e combatida, dizem lojistas da 25 de Mar\u00e7o","isPartOf":{"@id":"https:\/\/mrnews.com.br\/#website"},"datePublished":"2025-07-16T20:07:35+00:00","breadcrumb":{"@id":"https:\/\/mrnews.com.br\/index.php\/2025\/07\/16\/pirataria-e-fiscalizada-e-combatida-dizem-lojistas-da-25-de-marco\/#breadcrumb"},"inLanguage":"pt-BR","potentialAction":[{"@type":"ReadAction","target":["https:\/\/mrnews.com.br\/index.php\/2025\/07\/16\/pirataria-e-fiscalizada-e-combatida-dizem-lojistas-da-25-de-marco\/"]}]},{"@type":"BreadcrumbList","@id":"https:\/\/mrnews.com.br\/index.php\/2025\/07\/16\/pirataria-e-fiscalizada-e-combatida-dizem-lojistas-da-25-de-marco\/#breadcrumb","itemListElement":[{"@type":"ListItem","position":1,"name":"In\u00edcio","item":"https:\/\/mrnews.com.br\/"},{"@type":"ListItem","position":2,"name":"Pirataria \u00e9 fiscalizada e combatida, dizem lojistas da 25 de Mar\u00e7o"}]},{"@type":"WebSite","@id":"https:\/\/mrnews.com.br\/#website","url":"https:\/\/mrnews.com.br\/","name":"MRNews","description":"MRNews Jogos de hoje da TV, transmiss\u00f5es ao vivo, Not\u00edcias de futebol, Jogos ao vivo, Lives, resumo de novelas, Programa\u00e7\u00e3o da Globo, A Fazenda e BBB","publisher":{"@id":"https:\/\/mrnews.com.br\/#organization"},"potentialAction":[{"@type":"SearchAction","target":{"@type":"EntryPoint","urlTemplate":"https:\/\/mrnews.com.br\/?s={search_term_string}"},"query-input":{"@type":"PropertyValueSpecification","valueRequired":true,"valueName":"search_term_string"}}],"inLanguage":"pt-BR"},{"@type":"Organization","@id":"https:\/\/mrnews.com.br\/#organization","name":"MRNews","url":"https:\/\/mrnews.com.br\/","logo":{"@type":"ImageObject","inLanguage":"pt-BR","@id":"https:\/\/mrnews.com.br\/#\/schema\/logo\/image\/","url":"https:\/\/mrnews.com.br\/wp-content\/uploads\/2019\/06\/MRNewslogo2.png","contentUrl":"https:\/\/mrnews.com.br\/wp-content\/uploads\/2019\/06\/MRNewslogo2.png","width":223,"height":58,"caption":"MRNews"},"image":{"@id":"https:\/\/mrnews.com.br\/#\/schema\/logo\/image\/"},"sameAs":["https:\/\/www.facebook.com\/eaipahpah\/?locale2=pt_BR","https:\/\/x.com\/conspirou","https:\/\/www.instagram.com\/eai_pahpah","https:\/\/br.pinterest.com\/mrnewsn\/boards\/","https:\/\/www.youtube.com\/channel\/UCacgnpznQ61fifLWr1tQ-vA?view_as=subscriber"]},{"@type":"Person","@id":"https:\/\/mrnews.com.br\/#\/schema\/person\/be3203154562a9f207407861cef7827b","name":"MR News","image":{"@type":"ImageObject","inLanguage":"pt-BR","@id":"https:\/\/secure.gravatar.com\/avatar\/04084e6d73c042b8646e7c17b494073bf0ede3ea13c7105cfc45cbbbc28385a4?s=96&d=monsterid&r=g","url":"https:\/\/secure.gravatar.com\/avatar\/04084e6d73c042b8646e7c17b494073bf0ede3ea13c7105cfc45cbbbc28385a4?s=96&d=monsterid&r=g","contentUrl":"https:\/\/secure.gravatar.com\/avatar\/04084e6d73c042b8646e7c17b494073bf0ede3ea13c7105cfc45cbbbc28385a4?s=96&d=monsterid&r=g","caption":"MR News"},"description":"Especializado em jornalismo colaborativo pela FTP em n\u00edvel de p\u00f3s-gradua\u00e7\u00e3o. suporte@oimeliga.combr","sameAs":["HUGO R.","Admin"],"url":"https:\/\/mrnews.com.br\/index.php\/author\/admin\/"}]}},"jetpack_featured_media_url":"","jetpack_sharing_enabled":true,"jetpack_shortlink":"https:\/\/wp.me\/pa2Qf7-1S8x","amp_enabled":true,"_links":{"self":[{"href":"https:\/\/mrnews.com.br\/index.php\/wp-json\/wp\/v2\/posts\/446433","targetHints":{"allow":["GET"]}}],"collection":[{"href":"https:\/\/mrnews.com.br\/index.php\/wp-json\/wp\/v2\/posts"}],"about":[{"href":"https:\/\/mrnews.com.br\/index.php\/wp-json\/wp\/v2\/types\/post"}],"author":[{"embeddable":true,"href":"https:\/\/mrnews.com.br\/index.php\/wp-json\/wp\/v2\/users\/1"}],"replies":[{"embeddable":true,"href":"https:\/\/mrnews.com.br\/index.php\/wp-json\/wp\/v2\/comments?post=446433"}],"version-history":[{"count":0,"href":"https:\/\/mrnews.com.br\/index.php\/wp-json\/wp\/v2\/posts\/446433\/revisions"}],"wp:attachment":[{"href":"https:\/\/mrnews.com.br\/index.php\/wp-json\/wp\/v2\/media?parent=446433"}],"wp:term":[{"taxonomy":"category","embeddable":true,"href":"https:\/\/mrnews.com.br\/index.php\/wp-json\/wp\/v2\/categories?post=446433"},{"taxonomy":"post_tag","embeddable":true,"href":"https:\/\/mrnews.com.br\/index.php\/wp-json\/wp\/v2\/tags?post=446433"}],"curies":[{"name":"wp","href":"https:\/\/api.w.org\/{rel}","templated":true}]}}