{"id":446480,"date":"2025-07-17T22:33:34","date_gmt":"2025-07-18T01:33:34","guid":{"rendered":"https:\/\/mrnews.com.br\/index.php\/2025\/07\/17\/em-pronunciamento-lula-diz-que-tarifaco-e-chantagem-inaceitavel\/"},"modified":"2025-07-17T22:33:34","modified_gmt":"2025-07-18T01:33:34","slug":"em-pronunciamento-lula-diz-que-tarifaco-e-chantagem-inaceitavel","status":"publish","type":"post","link":"https:\/\/mrnews.com.br\/index.php\/2025\/07\/17\/em-pronunciamento-lula-diz-que-tarifaco-e-chantagem-inaceitavel\/","title":{"rendered":"Em pronunciamento, Lula diz que tarifa\u00e7o \u00e9 &#8220;chantagem inaceit\u00e1vel&#8221;"},"content":{"rendered":"<p>Por EBC, <\/p>\n<div>\n<p>O presidente <strong>Luiz In\u00e1cio Lula da Silva ressaltou a separa\u00e7\u00e3o dos Poderes e disse que ningu\u00e9m est\u00e1 acima da lei<\/strong>, em pronunciamento em cadeia nacional de r\u00e1dio e televis\u00e3o. Em discurso de cinco minutos, o <strong>presidente afirmou que responder\u00e1 com diplomacia e multilateralismo \u00e0s amea\u00e7as do governo de Donald Trump <\/strong>de impor uma tarifa de 50% a produtos brasileiros nos Estados Unidos, que <strong>classificou de &#8220;chantagem inaceit\u00e1vel&#8221;<\/strong>.\u00a0<\/p>\n<p>Sem citar diretamente o ex-presidente Jair Bolsonaro, cujo julgamento foi citado nas cartas recentes de Trump para justificar o tarifa\u00e7o, Lula disse que as institui\u00e7\u00f5es agem para proteger a sociedade da amea\u00e7a de discursos de \u00f3dio e antici\u00eancia difundidos pelas redes digitais.<\/p>\n<p>\u201cNo Brasil, ningu\u00e9m \u2014 ningu\u00e9m \u2014 est\u00e1 acima da lei. \u00c9 preciso proteger as fam\u00edlias brasileiras de indiv\u00edduos e organiza\u00e7\u00f5es que se utilizam das redes digitais para promover golpes e fraudes, cometer crime de racismo, incentivar a viol\u00eancia contra as mulheres e atacar a democracia, al\u00e9m de alimentar o \u00f3dio, viol\u00eancia e bullying entre crian\u00e7as e adolescentes, em alguns casos levando \u00e0 morte, e desacreditar as vacinas, trazendo de volta doen\u00e7as h\u00e1 muito tempo erradicadas\u201d, declarou o presidente.<\/p>\n<p>Destacando a independ\u00eancia do Judici\u00e1rio, o presidente disse que n\u00e3o pode interferir em decis\u00f5es de outros Poderes.<\/p>\n<p>\u201cContamos com um Poder Judici\u00e1rio independente. No Brasil, respeitamos o devido processo legal, os princ\u00edpios da presun\u00e7\u00e3o da inoc\u00eancia, do contradit\u00f3rio e da ampla defesa. Tentar interferir na justi\u00e7a brasileira \u00e9 um grave atentado \u00e0 soberania nacional\u201d, acrescentou.<\/p>\n<h2>&#8220;Chantagem inaceit\u00e1vel&#8221;<\/h2>\n<p>Lula ressaltou que o Brasil sempre esteve aberto ao di\u00e1logo e tenta negociar com os Estados Unidos desde maio, quando o governo Donald Trump imp\u00f4s uma tarifa de 10% aos produtos brasileiros. O <strong>presidente classificou de \u201cchantagem\u201d o uso de informa\u00e7\u00f5es econ\u00f4micas falsas para justificar as amea\u00e7as do governo estadunidense.<\/strong><\/p>\n<blockquote>\n<p>\u201cFizemos mais de 10 reuni\u00f5es com o governo dos Estados Unidos, e encaminhamos, em 16 de maio, uma proposta de negocia\u00e7\u00e3o. Esper\u00e1vamos uma resposta, e o que veio foi uma chantagem inaceit\u00e1vel, em forma de amea\u00e7as \u00e0s institui\u00e7\u00f5es brasileiras, e com informa\u00e7\u00f5es falsas sobre o com\u00e9rcio entre o Brasil e os Estados Unidos\u201d, declarou.<\/p>\n<\/blockquote>\n<p>Afirmou que o governo est\u00e1 se reunindo com representantes dos setores produtivos, da sociedade civil e dos sindicatos para tentar negociar com os Estados Unidos. Segundo Lula, essa \u00e9 uma grande a\u00e7\u00e3o que diversos segmentos da economia, como a ind\u00fastria, o com\u00e9rcio, o setor de servi\u00e7os, o setor agr\u00edcola e os trabalhadores.<\/p>\n<p>Lula destacou que o Brasil responder\u00e1 aos ataques do governo Trump por meio da diplomacia, do com\u00e9rcio e do multilateralismo. \u201cEstamos juntos na defesa do Brasil. E faremos isso de cabe\u00e7a erguida, seguindo o exemplo de cada brasileiro e cada brasileira que acorda cedo, e vai \u00e0 luta para trabalhar, cuidar da fam\u00edlia e ajudar o Brasil a crescer. Seguiremos apostando nas boas rela\u00e7\u00f5es diplom\u00e1ticas e comerciais, n\u00e3o apenas com os Estados Unidos, mas com todos os pa\u00edses do mundo\u201d, acrescentou.<\/p>\n<p>Lula lembrou que, em dois anos e meio de governo, o Brasil abriu 379 novos mercados para os produtos brasileiros no exterior. Reafirmou que o governo pode usar todos os instrumentos legais para defender a economia, como recursos \u00e0 Organiza\u00e7\u00e3o Mundial do Com\u00e9rcio at\u00e9 a Lei da Reciprocidade, aprovada pelo Congresso Nacional.<\/p>\n<h2>&#8220;Traidores da p\u00e1tria&#8221;<\/h2>\n<p>O presidente <strong>manifestou indigna\u00e7\u00e3o pelo apoio de alguns grupos pol\u00edticos ao ataque tarif\u00e1rio do governo Trump<\/strong>.<\/p>\n<blockquote>\n<p>\u201cMinha indigna\u00e7\u00e3o \u00e9 ainda maior por saber que esse ataque ao Brasil tem o apoio de alguns pol\u00edticos brasileiros. S\u00e3o verdadeiros traidores da p\u00e1tria. Apostam no quanto pior, melhor. N\u00e3o se importam com a economia do pa\u00eds e os danos causados ao nosso povo\u201d, declarou.<\/p>\n<\/blockquote>\n<h2>Big techs<\/h2>\n<p>O presidente acrescentou que a fiscaliza\u00e7\u00e3o das plataformas digitais estrangeiras, um dos itens citados por Trump para justificar a imposi\u00e7\u00e3o da tarifa, tem como objetivo defender a soberania nacional. Ele ressaltou que todas as empresas que operam no Brasil s\u00e3o obrigadas a cumprir a legisla\u00e7\u00e3o brasileira.<\/p>\n<p>\u201cA defesa da nossa soberania tamb\u00e9m se aplica \u00e0 atua\u00e7\u00e3o das plataformas digitais estrangeiras no Brasil. Para operar no nosso pa\u00eds, todas as empresas nacionais e estrangeiras s\u00e3o obrigadas a cumprir as regras\u201d, destacou.<\/p>\n<h2>Pix<\/h2>\n<p>Sobre as reclama\u00e7\u00f5es do governo de Trump ao Pix,<strong> Lula disse que o governo n\u00e3o aceitar\u00e1 ataques ao sistema de transfer\u00eancias instant\u00e2neas, que classificou como um patrim\u00f4nio do pa\u00eds<\/strong>.<\/p>\n<blockquote>\n<p>\u201cO Pix \u00e9 do Brasil. N\u00e3o aceitaremos ataques ao Pix, que \u00e9 um patrim\u00f4nio do nosso povo. Temos um dos sistemas de pagamento mais avan\u00e7ados do mundo, e vamos proteg\u00ea-lo\u201d, comentou.<\/p>\n<\/blockquote>\n<h2>N\u00fameros<\/h2>\n<p>O presidente apresentou n\u00fameros para desmentir as alega\u00e7\u00f5es do governo norte-americano sobre supostas pr\u00e1ticas comerciais desleais por parte do Brasil.<\/p>\n<p>\u201cA primeira v\u00edtima de um mundo sem regras \u00e9 a verdade. S\u00e3o falsas as alega\u00e7\u00f5es sobre pr\u00e1ticas comerciais desleais brasileiras. Os Estados Unidos acumulam, h\u00e1 mais de 15 anos, robusto super\u00e1vit comercial de US$ 410 bilh\u00f5es [com o Brasil]\u201d, declarou.<\/p>\n<p>Em rela\u00e7\u00e3o ao desmatamento, usado nas alega\u00e7\u00f5es de Trump para amea\u00e7ar o pa\u00eds, Lula lembrou que o Brasil atualmente \u00e9 refer\u00eancia mundial na defesa do meio ambiente. \u201cEm dois anos, j\u00e1 reduzimos pela metade o desmatamento da Amaz\u00f4nia. E estamos trabalhando para zerar o desmatamento at\u00e9 2030\u201d, afirmou.<\/p>\n<p>\u201cN\u00e3o h\u00e1 vencedores em guerras tarif\u00e1rias. Somos um pa\u00eds de paz, sem inimigos. Acreditamos no multilateralismo e na coopera\u00e7\u00e3o entre as na\u00e7\u00f5es. Mas que ningu\u00e9m se esque\u00e7a: o Brasil tem um \u00fanico dono: o povo brasileiro\u201d, concluiu Lula, ao terminar o pronunciamento.<\/p>\n<p>      <!-- Relacionada --><\/p>\n<p>            <!-- Relacionada -->\n    <\/div>\n","protected":false},"excerpt":{"rendered":"<p>Por EBC, O presidente Luiz In\u00e1cio Lula da Silva ressaltou a separa\u00e7\u00e3o dos Poderes e disse que ningu\u00e9m est\u00e1 acima da lei, em pronunciamento em cadeia nacional de r\u00e1dio e televis\u00e3o. Em discurso de cinco minutos, o presidente afirmou que responder\u00e1 com diplomacia e multilateralismo \u00e0s amea\u00e7as do governo de Donald Trump de impor uma &hellip;<\/p>\n","protected":false},"author":1,"featured_media":0,"comment_status":"open","ping_status":"open","sticky":false,"template":"","format":"standard","meta":{"_jetpack_memberships_contains_paid_content":false,"footnotes":""},"categories":[2,12225,4],"tags":[],"class_list":["post-446480","post","type-post","status-publish","format-standard","hentry","category-entretenimento","category-noticias","category-servicos"],"yoast_head":"<!-- This site is optimized with the Yoast SEO plugin v27.4 - https:\/\/yoast.com\/product\/yoast-seo-wordpress\/ -->\n<title>Em pronunciamento, Lula diz que tarifa\u00e7o \u00e9 &quot;chantagem inaceit\u00e1vel&quot;<\/title>\n<meta name=\"robots\" content=\"index, follow, max-snippet:-1, max-image-preview:large, max-video-preview:-1\" \/>\n<link rel=\"canonical\" href=\"https:\/\/mrnews.com.br\/index.php\/2025\/07\/17\/em-pronunciamento-lula-diz-que-tarifaco-e-chantagem-inaceitavel\/\" \/>\n<meta property=\"og:locale\" content=\"pt_BR\" \/>\n<meta property=\"og:type\" content=\"article\" \/>\n<meta property=\"og:title\" content=\"Em pronunciamento, Lula diz que tarifa\u00e7o \u00e9 &quot;chantagem inaceit\u00e1vel&quot;\" \/>\n<meta property=\"og:description\" content=\"Por EBC, O presidente Luiz In\u00e1cio Lula da Silva ressaltou a separa\u00e7\u00e3o dos Poderes e disse que ningu\u00e9m est\u00e1 acima da lei, em pronunciamento em cadeia nacional de r\u00e1dio e televis\u00e3o. Em discurso de cinco minutos, o presidente afirmou que responder\u00e1 com diplomacia e multilateralismo \u00e0s amea\u00e7as do governo de Donald Trump de impor uma &hellip;\" \/>\n<meta property=\"og:url\" content=\"https:\/\/mrnews.com.br\/index.php\/2025\/07\/17\/em-pronunciamento-lula-diz-que-tarifaco-e-chantagem-inaceitavel\/\" \/>\n<meta property=\"og:site_name\" content=\"MRNews\" \/>\n<meta property=\"article:publisher\" content=\"https:\/\/www.facebook.com\/eaipahpah\/?locale2=pt_BR\" \/>\n<meta property=\"article:published_time\" content=\"2025-07-18T01:33:34+00:00\" \/>\n<meta name=\"author\" content=\"MR News\" \/>\n<meta name=\"twitter:card\" content=\"summary_large_image\" \/>\n<meta name=\"twitter:creator\" content=\"@conspirou\" \/>\n<meta name=\"twitter:site\" content=\"@conspirou\" \/>\n<meta name=\"twitter:label1\" content=\"Escrito por\" \/>\n\t<meta name=\"twitter:data1\" content=\"MR News\" \/>\n\t<meta name=\"twitter:label2\" content=\"Est. tempo de leitura\" \/>\n\t<meta name=\"twitter:data2\" content=\"5 minutos\" \/>\n<script type=\"application\/ld+json\" class=\"yoast-schema-graph\">{\"@context\":\"https:\\\/\\\/schema.org\",\"@graph\":[{\"@type\":\"Article\",\"@id\":\"https:\\\/\\\/mrnews.com.br\\\/index.php\\\/2025\\\/07\\\/17\\\/em-pronunciamento-lula-diz-que-tarifaco-e-chantagem-inaceitavel\\\/#article\",\"isPartOf\":{\"@id\":\"https:\\\/\\\/mrnews.com.br\\\/index.php\\\/2025\\\/07\\\/17\\\/em-pronunciamento-lula-diz-que-tarifaco-e-chantagem-inaceitavel\\\/\"},\"author\":{\"name\":\"MR News\",\"@id\":\"https:\\\/\\\/mrnews.com.br\\\/#\\\/schema\\\/person\\\/be3203154562a9f207407861cef7827b\"},\"headline\":\"Em pronunciamento, Lula diz que tarifa\u00e7o \u00e9 &#8220;chantagem inaceit\u00e1vel&#8221;\",\"datePublished\":\"2025-07-18T01:33:34+00:00\",\"mainEntityOfPage\":{\"@id\":\"https:\\\/\\\/mrnews.com.br\\\/index.php\\\/2025\\\/07\\\/17\\\/em-pronunciamento-lula-diz-que-tarifaco-e-chantagem-inaceitavel\\\/\"},\"wordCount\":990,\"commentCount\":0,\"publisher\":{\"@id\":\"https:\\\/\\\/mrnews.com.br\\\/#organization\"},\"articleSection\":[\"ENTRETENIMENTO\",\"NOTICIAS\",\"SERVI\u00c7OS\"],\"inLanguage\":\"pt-BR\",\"potentialAction\":[{\"@type\":\"CommentAction\",\"name\":\"Comment\",\"target\":[\"https:\\\/\\\/mrnews.com.br\\\/index.php\\\/2025\\\/07\\\/17\\\/em-pronunciamento-lula-diz-que-tarifaco-e-chantagem-inaceitavel\\\/#respond\"]}]},{\"@type\":\"WebPage\",\"@id\":\"https:\\\/\\\/mrnews.com.br\\\/index.php\\\/2025\\\/07\\\/17\\\/em-pronunciamento-lula-diz-que-tarifaco-e-chantagem-inaceitavel\\\/\",\"url\":\"https:\\\/\\\/mrnews.com.br\\\/index.php\\\/2025\\\/07\\\/17\\\/em-pronunciamento-lula-diz-que-tarifaco-e-chantagem-inaceitavel\\\/\",\"name\":\"Em pronunciamento, Lula diz que tarifa\u00e7o \u00e9 \\\"chantagem inaceit\u00e1vel\\\"\",\"isPartOf\":{\"@id\":\"https:\\\/\\\/mrnews.com.br\\\/#website\"},\"datePublished\":\"2025-07-18T01:33:34+00:00\",\"breadcrumb\":{\"@id\":\"https:\\\/\\\/mrnews.com.br\\\/index.php\\\/2025\\\/07\\\/17\\\/em-pronunciamento-lula-diz-que-tarifaco-e-chantagem-inaceitavel\\\/#breadcrumb\"},\"inLanguage\":\"pt-BR\",\"potentialAction\":[{\"@type\":\"ReadAction\",\"target\":[\"https:\\\/\\\/mrnews.com.br\\\/index.php\\\/2025\\\/07\\\/17\\\/em-pronunciamento-lula-diz-que-tarifaco-e-chantagem-inaceitavel\\\/\"]}]},{\"@type\":\"BreadcrumbList\",\"@id\":\"https:\\\/\\\/mrnews.com.br\\\/index.php\\\/2025\\\/07\\\/17\\\/em-pronunciamento-lula-diz-que-tarifaco-e-chantagem-inaceitavel\\\/#breadcrumb\",\"itemListElement\":[{\"@type\":\"ListItem\",\"position\":1,\"name\":\"In\u00edcio\",\"item\":\"https:\\\/\\\/mrnews.com.br\\\/\"},{\"@type\":\"ListItem\",\"position\":2,\"name\":\"Em pronunciamento, Lula diz que tarifa\u00e7o \u00e9 &#8220;chantagem inaceit\u00e1vel&#8221;\"}]},{\"@type\":\"WebSite\",\"@id\":\"https:\\\/\\\/mrnews.com.br\\\/#website\",\"url\":\"https:\\\/\\\/mrnews.com.br\\\/\",\"name\":\"MRNews\",\"description\":\"MRNews Jogos de hoje da TV, transmiss\u00f5es ao vivo, Not\u00edcias de futebol, Jogos ao vivo, Lives, resumo de novelas, Programa\u00e7\u00e3o da Globo, A Fazenda e BBB\",\"publisher\":{\"@id\":\"https:\\\/\\\/mrnews.com.br\\\/#organization\"},\"potentialAction\":[{\"@type\":\"SearchAction\",\"target\":{\"@type\":\"EntryPoint\",\"urlTemplate\":\"https:\\\/\\\/mrnews.com.br\\\/?s={search_term_string}\"},\"query-input\":{\"@type\":\"PropertyValueSpecification\",\"valueRequired\":true,\"valueName\":\"search_term_string\"}}],\"inLanguage\":\"pt-BR\"},{\"@type\":\"Organization\",\"@id\":\"https:\\\/\\\/mrnews.com.br\\\/#organization\",\"name\":\"MRNews\",\"url\":\"https:\\\/\\\/mrnews.com.br\\\/\",\"logo\":{\"@type\":\"ImageObject\",\"inLanguage\":\"pt-BR\",\"@id\":\"https:\\\/\\\/mrnews.com.br\\\/#\\\/schema\\\/logo\\\/image\\\/\",\"url\":\"https:\\\/\\\/mrnews.com.br\\\/wp-content\\\/uploads\\\/2019\\\/06\\\/MRNewslogo2.png\",\"contentUrl\":\"https:\\\/\\\/mrnews.com.br\\\/wp-content\\\/uploads\\\/2019\\\/06\\\/MRNewslogo2.png\",\"width\":223,\"height\":58,\"caption\":\"MRNews\"},\"image\":{\"@id\":\"https:\\\/\\\/mrnews.com.br\\\/#\\\/schema\\\/logo\\\/image\\\/\"},\"sameAs\":[\"https:\\\/\\\/www.facebook.com\\\/eaipahpah\\\/?locale2=pt_BR\",\"https:\\\/\\\/x.com\\\/conspirou\",\"https:\\\/\\\/www.instagram.com\\\/eai_pahpah\",\"https:\\\/\\\/br.pinterest.com\\\/mrnewsn\\\/boards\\\/\",\"https:\\\/\\\/www.youtube.com\\\/channel\\\/UCacgnpznQ61fifLWr1tQ-vA?view_as=subscriber\"]},{\"@type\":\"Person\",\"@id\":\"https:\\\/\\\/mrnews.com.br\\\/#\\\/schema\\\/person\\\/be3203154562a9f207407861cef7827b\",\"name\":\"MR News\",\"image\":{\"@type\":\"ImageObject\",\"inLanguage\":\"pt-BR\",\"@id\":\"https:\\\/\\\/secure.gravatar.com\\\/avatar\\\/04084e6d73c042b8646e7c17b494073bf0ede3ea13c7105cfc45cbbbc28385a4?s=96&d=monsterid&r=g\",\"url\":\"https:\\\/\\\/secure.gravatar.com\\\/avatar\\\/04084e6d73c042b8646e7c17b494073bf0ede3ea13c7105cfc45cbbbc28385a4?s=96&d=monsterid&r=g\",\"contentUrl\":\"https:\\\/\\\/secure.gravatar.com\\\/avatar\\\/04084e6d73c042b8646e7c17b494073bf0ede3ea13c7105cfc45cbbbc28385a4?s=96&d=monsterid&r=g\",\"caption\":\"MR News\"},\"description\":\"Especializado em jornalismo colaborativo pela FTP em n\u00edvel de p\u00f3s-gradua\u00e7\u00e3o. suporte@oimeliga.combr\",\"sameAs\":[\"HUGO R.\",\"Admin\"],\"url\":\"https:\\\/\\\/mrnews.com.br\\\/index.php\\\/author\\\/admin\\\/\"}]}<\/script>\n<!-- \/ Yoast SEO plugin. -->","yoast_head_json":{"title":"Em pronunciamento, Lula diz que tarifa\u00e7o \u00e9 \"chantagem inaceit\u00e1vel\"","robots":{"index":"index","follow":"follow","max-snippet":"max-snippet:-1","max-image-preview":"max-image-preview:large","max-video-preview":"max-video-preview:-1"},"canonical":"https:\/\/mrnews.com.br\/index.php\/2025\/07\/17\/em-pronunciamento-lula-diz-que-tarifaco-e-chantagem-inaceitavel\/","og_locale":"pt_BR","og_type":"article","og_title":"Em pronunciamento, Lula diz que tarifa\u00e7o \u00e9 \"chantagem inaceit\u00e1vel\"","og_description":"Por EBC, O presidente Luiz In\u00e1cio Lula da Silva ressaltou a separa\u00e7\u00e3o dos Poderes e disse que ningu\u00e9m est\u00e1 acima da lei, em pronunciamento em cadeia nacional de r\u00e1dio e televis\u00e3o. Em discurso de cinco minutos, o presidente afirmou que responder\u00e1 com diplomacia e multilateralismo \u00e0s amea\u00e7as do governo de Donald Trump de impor uma &hellip;","og_url":"https:\/\/mrnews.com.br\/index.php\/2025\/07\/17\/em-pronunciamento-lula-diz-que-tarifaco-e-chantagem-inaceitavel\/","og_site_name":"MRNews","article_publisher":"https:\/\/www.facebook.com\/eaipahpah\/?locale2=pt_BR","article_published_time":"2025-07-18T01:33:34+00:00","author":"MR News","twitter_card":"summary_large_image","twitter_creator":"@conspirou","twitter_site":"@conspirou","twitter_misc":{"Escrito por":"MR News","Est. tempo de leitura":"5 minutos"},"schema":{"@context":"https:\/\/schema.org","@graph":[{"@type":"Article","@id":"https:\/\/mrnews.com.br\/index.php\/2025\/07\/17\/em-pronunciamento-lula-diz-que-tarifaco-e-chantagem-inaceitavel\/#article","isPartOf":{"@id":"https:\/\/mrnews.com.br\/index.php\/2025\/07\/17\/em-pronunciamento-lula-diz-que-tarifaco-e-chantagem-inaceitavel\/"},"author":{"name":"MR News","@id":"https:\/\/mrnews.com.br\/#\/schema\/person\/be3203154562a9f207407861cef7827b"},"headline":"Em pronunciamento, Lula diz que tarifa\u00e7o \u00e9 &#8220;chantagem inaceit\u00e1vel&#8221;","datePublished":"2025-07-18T01:33:34+00:00","mainEntityOfPage":{"@id":"https:\/\/mrnews.com.br\/index.php\/2025\/07\/17\/em-pronunciamento-lula-diz-que-tarifaco-e-chantagem-inaceitavel\/"},"wordCount":990,"commentCount":0,"publisher":{"@id":"https:\/\/mrnews.com.br\/#organization"},"articleSection":["ENTRETENIMENTO","NOTICIAS","SERVI\u00c7OS"],"inLanguage":"pt-BR","potentialAction":[{"@type":"CommentAction","name":"Comment","target":["https:\/\/mrnews.com.br\/index.php\/2025\/07\/17\/em-pronunciamento-lula-diz-que-tarifaco-e-chantagem-inaceitavel\/#respond"]}]},{"@type":"WebPage","@id":"https:\/\/mrnews.com.br\/index.php\/2025\/07\/17\/em-pronunciamento-lula-diz-que-tarifaco-e-chantagem-inaceitavel\/","url":"https:\/\/mrnews.com.br\/index.php\/2025\/07\/17\/em-pronunciamento-lula-diz-que-tarifaco-e-chantagem-inaceitavel\/","name":"Em pronunciamento, Lula diz que tarifa\u00e7o \u00e9 \"chantagem inaceit\u00e1vel\"","isPartOf":{"@id":"https:\/\/mrnews.com.br\/#website"},"datePublished":"2025-07-18T01:33:34+00:00","breadcrumb":{"@id":"https:\/\/mrnews.com.br\/index.php\/2025\/07\/17\/em-pronunciamento-lula-diz-que-tarifaco-e-chantagem-inaceitavel\/#breadcrumb"},"inLanguage":"pt-BR","potentialAction":[{"@type":"ReadAction","target":["https:\/\/mrnews.com.br\/index.php\/2025\/07\/17\/em-pronunciamento-lula-diz-que-tarifaco-e-chantagem-inaceitavel\/"]}]},{"@type":"BreadcrumbList","@id":"https:\/\/mrnews.com.br\/index.php\/2025\/07\/17\/em-pronunciamento-lula-diz-que-tarifaco-e-chantagem-inaceitavel\/#breadcrumb","itemListElement":[{"@type":"ListItem","position":1,"name":"In\u00edcio","item":"https:\/\/mrnews.com.br\/"},{"@type":"ListItem","position":2,"name":"Em pronunciamento, Lula diz que tarifa\u00e7o \u00e9 &#8220;chantagem inaceit\u00e1vel&#8221;"}]},{"@type":"WebSite","@id":"https:\/\/mrnews.com.br\/#website","url":"https:\/\/mrnews.com.br\/","name":"MRNews","description":"MRNews Jogos de hoje da TV, transmiss\u00f5es ao vivo, Not\u00edcias de futebol, Jogos ao vivo, Lives, resumo de novelas, Programa\u00e7\u00e3o da Globo, A Fazenda e BBB","publisher":{"@id":"https:\/\/mrnews.com.br\/#organization"},"potentialAction":[{"@type":"SearchAction","target":{"@type":"EntryPoint","urlTemplate":"https:\/\/mrnews.com.br\/?s={search_term_string}"},"query-input":{"@type":"PropertyValueSpecification","valueRequired":true,"valueName":"search_term_string"}}],"inLanguage":"pt-BR"},{"@type":"Organization","@id":"https:\/\/mrnews.com.br\/#organization","name":"MRNews","url":"https:\/\/mrnews.com.br\/","logo":{"@type":"ImageObject","inLanguage":"pt-BR","@id":"https:\/\/mrnews.com.br\/#\/schema\/logo\/image\/","url":"https:\/\/mrnews.com.br\/wp-content\/uploads\/2019\/06\/MRNewslogo2.png","contentUrl":"https:\/\/mrnews.com.br\/wp-content\/uploads\/2019\/06\/MRNewslogo2.png","width":223,"height":58,"caption":"MRNews"},"image":{"@id":"https:\/\/mrnews.com.br\/#\/schema\/logo\/image\/"},"sameAs":["https:\/\/www.facebook.com\/eaipahpah\/?locale2=pt_BR","https:\/\/x.com\/conspirou","https:\/\/www.instagram.com\/eai_pahpah","https:\/\/br.pinterest.com\/mrnewsn\/boards\/","https:\/\/www.youtube.com\/channel\/UCacgnpznQ61fifLWr1tQ-vA?view_as=subscriber"]},{"@type":"Person","@id":"https:\/\/mrnews.com.br\/#\/schema\/person\/be3203154562a9f207407861cef7827b","name":"MR News","image":{"@type":"ImageObject","inLanguage":"pt-BR","@id":"https:\/\/secure.gravatar.com\/avatar\/04084e6d73c042b8646e7c17b494073bf0ede3ea13c7105cfc45cbbbc28385a4?s=96&d=monsterid&r=g","url":"https:\/\/secure.gravatar.com\/avatar\/04084e6d73c042b8646e7c17b494073bf0ede3ea13c7105cfc45cbbbc28385a4?s=96&d=monsterid&r=g","contentUrl":"https:\/\/secure.gravatar.com\/avatar\/04084e6d73c042b8646e7c17b494073bf0ede3ea13c7105cfc45cbbbc28385a4?s=96&d=monsterid&r=g","caption":"MR News"},"description":"Especializado em jornalismo colaborativo pela FTP em n\u00edvel de p\u00f3s-gradua\u00e7\u00e3o. suporte@oimeliga.combr","sameAs":["HUGO R.","Admin"],"url":"https:\/\/mrnews.com.br\/index.php\/author\/admin\/"}]}},"jetpack_featured_media_url":"","jetpack_sharing_enabled":true,"jetpack_shortlink":"https:\/\/wp.me\/pa2Qf7-1S9i","amp_enabled":true,"_links":{"self":[{"href":"https:\/\/mrnews.com.br\/index.php\/wp-json\/wp\/v2\/posts\/446480","targetHints":{"allow":["GET"]}}],"collection":[{"href":"https:\/\/mrnews.com.br\/index.php\/wp-json\/wp\/v2\/posts"}],"about":[{"href":"https:\/\/mrnews.com.br\/index.php\/wp-json\/wp\/v2\/types\/post"}],"author":[{"embeddable":true,"href":"https:\/\/mrnews.com.br\/index.php\/wp-json\/wp\/v2\/users\/1"}],"replies":[{"embeddable":true,"href":"https:\/\/mrnews.com.br\/index.php\/wp-json\/wp\/v2\/comments?post=446480"}],"version-history":[{"count":0,"href":"https:\/\/mrnews.com.br\/index.php\/wp-json\/wp\/v2\/posts\/446480\/revisions"}],"wp:attachment":[{"href":"https:\/\/mrnews.com.br\/index.php\/wp-json\/wp\/v2\/media?parent=446480"}],"wp:term":[{"taxonomy":"category","embeddable":true,"href":"https:\/\/mrnews.com.br\/index.php\/wp-json\/wp\/v2\/categories?post=446480"},{"taxonomy":"post_tag","embeddable":true,"href":"https:\/\/mrnews.com.br\/index.php\/wp-json\/wp\/v2\/tags?post=446480"}],"curies":[{"name":"wp","href":"https:\/\/api.w.org\/{rel}","templated":true}]}}