{"id":446523,"date":"2025-07-19T02:59:34","date_gmt":"2025-07-19T05:59:34","guid":{"rendered":"https:\/\/mrnews.com.br\/index.php\/2025\/07\/19\/conmebol-libera-aquecimento-em-campo-na-copa-america-feminina\/"},"modified":"2025-07-19T02:59:34","modified_gmt":"2025-07-19T05:59:34","slug":"conmebol-libera-aquecimento-em-campo-na-copa-america-feminina","status":"publish","type":"post","link":"https:\/\/mrnews.com.br\/index.php\/2025\/07\/19\/conmebol-libera-aquecimento-em-campo-na-copa-america-feminina\/","title":{"rendered":"Conmebol libera aquecimento em campo na Copa Am\u00e9rica Feminina"},"content":{"rendered":"<p><\/p>\n<div>\n<p>As reclama\u00e7\u00f5es do t\u00e9cnico Arthur Elias e de atletas da sele\u00e7\u00e3o brasileira deram resultado. Nesta sexta-feira (18), a Confedera\u00e7\u00e3o Sul-Americana de Futebol (Conmebol) liberou as jogadoras para aquecer dentro de campo antes dos jogos da Copa Am\u00e9rica Feminina, que ocorre no Equador.<\/p>\n<p>A decis\u00e3o foi informada \u00e0\u00a0<strong>Ag\u00eancia Brasil<\/strong>\u00a0pela assessoria de comunica\u00e7\u00e3o da Conmebol. Segundo a entidade, as condi\u00e7\u00f5es dos gramados da competi\u00e7\u00e3o foram reavaliadas. Com isso, o aquecimento dentro de campo foi liberado para todas as atletas por 15 minutos, mesmo tempo que j\u00e1 era permitido \u00e0s goleiras.<\/p>\n<p>Nos dois primeiros jogos pela Copa Am\u00e9rica, contra Venezuela e Bol\u00edvia, ambos no Est\u00e1dio Gonzalo Pozo Ripalda, em Quito, as jogadoras de linha puderam se aquecer somente em um local pequeno, nos vesti\u00e1rios.<\/p>\n<p>&gt;&gt; Siga o perfil da<strong> Ag\u00eancia Brasil <\/strong>no Instagram<\/p>\n<div class=\"dnd-widget-wrapper context-medio_4colunas type-image atom-align-left\">\n<div class=\"dnd-atom-rendered\"><!-- scald=431383:medio_4colunas {\"additionalClasses\":\"\"} --><\/p>\n<p>    <!-- END scald=431383 --><\/div>\n<p><h6 class=\"meta\"><!--copyright=431383-->Equador &#8211; 18\/07\/2025 &#8211; Conmebol libera aquecimento em campo na Copa Am\u00e9rica Feminina.\u00a0<strong>L\u00edvia Villas Boas\/CBF<\/strong><!--END copyright=431383--><\/h6>\n<\/p>\n<\/div>\n<p>Antes da partida diante das bolivianas, na \u00faltima quarta-feira (16), as sele\u00e7\u00f5es tiveram que dividir o espa\u00e7o para o aquecimento. A Conmebol alegava a necessidade de preservar os gramados, que est\u00e3o recebendo dois confrontos em sequ\u00eancia.<\/p>\n<p>Ap\u00f3s o jogo, Arthur Elias admitiu preocupa\u00e7\u00e3o com a limita\u00e7\u00e3o para aquecimento, pois o preparo acabava n\u00e3o sendo o adequado para a pr\u00e1tica do futebol e comprometia a qualidade das partidas. Na rede social X (antigo Twitter), a atacante Kerolin comparou a estrutura da Copa Am\u00e9rica com a da Eurocopa Feminina, que ocorre simultaneamente, na Su\u00ed\u00e7a.<\/p>\n<p>&#8220;Enquanto a Euro bate recordes de tecnologia, a gente aquece em uma sala de [no] m\u00e1ximo 20 metros [quadrados] com cheiro de tinta. Bizarro&#8221;, escreveu a camisa sete.<\/p>\n<p>O Brasil volta a campo na ter\u00e7a-feira (22), \u00e0s 21h (hor\u00e1rio de Bras\u00edlia), contra o Paraguai, novamente no Gonzalo Pozo Ripalda. A partida, assim como as demais da sele\u00e7\u00e3o na competi\u00e7\u00e3o, ser\u00e1 transmitida ao vivo pela\u00a0<strong>TV Brasil<\/strong>. As brasileiras lideram o Grupo B, com seis pontos em dois jogos.<\/p>\n<p>      <!-- Relacionada --><\/p>\n<p>            <!-- Relacionada -->\n    <\/div>\n<p><script async src=\"\/\/www.instagram.com\/embed.js\"><\/script><\/p>\n","protected":false},"excerpt":{"rendered":"<p>As reclama\u00e7\u00f5es do t\u00e9cnico Arthur Elias e de atletas da sele\u00e7\u00e3o brasileira deram resultado. Nesta sexta-feira (18), a Confedera\u00e7\u00e3o Sul-Americana de Futebol (Conmebol) liberou as jogadoras para aquecer dentro de campo antes dos jogos da Copa Am\u00e9rica Feminina, que ocorre no Equador. A decis\u00e3o foi informada \u00e0\u00a0Ag\u00eancia Brasil\u00a0pela assessoria de comunica\u00e7\u00e3o da Conmebol. Segundo a &hellip;<\/p>\n","protected":false},"author":1,"featured_media":0,"comment_status":"open","ping_status":"open","sticky":false,"template":"","format":"standard","meta":{"_jetpack_memberships_contains_paid_content":false,"footnotes":""},"categories":[3,4587,4],"tags":[],"class_list":["post-446523","post","type-post","status-publish","format-standard","hentry","category-esportes1","category-esportes","category-servicos"],"yoast_head":"<!-- This site is optimized with the Yoast SEO plugin v27.4 - https:\/\/yoast.com\/product\/yoast-seo-wordpress\/ -->\n<title>Conmebol libera aquecimento em campo na Copa Am\u00e9rica Feminina<\/title>\n<meta name=\"robots\" content=\"index, follow, max-snippet:-1, max-image-preview:large, max-video-preview:-1\" \/>\n<link rel=\"canonical\" href=\"https:\/\/mrnews.com.br\/index.php\/2025\/07\/19\/conmebol-libera-aquecimento-em-campo-na-copa-america-feminina\/\" \/>\n<meta property=\"og:locale\" content=\"pt_BR\" \/>\n<meta property=\"og:type\" content=\"article\" \/>\n<meta property=\"og:title\" content=\"Conmebol libera aquecimento em campo na Copa Am\u00e9rica Feminina\" \/>\n<meta property=\"og:description\" content=\"As reclama\u00e7\u00f5es do t\u00e9cnico Arthur Elias e de atletas da sele\u00e7\u00e3o brasileira deram resultado. Nesta sexta-feira (18), a Confedera\u00e7\u00e3o Sul-Americana de Futebol (Conmebol) liberou as jogadoras para aquecer dentro de campo antes dos jogos da Copa Am\u00e9rica Feminina, que ocorre no Equador. A decis\u00e3o foi informada \u00e0\u00a0Ag\u00eancia Brasil\u00a0pela assessoria de comunica\u00e7\u00e3o da Conmebol. Segundo a &hellip;\" \/>\n<meta property=\"og:url\" content=\"https:\/\/mrnews.com.br\/index.php\/2025\/07\/19\/conmebol-libera-aquecimento-em-campo-na-copa-america-feminina\/\" \/>\n<meta property=\"og:site_name\" content=\"MRNews\" \/>\n<meta property=\"article:publisher\" content=\"https:\/\/www.facebook.com\/eaipahpah\/?locale2=pt_BR\" \/>\n<meta property=\"article:published_time\" content=\"2025-07-19T05:59:34+00:00\" \/>\n<meta name=\"author\" content=\"MR News\" \/>\n<meta name=\"twitter:card\" content=\"summary_large_image\" \/>\n<meta name=\"twitter:creator\" content=\"@conspirou\" \/>\n<meta name=\"twitter:site\" content=\"@conspirou\" \/>\n<meta name=\"twitter:label1\" content=\"Escrito por\" \/>\n\t<meta name=\"twitter:data1\" content=\"MR News\" \/>\n\t<meta name=\"twitter:label2\" content=\"Est. tempo de leitura\" \/>\n\t<meta name=\"twitter:data2\" content=\"2 minutos\" \/>\n<script type=\"application\/ld+json\" class=\"yoast-schema-graph\">{\"@context\":\"https:\\\/\\\/schema.org\",\"@graph\":[{\"@type\":\"Article\",\"@id\":\"https:\\\/\\\/mrnews.com.br\\\/index.php\\\/2025\\\/07\\\/19\\\/conmebol-libera-aquecimento-em-campo-na-copa-america-feminina\\\/#article\",\"isPartOf\":{\"@id\":\"https:\\\/\\\/mrnews.com.br\\\/index.php\\\/2025\\\/07\\\/19\\\/conmebol-libera-aquecimento-em-campo-na-copa-america-feminina\\\/\"},\"author\":{\"name\":\"MR News\",\"@id\":\"https:\\\/\\\/mrnews.com.br\\\/#\\\/schema\\\/person\\\/be3203154562a9f207407861cef7827b\"},\"headline\":\"Conmebol libera aquecimento em campo na Copa Am\u00e9rica Feminina\",\"datePublished\":\"2025-07-19T05:59:34+00:00\",\"mainEntityOfPage\":{\"@id\":\"https:\\\/\\\/mrnews.com.br\\\/index.php\\\/2025\\\/07\\\/19\\\/conmebol-libera-aquecimento-em-campo-na-copa-america-feminina\\\/\"},\"wordCount\":357,\"commentCount\":0,\"publisher\":{\"@id\":\"https:\\\/\\\/mrnews.com.br\\\/#organization\"},\"articleSection\":[\"ESPORTES\",\"Esportes\",\"SERVI\u00c7OS\"],\"inLanguage\":\"pt-BR\",\"potentialAction\":[{\"@type\":\"CommentAction\",\"name\":\"Comment\",\"target\":[\"https:\\\/\\\/mrnews.com.br\\\/index.php\\\/2025\\\/07\\\/19\\\/conmebol-libera-aquecimento-em-campo-na-copa-america-feminina\\\/#respond\"]}]},{\"@type\":\"WebPage\",\"@id\":\"https:\\\/\\\/mrnews.com.br\\\/index.php\\\/2025\\\/07\\\/19\\\/conmebol-libera-aquecimento-em-campo-na-copa-america-feminina\\\/\",\"url\":\"https:\\\/\\\/mrnews.com.br\\\/index.php\\\/2025\\\/07\\\/19\\\/conmebol-libera-aquecimento-em-campo-na-copa-america-feminina\\\/\",\"name\":\"Conmebol libera aquecimento em campo na Copa Am\u00e9rica Feminina\",\"isPartOf\":{\"@id\":\"https:\\\/\\\/mrnews.com.br\\\/#website\"},\"datePublished\":\"2025-07-19T05:59:34+00:00\",\"breadcrumb\":{\"@id\":\"https:\\\/\\\/mrnews.com.br\\\/index.php\\\/2025\\\/07\\\/19\\\/conmebol-libera-aquecimento-em-campo-na-copa-america-feminina\\\/#breadcrumb\"},\"inLanguage\":\"pt-BR\",\"potentialAction\":[{\"@type\":\"ReadAction\",\"target\":[\"https:\\\/\\\/mrnews.com.br\\\/index.php\\\/2025\\\/07\\\/19\\\/conmebol-libera-aquecimento-em-campo-na-copa-america-feminina\\\/\"]}]},{\"@type\":\"BreadcrumbList\",\"@id\":\"https:\\\/\\\/mrnews.com.br\\\/index.php\\\/2025\\\/07\\\/19\\\/conmebol-libera-aquecimento-em-campo-na-copa-america-feminina\\\/#breadcrumb\",\"itemListElement\":[{\"@type\":\"ListItem\",\"position\":1,\"name\":\"In\u00edcio\",\"item\":\"https:\\\/\\\/mrnews.com.br\\\/\"},{\"@type\":\"ListItem\",\"position\":2,\"name\":\"Conmebol libera aquecimento em campo na Copa Am\u00e9rica Feminina\"}]},{\"@type\":\"WebSite\",\"@id\":\"https:\\\/\\\/mrnews.com.br\\\/#website\",\"url\":\"https:\\\/\\\/mrnews.com.br\\\/\",\"name\":\"MRNews\",\"description\":\"MRNews Jogos de hoje da TV, transmiss\u00f5es ao vivo, Not\u00edcias de futebol, Jogos ao vivo, Lives, resumo de novelas, Programa\u00e7\u00e3o da Globo, A Fazenda e BBB\",\"publisher\":{\"@id\":\"https:\\\/\\\/mrnews.com.br\\\/#organization\"},\"potentialAction\":[{\"@type\":\"SearchAction\",\"target\":{\"@type\":\"EntryPoint\",\"urlTemplate\":\"https:\\\/\\\/mrnews.com.br\\\/?s={search_term_string}\"},\"query-input\":{\"@type\":\"PropertyValueSpecification\",\"valueRequired\":true,\"valueName\":\"search_term_string\"}}],\"inLanguage\":\"pt-BR\"},{\"@type\":\"Organization\",\"@id\":\"https:\\\/\\\/mrnews.com.br\\\/#organization\",\"name\":\"MRNews\",\"url\":\"https:\\\/\\\/mrnews.com.br\\\/\",\"logo\":{\"@type\":\"ImageObject\",\"inLanguage\":\"pt-BR\",\"@id\":\"https:\\\/\\\/mrnews.com.br\\\/#\\\/schema\\\/logo\\\/image\\\/\",\"url\":\"https:\\\/\\\/mrnews.com.br\\\/wp-content\\\/uploads\\\/2019\\\/06\\\/MRNewslogo2.png\",\"contentUrl\":\"https:\\\/\\\/mrnews.com.br\\\/wp-content\\\/uploads\\\/2019\\\/06\\\/MRNewslogo2.png\",\"width\":223,\"height\":58,\"caption\":\"MRNews\"},\"image\":{\"@id\":\"https:\\\/\\\/mrnews.com.br\\\/#\\\/schema\\\/logo\\\/image\\\/\"},\"sameAs\":[\"https:\\\/\\\/www.facebook.com\\\/eaipahpah\\\/?locale2=pt_BR\",\"https:\\\/\\\/x.com\\\/conspirou\",\"https:\\\/\\\/www.instagram.com\\\/eai_pahpah\",\"https:\\\/\\\/br.pinterest.com\\\/mrnewsn\\\/boards\\\/\",\"https:\\\/\\\/www.youtube.com\\\/channel\\\/UCacgnpznQ61fifLWr1tQ-vA?view_as=subscriber\"]},{\"@type\":\"Person\",\"@id\":\"https:\\\/\\\/mrnews.com.br\\\/#\\\/schema\\\/person\\\/be3203154562a9f207407861cef7827b\",\"name\":\"MR News\",\"image\":{\"@type\":\"ImageObject\",\"inLanguage\":\"pt-BR\",\"@id\":\"https:\\\/\\\/secure.gravatar.com\\\/avatar\\\/04084e6d73c042b8646e7c17b494073bf0ede3ea13c7105cfc45cbbbc28385a4?s=96&d=monsterid&r=g\",\"url\":\"https:\\\/\\\/secure.gravatar.com\\\/avatar\\\/04084e6d73c042b8646e7c17b494073bf0ede3ea13c7105cfc45cbbbc28385a4?s=96&d=monsterid&r=g\",\"contentUrl\":\"https:\\\/\\\/secure.gravatar.com\\\/avatar\\\/04084e6d73c042b8646e7c17b494073bf0ede3ea13c7105cfc45cbbbc28385a4?s=96&d=monsterid&r=g\",\"caption\":\"MR News\"},\"description\":\"Especializado em jornalismo colaborativo pela FTP em n\u00edvel de p\u00f3s-gradua\u00e7\u00e3o. suporte@oimeliga.combr\",\"sameAs\":[\"HUGO R.\",\"Admin\"],\"url\":\"https:\\\/\\\/mrnews.com.br\\\/index.php\\\/author\\\/admin\\\/\"}]}<\/script>\n<!-- \/ Yoast SEO plugin. -->","yoast_head_json":{"title":"Conmebol libera aquecimento em campo na Copa Am\u00e9rica Feminina","robots":{"index":"index","follow":"follow","max-snippet":"max-snippet:-1","max-image-preview":"max-image-preview:large","max-video-preview":"max-video-preview:-1"},"canonical":"https:\/\/mrnews.com.br\/index.php\/2025\/07\/19\/conmebol-libera-aquecimento-em-campo-na-copa-america-feminina\/","og_locale":"pt_BR","og_type":"article","og_title":"Conmebol libera aquecimento em campo na Copa Am\u00e9rica Feminina","og_description":"As reclama\u00e7\u00f5es do t\u00e9cnico Arthur Elias e de atletas da sele\u00e7\u00e3o brasileira deram resultado. Nesta sexta-feira (18), a Confedera\u00e7\u00e3o Sul-Americana de Futebol (Conmebol) liberou as jogadoras para aquecer dentro de campo antes dos jogos da Copa Am\u00e9rica Feminina, que ocorre no Equador. A decis\u00e3o foi informada \u00e0\u00a0Ag\u00eancia Brasil\u00a0pela assessoria de comunica\u00e7\u00e3o da Conmebol. Segundo a &hellip;","og_url":"https:\/\/mrnews.com.br\/index.php\/2025\/07\/19\/conmebol-libera-aquecimento-em-campo-na-copa-america-feminina\/","og_site_name":"MRNews","article_publisher":"https:\/\/www.facebook.com\/eaipahpah\/?locale2=pt_BR","article_published_time":"2025-07-19T05:59:34+00:00","author":"MR News","twitter_card":"summary_large_image","twitter_creator":"@conspirou","twitter_site":"@conspirou","twitter_misc":{"Escrito por":"MR News","Est. tempo de leitura":"2 minutos"},"schema":{"@context":"https:\/\/schema.org","@graph":[{"@type":"Article","@id":"https:\/\/mrnews.com.br\/index.php\/2025\/07\/19\/conmebol-libera-aquecimento-em-campo-na-copa-america-feminina\/#article","isPartOf":{"@id":"https:\/\/mrnews.com.br\/index.php\/2025\/07\/19\/conmebol-libera-aquecimento-em-campo-na-copa-america-feminina\/"},"author":{"name":"MR News","@id":"https:\/\/mrnews.com.br\/#\/schema\/person\/be3203154562a9f207407861cef7827b"},"headline":"Conmebol libera aquecimento em campo na Copa Am\u00e9rica Feminina","datePublished":"2025-07-19T05:59:34+00:00","mainEntityOfPage":{"@id":"https:\/\/mrnews.com.br\/index.php\/2025\/07\/19\/conmebol-libera-aquecimento-em-campo-na-copa-america-feminina\/"},"wordCount":357,"commentCount":0,"publisher":{"@id":"https:\/\/mrnews.com.br\/#organization"},"articleSection":["ESPORTES","Esportes","SERVI\u00c7OS"],"inLanguage":"pt-BR","potentialAction":[{"@type":"CommentAction","name":"Comment","target":["https:\/\/mrnews.com.br\/index.php\/2025\/07\/19\/conmebol-libera-aquecimento-em-campo-na-copa-america-feminina\/#respond"]}]},{"@type":"WebPage","@id":"https:\/\/mrnews.com.br\/index.php\/2025\/07\/19\/conmebol-libera-aquecimento-em-campo-na-copa-america-feminina\/","url":"https:\/\/mrnews.com.br\/index.php\/2025\/07\/19\/conmebol-libera-aquecimento-em-campo-na-copa-america-feminina\/","name":"Conmebol libera aquecimento em campo na Copa Am\u00e9rica Feminina","isPartOf":{"@id":"https:\/\/mrnews.com.br\/#website"},"datePublished":"2025-07-19T05:59:34+00:00","breadcrumb":{"@id":"https:\/\/mrnews.com.br\/index.php\/2025\/07\/19\/conmebol-libera-aquecimento-em-campo-na-copa-america-feminina\/#breadcrumb"},"inLanguage":"pt-BR","potentialAction":[{"@type":"ReadAction","target":["https:\/\/mrnews.com.br\/index.php\/2025\/07\/19\/conmebol-libera-aquecimento-em-campo-na-copa-america-feminina\/"]}]},{"@type":"BreadcrumbList","@id":"https:\/\/mrnews.com.br\/index.php\/2025\/07\/19\/conmebol-libera-aquecimento-em-campo-na-copa-america-feminina\/#breadcrumb","itemListElement":[{"@type":"ListItem","position":1,"name":"In\u00edcio","item":"https:\/\/mrnews.com.br\/"},{"@type":"ListItem","position":2,"name":"Conmebol libera aquecimento em campo na Copa Am\u00e9rica Feminina"}]},{"@type":"WebSite","@id":"https:\/\/mrnews.com.br\/#website","url":"https:\/\/mrnews.com.br\/","name":"MRNews","description":"MRNews Jogos de hoje da TV, transmiss\u00f5es ao vivo, Not\u00edcias de futebol, Jogos ao vivo, Lives, resumo de novelas, Programa\u00e7\u00e3o da Globo, A Fazenda e BBB","publisher":{"@id":"https:\/\/mrnews.com.br\/#organization"},"potentialAction":[{"@type":"SearchAction","target":{"@type":"EntryPoint","urlTemplate":"https:\/\/mrnews.com.br\/?s={search_term_string}"},"query-input":{"@type":"PropertyValueSpecification","valueRequired":true,"valueName":"search_term_string"}}],"inLanguage":"pt-BR"},{"@type":"Organization","@id":"https:\/\/mrnews.com.br\/#organization","name":"MRNews","url":"https:\/\/mrnews.com.br\/","logo":{"@type":"ImageObject","inLanguage":"pt-BR","@id":"https:\/\/mrnews.com.br\/#\/schema\/logo\/image\/","url":"https:\/\/mrnews.com.br\/wp-content\/uploads\/2019\/06\/MRNewslogo2.png","contentUrl":"https:\/\/mrnews.com.br\/wp-content\/uploads\/2019\/06\/MRNewslogo2.png","width":223,"height":58,"caption":"MRNews"},"image":{"@id":"https:\/\/mrnews.com.br\/#\/schema\/logo\/image\/"},"sameAs":["https:\/\/www.facebook.com\/eaipahpah\/?locale2=pt_BR","https:\/\/x.com\/conspirou","https:\/\/www.instagram.com\/eai_pahpah","https:\/\/br.pinterest.com\/mrnewsn\/boards\/","https:\/\/www.youtube.com\/channel\/UCacgnpznQ61fifLWr1tQ-vA?view_as=subscriber"]},{"@type":"Person","@id":"https:\/\/mrnews.com.br\/#\/schema\/person\/be3203154562a9f207407861cef7827b","name":"MR News","image":{"@type":"ImageObject","inLanguage":"pt-BR","@id":"https:\/\/secure.gravatar.com\/avatar\/04084e6d73c042b8646e7c17b494073bf0ede3ea13c7105cfc45cbbbc28385a4?s=96&d=monsterid&r=g","url":"https:\/\/secure.gravatar.com\/avatar\/04084e6d73c042b8646e7c17b494073bf0ede3ea13c7105cfc45cbbbc28385a4?s=96&d=monsterid&r=g","contentUrl":"https:\/\/secure.gravatar.com\/avatar\/04084e6d73c042b8646e7c17b494073bf0ede3ea13c7105cfc45cbbbc28385a4?s=96&d=monsterid&r=g","caption":"MR News"},"description":"Especializado em jornalismo colaborativo pela FTP em n\u00edvel de p\u00f3s-gradua\u00e7\u00e3o. suporte@oimeliga.combr","sameAs":["HUGO R.","Admin"],"url":"https:\/\/mrnews.com.br\/index.php\/author\/admin\/"}]}},"jetpack_featured_media_url":"","jetpack_sharing_enabled":true,"jetpack_shortlink":"https:\/\/wp.me\/pa2Qf7-1S9Z","amp_enabled":true,"_links":{"self":[{"href":"https:\/\/mrnews.com.br\/index.php\/wp-json\/wp\/v2\/posts\/446523","targetHints":{"allow":["GET"]}}],"collection":[{"href":"https:\/\/mrnews.com.br\/index.php\/wp-json\/wp\/v2\/posts"}],"about":[{"href":"https:\/\/mrnews.com.br\/index.php\/wp-json\/wp\/v2\/types\/post"}],"author":[{"embeddable":true,"href":"https:\/\/mrnews.com.br\/index.php\/wp-json\/wp\/v2\/users\/1"}],"replies":[{"embeddable":true,"href":"https:\/\/mrnews.com.br\/index.php\/wp-json\/wp\/v2\/comments?post=446523"}],"version-history":[{"count":0,"href":"https:\/\/mrnews.com.br\/index.php\/wp-json\/wp\/v2\/posts\/446523\/revisions"}],"wp:attachment":[{"href":"https:\/\/mrnews.com.br\/index.php\/wp-json\/wp\/v2\/media?parent=446523"}],"wp:term":[{"taxonomy":"category","embeddable":true,"href":"https:\/\/mrnews.com.br\/index.php\/wp-json\/wp\/v2\/categories?post=446523"},{"taxonomy":"post_tag","embeddable":true,"href":"https:\/\/mrnews.com.br\/index.php\/wp-json\/wp\/v2\/tags?post=446523"}],"curies":[{"name":"wp","href":"https:\/\/api.w.org\/{rel}","templated":true}]}}