{"id":446576,"date":"2025-07-20T12:51:34","date_gmt":"2025-07-20T15:51:34","guid":{"rendered":"https:\/\/mrnews.com.br\/index.php\/2025\/07\/20\/serie-vozes-do-rio-pinheiros-estreia-neste-domingo-na-tv-brasil\/"},"modified":"2025-07-20T12:51:34","modified_gmt":"2025-07-20T15:51:34","slug":"serie-vozes-do-rio-pinheiros-estreia-neste-domingo-na-tv-brasil","status":"publish","type":"post","link":"https:\/\/mrnews.com.br\/index.php\/2025\/07\/20\/serie-vozes-do-rio-pinheiros-estreia-neste-domingo-na-tv-brasil\/","title":{"rendered":"S\u00e9rie Vozes do Rio Pinheiros estreia neste domingo na TV Brasil"},"content":{"rendered":"<p>Por EBC, <\/p>\n<div>\n<p>O seriado in\u00e9dito <em>Vozes do Rio Pinheiros<\/em> estreia na programa\u00e7\u00e3o da <strong>TV Brasil<\/strong> neste domingo (20), \u00e0s 18h30. Com tr\u00eas epis\u00f3dios de 26 minutos, a nova produ\u00e7\u00e3o documental em cartaz na telinha da emissora p\u00fablica destaca as transforma\u00e7\u00f5es de um dos rios mais emblem\u00e1ticos de S\u00e3o Paulo.\u00a0<\/p>\n<p>O conte\u00fado da obra independente fica dispon\u00edvel na \u00edntegra no app <strong>TV Brasil Play<\/strong>.<\/p>\n<p>Com relatos emocionantes sobre esse processo, a s\u00e9rie explora a rela\u00e7\u00e3o hist\u00f3rica e contempor\u00e2nea dos paulistanos com o Rio Pinheiros. O programa revela os esfor\u00e7os de despolui\u00e7\u00e3o e revitaliza\u00e7\u00e3o que est\u00e3o devolvendo vida e beleza \u00e0 regi\u00e3o. De ciclovias a projetos de paisagismo, cada edi\u00e7\u00e3o mostra como a reconex\u00e3o com o rio pode transformar a cidade, inspirar mudan\u00e7as e promover um futuro sustent\u00e1vel.<\/p>\n<div class=\"dnd-widget-wrapper context-cheio_8colunas type-image\">\n<div class=\"dnd-atom-rendered\"><!-- scald=431394:cheio_8colunas --><\/p>\n<p>    <!-- END scald=431394 --><\/div>\n<p><h6 class=\"meta\"><!--copyright=431394-->Rio Pinheiros &#8211; Foto TV Brasil<!--END copyright=431394--><\/h6>\n<\/p>\n<\/div>\n<h2>Destaques do primeiro epis\u00f3dio<\/h2>\n<p>No epis\u00f3dio de estreia, o seriado apresenta hist\u00f3rias de moradores e especialistas que compartilham suas conex\u00f5es pessoais e profissionais com o Rio Pinheiros. Eles trazem mem\u00f3rias afetivas, mudan\u00e7as urbanas e a import\u00e2ncia do resgate ambiental. Atrav\u00e9s do olhar de ciclistas, fot\u00f3grafos e cientistas, o rio \u00e9 retratado como um espa\u00e7o de transforma\u00e7\u00e3o poss\u00edvel, onde a vida silvestre reaparece e a cidade come\u00e7a a se reconectar com suas \u00e1guas.<\/p>\n<p>A s\u00e9rie <em>Vozes do Rio Pinheiros<\/em> mostra a nascente, destaca a fauna que vive no leito e nas margens e a hist\u00f3ria do espa\u00e7o que corta a cidade. Tamb\u00e9m recorda a urbaniza\u00e7\u00e3o da capital que levou ao crescimento desordenado da metr\u00f3pole e a perda de vegeta\u00e7\u00e3o. A constru\u00e7\u00e3o da via asfaltada Marginal Pinheiros \u00e9 lembrada.<\/p>\n<div class=\"dnd-widget-wrapper context-cheio_8colunas type-image\">\n<div class=\"dnd-atom-rendered\"><!-- scald=431392:cheio_8colunas --><\/p>\n<p>    <!-- END scald=431392 --><\/div>\n<p><h6 class=\"meta\"><!--copyright=431392-->Rio Pinheiros &#8211; Foto <strong>TV Brasil<\/strong><!--END copyright=431392--><\/h6>\n<\/p>\n<\/div>\n<p>O papel ecol\u00f3gico do rio limpo para refrescar e absorver o calor e a polui\u00e7\u00e3o tem destaque na promo\u00e7\u00e3o da sa\u00fade dos paulistanos e para minimizar os efeitos do aquecimento global. O seriado resgata esses aspectos da fun\u00e7\u00e3o ambiental do rio no espa\u00e7o urbano como \u00e9 o caso, tamb\u00e9m, do Tiet\u00ea.<\/p>\n<p>Os especialistas que participam do primeiro programa da obra s\u00e3o a jornalista Renata Falzoni, ativista do projeto Bike Legal, a fot\u00f3grafa Lila Leite, o professor T\u00e9rcio Ambrizzi e Malu Ribeiro, diretora de pol\u00edticas p\u00fablicas da Funda\u00e7\u00e3o Mata Atl\u00e2ntica.<\/p>\n<p>Os convidados ainda abordam temas como a revitaliza\u00e7\u00e3o da \u00e1rea do Rio Pinheiros com a ciclovia e o projeto de paisagismo. De acordo com os entrevistados, restaurar o ecossistema ajuda a redescobrir os rios e resgatar a identidade cultural. Eles buscam esclarecer a interfer\u00eancia que o modelo de desenvolvimento faz nas \u00e1guas e de que forma isso impacta na cultura e no comportamento da popula\u00e7\u00e3o.<\/p>\n<h2>Pr\u00f3ximos programas<\/h2>\n<p>J\u00e1 na segunda atra\u00e7\u00e3o da sequ\u00eancia, a s\u00e9rie detalha as a\u00e7\u00f5es pr\u00e1ticas e os desafios enfrentados na recupera\u00e7\u00e3o ambiental do Rio Pinheiros. Engenheiros, t\u00e9cnicos e moradores relatam o impacto positivo da coleta e tratamento de esgoto nas comunidades, al\u00e9m da import\u00e2ncia do saneamento para a sa\u00fade p\u00fablica e a qualidade de vida. A narrativa indica como a presen\u00e7a de infraestrutura e educa\u00e7\u00e3o ambiental \u00e9 fundamental para a sustentabilidade urbana.<\/p>\n<p>No \u00faltimo epis\u00f3dio, economistas, ambientalistas e gestores p\u00fablicos discutem os avan\u00e7os e perspectivas para o futuro do Rio Pinheiros. A despolui\u00e7\u00e3o \u00e9 abordada como vetor de sa\u00fade, gera\u00e7\u00e3o de energia limpa, valoriza\u00e7\u00e3o urbana e engajamento social. A obra encerra com a vis\u00e3o de um rio revitalizado, reintegrado \u00e0 vida da cidade, e com potencial para inspirar pol\u00edticas p\u00fablicas em todo o Brasil.<\/p>\n<div class=\"dnd-widget-wrapper context-cheio_8colunas type-image\">\n<div class=\"dnd-atom-rendered\"><!-- scald=431393:cheio_8colunas --><\/p>\n<p>    <!-- END scald=431393 --><\/div>\n<p><h6 class=\"meta\"><!--copyright=431393-->Rio Pinheiros &#8211; Foto <strong>TV Brasil<\/strong><!--END copyright=431393--><\/h6>\n<\/p>\n<\/div>\n<p>Ficha t\u00e9cnica de Chefs do Brasil<br \/>Pa\u00eds: Brasil<br \/>Ano: 2024<br \/>G\u00eanero: documental<br \/>Epis\u00f3dios: 3<br \/>Dura\u00e7\u00e3o: 26 min.<br \/>Classifica\u00e7\u00e3o indicativa: Livre<br \/>Realiza\u00e7\u00e3o: Produtora Brasileira de Arte e Cultura<br \/>Dire\u00e7\u00e3o Geral: Pedro Saad<br \/>Dire\u00e7\u00e3o: Luciano Oreggia<br \/>Produ\u00e7\u00e3o: Pedro Saad<br \/>Produ\u00e7\u00e3o executiva: Andrea Marcondes e Karina Del Negro<br \/>Roteiro: Filipe Pontes, Luciano Oreggia, Pedro Cohen e Matthew Shirts\u00a0<\/p>\n<p><strong>Ao vivo e on demand<\/strong>\u00a0\u00a0\u00a0<\/p>\n<p>Acompanhe a programa\u00e7\u00e3o da <strong>TV Brasil<\/strong> pelo canal aberto, TV por assinatura e parab\u00f3lica. Sintonize: https:\/\/tvbrasil.ebc.com.br\/comosintonizar.\u00a0\u00a0\u00a0<\/p>\n<p>Seus programas favoritos est\u00e3o no <strong>TV Brasil Play<\/strong>, pelo site http:\/\/tvbrasilplay.com.br ou por aplicativo no smartphone. O app pode ser baixado gratuitamente e est\u00e1 dispon\u00edvel para Android e iOS. Assista tamb\u00e9m pela WebTV: https:\/\/tvbrasil.ebc.com.br\/webtv.\u00a0\u00a0\u00a0<\/p>\n<p><strong>Servi\u00e7o<\/strong><br \/><em>Vozes do Rio Pinheiros<\/em> \u2013 estreia \u2013 domingo, dia 20\/7, \u00e0s 18h30, na <strong>TV Brasil<\/strong><br \/><em>Vozes do Rio Pinheiros<\/em> \u2013 exibi\u00e7\u00e3o \u2013 domingos, \u00e0s 18h30, na <strong>TV Brasil<\/strong>\u00a0<\/p>\n<p>TV Brasil na internet e nas redes sociais :<\/p>\n<ul>\n<li>Site \u2013 https:\/\/tvbrasil.ebc.com.br<\/li>\n<li>Instagram \u2013 https:\/\/www.instagram.com\/tvbrasil<\/li>\n<li>YouTube \u2013 https:\/\/www.youtube.com\/tvbrasil<\/li>\n<li>X \u2013 https:\/\/x.com\/TVBrasil<\/li>\n<li>Facebook \u2013 https:\/\/www.facebook.com\/tvbrasil<\/li>\n<li>TikTok \u2013 https:\/\/www.tiktok.com\/@tvbrasil<\/li>\n<li>TV Brasil Play &#8211; http:\/\/tvbrasilplay.com.br<\/li>\n<\/ul>\n<p>      <!-- Relacionada --><\/p>\n<p>            <!-- Relacionada -->\n    <\/div>\n<p><script async src=\"\/\/www.instagram.com\/embed.js\"><\/script><script async src=\"\/\/www.tiktok.com\/embed.js\"><\/script><\/p>\n","protected":false},"excerpt":{"rendered":"<p>Por EBC, O seriado in\u00e9dito Vozes do Rio Pinheiros estreia na programa\u00e7\u00e3o da TV Brasil neste domingo (20), \u00e0s 18h30. Com tr\u00eas epis\u00f3dios de 26 minutos, a nova produ\u00e7\u00e3o documental em cartaz na telinha da emissora p\u00fablica destaca as transforma\u00e7\u00f5es de um dos rios mais emblem\u00e1ticos de S\u00e3o Paulo.\u00a0 O conte\u00fado da obra independente fica &hellip;<\/p>\n","protected":false},"author":1,"featured_media":0,"comment_status":"open","ping_status":"open","sticky":false,"template":"","format":"standard","meta":{"_jetpack_memberships_contains_paid_content":false,"footnotes":""},"categories":[2,12225,4],"tags":[],"class_list":["post-446576","post","type-post","status-publish","format-standard","hentry","category-entretenimento","category-noticias","category-servicos"],"yoast_head":"<!-- This site is optimized with the Yoast SEO plugin v27.5 - https:\/\/yoast.com\/product\/yoast-seo-wordpress\/ -->\n<title>S\u00e9rie Vozes do Rio Pinheiros estreia neste domingo na TV Brasil<\/title>\n<meta name=\"robots\" content=\"index, follow, max-snippet:-1, max-image-preview:large, max-video-preview:-1\" \/>\n<link rel=\"canonical\" href=\"https:\/\/mrnews.com.br\/index.php\/2025\/07\/20\/serie-vozes-do-rio-pinheiros-estreia-neste-domingo-na-tv-brasil\/\" \/>\n<meta property=\"og:locale\" content=\"pt_BR\" \/>\n<meta property=\"og:type\" content=\"article\" \/>\n<meta property=\"og:title\" content=\"S\u00e9rie Vozes do Rio Pinheiros estreia neste domingo na TV Brasil\" \/>\n<meta property=\"og:description\" content=\"Por EBC, O seriado in\u00e9dito Vozes do Rio Pinheiros estreia na programa\u00e7\u00e3o da TV Brasil neste domingo (20), \u00e0s 18h30. Com tr\u00eas epis\u00f3dios de 26 minutos, a nova produ\u00e7\u00e3o documental em cartaz na telinha da emissora p\u00fablica destaca as transforma\u00e7\u00f5es de um dos rios mais emblem\u00e1ticos de S\u00e3o Paulo.\u00a0 O conte\u00fado da obra independente fica &hellip;\" \/>\n<meta property=\"og:url\" content=\"https:\/\/mrnews.com.br\/index.php\/2025\/07\/20\/serie-vozes-do-rio-pinheiros-estreia-neste-domingo-na-tv-brasil\/\" \/>\n<meta property=\"og:site_name\" content=\"MRNews\" \/>\n<meta property=\"article:publisher\" content=\"https:\/\/www.facebook.com\/eaipahpah\/?locale2=pt_BR\" \/>\n<meta property=\"article:published_time\" content=\"2025-07-20T15:51:34+00:00\" \/>\n<meta name=\"author\" content=\"MR News\" \/>\n<meta name=\"twitter:card\" content=\"summary_large_image\" \/>\n<meta name=\"twitter:creator\" content=\"@conspirou\" \/>\n<meta name=\"twitter:site\" content=\"@conspirou\" \/>\n<meta name=\"twitter:label1\" content=\"Escrito por\" \/>\n\t<meta name=\"twitter:data1\" content=\"MR News\" \/>\n\t<meta name=\"twitter:label2\" content=\"Est. tempo de leitura\" \/>\n\t<meta name=\"twitter:data2\" content=\"4 minutos\" \/>\n<script type=\"application\/ld+json\" class=\"yoast-schema-graph\">{\"@context\":\"https:\\\/\\\/schema.org\",\"@graph\":[{\"@type\":\"Article\",\"@id\":\"https:\\\/\\\/mrnews.com.br\\\/index.php\\\/2025\\\/07\\\/20\\\/serie-vozes-do-rio-pinheiros-estreia-neste-domingo-na-tv-brasil\\\/#article\",\"isPartOf\":{\"@id\":\"https:\\\/\\\/mrnews.com.br\\\/index.php\\\/2025\\\/07\\\/20\\\/serie-vozes-do-rio-pinheiros-estreia-neste-domingo-na-tv-brasil\\\/\"},\"author\":{\"name\":\"MR News\",\"@id\":\"https:\\\/\\\/mrnews.com.br\\\/#\\\/schema\\\/person\\\/be3203154562a9f207407861cef7827b\"},\"headline\":\"S\u00e9rie Vozes do Rio Pinheiros estreia neste domingo na TV Brasil\",\"datePublished\":\"2025-07-20T15:51:34+00:00\",\"mainEntityOfPage\":{\"@id\":\"https:\\\/\\\/mrnews.com.br\\\/index.php\\\/2025\\\/07\\\/20\\\/serie-vozes-do-rio-pinheiros-estreia-neste-domingo-na-tv-brasil\\\/\"},\"wordCount\":851,\"commentCount\":0,\"publisher\":{\"@id\":\"https:\\\/\\\/mrnews.com.br\\\/#organization\"},\"articleSection\":[\"ENTRETENIMENTO\",\"NOTICIAS\",\"SERVI\u00c7OS\"],\"inLanguage\":\"pt-BR\",\"potentialAction\":[{\"@type\":\"CommentAction\",\"name\":\"Comment\",\"target\":[\"https:\\\/\\\/mrnews.com.br\\\/index.php\\\/2025\\\/07\\\/20\\\/serie-vozes-do-rio-pinheiros-estreia-neste-domingo-na-tv-brasil\\\/#respond\"]}]},{\"@type\":\"WebPage\",\"@id\":\"https:\\\/\\\/mrnews.com.br\\\/index.php\\\/2025\\\/07\\\/20\\\/serie-vozes-do-rio-pinheiros-estreia-neste-domingo-na-tv-brasil\\\/\",\"url\":\"https:\\\/\\\/mrnews.com.br\\\/index.php\\\/2025\\\/07\\\/20\\\/serie-vozes-do-rio-pinheiros-estreia-neste-domingo-na-tv-brasil\\\/\",\"name\":\"S\u00e9rie Vozes do Rio Pinheiros estreia neste domingo na TV Brasil\",\"isPartOf\":{\"@id\":\"https:\\\/\\\/mrnews.com.br\\\/#website\"},\"datePublished\":\"2025-07-20T15:51:34+00:00\",\"breadcrumb\":{\"@id\":\"https:\\\/\\\/mrnews.com.br\\\/index.php\\\/2025\\\/07\\\/20\\\/serie-vozes-do-rio-pinheiros-estreia-neste-domingo-na-tv-brasil\\\/#breadcrumb\"},\"inLanguage\":\"pt-BR\",\"potentialAction\":[{\"@type\":\"ReadAction\",\"target\":[\"https:\\\/\\\/mrnews.com.br\\\/index.php\\\/2025\\\/07\\\/20\\\/serie-vozes-do-rio-pinheiros-estreia-neste-domingo-na-tv-brasil\\\/\"]}]},{\"@type\":\"BreadcrumbList\",\"@id\":\"https:\\\/\\\/mrnews.com.br\\\/index.php\\\/2025\\\/07\\\/20\\\/serie-vozes-do-rio-pinheiros-estreia-neste-domingo-na-tv-brasil\\\/#breadcrumb\",\"itemListElement\":[{\"@type\":\"ListItem\",\"position\":1,\"name\":\"In\u00edcio\",\"item\":\"https:\\\/\\\/mrnews.com.br\\\/\"},{\"@type\":\"ListItem\",\"position\":2,\"name\":\"S\u00e9rie Vozes do Rio Pinheiros estreia neste domingo na TV Brasil\"}]},{\"@type\":\"WebSite\",\"@id\":\"https:\\\/\\\/mrnews.com.br\\\/#website\",\"url\":\"https:\\\/\\\/mrnews.com.br\\\/\",\"name\":\"MRNews\",\"description\":\"MRNews Jogos de hoje da TV, transmiss\u00f5es ao vivo, Not\u00edcias de futebol, Jogos ao vivo, Lives, resumo de novelas, Programa\u00e7\u00e3o da Globo, A Fazenda e BBB\",\"publisher\":{\"@id\":\"https:\\\/\\\/mrnews.com.br\\\/#organization\"},\"potentialAction\":[{\"@type\":\"SearchAction\",\"target\":{\"@type\":\"EntryPoint\",\"urlTemplate\":\"https:\\\/\\\/mrnews.com.br\\\/?s={search_term_string}\"},\"query-input\":{\"@type\":\"PropertyValueSpecification\",\"valueRequired\":true,\"valueName\":\"search_term_string\"}}],\"inLanguage\":\"pt-BR\"},{\"@type\":\"Organization\",\"@id\":\"https:\\\/\\\/mrnews.com.br\\\/#organization\",\"name\":\"MRNews\",\"url\":\"https:\\\/\\\/mrnews.com.br\\\/\",\"logo\":{\"@type\":\"ImageObject\",\"inLanguage\":\"pt-BR\",\"@id\":\"https:\\\/\\\/mrnews.com.br\\\/#\\\/schema\\\/logo\\\/image\\\/\",\"url\":\"https:\\\/\\\/mrnews.com.br\\\/wp-content\\\/uploads\\\/2019\\\/06\\\/MRNewslogo2.png\",\"contentUrl\":\"https:\\\/\\\/mrnews.com.br\\\/wp-content\\\/uploads\\\/2019\\\/06\\\/MRNewslogo2.png\",\"width\":223,\"height\":58,\"caption\":\"MRNews\"},\"image\":{\"@id\":\"https:\\\/\\\/mrnews.com.br\\\/#\\\/schema\\\/logo\\\/image\\\/\"},\"sameAs\":[\"https:\\\/\\\/www.facebook.com\\\/eaipahpah\\\/?locale2=pt_BR\",\"https:\\\/\\\/x.com\\\/conspirou\",\"https:\\\/\\\/www.instagram.com\\\/eai_pahpah\",\"https:\\\/\\\/br.pinterest.com\\\/mrnewsn\\\/boards\\\/\",\"https:\\\/\\\/www.youtube.com\\\/channel\\\/UCacgnpznQ61fifLWr1tQ-vA?view_as=subscriber\"]},{\"@type\":\"Person\",\"@id\":\"https:\\\/\\\/mrnews.com.br\\\/#\\\/schema\\\/person\\\/be3203154562a9f207407861cef7827b\",\"name\":\"MR News\",\"image\":{\"@type\":\"ImageObject\",\"inLanguage\":\"pt-BR\",\"@id\":\"https:\\\/\\\/secure.gravatar.com\\\/avatar\\\/04084e6d73c042b8646e7c17b494073bf0ede3ea13c7105cfc45cbbbc28385a4?s=96&d=monsterid&r=g\",\"url\":\"https:\\\/\\\/secure.gravatar.com\\\/avatar\\\/04084e6d73c042b8646e7c17b494073bf0ede3ea13c7105cfc45cbbbc28385a4?s=96&d=monsterid&r=g\",\"contentUrl\":\"https:\\\/\\\/secure.gravatar.com\\\/avatar\\\/04084e6d73c042b8646e7c17b494073bf0ede3ea13c7105cfc45cbbbc28385a4?s=96&d=monsterid&r=g\",\"caption\":\"MR News\"},\"description\":\"Especializado em jornalismo colaborativo pela FTP em n\u00edvel de p\u00f3s-gradua\u00e7\u00e3o. suporte@oimeliga.combr\",\"sameAs\":[\"HUGO R.\",\"Admin\"],\"url\":\"https:\\\/\\\/mrnews.com.br\\\/index.php\\\/author\\\/admin\\\/\"}]}<\/script>\n<!-- \/ Yoast SEO plugin. -->","yoast_head_json":{"title":"S\u00e9rie Vozes do Rio Pinheiros estreia neste domingo na TV Brasil","robots":{"index":"index","follow":"follow","max-snippet":"max-snippet:-1","max-image-preview":"max-image-preview:large","max-video-preview":"max-video-preview:-1"},"canonical":"https:\/\/mrnews.com.br\/index.php\/2025\/07\/20\/serie-vozes-do-rio-pinheiros-estreia-neste-domingo-na-tv-brasil\/","og_locale":"pt_BR","og_type":"article","og_title":"S\u00e9rie Vozes do Rio Pinheiros estreia neste domingo na TV Brasil","og_description":"Por EBC, O seriado in\u00e9dito Vozes do Rio Pinheiros estreia na programa\u00e7\u00e3o da TV Brasil neste domingo (20), \u00e0s 18h30. Com tr\u00eas epis\u00f3dios de 26 minutos, a nova produ\u00e7\u00e3o documental em cartaz na telinha da emissora p\u00fablica destaca as transforma\u00e7\u00f5es de um dos rios mais emblem\u00e1ticos de S\u00e3o Paulo.\u00a0 O conte\u00fado da obra independente fica &hellip;","og_url":"https:\/\/mrnews.com.br\/index.php\/2025\/07\/20\/serie-vozes-do-rio-pinheiros-estreia-neste-domingo-na-tv-brasil\/","og_site_name":"MRNews","article_publisher":"https:\/\/www.facebook.com\/eaipahpah\/?locale2=pt_BR","article_published_time":"2025-07-20T15:51:34+00:00","author":"MR News","twitter_card":"summary_large_image","twitter_creator":"@conspirou","twitter_site":"@conspirou","twitter_misc":{"Escrito por":"MR News","Est. tempo de leitura":"4 minutos"},"schema":{"@context":"https:\/\/schema.org","@graph":[{"@type":"Article","@id":"https:\/\/mrnews.com.br\/index.php\/2025\/07\/20\/serie-vozes-do-rio-pinheiros-estreia-neste-domingo-na-tv-brasil\/#article","isPartOf":{"@id":"https:\/\/mrnews.com.br\/index.php\/2025\/07\/20\/serie-vozes-do-rio-pinheiros-estreia-neste-domingo-na-tv-brasil\/"},"author":{"name":"MR News","@id":"https:\/\/mrnews.com.br\/#\/schema\/person\/be3203154562a9f207407861cef7827b"},"headline":"S\u00e9rie Vozes do Rio Pinheiros estreia neste domingo na TV Brasil","datePublished":"2025-07-20T15:51:34+00:00","mainEntityOfPage":{"@id":"https:\/\/mrnews.com.br\/index.php\/2025\/07\/20\/serie-vozes-do-rio-pinheiros-estreia-neste-domingo-na-tv-brasil\/"},"wordCount":851,"commentCount":0,"publisher":{"@id":"https:\/\/mrnews.com.br\/#organization"},"articleSection":["ENTRETENIMENTO","NOTICIAS","SERVI\u00c7OS"],"inLanguage":"pt-BR","potentialAction":[{"@type":"CommentAction","name":"Comment","target":["https:\/\/mrnews.com.br\/index.php\/2025\/07\/20\/serie-vozes-do-rio-pinheiros-estreia-neste-domingo-na-tv-brasil\/#respond"]}]},{"@type":"WebPage","@id":"https:\/\/mrnews.com.br\/index.php\/2025\/07\/20\/serie-vozes-do-rio-pinheiros-estreia-neste-domingo-na-tv-brasil\/","url":"https:\/\/mrnews.com.br\/index.php\/2025\/07\/20\/serie-vozes-do-rio-pinheiros-estreia-neste-domingo-na-tv-brasil\/","name":"S\u00e9rie Vozes do Rio Pinheiros estreia neste domingo na TV Brasil","isPartOf":{"@id":"https:\/\/mrnews.com.br\/#website"},"datePublished":"2025-07-20T15:51:34+00:00","breadcrumb":{"@id":"https:\/\/mrnews.com.br\/index.php\/2025\/07\/20\/serie-vozes-do-rio-pinheiros-estreia-neste-domingo-na-tv-brasil\/#breadcrumb"},"inLanguage":"pt-BR","potentialAction":[{"@type":"ReadAction","target":["https:\/\/mrnews.com.br\/index.php\/2025\/07\/20\/serie-vozes-do-rio-pinheiros-estreia-neste-domingo-na-tv-brasil\/"]}]},{"@type":"BreadcrumbList","@id":"https:\/\/mrnews.com.br\/index.php\/2025\/07\/20\/serie-vozes-do-rio-pinheiros-estreia-neste-domingo-na-tv-brasil\/#breadcrumb","itemListElement":[{"@type":"ListItem","position":1,"name":"In\u00edcio","item":"https:\/\/mrnews.com.br\/"},{"@type":"ListItem","position":2,"name":"S\u00e9rie Vozes do Rio Pinheiros estreia neste domingo na TV Brasil"}]},{"@type":"WebSite","@id":"https:\/\/mrnews.com.br\/#website","url":"https:\/\/mrnews.com.br\/","name":"MRNews","description":"MRNews Jogos de hoje da TV, transmiss\u00f5es ao vivo, Not\u00edcias de futebol, Jogos ao vivo, Lives, resumo de novelas, Programa\u00e7\u00e3o da Globo, A Fazenda e BBB","publisher":{"@id":"https:\/\/mrnews.com.br\/#organization"},"potentialAction":[{"@type":"SearchAction","target":{"@type":"EntryPoint","urlTemplate":"https:\/\/mrnews.com.br\/?s={search_term_string}"},"query-input":{"@type":"PropertyValueSpecification","valueRequired":true,"valueName":"search_term_string"}}],"inLanguage":"pt-BR"},{"@type":"Organization","@id":"https:\/\/mrnews.com.br\/#organization","name":"MRNews","url":"https:\/\/mrnews.com.br\/","logo":{"@type":"ImageObject","inLanguage":"pt-BR","@id":"https:\/\/mrnews.com.br\/#\/schema\/logo\/image\/","url":"https:\/\/mrnews.com.br\/wp-content\/uploads\/2019\/06\/MRNewslogo2.png","contentUrl":"https:\/\/mrnews.com.br\/wp-content\/uploads\/2019\/06\/MRNewslogo2.png","width":223,"height":58,"caption":"MRNews"},"image":{"@id":"https:\/\/mrnews.com.br\/#\/schema\/logo\/image\/"},"sameAs":["https:\/\/www.facebook.com\/eaipahpah\/?locale2=pt_BR","https:\/\/x.com\/conspirou","https:\/\/www.instagram.com\/eai_pahpah","https:\/\/br.pinterest.com\/mrnewsn\/boards\/","https:\/\/www.youtube.com\/channel\/UCacgnpznQ61fifLWr1tQ-vA?view_as=subscriber"]},{"@type":"Person","@id":"https:\/\/mrnews.com.br\/#\/schema\/person\/be3203154562a9f207407861cef7827b","name":"MR News","image":{"@type":"ImageObject","inLanguage":"pt-BR","@id":"https:\/\/secure.gravatar.com\/avatar\/04084e6d73c042b8646e7c17b494073bf0ede3ea13c7105cfc45cbbbc28385a4?s=96&d=monsterid&r=g","url":"https:\/\/secure.gravatar.com\/avatar\/04084e6d73c042b8646e7c17b494073bf0ede3ea13c7105cfc45cbbbc28385a4?s=96&d=monsterid&r=g","contentUrl":"https:\/\/secure.gravatar.com\/avatar\/04084e6d73c042b8646e7c17b494073bf0ede3ea13c7105cfc45cbbbc28385a4?s=96&d=monsterid&r=g","caption":"MR News"},"description":"Especializado em jornalismo colaborativo pela FTP em n\u00edvel de p\u00f3s-gradua\u00e7\u00e3o. suporte@oimeliga.combr","sameAs":["HUGO R.","Admin"],"url":"https:\/\/mrnews.com.br\/index.php\/author\/admin\/"}]}},"jetpack_featured_media_url":"","jetpack_sharing_enabled":true,"jetpack_shortlink":"https:\/\/wp.me\/pa2Qf7-1SaQ","amp_enabled":true,"_links":{"self":[{"href":"https:\/\/mrnews.com.br\/index.php\/wp-json\/wp\/v2\/posts\/446576","targetHints":{"allow":["GET"]}}],"collection":[{"href":"https:\/\/mrnews.com.br\/index.php\/wp-json\/wp\/v2\/posts"}],"about":[{"href":"https:\/\/mrnews.com.br\/index.php\/wp-json\/wp\/v2\/types\/post"}],"author":[{"embeddable":true,"href":"https:\/\/mrnews.com.br\/index.php\/wp-json\/wp\/v2\/users\/1"}],"replies":[{"embeddable":true,"href":"https:\/\/mrnews.com.br\/index.php\/wp-json\/wp\/v2\/comments?post=446576"}],"version-history":[{"count":0,"href":"https:\/\/mrnews.com.br\/index.php\/wp-json\/wp\/v2\/posts\/446576\/revisions"}],"wp:attachment":[{"href":"https:\/\/mrnews.com.br\/index.php\/wp-json\/wp\/v2\/media?parent=446576"}],"wp:term":[{"taxonomy":"category","embeddable":true,"href":"https:\/\/mrnews.com.br\/index.php\/wp-json\/wp\/v2\/categories?post=446576"},{"taxonomy":"post_tag","embeddable":true,"href":"https:\/\/mrnews.com.br\/index.php\/wp-json\/wp\/v2\/tags?post=446576"}],"curies":[{"name":"wp","href":"https:\/\/api.w.org\/{rel}","templated":true}]}}