{"id":446585,"date":"2025-07-20T18:27:35","date_gmt":"2025-07-20T21:27:35","guid":{"rendered":"https:\/\/mrnews.com.br\/index.php\/2025\/07\/20\/tarifaco-pode-impactar-vendas-de-suco-de-laranja-cafe-carne-e-frutas\/"},"modified":"2025-07-20T18:27:35","modified_gmt":"2025-07-20T21:27:35","slug":"tarifaco-pode-impactar-vendas-de-suco-de-laranja-cafe-carne-e-frutas","status":"publish","type":"post","link":"https:\/\/mrnews.com.br\/index.php\/2025\/07\/20\/tarifaco-pode-impactar-vendas-de-suco-de-laranja-cafe-carne-e-frutas\/","title":{"rendered":"Tarifa\u00e7o pode impactar vendas de suco de laranja, caf\u00e9, carne e frutas"},"content":{"rendered":"<p>Por EBC, <\/p>\n<div>\n<p>A decis\u00e3o do presidente dos Estados Unidos, Donald Trump, de\u00a0estabelecer uma tarifa de 50% sobre todos os produtos brasileiros que s\u00e3o exportados para os Estados Unidos\u00a0pode comprometer receitas do agroneg\u00f3cio brasileiro, provocar desequil\u00edbrios de mercado e pressionar os valores pagos ao produtor. O alerta \u00e9 do Centro de Estudos Avan\u00e7ados em Economia Aplicada (Cepea) da Escola Superior de Agricultura Luiz de Queiroz (Esalq), da Universidade de S\u00e3o Paulo (USP).<\/p>\n<p><strong>Segundo o Cepea, os itens mais expostos ao tarifa\u00e7o de Trump s\u00e3o o mercado de suco de laranja, o setor cafeeiro, a\u00a0pecu\u00e1ria\u00a0de corte e o de frutas frescas.<\/strong><\/p>\n<p><strong>Dentre esses itens, o suco de laranja \u00e9 o produto mais sens\u00edvel a essa pol\u00edtica tarif\u00e1ria<\/strong>, dizem os pesquisadores do Cepea. \u201cIsso porque j\u00e1 incide atualmente uma tarifa fixa de US$ 415 por tonelada sobre o produto, e a aplica\u00e7\u00e3o de uma sobretaxa de at\u00e9 50% elevaria significativamente o custo de entrada nos Estados Unidos, comprometendo sua competitividade no segundo maior destino dos embarques brasileiros\u201d, dizem os pesquisadores, em nota.<\/p>\n<p><strong>Segundo o Cepea, os Estados Unidos importam atualmente cerca de 90% do suco que consomem, sendo que o Brasil \u00e9 respons\u00e1vel por aproximadamente 80% desse total<\/strong>. \u201cEssa instabilidade ocorre justamente em um momento de boa safra no estado de S\u00e3o Paulo e Tri\u00e2ngulo Mineiro: 314,6 milh\u00f5es de caixas projetadas para 2025\/26, crescimento de 36,2% frente ao ciclo anterior. Com o canal norte-americano sob risco, o ac\u00famulo de estoques e a press\u00e3o sobre as cota\u00e7\u00f5es internas tornam-se prov\u00e1veis\u201d, avaliou a\u00a0professora da Esalq\/USP Margarete Boteon, pesquisadora da \u00e1rea de citros do Cepea.<\/p>\n<p><strong>Quanto ao caf\u00e9, os Estados Unidos s\u00e3o o maior consumidor global do produto e importam cerca de 25% do Brasil, especialmente da variedade ar\u00e1bica<\/strong>, insumo essencial para a ind\u00fastria local de torrefa\u00e7\u00e3o. Como os Estados Unidos n\u00e3o produzem caf\u00e9, a eleva\u00e7\u00e3o do custo de importa\u00e7\u00e3o deve comprometer a viabilidade de toda a cadeia interna, que envolve torrefadoras, cafeterias, ind\u00fastrias de bebidas e redes de varejo.<\/p>\n<p>\u201cA exclus\u00e3o do caf\u00e9 do pacote tarif\u00e1rio \u00e9 n\u00e3o apenas desej\u00e1vel, mas estrat\u00e9gica, tanto para a sustentabilidade da cafeicultura brasileira quanto para a estabilidade da cadeia de abastecimento norte-americana\u201d, destaca o pesquisador de caf\u00e9 do Cepea Renato Ribeiro.<\/p>\n<p>Com a queda nas cota\u00e7\u00f5es do produto e a instabilidade externa provocada principalmente pelo tarifa\u00e7o, os produtores t\u00eam vendido volumes m\u00ednimos para manter o fluxo de caixa,\u00a0adiando as grandes negocia\u00e7\u00f5es para esperar por defini\u00e7\u00f5es sobre o cen\u00e1rio tarif\u00e1rio.<\/p>\n<h2>Carne bovina<\/h2>\n<p><strong>Os Estados Unidos s\u00e3o o segundo maior comprador da carne bovina brasileira, atr\u00e1s apenas da China, que concentra 49% do total embarcado pelo Brasil.<\/strong> <strong>As empresas estadunidenses s\u00e3o respons\u00e1veis por 12% das exporta\u00e7\u00f5es do produto brasileiro<\/strong> e, entre mar\u00e7o e abril, elas adquiriram volumes recordes de carne bovina, acima de 40 mil toneladas por m\u00eas, o que pode indicar uma poss\u00edvel movimenta\u00e7\u00e3o de forma\u00e7\u00e3o de estoque diante do receio de que Trump viesse a aumentar as tarifas para o com\u00e9rcio exterior. S\u00e3o Paulo, Goi\u00e1s e Mato Grosso do Sul s\u00e3o os estados brasileiros, respectivamente, que mais t\u00eam escoado carne aos EUA.<\/p>\n<p>Nos \u00faltimos meses, no entanto, houve redu\u00e7\u00e3o no volume exportado para os Estados Unidos, enquanto os embarques para a China v\u00eam crescendo. Em junho, especificamente, v\u00e1rios outros parceiros comerciais tamb\u00e9m aumentaram suas compras na compara\u00e7\u00e3o com\u00a0maio. Segundo o Cepea, isso sinaliza que os frigor\u00edficos brasileiros t\u00eam possibilidade de ampliar suas vendas para outros mercados.<\/p>\n<h2>Frutas frescas<\/h2>\n<p><strong>No caso do mercado de frutas frescas, o maior impacto imediato recai sobre a manga, dizem os pesquisadores da USP<\/strong>. Isso acontece porque a janela cr\u00edtica de exporta\u00e7\u00e3o desse produto aos Estados Unidos come\u00e7a em agosto. De acordo com o Cepea, j\u00e1 h\u00e1 relatos de posterga\u00e7\u00e3o de embarques frente \u00e0 indefini\u00e7\u00e3o tarif\u00e1ria. A uva brasileira, cuja safra tem calend\u00e1rio relevante para os EUA a partir da segunda quinzena de setembro, tamb\u00e9m passa a integrar o grupo de culturas em alerta.<\/p>\n<p>Antes do tarifa\u00e7o, no entanto, a expectativa era de crescimento de exporta\u00e7\u00f5es de frutas frescas, sustentada pela valoriza\u00e7\u00e3o cambial e pela recomposi\u00e7\u00e3o produtiva de diversas culturas. \u201cA proje\u00e7\u00e3o otimista foi substitu\u00edda por d\u00favidas. Al\u00e9m da retra\u00e7\u00e3o esperada nas vendas aos EUA, h\u00e1 o risco de desequil\u00edbrio entre oferta e demanda nos principais destinos, pressionando as cota\u00e7\u00f5es ao produtor\u201d, disse Lucas de Mora Bezerra, do Cepea.<\/p>\n<p>O que pode ocorrer, dizem os pesquisadores, \u00e9 que as frutas que seriam destinadas aos Estados Unidos sejam direcionadas a outros mercados, como a Uni\u00e3o Europeia, ou at\u00e9 mesmo absorvidas pelo mercado interno, o que pode pressionar o pre\u00e7o ao produtor.<\/p>\n<p>Diante desse contexto geral relacionado ao caf\u00e9, \u00e0 carne bovina, ao suco de laranja e \u00e0s frutas frescas, o Cepea informa que \u00e9 urgente \u201cuma articula\u00e7\u00e3o diplom\u00e1tica coordenada, com vistas \u00e0 revis\u00e3o ou exclus\u00e3o das tarifas sobre produtos agroalimentares brasileiros\u201d.<\/p>\n<p>\u201cTal medida \u00e9 estrat\u00e9gica n\u00e3o apenas para o Brasil, mas tamb\u00e9m para os pr\u00f3prios Estados Unidos, cuja seguran\u00e7a alimentar e competitividade da agroind\u00fastria dependem de forma substancial do fornecimento brasileiro\u201d, diz a nota.<\/p>\n<p>      <!-- Relacionada --><\/p>\n<p>            <!-- Relacionada -->\n    <\/div>\n","protected":false},"excerpt":{"rendered":"<p>Por EBC, A decis\u00e3o do presidente dos Estados Unidos, Donald Trump, de\u00a0estabelecer uma tarifa de 50% sobre todos os produtos brasileiros que s\u00e3o exportados para os Estados Unidos\u00a0pode comprometer receitas do agroneg\u00f3cio brasileiro, provocar desequil\u00edbrios de mercado e pressionar os valores pagos ao produtor. O alerta \u00e9 do Centro de Estudos Avan\u00e7ados em Economia Aplicada &hellip;<\/p>\n","protected":false},"author":1,"featured_media":0,"comment_status":"open","ping_status":"open","sticky":false,"template":"","format":"standard","meta":{"_jetpack_memberships_contains_paid_content":false,"footnotes":""},"categories":[2,12225,4],"tags":[],"class_list":["post-446585","post","type-post","status-publish","format-standard","hentry","category-entretenimento","category-noticias","category-servicos"],"yoast_head":"<!-- This site is optimized with the Yoast SEO plugin v27.5 - https:\/\/yoast.com\/product\/yoast-seo-wordpress\/ -->\n<title>Tarifa\u00e7o pode impactar vendas de suco de laranja, caf\u00e9, carne e frutas<\/title>\n<meta name=\"robots\" content=\"index, follow, max-snippet:-1, max-image-preview:large, max-video-preview:-1\" \/>\n<link rel=\"canonical\" href=\"https:\/\/mrnews.com.br\/index.php\/2025\/07\/20\/tarifaco-pode-impactar-vendas-de-suco-de-laranja-cafe-carne-e-frutas\/\" \/>\n<meta property=\"og:locale\" content=\"pt_BR\" \/>\n<meta property=\"og:type\" content=\"article\" \/>\n<meta property=\"og:title\" content=\"Tarifa\u00e7o pode impactar vendas de suco de laranja, caf\u00e9, carne e frutas\" \/>\n<meta property=\"og:description\" content=\"Por EBC, A decis\u00e3o do presidente dos Estados Unidos, Donald Trump, de\u00a0estabelecer uma tarifa de 50% sobre todos os produtos brasileiros que s\u00e3o exportados para os Estados Unidos\u00a0pode comprometer receitas do agroneg\u00f3cio brasileiro, provocar desequil\u00edbrios de mercado e pressionar os valores pagos ao produtor. O alerta \u00e9 do Centro de Estudos Avan\u00e7ados em Economia Aplicada &hellip;\" \/>\n<meta property=\"og:url\" content=\"https:\/\/mrnews.com.br\/index.php\/2025\/07\/20\/tarifaco-pode-impactar-vendas-de-suco-de-laranja-cafe-carne-e-frutas\/\" \/>\n<meta property=\"og:site_name\" content=\"MRNews\" \/>\n<meta property=\"article:publisher\" content=\"https:\/\/www.facebook.com\/eaipahpah\/?locale2=pt_BR\" \/>\n<meta property=\"article:published_time\" content=\"2025-07-20T21:27:35+00:00\" \/>\n<meta name=\"author\" content=\"MR News\" \/>\n<meta name=\"twitter:card\" content=\"summary_large_image\" \/>\n<meta name=\"twitter:creator\" content=\"@conspirou\" \/>\n<meta name=\"twitter:site\" content=\"@conspirou\" \/>\n<meta name=\"twitter:label1\" content=\"Escrito por\" \/>\n\t<meta name=\"twitter:data1\" content=\"MR News\" \/>\n\t<meta name=\"twitter:label2\" content=\"Est. tempo de leitura\" \/>\n\t<meta name=\"twitter:data2\" content=\"4 minutos\" \/>\n<script type=\"application\/ld+json\" class=\"yoast-schema-graph\">{\"@context\":\"https:\\\/\\\/schema.org\",\"@graph\":[{\"@type\":\"Article\",\"@id\":\"https:\\\/\\\/mrnews.com.br\\\/index.php\\\/2025\\\/07\\\/20\\\/tarifaco-pode-impactar-vendas-de-suco-de-laranja-cafe-carne-e-frutas\\\/#article\",\"isPartOf\":{\"@id\":\"https:\\\/\\\/mrnews.com.br\\\/index.php\\\/2025\\\/07\\\/20\\\/tarifaco-pode-impactar-vendas-de-suco-de-laranja-cafe-carne-e-frutas\\\/\"},\"author\":{\"name\":\"MR News\",\"@id\":\"https:\\\/\\\/mrnews.com.br\\\/#\\\/schema\\\/person\\\/be3203154562a9f207407861cef7827b\"},\"headline\":\"Tarifa\u00e7o pode impactar vendas de suco de laranja, caf\u00e9, carne e frutas\",\"datePublished\":\"2025-07-20T21:27:35+00:00\",\"mainEntityOfPage\":{\"@id\":\"https:\\\/\\\/mrnews.com.br\\\/index.php\\\/2025\\\/07\\\/20\\\/tarifaco-pode-impactar-vendas-de-suco-de-laranja-cafe-carne-e-frutas\\\/\"},\"wordCount\":912,\"commentCount\":0,\"publisher\":{\"@id\":\"https:\\\/\\\/mrnews.com.br\\\/#organization\"},\"articleSection\":[\"ENTRETENIMENTO\",\"NOTICIAS\",\"SERVI\u00c7OS\"],\"inLanguage\":\"pt-BR\",\"potentialAction\":[{\"@type\":\"CommentAction\",\"name\":\"Comment\",\"target\":[\"https:\\\/\\\/mrnews.com.br\\\/index.php\\\/2025\\\/07\\\/20\\\/tarifaco-pode-impactar-vendas-de-suco-de-laranja-cafe-carne-e-frutas\\\/#respond\"]}]},{\"@type\":\"WebPage\",\"@id\":\"https:\\\/\\\/mrnews.com.br\\\/index.php\\\/2025\\\/07\\\/20\\\/tarifaco-pode-impactar-vendas-de-suco-de-laranja-cafe-carne-e-frutas\\\/\",\"url\":\"https:\\\/\\\/mrnews.com.br\\\/index.php\\\/2025\\\/07\\\/20\\\/tarifaco-pode-impactar-vendas-de-suco-de-laranja-cafe-carne-e-frutas\\\/\",\"name\":\"Tarifa\u00e7o pode impactar vendas de suco de laranja, caf\u00e9, carne e frutas\",\"isPartOf\":{\"@id\":\"https:\\\/\\\/mrnews.com.br\\\/#website\"},\"datePublished\":\"2025-07-20T21:27:35+00:00\",\"breadcrumb\":{\"@id\":\"https:\\\/\\\/mrnews.com.br\\\/index.php\\\/2025\\\/07\\\/20\\\/tarifaco-pode-impactar-vendas-de-suco-de-laranja-cafe-carne-e-frutas\\\/#breadcrumb\"},\"inLanguage\":\"pt-BR\",\"potentialAction\":[{\"@type\":\"ReadAction\",\"target\":[\"https:\\\/\\\/mrnews.com.br\\\/index.php\\\/2025\\\/07\\\/20\\\/tarifaco-pode-impactar-vendas-de-suco-de-laranja-cafe-carne-e-frutas\\\/\"]}]},{\"@type\":\"BreadcrumbList\",\"@id\":\"https:\\\/\\\/mrnews.com.br\\\/index.php\\\/2025\\\/07\\\/20\\\/tarifaco-pode-impactar-vendas-de-suco-de-laranja-cafe-carne-e-frutas\\\/#breadcrumb\",\"itemListElement\":[{\"@type\":\"ListItem\",\"position\":1,\"name\":\"In\u00edcio\",\"item\":\"https:\\\/\\\/mrnews.com.br\\\/\"},{\"@type\":\"ListItem\",\"position\":2,\"name\":\"Tarifa\u00e7o pode impactar vendas de suco de laranja, caf\u00e9, carne e frutas\"}]},{\"@type\":\"WebSite\",\"@id\":\"https:\\\/\\\/mrnews.com.br\\\/#website\",\"url\":\"https:\\\/\\\/mrnews.com.br\\\/\",\"name\":\"MRNews\",\"description\":\"MRNews Jogos de hoje da TV, transmiss\u00f5es ao vivo, Not\u00edcias de futebol, Jogos ao vivo, Lives, resumo de novelas, Programa\u00e7\u00e3o da Globo, A Fazenda e BBB\",\"publisher\":{\"@id\":\"https:\\\/\\\/mrnews.com.br\\\/#organization\"},\"potentialAction\":[{\"@type\":\"SearchAction\",\"target\":{\"@type\":\"EntryPoint\",\"urlTemplate\":\"https:\\\/\\\/mrnews.com.br\\\/?s={search_term_string}\"},\"query-input\":{\"@type\":\"PropertyValueSpecification\",\"valueRequired\":true,\"valueName\":\"search_term_string\"}}],\"inLanguage\":\"pt-BR\"},{\"@type\":\"Organization\",\"@id\":\"https:\\\/\\\/mrnews.com.br\\\/#organization\",\"name\":\"MRNews\",\"url\":\"https:\\\/\\\/mrnews.com.br\\\/\",\"logo\":{\"@type\":\"ImageObject\",\"inLanguage\":\"pt-BR\",\"@id\":\"https:\\\/\\\/mrnews.com.br\\\/#\\\/schema\\\/logo\\\/image\\\/\",\"url\":\"https:\\\/\\\/mrnews.com.br\\\/wp-content\\\/uploads\\\/2019\\\/06\\\/MRNewslogo2.png\",\"contentUrl\":\"https:\\\/\\\/mrnews.com.br\\\/wp-content\\\/uploads\\\/2019\\\/06\\\/MRNewslogo2.png\",\"width\":223,\"height\":58,\"caption\":\"MRNews\"},\"image\":{\"@id\":\"https:\\\/\\\/mrnews.com.br\\\/#\\\/schema\\\/logo\\\/image\\\/\"},\"sameAs\":[\"https:\\\/\\\/www.facebook.com\\\/eaipahpah\\\/?locale2=pt_BR\",\"https:\\\/\\\/x.com\\\/conspirou\",\"https:\\\/\\\/www.instagram.com\\\/eai_pahpah\",\"https:\\\/\\\/br.pinterest.com\\\/mrnewsn\\\/boards\\\/\",\"https:\\\/\\\/www.youtube.com\\\/channel\\\/UCacgnpznQ61fifLWr1tQ-vA?view_as=subscriber\"]},{\"@type\":\"Person\",\"@id\":\"https:\\\/\\\/mrnews.com.br\\\/#\\\/schema\\\/person\\\/be3203154562a9f207407861cef7827b\",\"name\":\"MR News\",\"image\":{\"@type\":\"ImageObject\",\"inLanguage\":\"pt-BR\",\"@id\":\"https:\\\/\\\/secure.gravatar.com\\\/avatar\\\/04084e6d73c042b8646e7c17b494073bf0ede3ea13c7105cfc45cbbbc28385a4?s=96&d=monsterid&r=g\",\"url\":\"https:\\\/\\\/secure.gravatar.com\\\/avatar\\\/04084e6d73c042b8646e7c17b494073bf0ede3ea13c7105cfc45cbbbc28385a4?s=96&d=monsterid&r=g\",\"contentUrl\":\"https:\\\/\\\/secure.gravatar.com\\\/avatar\\\/04084e6d73c042b8646e7c17b494073bf0ede3ea13c7105cfc45cbbbc28385a4?s=96&d=monsterid&r=g\",\"caption\":\"MR News\"},\"description\":\"Especializado em jornalismo colaborativo pela FTP em n\u00edvel de p\u00f3s-gradua\u00e7\u00e3o. suporte@oimeliga.combr\",\"sameAs\":[\"HUGO R.\",\"Admin\"],\"url\":\"https:\\\/\\\/mrnews.com.br\\\/index.php\\\/author\\\/admin\\\/\"}]}<\/script>\n<!-- \/ Yoast SEO plugin. -->","yoast_head_json":{"title":"Tarifa\u00e7o pode impactar vendas de suco de laranja, caf\u00e9, carne e frutas","robots":{"index":"index","follow":"follow","max-snippet":"max-snippet:-1","max-image-preview":"max-image-preview:large","max-video-preview":"max-video-preview:-1"},"canonical":"https:\/\/mrnews.com.br\/index.php\/2025\/07\/20\/tarifaco-pode-impactar-vendas-de-suco-de-laranja-cafe-carne-e-frutas\/","og_locale":"pt_BR","og_type":"article","og_title":"Tarifa\u00e7o pode impactar vendas de suco de laranja, caf\u00e9, carne e frutas","og_description":"Por EBC, A decis\u00e3o do presidente dos Estados Unidos, Donald Trump, de\u00a0estabelecer uma tarifa de 50% sobre todos os produtos brasileiros que s\u00e3o exportados para os Estados Unidos\u00a0pode comprometer receitas do agroneg\u00f3cio brasileiro, provocar desequil\u00edbrios de mercado e pressionar os valores pagos ao produtor. O alerta \u00e9 do Centro de Estudos Avan\u00e7ados em Economia Aplicada &hellip;","og_url":"https:\/\/mrnews.com.br\/index.php\/2025\/07\/20\/tarifaco-pode-impactar-vendas-de-suco-de-laranja-cafe-carne-e-frutas\/","og_site_name":"MRNews","article_publisher":"https:\/\/www.facebook.com\/eaipahpah\/?locale2=pt_BR","article_published_time":"2025-07-20T21:27:35+00:00","author":"MR News","twitter_card":"summary_large_image","twitter_creator":"@conspirou","twitter_site":"@conspirou","twitter_misc":{"Escrito por":"MR News","Est. tempo de leitura":"4 minutos"},"schema":{"@context":"https:\/\/schema.org","@graph":[{"@type":"Article","@id":"https:\/\/mrnews.com.br\/index.php\/2025\/07\/20\/tarifaco-pode-impactar-vendas-de-suco-de-laranja-cafe-carne-e-frutas\/#article","isPartOf":{"@id":"https:\/\/mrnews.com.br\/index.php\/2025\/07\/20\/tarifaco-pode-impactar-vendas-de-suco-de-laranja-cafe-carne-e-frutas\/"},"author":{"name":"MR News","@id":"https:\/\/mrnews.com.br\/#\/schema\/person\/be3203154562a9f207407861cef7827b"},"headline":"Tarifa\u00e7o pode impactar vendas de suco de laranja, caf\u00e9, carne e frutas","datePublished":"2025-07-20T21:27:35+00:00","mainEntityOfPage":{"@id":"https:\/\/mrnews.com.br\/index.php\/2025\/07\/20\/tarifaco-pode-impactar-vendas-de-suco-de-laranja-cafe-carne-e-frutas\/"},"wordCount":912,"commentCount":0,"publisher":{"@id":"https:\/\/mrnews.com.br\/#organization"},"articleSection":["ENTRETENIMENTO","NOTICIAS","SERVI\u00c7OS"],"inLanguage":"pt-BR","potentialAction":[{"@type":"CommentAction","name":"Comment","target":["https:\/\/mrnews.com.br\/index.php\/2025\/07\/20\/tarifaco-pode-impactar-vendas-de-suco-de-laranja-cafe-carne-e-frutas\/#respond"]}]},{"@type":"WebPage","@id":"https:\/\/mrnews.com.br\/index.php\/2025\/07\/20\/tarifaco-pode-impactar-vendas-de-suco-de-laranja-cafe-carne-e-frutas\/","url":"https:\/\/mrnews.com.br\/index.php\/2025\/07\/20\/tarifaco-pode-impactar-vendas-de-suco-de-laranja-cafe-carne-e-frutas\/","name":"Tarifa\u00e7o pode impactar vendas de suco de laranja, caf\u00e9, carne e frutas","isPartOf":{"@id":"https:\/\/mrnews.com.br\/#website"},"datePublished":"2025-07-20T21:27:35+00:00","breadcrumb":{"@id":"https:\/\/mrnews.com.br\/index.php\/2025\/07\/20\/tarifaco-pode-impactar-vendas-de-suco-de-laranja-cafe-carne-e-frutas\/#breadcrumb"},"inLanguage":"pt-BR","potentialAction":[{"@type":"ReadAction","target":["https:\/\/mrnews.com.br\/index.php\/2025\/07\/20\/tarifaco-pode-impactar-vendas-de-suco-de-laranja-cafe-carne-e-frutas\/"]}]},{"@type":"BreadcrumbList","@id":"https:\/\/mrnews.com.br\/index.php\/2025\/07\/20\/tarifaco-pode-impactar-vendas-de-suco-de-laranja-cafe-carne-e-frutas\/#breadcrumb","itemListElement":[{"@type":"ListItem","position":1,"name":"In\u00edcio","item":"https:\/\/mrnews.com.br\/"},{"@type":"ListItem","position":2,"name":"Tarifa\u00e7o pode impactar vendas de suco de laranja, caf\u00e9, carne e frutas"}]},{"@type":"WebSite","@id":"https:\/\/mrnews.com.br\/#website","url":"https:\/\/mrnews.com.br\/","name":"MRNews","description":"MRNews Jogos de hoje da TV, transmiss\u00f5es ao vivo, Not\u00edcias de futebol, Jogos ao vivo, Lives, resumo de novelas, Programa\u00e7\u00e3o da Globo, A Fazenda e BBB","publisher":{"@id":"https:\/\/mrnews.com.br\/#organization"},"potentialAction":[{"@type":"SearchAction","target":{"@type":"EntryPoint","urlTemplate":"https:\/\/mrnews.com.br\/?s={search_term_string}"},"query-input":{"@type":"PropertyValueSpecification","valueRequired":true,"valueName":"search_term_string"}}],"inLanguage":"pt-BR"},{"@type":"Organization","@id":"https:\/\/mrnews.com.br\/#organization","name":"MRNews","url":"https:\/\/mrnews.com.br\/","logo":{"@type":"ImageObject","inLanguage":"pt-BR","@id":"https:\/\/mrnews.com.br\/#\/schema\/logo\/image\/","url":"https:\/\/mrnews.com.br\/wp-content\/uploads\/2019\/06\/MRNewslogo2.png","contentUrl":"https:\/\/mrnews.com.br\/wp-content\/uploads\/2019\/06\/MRNewslogo2.png","width":223,"height":58,"caption":"MRNews"},"image":{"@id":"https:\/\/mrnews.com.br\/#\/schema\/logo\/image\/"},"sameAs":["https:\/\/www.facebook.com\/eaipahpah\/?locale2=pt_BR","https:\/\/x.com\/conspirou","https:\/\/www.instagram.com\/eai_pahpah","https:\/\/br.pinterest.com\/mrnewsn\/boards\/","https:\/\/www.youtube.com\/channel\/UCacgnpznQ61fifLWr1tQ-vA?view_as=subscriber"]},{"@type":"Person","@id":"https:\/\/mrnews.com.br\/#\/schema\/person\/be3203154562a9f207407861cef7827b","name":"MR News","image":{"@type":"ImageObject","inLanguage":"pt-BR","@id":"https:\/\/secure.gravatar.com\/avatar\/04084e6d73c042b8646e7c17b494073bf0ede3ea13c7105cfc45cbbbc28385a4?s=96&d=monsterid&r=g","url":"https:\/\/secure.gravatar.com\/avatar\/04084e6d73c042b8646e7c17b494073bf0ede3ea13c7105cfc45cbbbc28385a4?s=96&d=monsterid&r=g","contentUrl":"https:\/\/secure.gravatar.com\/avatar\/04084e6d73c042b8646e7c17b494073bf0ede3ea13c7105cfc45cbbbc28385a4?s=96&d=monsterid&r=g","caption":"MR News"},"description":"Especializado em jornalismo colaborativo pela FTP em n\u00edvel de p\u00f3s-gradua\u00e7\u00e3o. suporte@oimeliga.combr","sameAs":["HUGO R.","Admin"],"url":"https:\/\/mrnews.com.br\/index.php\/author\/admin\/"}]}},"jetpack_featured_media_url":"","jetpack_sharing_enabled":true,"jetpack_shortlink":"https:\/\/wp.me\/pa2Qf7-1SaZ","amp_enabled":true,"_links":{"self":[{"href":"https:\/\/mrnews.com.br\/index.php\/wp-json\/wp\/v2\/posts\/446585","targetHints":{"allow":["GET"]}}],"collection":[{"href":"https:\/\/mrnews.com.br\/index.php\/wp-json\/wp\/v2\/posts"}],"about":[{"href":"https:\/\/mrnews.com.br\/index.php\/wp-json\/wp\/v2\/types\/post"}],"author":[{"embeddable":true,"href":"https:\/\/mrnews.com.br\/index.php\/wp-json\/wp\/v2\/users\/1"}],"replies":[{"embeddable":true,"href":"https:\/\/mrnews.com.br\/index.php\/wp-json\/wp\/v2\/comments?post=446585"}],"version-history":[{"count":0,"href":"https:\/\/mrnews.com.br\/index.php\/wp-json\/wp\/v2\/posts\/446585\/revisions"}],"wp:attachment":[{"href":"https:\/\/mrnews.com.br\/index.php\/wp-json\/wp\/v2\/media?parent=446585"}],"wp:term":[{"taxonomy":"category","embeddable":true,"href":"https:\/\/mrnews.com.br\/index.php\/wp-json\/wp\/v2\/categories?post=446585"},{"taxonomy":"post_tag","embeddable":true,"href":"https:\/\/mrnews.com.br\/index.php\/wp-json\/wp\/v2\/tags?post=446585"}],"curies":[{"name":"wp","href":"https:\/\/api.w.org\/{rel}","templated":true}]}}