{"id":446586,"date":"2025-07-20T19:41:37","date_gmt":"2025-07-20T22:41:37","guid":{"rendered":"https:\/\/mrnews.com.br\/index.php\/2025\/07\/20\/curso-de-decoracao-de-camarim-e-palco-capacita-populacao-em-bonito-prefeitura-municipal-de-bonito\/"},"modified":"2025-07-20T19:41:37","modified_gmt":"2025-07-20T22:41:37","slug":"curso-de-decoracao-de-camarim-e-palco-capacita-populacao-em-bonito-prefeitura-municipal-de-bonito","status":"publish","type":"post","link":"https:\/\/mrnews.com.br\/index.php\/2025\/07\/20\/curso-de-decoracao-de-camarim-e-palco-capacita-populacao-em-bonito-prefeitura-municipal-de-bonito\/","title":{"rendered":"Curso de decora\u00e7\u00e3o de camarim e palco capacita popula\u00e7\u00e3o em Bonito &#8211; Prefeitura Municipal de Bonito"},"content":{"rendered":"<p><\/p>\n<div>\n<div class=\"td-post-featured-image\"><\/div>\n<p>Em uma iniciativa in\u00e9dita, o munic\u00edpio de Bonito realizou, no \u00faltimo dia 15 de julho, o Curso de Decora\u00e7\u00e3o de Camarim e Palco, em parceria com o Governo do Estado de Mato Grosso do Sul e o SENAC. O objetivo foi capacitar cidad\u00e3os bonitenses para atuarem no mercado de eventos, um setor que apresenta forte crescimento no Brasil e se torna cada vez mais estrat\u00e9gico para a economia criativa local.<\/p>\n<p>A palestra foi conduzida por Mercedes Gabriela Trindade, profissional de destaque internacional. Mercedes \u00e9 CEO da Neuroteks (especializada em automa\u00e7\u00e3o inteligente com IA) e da Terateks (tecidos biot\u00eaxteis), al\u00e9m de consultora de estilo reconhecida por criar a primeira \u201cRota de Garimpo Fashion\u201d do pa\u00eds. Com uma trajet\u00f3ria que une criatividade, tecnologia e sustentabilidade, a especialista compartilhou conhecimentos pr\u00e1ticos e apresentou tend\u00eancias contempor\u00e2neas da cenografia e ambienta\u00e7\u00e3o para espet\u00e1culos, camarins e grandes eventos.<\/p>\n<p>Durante o curso, Mercedes abordou t\u00e9cnicas para transformar camarins e palcos em ambientes acolhedores, funcionais e esteticamente impactantes, enfatizando aspectos como ilumina\u00e7\u00e3o, disposi\u00e7\u00e3o de mobili\u00e1rios e uso de materiais sustent\u00e1veis. Os participantes tiveram acesso a orienta\u00e7\u00f5es pr\u00e1ticas, espa\u00e7o para troca de experi\u00eancias e incentivo para ingressar em um setor em plena expans\u00e3o.<\/p>\n<p>A a\u00e7\u00e3o foi destacada pelo prefeito de Bonito, Josmail Rodrigues:<\/p>\n<p>\u201cNosso compromisso \u00e9 preparar Bonito n\u00e3o apenas para receber turistas, mas para valorizar os talentos locais e gerar oportunidades reais de trabalho e renda. A parceria com o Estado e o SENAC mostra que investir em capacita\u00e7\u00e3o \u00e9 um dos caminhos mais s\u00f3lidos para fortalecer a cultura, os eventos e a economia do munic\u00edpio. \u00c9 uma alegria ver nossa gente aprendendo com profissionais do mais alto n\u00edvel.\u201d<\/p>\n<p>A superintendente de Economia Criativa da SETESC, Luciana Azambuja, tamb\u00e9m ressaltou a import\u00e2ncia da interioriza\u00e7\u00e3o das pol\u00edticas p\u00fablicas:<\/p>\n<p>\u201cA economia criativa \u00e9, antes de tudo, uma forma de emancipa\u00e7\u00e3o social e gera\u00e7\u00e3o de renda a partir do talento, da cultura e da identidade das pessoas. Ver Bonito sediando uma forma\u00e7\u00e3o com esse n\u00edvel de excel\u00eancia, com uma profissional como a Mercedes, mostra que estamos no caminho certo: descentralizando oportunidades e qualificando cidad\u00e3os para um mercado que cresce e se transforma constantemente.\u201d<\/p>\n<p>O evento foi realizado na C\u00e2mara Municipal de Bonito e reuniu profissionais da \u00e1rea cultural, jovens interessados em eventos, produtores e artistas locais. Com a consolida\u00e7\u00e3o dessa parceria entre munic\u00edpio, Estado e SENAC, Bonito d\u00e1 mais um passo importante no fortalecimento da economia criativa e da cultura, habilitando sua popula\u00e7\u00e3o para atuar com excel\u00eancia em um dos segmentos mais promissores do Brasil.<\/p>\n<\/p><\/div>\n","protected":false},"excerpt":{"rendered":"<p>Em uma iniciativa in\u00e9dita, o munic\u00edpio de Bonito realizou, no \u00faltimo dia 15 de julho, o Curso de Decora\u00e7\u00e3o de Camarim e Palco, em parceria com o Governo do Estado de Mato Grosso do Sul e o SENAC. O objetivo foi capacitar cidad\u00e3os bonitenses para atuarem no mercado de eventos, um setor que apresenta forte &hellip;<\/p>\n","protected":false},"author":1,"featured_media":0,"comment_status":"open","ping_status":"open","sticky":false,"template":"","format":"standard","meta":{"_jetpack_memberships_contains_paid_content":false,"footnotes":""},"categories":[12410],"tags":[],"class_list":["post-446586","post","type-post","status-publish","format-standard","hentry","category-ms"],"yoast_head":"<!-- This site is optimized with the Yoast SEO plugin v27.5 - https:\/\/yoast.com\/product\/yoast-seo-wordpress\/ -->\n<title>Curso de decora\u00e7\u00e3o de camarim e palco capacita popula\u00e7\u00e3o em Bonito - Prefeitura Municipal de Bonito<\/title>\n<meta name=\"robots\" content=\"index, follow, max-snippet:-1, max-image-preview:large, max-video-preview:-1\" \/>\n<link rel=\"canonical\" href=\"https:\/\/mrnews.com.br\/index.php\/2025\/07\/20\/curso-de-decoracao-de-camarim-e-palco-capacita-populacao-em-bonito-prefeitura-municipal-de-bonito\/\" \/>\n<meta property=\"og:locale\" content=\"pt_BR\" \/>\n<meta property=\"og:type\" content=\"article\" \/>\n<meta property=\"og:title\" content=\"Curso de decora\u00e7\u00e3o de camarim e palco capacita popula\u00e7\u00e3o em Bonito - Prefeitura Municipal de Bonito\" \/>\n<meta property=\"og:description\" content=\"Em uma iniciativa in\u00e9dita, o munic\u00edpio de Bonito realizou, no \u00faltimo dia 15 de julho, o Curso de Decora\u00e7\u00e3o de Camarim e Palco, em parceria com o Governo do Estado de Mato Grosso do Sul e o SENAC. O objetivo foi capacitar cidad\u00e3os bonitenses para atuarem no mercado de eventos, um setor que apresenta forte &hellip;\" \/>\n<meta property=\"og:url\" content=\"https:\/\/mrnews.com.br\/index.php\/2025\/07\/20\/curso-de-decoracao-de-camarim-e-palco-capacita-populacao-em-bonito-prefeitura-municipal-de-bonito\/\" \/>\n<meta property=\"og:site_name\" content=\"MRNews\" \/>\n<meta property=\"article:publisher\" content=\"https:\/\/www.facebook.com\/eaipahpah\/?locale2=pt_BR\" \/>\n<meta property=\"article:published_time\" content=\"2025-07-20T22:41:37+00:00\" \/>\n<meta name=\"author\" content=\"MR News\" \/>\n<meta name=\"twitter:card\" content=\"summary_large_image\" \/>\n<meta name=\"twitter:creator\" content=\"@conspirou\" \/>\n<meta name=\"twitter:site\" content=\"@conspirou\" \/>\n<meta name=\"twitter:label1\" content=\"Escrito por\" \/>\n\t<meta name=\"twitter:data1\" content=\"MR News\" \/>\n\t<meta name=\"twitter:label2\" content=\"Est. tempo de leitura\" \/>\n\t<meta name=\"twitter:data2\" content=\"2 minutos\" \/>\n<script type=\"application\/ld+json\" class=\"yoast-schema-graph\">{\"@context\":\"https:\\\/\\\/schema.org\",\"@graph\":[{\"@type\":\"Article\",\"@id\":\"https:\\\/\\\/mrnews.com.br\\\/index.php\\\/2025\\\/07\\\/20\\\/curso-de-decoracao-de-camarim-e-palco-capacita-populacao-em-bonito-prefeitura-municipal-de-bonito\\\/#article\",\"isPartOf\":{\"@id\":\"https:\\\/\\\/mrnews.com.br\\\/index.php\\\/2025\\\/07\\\/20\\\/curso-de-decoracao-de-camarim-e-palco-capacita-populacao-em-bonito-prefeitura-municipal-de-bonito\\\/\"},\"author\":{\"name\":\"MR News\",\"@id\":\"https:\\\/\\\/mrnews.com.br\\\/#\\\/schema\\\/person\\\/be3203154562a9f207407861cef7827b\"},\"headline\":\"Curso de decora\u00e7\u00e3o de camarim e palco capacita popula\u00e7\u00e3o em Bonito &#8211; Prefeitura Municipal de Bonito\",\"datePublished\":\"2025-07-20T22:41:37+00:00\",\"mainEntityOfPage\":{\"@id\":\"https:\\\/\\\/mrnews.com.br\\\/index.php\\\/2025\\\/07\\\/20\\\/curso-de-decoracao-de-camarim-e-palco-capacita-populacao-em-bonito-prefeitura-municipal-de-bonito\\\/\"},\"wordCount\":473,\"commentCount\":0,\"publisher\":{\"@id\":\"https:\\\/\\\/mrnews.com.br\\\/#organization\"},\"articleSection\":[\"Mato Grosso do Sul\"],\"inLanguage\":\"pt-BR\",\"potentialAction\":[{\"@type\":\"CommentAction\",\"name\":\"Comment\",\"target\":[\"https:\\\/\\\/mrnews.com.br\\\/index.php\\\/2025\\\/07\\\/20\\\/curso-de-decoracao-de-camarim-e-palco-capacita-populacao-em-bonito-prefeitura-municipal-de-bonito\\\/#respond\"]}]},{\"@type\":\"WebPage\",\"@id\":\"https:\\\/\\\/mrnews.com.br\\\/index.php\\\/2025\\\/07\\\/20\\\/curso-de-decoracao-de-camarim-e-palco-capacita-populacao-em-bonito-prefeitura-municipal-de-bonito\\\/\",\"url\":\"https:\\\/\\\/mrnews.com.br\\\/index.php\\\/2025\\\/07\\\/20\\\/curso-de-decoracao-de-camarim-e-palco-capacita-populacao-em-bonito-prefeitura-municipal-de-bonito\\\/\",\"name\":\"Curso de decora\u00e7\u00e3o de camarim e palco capacita popula\u00e7\u00e3o em Bonito - Prefeitura Municipal de Bonito\",\"isPartOf\":{\"@id\":\"https:\\\/\\\/mrnews.com.br\\\/#website\"},\"datePublished\":\"2025-07-20T22:41:37+00:00\",\"breadcrumb\":{\"@id\":\"https:\\\/\\\/mrnews.com.br\\\/index.php\\\/2025\\\/07\\\/20\\\/curso-de-decoracao-de-camarim-e-palco-capacita-populacao-em-bonito-prefeitura-municipal-de-bonito\\\/#breadcrumb\"},\"inLanguage\":\"pt-BR\",\"potentialAction\":[{\"@type\":\"ReadAction\",\"target\":[\"https:\\\/\\\/mrnews.com.br\\\/index.php\\\/2025\\\/07\\\/20\\\/curso-de-decoracao-de-camarim-e-palco-capacita-populacao-em-bonito-prefeitura-municipal-de-bonito\\\/\"]}]},{\"@type\":\"BreadcrumbList\",\"@id\":\"https:\\\/\\\/mrnews.com.br\\\/index.php\\\/2025\\\/07\\\/20\\\/curso-de-decoracao-de-camarim-e-palco-capacita-populacao-em-bonito-prefeitura-municipal-de-bonito\\\/#breadcrumb\",\"itemListElement\":[{\"@type\":\"ListItem\",\"position\":1,\"name\":\"In\u00edcio\",\"item\":\"https:\\\/\\\/mrnews.com.br\\\/\"},{\"@type\":\"ListItem\",\"position\":2,\"name\":\"Curso de decora\u00e7\u00e3o de camarim e palco capacita popula\u00e7\u00e3o em Bonito &#8211; Prefeitura Municipal de Bonito\"}]},{\"@type\":\"WebSite\",\"@id\":\"https:\\\/\\\/mrnews.com.br\\\/#website\",\"url\":\"https:\\\/\\\/mrnews.com.br\\\/\",\"name\":\"MRNews\",\"description\":\"MRNews Jogos de hoje da TV, transmiss\u00f5es ao vivo, Not\u00edcias de futebol, Jogos ao vivo, Lives, resumo de novelas, Programa\u00e7\u00e3o da Globo, A Fazenda e BBB\",\"publisher\":{\"@id\":\"https:\\\/\\\/mrnews.com.br\\\/#organization\"},\"potentialAction\":[{\"@type\":\"SearchAction\",\"target\":{\"@type\":\"EntryPoint\",\"urlTemplate\":\"https:\\\/\\\/mrnews.com.br\\\/?s={search_term_string}\"},\"query-input\":{\"@type\":\"PropertyValueSpecification\",\"valueRequired\":true,\"valueName\":\"search_term_string\"}}],\"inLanguage\":\"pt-BR\"},{\"@type\":\"Organization\",\"@id\":\"https:\\\/\\\/mrnews.com.br\\\/#organization\",\"name\":\"MRNews\",\"url\":\"https:\\\/\\\/mrnews.com.br\\\/\",\"logo\":{\"@type\":\"ImageObject\",\"inLanguage\":\"pt-BR\",\"@id\":\"https:\\\/\\\/mrnews.com.br\\\/#\\\/schema\\\/logo\\\/image\\\/\",\"url\":\"https:\\\/\\\/mrnews.com.br\\\/wp-content\\\/uploads\\\/2019\\\/06\\\/MRNewslogo2.png\",\"contentUrl\":\"https:\\\/\\\/mrnews.com.br\\\/wp-content\\\/uploads\\\/2019\\\/06\\\/MRNewslogo2.png\",\"width\":223,\"height\":58,\"caption\":\"MRNews\"},\"image\":{\"@id\":\"https:\\\/\\\/mrnews.com.br\\\/#\\\/schema\\\/logo\\\/image\\\/\"},\"sameAs\":[\"https:\\\/\\\/www.facebook.com\\\/eaipahpah\\\/?locale2=pt_BR\",\"https:\\\/\\\/x.com\\\/conspirou\",\"https:\\\/\\\/www.instagram.com\\\/eai_pahpah\",\"https:\\\/\\\/br.pinterest.com\\\/mrnewsn\\\/boards\\\/\",\"https:\\\/\\\/www.youtube.com\\\/channel\\\/UCacgnpznQ61fifLWr1tQ-vA?view_as=subscriber\"]},{\"@type\":\"Person\",\"@id\":\"https:\\\/\\\/mrnews.com.br\\\/#\\\/schema\\\/person\\\/be3203154562a9f207407861cef7827b\",\"name\":\"MR News\",\"image\":{\"@type\":\"ImageObject\",\"inLanguage\":\"pt-BR\",\"@id\":\"https:\\\/\\\/secure.gravatar.com\\\/avatar\\\/04084e6d73c042b8646e7c17b494073bf0ede3ea13c7105cfc45cbbbc28385a4?s=96&d=monsterid&r=g\",\"url\":\"https:\\\/\\\/secure.gravatar.com\\\/avatar\\\/04084e6d73c042b8646e7c17b494073bf0ede3ea13c7105cfc45cbbbc28385a4?s=96&d=monsterid&r=g\",\"contentUrl\":\"https:\\\/\\\/secure.gravatar.com\\\/avatar\\\/04084e6d73c042b8646e7c17b494073bf0ede3ea13c7105cfc45cbbbc28385a4?s=96&d=monsterid&r=g\",\"caption\":\"MR News\"},\"description\":\"Especializado em jornalismo colaborativo pela FTP em n\u00edvel de p\u00f3s-gradua\u00e7\u00e3o. suporte@oimeliga.combr\",\"sameAs\":[\"HUGO R.\",\"Admin\"],\"url\":\"https:\\\/\\\/mrnews.com.br\\\/index.php\\\/author\\\/admin\\\/\"}]}<\/script>\n<!-- \/ Yoast SEO plugin. -->","yoast_head_json":{"title":"Curso de decora\u00e7\u00e3o de camarim e palco capacita popula\u00e7\u00e3o em Bonito - Prefeitura Municipal de Bonito","robots":{"index":"index","follow":"follow","max-snippet":"max-snippet:-1","max-image-preview":"max-image-preview:large","max-video-preview":"max-video-preview:-1"},"canonical":"https:\/\/mrnews.com.br\/index.php\/2025\/07\/20\/curso-de-decoracao-de-camarim-e-palco-capacita-populacao-em-bonito-prefeitura-municipal-de-bonito\/","og_locale":"pt_BR","og_type":"article","og_title":"Curso de decora\u00e7\u00e3o de camarim e palco capacita popula\u00e7\u00e3o em Bonito - Prefeitura Municipal de Bonito","og_description":"Em uma iniciativa in\u00e9dita, o munic\u00edpio de Bonito realizou, no \u00faltimo dia 15 de julho, o Curso de Decora\u00e7\u00e3o de Camarim e Palco, em parceria com o Governo do Estado de Mato Grosso do Sul e o SENAC. O objetivo foi capacitar cidad\u00e3os bonitenses para atuarem no mercado de eventos, um setor que apresenta forte &hellip;","og_url":"https:\/\/mrnews.com.br\/index.php\/2025\/07\/20\/curso-de-decoracao-de-camarim-e-palco-capacita-populacao-em-bonito-prefeitura-municipal-de-bonito\/","og_site_name":"MRNews","article_publisher":"https:\/\/www.facebook.com\/eaipahpah\/?locale2=pt_BR","article_published_time":"2025-07-20T22:41:37+00:00","author":"MR News","twitter_card":"summary_large_image","twitter_creator":"@conspirou","twitter_site":"@conspirou","twitter_misc":{"Escrito por":"MR News","Est. tempo de leitura":"2 minutos"},"schema":{"@context":"https:\/\/schema.org","@graph":[{"@type":"Article","@id":"https:\/\/mrnews.com.br\/index.php\/2025\/07\/20\/curso-de-decoracao-de-camarim-e-palco-capacita-populacao-em-bonito-prefeitura-municipal-de-bonito\/#article","isPartOf":{"@id":"https:\/\/mrnews.com.br\/index.php\/2025\/07\/20\/curso-de-decoracao-de-camarim-e-palco-capacita-populacao-em-bonito-prefeitura-municipal-de-bonito\/"},"author":{"name":"MR News","@id":"https:\/\/mrnews.com.br\/#\/schema\/person\/be3203154562a9f207407861cef7827b"},"headline":"Curso de decora\u00e7\u00e3o de camarim e palco capacita popula\u00e7\u00e3o em Bonito &#8211; Prefeitura Municipal de Bonito","datePublished":"2025-07-20T22:41:37+00:00","mainEntityOfPage":{"@id":"https:\/\/mrnews.com.br\/index.php\/2025\/07\/20\/curso-de-decoracao-de-camarim-e-palco-capacita-populacao-em-bonito-prefeitura-municipal-de-bonito\/"},"wordCount":473,"commentCount":0,"publisher":{"@id":"https:\/\/mrnews.com.br\/#organization"},"articleSection":["Mato Grosso do Sul"],"inLanguage":"pt-BR","potentialAction":[{"@type":"CommentAction","name":"Comment","target":["https:\/\/mrnews.com.br\/index.php\/2025\/07\/20\/curso-de-decoracao-de-camarim-e-palco-capacita-populacao-em-bonito-prefeitura-municipal-de-bonito\/#respond"]}]},{"@type":"WebPage","@id":"https:\/\/mrnews.com.br\/index.php\/2025\/07\/20\/curso-de-decoracao-de-camarim-e-palco-capacita-populacao-em-bonito-prefeitura-municipal-de-bonito\/","url":"https:\/\/mrnews.com.br\/index.php\/2025\/07\/20\/curso-de-decoracao-de-camarim-e-palco-capacita-populacao-em-bonito-prefeitura-municipal-de-bonito\/","name":"Curso de decora\u00e7\u00e3o de camarim e palco capacita popula\u00e7\u00e3o em Bonito - Prefeitura Municipal de Bonito","isPartOf":{"@id":"https:\/\/mrnews.com.br\/#website"},"datePublished":"2025-07-20T22:41:37+00:00","breadcrumb":{"@id":"https:\/\/mrnews.com.br\/index.php\/2025\/07\/20\/curso-de-decoracao-de-camarim-e-palco-capacita-populacao-em-bonito-prefeitura-municipal-de-bonito\/#breadcrumb"},"inLanguage":"pt-BR","potentialAction":[{"@type":"ReadAction","target":["https:\/\/mrnews.com.br\/index.php\/2025\/07\/20\/curso-de-decoracao-de-camarim-e-palco-capacita-populacao-em-bonito-prefeitura-municipal-de-bonito\/"]}]},{"@type":"BreadcrumbList","@id":"https:\/\/mrnews.com.br\/index.php\/2025\/07\/20\/curso-de-decoracao-de-camarim-e-palco-capacita-populacao-em-bonito-prefeitura-municipal-de-bonito\/#breadcrumb","itemListElement":[{"@type":"ListItem","position":1,"name":"In\u00edcio","item":"https:\/\/mrnews.com.br\/"},{"@type":"ListItem","position":2,"name":"Curso de decora\u00e7\u00e3o de camarim e palco capacita popula\u00e7\u00e3o em Bonito &#8211; Prefeitura Municipal de Bonito"}]},{"@type":"WebSite","@id":"https:\/\/mrnews.com.br\/#website","url":"https:\/\/mrnews.com.br\/","name":"MRNews","description":"MRNews Jogos de hoje da TV, transmiss\u00f5es ao vivo, Not\u00edcias de futebol, Jogos ao vivo, Lives, resumo de novelas, Programa\u00e7\u00e3o da Globo, A Fazenda e BBB","publisher":{"@id":"https:\/\/mrnews.com.br\/#organization"},"potentialAction":[{"@type":"SearchAction","target":{"@type":"EntryPoint","urlTemplate":"https:\/\/mrnews.com.br\/?s={search_term_string}"},"query-input":{"@type":"PropertyValueSpecification","valueRequired":true,"valueName":"search_term_string"}}],"inLanguage":"pt-BR"},{"@type":"Organization","@id":"https:\/\/mrnews.com.br\/#organization","name":"MRNews","url":"https:\/\/mrnews.com.br\/","logo":{"@type":"ImageObject","inLanguage":"pt-BR","@id":"https:\/\/mrnews.com.br\/#\/schema\/logo\/image\/","url":"https:\/\/mrnews.com.br\/wp-content\/uploads\/2019\/06\/MRNewslogo2.png","contentUrl":"https:\/\/mrnews.com.br\/wp-content\/uploads\/2019\/06\/MRNewslogo2.png","width":223,"height":58,"caption":"MRNews"},"image":{"@id":"https:\/\/mrnews.com.br\/#\/schema\/logo\/image\/"},"sameAs":["https:\/\/www.facebook.com\/eaipahpah\/?locale2=pt_BR","https:\/\/x.com\/conspirou","https:\/\/www.instagram.com\/eai_pahpah","https:\/\/br.pinterest.com\/mrnewsn\/boards\/","https:\/\/www.youtube.com\/channel\/UCacgnpznQ61fifLWr1tQ-vA?view_as=subscriber"]},{"@type":"Person","@id":"https:\/\/mrnews.com.br\/#\/schema\/person\/be3203154562a9f207407861cef7827b","name":"MR News","image":{"@type":"ImageObject","inLanguage":"pt-BR","@id":"https:\/\/secure.gravatar.com\/avatar\/04084e6d73c042b8646e7c17b494073bf0ede3ea13c7105cfc45cbbbc28385a4?s=96&d=monsterid&r=g","url":"https:\/\/secure.gravatar.com\/avatar\/04084e6d73c042b8646e7c17b494073bf0ede3ea13c7105cfc45cbbbc28385a4?s=96&d=monsterid&r=g","contentUrl":"https:\/\/secure.gravatar.com\/avatar\/04084e6d73c042b8646e7c17b494073bf0ede3ea13c7105cfc45cbbbc28385a4?s=96&d=monsterid&r=g","caption":"MR News"},"description":"Especializado em jornalismo colaborativo pela FTP em n\u00edvel de p\u00f3s-gradua\u00e7\u00e3o. suporte@oimeliga.combr","sameAs":["HUGO R.","Admin"],"url":"https:\/\/mrnews.com.br\/index.php\/author\/admin\/"}]}},"jetpack_featured_media_url":"","jetpack_sharing_enabled":true,"jetpack_shortlink":"https:\/\/wp.me\/pa2Qf7-1Sb0","amp_enabled":true,"_links":{"self":[{"href":"https:\/\/mrnews.com.br\/index.php\/wp-json\/wp\/v2\/posts\/446586","targetHints":{"allow":["GET"]}}],"collection":[{"href":"https:\/\/mrnews.com.br\/index.php\/wp-json\/wp\/v2\/posts"}],"about":[{"href":"https:\/\/mrnews.com.br\/index.php\/wp-json\/wp\/v2\/types\/post"}],"author":[{"embeddable":true,"href":"https:\/\/mrnews.com.br\/index.php\/wp-json\/wp\/v2\/users\/1"}],"replies":[{"embeddable":true,"href":"https:\/\/mrnews.com.br\/index.php\/wp-json\/wp\/v2\/comments?post=446586"}],"version-history":[{"count":0,"href":"https:\/\/mrnews.com.br\/index.php\/wp-json\/wp\/v2\/posts\/446586\/revisions"}],"wp:attachment":[{"href":"https:\/\/mrnews.com.br\/index.php\/wp-json\/wp\/v2\/media?parent=446586"}],"wp:term":[{"taxonomy":"category","embeddable":true,"href":"https:\/\/mrnews.com.br\/index.php\/wp-json\/wp\/v2\/categories?post=446586"},{"taxonomy":"post_tag","embeddable":true,"href":"https:\/\/mrnews.com.br\/index.php\/wp-json\/wp\/v2\/tags?post=446586"}],"curies":[{"name":"wp","href":"https:\/\/api.w.org\/{rel}","templated":true}]}}