{"id":446593,"date":"2025-07-21T01:47:37","date_gmt":"2025-07-21T04:47:37","guid":{"rendered":"https:\/\/mrnews.com.br\/index.php\/2025\/07\/21\/tratores-fortalecem-agricultura-familiar-e-promovem-inclusao-produtiva-em-12-municipios-de-ms\/"},"modified":"2025-07-21T01:47:37","modified_gmt":"2025-07-21T04:47:37","slug":"tratores-fortalecem-agricultura-familiar-e-promovem-inclusao-produtiva-em-12-municipios-de-ms","status":"publish","type":"post","link":"https:\/\/mrnews.com.br\/index.php\/2025\/07\/21\/tratores-fortalecem-agricultura-familiar-e-promovem-inclusao-produtiva-em-12-municipios-de-ms\/","title":{"rendered":"Tratores fortalecem agricultura familiar e promovem inclus\u00e3o produtiva em 12 munic\u00edpios de MS"},"content":{"rendered":"<p><\/p>\n<div>\n<p style=\"text-align: center;\"><em>Investimento federal de R$ 2,5 milh\u00f5es com articula\u00e7\u00e3o do Governo do Estado impulsiona a produ\u00e7\u00e3o rural e leva desenvolvimento aos munic\u00edpios<\/em><\/p>\n<p>Mais que a entrega de m\u00e1quinas, um passo a mais na inclus\u00e3o produtiva de milhares de fam\u00edlias da agricultura familiar de Mato Grosso do Sul. Foi com essa t\u00f4nica que o Governo do Estado, em parceria com o Minist\u00e9rio da Agricultura e Pecu\u00e1ria (MAPA), realizou nesta sexta-feira (18), no Centro de Pesquisa e Capacita\u00e7\u00e3o da Agraer (Cepaer), em Campo Grande, a entrega de 14 tratores a 12 munic\u00edpios, com investimento de aproximadamente R$ 2,5 milh\u00f5es do Governo Federal.<\/p>\n<p>A solenidade reuniu prefeitos, secret\u00e1rios, representantes federais e estaduais e foi marcada por depoimentos que refor\u00e7am o papel da agricultura familiar no desenvolvimento regional, al\u00e9m da import\u00e2ncia da uni\u00e3o institucional para garantir que pol\u00edticas p\u00fablicas cheguem \u00e0 ponta com efici\u00eancia.<\/p>\n<p>\u201cO que est\u00e1 acontecendo aqui \u00e9 a materializa\u00e7\u00e3o do esfor\u00e7o coletivo. Quando o Governo Federal envia os tratores, o Estado faz a interlocu\u00e7\u00e3o, e os munic\u00edpios recebem esse suporte direto, \u00e9 o cidad\u00e3o l\u00e1 no campo quem ganha. Essa entrega fortalece a agricultura familiar, incentiva a perman\u00eancia do homem no campo e amplia a capacidade de produ\u00e7\u00e3o com dignidade\u201d, destacou o vice-governador Jos\u00e9 Carlos Barbosa, o Barbosinha.<\/p>\n<p>Os tratores entregues s\u00e3o do modelo John Deere 5070E, com 70 cavalos de pot\u00eancia e valor unit\u00e1rio de R$ 185 mil. Foram contemplados os munic\u00edpios de Campo Grande (2 tratores), Mundo Novo (2), Coxim, Dois Irm\u00e3os do Buriti, Dourados, Eldorado, Gl\u00f3ria de Dourados, Iguatemi, Japor\u00e3, Jate\u00ed, Rio Brilhante e Vicentina.<\/p>\n<div id=\"gallery-1\" class=\"gallery galleryid-516770 gallery-columns-2 gallery-size-large\">\n<figure class=\"gallery-item\">\n<div class=\"gallery-icon landscape\"><\/div>\n<\/figure>\n<figure class=\"gallery-item\">\n<div class=\"gallery-icon landscape\"><\/div>\n<\/figure><\/div>\n<p>De acordo com o superintendente federal do MAPA em Mato Grosso do Sul, Jos\u00e9 Rold\u00e3o, essa entrega integra um programa mais amplo, que vai al\u00e9m do fornecimento de m\u00e1quinas. \u201cAl\u00e9m do maquin\u00e1rio, temos linhas de cr\u00e9dito, assist\u00eancia t\u00e9cnica e estrat\u00e9gias para facilitar o acesso dos pequenos produtores ao sistema banc\u00e1rio. Tudo isso fortalece a produtividade e ajuda a reduzir as desigualdades no campo. E ainda estamos falando de um estado que \u00e9 refer\u00eancia nacional em sustentabilidade e que precisa ser valorizado por isso\u201d, afirmou.<\/p>\n<p>A prefeita de Mundo Novo, Ros\u00e1ria Andrade, falou em nome dos gestores municipais beneficiados e ressaltou que o suporte do Governo Federal, articulado pelo Estado, chega em boa hora. \u201cEsses tratores v\u00e3o transformar a realidade da agricultura familiar nos nossos munic\u00edpios. S\u00e3o m\u00e1quinas robustas, de qualidade, que v\u00e3o aumentar a produtividade, a renda e dar mais dignidade aos produtores. S\u00f3 temos a agradecer\u201d, pontuou.<\/p>\n<p><strong>Um estado que integra pol\u00edticas p\u00fablicas<\/strong><\/p>\n<p>Com 61% dos estabelecimentos agropecu\u00e1rios do Estado vinculados \u00e0 agricultura familiar, Mato Grosso do Sul tem trabalhado de forma cont\u00ednua na valoriza\u00e7\u00e3o do setor. A entrega dos tratores fortalece a\u00e7\u00f5es estrat\u00e9gicas como o Programa Fomento Rural, o PAA (Programa de Aquisi\u00e7\u00e3o de Alimentos), o Pronaf, o Agroflorestar Carbono Neutro e a cria\u00e7\u00e3o do Selo da Agricultura Familiar.<\/p>\n<p>\u201cEsse conjunto de pol\u00edticas p\u00fablicas reflete um compromisso claro: incluir e valorizar quem est\u00e1 na base da produ\u00e7\u00e3o, gerar renda e promover a seguran\u00e7a alimentar. O Governo do Estado tem atuado ativamente para garantir que todas essas ferramentas cheguem at\u00e9 o produtor, e a entrega de hoje \u00e9 mais uma dessas pontes que constru\u00edmos com o Governo Federal\u201d, afirmou o secret\u00e1rio de Meio Ambiente, Desenvolvimento, Ci\u00eancia, Tecnologia e Inova\u00e7\u00e3o, Jaime Verruck.<\/p>\n<p>Barbosinha refor\u00e7ou ainda a vis\u00e3o estrat\u00e9gica do governador Eduardo Riedel, que tem apostado no di\u00e1logo federativo e na interioriza\u00e7\u00e3o das pol\u00edticas p\u00fablicas como forma de impulsionar o desenvolvimento de forma equilibrada. \u201cNosso papel \u00e9 esse: articular, apoiar, fazer com que o pequeno produtor tenha o mesmo acesso \u00e0s oportunidades que os grandes. Essa entrega \u00e9 um exemplo do que \u00e9 poss\u00edvel realizar quando trabalhamos juntos, olhando para quem mais precisa\u201d, concluiu.<\/p>\n<p><em>Lucas Cavalheiro, Comunica\u00e7\u00e3o Vice-governadoria<\/em><br \/><em>Fotos: Jo\u00e3o Garrig\u00f3\/Vice-governadoria<\/em><\/p>\n<\/div>\n","protected":false},"excerpt":{"rendered":"<p>Investimento federal de R$ 2,5 milh\u00f5es com articula\u00e7\u00e3o do Governo do Estado impulsiona a produ\u00e7\u00e3o rural e leva desenvolvimento aos munic\u00edpios Mais que a entrega de m\u00e1quinas, um passo a mais na inclus\u00e3o produtiva de milhares de fam\u00edlias da agricultura familiar de Mato Grosso do Sul. Foi com essa t\u00f4nica que o Governo do Estado, &hellip;<\/p>\n","protected":false},"author":1,"featured_media":0,"comment_status":"open","ping_status":"open","sticky":false,"template":"","format":"standard","meta":{"_jetpack_memberships_contains_paid_content":false,"footnotes":""},"categories":[12410],"tags":[],"class_list":["post-446593","post","type-post","status-publish","format-standard","hentry","category-ms"],"yoast_head":"<!-- This site is optimized with the Yoast SEO plugin v27.5 - https:\/\/yoast.com\/product\/yoast-seo-wordpress\/ -->\n<title>Tratores fortalecem agricultura familiar e promovem inclus\u00e3o produtiva em 12 munic\u00edpios de MS<\/title>\n<meta name=\"robots\" content=\"index, follow, max-snippet:-1, max-image-preview:large, max-video-preview:-1\" \/>\n<link rel=\"canonical\" href=\"https:\/\/mrnews.com.br\/index.php\/2025\/07\/21\/tratores-fortalecem-agricultura-familiar-e-promovem-inclusao-produtiva-em-12-municipios-de-ms\/\" \/>\n<meta property=\"og:locale\" content=\"pt_BR\" \/>\n<meta property=\"og:type\" content=\"article\" \/>\n<meta property=\"og:title\" content=\"Tratores fortalecem agricultura familiar e promovem inclus\u00e3o produtiva em 12 munic\u00edpios de MS\" \/>\n<meta property=\"og:description\" content=\"Investimento federal de R$ 2,5 milh\u00f5es com articula\u00e7\u00e3o do Governo do Estado impulsiona a produ\u00e7\u00e3o rural e leva desenvolvimento aos munic\u00edpios Mais que a entrega de m\u00e1quinas, um passo a mais na inclus\u00e3o produtiva de milhares de fam\u00edlias da agricultura familiar de Mato Grosso do Sul. Foi com essa t\u00f4nica que o Governo do Estado, &hellip;\" \/>\n<meta property=\"og:url\" content=\"https:\/\/mrnews.com.br\/index.php\/2025\/07\/21\/tratores-fortalecem-agricultura-familiar-e-promovem-inclusao-produtiva-em-12-municipios-de-ms\/\" \/>\n<meta property=\"og:site_name\" content=\"MRNews\" \/>\n<meta property=\"article:publisher\" content=\"https:\/\/www.facebook.com\/eaipahpah\/?locale2=pt_BR\" \/>\n<meta property=\"article:published_time\" content=\"2025-07-21T04:47:37+00:00\" \/>\n<meta name=\"author\" content=\"MR News\" \/>\n<meta name=\"twitter:card\" content=\"summary_large_image\" \/>\n<meta name=\"twitter:creator\" content=\"@conspirou\" \/>\n<meta name=\"twitter:site\" content=\"@conspirou\" \/>\n<meta name=\"twitter:label1\" content=\"Escrito por\" \/>\n\t<meta name=\"twitter:data1\" content=\"MR News\" \/>\n\t<meta name=\"twitter:label2\" content=\"Est. tempo de leitura\" \/>\n\t<meta name=\"twitter:data2\" content=\"3 minutos\" \/>\n<script type=\"application\/ld+json\" class=\"yoast-schema-graph\">{\"@context\":\"https:\\\/\\\/schema.org\",\"@graph\":[{\"@type\":\"Article\",\"@id\":\"https:\\\/\\\/mrnews.com.br\\\/index.php\\\/2025\\\/07\\\/21\\\/tratores-fortalecem-agricultura-familiar-e-promovem-inclusao-produtiva-em-12-municipios-de-ms\\\/#article\",\"isPartOf\":{\"@id\":\"https:\\\/\\\/mrnews.com.br\\\/index.php\\\/2025\\\/07\\\/21\\\/tratores-fortalecem-agricultura-familiar-e-promovem-inclusao-produtiva-em-12-municipios-de-ms\\\/\"},\"author\":{\"name\":\"MR News\",\"@id\":\"https:\\\/\\\/mrnews.com.br\\\/#\\\/schema\\\/person\\\/be3203154562a9f207407861cef7827b\"},\"headline\":\"Tratores fortalecem agricultura familiar e promovem inclus\u00e3o produtiva em 12 munic\u00edpios de MS\",\"datePublished\":\"2025-07-21T04:47:37+00:00\",\"mainEntityOfPage\":{\"@id\":\"https:\\\/\\\/mrnews.com.br\\\/index.php\\\/2025\\\/07\\\/21\\\/tratores-fortalecem-agricultura-familiar-e-promovem-inclusao-produtiva-em-12-municipios-de-ms\\\/\"},\"wordCount\":690,\"commentCount\":0,\"publisher\":{\"@id\":\"https:\\\/\\\/mrnews.com.br\\\/#organization\"},\"articleSection\":[\"Mato Grosso do Sul\"],\"inLanguage\":\"pt-BR\",\"potentialAction\":[{\"@type\":\"CommentAction\",\"name\":\"Comment\",\"target\":[\"https:\\\/\\\/mrnews.com.br\\\/index.php\\\/2025\\\/07\\\/21\\\/tratores-fortalecem-agricultura-familiar-e-promovem-inclusao-produtiva-em-12-municipios-de-ms\\\/#respond\"]}]},{\"@type\":\"WebPage\",\"@id\":\"https:\\\/\\\/mrnews.com.br\\\/index.php\\\/2025\\\/07\\\/21\\\/tratores-fortalecem-agricultura-familiar-e-promovem-inclusao-produtiva-em-12-municipios-de-ms\\\/\",\"url\":\"https:\\\/\\\/mrnews.com.br\\\/index.php\\\/2025\\\/07\\\/21\\\/tratores-fortalecem-agricultura-familiar-e-promovem-inclusao-produtiva-em-12-municipios-de-ms\\\/\",\"name\":\"Tratores fortalecem agricultura familiar e promovem inclus\u00e3o produtiva em 12 munic\u00edpios de MS\",\"isPartOf\":{\"@id\":\"https:\\\/\\\/mrnews.com.br\\\/#website\"},\"datePublished\":\"2025-07-21T04:47:37+00:00\",\"breadcrumb\":{\"@id\":\"https:\\\/\\\/mrnews.com.br\\\/index.php\\\/2025\\\/07\\\/21\\\/tratores-fortalecem-agricultura-familiar-e-promovem-inclusao-produtiva-em-12-municipios-de-ms\\\/#breadcrumb\"},\"inLanguage\":\"pt-BR\",\"potentialAction\":[{\"@type\":\"ReadAction\",\"target\":[\"https:\\\/\\\/mrnews.com.br\\\/index.php\\\/2025\\\/07\\\/21\\\/tratores-fortalecem-agricultura-familiar-e-promovem-inclusao-produtiva-em-12-municipios-de-ms\\\/\"]}]},{\"@type\":\"BreadcrumbList\",\"@id\":\"https:\\\/\\\/mrnews.com.br\\\/index.php\\\/2025\\\/07\\\/21\\\/tratores-fortalecem-agricultura-familiar-e-promovem-inclusao-produtiva-em-12-municipios-de-ms\\\/#breadcrumb\",\"itemListElement\":[{\"@type\":\"ListItem\",\"position\":1,\"name\":\"In\u00edcio\",\"item\":\"https:\\\/\\\/mrnews.com.br\\\/\"},{\"@type\":\"ListItem\",\"position\":2,\"name\":\"Tratores fortalecem agricultura familiar e promovem inclus\u00e3o produtiva em 12 munic\u00edpios de MS\"}]},{\"@type\":\"WebSite\",\"@id\":\"https:\\\/\\\/mrnews.com.br\\\/#website\",\"url\":\"https:\\\/\\\/mrnews.com.br\\\/\",\"name\":\"MRNews\",\"description\":\"MRNews Jogos de hoje da TV, transmiss\u00f5es ao vivo, Not\u00edcias de futebol, Jogos ao vivo, Lives, resumo de novelas, Programa\u00e7\u00e3o da Globo, A Fazenda e BBB\",\"publisher\":{\"@id\":\"https:\\\/\\\/mrnews.com.br\\\/#organization\"},\"potentialAction\":[{\"@type\":\"SearchAction\",\"target\":{\"@type\":\"EntryPoint\",\"urlTemplate\":\"https:\\\/\\\/mrnews.com.br\\\/?s={search_term_string}\"},\"query-input\":{\"@type\":\"PropertyValueSpecification\",\"valueRequired\":true,\"valueName\":\"search_term_string\"}}],\"inLanguage\":\"pt-BR\"},{\"@type\":\"Organization\",\"@id\":\"https:\\\/\\\/mrnews.com.br\\\/#organization\",\"name\":\"MRNews\",\"url\":\"https:\\\/\\\/mrnews.com.br\\\/\",\"logo\":{\"@type\":\"ImageObject\",\"inLanguage\":\"pt-BR\",\"@id\":\"https:\\\/\\\/mrnews.com.br\\\/#\\\/schema\\\/logo\\\/image\\\/\",\"url\":\"https:\\\/\\\/mrnews.com.br\\\/wp-content\\\/uploads\\\/2019\\\/06\\\/MRNewslogo2.png\",\"contentUrl\":\"https:\\\/\\\/mrnews.com.br\\\/wp-content\\\/uploads\\\/2019\\\/06\\\/MRNewslogo2.png\",\"width\":223,\"height\":58,\"caption\":\"MRNews\"},\"image\":{\"@id\":\"https:\\\/\\\/mrnews.com.br\\\/#\\\/schema\\\/logo\\\/image\\\/\"},\"sameAs\":[\"https:\\\/\\\/www.facebook.com\\\/eaipahpah\\\/?locale2=pt_BR\",\"https:\\\/\\\/x.com\\\/conspirou\",\"https:\\\/\\\/www.instagram.com\\\/eai_pahpah\",\"https:\\\/\\\/br.pinterest.com\\\/mrnewsn\\\/boards\\\/\",\"https:\\\/\\\/www.youtube.com\\\/channel\\\/UCacgnpznQ61fifLWr1tQ-vA?view_as=subscriber\"]},{\"@type\":\"Person\",\"@id\":\"https:\\\/\\\/mrnews.com.br\\\/#\\\/schema\\\/person\\\/be3203154562a9f207407861cef7827b\",\"name\":\"MR News\",\"image\":{\"@type\":\"ImageObject\",\"inLanguage\":\"pt-BR\",\"@id\":\"https:\\\/\\\/secure.gravatar.com\\\/avatar\\\/04084e6d73c042b8646e7c17b494073bf0ede3ea13c7105cfc45cbbbc28385a4?s=96&d=monsterid&r=g\",\"url\":\"https:\\\/\\\/secure.gravatar.com\\\/avatar\\\/04084e6d73c042b8646e7c17b494073bf0ede3ea13c7105cfc45cbbbc28385a4?s=96&d=monsterid&r=g\",\"contentUrl\":\"https:\\\/\\\/secure.gravatar.com\\\/avatar\\\/04084e6d73c042b8646e7c17b494073bf0ede3ea13c7105cfc45cbbbc28385a4?s=96&d=monsterid&r=g\",\"caption\":\"MR News\"},\"description\":\"Especializado em jornalismo colaborativo pela FTP em n\u00edvel de p\u00f3s-gradua\u00e7\u00e3o. suporte@oimeliga.combr\",\"sameAs\":[\"HUGO R.\",\"Admin\"],\"url\":\"https:\\\/\\\/mrnews.com.br\\\/index.php\\\/author\\\/admin\\\/\"}]}<\/script>\n<!-- \/ Yoast SEO plugin. -->","yoast_head_json":{"title":"Tratores fortalecem agricultura familiar e promovem inclus\u00e3o produtiva em 12 munic\u00edpios de MS","robots":{"index":"index","follow":"follow","max-snippet":"max-snippet:-1","max-image-preview":"max-image-preview:large","max-video-preview":"max-video-preview:-1"},"canonical":"https:\/\/mrnews.com.br\/index.php\/2025\/07\/21\/tratores-fortalecem-agricultura-familiar-e-promovem-inclusao-produtiva-em-12-municipios-de-ms\/","og_locale":"pt_BR","og_type":"article","og_title":"Tratores fortalecem agricultura familiar e promovem inclus\u00e3o produtiva em 12 munic\u00edpios de MS","og_description":"Investimento federal de R$ 2,5 milh\u00f5es com articula\u00e7\u00e3o do Governo do Estado impulsiona a produ\u00e7\u00e3o rural e leva desenvolvimento aos munic\u00edpios Mais que a entrega de m\u00e1quinas, um passo a mais na inclus\u00e3o produtiva de milhares de fam\u00edlias da agricultura familiar de Mato Grosso do Sul. Foi com essa t\u00f4nica que o Governo do Estado, &hellip;","og_url":"https:\/\/mrnews.com.br\/index.php\/2025\/07\/21\/tratores-fortalecem-agricultura-familiar-e-promovem-inclusao-produtiva-em-12-municipios-de-ms\/","og_site_name":"MRNews","article_publisher":"https:\/\/www.facebook.com\/eaipahpah\/?locale2=pt_BR","article_published_time":"2025-07-21T04:47:37+00:00","author":"MR News","twitter_card":"summary_large_image","twitter_creator":"@conspirou","twitter_site":"@conspirou","twitter_misc":{"Escrito por":"MR News","Est. tempo de leitura":"3 minutos"},"schema":{"@context":"https:\/\/schema.org","@graph":[{"@type":"Article","@id":"https:\/\/mrnews.com.br\/index.php\/2025\/07\/21\/tratores-fortalecem-agricultura-familiar-e-promovem-inclusao-produtiva-em-12-municipios-de-ms\/#article","isPartOf":{"@id":"https:\/\/mrnews.com.br\/index.php\/2025\/07\/21\/tratores-fortalecem-agricultura-familiar-e-promovem-inclusao-produtiva-em-12-municipios-de-ms\/"},"author":{"name":"MR News","@id":"https:\/\/mrnews.com.br\/#\/schema\/person\/be3203154562a9f207407861cef7827b"},"headline":"Tratores fortalecem agricultura familiar e promovem inclus\u00e3o produtiva em 12 munic\u00edpios de MS","datePublished":"2025-07-21T04:47:37+00:00","mainEntityOfPage":{"@id":"https:\/\/mrnews.com.br\/index.php\/2025\/07\/21\/tratores-fortalecem-agricultura-familiar-e-promovem-inclusao-produtiva-em-12-municipios-de-ms\/"},"wordCount":690,"commentCount":0,"publisher":{"@id":"https:\/\/mrnews.com.br\/#organization"},"articleSection":["Mato Grosso do Sul"],"inLanguage":"pt-BR","potentialAction":[{"@type":"CommentAction","name":"Comment","target":["https:\/\/mrnews.com.br\/index.php\/2025\/07\/21\/tratores-fortalecem-agricultura-familiar-e-promovem-inclusao-produtiva-em-12-municipios-de-ms\/#respond"]}]},{"@type":"WebPage","@id":"https:\/\/mrnews.com.br\/index.php\/2025\/07\/21\/tratores-fortalecem-agricultura-familiar-e-promovem-inclusao-produtiva-em-12-municipios-de-ms\/","url":"https:\/\/mrnews.com.br\/index.php\/2025\/07\/21\/tratores-fortalecem-agricultura-familiar-e-promovem-inclusao-produtiva-em-12-municipios-de-ms\/","name":"Tratores fortalecem agricultura familiar e promovem inclus\u00e3o produtiva em 12 munic\u00edpios de MS","isPartOf":{"@id":"https:\/\/mrnews.com.br\/#website"},"datePublished":"2025-07-21T04:47:37+00:00","breadcrumb":{"@id":"https:\/\/mrnews.com.br\/index.php\/2025\/07\/21\/tratores-fortalecem-agricultura-familiar-e-promovem-inclusao-produtiva-em-12-municipios-de-ms\/#breadcrumb"},"inLanguage":"pt-BR","potentialAction":[{"@type":"ReadAction","target":["https:\/\/mrnews.com.br\/index.php\/2025\/07\/21\/tratores-fortalecem-agricultura-familiar-e-promovem-inclusao-produtiva-em-12-municipios-de-ms\/"]}]},{"@type":"BreadcrumbList","@id":"https:\/\/mrnews.com.br\/index.php\/2025\/07\/21\/tratores-fortalecem-agricultura-familiar-e-promovem-inclusao-produtiva-em-12-municipios-de-ms\/#breadcrumb","itemListElement":[{"@type":"ListItem","position":1,"name":"In\u00edcio","item":"https:\/\/mrnews.com.br\/"},{"@type":"ListItem","position":2,"name":"Tratores fortalecem agricultura familiar e promovem inclus\u00e3o produtiva em 12 munic\u00edpios de MS"}]},{"@type":"WebSite","@id":"https:\/\/mrnews.com.br\/#website","url":"https:\/\/mrnews.com.br\/","name":"MRNews","description":"MRNews Jogos de hoje da TV, transmiss\u00f5es ao vivo, Not\u00edcias de futebol, Jogos ao vivo, Lives, resumo de novelas, Programa\u00e7\u00e3o da Globo, A Fazenda e BBB","publisher":{"@id":"https:\/\/mrnews.com.br\/#organization"},"potentialAction":[{"@type":"SearchAction","target":{"@type":"EntryPoint","urlTemplate":"https:\/\/mrnews.com.br\/?s={search_term_string}"},"query-input":{"@type":"PropertyValueSpecification","valueRequired":true,"valueName":"search_term_string"}}],"inLanguage":"pt-BR"},{"@type":"Organization","@id":"https:\/\/mrnews.com.br\/#organization","name":"MRNews","url":"https:\/\/mrnews.com.br\/","logo":{"@type":"ImageObject","inLanguage":"pt-BR","@id":"https:\/\/mrnews.com.br\/#\/schema\/logo\/image\/","url":"https:\/\/mrnews.com.br\/wp-content\/uploads\/2019\/06\/MRNewslogo2.png","contentUrl":"https:\/\/mrnews.com.br\/wp-content\/uploads\/2019\/06\/MRNewslogo2.png","width":223,"height":58,"caption":"MRNews"},"image":{"@id":"https:\/\/mrnews.com.br\/#\/schema\/logo\/image\/"},"sameAs":["https:\/\/www.facebook.com\/eaipahpah\/?locale2=pt_BR","https:\/\/x.com\/conspirou","https:\/\/www.instagram.com\/eai_pahpah","https:\/\/br.pinterest.com\/mrnewsn\/boards\/","https:\/\/www.youtube.com\/channel\/UCacgnpznQ61fifLWr1tQ-vA?view_as=subscriber"]},{"@type":"Person","@id":"https:\/\/mrnews.com.br\/#\/schema\/person\/be3203154562a9f207407861cef7827b","name":"MR News","image":{"@type":"ImageObject","inLanguage":"pt-BR","@id":"https:\/\/secure.gravatar.com\/avatar\/04084e6d73c042b8646e7c17b494073bf0ede3ea13c7105cfc45cbbbc28385a4?s=96&d=monsterid&r=g","url":"https:\/\/secure.gravatar.com\/avatar\/04084e6d73c042b8646e7c17b494073bf0ede3ea13c7105cfc45cbbbc28385a4?s=96&d=monsterid&r=g","contentUrl":"https:\/\/secure.gravatar.com\/avatar\/04084e6d73c042b8646e7c17b494073bf0ede3ea13c7105cfc45cbbbc28385a4?s=96&d=monsterid&r=g","caption":"MR News"},"description":"Especializado em jornalismo colaborativo pela FTP em n\u00edvel de p\u00f3s-gradua\u00e7\u00e3o. suporte@oimeliga.combr","sameAs":["HUGO R.","Admin"],"url":"https:\/\/mrnews.com.br\/index.php\/author\/admin\/"}]}},"jetpack_featured_media_url":"","jetpack_sharing_enabled":true,"jetpack_shortlink":"https:\/\/wp.me\/pa2Qf7-1Sb7","amp_enabled":true,"_links":{"self":[{"href":"https:\/\/mrnews.com.br\/index.php\/wp-json\/wp\/v2\/posts\/446593","targetHints":{"allow":["GET"]}}],"collection":[{"href":"https:\/\/mrnews.com.br\/index.php\/wp-json\/wp\/v2\/posts"}],"about":[{"href":"https:\/\/mrnews.com.br\/index.php\/wp-json\/wp\/v2\/types\/post"}],"author":[{"embeddable":true,"href":"https:\/\/mrnews.com.br\/index.php\/wp-json\/wp\/v2\/users\/1"}],"replies":[{"embeddable":true,"href":"https:\/\/mrnews.com.br\/index.php\/wp-json\/wp\/v2\/comments?post=446593"}],"version-history":[{"count":0,"href":"https:\/\/mrnews.com.br\/index.php\/wp-json\/wp\/v2\/posts\/446593\/revisions"}],"wp:attachment":[{"href":"https:\/\/mrnews.com.br\/index.php\/wp-json\/wp\/v2\/media?parent=446593"}],"wp:term":[{"taxonomy":"category","embeddable":true,"href":"https:\/\/mrnews.com.br\/index.php\/wp-json\/wp\/v2\/categories?post=446593"},{"taxonomy":"post_tag","embeddable":true,"href":"https:\/\/mrnews.com.br\/index.php\/wp-json\/wp\/v2\/tags?post=446593"}],"curies":[{"name":"wp","href":"https:\/\/api.w.org\/{rel}","templated":true}]}}