{"id":446669,"date":"2025-07-23T01:05:34","date_gmt":"2025-07-23T04:05:34","guid":{"rendered":"https:\/\/mrnews.com.br\/index.php\/2025\/07\/23\/rj-capacita-rede-hoteleira-para-atender-vitimas-de-violencia-de-genero\/"},"modified":"2025-07-23T01:05:34","modified_gmt":"2025-07-23T04:05:34","slug":"rj-capacita-rede-hoteleira-para-atender-vitimas-de-violencia-de-genero","status":"publish","type":"post","link":"https:\/\/mrnews.com.br\/index.php\/2025\/07\/23\/rj-capacita-rede-hoteleira-para-atender-vitimas-de-violencia-de-genero\/","title":{"rendered":"RJ capacita rede hoteleira para atender v\u00edtimas de viol\u00eancia de g\u00eanero"},"content":{"rendered":"<p>Por EBC, <\/p>\n<div>\n<p>A Secretaria de Estado da Mulher do Rio de Janeiro, em parceria t\u00e9cnica com a organiza\u00e7\u00e3o Livre de Ass\u00e9dio, est\u00e1 investindo em capacita\u00e7\u00e3o no setor de hotelaria para atendimento a v\u00edtimas de viol\u00eancia de g\u00eanero. <strong>O objetivo \u00e9 prevenir, acolher e encaminhar mulheres que sofram algum tipo de viol\u00eancia na rede hoteleira do estado.\u00a0<\/strong><\/p>\n<blockquote>\n<p>&#8220;O Rio de Janeiro j\u00e1 \u00e9 reconhecido mundialmente por suas belezas naturais e riquezas culturais. Agora, queremos que ele tamb\u00e9m seja refer\u00eancia em acolhimento e seguran\u00e7a para todas as mulheres que nos visitam. Essa forma\u00e7\u00e3o \u00e9 um passo fundamental para que o setor hoteleiro esteja preparado para agir com responsabilidade diante de situa\u00e7\u00f5es de viol\u00eancia contra a mulher. Nosso compromisso \u00e9 garantir que cada turista se sinta segura, respeitada e bem recebida em nosso estado&#8221;, afirmou, em nota, a secret\u00e1ria de Estado da Mulher, Heloisa Aguiar.<\/p>\n<\/blockquote>\n<p><strong>No primeiro semestre de 2025, o Rio de Janeiro bateu recorde de turistas de outros pa\u00edses, com aproximadamente 1,1 milh\u00e3o de visitantes, uma alta de 51,8% em compara\u00e7\u00e3o ao mesmo per\u00edodo do ano passado. <\/strong>A expectativa do governo do estado \u00e9 que este n\u00famero chegue a 2 milh\u00f5es at\u00e9 dezembro de 2025.\u00a0<\/p>\n<p>&gt;&gt; Siga o canal da <strong>Ag\u00eancia Brasil <\/strong>no WhatsApp<\/p>\n<h2>Capacita\u00e7\u00e3o<\/h2>\n<p><strong>O treinamento atende ao protocolo \u201cN\u00e3o \u00e9 N\u00e3o! Respeite a decis\u00e3o&#8221; <\/strong>e pode ser feito por meio da plataforma www.naoenaorj.com.br. No curso, a preven\u00e7\u00e3o \u00e9 ensinada atrav\u00e9s de protocolos, sinaliza\u00e7\u00f5es e pr\u00e1ticas essenciais para a prote\u00e7\u00e3o nesses ambientes.\u00a0<\/p>\n<p><strong>Os profissionais aprendem a identificar situa\u00e7\u00f5es de risco, a agir de forma adequada e tamb\u00e9m o que evitar durante a abordagem e o acolhimento \u00e0 v\u00edtima. <\/strong>Tamb\u00e9m est\u00e1 dispon\u00edvel a introdu\u00e7\u00e3o aos conceitos essenciais sobre viol\u00eancia de g\u00eanero, ass\u00e9dio e as leis que amparam a prote\u00e7\u00e3o contra essas situa\u00e7\u00f5es.<\/p>\n<p>A pr\u00f3xima etapa do protocolo ser\u00e1 a implementa\u00e7\u00e3o do Selo Mulher+Segura, que poder\u00e1 ser concedido a estabelecimentos que tiverem, anualmente, ao menos 70% das equipes capacitadas e um plano cont\u00ednuo de forma\u00e7\u00e3o. A fiscaliza\u00e7\u00e3o ser\u00e1 feita pela Secretaria de Estado da Mulher, em conjunto com o Minist\u00e9rio P\u00fablico do Estado do Rio de Janeiro.<\/p>\n<p>      <!-- Relacionada --><\/p>\n<p>            <!-- Relacionada -->\n    <\/div>\n","protected":false},"excerpt":{"rendered":"<p>Por EBC, A Secretaria de Estado da Mulher do Rio de Janeiro, em parceria t\u00e9cnica com a organiza\u00e7\u00e3o Livre de Ass\u00e9dio, est\u00e1 investindo em capacita\u00e7\u00e3o no setor de hotelaria para atendimento a v\u00edtimas de viol\u00eancia de g\u00eanero. O objetivo \u00e9 prevenir, acolher e encaminhar mulheres que sofram algum tipo de viol\u00eancia na rede hoteleira do &hellip;<\/p>\n","protected":false},"author":1,"featured_media":0,"comment_status":"open","ping_status":"open","sticky":false,"template":"","format":"standard","meta":{"_jetpack_memberships_contains_paid_content":false,"footnotes":""},"categories":[2,12225,4],"tags":[],"class_list":["post-446669","post","type-post","status-publish","format-standard","hentry","category-entretenimento","category-noticias","category-servicos"],"yoast_head":"<!-- This site is optimized with the Yoast SEO plugin v27.4 - https:\/\/yoast.com\/product\/yoast-seo-wordpress\/ -->\n<title>RJ capacita rede hoteleira para atender v\u00edtimas de viol\u00eancia de g\u00eanero<\/title>\n<meta name=\"robots\" content=\"index, follow, max-snippet:-1, max-image-preview:large, max-video-preview:-1\" \/>\n<link rel=\"canonical\" href=\"https:\/\/mrnews.com.br\/index.php\/2025\/07\/23\/rj-capacita-rede-hoteleira-para-atender-vitimas-de-violencia-de-genero\/\" \/>\n<meta property=\"og:locale\" content=\"pt_BR\" \/>\n<meta property=\"og:type\" content=\"article\" \/>\n<meta property=\"og:title\" content=\"RJ capacita rede hoteleira para atender v\u00edtimas de viol\u00eancia de g\u00eanero\" \/>\n<meta property=\"og:description\" content=\"Por EBC, A Secretaria de Estado da Mulher do Rio de Janeiro, em parceria t\u00e9cnica com a organiza\u00e7\u00e3o Livre de Ass\u00e9dio, est\u00e1 investindo em capacita\u00e7\u00e3o no setor de hotelaria para atendimento a v\u00edtimas de viol\u00eancia de g\u00eanero. O objetivo \u00e9 prevenir, acolher e encaminhar mulheres que sofram algum tipo de viol\u00eancia na rede hoteleira do &hellip;\" \/>\n<meta property=\"og:url\" content=\"https:\/\/mrnews.com.br\/index.php\/2025\/07\/23\/rj-capacita-rede-hoteleira-para-atender-vitimas-de-violencia-de-genero\/\" \/>\n<meta property=\"og:site_name\" content=\"MRNews\" \/>\n<meta property=\"article:publisher\" content=\"https:\/\/www.facebook.com\/eaipahpah\/?locale2=pt_BR\" \/>\n<meta property=\"article:published_time\" content=\"2025-07-23T04:05:34+00:00\" \/>\n<meta name=\"author\" content=\"MR News\" \/>\n<meta name=\"twitter:card\" content=\"summary_large_image\" \/>\n<meta name=\"twitter:creator\" content=\"@conspirou\" \/>\n<meta name=\"twitter:site\" content=\"@conspirou\" \/>\n<meta name=\"twitter:label1\" content=\"Escrito por\" \/>\n\t<meta name=\"twitter:data1\" content=\"MR News\" \/>\n\t<meta name=\"twitter:label2\" content=\"Est. tempo de leitura\" \/>\n\t<meta name=\"twitter:data2\" content=\"2 minutos\" \/>\n<script type=\"application\/ld+json\" class=\"yoast-schema-graph\">{\"@context\":\"https:\\\/\\\/schema.org\",\"@graph\":[{\"@type\":\"Article\",\"@id\":\"https:\\\/\\\/mrnews.com.br\\\/index.php\\\/2025\\\/07\\\/23\\\/rj-capacita-rede-hoteleira-para-atender-vitimas-de-violencia-de-genero\\\/#article\",\"isPartOf\":{\"@id\":\"https:\\\/\\\/mrnews.com.br\\\/index.php\\\/2025\\\/07\\\/23\\\/rj-capacita-rede-hoteleira-para-atender-vitimas-de-violencia-de-genero\\\/\"},\"author\":{\"name\":\"MR News\",\"@id\":\"https:\\\/\\\/mrnews.com.br\\\/#\\\/schema\\\/person\\\/be3203154562a9f207407861cef7827b\"},\"headline\":\"RJ capacita rede hoteleira para atender v\u00edtimas de viol\u00eancia de g\u00eanero\",\"datePublished\":\"2025-07-23T04:05:34+00:00\",\"mainEntityOfPage\":{\"@id\":\"https:\\\/\\\/mrnews.com.br\\\/index.php\\\/2025\\\/07\\\/23\\\/rj-capacita-rede-hoteleira-para-atender-vitimas-de-violencia-de-genero\\\/\"},\"wordCount\":399,\"commentCount\":0,\"publisher\":{\"@id\":\"https:\\\/\\\/mrnews.com.br\\\/#organization\"},\"articleSection\":[\"ENTRETENIMENTO\",\"NOTICIAS\",\"SERVI\u00c7OS\"],\"inLanguage\":\"pt-BR\",\"potentialAction\":[{\"@type\":\"CommentAction\",\"name\":\"Comment\",\"target\":[\"https:\\\/\\\/mrnews.com.br\\\/index.php\\\/2025\\\/07\\\/23\\\/rj-capacita-rede-hoteleira-para-atender-vitimas-de-violencia-de-genero\\\/#respond\"]}]},{\"@type\":\"WebPage\",\"@id\":\"https:\\\/\\\/mrnews.com.br\\\/index.php\\\/2025\\\/07\\\/23\\\/rj-capacita-rede-hoteleira-para-atender-vitimas-de-violencia-de-genero\\\/\",\"url\":\"https:\\\/\\\/mrnews.com.br\\\/index.php\\\/2025\\\/07\\\/23\\\/rj-capacita-rede-hoteleira-para-atender-vitimas-de-violencia-de-genero\\\/\",\"name\":\"RJ capacita rede hoteleira para atender v\u00edtimas de viol\u00eancia de g\u00eanero\",\"isPartOf\":{\"@id\":\"https:\\\/\\\/mrnews.com.br\\\/#website\"},\"datePublished\":\"2025-07-23T04:05:34+00:00\",\"breadcrumb\":{\"@id\":\"https:\\\/\\\/mrnews.com.br\\\/index.php\\\/2025\\\/07\\\/23\\\/rj-capacita-rede-hoteleira-para-atender-vitimas-de-violencia-de-genero\\\/#breadcrumb\"},\"inLanguage\":\"pt-BR\",\"potentialAction\":[{\"@type\":\"ReadAction\",\"target\":[\"https:\\\/\\\/mrnews.com.br\\\/index.php\\\/2025\\\/07\\\/23\\\/rj-capacita-rede-hoteleira-para-atender-vitimas-de-violencia-de-genero\\\/\"]}]},{\"@type\":\"BreadcrumbList\",\"@id\":\"https:\\\/\\\/mrnews.com.br\\\/index.php\\\/2025\\\/07\\\/23\\\/rj-capacita-rede-hoteleira-para-atender-vitimas-de-violencia-de-genero\\\/#breadcrumb\",\"itemListElement\":[{\"@type\":\"ListItem\",\"position\":1,\"name\":\"In\u00edcio\",\"item\":\"https:\\\/\\\/mrnews.com.br\\\/\"},{\"@type\":\"ListItem\",\"position\":2,\"name\":\"RJ capacita rede hoteleira para atender v\u00edtimas de viol\u00eancia de g\u00eanero\"}]},{\"@type\":\"WebSite\",\"@id\":\"https:\\\/\\\/mrnews.com.br\\\/#website\",\"url\":\"https:\\\/\\\/mrnews.com.br\\\/\",\"name\":\"MRNews\",\"description\":\"MRNews Jogos de hoje da TV, transmiss\u00f5es ao vivo, Not\u00edcias de futebol, Jogos ao vivo, Lives, resumo de novelas, Programa\u00e7\u00e3o da Globo, A Fazenda e BBB\",\"publisher\":{\"@id\":\"https:\\\/\\\/mrnews.com.br\\\/#organization\"},\"potentialAction\":[{\"@type\":\"SearchAction\",\"target\":{\"@type\":\"EntryPoint\",\"urlTemplate\":\"https:\\\/\\\/mrnews.com.br\\\/?s={search_term_string}\"},\"query-input\":{\"@type\":\"PropertyValueSpecification\",\"valueRequired\":true,\"valueName\":\"search_term_string\"}}],\"inLanguage\":\"pt-BR\"},{\"@type\":\"Organization\",\"@id\":\"https:\\\/\\\/mrnews.com.br\\\/#organization\",\"name\":\"MRNews\",\"url\":\"https:\\\/\\\/mrnews.com.br\\\/\",\"logo\":{\"@type\":\"ImageObject\",\"inLanguage\":\"pt-BR\",\"@id\":\"https:\\\/\\\/mrnews.com.br\\\/#\\\/schema\\\/logo\\\/image\\\/\",\"url\":\"https:\\\/\\\/mrnews.com.br\\\/wp-content\\\/uploads\\\/2019\\\/06\\\/MRNewslogo2.png\",\"contentUrl\":\"https:\\\/\\\/mrnews.com.br\\\/wp-content\\\/uploads\\\/2019\\\/06\\\/MRNewslogo2.png\",\"width\":223,\"height\":58,\"caption\":\"MRNews\"},\"image\":{\"@id\":\"https:\\\/\\\/mrnews.com.br\\\/#\\\/schema\\\/logo\\\/image\\\/\"},\"sameAs\":[\"https:\\\/\\\/www.facebook.com\\\/eaipahpah\\\/?locale2=pt_BR\",\"https:\\\/\\\/x.com\\\/conspirou\",\"https:\\\/\\\/www.instagram.com\\\/eai_pahpah\",\"https:\\\/\\\/br.pinterest.com\\\/mrnewsn\\\/boards\\\/\",\"https:\\\/\\\/www.youtube.com\\\/channel\\\/UCacgnpznQ61fifLWr1tQ-vA?view_as=subscriber\"]},{\"@type\":\"Person\",\"@id\":\"https:\\\/\\\/mrnews.com.br\\\/#\\\/schema\\\/person\\\/be3203154562a9f207407861cef7827b\",\"name\":\"MR News\",\"image\":{\"@type\":\"ImageObject\",\"inLanguage\":\"pt-BR\",\"@id\":\"https:\\\/\\\/secure.gravatar.com\\\/avatar\\\/04084e6d73c042b8646e7c17b494073bf0ede3ea13c7105cfc45cbbbc28385a4?s=96&d=monsterid&r=g\",\"url\":\"https:\\\/\\\/secure.gravatar.com\\\/avatar\\\/04084e6d73c042b8646e7c17b494073bf0ede3ea13c7105cfc45cbbbc28385a4?s=96&d=monsterid&r=g\",\"contentUrl\":\"https:\\\/\\\/secure.gravatar.com\\\/avatar\\\/04084e6d73c042b8646e7c17b494073bf0ede3ea13c7105cfc45cbbbc28385a4?s=96&d=monsterid&r=g\",\"caption\":\"MR News\"},\"description\":\"Especializado em jornalismo colaborativo pela FTP em n\u00edvel de p\u00f3s-gradua\u00e7\u00e3o. suporte@oimeliga.combr\",\"sameAs\":[\"HUGO R.\",\"Admin\"],\"url\":\"https:\\\/\\\/mrnews.com.br\\\/index.php\\\/author\\\/admin\\\/\"}]}<\/script>\n<!-- \/ Yoast SEO plugin. -->","yoast_head_json":{"title":"RJ capacita rede hoteleira para atender v\u00edtimas de viol\u00eancia de g\u00eanero","robots":{"index":"index","follow":"follow","max-snippet":"max-snippet:-1","max-image-preview":"max-image-preview:large","max-video-preview":"max-video-preview:-1"},"canonical":"https:\/\/mrnews.com.br\/index.php\/2025\/07\/23\/rj-capacita-rede-hoteleira-para-atender-vitimas-de-violencia-de-genero\/","og_locale":"pt_BR","og_type":"article","og_title":"RJ capacita rede hoteleira para atender v\u00edtimas de viol\u00eancia de g\u00eanero","og_description":"Por EBC, A Secretaria de Estado da Mulher do Rio de Janeiro, em parceria t\u00e9cnica com a organiza\u00e7\u00e3o Livre de Ass\u00e9dio, est\u00e1 investindo em capacita\u00e7\u00e3o no setor de hotelaria para atendimento a v\u00edtimas de viol\u00eancia de g\u00eanero. O objetivo \u00e9 prevenir, acolher e encaminhar mulheres que sofram algum tipo de viol\u00eancia na rede hoteleira do &hellip;","og_url":"https:\/\/mrnews.com.br\/index.php\/2025\/07\/23\/rj-capacita-rede-hoteleira-para-atender-vitimas-de-violencia-de-genero\/","og_site_name":"MRNews","article_publisher":"https:\/\/www.facebook.com\/eaipahpah\/?locale2=pt_BR","article_published_time":"2025-07-23T04:05:34+00:00","author":"MR News","twitter_card":"summary_large_image","twitter_creator":"@conspirou","twitter_site":"@conspirou","twitter_misc":{"Escrito por":"MR News","Est. tempo de leitura":"2 minutos"},"schema":{"@context":"https:\/\/schema.org","@graph":[{"@type":"Article","@id":"https:\/\/mrnews.com.br\/index.php\/2025\/07\/23\/rj-capacita-rede-hoteleira-para-atender-vitimas-de-violencia-de-genero\/#article","isPartOf":{"@id":"https:\/\/mrnews.com.br\/index.php\/2025\/07\/23\/rj-capacita-rede-hoteleira-para-atender-vitimas-de-violencia-de-genero\/"},"author":{"name":"MR News","@id":"https:\/\/mrnews.com.br\/#\/schema\/person\/be3203154562a9f207407861cef7827b"},"headline":"RJ capacita rede hoteleira para atender v\u00edtimas de viol\u00eancia de g\u00eanero","datePublished":"2025-07-23T04:05:34+00:00","mainEntityOfPage":{"@id":"https:\/\/mrnews.com.br\/index.php\/2025\/07\/23\/rj-capacita-rede-hoteleira-para-atender-vitimas-de-violencia-de-genero\/"},"wordCount":399,"commentCount":0,"publisher":{"@id":"https:\/\/mrnews.com.br\/#organization"},"articleSection":["ENTRETENIMENTO","NOTICIAS","SERVI\u00c7OS"],"inLanguage":"pt-BR","potentialAction":[{"@type":"CommentAction","name":"Comment","target":["https:\/\/mrnews.com.br\/index.php\/2025\/07\/23\/rj-capacita-rede-hoteleira-para-atender-vitimas-de-violencia-de-genero\/#respond"]}]},{"@type":"WebPage","@id":"https:\/\/mrnews.com.br\/index.php\/2025\/07\/23\/rj-capacita-rede-hoteleira-para-atender-vitimas-de-violencia-de-genero\/","url":"https:\/\/mrnews.com.br\/index.php\/2025\/07\/23\/rj-capacita-rede-hoteleira-para-atender-vitimas-de-violencia-de-genero\/","name":"RJ capacita rede hoteleira para atender v\u00edtimas de viol\u00eancia de g\u00eanero","isPartOf":{"@id":"https:\/\/mrnews.com.br\/#website"},"datePublished":"2025-07-23T04:05:34+00:00","breadcrumb":{"@id":"https:\/\/mrnews.com.br\/index.php\/2025\/07\/23\/rj-capacita-rede-hoteleira-para-atender-vitimas-de-violencia-de-genero\/#breadcrumb"},"inLanguage":"pt-BR","potentialAction":[{"@type":"ReadAction","target":["https:\/\/mrnews.com.br\/index.php\/2025\/07\/23\/rj-capacita-rede-hoteleira-para-atender-vitimas-de-violencia-de-genero\/"]}]},{"@type":"BreadcrumbList","@id":"https:\/\/mrnews.com.br\/index.php\/2025\/07\/23\/rj-capacita-rede-hoteleira-para-atender-vitimas-de-violencia-de-genero\/#breadcrumb","itemListElement":[{"@type":"ListItem","position":1,"name":"In\u00edcio","item":"https:\/\/mrnews.com.br\/"},{"@type":"ListItem","position":2,"name":"RJ capacita rede hoteleira para atender v\u00edtimas de viol\u00eancia de g\u00eanero"}]},{"@type":"WebSite","@id":"https:\/\/mrnews.com.br\/#website","url":"https:\/\/mrnews.com.br\/","name":"MRNews","description":"MRNews Jogos de hoje da TV, transmiss\u00f5es ao vivo, Not\u00edcias de futebol, Jogos ao vivo, Lives, resumo de novelas, Programa\u00e7\u00e3o da Globo, A Fazenda e BBB","publisher":{"@id":"https:\/\/mrnews.com.br\/#organization"},"potentialAction":[{"@type":"SearchAction","target":{"@type":"EntryPoint","urlTemplate":"https:\/\/mrnews.com.br\/?s={search_term_string}"},"query-input":{"@type":"PropertyValueSpecification","valueRequired":true,"valueName":"search_term_string"}}],"inLanguage":"pt-BR"},{"@type":"Organization","@id":"https:\/\/mrnews.com.br\/#organization","name":"MRNews","url":"https:\/\/mrnews.com.br\/","logo":{"@type":"ImageObject","inLanguage":"pt-BR","@id":"https:\/\/mrnews.com.br\/#\/schema\/logo\/image\/","url":"https:\/\/mrnews.com.br\/wp-content\/uploads\/2019\/06\/MRNewslogo2.png","contentUrl":"https:\/\/mrnews.com.br\/wp-content\/uploads\/2019\/06\/MRNewslogo2.png","width":223,"height":58,"caption":"MRNews"},"image":{"@id":"https:\/\/mrnews.com.br\/#\/schema\/logo\/image\/"},"sameAs":["https:\/\/www.facebook.com\/eaipahpah\/?locale2=pt_BR","https:\/\/x.com\/conspirou","https:\/\/www.instagram.com\/eai_pahpah","https:\/\/br.pinterest.com\/mrnewsn\/boards\/","https:\/\/www.youtube.com\/channel\/UCacgnpznQ61fifLWr1tQ-vA?view_as=subscriber"]},{"@type":"Person","@id":"https:\/\/mrnews.com.br\/#\/schema\/person\/be3203154562a9f207407861cef7827b","name":"MR News","image":{"@type":"ImageObject","inLanguage":"pt-BR","@id":"https:\/\/secure.gravatar.com\/avatar\/04084e6d73c042b8646e7c17b494073bf0ede3ea13c7105cfc45cbbbc28385a4?s=96&d=monsterid&r=g","url":"https:\/\/secure.gravatar.com\/avatar\/04084e6d73c042b8646e7c17b494073bf0ede3ea13c7105cfc45cbbbc28385a4?s=96&d=monsterid&r=g","contentUrl":"https:\/\/secure.gravatar.com\/avatar\/04084e6d73c042b8646e7c17b494073bf0ede3ea13c7105cfc45cbbbc28385a4?s=96&d=monsterid&r=g","caption":"MR News"},"description":"Especializado em jornalismo colaborativo pela FTP em n\u00edvel de p\u00f3s-gradua\u00e7\u00e3o. suporte@oimeliga.combr","sameAs":["HUGO R.","Admin"],"url":"https:\/\/mrnews.com.br\/index.php\/author\/admin\/"}]}},"jetpack_featured_media_url":"","jetpack_sharing_enabled":true,"jetpack_shortlink":"https:\/\/wp.me\/pa2Qf7-1Scl","amp_enabled":true,"_links":{"self":[{"href":"https:\/\/mrnews.com.br\/index.php\/wp-json\/wp\/v2\/posts\/446669","targetHints":{"allow":["GET"]}}],"collection":[{"href":"https:\/\/mrnews.com.br\/index.php\/wp-json\/wp\/v2\/posts"}],"about":[{"href":"https:\/\/mrnews.com.br\/index.php\/wp-json\/wp\/v2\/types\/post"}],"author":[{"embeddable":true,"href":"https:\/\/mrnews.com.br\/index.php\/wp-json\/wp\/v2\/users\/1"}],"replies":[{"embeddable":true,"href":"https:\/\/mrnews.com.br\/index.php\/wp-json\/wp\/v2\/comments?post=446669"}],"version-history":[{"count":0,"href":"https:\/\/mrnews.com.br\/index.php\/wp-json\/wp\/v2\/posts\/446669\/revisions"}],"wp:attachment":[{"href":"https:\/\/mrnews.com.br\/index.php\/wp-json\/wp\/v2\/media?parent=446669"}],"wp:term":[{"taxonomy":"category","embeddable":true,"href":"https:\/\/mrnews.com.br\/index.php\/wp-json\/wp\/v2\/categories?post=446669"},{"taxonomy":"post_tag","embeddable":true,"href":"https:\/\/mrnews.com.br\/index.php\/wp-json\/wp\/v2\/tags?post=446669"}],"curies":[{"name":"wp","href":"https:\/\/api.w.org\/{rel}","templated":true}]}}