{"id":446688,"date":"2025-07-23T18:36:34","date_gmt":"2025-07-23T21:36:34","guid":{"rendered":"https:\/\/mrnews.com.br\/index.php\/2025\/07\/23\/festival-latinidades-mostra-arte-e-empreendedorismo-de-mulheres-negras\/"},"modified":"2025-07-23T18:36:34","modified_gmt":"2025-07-23T21:36:34","slug":"festival-latinidades-mostra-arte-e-empreendedorismo-de-mulheres-negras","status":"publish","type":"post","link":"https:\/\/mrnews.com.br\/index.php\/2025\/07\/23\/festival-latinidades-mostra-arte-e-empreendedorismo-de-mulheres-negras\/","title":{"rendered":"Festival Latinidades mostra arte e empreendedorismo de mulheres negras"},"content":{"rendered":"<p>Por EBC, <\/p>\n<div>\n<p>As mulheres negras latino-americanas e caribenhas como protagonistas de suas lutas e resist\u00eancias e, ainda, como geradoras de arte, cultura e saberes ancestrais. <strong>Elas s\u00e3o o foco do Festival Latinidades 2025, que iniciou nesta quarta-feira (23) e vai at\u00e9 o dia 31 de julho, em diversas localidades do Distrito Federal.<\/strong><\/p>\n<div class=\"dnd-widget-wrapper context-medio_4colunas type-image atom-align-left\">\n<div class=\"dnd-atom-rendered\"><!-- scald=431706:medio_4colunas {\"additionalClasses\":\"\"} --><\/p>\n<p>    <!-- END scald=431706 --><\/div>\n<p><h6 class=\"meta\">A fundadora do Festival Latinidades e diretora do Instituto Afrolatinas, Jaqueline Fernandes. Foto: <strong>Ester Cruz\/Divulga\u00e7\u00e3o<\/strong><!--END copyright=431706--><\/h6>\n<\/p>\n<\/div>\n<p>A 18\u00aa edi\u00e7\u00e3o tem o tema <em>Mulheres Negras Movem o Mundo<\/em>\u00a0e homenageia a intelectual e ativista do movimento negro L\u00e9lia Gonzalez (1935-1994).\u00a0O evento \u00e9 parte das celebra\u00e7\u00f5es do Dia da Mulher Afro-Latino-Americana e Caribenha, em 25 de julho\u00a0<\/p>\n<p>A fundadora do Festival Latinidades e diretora do Instituto Afrolatinas, Jaqueline Fernandes, garante que nesta semana o p\u00fablico ter\u00e1 encontros potentes, conte\u00fados transformadores e muita arte negra de diferentes territ\u00f3rios.<\/p>\n<blockquote>\n<p>\u201cUma celebra\u00e7\u00e3o da maioridade do festival, mas tamb\u00e9m um marco de reinven\u00e7\u00e3o, afirma\u00e7\u00e3o e futuro\u201d, adiantou em entrevista \u00e0 <strong>Ag\u00eancia Brasil<\/strong>.<\/p>\n<\/blockquote>\n<h2>Programa\u00e7\u00e3o<\/h2>\n<p>A programa\u00e7\u00e3o do Latinidades 2025 abrange rodas de conversa sobre diversas tem\u00e1ticas e confer\u00eancias, atra\u00e7\u00f5es de artistas negros de diferentes regi\u00f5es do pa\u00eds, como exposi\u00e7\u00f5es, teatro, m\u00fasica e batalhas de rimas com convidadas, festival infantil de dan\u00e7a <em>breaking<\/em>, experi\u00eancias imersivas; shows com artistas nacionais e internacionais. A\u00a0<em>Feira Preta <\/em>de empreendedorismo com 30 marcas lideradas por mulheres negras, na loja Latinidades, est\u00e1 instalada na \u00e1rea externa do Museu Nacional da Rep\u00fablica, no centro de Bras\u00edlia.<\/p>\n<p>&gt;&gt; Siga o canal da <strong>Ag\u00eancia Brasil <\/strong>no WhatsApp<\/p>\n<p><strong>Para Jaqueline Fernandes, garantir autonomia econ\u00f4mica para mulheres negras \u00e9 tamb\u00e9m garantir liberdade, dignidade e justi\u00e7a.\u00a0<\/strong><\/p>\n<blockquote>\n<p>\u201cO Latinidades investe em forma\u00e7\u00e3o, visibilidade e oportunidades para que mulheres negras empreendam, inovem e vivam da sua arte, do seu saber e do seu trabalho.\u201d<\/p>\n<\/blockquote>\n<p>A deputada federal Erika Hilton (PSol-SP) tamb\u00e9m ser\u00e1 homenageada pela organiza\u00e7\u00e3o do Latinidades pela defesa da garantia de direitos sociais de pessoas pretas e transg\u00eaneras. A parlamentar \u00e9 autora\u00a0da Proposta de Emenda \u00e0 Constitui\u00e7\u00e3o (PEC) que prop\u00f5e o fim da escala de trabalho 6&#215;1, entre outras iniciativas.\u00a0<\/p>\n<h2>O pensar negro<\/h2>\n<p><strong>Um dos destaques do evento \u00e9 a exposi\u00e7\u00e3o coletiva Alumbramento, instalada no Museu Nacional. <\/strong>Desenvolvida especialmente para a celebra\u00e7\u00e3o dos 18 anos do Festival Latinidades, a galeria de obras de 25 artistas negros teve a curadoria da pesquisadora de Nathalia Grilo, com assist\u00eancia de Lara Godoi.<\/p>\n<div class=\"dnd-widget-wrapper context-medio_4colunas type-image atom-align-right\">\n<div class=\"dnd-atom-rendered\"><!-- scald=431650:medio_4colunas {\"additionalClasses\":\"\"} --><\/p>\n<p>    <!-- END scald=431650 --><\/div>\n<p><h6 class=\"meta\">A curadora da exposi\u00e7\u00e3o mirasaw\u00e1 alumbramento, Natalia Grilo, no 18\u00ba Festival Latinidades Brasil &#8211; <strong>Foto:\u00a0Jos\u00e9 Cruz\/Ag\u00eancia Brasil<\/strong><!--END copyright=431650--><\/h6>\n<\/p>\n<\/div>\n<p>Durante a abertura da exposi\u00e7\u00e3o, nesta quarta-feira (23), Nathalia Grilo explica que o alumbramento brasileiro, inspirado no surrealismo negro e no conceito do que \u00e9 maravilhoso no Caribe, tem imagina\u00e7\u00f5es temporais pr\u00f3prias.\u00a0<\/p>\n<blockquote>\n<p>&#8220;O alumbramento nasce do fazer cotidiano dentro do ateli\u00ea, de uma intimidade que o corpo do artista vai criando consigo mesmo e com o seu entorno, com os materiais que utiliza, com as linguagens trabalhadas. Dessa intimidade corriqueira v\u00eam esses lapsos de tempo, que nos botam em outro estado de consci\u00eancia, de comunica\u00e7\u00e3o, que vai preencher o ateli\u00ea de encantamento\u201d, sintetiza.<\/p>\n<\/blockquote>\n<p>A gestora cultural Jaqueline Fernandes explica que a exposi\u00e7\u00e3o prop\u00f5e uma travessia pelo escuro f\u00e9rtil da cria\u00e7\u00e3o art\u00edstica, em experi\u00eancias sensoriais e imersivas, em que som, luz e temperatura acompanham o p\u00fablico desde a entrada no espa\u00e7o. \u201cAlumbramento \u00e9 uma ode \u00e0 cria\u00e7\u00e3o que nasce fora dos centros e do mercado, mas profundamente conectada \u00e0 vida\u201d.<\/p>\n<p><strong>Organizada em quatro zonas circulares, a exposi\u00e7\u00e3o re\u00fane obras de 25 artistas negros e ind\u00edgenas das regi\u00f5es Norte, Nordeste, Centro-Oeste e Sul do Brasil.\u00a0\u00a0<\/strong><\/p>\n<p>\u00a0<\/p>\n<div class=\"dnd-widget-wrapper context-cheio_8colunas type-image atom-align-center\">\n<div class=\"dnd-atom-rendered\"><!-- scald=431653:cheio_8colunas {\"additionalClasses\":\"\"} --><\/p>\n<p>    <!-- END scald=431653 --><\/div>\n<p><h6 class=\"meta\">Exposi\u00e7\u00e3o coletiva Alumbramento, instalada no Museu Nacional, parte do\u00a018\u00ba Festival Latinidades. <strong>Foto:\u00a0Jos\u00e9 Cruz\/Ag\u00eancia Brasil<\/strong><!--END copyright=431653--><\/h6>\n<\/p>\n<\/div>\n<p>\u00a0<\/p>\n<p><strong>No teatro, a pe\u00e7a \u201cPequeno Manual Antirracista\u201d \u00e9 baseada no livro de autoria da professora e fil\u00f3sofa brasileira Djamila Ribeiro, vencedor do Pr\u00eamio Jabuti em 2020. <\/strong>No palco, a atua\u00e7\u00e3o \u00e9 de Luana Xavier, artista, apresentadora, roteirista e neta da atriz pioneira da teledramaturgia brasileira e m\u00e3e de santo Chica Xavier (1932-2020). O texto aborda o racismo estrutural, a resist\u00eancia e a consci\u00eancia cr\u00edtica.<\/p>\n<p>Entre as artistas que far\u00e3o shows musicais no Museu Nacional, est\u00e3o a atriz e cantora Zez\u00e9 Motta; com a participa\u00e7\u00e3o da artista da Cidade de Deus (RJ), Malia; as cantoras da contempor\u00e2neas\u00a0 Luedji Luna, Karol Conk\u00e1 e Larissa Luz. Esta \u00faltima canta rocks da carreira do \u00edcone da MPB, Gilberto Gil. O festival ainda registra as apresenta\u00e7\u00f5es da inglesa IAMDDB, de Duquesa e Isa Marques, entre outras artistas de diferentes gera\u00e7\u00f5es.<\/p>\n<p>Ainda no campo da m\u00fasica, o Cat\u00e1logo de Cantoras Negras Brasileiras \u2013 de autoria de Luciana Oliveira e publicado pela editora Dandara \u2013 mapeia as vozes negras da m\u00fasica brasileira. Um passeio pelo canto feminino e negro de diversos ritmos. De Dolores Duran, passando por Elizeth Cardoso e Dona Ivone Lara \u00e0 atual Liniker.<\/p>\n<p>Dentro do Cine Afrolatinas, que tem o cinema como instrumento de mem\u00f3ria, est\u00e9tica e resist\u00eancia negra, a sess\u00e3o de curtas traz produ\u00e7\u00f5es feitas por mulheres negras. Entre os filmes est\u00e3o \u2018Diasp\u00f3ricas &#8211; Epis\u00f3dio Maximira Luciano &#8220;Ventos de Si\u2019, de Ana Clara Gomes; \u2018Super Jinga\u2019, de Inara R\u00e9gia Cardoso e Dandara Caldeira; e \u2018Farinha, Festas e Mem\u00f3rias\u2019, de Jackeline Silva.<\/p>\n<p>A mostra audiovisual, ainda registra a estreia nacional, na noite de 30 de julho, do longa \u2018Bam Bam: a hist\u00f3ria de Sister Nancy\u2019, \u00edcone da m\u00fasica jamaicana.<\/p>\n<p>Na sess\u00e3o liter\u00e1ria, o festival contabiliza o lan\u00e7amento da obra \u2018Empoderadas Narrativas Incontidas do Audiovisual Brasileiro\u2019, de Renata Martins. A publica\u00e7\u00e3o re\u00fane ensaios, entrevistas e artigos de 35 mulheres negras profissionais do cinema.<\/p>\n<p>Na esta\u00e7\u00e3o de metr\u00f4 de Ceil\u00e2ndia Centro, a 30 quil\u00f4metros de Bras\u00edlia, a exposi\u00e7\u00e3o Ch\u00e3o Ancestral divulga fotografias que celebram os 279 anos do quilombo Mesquita (Cidade Ocidental, GO) e a resist\u00eancia das mulheres quilombolas brasileiras na luta por seus territ\u00f3rios, por mem\u00f3ria e direitos.\u00a0<\/p>\n<p><strong>&gt;&gt;&gt;&gt; Confira a programa\u00e7\u00e3o completa do festival<\/strong>\u00a0<\/p>\n<div class=\"dnd-widget-wrapper context-cheio_8colunas type-image atom-align-center\">\n<div class=\"dnd-atom-rendered\"><!-- scald=431654:cheio_8colunas {\"additionalClasses\":\"\"} --><\/p>\n<p>    <!-- END scald=431654 --><\/div>\n<p><h6 class=\"meta rtecenter\">Exposi\u00e7\u00e3o mirasaw\u00e1 alumbramento no 18\u00ba Festival Latinidades celebra protagonismo das mulheres negras at\u00e9 31 de julho <strong>Foto: Jos\u00e9 Cruz\/Ag\u00eancia Brasil<\/strong><!--END copyright=431654--><\/h6>\n<\/p>\n<\/div>\n<h2>Apoio<\/h2>\n<p><strong>Nesta edi\u00e7\u00e3o, o Festival Latinidades conta com apoio do Minist\u00e9rio da Cultura (MinC), por meio da Lei de Incentivo \u00e0 Cultura, via Lei Rouanet, que autorizou a capta\u00e7\u00e3o de mais de R$ 3,11 milh\u00f5es.<\/strong> De acordo com o MinC, at\u00e9 o momento, R$ 2 milh\u00f5es foram captados.<\/p>\n<p>Em nota, o Minist\u00e9rio da Cultura refor\u00e7ou a import\u00e2ncia do investimento p\u00fablico em a\u00e7\u00f5es de fortalecimento da diversidade cultural brasileira. \u201cA realiza\u00e7\u00e3o do festival com apoio do Minist\u00e9rio da Cultura reafirma o compromisso das pol\u00edticas p\u00fablicas culturais com a inclus\u00e3o, a democratiza\u00e7\u00e3o do acesso e o fomento \u00e0 produ\u00e7\u00e3o art\u00edstica de grupos historicamente invisibilizados.\u201d<\/p>\n<p>O festival conta, ainda, com apoio da <strong>Ag\u00eancia Brasil<\/strong>, ve\u00edculo da <strong>Empresa Brasil de Comunica\u00e7\u00e3o (EBC)<\/strong>, e patroc\u00ednio da empresa multinacional de energia Shell.<\/p>\n<h2>Servi\u00e7o &#8211; 18\u00ba Festival Latinidades<\/h2>\n<p>Mulheres Negras Movem o Mundo<\/p>\n<p>per\u00edodo: 23 a 31 de julho<\/p>\n<p>locais: Museu Nacional, Cine Bras\u00edlia, Teatro dos Banc\u00e1rios e diversos pontos do Distrito Federal.<\/p>\n<p>Site: https:\/\/www.latinidades.com.br\/<\/p>\n<p>      <!-- Relacionada --><\/p>\n<p>            <!-- Relacionada -->\n    <\/div>\n","protected":false},"excerpt":{"rendered":"<p>Por EBC, As mulheres negras latino-americanas e caribenhas como protagonistas de suas lutas e resist\u00eancias e, ainda, como geradoras de arte, cultura e saberes ancestrais. Elas s\u00e3o o foco do Festival Latinidades 2025, que iniciou nesta quarta-feira (23) e vai at\u00e9 o dia 31 de julho, em diversas localidades do Distrito Federal. A fundadora do &hellip;<\/p>\n","protected":false},"author":1,"featured_media":0,"comment_status":"open","ping_status":"open","sticky":false,"template":"","format":"standard","meta":{"_jetpack_memberships_contains_paid_content":false,"footnotes":""},"categories":[2,12225,4],"tags":[],"class_list":["post-446688","post","type-post","status-publish","format-standard","hentry","category-entretenimento","category-noticias","category-servicos"],"yoast_head":"<!-- This site is optimized with the Yoast SEO plugin v27.4 - https:\/\/yoast.com\/product\/yoast-seo-wordpress\/ -->\n<title>Festival Latinidades mostra arte e empreendedorismo de mulheres negras<\/title>\n<meta name=\"robots\" content=\"index, follow, max-snippet:-1, max-image-preview:large, max-video-preview:-1\" \/>\n<link rel=\"canonical\" href=\"https:\/\/mrnews.com.br\/index.php\/2025\/07\/23\/festival-latinidades-mostra-arte-e-empreendedorismo-de-mulheres-negras\/\" \/>\n<meta property=\"og:locale\" content=\"pt_BR\" \/>\n<meta property=\"og:type\" content=\"article\" \/>\n<meta property=\"og:title\" content=\"Festival Latinidades mostra arte e empreendedorismo de mulheres negras\" \/>\n<meta property=\"og:description\" content=\"Por EBC, As mulheres negras latino-americanas e caribenhas como protagonistas de suas lutas e resist\u00eancias e, ainda, como geradoras de arte, cultura e saberes ancestrais. Elas s\u00e3o o foco do Festival Latinidades 2025, que iniciou nesta quarta-feira (23) e vai at\u00e9 o dia 31 de julho, em diversas localidades do Distrito Federal. A fundadora do &hellip;\" \/>\n<meta property=\"og:url\" content=\"https:\/\/mrnews.com.br\/index.php\/2025\/07\/23\/festival-latinidades-mostra-arte-e-empreendedorismo-de-mulheres-negras\/\" \/>\n<meta property=\"og:site_name\" content=\"MRNews\" \/>\n<meta property=\"article:publisher\" content=\"https:\/\/www.facebook.com\/eaipahpah\/?locale2=pt_BR\" \/>\n<meta property=\"article:published_time\" content=\"2025-07-23T21:36:34+00:00\" \/>\n<meta name=\"author\" content=\"MR News\" \/>\n<meta name=\"twitter:card\" content=\"summary_large_image\" \/>\n<meta name=\"twitter:creator\" content=\"@conspirou\" \/>\n<meta name=\"twitter:site\" content=\"@conspirou\" \/>\n<meta name=\"twitter:label1\" content=\"Escrito por\" \/>\n\t<meta name=\"twitter:data1\" content=\"MR News\" \/>\n\t<meta name=\"twitter:label2\" content=\"Est. tempo de leitura\" \/>\n\t<meta name=\"twitter:data2\" content=\"6 minutos\" \/>\n<script type=\"application\/ld+json\" class=\"yoast-schema-graph\">{\"@context\":\"https:\\\/\\\/schema.org\",\"@graph\":[{\"@type\":\"Article\",\"@id\":\"https:\\\/\\\/mrnews.com.br\\\/index.php\\\/2025\\\/07\\\/23\\\/festival-latinidades-mostra-arte-e-empreendedorismo-de-mulheres-negras\\\/#article\",\"isPartOf\":{\"@id\":\"https:\\\/\\\/mrnews.com.br\\\/index.php\\\/2025\\\/07\\\/23\\\/festival-latinidades-mostra-arte-e-empreendedorismo-de-mulheres-negras\\\/\"},\"author\":{\"name\":\"MR News\",\"@id\":\"https:\\\/\\\/mrnews.com.br\\\/#\\\/schema\\\/person\\\/be3203154562a9f207407861cef7827b\"},\"headline\":\"Festival Latinidades mostra arte e empreendedorismo de mulheres negras\",\"datePublished\":\"2025-07-23T21:36:34+00:00\",\"mainEntityOfPage\":{\"@id\":\"https:\\\/\\\/mrnews.com.br\\\/index.php\\\/2025\\\/07\\\/23\\\/festival-latinidades-mostra-arte-e-empreendedorismo-de-mulheres-negras\\\/\"},\"wordCount\":1241,\"commentCount\":0,\"publisher\":{\"@id\":\"https:\\\/\\\/mrnews.com.br\\\/#organization\"},\"articleSection\":[\"ENTRETENIMENTO\",\"NOTICIAS\",\"SERVI\u00c7OS\"],\"inLanguage\":\"pt-BR\",\"potentialAction\":[{\"@type\":\"CommentAction\",\"name\":\"Comment\",\"target\":[\"https:\\\/\\\/mrnews.com.br\\\/index.php\\\/2025\\\/07\\\/23\\\/festival-latinidades-mostra-arte-e-empreendedorismo-de-mulheres-negras\\\/#respond\"]}]},{\"@type\":\"WebPage\",\"@id\":\"https:\\\/\\\/mrnews.com.br\\\/index.php\\\/2025\\\/07\\\/23\\\/festival-latinidades-mostra-arte-e-empreendedorismo-de-mulheres-negras\\\/\",\"url\":\"https:\\\/\\\/mrnews.com.br\\\/index.php\\\/2025\\\/07\\\/23\\\/festival-latinidades-mostra-arte-e-empreendedorismo-de-mulheres-negras\\\/\",\"name\":\"Festival Latinidades mostra arte e empreendedorismo de mulheres negras\",\"isPartOf\":{\"@id\":\"https:\\\/\\\/mrnews.com.br\\\/#website\"},\"datePublished\":\"2025-07-23T21:36:34+00:00\",\"breadcrumb\":{\"@id\":\"https:\\\/\\\/mrnews.com.br\\\/index.php\\\/2025\\\/07\\\/23\\\/festival-latinidades-mostra-arte-e-empreendedorismo-de-mulheres-negras\\\/#breadcrumb\"},\"inLanguage\":\"pt-BR\",\"potentialAction\":[{\"@type\":\"ReadAction\",\"target\":[\"https:\\\/\\\/mrnews.com.br\\\/index.php\\\/2025\\\/07\\\/23\\\/festival-latinidades-mostra-arte-e-empreendedorismo-de-mulheres-negras\\\/\"]}]},{\"@type\":\"BreadcrumbList\",\"@id\":\"https:\\\/\\\/mrnews.com.br\\\/index.php\\\/2025\\\/07\\\/23\\\/festival-latinidades-mostra-arte-e-empreendedorismo-de-mulheres-negras\\\/#breadcrumb\",\"itemListElement\":[{\"@type\":\"ListItem\",\"position\":1,\"name\":\"In\u00edcio\",\"item\":\"https:\\\/\\\/mrnews.com.br\\\/\"},{\"@type\":\"ListItem\",\"position\":2,\"name\":\"Festival Latinidades mostra arte e empreendedorismo de mulheres negras\"}]},{\"@type\":\"WebSite\",\"@id\":\"https:\\\/\\\/mrnews.com.br\\\/#website\",\"url\":\"https:\\\/\\\/mrnews.com.br\\\/\",\"name\":\"MRNews\",\"description\":\"MRNews Jogos de hoje da TV, transmiss\u00f5es ao vivo, Not\u00edcias de futebol, Jogos ao vivo, Lives, resumo de novelas, Programa\u00e7\u00e3o da Globo, A Fazenda e BBB\",\"publisher\":{\"@id\":\"https:\\\/\\\/mrnews.com.br\\\/#organization\"},\"potentialAction\":[{\"@type\":\"SearchAction\",\"target\":{\"@type\":\"EntryPoint\",\"urlTemplate\":\"https:\\\/\\\/mrnews.com.br\\\/?s={search_term_string}\"},\"query-input\":{\"@type\":\"PropertyValueSpecification\",\"valueRequired\":true,\"valueName\":\"search_term_string\"}}],\"inLanguage\":\"pt-BR\"},{\"@type\":\"Organization\",\"@id\":\"https:\\\/\\\/mrnews.com.br\\\/#organization\",\"name\":\"MRNews\",\"url\":\"https:\\\/\\\/mrnews.com.br\\\/\",\"logo\":{\"@type\":\"ImageObject\",\"inLanguage\":\"pt-BR\",\"@id\":\"https:\\\/\\\/mrnews.com.br\\\/#\\\/schema\\\/logo\\\/image\\\/\",\"url\":\"https:\\\/\\\/mrnews.com.br\\\/wp-content\\\/uploads\\\/2019\\\/06\\\/MRNewslogo2.png\",\"contentUrl\":\"https:\\\/\\\/mrnews.com.br\\\/wp-content\\\/uploads\\\/2019\\\/06\\\/MRNewslogo2.png\",\"width\":223,\"height\":58,\"caption\":\"MRNews\"},\"image\":{\"@id\":\"https:\\\/\\\/mrnews.com.br\\\/#\\\/schema\\\/logo\\\/image\\\/\"},\"sameAs\":[\"https:\\\/\\\/www.facebook.com\\\/eaipahpah\\\/?locale2=pt_BR\",\"https:\\\/\\\/x.com\\\/conspirou\",\"https:\\\/\\\/www.instagram.com\\\/eai_pahpah\",\"https:\\\/\\\/br.pinterest.com\\\/mrnewsn\\\/boards\\\/\",\"https:\\\/\\\/www.youtube.com\\\/channel\\\/UCacgnpznQ61fifLWr1tQ-vA?view_as=subscriber\"]},{\"@type\":\"Person\",\"@id\":\"https:\\\/\\\/mrnews.com.br\\\/#\\\/schema\\\/person\\\/be3203154562a9f207407861cef7827b\",\"name\":\"MR News\",\"image\":{\"@type\":\"ImageObject\",\"inLanguage\":\"pt-BR\",\"@id\":\"https:\\\/\\\/secure.gravatar.com\\\/avatar\\\/04084e6d73c042b8646e7c17b494073bf0ede3ea13c7105cfc45cbbbc28385a4?s=96&d=monsterid&r=g\",\"url\":\"https:\\\/\\\/secure.gravatar.com\\\/avatar\\\/04084e6d73c042b8646e7c17b494073bf0ede3ea13c7105cfc45cbbbc28385a4?s=96&d=monsterid&r=g\",\"contentUrl\":\"https:\\\/\\\/secure.gravatar.com\\\/avatar\\\/04084e6d73c042b8646e7c17b494073bf0ede3ea13c7105cfc45cbbbc28385a4?s=96&d=monsterid&r=g\",\"caption\":\"MR News\"},\"description\":\"Especializado em jornalismo colaborativo pela FTP em n\u00edvel de p\u00f3s-gradua\u00e7\u00e3o. suporte@oimeliga.combr\",\"sameAs\":[\"HUGO R.\",\"Admin\"],\"url\":\"https:\\\/\\\/mrnews.com.br\\\/index.php\\\/author\\\/admin\\\/\"}]}<\/script>\n<!-- \/ Yoast SEO plugin. -->","yoast_head_json":{"title":"Festival Latinidades mostra arte e empreendedorismo de mulheres negras","robots":{"index":"index","follow":"follow","max-snippet":"max-snippet:-1","max-image-preview":"max-image-preview:large","max-video-preview":"max-video-preview:-1"},"canonical":"https:\/\/mrnews.com.br\/index.php\/2025\/07\/23\/festival-latinidades-mostra-arte-e-empreendedorismo-de-mulheres-negras\/","og_locale":"pt_BR","og_type":"article","og_title":"Festival Latinidades mostra arte e empreendedorismo de mulheres negras","og_description":"Por EBC, As mulheres negras latino-americanas e caribenhas como protagonistas de suas lutas e resist\u00eancias e, ainda, como geradoras de arte, cultura e saberes ancestrais. Elas s\u00e3o o foco do Festival Latinidades 2025, que iniciou nesta quarta-feira (23) e vai at\u00e9 o dia 31 de julho, em diversas localidades do Distrito Federal. A fundadora do &hellip;","og_url":"https:\/\/mrnews.com.br\/index.php\/2025\/07\/23\/festival-latinidades-mostra-arte-e-empreendedorismo-de-mulheres-negras\/","og_site_name":"MRNews","article_publisher":"https:\/\/www.facebook.com\/eaipahpah\/?locale2=pt_BR","article_published_time":"2025-07-23T21:36:34+00:00","author":"MR News","twitter_card":"summary_large_image","twitter_creator":"@conspirou","twitter_site":"@conspirou","twitter_misc":{"Escrito por":"MR News","Est. tempo de leitura":"6 minutos"},"schema":{"@context":"https:\/\/schema.org","@graph":[{"@type":"Article","@id":"https:\/\/mrnews.com.br\/index.php\/2025\/07\/23\/festival-latinidades-mostra-arte-e-empreendedorismo-de-mulheres-negras\/#article","isPartOf":{"@id":"https:\/\/mrnews.com.br\/index.php\/2025\/07\/23\/festival-latinidades-mostra-arte-e-empreendedorismo-de-mulheres-negras\/"},"author":{"name":"MR News","@id":"https:\/\/mrnews.com.br\/#\/schema\/person\/be3203154562a9f207407861cef7827b"},"headline":"Festival Latinidades mostra arte e empreendedorismo de mulheres negras","datePublished":"2025-07-23T21:36:34+00:00","mainEntityOfPage":{"@id":"https:\/\/mrnews.com.br\/index.php\/2025\/07\/23\/festival-latinidades-mostra-arte-e-empreendedorismo-de-mulheres-negras\/"},"wordCount":1241,"commentCount":0,"publisher":{"@id":"https:\/\/mrnews.com.br\/#organization"},"articleSection":["ENTRETENIMENTO","NOTICIAS","SERVI\u00c7OS"],"inLanguage":"pt-BR","potentialAction":[{"@type":"CommentAction","name":"Comment","target":["https:\/\/mrnews.com.br\/index.php\/2025\/07\/23\/festival-latinidades-mostra-arte-e-empreendedorismo-de-mulheres-negras\/#respond"]}]},{"@type":"WebPage","@id":"https:\/\/mrnews.com.br\/index.php\/2025\/07\/23\/festival-latinidades-mostra-arte-e-empreendedorismo-de-mulheres-negras\/","url":"https:\/\/mrnews.com.br\/index.php\/2025\/07\/23\/festival-latinidades-mostra-arte-e-empreendedorismo-de-mulheres-negras\/","name":"Festival Latinidades mostra arte e empreendedorismo de mulheres negras","isPartOf":{"@id":"https:\/\/mrnews.com.br\/#website"},"datePublished":"2025-07-23T21:36:34+00:00","breadcrumb":{"@id":"https:\/\/mrnews.com.br\/index.php\/2025\/07\/23\/festival-latinidades-mostra-arte-e-empreendedorismo-de-mulheres-negras\/#breadcrumb"},"inLanguage":"pt-BR","potentialAction":[{"@type":"ReadAction","target":["https:\/\/mrnews.com.br\/index.php\/2025\/07\/23\/festival-latinidades-mostra-arte-e-empreendedorismo-de-mulheres-negras\/"]}]},{"@type":"BreadcrumbList","@id":"https:\/\/mrnews.com.br\/index.php\/2025\/07\/23\/festival-latinidades-mostra-arte-e-empreendedorismo-de-mulheres-negras\/#breadcrumb","itemListElement":[{"@type":"ListItem","position":1,"name":"In\u00edcio","item":"https:\/\/mrnews.com.br\/"},{"@type":"ListItem","position":2,"name":"Festival Latinidades mostra arte e empreendedorismo de mulheres negras"}]},{"@type":"WebSite","@id":"https:\/\/mrnews.com.br\/#website","url":"https:\/\/mrnews.com.br\/","name":"MRNews","description":"MRNews Jogos de hoje da TV, transmiss\u00f5es ao vivo, Not\u00edcias de futebol, Jogos ao vivo, Lives, resumo de novelas, Programa\u00e7\u00e3o da Globo, A Fazenda e BBB","publisher":{"@id":"https:\/\/mrnews.com.br\/#organization"},"potentialAction":[{"@type":"SearchAction","target":{"@type":"EntryPoint","urlTemplate":"https:\/\/mrnews.com.br\/?s={search_term_string}"},"query-input":{"@type":"PropertyValueSpecification","valueRequired":true,"valueName":"search_term_string"}}],"inLanguage":"pt-BR"},{"@type":"Organization","@id":"https:\/\/mrnews.com.br\/#organization","name":"MRNews","url":"https:\/\/mrnews.com.br\/","logo":{"@type":"ImageObject","inLanguage":"pt-BR","@id":"https:\/\/mrnews.com.br\/#\/schema\/logo\/image\/","url":"https:\/\/mrnews.com.br\/wp-content\/uploads\/2019\/06\/MRNewslogo2.png","contentUrl":"https:\/\/mrnews.com.br\/wp-content\/uploads\/2019\/06\/MRNewslogo2.png","width":223,"height":58,"caption":"MRNews"},"image":{"@id":"https:\/\/mrnews.com.br\/#\/schema\/logo\/image\/"},"sameAs":["https:\/\/www.facebook.com\/eaipahpah\/?locale2=pt_BR","https:\/\/x.com\/conspirou","https:\/\/www.instagram.com\/eai_pahpah","https:\/\/br.pinterest.com\/mrnewsn\/boards\/","https:\/\/www.youtube.com\/channel\/UCacgnpznQ61fifLWr1tQ-vA?view_as=subscriber"]},{"@type":"Person","@id":"https:\/\/mrnews.com.br\/#\/schema\/person\/be3203154562a9f207407861cef7827b","name":"MR News","image":{"@type":"ImageObject","inLanguage":"pt-BR","@id":"https:\/\/secure.gravatar.com\/avatar\/04084e6d73c042b8646e7c17b494073bf0ede3ea13c7105cfc45cbbbc28385a4?s=96&d=monsterid&r=g","url":"https:\/\/secure.gravatar.com\/avatar\/04084e6d73c042b8646e7c17b494073bf0ede3ea13c7105cfc45cbbbc28385a4?s=96&d=monsterid&r=g","contentUrl":"https:\/\/secure.gravatar.com\/avatar\/04084e6d73c042b8646e7c17b494073bf0ede3ea13c7105cfc45cbbbc28385a4?s=96&d=monsterid&r=g","caption":"MR News"},"description":"Especializado em jornalismo colaborativo pela FTP em n\u00edvel de p\u00f3s-gradua\u00e7\u00e3o. suporte@oimeliga.combr","sameAs":["HUGO R.","Admin"],"url":"https:\/\/mrnews.com.br\/index.php\/author\/admin\/"}]}},"jetpack_featured_media_url":"","jetpack_sharing_enabled":true,"jetpack_shortlink":"https:\/\/wp.me\/pa2Qf7-1ScE","amp_enabled":true,"_links":{"self":[{"href":"https:\/\/mrnews.com.br\/index.php\/wp-json\/wp\/v2\/posts\/446688","targetHints":{"allow":["GET"]}}],"collection":[{"href":"https:\/\/mrnews.com.br\/index.php\/wp-json\/wp\/v2\/posts"}],"about":[{"href":"https:\/\/mrnews.com.br\/index.php\/wp-json\/wp\/v2\/types\/post"}],"author":[{"embeddable":true,"href":"https:\/\/mrnews.com.br\/index.php\/wp-json\/wp\/v2\/users\/1"}],"replies":[{"embeddable":true,"href":"https:\/\/mrnews.com.br\/index.php\/wp-json\/wp\/v2\/comments?post=446688"}],"version-history":[{"count":0,"href":"https:\/\/mrnews.com.br\/index.php\/wp-json\/wp\/v2\/posts\/446688\/revisions"}],"wp:attachment":[{"href":"https:\/\/mrnews.com.br\/index.php\/wp-json\/wp\/v2\/media?parent=446688"}],"wp:term":[{"taxonomy":"category","embeddable":true,"href":"https:\/\/mrnews.com.br\/index.php\/wp-json\/wp\/v2\/categories?post=446688"},{"taxonomy":"post_tag","embeddable":true,"href":"https:\/\/mrnews.com.br\/index.php\/wp-json\/wp\/v2\/tags?post=446688"}],"curies":[{"name":"wp","href":"https:\/\/api.w.org\/{rel}","templated":true}]}}