{"id":446718,"date":"2025-07-24T14:54:34","date_gmt":"2025-07-24T17:54:34","guid":{"rendered":"https:\/\/mrnews.com.br\/index.php\/2025\/07\/24\/rio-minas-e-sao-paulo-lideram-adesoes-a-acordo-com-o-inss\/"},"modified":"2025-07-24T14:54:34","modified_gmt":"2025-07-24T17:54:34","slug":"rio-minas-e-sao-paulo-lideram-adesoes-a-acordo-com-o-inss","status":"publish","type":"post","link":"https:\/\/mrnews.com.br\/index.php\/2025\/07\/24\/rio-minas-e-sao-paulo-lideram-adesoes-a-acordo-com-o-inss\/","title":{"rendered":"Rio, Minas e S\u00e3o Paulo lideram ades\u00f5es a acordo com o INSS"},"content":{"rendered":"<p>Por EBC, <\/p>\n<div>\n<p><strong>S\u00e3o Paulo, Minas Gerais e Rio de Janeiro s\u00e3o as tr\u00eas unidades da federa\u00e7\u00e3o com o maior n\u00famero de ades\u00f5es ao acordo que o governo federal prop\u00f4s para viabilizar a devolu\u00e7\u00e3o dos valores descontados ilegalmente dos benef\u00edcios previdenci\u00e1rios de milh\u00f5es de aposentados e pensionistas em todo o Brasil.<\/strong><\/p>\n<p>Segundo o Instituto Nacional do Seguro Social (INSS), 1.052.128 de pessoas j\u00e1 formalizaram o pedido de ressarcimento. Destas, 196.160 residem em S\u00e3o Paulo; 99.949, em Minas Gerais e 93.738 no Rio de Janeiro.<\/p>\n<div class=\"dnd-widget-wrapper context-sem_processamento type-image atom-align-left\">\n<div class=\"dnd-atom-rendered\"><!-- scald=431815:sem_processamento {\"additionalClasses\":\"\"} --><\/p>\n<p>    <!-- END scald=431815 --><\/div>\n<\/div>\n<p>Em seguida, v\u00eam os estados do Cear\u00e1 (56.417); de Pernambuco (50.206); do Rio Grande do Sul (48.316) e do Maranh\u00e3o (43.116). At\u00e9 a manh\u00e3 desta quinta-feira (24), Roraima era o estado com o menor n\u00famero de ades\u00f5es (1.960)<\/p>\n<p>O detalhamento divulgado pelo INSS confirma que o esquema de descontos ilegais revelado pela Opera\u00e7\u00e3o Sem Desconto, que a Pol\u00edcia Federal (PF) e a Controladoria-Geral da Uni\u00e3o (CGU) deflagraram em 23 de abril deste ano, fez v\u00edtimas nos 26 estados brasileiros e no Distrito Federal (DF).<\/p>\n<p>De acordo com a PF e a CGU, associa\u00e7\u00f5es civis, sindicatos e outras entidades de classe fraudaram o INSS ao conseguir que a autarquia descontasse, diretamente dos benef\u00edcios pagos a milh\u00f5es de aposentados e pensionistas, as chamadas mensalidades associativas \u2013 contribui\u00e7\u00f5es que as pessoas pagam periodicamente para fazer parte de uma determinada entidade. Dos cerca de 9,3 milh\u00f5es de benefici\u00e1rios consultados pelo INSS sobre os descontos, pouco mais de 2,05 milh\u00f5es est\u00e3o aptos a aderir ao acordo.<\/p>\n<p>O reembolso dos valores descontados sem a autoriza\u00e7\u00e3o dos aposentados e pensionistas come\u00e7ou a ser feito hoje.<\/p>\n<p><strong>Cerca de 533 mil benefici\u00e1rios do INSS que aderiram ao acordo at\u00e9 a \u00faltima segunda-feira (21) v\u00e3o ser contemplados ainda esta semana. A partir da\u00ed, o cronograma de ressarcimento prev\u00ea pagamentos di\u00e1rios, em lotes de at\u00e9 100 mil pessoas, at\u00e9 que todos sejam ressarcidos. O pagamento seguir\u00e1 a ordem cronol\u00f3gica da ades\u00e3o ao acordo, ou seja, aqueles que aderirem primeiro ao acordo v\u00e3o receber primeiro.<\/strong><\/p>\n<div class=\"dnd-widget-wrapper context-grande_6colunas type-image atom-align-right\">\n<div class=\"dnd-atom-rendered\"><!-- scald=426001:grande_6colunas {\"additionalClasses\":\"\"} --><\/p>\n<p>    <!-- END scald=426001 --><\/div>\n<p><h6 class=\"meta\"><!--copyright=426001-->Aposentados e pensionistas que tiveram descontos ilegais podem buscar atendimento em ag\u00eancias dos Correios &#8211; <strong>Antonio Cruz\/Ag\u00eancia Brasil<\/strong><!--END copyright=426001--><\/h6>\n<\/p>\n<\/div>\n<p>Os canais de atendimento para contesta\u00e7\u00e3o dos descontos permanecem abertos e ficar\u00e3o dispon\u00edveis at\u00e9, pelo menos, 14 de novembro de 2025. Quem ainda n\u00e3o aderiu ao acordo federal, pode faz\u00ea-lo pelo aplicativo Meu INSS ou nas ag\u00eancias dos Correios \u2013 n\u00e3o \u00e9 poss\u00edvel fazer a ades\u00e3o pela Central 135.<\/p>\n<p><strong>A ades\u00e3o \u00e9 gratuita, n\u00e3o exige envio de documentos e permite que os benefici\u00e1rios que sofreram descontos indevidos entre mar\u00e7o de 2020 e mar\u00e7o de 2025 recebam sem precisar entrar na Justi\u00e7a, por via administrativa.<\/strong><\/p>\n<p>&gt;&gt; Siga o canal da <strong>Ag\u00eancia Brasil <\/strong>no WhatsApp<\/p>\n<p>      <!-- Relacionada --><\/p>\n<p>            <!-- Relacionada -->\n    <\/div>\n","protected":false},"excerpt":{"rendered":"<p>Por EBC, S\u00e3o Paulo, Minas Gerais e Rio de Janeiro s\u00e3o as tr\u00eas unidades da federa\u00e7\u00e3o com o maior n\u00famero de ades\u00f5es ao acordo que o governo federal prop\u00f4s para viabilizar a devolu\u00e7\u00e3o dos valores descontados ilegalmente dos benef\u00edcios previdenci\u00e1rios de milh\u00f5es de aposentados e pensionistas em todo o Brasil. Segundo o Instituto Nacional do &hellip;<\/p>\n","protected":false},"author":1,"featured_media":0,"comment_status":"open","ping_status":"open","sticky":false,"template":"","format":"standard","meta":{"_jetpack_memberships_contains_paid_content":false,"footnotes":""},"categories":[2,12225,4],"tags":[],"class_list":["post-446718","post","type-post","status-publish","format-standard","hentry","category-entretenimento","category-noticias","category-servicos"],"yoast_head":"<!-- This site is optimized with the Yoast SEO plugin v27.4 - https:\/\/yoast.com\/product\/yoast-seo-wordpress\/ -->\n<title>Rio, Minas e S\u00e3o Paulo lideram ades\u00f5es a acordo com o INSS<\/title>\n<meta name=\"robots\" content=\"index, follow, max-snippet:-1, max-image-preview:large, max-video-preview:-1\" \/>\n<link rel=\"canonical\" href=\"https:\/\/mrnews.com.br\/index.php\/2025\/07\/24\/rio-minas-e-sao-paulo-lideram-adesoes-a-acordo-com-o-inss\/\" \/>\n<meta property=\"og:locale\" content=\"pt_BR\" \/>\n<meta property=\"og:type\" content=\"article\" \/>\n<meta property=\"og:title\" content=\"Rio, Minas e S\u00e3o Paulo lideram ades\u00f5es a acordo com o INSS\" \/>\n<meta property=\"og:description\" content=\"Por EBC, S\u00e3o Paulo, Minas Gerais e Rio de Janeiro s\u00e3o as tr\u00eas unidades da federa\u00e7\u00e3o com o maior n\u00famero de ades\u00f5es ao acordo que o governo federal prop\u00f4s para viabilizar a devolu\u00e7\u00e3o dos valores descontados ilegalmente dos benef\u00edcios previdenci\u00e1rios de milh\u00f5es de aposentados e pensionistas em todo o Brasil. Segundo o Instituto Nacional do &hellip;\" \/>\n<meta property=\"og:url\" content=\"https:\/\/mrnews.com.br\/index.php\/2025\/07\/24\/rio-minas-e-sao-paulo-lideram-adesoes-a-acordo-com-o-inss\/\" \/>\n<meta property=\"og:site_name\" content=\"MRNews\" \/>\n<meta property=\"article:publisher\" content=\"https:\/\/www.facebook.com\/eaipahpah\/?locale2=pt_BR\" \/>\n<meta property=\"article:published_time\" content=\"2025-07-24T17:54:34+00:00\" \/>\n<meta name=\"author\" content=\"MR News\" \/>\n<meta name=\"twitter:card\" content=\"summary_large_image\" \/>\n<meta name=\"twitter:creator\" content=\"@conspirou\" \/>\n<meta name=\"twitter:site\" content=\"@conspirou\" \/>\n<meta name=\"twitter:label1\" content=\"Escrito por\" \/>\n\t<meta name=\"twitter:data1\" content=\"MR News\" \/>\n\t<meta name=\"twitter:label2\" content=\"Est. tempo de leitura\" \/>\n\t<meta name=\"twitter:data2\" content=\"2 minutos\" \/>\n<script type=\"application\/ld+json\" class=\"yoast-schema-graph\">{\"@context\":\"https:\\\/\\\/schema.org\",\"@graph\":[{\"@type\":\"Article\",\"@id\":\"https:\\\/\\\/mrnews.com.br\\\/index.php\\\/2025\\\/07\\\/24\\\/rio-minas-e-sao-paulo-lideram-adesoes-a-acordo-com-o-inss\\\/#article\",\"isPartOf\":{\"@id\":\"https:\\\/\\\/mrnews.com.br\\\/index.php\\\/2025\\\/07\\\/24\\\/rio-minas-e-sao-paulo-lideram-adesoes-a-acordo-com-o-inss\\\/\"},\"author\":{\"name\":\"MR News\",\"@id\":\"https:\\\/\\\/mrnews.com.br\\\/#\\\/schema\\\/person\\\/be3203154562a9f207407861cef7827b\"},\"headline\":\"Rio, Minas e S\u00e3o Paulo lideram ades\u00f5es a acordo com o INSS\",\"datePublished\":\"2025-07-24T17:54:34+00:00\",\"mainEntityOfPage\":{\"@id\":\"https:\\\/\\\/mrnews.com.br\\\/index.php\\\/2025\\\/07\\\/24\\\/rio-minas-e-sao-paulo-lideram-adesoes-a-acordo-com-o-inss\\\/\"},\"wordCount\":481,\"commentCount\":0,\"publisher\":{\"@id\":\"https:\\\/\\\/mrnews.com.br\\\/#organization\"},\"articleSection\":[\"ENTRETENIMENTO\",\"NOTICIAS\",\"SERVI\u00c7OS\"],\"inLanguage\":\"pt-BR\",\"potentialAction\":[{\"@type\":\"CommentAction\",\"name\":\"Comment\",\"target\":[\"https:\\\/\\\/mrnews.com.br\\\/index.php\\\/2025\\\/07\\\/24\\\/rio-minas-e-sao-paulo-lideram-adesoes-a-acordo-com-o-inss\\\/#respond\"]}]},{\"@type\":\"WebPage\",\"@id\":\"https:\\\/\\\/mrnews.com.br\\\/index.php\\\/2025\\\/07\\\/24\\\/rio-minas-e-sao-paulo-lideram-adesoes-a-acordo-com-o-inss\\\/\",\"url\":\"https:\\\/\\\/mrnews.com.br\\\/index.php\\\/2025\\\/07\\\/24\\\/rio-minas-e-sao-paulo-lideram-adesoes-a-acordo-com-o-inss\\\/\",\"name\":\"Rio, Minas e S\u00e3o Paulo lideram ades\u00f5es a acordo com o INSS\",\"isPartOf\":{\"@id\":\"https:\\\/\\\/mrnews.com.br\\\/#website\"},\"datePublished\":\"2025-07-24T17:54:34+00:00\",\"breadcrumb\":{\"@id\":\"https:\\\/\\\/mrnews.com.br\\\/index.php\\\/2025\\\/07\\\/24\\\/rio-minas-e-sao-paulo-lideram-adesoes-a-acordo-com-o-inss\\\/#breadcrumb\"},\"inLanguage\":\"pt-BR\",\"potentialAction\":[{\"@type\":\"ReadAction\",\"target\":[\"https:\\\/\\\/mrnews.com.br\\\/index.php\\\/2025\\\/07\\\/24\\\/rio-minas-e-sao-paulo-lideram-adesoes-a-acordo-com-o-inss\\\/\"]}]},{\"@type\":\"BreadcrumbList\",\"@id\":\"https:\\\/\\\/mrnews.com.br\\\/index.php\\\/2025\\\/07\\\/24\\\/rio-minas-e-sao-paulo-lideram-adesoes-a-acordo-com-o-inss\\\/#breadcrumb\",\"itemListElement\":[{\"@type\":\"ListItem\",\"position\":1,\"name\":\"In\u00edcio\",\"item\":\"https:\\\/\\\/mrnews.com.br\\\/\"},{\"@type\":\"ListItem\",\"position\":2,\"name\":\"Rio, Minas e S\u00e3o Paulo lideram ades\u00f5es a acordo com o INSS\"}]},{\"@type\":\"WebSite\",\"@id\":\"https:\\\/\\\/mrnews.com.br\\\/#website\",\"url\":\"https:\\\/\\\/mrnews.com.br\\\/\",\"name\":\"MRNews\",\"description\":\"MRNews Jogos de hoje da TV, transmiss\u00f5es ao vivo, Not\u00edcias de futebol, Jogos ao vivo, Lives, resumo de novelas, Programa\u00e7\u00e3o da Globo, A Fazenda e BBB\",\"publisher\":{\"@id\":\"https:\\\/\\\/mrnews.com.br\\\/#organization\"},\"potentialAction\":[{\"@type\":\"SearchAction\",\"target\":{\"@type\":\"EntryPoint\",\"urlTemplate\":\"https:\\\/\\\/mrnews.com.br\\\/?s={search_term_string}\"},\"query-input\":{\"@type\":\"PropertyValueSpecification\",\"valueRequired\":true,\"valueName\":\"search_term_string\"}}],\"inLanguage\":\"pt-BR\"},{\"@type\":\"Organization\",\"@id\":\"https:\\\/\\\/mrnews.com.br\\\/#organization\",\"name\":\"MRNews\",\"url\":\"https:\\\/\\\/mrnews.com.br\\\/\",\"logo\":{\"@type\":\"ImageObject\",\"inLanguage\":\"pt-BR\",\"@id\":\"https:\\\/\\\/mrnews.com.br\\\/#\\\/schema\\\/logo\\\/image\\\/\",\"url\":\"https:\\\/\\\/mrnews.com.br\\\/wp-content\\\/uploads\\\/2019\\\/06\\\/MRNewslogo2.png\",\"contentUrl\":\"https:\\\/\\\/mrnews.com.br\\\/wp-content\\\/uploads\\\/2019\\\/06\\\/MRNewslogo2.png\",\"width\":223,\"height\":58,\"caption\":\"MRNews\"},\"image\":{\"@id\":\"https:\\\/\\\/mrnews.com.br\\\/#\\\/schema\\\/logo\\\/image\\\/\"},\"sameAs\":[\"https:\\\/\\\/www.facebook.com\\\/eaipahpah\\\/?locale2=pt_BR\",\"https:\\\/\\\/x.com\\\/conspirou\",\"https:\\\/\\\/www.instagram.com\\\/eai_pahpah\",\"https:\\\/\\\/br.pinterest.com\\\/mrnewsn\\\/boards\\\/\",\"https:\\\/\\\/www.youtube.com\\\/channel\\\/UCacgnpznQ61fifLWr1tQ-vA?view_as=subscriber\"]},{\"@type\":\"Person\",\"@id\":\"https:\\\/\\\/mrnews.com.br\\\/#\\\/schema\\\/person\\\/be3203154562a9f207407861cef7827b\",\"name\":\"MR News\",\"image\":{\"@type\":\"ImageObject\",\"inLanguage\":\"pt-BR\",\"@id\":\"https:\\\/\\\/secure.gravatar.com\\\/avatar\\\/04084e6d73c042b8646e7c17b494073bf0ede3ea13c7105cfc45cbbbc28385a4?s=96&d=monsterid&r=g\",\"url\":\"https:\\\/\\\/secure.gravatar.com\\\/avatar\\\/04084e6d73c042b8646e7c17b494073bf0ede3ea13c7105cfc45cbbbc28385a4?s=96&d=monsterid&r=g\",\"contentUrl\":\"https:\\\/\\\/secure.gravatar.com\\\/avatar\\\/04084e6d73c042b8646e7c17b494073bf0ede3ea13c7105cfc45cbbbc28385a4?s=96&d=monsterid&r=g\",\"caption\":\"MR News\"},\"description\":\"Especializado em jornalismo colaborativo pela FTP em n\u00edvel de p\u00f3s-gradua\u00e7\u00e3o. suporte@oimeliga.combr\",\"sameAs\":[\"HUGO R.\",\"Admin\"],\"url\":\"https:\\\/\\\/mrnews.com.br\\\/index.php\\\/author\\\/admin\\\/\"}]}<\/script>\n<!-- \/ Yoast SEO plugin. -->","yoast_head_json":{"title":"Rio, Minas e S\u00e3o Paulo lideram ades\u00f5es a acordo com o INSS","robots":{"index":"index","follow":"follow","max-snippet":"max-snippet:-1","max-image-preview":"max-image-preview:large","max-video-preview":"max-video-preview:-1"},"canonical":"https:\/\/mrnews.com.br\/index.php\/2025\/07\/24\/rio-minas-e-sao-paulo-lideram-adesoes-a-acordo-com-o-inss\/","og_locale":"pt_BR","og_type":"article","og_title":"Rio, Minas e S\u00e3o Paulo lideram ades\u00f5es a acordo com o INSS","og_description":"Por EBC, S\u00e3o Paulo, Minas Gerais e Rio de Janeiro s\u00e3o as tr\u00eas unidades da federa\u00e7\u00e3o com o maior n\u00famero de ades\u00f5es ao acordo que o governo federal prop\u00f4s para viabilizar a devolu\u00e7\u00e3o dos valores descontados ilegalmente dos benef\u00edcios previdenci\u00e1rios de milh\u00f5es de aposentados e pensionistas em todo o Brasil. Segundo o Instituto Nacional do &hellip;","og_url":"https:\/\/mrnews.com.br\/index.php\/2025\/07\/24\/rio-minas-e-sao-paulo-lideram-adesoes-a-acordo-com-o-inss\/","og_site_name":"MRNews","article_publisher":"https:\/\/www.facebook.com\/eaipahpah\/?locale2=pt_BR","article_published_time":"2025-07-24T17:54:34+00:00","author":"MR News","twitter_card":"summary_large_image","twitter_creator":"@conspirou","twitter_site":"@conspirou","twitter_misc":{"Escrito por":"MR News","Est. tempo de leitura":"2 minutos"},"schema":{"@context":"https:\/\/schema.org","@graph":[{"@type":"Article","@id":"https:\/\/mrnews.com.br\/index.php\/2025\/07\/24\/rio-minas-e-sao-paulo-lideram-adesoes-a-acordo-com-o-inss\/#article","isPartOf":{"@id":"https:\/\/mrnews.com.br\/index.php\/2025\/07\/24\/rio-minas-e-sao-paulo-lideram-adesoes-a-acordo-com-o-inss\/"},"author":{"name":"MR News","@id":"https:\/\/mrnews.com.br\/#\/schema\/person\/be3203154562a9f207407861cef7827b"},"headline":"Rio, Minas e S\u00e3o Paulo lideram ades\u00f5es a acordo com o INSS","datePublished":"2025-07-24T17:54:34+00:00","mainEntityOfPage":{"@id":"https:\/\/mrnews.com.br\/index.php\/2025\/07\/24\/rio-minas-e-sao-paulo-lideram-adesoes-a-acordo-com-o-inss\/"},"wordCount":481,"commentCount":0,"publisher":{"@id":"https:\/\/mrnews.com.br\/#organization"},"articleSection":["ENTRETENIMENTO","NOTICIAS","SERVI\u00c7OS"],"inLanguage":"pt-BR","potentialAction":[{"@type":"CommentAction","name":"Comment","target":["https:\/\/mrnews.com.br\/index.php\/2025\/07\/24\/rio-minas-e-sao-paulo-lideram-adesoes-a-acordo-com-o-inss\/#respond"]}]},{"@type":"WebPage","@id":"https:\/\/mrnews.com.br\/index.php\/2025\/07\/24\/rio-minas-e-sao-paulo-lideram-adesoes-a-acordo-com-o-inss\/","url":"https:\/\/mrnews.com.br\/index.php\/2025\/07\/24\/rio-minas-e-sao-paulo-lideram-adesoes-a-acordo-com-o-inss\/","name":"Rio, Minas e S\u00e3o Paulo lideram ades\u00f5es a acordo com o INSS","isPartOf":{"@id":"https:\/\/mrnews.com.br\/#website"},"datePublished":"2025-07-24T17:54:34+00:00","breadcrumb":{"@id":"https:\/\/mrnews.com.br\/index.php\/2025\/07\/24\/rio-minas-e-sao-paulo-lideram-adesoes-a-acordo-com-o-inss\/#breadcrumb"},"inLanguage":"pt-BR","potentialAction":[{"@type":"ReadAction","target":["https:\/\/mrnews.com.br\/index.php\/2025\/07\/24\/rio-minas-e-sao-paulo-lideram-adesoes-a-acordo-com-o-inss\/"]}]},{"@type":"BreadcrumbList","@id":"https:\/\/mrnews.com.br\/index.php\/2025\/07\/24\/rio-minas-e-sao-paulo-lideram-adesoes-a-acordo-com-o-inss\/#breadcrumb","itemListElement":[{"@type":"ListItem","position":1,"name":"In\u00edcio","item":"https:\/\/mrnews.com.br\/"},{"@type":"ListItem","position":2,"name":"Rio, Minas e S\u00e3o Paulo lideram ades\u00f5es a acordo com o INSS"}]},{"@type":"WebSite","@id":"https:\/\/mrnews.com.br\/#website","url":"https:\/\/mrnews.com.br\/","name":"MRNews","description":"MRNews Jogos de hoje da TV, transmiss\u00f5es ao vivo, Not\u00edcias de futebol, Jogos ao vivo, Lives, resumo de novelas, Programa\u00e7\u00e3o da Globo, A Fazenda e BBB","publisher":{"@id":"https:\/\/mrnews.com.br\/#organization"},"potentialAction":[{"@type":"SearchAction","target":{"@type":"EntryPoint","urlTemplate":"https:\/\/mrnews.com.br\/?s={search_term_string}"},"query-input":{"@type":"PropertyValueSpecification","valueRequired":true,"valueName":"search_term_string"}}],"inLanguage":"pt-BR"},{"@type":"Organization","@id":"https:\/\/mrnews.com.br\/#organization","name":"MRNews","url":"https:\/\/mrnews.com.br\/","logo":{"@type":"ImageObject","inLanguage":"pt-BR","@id":"https:\/\/mrnews.com.br\/#\/schema\/logo\/image\/","url":"https:\/\/mrnews.com.br\/wp-content\/uploads\/2019\/06\/MRNewslogo2.png","contentUrl":"https:\/\/mrnews.com.br\/wp-content\/uploads\/2019\/06\/MRNewslogo2.png","width":223,"height":58,"caption":"MRNews"},"image":{"@id":"https:\/\/mrnews.com.br\/#\/schema\/logo\/image\/"},"sameAs":["https:\/\/www.facebook.com\/eaipahpah\/?locale2=pt_BR","https:\/\/x.com\/conspirou","https:\/\/www.instagram.com\/eai_pahpah","https:\/\/br.pinterest.com\/mrnewsn\/boards\/","https:\/\/www.youtube.com\/channel\/UCacgnpznQ61fifLWr1tQ-vA?view_as=subscriber"]},{"@type":"Person","@id":"https:\/\/mrnews.com.br\/#\/schema\/person\/be3203154562a9f207407861cef7827b","name":"MR News","image":{"@type":"ImageObject","inLanguage":"pt-BR","@id":"https:\/\/secure.gravatar.com\/avatar\/04084e6d73c042b8646e7c17b494073bf0ede3ea13c7105cfc45cbbbc28385a4?s=96&d=monsterid&r=g","url":"https:\/\/secure.gravatar.com\/avatar\/04084e6d73c042b8646e7c17b494073bf0ede3ea13c7105cfc45cbbbc28385a4?s=96&d=monsterid&r=g","contentUrl":"https:\/\/secure.gravatar.com\/avatar\/04084e6d73c042b8646e7c17b494073bf0ede3ea13c7105cfc45cbbbc28385a4?s=96&d=monsterid&r=g","caption":"MR News"},"description":"Especializado em jornalismo colaborativo pela FTP em n\u00edvel de p\u00f3s-gradua\u00e7\u00e3o. suporte@oimeliga.combr","sameAs":["HUGO R.","Admin"],"url":"https:\/\/mrnews.com.br\/index.php\/author\/admin\/"}]}},"jetpack_featured_media_url":"","jetpack_sharing_enabled":true,"jetpack_shortlink":"https:\/\/wp.me\/pa2Qf7-1Sd8","amp_enabled":true,"_links":{"self":[{"href":"https:\/\/mrnews.com.br\/index.php\/wp-json\/wp\/v2\/posts\/446718","targetHints":{"allow":["GET"]}}],"collection":[{"href":"https:\/\/mrnews.com.br\/index.php\/wp-json\/wp\/v2\/posts"}],"about":[{"href":"https:\/\/mrnews.com.br\/index.php\/wp-json\/wp\/v2\/types\/post"}],"author":[{"embeddable":true,"href":"https:\/\/mrnews.com.br\/index.php\/wp-json\/wp\/v2\/users\/1"}],"replies":[{"embeddable":true,"href":"https:\/\/mrnews.com.br\/index.php\/wp-json\/wp\/v2\/comments?post=446718"}],"version-history":[{"count":0,"href":"https:\/\/mrnews.com.br\/index.php\/wp-json\/wp\/v2\/posts\/446718\/revisions"}],"wp:attachment":[{"href":"https:\/\/mrnews.com.br\/index.php\/wp-json\/wp\/v2\/media?parent=446718"}],"wp:term":[{"taxonomy":"category","embeddable":true,"href":"https:\/\/mrnews.com.br\/index.php\/wp-json\/wp\/v2\/categories?post=446718"},{"taxonomy":"post_tag","embeddable":true,"href":"https:\/\/mrnews.com.br\/index.php\/wp-json\/wp\/v2\/tags?post=446718"}],"curies":[{"name":"wp","href":"https:\/\/api.w.org\/{rel}","templated":true}]}}