{"id":446736,"date":"2025-07-25T00:42:34","date_gmt":"2025-07-25T03:42:34","guid":{"rendered":"https:\/\/mrnews.com.br\/index.php\/2025\/07\/25\/filme-frances-traz-reflexao-sobre-direitos-de-pessoas-neurodivergentes\/"},"modified":"2025-07-25T00:42:34","modified_gmt":"2025-07-25T03:42:34","slug":"filme-frances-traz-reflexao-sobre-direitos-de-pessoas-neurodivergentes","status":"publish","type":"post","link":"https:\/\/mrnews.com.br\/index.php\/2025\/07\/25\/filme-frances-traz-reflexao-sobre-direitos-de-pessoas-neurodivergentes\/","title":{"rendered":"Filme franc\u00eas traz reflex\u00e3o sobre direitos de pessoas neurodivergentes"},"content":{"rendered":"<p>Por EBC, <\/p>\n<div>\n<p><strong>A necessidade de mais filmes sobre a inclus\u00e3o de pessoas neurodivergentes foi a t\u00f4nica do encontro entre o p\u00fablico e profissionais da \u00e1rea de acessibilidade e do cinema em debate sobre o filme <em>Peda\u00e7o de Mim <\/em>(Fran\u00e7a, 2024), da diretora francesa Anne-Sophie Baill, exibido no cinema Esta\u00e7\u00e3o Net G\u00e1vea (zona sul do Rio).\u00a0<\/strong><\/p>\n<p>Na trama, uma m\u00e3e sofre com o dilema em deixar seu filho com transtorno do espectro autista (TEA) ter uma vida independente: viver s\u00f3, se relacionar com outras pessoas, eventualmente se casar e constituir uma fam\u00edlia.<\/p>\n<p>Para o cineasta Daniel Gon\u00e7alves, que se identifica como neurodivergente, o filme <em>Peda\u00e7o de Mim<\/em>\u00a0provoca reflex\u00f5es.\u00a0<\/p>\n<blockquote>\n<p>\u201cNo senso comum, a gente n\u00e3o transa. N\u00f3s somos anjos e n\u00e3o temos desejo e mais alguns outros estere\u00f3tipos. Todos esses estere\u00f3tipos muito capacitistas\u2019\u2019, critica.<\/p>\n<\/blockquote>\n<p>Gon\u00e7alves dirigiu o document\u00e1rio \u201cAssexybilidade\u2019\u2019 (Brasil, 2024), no qual entrevista pessoas com defici\u00eancia sobre flerte, beijos, sexo e namoro. O seu filme, descreve, mostra que os entrevistados s\u00e3o pessoas com desejo.<\/p>\n<p>Para Fl\u00e1via Pope, do Instituto JNG, \u00e9 preciso mudar de perspectiva e compreender que pessoas neurodivergentes s\u00e3o capazes de lidar com as intera\u00e7\u00f5es do cotidiano. A ONG criou o primeiro modelo de resid\u00eancia no Brasil para que pessoas adultas com defici\u00eancia tenham autonomia e vivam de forma independente.<\/p>\n<p>Para a empres\u00e1ria Ana Mota, as modifica\u00e7\u00f5es da Lei Brasileira de Inclus\u00e3o (Lei n\u00ba\u202f13.146\/2015) t\u00eam permitido incluir mais pessoas em situa\u00e7\u00f5es cotidianas como, por exemplo, ir ao cinema.\u00a0Ela \u00e9 dona de uma empresa que presta servi\u00e7os de acessibilidade em espet\u00e1culos e salas de cinema. Com as mudan\u00e7as nos \u00faltimos anos na lei, a sua empresa (All Dub Est\u00fadios) passou a prestar mais servi\u00e7os como audiodescri\u00e7\u00e3o, libras e adequa\u00e7\u00e3o f\u00edsica de espa\u00e7os.<\/p>\n<p>Segundo a Associa\u00e7\u00e3o Brasileira das Empresas Exibidoras Cinematogr\u00e1ficas Operadoras de Multiplex (Abraplex), o n\u00famero de salas equipadas para receber pessoas com defici\u00eancia vem aumentando. <strong>Em 2024, havia cerca de 3.480 salas em opera\u00e7\u00e3o, um recorde superado em janeiro deste ano: 3.509\u202f salas.<\/strong><\/p>\n<p>      <!-- Relacionada --><br \/>\n            <!-- Relacionada -->\n    <\/div>\n","protected":false},"excerpt":{"rendered":"<p>Por EBC, A necessidade de mais filmes sobre a inclus\u00e3o de pessoas neurodivergentes foi a t\u00f4nica do encontro entre o p\u00fablico e profissionais da \u00e1rea de acessibilidade e do cinema em debate sobre o filme Peda\u00e7o de Mim (Fran\u00e7a, 2024), da diretora francesa Anne-Sophie Baill, exibido no cinema Esta\u00e7\u00e3o Net G\u00e1vea (zona sul do Rio).\u00a0 &hellip;<\/p>\n","protected":false},"author":1,"featured_media":0,"comment_status":"open","ping_status":"open","sticky":false,"template":"","format":"standard","meta":{"_jetpack_memberships_contains_paid_content":false,"footnotes":""},"categories":[2,12225,4],"tags":[],"class_list":["post-446736","post","type-post","status-publish","format-standard","hentry","category-entretenimento","category-noticias","category-servicos"],"yoast_head":"<!-- This site is optimized with the Yoast SEO plugin v27.5 - https:\/\/yoast.com\/product\/yoast-seo-wordpress\/ -->\n<title>Filme franc\u00eas traz reflex\u00e3o sobre direitos de pessoas neurodivergentes<\/title>\n<meta name=\"robots\" content=\"index, follow, max-snippet:-1, max-image-preview:large, max-video-preview:-1\" \/>\n<link rel=\"canonical\" href=\"https:\/\/mrnews.com.br\/index.php\/2025\/07\/25\/filme-frances-traz-reflexao-sobre-direitos-de-pessoas-neurodivergentes\/\" \/>\n<meta property=\"og:locale\" content=\"pt_BR\" \/>\n<meta property=\"og:type\" content=\"article\" \/>\n<meta property=\"og:title\" content=\"Filme franc\u00eas traz reflex\u00e3o sobre direitos de pessoas neurodivergentes\" \/>\n<meta property=\"og:description\" content=\"Por EBC, A necessidade de mais filmes sobre a inclus\u00e3o de pessoas neurodivergentes foi a t\u00f4nica do encontro entre o p\u00fablico e profissionais da \u00e1rea de acessibilidade e do cinema em debate sobre o filme Peda\u00e7o de Mim (Fran\u00e7a, 2024), da diretora francesa Anne-Sophie Baill, exibido no cinema Esta\u00e7\u00e3o Net G\u00e1vea (zona sul do Rio).\u00a0 &hellip;\" \/>\n<meta property=\"og:url\" content=\"https:\/\/mrnews.com.br\/index.php\/2025\/07\/25\/filme-frances-traz-reflexao-sobre-direitos-de-pessoas-neurodivergentes\/\" \/>\n<meta property=\"og:site_name\" content=\"MRNews\" \/>\n<meta property=\"article:publisher\" content=\"https:\/\/www.facebook.com\/eaipahpah\/?locale2=pt_BR\" \/>\n<meta property=\"article:published_time\" content=\"2025-07-25T03:42:34+00:00\" \/>\n<meta name=\"author\" content=\"MR News\" \/>\n<meta name=\"twitter:card\" content=\"summary_large_image\" \/>\n<meta name=\"twitter:creator\" content=\"@conspirou\" \/>\n<meta name=\"twitter:site\" content=\"@conspirou\" \/>\n<meta name=\"twitter:label1\" content=\"Escrito por\" \/>\n\t<meta name=\"twitter:data1\" content=\"MR News\" \/>\n\t<meta name=\"twitter:label2\" content=\"Est. tempo de leitura\" \/>\n\t<meta name=\"twitter:data2\" content=\"2 minutos\" \/>\n<script type=\"application\/ld+json\" class=\"yoast-schema-graph\">{\"@context\":\"https:\\\/\\\/schema.org\",\"@graph\":[{\"@type\":\"Article\",\"@id\":\"https:\\\/\\\/mrnews.com.br\\\/index.php\\\/2025\\\/07\\\/25\\\/filme-frances-traz-reflexao-sobre-direitos-de-pessoas-neurodivergentes\\\/#article\",\"isPartOf\":{\"@id\":\"https:\\\/\\\/mrnews.com.br\\\/index.php\\\/2025\\\/07\\\/25\\\/filme-frances-traz-reflexao-sobre-direitos-de-pessoas-neurodivergentes\\\/\"},\"author\":{\"name\":\"MR News\",\"@id\":\"https:\\\/\\\/mrnews.com.br\\\/#\\\/schema\\\/person\\\/be3203154562a9f207407861cef7827b\"},\"headline\":\"Filme franc\u00eas traz reflex\u00e3o sobre direitos de pessoas neurodivergentes\",\"datePublished\":\"2025-07-25T03:42:34+00:00\",\"mainEntityOfPage\":{\"@id\":\"https:\\\/\\\/mrnews.com.br\\\/index.php\\\/2025\\\/07\\\/25\\\/filme-frances-traz-reflexao-sobre-direitos-de-pessoas-neurodivergentes\\\/\"},\"wordCount\":375,\"commentCount\":0,\"publisher\":{\"@id\":\"https:\\\/\\\/mrnews.com.br\\\/#organization\"},\"articleSection\":[\"ENTRETENIMENTO\",\"NOTICIAS\",\"SERVI\u00c7OS\"],\"inLanguage\":\"pt-BR\",\"potentialAction\":[{\"@type\":\"CommentAction\",\"name\":\"Comment\",\"target\":[\"https:\\\/\\\/mrnews.com.br\\\/index.php\\\/2025\\\/07\\\/25\\\/filme-frances-traz-reflexao-sobre-direitos-de-pessoas-neurodivergentes\\\/#respond\"]}]},{\"@type\":\"WebPage\",\"@id\":\"https:\\\/\\\/mrnews.com.br\\\/index.php\\\/2025\\\/07\\\/25\\\/filme-frances-traz-reflexao-sobre-direitos-de-pessoas-neurodivergentes\\\/\",\"url\":\"https:\\\/\\\/mrnews.com.br\\\/index.php\\\/2025\\\/07\\\/25\\\/filme-frances-traz-reflexao-sobre-direitos-de-pessoas-neurodivergentes\\\/\",\"name\":\"Filme franc\u00eas traz reflex\u00e3o sobre direitos de pessoas neurodivergentes\",\"isPartOf\":{\"@id\":\"https:\\\/\\\/mrnews.com.br\\\/#website\"},\"datePublished\":\"2025-07-25T03:42:34+00:00\",\"breadcrumb\":{\"@id\":\"https:\\\/\\\/mrnews.com.br\\\/index.php\\\/2025\\\/07\\\/25\\\/filme-frances-traz-reflexao-sobre-direitos-de-pessoas-neurodivergentes\\\/#breadcrumb\"},\"inLanguage\":\"pt-BR\",\"potentialAction\":[{\"@type\":\"ReadAction\",\"target\":[\"https:\\\/\\\/mrnews.com.br\\\/index.php\\\/2025\\\/07\\\/25\\\/filme-frances-traz-reflexao-sobre-direitos-de-pessoas-neurodivergentes\\\/\"]}]},{\"@type\":\"BreadcrumbList\",\"@id\":\"https:\\\/\\\/mrnews.com.br\\\/index.php\\\/2025\\\/07\\\/25\\\/filme-frances-traz-reflexao-sobre-direitos-de-pessoas-neurodivergentes\\\/#breadcrumb\",\"itemListElement\":[{\"@type\":\"ListItem\",\"position\":1,\"name\":\"In\u00edcio\",\"item\":\"https:\\\/\\\/mrnews.com.br\\\/\"},{\"@type\":\"ListItem\",\"position\":2,\"name\":\"Filme franc\u00eas traz reflex\u00e3o sobre direitos de pessoas neurodivergentes\"}]},{\"@type\":\"WebSite\",\"@id\":\"https:\\\/\\\/mrnews.com.br\\\/#website\",\"url\":\"https:\\\/\\\/mrnews.com.br\\\/\",\"name\":\"MRNews\",\"description\":\"MRNews Jogos de hoje da TV, transmiss\u00f5es ao vivo, Not\u00edcias de futebol, Jogos ao vivo, Lives, resumo de novelas, Programa\u00e7\u00e3o da Globo, A Fazenda e BBB\",\"publisher\":{\"@id\":\"https:\\\/\\\/mrnews.com.br\\\/#organization\"},\"potentialAction\":[{\"@type\":\"SearchAction\",\"target\":{\"@type\":\"EntryPoint\",\"urlTemplate\":\"https:\\\/\\\/mrnews.com.br\\\/?s={search_term_string}\"},\"query-input\":{\"@type\":\"PropertyValueSpecification\",\"valueRequired\":true,\"valueName\":\"search_term_string\"}}],\"inLanguage\":\"pt-BR\"},{\"@type\":\"Organization\",\"@id\":\"https:\\\/\\\/mrnews.com.br\\\/#organization\",\"name\":\"MRNews\",\"url\":\"https:\\\/\\\/mrnews.com.br\\\/\",\"logo\":{\"@type\":\"ImageObject\",\"inLanguage\":\"pt-BR\",\"@id\":\"https:\\\/\\\/mrnews.com.br\\\/#\\\/schema\\\/logo\\\/image\\\/\",\"url\":\"https:\\\/\\\/mrnews.com.br\\\/wp-content\\\/uploads\\\/2019\\\/06\\\/MRNewslogo2.png\",\"contentUrl\":\"https:\\\/\\\/mrnews.com.br\\\/wp-content\\\/uploads\\\/2019\\\/06\\\/MRNewslogo2.png\",\"width\":223,\"height\":58,\"caption\":\"MRNews\"},\"image\":{\"@id\":\"https:\\\/\\\/mrnews.com.br\\\/#\\\/schema\\\/logo\\\/image\\\/\"},\"sameAs\":[\"https:\\\/\\\/www.facebook.com\\\/eaipahpah\\\/?locale2=pt_BR\",\"https:\\\/\\\/x.com\\\/conspirou\",\"https:\\\/\\\/www.instagram.com\\\/eai_pahpah\",\"https:\\\/\\\/br.pinterest.com\\\/mrnewsn\\\/boards\\\/\",\"https:\\\/\\\/www.youtube.com\\\/channel\\\/UCacgnpznQ61fifLWr1tQ-vA?view_as=subscriber\"]},{\"@type\":\"Person\",\"@id\":\"https:\\\/\\\/mrnews.com.br\\\/#\\\/schema\\\/person\\\/be3203154562a9f207407861cef7827b\",\"name\":\"MR News\",\"image\":{\"@type\":\"ImageObject\",\"inLanguage\":\"pt-BR\",\"@id\":\"https:\\\/\\\/secure.gravatar.com\\\/avatar\\\/04084e6d73c042b8646e7c17b494073bf0ede3ea13c7105cfc45cbbbc28385a4?s=96&d=monsterid&r=g\",\"url\":\"https:\\\/\\\/secure.gravatar.com\\\/avatar\\\/04084e6d73c042b8646e7c17b494073bf0ede3ea13c7105cfc45cbbbc28385a4?s=96&d=monsterid&r=g\",\"contentUrl\":\"https:\\\/\\\/secure.gravatar.com\\\/avatar\\\/04084e6d73c042b8646e7c17b494073bf0ede3ea13c7105cfc45cbbbc28385a4?s=96&d=monsterid&r=g\",\"caption\":\"MR News\"},\"description\":\"Especializado em jornalismo colaborativo pela FTP em n\u00edvel de p\u00f3s-gradua\u00e7\u00e3o. suporte@oimeliga.combr\",\"sameAs\":[\"HUGO R.\",\"Admin\"],\"url\":\"https:\\\/\\\/mrnews.com.br\\\/index.php\\\/author\\\/admin\\\/\"}]}<\/script>\n<!-- \/ Yoast SEO plugin. -->","yoast_head_json":{"title":"Filme franc\u00eas traz reflex\u00e3o sobre direitos de pessoas neurodivergentes","robots":{"index":"index","follow":"follow","max-snippet":"max-snippet:-1","max-image-preview":"max-image-preview:large","max-video-preview":"max-video-preview:-1"},"canonical":"https:\/\/mrnews.com.br\/index.php\/2025\/07\/25\/filme-frances-traz-reflexao-sobre-direitos-de-pessoas-neurodivergentes\/","og_locale":"pt_BR","og_type":"article","og_title":"Filme franc\u00eas traz reflex\u00e3o sobre direitos de pessoas neurodivergentes","og_description":"Por EBC, A necessidade de mais filmes sobre a inclus\u00e3o de pessoas neurodivergentes foi a t\u00f4nica do encontro entre o p\u00fablico e profissionais da \u00e1rea de acessibilidade e do cinema em debate sobre o filme Peda\u00e7o de Mim (Fran\u00e7a, 2024), da diretora francesa Anne-Sophie Baill, exibido no cinema Esta\u00e7\u00e3o Net G\u00e1vea (zona sul do Rio).\u00a0 &hellip;","og_url":"https:\/\/mrnews.com.br\/index.php\/2025\/07\/25\/filme-frances-traz-reflexao-sobre-direitos-de-pessoas-neurodivergentes\/","og_site_name":"MRNews","article_publisher":"https:\/\/www.facebook.com\/eaipahpah\/?locale2=pt_BR","article_published_time":"2025-07-25T03:42:34+00:00","author":"MR News","twitter_card":"summary_large_image","twitter_creator":"@conspirou","twitter_site":"@conspirou","twitter_misc":{"Escrito por":"MR News","Est. tempo de leitura":"2 minutos"},"schema":{"@context":"https:\/\/schema.org","@graph":[{"@type":"Article","@id":"https:\/\/mrnews.com.br\/index.php\/2025\/07\/25\/filme-frances-traz-reflexao-sobre-direitos-de-pessoas-neurodivergentes\/#article","isPartOf":{"@id":"https:\/\/mrnews.com.br\/index.php\/2025\/07\/25\/filme-frances-traz-reflexao-sobre-direitos-de-pessoas-neurodivergentes\/"},"author":{"name":"MR News","@id":"https:\/\/mrnews.com.br\/#\/schema\/person\/be3203154562a9f207407861cef7827b"},"headline":"Filme franc\u00eas traz reflex\u00e3o sobre direitos de pessoas neurodivergentes","datePublished":"2025-07-25T03:42:34+00:00","mainEntityOfPage":{"@id":"https:\/\/mrnews.com.br\/index.php\/2025\/07\/25\/filme-frances-traz-reflexao-sobre-direitos-de-pessoas-neurodivergentes\/"},"wordCount":375,"commentCount":0,"publisher":{"@id":"https:\/\/mrnews.com.br\/#organization"},"articleSection":["ENTRETENIMENTO","NOTICIAS","SERVI\u00c7OS"],"inLanguage":"pt-BR","potentialAction":[{"@type":"CommentAction","name":"Comment","target":["https:\/\/mrnews.com.br\/index.php\/2025\/07\/25\/filme-frances-traz-reflexao-sobre-direitos-de-pessoas-neurodivergentes\/#respond"]}]},{"@type":"WebPage","@id":"https:\/\/mrnews.com.br\/index.php\/2025\/07\/25\/filme-frances-traz-reflexao-sobre-direitos-de-pessoas-neurodivergentes\/","url":"https:\/\/mrnews.com.br\/index.php\/2025\/07\/25\/filme-frances-traz-reflexao-sobre-direitos-de-pessoas-neurodivergentes\/","name":"Filme franc\u00eas traz reflex\u00e3o sobre direitos de pessoas neurodivergentes","isPartOf":{"@id":"https:\/\/mrnews.com.br\/#website"},"datePublished":"2025-07-25T03:42:34+00:00","breadcrumb":{"@id":"https:\/\/mrnews.com.br\/index.php\/2025\/07\/25\/filme-frances-traz-reflexao-sobre-direitos-de-pessoas-neurodivergentes\/#breadcrumb"},"inLanguage":"pt-BR","potentialAction":[{"@type":"ReadAction","target":["https:\/\/mrnews.com.br\/index.php\/2025\/07\/25\/filme-frances-traz-reflexao-sobre-direitos-de-pessoas-neurodivergentes\/"]}]},{"@type":"BreadcrumbList","@id":"https:\/\/mrnews.com.br\/index.php\/2025\/07\/25\/filme-frances-traz-reflexao-sobre-direitos-de-pessoas-neurodivergentes\/#breadcrumb","itemListElement":[{"@type":"ListItem","position":1,"name":"In\u00edcio","item":"https:\/\/mrnews.com.br\/"},{"@type":"ListItem","position":2,"name":"Filme franc\u00eas traz reflex\u00e3o sobre direitos de pessoas neurodivergentes"}]},{"@type":"WebSite","@id":"https:\/\/mrnews.com.br\/#website","url":"https:\/\/mrnews.com.br\/","name":"MRNews","description":"MRNews Jogos de hoje da TV, transmiss\u00f5es ao vivo, Not\u00edcias de futebol, Jogos ao vivo, Lives, resumo de novelas, Programa\u00e7\u00e3o da Globo, A Fazenda e BBB","publisher":{"@id":"https:\/\/mrnews.com.br\/#organization"},"potentialAction":[{"@type":"SearchAction","target":{"@type":"EntryPoint","urlTemplate":"https:\/\/mrnews.com.br\/?s={search_term_string}"},"query-input":{"@type":"PropertyValueSpecification","valueRequired":true,"valueName":"search_term_string"}}],"inLanguage":"pt-BR"},{"@type":"Organization","@id":"https:\/\/mrnews.com.br\/#organization","name":"MRNews","url":"https:\/\/mrnews.com.br\/","logo":{"@type":"ImageObject","inLanguage":"pt-BR","@id":"https:\/\/mrnews.com.br\/#\/schema\/logo\/image\/","url":"https:\/\/mrnews.com.br\/wp-content\/uploads\/2019\/06\/MRNewslogo2.png","contentUrl":"https:\/\/mrnews.com.br\/wp-content\/uploads\/2019\/06\/MRNewslogo2.png","width":223,"height":58,"caption":"MRNews"},"image":{"@id":"https:\/\/mrnews.com.br\/#\/schema\/logo\/image\/"},"sameAs":["https:\/\/www.facebook.com\/eaipahpah\/?locale2=pt_BR","https:\/\/x.com\/conspirou","https:\/\/www.instagram.com\/eai_pahpah","https:\/\/br.pinterest.com\/mrnewsn\/boards\/","https:\/\/www.youtube.com\/channel\/UCacgnpznQ61fifLWr1tQ-vA?view_as=subscriber"]},{"@type":"Person","@id":"https:\/\/mrnews.com.br\/#\/schema\/person\/be3203154562a9f207407861cef7827b","name":"MR News","image":{"@type":"ImageObject","inLanguage":"pt-BR","@id":"https:\/\/secure.gravatar.com\/avatar\/04084e6d73c042b8646e7c17b494073bf0ede3ea13c7105cfc45cbbbc28385a4?s=96&d=monsterid&r=g","url":"https:\/\/secure.gravatar.com\/avatar\/04084e6d73c042b8646e7c17b494073bf0ede3ea13c7105cfc45cbbbc28385a4?s=96&d=monsterid&r=g","contentUrl":"https:\/\/secure.gravatar.com\/avatar\/04084e6d73c042b8646e7c17b494073bf0ede3ea13c7105cfc45cbbbc28385a4?s=96&d=monsterid&r=g","caption":"MR News"},"description":"Especializado em jornalismo colaborativo pela FTP em n\u00edvel de p\u00f3s-gradua\u00e7\u00e3o. suporte@oimeliga.combr","sameAs":["HUGO R.","Admin"],"url":"https:\/\/mrnews.com.br\/index.php\/author\/admin\/"}]}},"jetpack_featured_media_url":"","jetpack_sharing_enabled":true,"jetpack_shortlink":"https:\/\/wp.me\/pa2Qf7-1Sdq","amp_enabled":true,"_links":{"self":[{"href":"https:\/\/mrnews.com.br\/index.php\/wp-json\/wp\/v2\/posts\/446736","targetHints":{"allow":["GET"]}}],"collection":[{"href":"https:\/\/mrnews.com.br\/index.php\/wp-json\/wp\/v2\/posts"}],"about":[{"href":"https:\/\/mrnews.com.br\/index.php\/wp-json\/wp\/v2\/types\/post"}],"author":[{"embeddable":true,"href":"https:\/\/mrnews.com.br\/index.php\/wp-json\/wp\/v2\/users\/1"}],"replies":[{"embeddable":true,"href":"https:\/\/mrnews.com.br\/index.php\/wp-json\/wp\/v2\/comments?post=446736"}],"version-history":[{"count":0,"href":"https:\/\/mrnews.com.br\/index.php\/wp-json\/wp\/v2\/posts\/446736\/revisions"}],"wp:attachment":[{"href":"https:\/\/mrnews.com.br\/index.php\/wp-json\/wp\/v2\/media?parent=446736"}],"wp:term":[{"taxonomy":"category","embeddable":true,"href":"https:\/\/mrnews.com.br\/index.php\/wp-json\/wp\/v2\/categories?post=446736"},{"taxonomy":"post_tag","embeddable":true,"href":"https:\/\/mrnews.com.br\/index.php\/wp-json\/wp\/v2\/tags?post=446736"}],"curies":[{"name":"wp","href":"https:\/\/api.w.org\/{rel}","templated":true}]}}