{"id":446782,"date":"2025-07-25T12:05:50","date_gmt":"2025-07-25T15:05:50","guid":{"rendered":"https:\/\/mrnews.com.br\/?p=446782"},"modified":"2025-07-25T12:05:50","modified_gmt":"2025-07-25T15:05:50","slug":"filho-de-preta-gil-emociona-ao-chegar-ao-velorio-da-mae-no-theatro-municipal","status":"publish","type":"post","link":"https:\/\/mrnews.com.br\/index.php\/2025\/07\/25\/filho-de-preta-gil-emociona-ao-chegar-ao-velorio-da-mae-no-theatro-municipal\/","title":{"rendered":"Filho de Preta Gil emociona ao chegar ao vel\u00f3rio da m\u00e3e no Theatro Municipal"},"content":{"rendered":"<p><strong>Despedida comovente: Filho de Preta Gil emociona ao chegar ao vel\u00f3rio da m\u00e3e no Theatro Municipal<\/strong><\/p>\n<p>Na manh\u00e3 desta sexta-feira, 25 de julho de 2025, o Theatro Municipal do Rio de Janeiro foi palco de uma das cerim\u00f4nias mais emocionantes do ano: o vel\u00f3rio da cantora Preta Gil. A artista, que deixou um legado marcante na m\u00fasica e na luta por representatividade, recebeu uma \u00faltima homenagem cercada de carinho por parte de f\u00e3s, amigos e familiares.<\/p>\n<p>O momento mais tocante da cerim\u00f4nia foi protagonizado por Francisco Gil, filho \u00fanico de Preta. Chegando ao local acompanhado por familiares pr\u00f3ximos, Francisco foi recebido com abra\u00e7os e palavras de conforto. Por\u00e9m, sua atitude ao se aproximar do caix\u00e3o da m\u00e3e chamou a aten\u00e7\u00e3o de todos e comoveu os presentes: visivelmente abalado, ele se ajoelhou em sil\u00eancio, segurou as m\u00e3os da m\u00e3e e chorou profundamente. Muitos que estavam no sal\u00e3o n\u00e3o contiveram as l\u00e1grimas ao presenciar o momento de dor e amor entre m\u00e3e e filho.<\/p>\n<p>A cerim\u00f4nia foi marcada por homenagens musicais, v\u00eddeos com registros da trajet\u00f3ria de Preta Gil e discursos emocionados de amigos como Carolina Dieckmann, Ivete Sangalo e Gilberto Gil, pai da cantora. O Theatro Municipal, escolhido por representar a import\u00e2ncia cultural da artista, foi decorado com flores brancas e imagens da cantora ao longo da carreira, criando um ambiente de rever\u00eancia e afeto.<\/p>\n<h2>Presen\u00e7as marcantes e homenagens<\/h2>\n<p>Entre os presentes, al\u00e9m de familiares e amigos famosos, estavam centenas de f\u00e3s que formaram uma fila do lado de fora desde as primeiras horas da manh\u00e3. Todos queriam prestar uma \u00faltima homenagem \u00e0 mulher que rompeu padr\u00f5es e nunca teve medo de ser quem era. O corpo de Preta Gil foi velado em caix\u00e3o aberto, coberto com uma bandeira do Brasil e uma manta com detalhes em dourado.<\/p>\n<p>A como\u00e7\u00e3o tamb\u00e9m se estendeu \u00e0s redes sociais, onde artistas como Anitta, Pabllo Vittar e Caetano Veloso publicaram mensagens de despedida. &#8220;Preta era luz, for\u00e7a e verdade. Sentiremos sua falta todos os dias&#8221;, escreveu Pabllo.<\/p>\n<p>Francisco Gil, mesmo em meio \u00e0 dor, demonstrou for\u00e7a ao se manter presente durante toda a cerim\u00f4nia, consolando familiares e agradecendo o carinho dos f\u00e3s. A uni\u00e3o da fam\u00edlia Gil em torno do luto mostrou a import\u00e2ncia de Preta n\u00e3o apenas como artista, mas como m\u00e3e, filha e s\u00edmbolo de resist\u00eancia.<\/p>\n<p>O enterro est\u00e1 previsto para ocorrer ainda hoje, em cerim\u00f4nia restrita \u00e0 fam\u00edlia. A mem\u00f3ria de Preta Gil, no entanto, permanecer\u00e1 viva na m\u00fasica, na cultura e no cora\u00e7\u00e3o de todos que foram tocados por sua arte e coragem.<\/p>\n<p><strong>Tags<\/strong>: Francisco Gil, Preta Gil, vel\u00f3rio Preta Gil, Theatro Municipal, despedida emocionante, celebridades<\/p>\n<p><strong>Preta Gil, Jo\u00e3o Paulo Demasi e os la\u00e7os que atravessam o tempo e a fam\u00edlia<\/strong><\/p>\n<p>A morte de Preta Gil, no \u00faltimo domingo (20), aos 50 anos, deixou o Brasil de luto e trouxe \u00e0 tona lembran\u00e7as emocionantes de sua trajet\u00f3ria pessoal e art\u00edstica. Entre as in\u00fameras homenagens prestadas \u00e0 cantora, uma, em especial, comoveu o p\u00fablico por revelar uma complexa e afetuosa rede de rela\u00e7\u00f5es: a declara\u00e7\u00e3o de Jo\u00e3o Paulo Demasi \u2014 ex-namorado de Preta e ex-marido de Bela Gil, irm\u00e3 da artista.<\/p>\n<p>Jo\u00e3o Paulo, que esteve presente na vida da fam\u00edlia Gil por mais de duas d\u00e9cadas, publicou uma imagem ao lado de Preta e escreveu: <em>\u201cTe amo h\u00e1 tanto tempo. Obrigado por deixar eu participar por mais de 20 anos da sua vida e da sua fam\u00edlia como amigo, como namorado, como pai, como tio-av\u00f4. Preta presente.\u201d<\/em><\/p>\n<p>Essa mensagem gerou uma enxurrada de coment\u00e1rios e compartilhamentos nas redes sociais, n\u00e3o apenas pela dor da perda, mas pela demonstra\u00e7\u00e3o de carinho genu\u00edno e respeito por uma hist\u00f3ria constru\u00edda com afeto, mesmo ap\u00f3s a separa\u00e7\u00e3o.<\/p>\n<h3>Uma rela\u00e7\u00e3o que se reinventou ao longo dos anos<\/h3>\n<p>Jo\u00e3o Paulo teve um relacionamento com Preta Gil antes de se casar com Bela Gil. A hist\u00f3ria, apesar de incomum aos olhos de muitos, sempre foi tratada com leveza pela fam\u00edlia. A pr\u00f3pria Bela j\u00e1 revelou publicamente, com bom humor, que soube lidar com o passado amoroso entre sua irm\u00e3 e o futuro marido sem conflitos, algo raro e admir\u00e1vel.<\/p>\n<p>Com Bela, Jo\u00e3o Paulo construiu uma uni\u00e3o de 19 anos e teve dois filhos, Flor e Nino. Mesmo ap\u00f3s o fim do casamento, mantiveram uma rela\u00e7\u00e3o respeitosa e amistosa. Essa maturidade emocional ficou evidente na forma com que Jo\u00e3o Paulo homenageou a ex-cunhada e ex-namorada, mostrando que la\u00e7os verdadeiros n\u00e3o se desfazem com o tempo \u2014 apenas mudam de forma.<\/p>\n<p>O falecimento de Preta, que vinha enfrentando uma dura batalha contra o c\u00e2ncer colorretal desde 2022, n\u00e3o apenas marcou o fim de uma era na m\u00fasica popular brasileira, como tamb\u00e9m trouxe \u00e0 tona a import\u00e2ncia de rela\u00e7\u00f5es humanas que resistem \u00e0s mudan\u00e7as e seguem baseadas no amor.<\/p>\n<p>Durante sua interna\u00e7\u00e3o nos Estados Unidos, Preta compartilhou sua luta com sinceridade nas redes sociais. Sua transpar\u00eancia ajudou a conscientizar milhares de pessoas sobre o diagn\u00f3stico precoce do c\u00e2ncer. Ela transformou dor em for\u00e7a e vulnerabilidade em resist\u00eancia.<\/p>\n<p>O legado deixado por Preta vai muito al\u00e9m da m\u00fasica. Ela foi s\u00edmbolo de liberdade, autoestima e luta contra preconceitos. Em entrevistas, defendia com veem\u00eancia causas ligadas \u00e0 diversidade, \u00e0 aceita\u00e7\u00e3o do corpo e \u00e0 valoriza\u00e7\u00e3o das mulheres negras. Isso a tornou uma voz importante na cultura brasileira \u2014 e sua aus\u00eancia j\u00e1 \u00e9 sentida.<\/p>\n<p>\u00c9 nesse contexto de despedida que a mensagem de Jo\u00e3o Paulo ganha peso. Em um pa\u00eds onde tabus familiares ainda s\u00e3o comuns, a hist\u00f3ria entre ele, Preta e Bela mostra que \u00e9 poss\u00edvel construir v\u00ednculos saud\u00e1veis, mesmo quando envolvem afetos do passado. Essa maturidade afetiva \u00e9 um dos legados silenciosos de Preta Gil: a ideia de que o amor \u2014 em todas as suas formas \u2014 deve ser celebrado e respeitado.<\/p>\n<p>Em uma das publica\u00e7\u00f5es que circulam nas redes sociais desde o an\u00fancio de sua morte, Preta dizia que queria que seu funeral fosse uma celebra\u00e7\u00e3o da vida. <em>\u201cQuero que cantem, que dancem, que celebrem minha exist\u00eancia\u201d<\/em>, afirmou certa vez. E \u00e9 exatamente isso que muitas pessoas t\u00eam feito: relembrando com carinho seus sorrisos, seus shows vibrantes e suas palavras de coragem.<\/p>\n<p>O gesto de Jo\u00e3o Paulo, ao se despedir da amiga e ex-companheira, representa um Brasil mais sens\u00edvel, capaz de lidar com afetos de forma saud\u00e1vel. Uma homenagem sincera, que ecoa o esp\u00edrito de uni\u00e3o e amor t\u00e3o presente na hist\u00f3ria da fam\u00edlia Gil.<\/p>\n<p>Preta Gil n\u00e3o ser\u00e1 lembrada apenas por suas m\u00fasicas ou pelos palcos que ocupou, mas por como viveu \u2014 intensamente, com paix\u00e3o, generosidade e autenticidade. E por como tocou a vida de tantas pessoas, como Jo\u00e3o Paulo, que mesmo ap\u00f3s os r\u00f3tulos se dissolverem, continuou presente. Porque, no fim das contas, \u00e9 isso que fica: o amor.<\/p>\n<p><strong>V\u00eddeo de Preta Gil falando sobre seu pr\u00f3prio funeral emociona f\u00e3s nas redes<\/strong><\/p>\n<p>A morte da cantora Preta Gil no \u00faltimo domingo (20), aos 50 anos, continua repercutindo fortemente nas redes sociais. A artista, que enfrentava uma dura batalha contra um c\u00e2ncer no intestino desde 2023, deixou um legado musical, afetivo e cultural marcante. Nos \u00faltimos dias, v\u00eddeos antigos da cantora come\u00e7aram a viralizar, entre eles um trecho de uma entrevista em que ela descreve como gostaria que fosse o seu pr\u00f3prio funeral.<\/p>\n<p>O registro, feito durante uma conversa descontra\u00edda no canal \u201cP\u00f5e na Roda\u201d, do YouTube, mostra Preta falando com leveza sobre um tema delicado. Com bom humor e sensibilidade, ela revelou desejos espec\u00edficos para o momento de sua despedida, deixando claro que queria uma cerim\u00f4nia cheia de amor, m\u00fasica e celebra\u00e7\u00e3o.<\/p>\n<p><strong>\u201cQuero que seja alegre, com m\u00fasica e pessoas que eu amo\u201d<\/strong><\/p>\n<p>No v\u00eddeo, Preta afirma: \u201cQuero que as pessoas dancem, se abracem, cantem minhas m\u00fasicas\u2026 que celebrem minha vida\u201d. A fala, dita com sorriso no rosto, reflete a ess\u00eancia da artista, conhecida por sua energia contagiante e pelo jeito afetuoso com amigos, familiares e f\u00e3s.<\/p>\n<p>A cantora, filha de Gilberto Gil, vinha sendo acompanhada de perto por seus seguidores durante o tratamento da doen\u00e7a. Sempre que podia, compartilhava atualiza\u00e7\u00f5es sobre sua sa\u00fade, momentos com a fam\u00edlia e reflex\u00f5es sobre a vida. O v\u00eddeo agora resgatado traz conforto a muitos admiradores, ao mostrar que Preta n\u00e3o via a morte como um fim, mas como parte da jornada.<\/p>\n<p><strong>Homenagens e lembran\u00e7as nas redes sociais<\/strong><\/p>\n<p>Desde o an\u00fancio de seu falecimento, diversas celebridades, amigos pr\u00f3ximos e f\u00e3s t\u00eam usado as redes para prestar homenagens. Carolina Dieckmann, Gominho, Ivete Sangalo e outros nomes importantes da m\u00fasica e da televis\u00e3o deixaram mensagens comoventes sobre a amizade e a admira\u00e7\u00e3o que tinham por Preta.<\/p>\n<p>A entrevista reacendeu essas manifesta\u00e7\u00f5es, refor\u00e7ando o quanto a cantora tocou a vida de milhares de pessoas com sua arte e presen\u00e7a. Para muitos, o v\u00eddeo tem sido uma forma de lembrar da artista da maneira que ela mesma queria: com alegria, intensidade e autenticidade.<\/p>\n<p><strong>Uma trajet\u00f3ria marcada por coragem e generosidade<\/strong><\/p>\n<p>Preta Gil nunca teve medo de se expor ou de falar abertamente sobre assuntos dif\u00edceis. Durante sua luta contra o c\u00e2ncer, ela fez quest\u00e3o de usar sua visibilidade para conscientizar sobre a import\u00e2ncia de exames preventivos, acolhimento emocional e a valoriza\u00e7\u00e3o da vida. Mesmo nos momentos mais fr\u00e1geis, n\u00e3o faltaram palavras de incentivo e carinho para seus seguidores.<\/p>\n<p>Ela tamb\u00e9m se destacou como voz ativa em pautas sociais importantes, incluindo o combate ao preconceito e a defesa da diversidade. Sua carreira, que envolveu n\u00e3o apenas a m\u00fasica, mas tamb\u00e9m participa\u00e7\u00f5es na televis\u00e3o e projetos sociais, refletia seu compromisso com a liberdade de ser quem se \u00e9.<\/p>\n<p><strong>Um legado que permanece<\/strong><\/p>\n<p>A forma como Preta lidou com a vida \u2014 e com a morte \u2014 inspira muitas pessoas. O v\u00eddeo em que descreve seu pr\u00f3prio funeral n\u00e3o \u00e9 apenas uma curiosidade emocional. Ele se transforma agora em uma esp\u00e9cie de testamento simb\u00f3lico da artista, reafirmando sua ess\u00eancia calorosa e celebrativa.<\/p>\n<p>F\u00e3s t\u00eam relatado que, ao assistir ao registro, se sentem mais pr\u00f3ximos da cantora e, ao mesmo tempo, mais preparados para lidar com o luto. Afinal, foi a pr\u00f3pria Preta quem mostrou que at\u00e9 mesmo a despedida pode ser feita com beleza, cor e afeto.<\/p>\n<p>Nas palavras da pr\u00f3pria cantora: \u201cQuero que as pessoas se lembrem de mim com alegria. Que meu funeral seja um festival de amor\u201d.<\/p>\n<p>Esse desejo, ao que tudo indica, est\u00e1 sendo respeitado por todos que foram tocados por sua trajet\u00f3ria.<\/p>\n<p><strong>Preta Gil homenageou Gominho antes de morrer: \u201cEle me deu banho, ele penteou o meu cabelo\u201d<\/strong><\/p>\n<p>A morte de Preta Gil, neste domingo (20), aos 50 anos, ap\u00f3s uma longa batalha contra o c\u00e2ncer colorretal, deixou o Brasil em luto. Conhecida por seu talento, autenticidade e pela forma afetuosa com que cultivava suas amizades, a cantora fez quest\u00e3o de reconhecer, ainda em vida, o amor e o cuidado recebidos de pessoas pr\u00f3ximas \u2014 entre elas, o influenciador e apresentador <strong>Gominho<\/strong>, um de seus melhores amigos.<\/p>\n<p>Meses antes de falecer, Preta publicou uma emocionante homenagem nas redes sociais para celebrar o anivers\u00e1rio de Gominho. No texto, ela agradeceu ao amigo por ter sido um verdadeiro pilar em sua vida durante os momentos mais dif\u00edceis do tratamento contra o c\u00e2ncer.<\/p>\n<blockquote><p>\u201cEle me deu banho, ele penteou o meu cabelo, ele me cuidou com amor, com alegria, com f\u00e9 e com do\u00e7ura\u201d, escreveu a artista, em uma das declara\u00e7\u00f5es mais marcantes e \u00edntimas compartilhadas com seus seguidores.<\/p><\/blockquote>\n<h2>Uma amizade de irmandade<\/h2>\n<p>A rela\u00e7\u00e3o entre Preta Gil e Gominho sempre foi marcada por companheirismo e lealdade. Eles eram frequentemente vistos juntos em eventos, viagens e momentos pessoais, demonstrando publicamente uma amizade que ia muito al\u00e9m da fama ou dos holofotes.<\/p>\n<p>Durante o tratamento de Preta, iniciado em 2023, Gominho esteve ao lado da cantora em diversas fases, inclusive nas mais delicadas. Foi ele quem acompanhou interna\u00e7\u00f5es, sess\u00f5es de quimioterapia, e os momentos em que Preta mais precisou de apoio emocional e f\u00edsico.<\/p>\n<p>A homenagem publicada pela cantora refor\u00e7ou esse v\u00ednculo, com palavras que revelam o quanto ela se sentia acolhida:<\/p>\n<blockquote><p>\u201cTe amo, Gominho. Obrigada por tudo que voc\u00ea representa na minha vida. Voc\u00ea \u00e9 luz e amor em forma de gente.\u201d<\/p><\/blockquote>\n<h2>Luto e repercuss\u00e3o<\/h2>\n<p>A morte de Preta Gil causou como\u00e7\u00e3o nacional. Diversos artistas e personalidades p\u00fablicas se manifestaram nas redes sociais, incluindo Ivete Sangalo, Anitta, Caetano Veloso, Carolina Dieckmann e o pr\u00f3prio Gominho, que ainda n\u00e3o publicou mensagem oficial, mas teria ficado profundamente abalado com a perda da amiga.<\/p>\n<p>Preta deixa um legado art\u00edstico e humano. Sua maneira aberta e transparente de lidar com o c\u00e2ncer ajudou a informar e encorajar muitas pessoas. Ela tamb\u00e9m mostrou que o amor \u2014 especialmente nas amizades verdadeiras \u2014 pode ser uma forma poderosa de cura e conforto, mesmo nos momentos mais sombrios.<\/p>\n<h2>Despedida com afeto<\/h2>\n<p>A fam\u00edlia de Preta Gil est\u00e1 organizando uma cerim\u00f4nia de despedida no Brasil, que deve reunir amigos pr\u00f3ximos, familiares e f\u00e3s. Enquanto isso, os tributos \u00e0 cantora continuam surgindo por todo o pa\u00eds, celebrando sua for\u00e7a, generosidade e a intensidade com que viveu e amou.<\/p>\n<hr \/>\n<p><strong>Preta se foi, mas deixou li\u00e7\u00f5es profundas sobre empatia, vulnerabilidade e o valor dos verdadeiros la\u00e7os de amizade. A declara\u00e7\u00e3o feita a Gominho \u00e9 prova disso: amor \u00e9 cuidado \u2014 e ela foi muito amada.<\/strong><\/p>\n<hr \/>\n<p><strong>Tags:<\/strong> Preta Gil, Gominho, homenagem, amizade, c\u00e2ncer, luto, celebridades, legado, despedida.<\/p>\n<p><strong>Carolina Dieckmann teria viajado aos EUA sem saber da gravidade do estado de Preta Gil<\/strong><\/p>\n<p>A morte de Preta Gil, confirmada neste domingo (20), continua repercutindo com profunda como\u00e7\u00e3o entre f\u00e3s, amigos e familiares. A cantora, de 50 anos, lutava contra um c\u00e2ncer colorretal desde janeiro de 2023, e apesar de aparentar melhora ap\u00f3s o fim de seu primeiro ciclo de tratamento, acabou sofrendo complica\u00e7\u00f5es recentes que agravaram drasticamente seu quadro de sa\u00fade.<\/p>\n<p>Entre os amigos mais pr\u00f3ximos da artista, a atriz <strong>Carolina Dieckmann<\/strong> tem se destacado por sua dor p\u00fablica e pelas mensagens emocionadas que tem compartilhado nas redes sociais. No entanto, segundo informa\u00e7\u00f5es divulgadas por fontes pr\u00f3ximas \u00e0 fam\u00edlia, <strong>Carolina teria embarcado para os Estados Unidos sem saber que o estado de sa\u00fade da amiga era t\u00e3o cr\u00edtico<\/strong>.<\/p>\n<h2>Viagem motivada por amizade, n\u00e3o despedida<\/h2>\n<p>Carolina, que considerava Preta Gil uma irm\u00e3, viajou aos Estados Unidos assim que soube de uma piora no estado da amiga. No entanto, ela acreditava que ainda haveria tempo para conversar, oferecer apoio e fazer parte de mais uma etapa de recupera\u00e7\u00e3o. A gravidade da situa\u00e7\u00e3o s\u00f3 teria sido compreendida por Carolina <strong>j\u00e1 em solo americano<\/strong>, quando viu Preta bastante debilitada e em estado terminal.<\/p>\n<p>Em entrevistas anteriores e postagens nas redes sociais, Dieckmann sempre se referiu a Preta como uma presen\u00e7a essencial em sua vida. As duas j\u00e1 haviam enfrentado momentos de dor juntas no passado \u2014 como quando Carolina perdeu sua m\u00e3e \u2014 e o elo entre elas sempre foi marcado por parceria, afeto e companheirismo.<\/p>\n<h2>Preta Gil: uma luta p\u00fablica e corajosa<\/h2>\n<p>Diagnosticada com c\u00e2ncer no intestino em janeiro de 2023, Preta passou por cirurgias importantes, incluindo a retirada do tumor e do \u00fatero. Em dezembro daquele ano, chegou a anunciar o fim do tratamento com esperan\u00e7a e otimismo. No entanto, em 2024, o c\u00e2ncer retornou de forma agressiva. Nos \u00faltimos meses, ela optou por continuar o tratamento nos Estados Unidos, buscando alternativas e cuidados especializados.<\/p>\n<p>Mesmo diante da doen\u00e7a, Preta se manteve ativa nas redes sociais, compartilhando sua rotina de forma transparente e incentivando a preven\u00e7\u00e3o e o autocuidado. Sua postura inspirou milhares de seguidores e trouxe mais visibilidade \u00e0 luta contra o c\u00e2ncer colorretal.<\/p>\n<h2>A despedida inesperada<\/h2>\n<p>A not\u00edcia da morte de Preta Gil abalou o cen\u00e1rio art\u00edstico brasileiro e deixou uma legi\u00e3o de f\u00e3s em luto. Artistas como Ivete Sangalo, Ludmilla, Caetano Veloso, Anitta e, claro, <strong>Carolina Dieckmann<\/strong>, prestaram homenagens tocantes \u00e0 cantora. Em sua \u00faltima publica\u00e7\u00e3o, Carolina descreveu a despedida como \u201cdura, mas cheia de amor\u201d e deixou um conselho: \u201cN\u00e3o espere o tempo certo para amar. Ame agora.\u201d<\/p>\n<p>A fam\u00edlia da cantora prepara um comunicado oficial e uma cerim\u00f4nia de despedida que deve ocorrer no Brasil nos pr\u00f3ximos dias. Gilberto Gil, pai da artista, ainda n\u00e3o se manifestou publicamente, mas fontes indicam que o cantor ficou profundamente abalado com a perda da filha e precisou de assist\u00eancia m\u00e9dica.<\/p>\n<hr \/>\n<p><strong>Preta Gil deixa um legado de coragem, alegria e autenticidade. E, mesmo em seus \u00faltimos dias, seguiu inspirando aqueles ao seu redor com for\u00e7a e amor.<\/strong><\/p>\n<hr \/>\n<p><strong>Tags:<\/strong> Preta Gil, Carolina Dieckmann, morte, c\u00e2ncer colorretal, despedida, celebridades, Gilberto Gil, luto, amizade verdadeira.<\/p>\n<p><strong>Carolina Dieckmann relata \u00faltimas horas ao lado de Preta Gil e deixa mensagem comovente aos f\u00e3s<\/strong><\/p>\n<p>A atriz Carolina Dieckmann emocionou o pa\u00eds nesta segunda-feira (21) ao compartilhar detalhes \u00edntimos das \u00faltimas horas que passou ao lado de sua amiga de longa data, a cantora Preta Gil, que faleceu no domingo (20), aos 50 anos, em decorr\u00eancia de complica\u00e7\u00f5es de um c\u00e2ncer. A artista, que interpreta Leila no remake da novela <em>Vale Tudo<\/em>, usou suas redes sociais para prestar uma homenagem repleta de amor, saudade e reflex\u00e3o.<\/p>\n<p>Em um texto comovente publicado no Instagram, Carolina descreveu os momentos finais de Preta nos Estados Unidos, onde estava internada para tratamento. A atriz, que voou at\u00e9 o pa\u00eds para dar suporte \u00e0 amiga, contou que os dois \u00faltimos dias foram de muita conex\u00e3o espiritual, carinho e despedida. \u201cEla n\u00e3o soltou minha m\u00e3o. E eu n\u00e3o soltei a dela. Foi um sil\u00eancio que disse tudo\u201d, escreveu Carolina.<\/p>\n<h2>Um la\u00e7o de irmandade<\/h2>\n<p>A amizade entre Carolina Dieckmann e Preta Gil era p\u00fablica e muito querida pelos f\u00e3s. Sempre presentes nos anivers\u00e1rios, projetos e momentos mais delicados da vida uma da outra, as duas mantinham uma rela\u00e7\u00e3o de irmandade. Carolina lembrou com carinho das in\u00fameras risadas, confid\u00eancias e da \u201cfor\u00e7a sem tamanho\u201d que Preta demonstrava, mesmo nos momentos mais dif\u00edceis do tratamento.<\/p>\n<p>Segundo a atriz, mesmo debilitada, Preta Gil manteve a f\u00e9, a gratid\u00e3o e a ternura at\u00e9 o fim. \u201cEla nos ensinou a amar, a n\u00e3o desistir, a celebrar. At\u00e9 a sua despedida foi cheia de amor e dignidade\u201d, escreveu.<\/p>\n<h2>Um conselho que ecoa<\/h2>\n<p>Ao final de sua publica\u00e7\u00e3o, Carolina deixou um conselho que tocou profundamente os seguidores:<br \/>\n<strong>\u201cAmem hoje. Perdoem hoje. Digam que amam. Digam que sentem saudade. Porque o tempo \u00e9 uma d\u00e1diva, n\u00e3o uma garantia.\u201d<\/strong><\/p>\n<p>A mensagem viralizou nas redes sociais e foi amplamente compartilhada por f\u00e3s e colegas de profiss\u00e3o. Internautas descreveram o relato como um \u201cabra\u00e7o na alma\u201d e uma \u201cli\u00e7\u00e3o de humanidade\u201d.<\/p>\n<h2>Despedida e homenagens<\/h2>\n<p>O corpo de Preta Gil deve ser trasladado ao Brasil, onde familiares e amigos organizam um vel\u00f3rio restrito \u00e0 fam\u00edlia e uma cerim\u00f4nia aberta aos f\u00e3s, como forma de agradecer o carinho que a cantora recebeu durante toda sua carreira.<\/p>\n<p>Gilberto Gil, pai da cantora, permanece recolhido e profundamente abalado com a perda da filha. Fontes pr\u00f3ximas \u00e0 fam\u00edlia informaram que o cantor precisou de cuidados m\u00e9dicos ao ser informado da not\u00edcia.<\/p>\n<p>Enquanto o pa\u00eds se despede de Preta, as palavras de Carolina Dieckmann ajudam a transformar a dor em homenagem e reflex\u00e3o. Preta Gil foi, e sempre ser\u00e1, s\u00edmbolo de alegria, coragem, representatividade e amor \u2013 e sua mem\u00f3ria continuar\u00e1 viva atrav\u00e9s das pessoas que ela tocou com sua luz.<\/p>\n<hr \/>\n<p><strong>Tags:<\/strong> Preta Gil, Carolina Dieckmann, morte, despedida, c\u00e2ncer, Gilberto Gil, celebridades, homenagem, amizade verdadeira, luto.<\/p>\n<p><strong>Luto na m\u00fasica brasileira: morre Preta Gil aos 50 anos, v\u00edtima de c\u00e2ncer<\/strong><\/p>\n<p>Neste domingo, 20 de julho de 2025, o Brasil amanheceu de luto com a triste not\u00edcia do falecimento da cantora Preta Gil, aos 50 anos. A artista lutava contra um c\u00e2ncer desde o ano passado e n\u00e3o resistiu \u00e0s complica\u00e7\u00f5es da doen\u00e7a. Ela estava em tratamento nos Estados Unidos e, segundo a colunista F\u00e1bia Oliveira, teve uma piora significativa em seu estado de sa\u00fade ap\u00f3s uma sess\u00e3o de quimioterapia na \u00faltima quarta-feira (16).<\/p>\n<p>Filha do \u00edcone da m\u00fasica brasileira Gilberto Gil, Preta enfrentou a doen\u00e7a com coragem e transpar\u00eancia, compartilhando com seus seguidores as etapas de seu tratamento. Infelizmente, nas \u00faltimas semanas, seu quadro se agravou de forma r\u00e1pida. A not\u00edcia de sua morte abalou familiares, amigos e f\u00e3s, causando como\u00e7\u00e3o nas redes sociais. De acordo com fontes pr\u00f3ximas, o cantor Gilberto Gil teria passado mal ao ser informado da perda da filha.<\/p>\n<h2>Uma trajet\u00f3ria marcada pela arte e pela representatividade<\/h2>\n<p>Preta Gil nasceu em 8 de agosto de 1974, no Rio de Janeiro, e se destacou por sua autenticidade e pelo carisma que conquistou o p\u00fablico desde seus primeiros passos na m\u00fasica. Com uma carreira consolidada, lan\u00e7ou \u00e1lbuns, participou de projetos televisivos e se tornou uma das principais vozes contra o preconceito, defendendo com firmeza causas sociais, especialmente as ligadas \u00e0 diversidade e \u00e0 inclus\u00e3o.<\/p>\n<p>Sua presen\u00e7a sempre foi sin\u00f4nimo de alegria, irrever\u00eancia e resist\u00eancia. Preta tamb\u00e9m atuou como empres\u00e1ria, influenciadora digital e apresentadora, tendo marcado seu espa\u00e7o como uma figura relevante e inspiradora no cen\u00e1rio art\u00edstico brasileiro.<\/p>\n<h2>Fam\u00edlia deve divulgar comunicado oficial<\/h2>\n<p>At\u00e9 o momento, a fam\u00edlia ainda n\u00e3o se pronunciou oficialmente, mas, segundo a colunista F\u00e1bia Oliveira, j\u00e1 est\u00e1 preparando um comunicado p\u00fablico para confirmar a informa\u00e7\u00e3o e detalhar os pr\u00f3ximos passos do vel\u00f3rio e sepultamento. Amigos pr\u00f3ximos, como Carolina Dieckmann, Ivete Sangalo e Gominho, estariam ao lado da fam\u00edlia oferecendo apoio neste momento de profunda dor.<\/p>\n<p>O impacto da morte de Preta Gil \u00e9 sentido por milhares de f\u00e3s em todo o Brasil. Nas redes sociais, a hashtag <strong>#LutoPretaGil<\/strong> j\u00e1 figura entre os assuntos mais comentados. Muitas mensagens lamentam a perda precoce e exaltam o legado art\u00edstico e humano deixado por ela.<\/p>\n<h2>Homenagens de f\u00e3s e artistas<\/h2>\n<p>Diversos artistas e personalidades est\u00e3o prestando homenagens \u00e0 cantora, destacando sua import\u00e2ncia como mulher, artista e ativista. A cantora Anitta publicou em seu perfil que Preta \u201cfoi uma luz incans\u00e1vel em tempos de escurid\u00e3o\u201d. J\u00e1 Caetano Veloso ressaltou a \u201cfor\u00e7a e do\u00e7ura\u201d que a amiga levava consigo.<\/p>\n<p>A morte de Preta Gil deixa uma lacuna irrepar\u00e1vel na m\u00fasica brasileira e refor\u00e7a a import\u00e2ncia do diagn\u00f3stico precoce e do acompanhamento m\u00e9dico constante. Sua trajet\u00f3ria \u00e9 exemplo de luta, resist\u00eancia e amor \u00e0 vida.<\/p>\n<p>Mesmo diante da dor, a mem\u00f3ria de Preta seguir\u00e1 viva atrav\u00e9s de sua arte, de sua voz e de seu exemplo. Que sua fam\u00edlia e f\u00e3s encontrem conforto neste momento t\u00e3o dif\u00edcil.<\/p>\n<hr \/>\n<p><strong>Tags:<\/strong> Preta Gil, c\u00e2ncer, morte, celebridades, sa\u00fade, Gilberto Gil, m\u00fasica brasileira, luto nacional<\/p>\n<p><strong>&#8220;Preta Gil luta pela vida nos EUA: Cantora revela medo da morte e emociona o Brasil com desabafo comovente&#8221;<\/strong><\/p>\n<p><em>Nova York\/Washington \u2013 31 de maio de 2025<\/em><\/p>\n<p>Um v\u00eddeo gravado nos corredores de um hospital norte-americano caiu como uma bomba nas redes sociais e fez o Brasil parar. Nele, visivelmente emocionada e fragilizada, a cantora <strong>Preta Gil<\/strong>, de 50 anos, compartilha com os f\u00e3s o momento mais dif\u00edcil de sua vida. Enfrentando um c\u00e2ncer colorretal agressivo, a artista revela: <strong>&#8220;Estou morrendo de medo. Mas tamb\u00e9m estou cheia de amor. Quero viver.&#8221;<\/strong><\/p>\n<p>A cena, registrada minutos antes de um exame decisivo no <strong>Memorial Sloan Kettering Cancer Center<\/strong>, em Nova York, viralizou e comoveu at\u00e9 quem nunca foi f\u00e3 da cantora. Vestida com um avental hospitalar, com olhos marejados e voz tr\u00eamula, Preta segurava firme um ter\u00e7o enquanto pedia ora\u00e7\u00f5es.<\/p>\n<p>\u201c<strong>\u00c9 agora ou nunca. Se esse tratamento n\u00e3o funcionar, eu n\u00e3o sei o que pode acontecer comigo&#8230;<\/strong>\u201d, disse em l\u00e1grimas.<\/p>\n<h2><strong>Tratamento de ponta e risco extremo<\/strong><\/h2>\n<p>Preta est\u00e1 entre os poucos pacientes do mundo a integrar um programa experimental de imunoterapia personalizada nos Estados Unidos, dividido entre o Sloan Kettering e o Virginia Cancer Institute. Fontes pr\u00f3ximas revelam que o quadro \u00e9 <strong>\u201cextremamente delicado\u201d<\/strong>, e que ela tem sido submetida a <strong>procedimentos intensivos<\/strong>, com efeitos colaterais devastadores.<\/p>\n<p>\u201cEla tem febres altas, calafrios, v\u00f4mitos, e ainda assim, sorri para a equipe. \u00c9 uma guerreira. Mas est\u00e1 muito abalada. O medo da morte ronda, \u00e9 inevit\u00e1vel\u201d, confidenciou um amigo da fam\u00edlia que a acompanha nos EUA.<\/p>\n<h2><strong>Famosos se mobilizam: Gilberto Gil chora em p\u00fablico<\/strong><\/h2>\n<p>Durante um show recente, <strong>Gilberto Gil<\/strong>, pai da cantora, n\u00e3o conteve a emo\u00e7\u00e3o ao dedicar uma m\u00fasica \u00e0 filha. Visivelmente abalado, ele interrompeu a apresenta\u00e7\u00e3o por quase dois minutos. \u201c<strong>Ela \u00e9 meu sol. Meu tudo. Lutem com ela, por favor!<\/strong>\u201d, disse ao p\u00fablico que respondeu com gritos de apoio e l\u00e1grimas.<\/p>\n<h2><strong>O Brasil para: onda de ora\u00e7\u00f5es e mensagens invade redes<\/strong><\/h2>\n<p>Desde a divulga\u00e7\u00e3o do v\u00eddeo, celebridades, pol\u00edticos, influenciadores e an\u00f4nimos inundaram as redes sociais com mensagens de apoio. A hashtag <strong>#For\u00e7aPretaGil<\/strong> ficou entre os assuntos mais comentados do planeta por horas.<\/p>\n<p>\u201cVoc\u00ea vai vencer, preta. A gente precisa de voc\u00ea viva e bem!\u201d, escreveu <strong>Ivete Sangalo<\/strong>. J\u00e1 <strong>Anitta<\/strong> declarou: \u201cA mulher mais forte que conhe\u00e7o. Aguenta firme, mana.\u201d<\/p>\n<h2><strong>Rituais e f\u00e9: Bela Gil e amigos recorrem \u00e0 espiritualidade<\/strong><\/h2>\n<p>Bela Gil, irm\u00e3 da cantora, tem organizado encontros de ora\u00e7\u00e3o e cerim\u00f4nias espirituais para pedir pela recupera\u00e7\u00e3o de Preta. Em um desses rituais, feito no Central Park, dezenas de pessoas formaram um c\u00edrculo e cantaram m\u00fasicas de paz enquanto seguravam velas.<\/p>\n<p>\u201c<strong>\u00c9 o momento mais dif\u00edcil da nossa fam\u00edlia. Mas tamb\u00e9m o mais bonito, porque a uni\u00e3o \u00e9 total. E a esperan\u00e7a, apesar do medo, ainda pulsa.<\/strong>\u201d, disse Bela, emocionada.<\/p>\n<h2><strong>Pr\u00f3ximos dias s\u00e3o cruciais<\/strong><\/h2>\n<p>Segundo m\u00e9dicos do Sloan Kettering, os pr\u00f3ximos sete dias definir\u00e3o se o tratamento ser\u00e1 mantido ou se ser\u00e1 necess\u00e1rio partir para outra alternativa ainda mais arriscada, que envolve cirurgia de alto risco e uso de drogas ainda em fase experimental.<\/p>\n<p>Enquanto isso, o pa\u00eds inteiro segura a respira\u00e7\u00e3o e se une em uma corrente de f\u00e9. Em tempos de tanta polariza\u00e7\u00e3o e dor, <strong>Preta Gil parece ter feito o imposs\u00edvel: unir um Brasil inteiro em torno de um s\u00f3 pedido \u2013 que ela viva.<\/strong><\/p>\n<hr \/>\n<p><strong>Tags<\/strong>: Preta Gil, C\u00e2ncer, Memorial Sloan Kettering, Nova York, Virginia Cancer Institute, Imunoterapia, Celebridades, Gilberto Gil, Famosos, Sa\u00fade, Tratamento Experimental, Brasil, F\u00e9.<\/p>\n<h3><strong>Francisco Gil acompanha Preta Gil em fase delicada de tratamento nos Estados Unidos<\/strong><\/h3>\n<p>O cantor Francisco Gil embarcou rumo aos Estados Unidos nesta quinta-feira (29) para prestar apoio \u00e0 m\u00e3e, a cantora Preta Gil, que enfrenta uma nova etapa em sua luta contra o c\u00e2ncer colorretal. A informa\u00e7\u00e3o foi compartilhada pelo pr\u00f3prio artista em suas redes sociais, onde publicou uma imagem no Central Park, em Nova Iorque.<\/p>\n<p>Preta Gil se encontra em territ\u00f3rio norte-americano desde o dia 12 de maio, ap\u00f3s ser aceita em um tratamento experimental oferecido por centros especializados em oncologia. O protocolo alternativo foi recomendado por especialistas depois que todas as op\u00e7\u00f5es convencionais dispon\u00edveis no Brasil foram esgotadas.<\/p>\n<p>Diagnosticada em 2023, Preta passou por intensas sess\u00f5es de quimioterapia, radioterapia e imunoterapia, chegando a alcan\u00e7ar a remiss\u00e3o da doen\u00e7a no final do mesmo ano. Contudo, em agosto de 2024, exames indicaram a volta do c\u00e2ncer, j\u00e1 em est\u00e1gio avan\u00e7ado e com met\u00e1stase.<\/p>\n<p>Diante do quadro, a cantora decidiu buscar alternativas fora do pa\u00eds, com foco em tratamentos inovadores oferecidos por institui\u00e7\u00f5es de renome como o Memorial Sloan Kettering Cancer Center, em Nova Iorque, e o Virginia Cancer Institute, em Washington. Apesar de experimental, o novo protocolo representa uma esperan\u00e7a concreta, com possibilidade de resultados positivos mesmo em casos de reincid\u00eancia e progress\u00e3o da doen\u00e7a.<\/p>\n<p>Francisco, filho de Preta com o ator Ot\u00e1vio M\u00fcller, n\u00e3o informou por quanto tempo permanecer\u00e1 nos EUA. Sua presen\u00e7a, no entanto, refor\u00e7a o apoio familiar fundamental nesse momento de vulnerabilidade. Nas redes sociais, f\u00e3s da artista demonstraram solidariedade, enviando mensagens de carinho, for\u00e7a e ora\u00e7\u00f5es pela recupera\u00e7\u00e3o de Preta.<\/p>\n<p>A expectativa \u00e9 que o tratamento comece oficialmente nos pr\u00f3ximos dias, \u00e0 medida que os \u00faltimos exames e avalia\u00e7\u00f5es cl\u00ednicas forem conclu\u00eddos.<\/p>\n<hr \/>\n<p><strong>Tags:<\/strong> #FranciscoGil #PretaGil #TratamentoExperimental #C\u00e2ncerColorretal #Famosos #Not\u00edciasDeCelebridades #Esperan\u00e7a #For\u00e7aFeminina #EstadosUnidos #Sa\u00fade<\/p>\n<p>Se quiser, posso adaptar esse texto para SEO ou incluir links internos\/externos conforme o conte\u00fado do seu site. Deseja isso?<\/p>\n<p><strong>M\u00e9dicos dos EUA j\u00e1 t\u00eam resposta sobre tratamento para muta\u00e7\u00e3o do c\u00e2ncer de Preta Gil<\/strong><\/p>\n<p>A cantora Preta Gil continua nos Estados Unidos em busca de um tratamento eficaz para a muta\u00e7\u00e3o do c\u00e2ncer colorretal que enfrenta desde janeiro de 2023. A artista, que j\u00e1 passou por quimioterapia, radioterapia e cirurgia no Brasil, agora est\u00e1 sendo avaliada por especialistas norte-americanos que buscam uma abordagem personalizada para o seu caso.<\/p>\n<p>Segundo informa\u00e7\u00f5es da colunista F\u00e1bia Oliveira, os m\u00e9dicos respons\u00e1veis pelo acompanhamento de Preta Gil j\u00e1 identificaram uma poss\u00edvel linha de tratamento focada diretamente na muta\u00e7\u00e3o encontrada durante os exames. No entanto, para que essa nova terapia seja aplicada, a cantora ainda precisa realizar uma nova bateria de exames complementares nas pr\u00f3ximas semanas.<\/p>\n<p>A expectativa \u00e9 que esses testes forne\u00e7am dados mais precisos para definir a efic\u00e1cia e seguran\u00e7a da terapia gen\u00e9tica proposta, que pode representar um avan\u00e7o significativo em seu processo de cura. Um dos momentos mais importantes dessa etapa foi a consulta realizada na \u00faltima quarta-feira (14), em Washington, que pode determinar sua inclus\u00e3o em um novo protocolo terap\u00eautico norte-americano.<\/p>\n<h2><strong>Preta Gil conta com apoio emocional de amigos e familiares<\/strong><\/h2>\n<p>Durante esse per\u00edodo delicado, Preta Gil tem recebido o apoio de pessoas pr\u00f3ximas. A cantora Ivete Sangalo, por exemplo, viajou at\u00e9 os Estados Unidos para visitar a amiga e compartilhou registros do reencontro em suas redes sociais. Malu Barbosa e Roberta Saretta tamb\u00e9m acompanham Preta durante sua perman\u00eancia no exterior, oferecendo suporte emocional em meio aos desafios do tratamento.<\/p>\n<p><strong>Hist\u00f3rico do c\u00e2ncer de Preta Gil<\/strong><\/p>\n<p>Ap\u00f3s o diagn\u00f3stico em 2023, a cantora foi submetida a sess\u00f5es intensivas de quimioterapia e radioterapia. Em agosto de 2024, realizou uma cirurgia para retirada dos tumores. No entanto, exames de acompanhamento identificaram met\u00e1stases em outras quatro regi\u00f5es do corpo, exigindo o rein\u00edcio do tratamento com novas estrat\u00e9gias.<\/p>\n<p>A luta de Preta Gil contra o c\u00e2ncer vem sendo acompanhada de perto pelo p\u00fablico e pela imprensa. A artista, que sempre foi transparente sobre seu estado de sa\u00fade, tem utilizado suas redes sociais para conscientizar seus seguidores sobre a import\u00e2ncia do diagn\u00f3stico precoce e do autocuidado.<\/p>\n<p><strong>Palavras-chave para SEO<\/strong>: Preta Gil, c\u00e2ncer colorretal, tratamento nos EUA, muta\u00e7\u00e3o gen\u00e9tica, quimioterapia, sa\u00fade da Preta Gil, Ivete Sangalo, met\u00e1stase, cirurgia oncol\u00f3gica, Washington, celebridades com c\u00e2ncer.<\/p>\n<p><strong>Tags<\/strong>: #PretaGil #C\u00e2ncer #Sa\u00fade #Tratamento #EUA #Celebridades #Muta\u00e7\u00e3oGen\u00e9tica #Quimioterapia #Esperan\u00e7a<\/p>\n<p>Caso deseje, posso adaptar o conte\u00fado para uso em sites como <strong>TV Prime<\/strong>, <strong>TV Foco<\/strong> ou blogs de sa\u00fade e celebridades. Deseja incluir links internos, banner publicit\u00e1rio ou CTA?<\/p>\n","protected":false},"excerpt":{"rendered":"<p>Despedida comovente: Filho de Preta Gil emociona ao chegar ao vel\u00f3rio da m\u00e3e no Theatro Municipal Na manh\u00e3 desta sexta-feira, 25 de julho de 2025, o Theatro Municipal do Rio de Janeiro foi palco de uma das cerim\u00f4nias mais emocionantes do ano: o vel\u00f3rio da cantora Preta Gil. A artista, que deixou um legado marcante &hellip;<\/p>\n","protected":false},"author":1,"featured_media":441942,"comment_status":"open","ping_status":"open","sticky":false,"template":"","format":"standard","meta":{"_jetpack_memberships_contains_paid_content":false,"footnotes":""},"categories":[2517,2,12225,3937],"tags":[12917,12964,12961,13527,12958,12916,12918,12965,12911,12957,12919,12913,13589,12915,12912,12962,12960,12959,12963,12914,12910],"class_list":["post-446782","post","type-post","status-publish","format-standard","has-post-thumbnail","hentry","category-a-fazenda","category-entretenimento","category-noticias","category-resumo-de-novelas","tag-alexandre-nero","tag-capitulo-de-hoje","tag-casamento","tag-conclave-2025","tag-fatima-e-afonso","tag-joao-vicente-de-castro","tag-leila","tag-manipulacao","tag-marco-aurelio","tag-novela","tag-novela-2025","tag-novela-das-nove","tag-papa-leao-xiv","tag-remake-vale-tudo","tag-renato","tag-reviravolta","tag-separacao","tag-solange","tag-trama","tag-tv-globo","tag-vale-tudo"],"yoast_head":"<!-- This site is optimized with the Yoast SEO plugin v27.5 - https:\/\/yoast.com\/product\/yoast-seo-wordpress\/ -->\n<title>Filho de Preta Gil emociona ao chegar ao vel\u00f3rio da m\u00e3e no Theatro Municipal<\/title>\n<meta name=\"robots\" content=\"index, follow, max-snippet:-1, max-image-preview:large, max-video-preview:-1\" \/>\n<link rel=\"canonical\" href=\"https:\/\/mrnews.com.br\/index.php\/2025\/07\/25\/filho-de-preta-gil-emociona-ao-chegar-ao-velorio-da-mae-no-theatro-municipal\/\" \/>\n<meta property=\"og:locale\" content=\"pt_BR\" \/>\n<meta property=\"og:type\" content=\"article\" \/>\n<meta property=\"og:title\" content=\"Filho de Preta Gil emociona ao chegar ao vel\u00f3rio da m\u00e3e no Theatro Municipal\" \/>\n<meta property=\"og:description\" content=\"Despedida comovente: Filho de Preta Gil emociona ao chegar ao vel\u00f3rio da m\u00e3e no Theatro Municipal Na manh\u00e3 desta sexta-feira, 25 de julho de 2025, o Theatro Municipal do Rio de Janeiro foi palco de uma das cerim\u00f4nias mais emocionantes do ano: o vel\u00f3rio da cantora Preta Gil. A artista, que deixou um legado marcante &hellip;\" \/>\n<meta property=\"og:url\" content=\"https:\/\/mrnews.com.br\/index.php\/2025\/07\/25\/filho-de-preta-gil-emociona-ao-chegar-ao-velorio-da-mae-no-theatro-municipal\/\" \/>\n<meta property=\"og:site_name\" content=\"MRNews\" \/>\n<meta property=\"article:publisher\" content=\"https:\/\/www.facebook.com\/eaipahpah\/?locale2=pt_BR\" \/>\n<meta property=\"article:published_time\" content=\"2025-07-25T15:05:50+00:00\" \/>\n<meta property=\"og:image\" content=\"https:\/\/mrnews.com.br\/wp-content\/uploads\/2025\/04\/1745785511085.jpg\" \/>\n\t<meta property=\"og:image:width\" content=\"719\" \/>\n\t<meta property=\"og:image:height\" content=\"960\" \/>\n\t<meta property=\"og:image:type\" content=\"image\/jpeg\" \/>\n<meta name=\"author\" content=\"MR News\" \/>\n<meta name=\"twitter:card\" content=\"summary_large_image\" \/>\n<meta name=\"twitter:creator\" content=\"@conspirou\" \/>\n<meta name=\"twitter:site\" content=\"@conspirou\" \/>\n<meta name=\"twitter:label1\" content=\"Escrito por\" \/>\n\t<meta name=\"twitter:data1\" content=\"MR News\" \/>\n\t<meta name=\"twitter:label2\" content=\"Est. tempo de leitura\" \/>\n\t<meta name=\"twitter:data2\" content=\"27 minutos\" \/>\n<script type=\"application\/ld+json\" class=\"yoast-schema-graph\">{\"@context\":\"https:\\\/\\\/schema.org\",\"@graph\":[{\"@type\":\"Article\",\"@id\":\"https:\\\/\\\/mrnews.com.br\\\/index.php\\\/2025\\\/07\\\/25\\\/filho-de-preta-gil-emociona-ao-chegar-ao-velorio-da-mae-no-theatro-municipal\\\/#article\",\"isPartOf\":{\"@id\":\"https:\\\/\\\/mrnews.com.br\\\/index.php\\\/2025\\\/07\\\/25\\\/filho-de-preta-gil-emociona-ao-chegar-ao-velorio-da-mae-no-theatro-municipal\\\/\"},\"author\":{\"name\":\"MR News\",\"@id\":\"https:\\\/\\\/mrnews.com.br\\\/#\\\/schema\\\/person\\\/be3203154562a9f207407861cef7827b\"},\"headline\":\"Filho de Preta Gil emociona ao chegar ao vel\u00f3rio da m\u00e3e no Theatro Municipal\",\"datePublished\":\"2025-07-25T15:05:50+00:00\",\"mainEntityOfPage\":{\"@id\":\"https:\\\/\\\/mrnews.com.br\\\/index.php\\\/2025\\\/07\\\/25\\\/filho-de-preta-gil-emociona-ao-chegar-ao-velorio-da-mae-no-theatro-municipal\\\/\"},\"wordCount\":5421,\"commentCount\":0,\"publisher\":{\"@id\":\"https:\\\/\\\/mrnews.com.br\\\/#organization\"},\"image\":{\"@id\":\"https:\\\/\\\/mrnews.com.br\\\/index.php\\\/2025\\\/07\\\/25\\\/filho-de-preta-gil-emociona-ao-chegar-ao-velorio-da-mae-no-theatro-municipal\\\/#primaryimage\"},\"thumbnailUrl\":\"https:\\\/\\\/mrnews.com.br\\\/wp-content\\\/uploads\\\/2025\\\/04\\\/1745785511085.jpg\",\"keywords\":[\"Alexandre Nero\",\"cap\u00edtulo de hoje\",\"casamento\",\"Conclave 2025\",\"F\u00e1tima e Afonso\",\"Jo\u00e3o Vicente de Castro\",\"Leila\",\"manipula\u00e7\u00e3o\",\"Marco Aur\u00e9lio\",\"novela\",\"novela 2025\",\"novela das nove\",\"Papa Le\u00e3o XIV\",\"remake Vale Tudo\",\"Renato\",\"reviravolta\",\"separa\u00e7\u00e3o\",\"Solange\",\"trama\",\"TV Globo\",\"Vale Tudo\"],\"articleSection\":[\"A Fazenda\",\"ENTRETENIMENTO\",\"NOTICIAS\",\"Resumo de novelas\"],\"inLanguage\":\"pt-BR\",\"potentialAction\":[{\"@type\":\"CommentAction\",\"name\":\"Comment\",\"target\":[\"https:\\\/\\\/mrnews.com.br\\\/index.php\\\/2025\\\/07\\\/25\\\/filho-de-preta-gil-emociona-ao-chegar-ao-velorio-da-mae-no-theatro-municipal\\\/#respond\"]}]},{\"@type\":\"WebPage\",\"@id\":\"https:\\\/\\\/mrnews.com.br\\\/index.php\\\/2025\\\/07\\\/25\\\/filho-de-preta-gil-emociona-ao-chegar-ao-velorio-da-mae-no-theatro-municipal\\\/\",\"url\":\"https:\\\/\\\/mrnews.com.br\\\/index.php\\\/2025\\\/07\\\/25\\\/filho-de-preta-gil-emociona-ao-chegar-ao-velorio-da-mae-no-theatro-municipal\\\/\",\"name\":\"Filho de Preta Gil emociona ao chegar ao vel\u00f3rio da m\u00e3e no Theatro Municipal\",\"isPartOf\":{\"@id\":\"https:\\\/\\\/mrnews.com.br\\\/#website\"},\"primaryImageOfPage\":{\"@id\":\"https:\\\/\\\/mrnews.com.br\\\/index.php\\\/2025\\\/07\\\/25\\\/filho-de-preta-gil-emociona-ao-chegar-ao-velorio-da-mae-no-theatro-municipal\\\/#primaryimage\"},\"image\":{\"@id\":\"https:\\\/\\\/mrnews.com.br\\\/index.php\\\/2025\\\/07\\\/25\\\/filho-de-preta-gil-emociona-ao-chegar-ao-velorio-da-mae-no-theatro-municipal\\\/#primaryimage\"},\"thumbnailUrl\":\"https:\\\/\\\/mrnews.com.br\\\/wp-content\\\/uploads\\\/2025\\\/04\\\/1745785511085.jpg\",\"datePublished\":\"2025-07-25T15:05:50+00:00\",\"breadcrumb\":{\"@id\":\"https:\\\/\\\/mrnews.com.br\\\/index.php\\\/2025\\\/07\\\/25\\\/filho-de-preta-gil-emociona-ao-chegar-ao-velorio-da-mae-no-theatro-municipal\\\/#breadcrumb\"},\"inLanguage\":\"pt-BR\",\"potentialAction\":[{\"@type\":\"ReadAction\",\"target\":[\"https:\\\/\\\/mrnews.com.br\\\/index.php\\\/2025\\\/07\\\/25\\\/filho-de-preta-gil-emociona-ao-chegar-ao-velorio-da-mae-no-theatro-municipal\\\/\"]}]},{\"@type\":\"ImageObject\",\"inLanguage\":\"pt-BR\",\"@id\":\"https:\\\/\\\/mrnews.com.br\\\/index.php\\\/2025\\\/07\\\/25\\\/filho-de-preta-gil-emociona-ao-chegar-ao-velorio-da-mae-no-theatro-municipal\\\/#primaryimage\",\"url\":\"https:\\\/\\\/mrnews.com.br\\\/wp-content\\\/uploads\\\/2025\\\/04\\\/1745785511085.jpg\",\"contentUrl\":\"https:\\\/\\\/mrnews.com.br\\\/wp-content\\\/uploads\\\/2025\\\/04\\\/1745785511085.jpg\",\"width\":719,\"height\":960},{\"@type\":\"BreadcrumbList\",\"@id\":\"https:\\\/\\\/mrnews.com.br\\\/index.php\\\/2025\\\/07\\\/25\\\/filho-de-preta-gil-emociona-ao-chegar-ao-velorio-da-mae-no-theatro-municipal\\\/#breadcrumb\",\"itemListElement\":[{\"@type\":\"ListItem\",\"position\":1,\"name\":\"In\u00edcio\",\"item\":\"https:\\\/\\\/mrnews.com.br\\\/\"},{\"@type\":\"ListItem\",\"position\":2,\"name\":\"Filho de Preta Gil emociona ao chegar ao vel\u00f3rio da m\u00e3e no Theatro Municipal\"}]},{\"@type\":\"WebSite\",\"@id\":\"https:\\\/\\\/mrnews.com.br\\\/#website\",\"url\":\"https:\\\/\\\/mrnews.com.br\\\/\",\"name\":\"MRNews\",\"description\":\"MRNews Jogos de hoje da TV, transmiss\u00f5es ao vivo, Not\u00edcias de futebol, Jogos ao vivo, Lives, resumo de novelas, Programa\u00e7\u00e3o da Globo, A Fazenda e BBB\",\"publisher\":{\"@id\":\"https:\\\/\\\/mrnews.com.br\\\/#organization\"},\"potentialAction\":[{\"@type\":\"SearchAction\",\"target\":{\"@type\":\"EntryPoint\",\"urlTemplate\":\"https:\\\/\\\/mrnews.com.br\\\/?s={search_term_string}\"},\"query-input\":{\"@type\":\"PropertyValueSpecification\",\"valueRequired\":true,\"valueName\":\"search_term_string\"}}],\"inLanguage\":\"pt-BR\"},{\"@type\":\"Organization\",\"@id\":\"https:\\\/\\\/mrnews.com.br\\\/#organization\",\"name\":\"MRNews\",\"url\":\"https:\\\/\\\/mrnews.com.br\\\/\",\"logo\":{\"@type\":\"ImageObject\",\"inLanguage\":\"pt-BR\",\"@id\":\"https:\\\/\\\/mrnews.com.br\\\/#\\\/schema\\\/logo\\\/image\\\/\",\"url\":\"https:\\\/\\\/mrnews.com.br\\\/wp-content\\\/uploads\\\/2019\\\/06\\\/MRNewslogo2.png\",\"contentUrl\":\"https:\\\/\\\/mrnews.com.br\\\/wp-content\\\/uploads\\\/2019\\\/06\\\/MRNewslogo2.png\",\"width\":223,\"height\":58,\"caption\":\"MRNews\"},\"image\":{\"@id\":\"https:\\\/\\\/mrnews.com.br\\\/#\\\/schema\\\/logo\\\/image\\\/\"},\"sameAs\":[\"https:\\\/\\\/www.facebook.com\\\/eaipahpah\\\/?locale2=pt_BR\",\"https:\\\/\\\/x.com\\\/conspirou\",\"https:\\\/\\\/www.instagram.com\\\/eai_pahpah\",\"https:\\\/\\\/br.pinterest.com\\\/mrnewsn\\\/boards\\\/\",\"https:\\\/\\\/www.youtube.com\\\/channel\\\/UCacgnpznQ61fifLWr1tQ-vA?view_as=subscriber\"]},{\"@type\":\"Person\",\"@id\":\"https:\\\/\\\/mrnews.com.br\\\/#\\\/schema\\\/person\\\/be3203154562a9f207407861cef7827b\",\"name\":\"MR News\",\"image\":{\"@type\":\"ImageObject\",\"inLanguage\":\"pt-BR\",\"@id\":\"https:\\\/\\\/secure.gravatar.com\\\/avatar\\\/04084e6d73c042b8646e7c17b494073bf0ede3ea13c7105cfc45cbbbc28385a4?s=96&d=monsterid&r=g\",\"url\":\"https:\\\/\\\/secure.gravatar.com\\\/avatar\\\/04084e6d73c042b8646e7c17b494073bf0ede3ea13c7105cfc45cbbbc28385a4?s=96&d=monsterid&r=g\",\"contentUrl\":\"https:\\\/\\\/secure.gravatar.com\\\/avatar\\\/04084e6d73c042b8646e7c17b494073bf0ede3ea13c7105cfc45cbbbc28385a4?s=96&d=monsterid&r=g\",\"caption\":\"MR News\"},\"description\":\"Especializado em jornalismo colaborativo pela FTP em n\u00edvel de p\u00f3s-gradua\u00e7\u00e3o. suporte@oimeliga.combr\",\"sameAs\":[\"HUGO R.\",\"Admin\"],\"url\":\"https:\\\/\\\/mrnews.com.br\\\/index.php\\\/author\\\/admin\\\/\"}]}<\/script>\n<!-- \/ Yoast SEO plugin. -->","yoast_head_json":{"title":"Filho de Preta Gil emociona ao chegar ao vel\u00f3rio da m\u00e3e no Theatro Municipal","robots":{"index":"index","follow":"follow","max-snippet":"max-snippet:-1","max-image-preview":"max-image-preview:large","max-video-preview":"max-video-preview:-1"},"canonical":"https:\/\/mrnews.com.br\/index.php\/2025\/07\/25\/filho-de-preta-gil-emociona-ao-chegar-ao-velorio-da-mae-no-theatro-municipal\/","og_locale":"pt_BR","og_type":"article","og_title":"Filho de Preta Gil emociona ao chegar ao vel\u00f3rio da m\u00e3e no Theatro Municipal","og_description":"Despedida comovente: Filho de Preta Gil emociona ao chegar ao vel\u00f3rio da m\u00e3e no Theatro Municipal Na manh\u00e3 desta sexta-feira, 25 de julho de 2025, o Theatro Municipal do Rio de Janeiro foi palco de uma das cerim\u00f4nias mais emocionantes do ano: o vel\u00f3rio da cantora Preta Gil. A artista, que deixou um legado marcante &hellip;","og_url":"https:\/\/mrnews.com.br\/index.php\/2025\/07\/25\/filho-de-preta-gil-emociona-ao-chegar-ao-velorio-da-mae-no-theatro-municipal\/","og_site_name":"MRNews","article_publisher":"https:\/\/www.facebook.com\/eaipahpah\/?locale2=pt_BR","article_published_time":"2025-07-25T15:05:50+00:00","og_image":[{"width":719,"height":960,"url":"https:\/\/mrnews.com.br\/wp-content\/uploads\/2025\/04\/1745785511085.jpg","type":"image\/jpeg"}],"author":"MR News","twitter_card":"summary_large_image","twitter_creator":"@conspirou","twitter_site":"@conspirou","twitter_misc":{"Escrito por":"MR News","Est. tempo de leitura":"27 minutos"},"schema":{"@context":"https:\/\/schema.org","@graph":[{"@type":"Article","@id":"https:\/\/mrnews.com.br\/index.php\/2025\/07\/25\/filho-de-preta-gil-emociona-ao-chegar-ao-velorio-da-mae-no-theatro-municipal\/#article","isPartOf":{"@id":"https:\/\/mrnews.com.br\/index.php\/2025\/07\/25\/filho-de-preta-gil-emociona-ao-chegar-ao-velorio-da-mae-no-theatro-municipal\/"},"author":{"name":"MR News","@id":"https:\/\/mrnews.com.br\/#\/schema\/person\/be3203154562a9f207407861cef7827b"},"headline":"Filho de Preta Gil emociona ao chegar ao vel\u00f3rio da m\u00e3e no Theatro Municipal","datePublished":"2025-07-25T15:05:50+00:00","mainEntityOfPage":{"@id":"https:\/\/mrnews.com.br\/index.php\/2025\/07\/25\/filho-de-preta-gil-emociona-ao-chegar-ao-velorio-da-mae-no-theatro-municipal\/"},"wordCount":5421,"commentCount":0,"publisher":{"@id":"https:\/\/mrnews.com.br\/#organization"},"image":{"@id":"https:\/\/mrnews.com.br\/index.php\/2025\/07\/25\/filho-de-preta-gil-emociona-ao-chegar-ao-velorio-da-mae-no-theatro-municipal\/#primaryimage"},"thumbnailUrl":"https:\/\/mrnews.com.br\/wp-content\/uploads\/2025\/04\/1745785511085.jpg","keywords":["Alexandre Nero","cap\u00edtulo de hoje","casamento","Conclave 2025","F\u00e1tima e Afonso","Jo\u00e3o Vicente de Castro","Leila","manipula\u00e7\u00e3o","Marco Aur\u00e9lio","novela","novela 2025","novela das nove","Papa Le\u00e3o XIV","remake Vale Tudo","Renato","reviravolta","separa\u00e7\u00e3o","Solange","trama","TV Globo","Vale Tudo"],"articleSection":["A Fazenda","ENTRETENIMENTO","NOTICIAS","Resumo de novelas"],"inLanguage":"pt-BR","potentialAction":[{"@type":"CommentAction","name":"Comment","target":["https:\/\/mrnews.com.br\/index.php\/2025\/07\/25\/filho-de-preta-gil-emociona-ao-chegar-ao-velorio-da-mae-no-theatro-municipal\/#respond"]}]},{"@type":"WebPage","@id":"https:\/\/mrnews.com.br\/index.php\/2025\/07\/25\/filho-de-preta-gil-emociona-ao-chegar-ao-velorio-da-mae-no-theatro-municipal\/","url":"https:\/\/mrnews.com.br\/index.php\/2025\/07\/25\/filho-de-preta-gil-emociona-ao-chegar-ao-velorio-da-mae-no-theatro-municipal\/","name":"Filho de Preta Gil emociona ao chegar ao vel\u00f3rio da m\u00e3e no Theatro Municipal","isPartOf":{"@id":"https:\/\/mrnews.com.br\/#website"},"primaryImageOfPage":{"@id":"https:\/\/mrnews.com.br\/index.php\/2025\/07\/25\/filho-de-preta-gil-emociona-ao-chegar-ao-velorio-da-mae-no-theatro-municipal\/#primaryimage"},"image":{"@id":"https:\/\/mrnews.com.br\/index.php\/2025\/07\/25\/filho-de-preta-gil-emociona-ao-chegar-ao-velorio-da-mae-no-theatro-municipal\/#primaryimage"},"thumbnailUrl":"https:\/\/mrnews.com.br\/wp-content\/uploads\/2025\/04\/1745785511085.jpg","datePublished":"2025-07-25T15:05:50+00:00","breadcrumb":{"@id":"https:\/\/mrnews.com.br\/index.php\/2025\/07\/25\/filho-de-preta-gil-emociona-ao-chegar-ao-velorio-da-mae-no-theatro-municipal\/#breadcrumb"},"inLanguage":"pt-BR","potentialAction":[{"@type":"ReadAction","target":["https:\/\/mrnews.com.br\/index.php\/2025\/07\/25\/filho-de-preta-gil-emociona-ao-chegar-ao-velorio-da-mae-no-theatro-municipal\/"]}]},{"@type":"ImageObject","inLanguage":"pt-BR","@id":"https:\/\/mrnews.com.br\/index.php\/2025\/07\/25\/filho-de-preta-gil-emociona-ao-chegar-ao-velorio-da-mae-no-theatro-municipal\/#primaryimage","url":"https:\/\/mrnews.com.br\/wp-content\/uploads\/2025\/04\/1745785511085.jpg","contentUrl":"https:\/\/mrnews.com.br\/wp-content\/uploads\/2025\/04\/1745785511085.jpg","width":719,"height":960},{"@type":"BreadcrumbList","@id":"https:\/\/mrnews.com.br\/index.php\/2025\/07\/25\/filho-de-preta-gil-emociona-ao-chegar-ao-velorio-da-mae-no-theatro-municipal\/#breadcrumb","itemListElement":[{"@type":"ListItem","position":1,"name":"In\u00edcio","item":"https:\/\/mrnews.com.br\/"},{"@type":"ListItem","position":2,"name":"Filho de Preta Gil emociona ao chegar ao vel\u00f3rio da m\u00e3e no Theatro Municipal"}]},{"@type":"WebSite","@id":"https:\/\/mrnews.com.br\/#website","url":"https:\/\/mrnews.com.br\/","name":"MRNews","description":"MRNews Jogos de hoje da TV, transmiss\u00f5es ao vivo, Not\u00edcias de futebol, Jogos ao vivo, Lives, resumo de novelas, Programa\u00e7\u00e3o da Globo, A Fazenda e BBB","publisher":{"@id":"https:\/\/mrnews.com.br\/#organization"},"potentialAction":[{"@type":"SearchAction","target":{"@type":"EntryPoint","urlTemplate":"https:\/\/mrnews.com.br\/?s={search_term_string}"},"query-input":{"@type":"PropertyValueSpecification","valueRequired":true,"valueName":"search_term_string"}}],"inLanguage":"pt-BR"},{"@type":"Organization","@id":"https:\/\/mrnews.com.br\/#organization","name":"MRNews","url":"https:\/\/mrnews.com.br\/","logo":{"@type":"ImageObject","inLanguage":"pt-BR","@id":"https:\/\/mrnews.com.br\/#\/schema\/logo\/image\/","url":"https:\/\/mrnews.com.br\/wp-content\/uploads\/2019\/06\/MRNewslogo2.png","contentUrl":"https:\/\/mrnews.com.br\/wp-content\/uploads\/2019\/06\/MRNewslogo2.png","width":223,"height":58,"caption":"MRNews"},"image":{"@id":"https:\/\/mrnews.com.br\/#\/schema\/logo\/image\/"},"sameAs":["https:\/\/www.facebook.com\/eaipahpah\/?locale2=pt_BR","https:\/\/x.com\/conspirou","https:\/\/www.instagram.com\/eai_pahpah","https:\/\/br.pinterest.com\/mrnewsn\/boards\/","https:\/\/www.youtube.com\/channel\/UCacgnpznQ61fifLWr1tQ-vA?view_as=subscriber"]},{"@type":"Person","@id":"https:\/\/mrnews.com.br\/#\/schema\/person\/be3203154562a9f207407861cef7827b","name":"MR News","image":{"@type":"ImageObject","inLanguage":"pt-BR","@id":"https:\/\/secure.gravatar.com\/avatar\/04084e6d73c042b8646e7c17b494073bf0ede3ea13c7105cfc45cbbbc28385a4?s=96&d=monsterid&r=g","url":"https:\/\/secure.gravatar.com\/avatar\/04084e6d73c042b8646e7c17b494073bf0ede3ea13c7105cfc45cbbbc28385a4?s=96&d=monsterid&r=g","contentUrl":"https:\/\/secure.gravatar.com\/avatar\/04084e6d73c042b8646e7c17b494073bf0ede3ea13c7105cfc45cbbbc28385a4?s=96&d=monsterid&r=g","caption":"MR News"},"description":"Especializado em jornalismo colaborativo pela FTP em n\u00edvel de p\u00f3s-gradua\u00e7\u00e3o. suporte@oimeliga.combr","sameAs":["HUGO R.","Admin"],"url":"https:\/\/mrnews.com.br\/index.php\/author\/admin\/"}]}},"jetpack_featured_media_url":"https:\/\/mrnews.com.br\/wp-content\/uploads\/2025\/04\/1745785511085.jpg","jetpack_sharing_enabled":true,"jetpack_shortlink":"https:\/\/wp.me\/pa2Qf7-1Sea","amp_enabled":true,"_links":{"self":[{"href":"https:\/\/mrnews.com.br\/index.php\/wp-json\/wp\/v2\/posts\/446782","targetHints":{"allow":["GET"]}}],"collection":[{"href":"https:\/\/mrnews.com.br\/index.php\/wp-json\/wp\/v2\/posts"}],"about":[{"href":"https:\/\/mrnews.com.br\/index.php\/wp-json\/wp\/v2\/types\/post"}],"author":[{"embeddable":true,"href":"https:\/\/mrnews.com.br\/index.php\/wp-json\/wp\/v2\/users\/1"}],"replies":[{"embeddable":true,"href":"https:\/\/mrnews.com.br\/index.php\/wp-json\/wp\/v2\/comments?post=446782"}],"version-history":[{"count":1,"href":"https:\/\/mrnews.com.br\/index.php\/wp-json\/wp\/v2\/posts\/446782\/revisions"}],"predecessor-version":[{"id":446783,"href":"https:\/\/mrnews.com.br\/index.php\/wp-json\/wp\/v2\/posts\/446782\/revisions\/446783"}],"wp:featuredmedia":[{"embeddable":true,"href":"https:\/\/mrnews.com.br\/index.php\/wp-json\/wp\/v2\/media\/441942"}],"wp:attachment":[{"href":"https:\/\/mrnews.com.br\/index.php\/wp-json\/wp\/v2\/media?parent=446782"}],"wp:term":[{"taxonomy":"category","embeddable":true,"href":"https:\/\/mrnews.com.br\/index.php\/wp-json\/wp\/v2\/categories?post=446782"},{"taxonomy":"post_tag","embeddable":true,"href":"https:\/\/mrnews.com.br\/index.php\/wp-json\/wp\/v2\/tags?post=446782"}],"curies":[{"name":"wp","href":"https:\/\/api.w.org\/{rel}","templated":true}]}}