{"id":446784,"date":"2025-07-25T12:36:34","date_gmt":"2025-07-25T15:36:34","guid":{"rendered":"https:\/\/mrnews.com.br\/index.php\/2025\/07\/25\/pressionada-por-conta-de-luz-previa-da-inflacao-de-julho-e-de-036\/"},"modified":"2025-07-25T12:36:34","modified_gmt":"2025-07-25T15:36:34","slug":"pressionada-por-conta-de-luz-previa-da-inflacao-de-julho-e-de-036","status":"publish","type":"post","link":"https:\/\/mrnews.com.br\/index.php\/2025\/07\/25\/pressionada-por-conta-de-luz-previa-da-inflacao-de-julho-e-de-036\/","title":{"rendered":"Pressionada por conta de luz, pr\u00e9via da infla\u00e7\u00e3o de julho \u00e9 de 0,36%"},"content":{"rendered":"<p>Por EBC, <\/p>\n<div>\n<p><strong>A bandeira vermelha na conta de luz e reajustes de tarifas em cinco capitais pressionaram o bolso do brasileiro em julho, fazendo com que a pr\u00e9via da infla\u00e7\u00e3o ficasse em 0,33%, acima do registrado em junho (0,26%).<\/strong><\/p>\n<p>Ao mesmo tempo, o pre\u00e7o dos alimentos &#8211; um vil\u00e3o da infla\u00e7\u00e3o nos \u00faltimos meses &#8211; caiu pelo segundo m\u00eas seguido, ajudando a segurar o \u00cdndice Nacional de Pre\u00e7os ao Consumidor Amplo 15 (IPCA-15), que mede a pr\u00e9via da infla\u00e7\u00e3o oficial.<\/p>\n<p><strong>Os dados foram divulgados nesta sexta-feira (25), no Rio de Janeiro, pelo Instituto Brasileiro de Geografia e Estat\u00edstica (IBGE). Com o resultado, o IPCA-15 acumula 5,3% nos \u00faltimos 12 meses, acima da meta do governo, que tolera at\u00e9 4,5%. Em julho de 2024, o IPCA-15 tinha sido de 0,30%.<\/strong><\/p>\n<p>Dos nove grupos de produtos e servi\u00e7os pesquisados pelo IBGE, cinco tiveram alta em julho.<\/p>\n<p>&gt;&gt; Siga o canal da <strong>Ag\u00eancia Brasil<\/strong> no WhatsApp<\/p>\n<h2>Confira resultados e impactos em pontos percentuais (p.p.)<\/h2>\n<p>&#8211; Alimenta\u00e7\u00e3o e bebidas: -0,06% (-0,01 p.p.)<\/p>\n<p>&#8211; Habita\u00e7\u00e3o: 0,98% (0,15 p.p.)<\/p>\n<p>&#8211; Artigos de resid\u00eancia: -0,02% (0 p.p.)<\/p>\n<p>&#8211; Vestu\u00e1rio: -0,10% (0 p.p.)<\/p>\n<p>&#8211; Transportes: 0,67% (0,13 p.p.)<\/p>\n<p>&#8211; Sa\u00fade e cuidados pessoais: 0,21% (0,03 p.p.)<\/p>\n<p>&#8211; Despesas pessoais: 0,25% (0,03 p.p.)<\/p>\n<p>&#8211; Educa\u00e7\u00e3o: 0,00% (0 p.p.)<\/p>\n<p>&#8211; Comunica\u00e7\u00e3o: 0,11% (0 p.p.)<\/p>\n<h2>Conta de luz<\/h2>\n<p><strong>Apesar de ter sido o maior impacto de alta na pr\u00e9via da infla\u00e7\u00e3o, a subida de 0,98% do grupo habita\u00e7\u00e3o desacelerou ante junho, quando marcou (1,08%).<\/strong> Agora em julho, o grupo foi pressionado pela energia el\u00e9trica residencial, que subiu 3,01%, sendo o subitem com maior impacto positivo de todo o IPCA-15.<\/p>\n<p>A culpa desse aumento situa-se na bandeira tarif\u00e1ria vermelha patamar 1, determinada pelo governo para custear usinas termel\u00e9tricas em tempos de baixa nos reservat\u00f3rios das hidrel\u00e9tricas.\u00a0Iniciada em junho, a cobran\u00e7a adicional de R$ 4,46 a cada 100 quilowatts-hora (kWh) consumidos foi mantida em julho. No m\u00eas passado, a energia residencial subiu 3,29%.<\/p>\n<p>O subitem foi pressionado tamb\u00e9m por reajustes nas contas em Belo Horizonte, Porto Alegre, Curitiba, S\u00e3o Paulo e Rio de Janeiro. Como o IPCA-15 \u00e9 nacional, esses aumentos regionais se refletem no \u00edndice.<\/p>\n<h2>Alimentos<\/h2>\n<p>Depois de terem recuado 0,02% em junho, os alimentos ca\u00edram novamente em julho, desta vez, 0,06%. As quedas da batata-inglesa (-10,48%), cebola (-9,08%) e arroz (-2,69%) foram as que mais puxaram para baixo o resultado.<\/p>\n<p>Antes desses dois recuos, o pre\u00e7o da comida tem sido um grande vil\u00e3o, tanto que acumula alta de 7,36% em 12 meses, se configurando o grupo de maior varia\u00e7\u00e3o em todo o IPCA-15. Um dos fatores que t\u00eam ajudado a baixar os custos \u00e9 a safra brasileira, com previs\u00e3o de ser recorde.\u00a0<\/p>\n<h2>Transportes<\/h2>\n<p>No grupo transportes, a alta de 0,67% foi impulsionada pelas passagens a\u00e9reas, que subiram 19,86% (impacto de 0,11 p.p.) e pelos servi\u00e7os de carros de aplicativo ((14,55% e 0,03 p.p.).<\/p>\n<blockquote>\n<p>J\u00e1 os combust\u00edveis trouxeram al\u00edvio com recuo de 0,57%. Ca\u00edram os pre\u00e7os do g\u00e1s veicular (-1,21%), diesel (-1,09%), etanol (-0,83%) e gasolina (-0,50%). Como a gasolina \u00e9 o subitem com maior representatividade na cesta de consumo dos brasileiros, o resultado de julho fez com que representasse o recuo com mais peso de todo o IPCA-15 (-0,03 p.p.)<\/p>\n<\/blockquote>\n<h2>IPCA-15<\/h2>\n<p><strong>O IPCA-15 tem basicamente a mesma metodologia do IPCA, a chamada infla\u00e7\u00e3o oficial, que serve de base para a pol\u00edtica de meta de infla\u00e7\u00e3o do governo: 3% em 12 meses, com margem de toler\u00e2ncia de 1,5 p.p. para mais ou para menos.\u00a0<\/strong><\/p>\n<p>A diferen\u00e7a est\u00e1 no per\u00edodo de coleta de pre\u00e7os e na abrang\u00eancia geogr\u00e1fica. Na pr\u00e9via, a pesquisa \u00e9 feita e divulgada antes mesmo de acabar o m\u00eas de refer\u00eancia. Em rela\u00e7\u00e3o \u00e0 divulga\u00e7\u00e3o atual, o per\u00edodo de coleta foi de 14 de junho a 15 de julho.<\/p>\n<p>Ambos os \u00edndices levam em considera\u00e7\u00e3o uma cesta de produtos e servi\u00e7os para fam\u00edlias com rendimentos entre um e 40 sal\u00e1rios m\u00ednimos. Atualmente o valor do m\u00ednimo \u00e9 R$ 1.518.<\/p>\n<p><strong>O IPCA-15 coleta pre\u00e7os em 11 cidades do pa\u00eds (as regi\u00f5es metropolitanas do Rio de Janeiro, Porto Alegre, Belo Horizonte, Recife, S\u00e3o Paulo, Bel\u00e9m, Fortaleza, Salvador e Curitiba, al\u00e9m de Bras\u00edlia e Goi\u00e2nia.); e o IPCA, 16 localidades (Vit\u00f3ria, Campo Grande, Rio Branco, S\u00e3o Lu\u00eds e Aracaju). O IPCA cheio de julho ser\u00e1 divulgado em 12 de agosto.\u00a0<\/strong><\/p>\n<p>      <!-- Relacionada --><\/p>\n<p>            <!-- Relacionada -->\n    <\/div>\n","protected":false},"excerpt":{"rendered":"<p>Por EBC, A bandeira vermelha na conta de luz e reajustes de tarifas em cinco capitais pressionaram o bolso do brasileiro em julho, fazendo com que a pr\u00e9via da infla\u00e7\u00e3o ficasse em 0,33%, acima do registrado em junho (0,26%). Ao mesmo tempo, o pre\u00e7o dos alimentos &#8211; um vil\u00e3o da infla\u00e7\u00e3o nos \u00faltimos meses &#8211; &hellip;<\/p>\n","protected":false},"author":1,"featured_media":0,"comment_status":"open","ping_status":"open","sticky":false,"template":"","format":"standard","meta":{"_jetpack_memberships_contains_paid_content":false,"footnotes":""},"categories":[2,12225,4],"tags":[],"class_list":["post-446784","post","type-post","status-publish","format-standard","hentry","category-entretenimento","category-noticias","category-servicos"],"yoast_head":"<!-- This site is optimized with the Yoast SEO plugin v27.5 - https:\/\/yoast.com\/product\/yoast-seo-wordpress\/ -->\n<title>Pressionada por conta de luz, pr\u00e9via da infla\u00e7\u00e3o de julho \u00e9 de 0,36%<\/title>\n<meta name=\"robots\" content=\"index, follow, max-snippet:-1, max-image-preview:large, max-video-preview:-1\" \/>\n<link rel=\"canonical\" href=\"https:\/\/mrnews.com.br\/index.php\/2025\/07\/25\/pressionada-por-conta-de-luz-previa-da-inflacao-de-julho-e-de-036\/\" \/>\n<meta property=\"og:locale\" content=\"pt_BR\" \/>\n<meta property=\"og:type\" content=\"article\" \/>\n<meta property=\"og:title\" content=\"Pressionada por conta de luz, pr\u00e9via da infla\u00e7\u00e3o de julho \u00e9 de 0,36%\" \/>\n<meta property=\"og:description\" content=\"Por EBC, A bandeira vermelha na conta de luz e reajustes de tarifas em cinco capitais pressionaram o bolso do brasileiro em julho, fazendo com que a pr\u00e9via da infla\u00e7\u00e3o ficasse em 0,33%, acima do registrado em junho (0,26%). Ao mesmo tempo, o pre\u00e7o dos alimentos &#8211; um vil\u00e3o da infla\u00e7\u00e3o nos \u00faltimos meses &#8211; &hellip;\" \/>\n<meta property=\"og:url\" content=\"https:\/\/mrnews.com.br\/index.php\/2025\/07\/25\/pressionada-por-conta-de-luz-previa-da-inflacao-de-julho-e-de-036\/\" \/>\n<meta property=\"og:site_name\" content=\"MRNews\" \/>\n<meta property=\"article:publisher\" content=\"https:\/\/www.facebook.com\/eaipahpah\/?locale2=pt_BR\" \/>\n<meta property=\"article:published_time\" content=\"2025-07-25T15:36:34+00:00\" \/>\n<meta name=\"author\" content=\"MR News\" \/>\n<meta name=\"twitter:card\" content=\"summary_large_image\" \/>\n<meta name=\"twitter:creator\" content=\"@conspirou\" \/>\n<meta name=\"twitter:site\" content=\"@conspirou\" \/>\n<meta name=\"twitter:label1\" content=\"Escrito por\" \/>\n\t<meta name=\"twitter:data1\" content=\"MR News\" \/>\n\t<meta name=\"twitter:label2\" content=\"Est. tempo de leitura\" \/>\n\t<meta name=\"twitter:data2\" content=\"4 minutos\" \/>\n<script type=\"application\/ld+json\" class=\"yoast-schema-graph\">{\"@context\":\"https:\\\/\\\/schema.org\",\"@graph\":[{\"@type\":\"Article\",\"@id\":\"https:\\\/\\\/mrnews.com.br\\\/index.php\\\/2025\\\/07\\\/25\\\/pressionada-por-conta-de-luz-previa-da-inflacao-de-julho-e-de-036\\\/#article\",\"isPartOf\":{\"@id\":\"https:\\\/\\\/mrnews.com.br\\\/index.php\\\/2025\\\/07\\\/25\\\/pressionada-por-conta-de-luz-previa-da-inflacao-de-julho-e-de-036\\\/\"},\"author\":{\"name\":\"MR News\",\"@id\":\"https:\\\/\\\/mrnews.com.br\\\/#\\\/schema\\\/person\\\/be3203154562a9f207407861cef7827b\"},\"headline\":\"Pressionada por conta de luz, pr\u00e9via da infla\u00e7\u00e3o de julho \u00e9 de 0,36%\",\"datePublished\":\"2025-07-25T15:36:34+00:00\",\"mainEntityOfPage\":{\"@id\":\"https:\\\/\\\/mrnews.com.br\\\/index.php\\\/2025\\\/07\\\/25\\\/pressionada-por-conta-de-luz-previa-da-inflacao-de-julho-e-de-036\\\/\"},\"wordCount\":756,\"commentCount\":0,\"publisher\":{\"@id\":\"https:\\\/\\\/mrnews.com.br\\\/#organization\"},\"articleSection\":[\"ENTRETENIMENTO\",\"NOTICIAS\",\"SERVI\u00c7OS\"],\"inLanguage\":\"pt-BR\",\"potentialAction\":[{\"@type\":\"CommentAction\",\"name\":\"Comment\",\"target\":[\"https:\\\/\\\/mrnews.com.br\\\/index.php\\\/2025\\\/07\\\/25\\\/pressionada-por-conta-de-luz-previa-da-inflacao-de-julho-e-de-036\\\/#respond\"]}]},{\"@type\":\"WebPage\",\"@id\":\"https:\\\/\\\/mrnews.com.br\\\/index.php\\\/2025\\\/07\\\/25\\\/pressionada-por-conta-de-luz-previa-da-inflacao-de-julho-e-de-036\\\/\",\"url\":\"https:\\\/\\\/mrnews.com.br\\\/index.php\\\/2025\\\/07\\\/25\\\/pressionada-por-conta-de-luz-previa-da-inflacao-de-julho-e-de-036\\\/\",\"name\":\"Pressionada por conta de luz, pr\u00e9via da infla\u00e7\u00e3o de julho \u00e9 de 0,36%\",\"isPartOf\":{\"@id\":\"https:\\\/\\\/mrnews.com.br\\\/#website\"},\"datePublished\":\"2025-07-25T15:36:34+00:00\",\"breadcrumb\":{\"@id\":\"https:\\\/\\\/mrnews.com.br\\\/index.php\\\/2025\\\/07\\\/25\\\/pressionada-por-conta-de-luz-previa-da-inflacao-de-julho-e-de-036\\\/#breadcrumb\"},\"inLanguage\":\"pt-BR\",\"potentialAction\":[{\"@type\":\"ReadAction\",\"target\":[\"https:\\\/\\\/mrnews.com.br\\\/index.php\\\/2025\\\/07\\\/25\\\/pressionada-por-conta-de-luz-previa-da-inflacao-de-julho-e-de-036\\\/\"]}]},{\"@type\":\"BreadcrumbList\",\"@id\":\"https:\\\/\\\/mrnews.com.br\\\/index.php\\\/2025\\\/07\\\/25\\\/pressionada-por-conta-de-luz-previa-da-inflacao-de-julho-e-de-036\\\/#breadcrumb\",\"itemListElement\":[{\"@type\":\"ListItem\",\"position\":1,\"name\":\"In\u00edcio\",\"item\":\"https:\\\/\\\/mrnews.com.br\\\/\"},{\"@type\":\"ListItem\",\"position\":2,\"name\":\"Pressionada por conta de luz, pr\u00e9via da infla\u00e7\u00e3o de julho \u00e9 de 0,36%\"}]},{\"@type\":\"WebSite\",\"@id\":\"https:\\\/\\\/mrnews.com.br\\\/#website\",\"url\":\"https:\\\/\\\/mrnews.com.br\\\/\",\"name\":\"MRNews\",\"description\":\"MRNews Jogos de hoje da TV, transmiss\u00f5es ao vivo, Not\u00edcias de futebol, Jogos ao vivo, Lives, resumo de novelas, Programa\u00e7\u00e3o da Globo, A Fazenda e BBB\",\"publisher\":{\"@id\":\"https:\\\/\\\/mrnews.com.br\\\/#organization\"},\"potentialAction\":[{\"@type\":\"SearchAction\",\"target\":{\"@type\":\"EntryPoint\",\"urlTemplate\":\"https:\\\/\\\/mrnews.com.br\\\/?s={search_term_string}\"},\"query-input\":{\"@type\":\"PropertyValueSpecification\",\"valueRequired\":true,\"valueName\":\"search_term_string\"}}],\"inLanguage\":\"pt-BR\"},{\"@type\":\"Organization\",\"@id\":\"https:\\\/\\\/mrnews.com.br\\\/#organization\",\"name\":\"MRNews\",\"url\":\"https:\\\/\\\/mrnews.com.br\\\/\",\"logo\":{\"@type\":\"ImageObject\",\"inLanguage\":\"pt-BR\",\"@id\":\"https:\\\/\\\/mrnews.com.br\\\/#\\\/schema\\\/logo\\\/image\\\/\",\"url\":\"https:\\\/\\\/mrnews.com.br\\\/wp-content\\\/uploads\\\/2019\\\/06\\\/MRNewslogo2.png\",\"contentUrl\":\"https:\\\/\\\/mrnews.com.br\\\/wp-content\\\/uploads\\\/2019\\\/06\\\/MRNewslogo2.png\",\"width\":223,\"height\":58,\"caption\":\"MRNews\"},\"image\":{\"@id\":\"https:\\\/\\\/mrnews.com.br\\\/#\\\/schema\\\/logo\\\/image\\\/\"},\"sameAs\":[\"https:\\\/\\\/www.facebook.com\\\/eaipahpah\\\/?locale2=pt_BR\",\"https:\\\/\\\/x.com\\\/conspirou\",\"https:\\\/\\\/www.instagram.com\\\/eai_pahpah\",\"https:\\\/\\\/br.pinterest.com\\\/mrnewsn\\\/boards\\\/\",\"https:\\\/\\\/www.youtube.com\\\/channel\\\/UCacgnpznQ61fifLWr1tQ-vA?view_as=subscriber\"]},{\"@type\":\"Person\",\"@id\":\"https:\\\/\\\/mrnews.com.br\\\/#\\\/schema\\\/person\\\/be3203154562a9f207407861cef7827b\",\"name\":\"MR News\",\"image\":{\"@type\":\"ImageObject\",\"inLanguage\":\"pt-BR\",\"@id\":\"https:\\\/\\\/secure.gravatar.com\\\/avatar\\\/04084e6d73c042b8646e7c17b494073bf0ede3ea13c7105cfc45cbbbc28385a4?s=96&d=monsterid&r=g\",\"url\":\"https:\\\/\\\/secure.gravatar.com\\\/avatar\\\/04084e6d73c042b8646e7c17b494073bf0ede3ea13c7105cfc45cbbbc28385a4?s=96&d=monsterid&r=g\",\"contentUrl\":\"https:\\\/\\\/secure.gravatar.com\\\/avatar\\\/04084e6d73c042b8646e7c17b494073bf0ede3ea13c7105cfc45cbbbc28385a4?s=96&d=monsterid&r=g\",\"caption\":\"MR News\"},\"description\":\"Especializado em jornalismo colaborativo pela FTP em n\u00edvel de p\u00f3s-gradua\u00e7\u00e3o. suporte@oimeliga.combr\",\"sameAs\":[\"HUGO R.\",\"Admin\"],\"url\":\"https:\\\/\\\/mrnews.com.br\\\/index.php\\\/author\\\/admin\\\/\"}]}<\/script>\n<!-- \/ Yoast SEO plugin. -->","yoast_head_json":{"title":"Pressionada por conta de luz, pr\u00e9via da infla\u00e7\u00e3o de julho \u00e9 de 0,36%","robots":{"index":"index","follow":"follow","max-snippet":"max-snippet:-1","max-image-preview":"max-image-preview:large","max-video-preview":"max-video-preview:-1"},"canonical":"https:\/\/mrnews.com.br\/index.php\/2025\/07\/25\/pressionada-por-conta-de-luz-previa-da-inflacao-de-julho-e-de-036\/","og_locale":"pt_BR","og_type":"article","og_title":"Pressionada por conta de luz, pr\u00e9via da infla\u00e7\u00e3o de julho \u00e9 de 0,36%","og_description":"Por EBC, A bandeira vermelha na conta de luz e reajustes de tarifas em cinco capitais pressionaram o bolso do brasileiro em julho, fazendo com que a pr\u00e9via da infla\u00e7\u00e3o ficasse em 0,33%, acima do registrado em junho (0,26%). Ao mesmo tempo, o pre\u00e7o dos alimentos &#8211; um vil\u00e3o da infla\u00e7\u00e3o nos \u00faltimos meses &#8211; &hellip;","og_url":"https:\/\/mrnews.com.br\/index.php\/2025\/07\/25\/pressionada-por-conta-de-luz-previa-da-inflacao-de-julho-e-de-036\/","og_site_name":"MRNews","article_publisher":"https:\/\/www.facebook.com\/eaipahpah\/?locale2=pt_BR","article_published_time":"2025-07-25T15:36:34+00:00","author":"MR News","twitter_card":"summary_large_image","twitter_creator":"@conspirou","twitter_site":"@conspirou","twitter_misc":{"Escrito por":"MR News","Est. tempo de leitura":"4 minutos"},"schema":{"@context":"https:\/\/schema.org","@graph":[{"@type":"Article","@id":"https:\/\/mrnews.com.br\/index.php\/2025\/07\/25\/pressionada-por-conta-de-luz-previa-da-inflacao-de-julho-e-de-036\/#article","isPartOf":{"@id":"https:\/\/mrnews.com.br\/index.php\/2025\/07\/25\/pressionada-por-conta-de-luz-previa-da-inflacao-de-julho-e-de-036\/"},"author":{"name":"MR News","@id":"https:\/\/mrnews.com.br\/#\/schema\/person\/be3203154562a9f207407861cef7827b"},"headline":"Pressionada por conta de luz, pr\u00e9via da infla\u00e7\u00e3o de julho \u00e9 de 0,36%","datePublished":"2025-07-25T15:36:34+00:00","mainEntityOfPage":{"@id":"https:\/\/mrnews.com.br\/index.php\/2025\/07\/25\/pressionada-por-conta-de-luz-previa-da-inflacao-de-julho-e-de-036\/"},"wordCount":756,"commentCount":0,"publisher":{"@id":"https:\/\/mrnews.com.br\/#organization"},"articleSection":["ENTRETENIMENTO","NOTICIAS","SERVI\u00c7OS"],"inLanguage":"pt-BR","potentialAction":[{"@type":"CommentAction","name":"Comment","target":["https:\/\/mrnews.com.br\/index.php\/2025\/07\/25\/pressionada-por-conta-de-luz-previa-da-inflacao-de-julho-e-de-036\/#respond"]}]},{"@type":"WebPage","@id":"https:\/\/mrnews.com.br\/index.php\/2025\/07\/25\/pressionada-por-conta-de-luz-previa-da-inflacao-de-julho-e-de-036\/","url":"https:\/\/mrnews.com.br\/index.php\/2025\/07\/25\/pressionada-por-conta-de-luz-previa-da-inflacao-de-julho-e-de-036\/","name":"Pressionada por conta de luz, pr\u00e9via da infla\u00e7\u00e3o de julho \u00e9 de 0,36%","isPartOf":{"@id":"https:\/\/mrnews.com.br\/#website"},"datePublished":"2025-07-25T15:36:34+00:00","breadcrumb":{"@id":"https:\/\/mrnews.com.br\/index.php\/2025\/07\/25\/pressionada-por-conta-de-luz-previa-da-inflacao-de-julho-e-de-036\/#breadcrumb"},"inLanguage":"pt-BR","potentialAction":[{"@type":"ReadAction","target":["https:\/\/mrnews.com.br\/index.php\/2025\/07\/25\/pressionada-por-conta-de-luz-previa-da-inflacao-de-julho-e-de-036\/"]}]},{"@type":"BreadcrumbList","@id":"https:\/\/mrnews.com.br\/index.php\/2025\/07\/25\/pressionada-por-conta-de-luz-previa-da-inflacao-de-julho-e-de-036\/#breadcrumb","itemListElement":[{"@type":"ListItem","position":1,"name":"In\u00edcio","item":"https:\/\/mrnews.com.br\/"},{"@type":"ListItem","position":2,"name":"Pressionada por conta de luz, pr\u00e9via da infla\u00e7\u00e3o de julho \u00e9 de 0,36%"}]},{"@type":"WebSite","@id":"https:\/\/mrnews.com.br\/#website","url":"https:\/\/mrnews.com.br\/","name":"MRNews","description":"MRNews Jogos de hoje da TV, transmiss\u00f5es ao vivo, Not\u00edcias de futebol, Jogos ao vivo, Lives, resumo de novelas, Programa\u00e7\u00e3o da Globo, A Fazenda e BBB","publisher":{"@id":"https:\/\/mrnews.com.br\/#organization"},"potentialAction":[{"@type":"SearchAction","target":{"@type":"EntryPoint","urlTemplate":"https:\/\/mrnews.com.br\/?s={search_term_string}"},"query-input":{"@type":"PropertyValueSpecification","valueRequired":true,"valueName":"search_term_string"}}],"inLanguage":"pt-BR"},{"@type":"Organization","@id":"https:\/\/mrnews.com.br\/#organization","name":"MRNews","url":"https:\/\/mrnews.com.br\/","logo":{"@type":"ImageObject","inLanguage":"pt-BR","@id":"https:\/\/mrnews.com.br\/#\/schema\/logo\/image\/","url":"https:\/\/mrnews.com.br\/wp-content\/uploads\/2019\/06\/MRNewslogo2.png","contentUrl":"https:\/\/mrnews.com.br\/wp-content\/uploads\/2019\/06\/MRNewslogo2.png","width":223,"height":58,"caption":"MRNews"},"image":{"@id":"https:\/\/mrnews.com.br\/#\/schema\/logo\/image\/"},"sameAs":["https:\/\/www.facebook.com\/eaipahpah\/?locale2=pt_BR","https:\/\/x.com\/conspirou","https:\/\/www.instagram.com\/eai_pahpah","https:\/\/br.pinterest.com\/mrnewsn\/boards\/","https:\/\/www.youtube.com\/channel\/UCacgnpznQ61fifLWr1tQ-vA?view_as=subscriber"]},{"@type":"Person","@id":"https:\/\/mrnews.com.br\/#\/schema\/person\/be3203154562a9f207407861cef7827b","name":"MR News","image":{"@type":"ImageObject","inLanguage":"pt-BR","@id":"https:\/\/secure.gravatar.com\/avatar\/04084e6d73c042b8646e7c17b494073bf0ede3ea13c7105cfc45cbbbc28385a4?s=96&d=monsterid&r=g","url":"https:\/\/secure.gravatar.com\/avatar\/04084e6d73c042b8646e7c17b494073bf0ede3ea13c7105cfc45cbbbc28385a4?s=96&d=monsterid&r=g","contentUrl":"https:\/\/secure.gravatar.com\/avatar\/04084e6d73c042b8646e7c17b494073bf0ede3ea13c7105cfc45cbbbc28385a4?s=96&d=monsterid&r=g","caption":"MR News"},"description":"Especializado em jornalismo colaborativo pela FTP em n\u00edvel de p\u00f3s-gradua\u00e7\u00e3o. suporte@oimeliga.combr","sameAs":["HUGO R.","Admin"],"url":"https:\/\/mrnews.com.br\/index.php\/author\/admin\/"}]}},"jetpack_featured_media_url":"","jetpack_sharing_enabled":true,"jetpack_shortlink":"https:\/\/wp.me\/pa2Qf7-1Sec","amp_enabled":true,"_links":{"self":[{"href":"https:\/\/mrnews.com.br\/index.php\/wp-json\/wp\/v2\/posts\/446784","targetHints":{"allow":["GET"]}}],"collection":[{"href":"https:\/\/mrnews.com.br\/index.php\/wp-json\/wp\/v2\/posts"}],"about":[{"href":"https:\/\/mrnews.com.br\/index.php\/wp-json\/wp\/v2\/types\/post"}],"author":[{"embeddable":true,"href":"https:\/\/mrnews.com.br\/index.php\/wp-json\/wp\/v2\/users\/1"}],"replies":[{"embeddable":true,"href":"https:\/\/mrnews.com.br\/index.php\/wp-json\/wp\/v2\/comments?post=446784"}],"version-history":[{"count":0,"href":"https:\/\/mrnews.com.br\/index.php\/wp-json\/wp\/v2\/posts\/446784\/revisions"}],"wp:attachment":[{"href":"https:\/\/mrnews.com.br\/index.php\/wp-json\/wp\/v2\/media?parent=446784"}],"wp:term":[{"taxonomy":"category","embeddable":true,"href":"https:\/\/mrnews.com.br\/index.php\/wp-json\/wp\/v2\/categories?post=446784"},{"taxonomy":"post_tag","embeddable":true,"href":"https:\/\/mrnews.com.br\/index.php\/wp-json\/wp\/v2\/tags?post=446784"}],"curies":[{"name":"wp","href":"https:\/\/api.w.org\/{rel}","templated":true}]}}