{"id":446785,"date":"2025-07-25T13:18:34","date_gmt":"2025-07-25T16:18:34","guid":{"rendered":"https:\/\/mrnews.com.br\/index.php\/2025\/07\/25\/preta-gil-e-velada-no-theatro-municipal-do-rio-de-janeiro\/"},"modified":"2025-07-25T13:18:34","modified_gmt":"2025-07-25T16:18:34","slug":"preta-gil-e-velada-no-theatro-municipal-do-rio-de-janeiro","status":"publish","type":"post","link":"https:\/\/mrnews.com.br\/index.php\/2025\/07\/25\/preta-gil-e-velada-no-theatro-municipal-do-rio-de-janeiro\/","title":{"rendered":"Preta Gil \u00e9 velada no Theatro Municipal do Rio de Janeiro"},"content":{"rendered":"<p>Por EBC, <\/p>\n<div>\n<p>Centenas de pessoas participam do vel\u00f3rio da cantora Preta Gil, que est\u00e1 sendo realizado nesta sexta-feira (25), no Theatro Municipal do Rio de Janeiro. <strong>Um corredor com grades foi organizado do lado de fora do Theatro para facilitar o acesso do p\u00fablico e algumas ruas do entorno foram interditadas.<\/strong> Em fila, as pessoas passam rapidamente pelo caix\u00e3o, disposto na entrada principal e t\u00eam a oportunidade de se despedir da cantora, que morreu no \u00faltimo domingo (20), aos 50 anos, por complica\u00e7\u00f5es de um c\u00e2ncer.<\/p>\n<p>Atendendo a um pedido feito pela pr\u00f3pria Preta antes de morrer, o vel\u00f3rio est\u00e1 sendo embalado por uma sele\u00e7\u00e3o de m\u00fasicas festivas. <strong>A fam\u00edlia e os amigos da cantora est\u00e3o sendo recebidos em uma \u00e1rea reservada do Theatro, sem acesso da imprensa. Por enquanto, apenas o filho da cantora, Francisco Gil, veio \u00e0 \u00e1rea p\u00fablica e ficou alguns minutos ao lado do caix\u00e3o.\u00a0<\/strong><\/p>\n<p><strong>Personalidades como as atrizes Thais Ara\u00fajo e Arlete Sales e os cantores Thiaguinho, P\u00e9ricles e Paula Lima j\u00e1 chegaram ao local para a cerim\u00f4nia.\u00a0<\/strong><\/p>\n<p>&gt;&gt; Siga o canal da <strong>Ag\u00eancia Brasil <\/strong>no WhatsApp<\/p>\n<p>A <strong>primeira-dama, Janja da Silva tamb\u00e9m veio ao Rio para o vel\u00f3rio representando o presidente Luiz In\u00e1cio Lula da Silva.<\/strong> O casal tamb\u00e9m enviou uma coroa de flores foram entregues antes do in\u00edcio da cerim\u00f4nia, trazendo uma faixa com os dizeres: \u201cNasceu para voar, fez seu destino, tocou o c\u00e9u e espalhou s\u00f3 o amor. O Brasil agradece e celebra sua luz.\u201d As frases iniciais fazem refer\u00eancia \u00e0 uma das m\u00fasicas de Preta,<em> S\u00f3 o Amor<\/em>.<\/p>\n<p><strong>O vel\u00f3rio p\u00fablico da cantora segue at\u00e9 as 13h no Theatro Municipal. Depois o corpo segue em cortejo em um carro do Corpo de Bombeiros. <\/strong>Ele vai passar pelas ruas do rec\u00e9m-criado Circuito de Carnaval de Rua Preta Gil, no Centro, e seguir\u00e1 para o Cremat\u00f3rio da Penit\u00eancia, no Caju.\u00a0<\/p>\n<p>\u00a0<\/p>\n<p>* <em>Mat\u00e9ria alterada \u00e1s 11h47min. para acr\u00e9scimo de informa\u00e7\u00f5es.<\/em><\/p>\n<p>      <!-- Relacionada --><\/p>\n<p>            <!-- Relacionada -->\n    <\/div>\n","protected":false},"excerpt":{"rendered":"<p>Por EBC, Centenas de pessoas participam do vel\u00f3rio da cantora Preta Gil, que est\u00e1 sendo realizado nesta sexta-feira (25), no Theatro Municipal do Rio de Janeiro. Um corredor com grades foi organizado do lado de fora do Theatro para facilitar o acesso do p\u00fablico e algumas ruas do entorno foram interditadas. Em fila, as pessoas &hellip;<\/p>\n","protected":false},"author":1,"featured_media":0,"comment_status":"open","ping_status":"open","sticky":false,"template":"","format":"standard","meta":{"_jetpack_memberships_contains_paid_content":false,"footnotes":""},"categories":[2,12225,4],"tags":[],"class_list":["post-446785","post","type-post","status-publish","format-standard","hentry","category-entretenimento","category-noticias","category-servicos"],"yoast_head":"<!-- This site is optimized with the Yoast SEO plugin v27.5 - https:\/\/yoast.com\/product\/yoast-seo-wordpress\/ -->\n<title>Preta Gil \u00e9 velada no Theatro Municipal do Rio de Janeiro<\/title>\n<meta name=\"robots\" content=\"index, follow, max-snippet:-1, max-image-preview:large, max-video-preview:-1\" \/>\n<link rel=\"canonical\" href=\"https:\/\/mrnews.com.br\/index.php\/2025\/07\/25\/preta-gil-e-velada-no-theatro-municipal-do-rio-de-janeiro\/\" \/>\n<meta property=\"og:locale\" content=\"pt_BR\" \/>\n<meta property=\"og:type\" content=\"article\" \/>\n<meta property=\"og:title\" content=\"Preta Gil \u00e9 velada no Theatro Municipal do Rio de Janeiro\" \/>\n<meta property=\"og:description\" content=\"Por EBC, Centenas de pessoas participam do vel\u00f3rio da cantora Preta Gil, que est\u00e1 sendo realizado nesta sexta-feira (25), no Theatro Municipal do Rio de Janeiro. Um corredor com grades foi organizado do lado de fora do Theatro para facilitar o acesso do p\u00fablico e algumas ruas do entorno foram interditadas. Em fila, as pessoas &hellip;\" \/>\n<meta property=\"og:url\" content=\"https:\/\/mrnews.com.br\/index.php\/2025\/07\/25\/preta-gil-e-velada-no-theatro-municipal-do-rio-de-janeiro\/\" \/>\n<meta property=\"og:site_name\" content=\"MRNews\" \/>\n<meta property=\"article:publisher\" content=\"https:\/\/www.facebook.com\/eaipahpah\/?locale2=pt_BR\" \/>\n<meta property=\"article:published_time\" content=\"2025-07-25T16:18:34+00:00\" \/>\n<meta name=\"author\" content=\"MR News\" \/>\n<meta name=\"twitter:card\" content=\"summary_large_image\" \/>\n<meta name=\"twitter:creator\" content=\"@conspirou\" \/>\n<meta name=\"twitter:site\" content=\"@conspirou\" \/>\n<meta name=\"twitter:label1\" content=\"Escrito por\" \/>\n\t<meta name=\"twitter:data1\" content=\"MR News\" \/>\n\t<meta name=\"twitter:label2\" content=\"Est. tempo de leitura\" \/>\n\t<meta name=\"twitter:data2\" content=\"2 minutos\" \/>\n<script type=\"application\/ld+json\" class=\"yoast-schema-graph\">{\"@context\":\"https:\\\/\\\/schema.org\",\"@graph\":[{\"@type\":\"Article\",\"@id\":\"https:\\\/\\\/mrnews.com.br\\\/index.php\\\/2025\\\/07\\\/25\\\/preta-gil-e-velada-no-theatro-municipal-do-rio-de-janeiro\\\/#article\",\"isPartOf\":{\"@id\":\"https:\\\/\\\/mrnews.com.br\\\/index.php\\\/2025\\\/07\\\/25\\\/preta-gil-e-velada-no-theatro-municipal-do-rio-de-janeiro\\\/\"},\"author\":{\"name\":\"MR News\",\"@id\":\"https:\\\/\\\/mrnews.com.br\\\/#\\\/schema\\\/person\\\/be3203154562a9f207407861cef7827b\"},\"headline\":\"Preta Gil \u00e9 velada no Theatro Municipal do Rio de Janeiro\",\"datePublished\":\"2025-07-25T16:18:34+00:00\",\"mainEntityOfPage\":{\"@id\":\"https:\\\/\\\/mrnews.com.br\\\/index.php\\\/2025\\\/07\\\/25\\\/preta-gil-e-velada-no-theatro-municipal-do-rio-de-janeiro\\\/\"},\"wordCount\":358,\"commentCount\":0,\"publisher\":{\"@id\":\"https:\\\/\\\/mrnews.com.br\\\/#organization\"},\"articleSection\":[\"ENTRETENIMENTO\",\"NOTICIAS\",\"SERVI\u00c7OS\"],\"inLanguage\":\"pt-BR\",\"potentialAction\":[{\"@type\":\"CommentAction\",\"name\":\"Comment\",\"target\":[\"https:\\\/\\\/mrnews.com.br\\\/index.php\\\/2025\\\/07\\\/25\\\/preta-gil-e-velada-no-theatro-municipal-do-rio-de-janeiro\\\/#respond\"]}]},{\"@type\":\"WebPage\",\"@id\":\"https:\\\/\\\/mrnews.com.br\\\/index.php\\\/2025\\\/07\\\/25\\\/preta-gil-e-velada-no-theatro-municipal-do-rio-de-janeiro\\\/\",\"url\":\"https:\\\/\\\/mrnews.com.br\\\/index.php\\\/2025\\\/07\\\/25\\\/preta-gil-e-velada-no-theatro-municipal-do-rio-de-janeiro\\\/\",\"name\":\"Preta Gil \u00e9 velada no Theatro Municipal do Rio de Janeiro\",\"isPartOf\":{\"@id\":\"https:\\\/\\\/mrnews.com.br\\\/#website\"},\"datePublished\":\"2025-07-25T16:18:34+00:00\",\"breadcrumb\":{\"@id\":\"https:\\\/\\\/mrnews.com.br\\\/index.php\\\/2025\\\/07\\\/25\\\/preta-gil-e-velada-no-theatro-municipal-do-rio-de-janeiro\\\/#breadcrumb\"},\"inLanguage\":\"pt-BR\",\"potentialAction\":[{\"@type\":\"ReadAction\",\"target\":[\"https:\\\/\\\/mrnews.com.br\\\/index.php\\\/2025\\\/07\\\/25\\\/preta-gil-e-velada-no-theatro-municipal-do-rio-de-janeiro\\\/\"]}]},{\"@type\":\"BreadcrumbList\",\"@id\":\"https:\\\/\\\/mrnews.com.br\\\/index.php\\\/2025\\\/07\\\/25\\\/preta-gil-e-velada-no-theatro-municipal-do-rio-de-janeiro\\\/#breadcrumb\",\"itemListElement\":[{\"@type\":\"ListItem\",\"position\":1,\"name\":\"In\u00edcio\",\"item\":\"https:\\\/\\\/mrnews.com.br\\\/\"},{\"@type\":\"ListItem\",\"position\":2,\"name\":\"Preta Gil \u00e9 velada no Theatro Municipal do Rio de Janeiro\"}]},{\"@type\":\"WebSite\",\"@id\":\"https:\\\/\\\/mrnews.com.br\\\/#website\",\"url\":\"https:\\\/\\\/mrnews.com.br\\\/\",\"name\":\"MRNews\",\"description\":\"MRNews Jogos de hoje da TV, transmiss\u00f5es ao vivo, Not\u00edcias de futebol, Jogos ao vivo, Lives, resumo de novelas, Programa\u00e7\u00e3o da Globo, A Fazenda e BBB\",\"publisher\":{\"@id\":\"https:\\\/\\\/mrnews.com.br\\\/#organization\"},\"potentialAction\":[{\"@type\":\"SearchAction\",\"target\":{\"@type\":\"EntryPoint\",\"urlTemplate\":\"https:\\\/\\\/mrnews.com.br\\\/?s={search_term_string}\"},\"query-input\":{\"@type\":\"PropertyValueSpecification\",\"valueRequired\":true,\"valueName\":\"search_term_string\"}}],\"inLanguage\":\"pt-BR\"},{\"@type\":\"Organization\",\"@id\":\"https:\\\/\\\/mrnews.com.br\\\/#organization\",\"name\":\"MRNews\",\"url\":\"https:\\\/\\\/mrnews.com.br\\\/\",\"logo\":{\"@type\":\"ImageObject\",\"inLanguage\":\"pt-BR\",\"@id\":\"https:\\\/\\\/mrnews.com.br\\\/#\\\/schema\\\/logo\\\/image\\\/\",\"url\":\"https:\\\/\\\/mrnews.com.br\\\/wp-content\\\/uploads\\\/2019\\\/06\\\/MRNewslogo2.png\",\"contentUrl\":\"https:\\\/\\\/mrnews.com.br\\\/wp-content\\\/uploads\\\/2019\\\/06\\\/MRNewslogo2.png\",\"width\":223,\"height\":58,\"caption\":\"MRNews\"},\"image\":{\"@id\":\"https:\\\/\\\/mrnews.com.br\\\/#\\\/schema\\\/logo\\\/image\\\/\"},\"sameAs\":[\"https:\\\/\\\/www.facebook.com\\\/eaipahpah\\\/?locale2=pt_BR\",\"https:\\\/\\\/x.com\\\/conspirou\",\"https:\\\/\\\/www.instagram.com\\\/eai_pahpah\",\"https:\\\/\\\/br.pinterest.com\\\/mrnewsn\\\/boards\\\/\",\"https:\\\/\\\/www.youtube.com\\\/channel\\\/UCacgnpznQ61fifLWr1tQ-vA?view_as=subscriber\"]},{\"@type\":\"Person\",\"@id\":\"https:\\\/\\\/mrnews.com.br\\\/#\\\/schema\\\/person\\\/be3203154562a9f207407861cef7827b\",\"name\":\"MR News\",\"image\":{\"@type\":\"ImageObject\",\"inLanguage\":\"pt-BR\",\"@id\":\"https:\\\/\\\/secure.gravatar.com\\\/avatar\\\/04084e6d73c042b8646e7c17b494073bf0ede3ea13c7105cfc45cbbbc28385a4?s=96&d=monsterid&r=g\",\"url\":\"https:\\\/\\\/secure.gravatar.com\\\/avatar\\\/04084e6d73c042b8646e7c17b494073bf0ede3ea13c7105cfc45cbbbc28385a4?s=96&d=monsterid&r=g\",\"contentUrl\":\"https:\\\/\\\/secure.gravatar.com\\\/avatar\\\/04084e6d73c042b8646e7c17b494073bf0ede3ea13c7105cfc45cbbbc28385a4?s=96&d=monsterid&r=g\",\"caption\":\"MR News\"},\"description\":\"Especializado em jornalismo colaborativo pela FTP em n\u00edvel de p\u00f3s-gradua\u00e7\u00e3o. suporte@oimeliga.combr\",\"sameAs\":[\"HUGO R.\",\"Admin\"],\"url\":\"https:\\\/\\\/mrnews.com.br\\\/index.php\\\/author\\\/admin\\\/\"}]}<\/script>\n<!-- \/ Yoast SEO plugin. -->","yoast_head_json":{"title":"Preta Gil \u00e9 velada no Theatro Municipal do Rio de Janeiro","robots":{"index":"index","follow":"follow","max-snippet":"max-snippet:-1","max-image-preview":"max-image-preview:large","max-video-preview":"max-video-preview:-1"},"canonical":"https:\/\/mrnews.com.br\/index.php\/2025\/07\/25\/preta-gil-e-velada-no-theatro-municipal-do-rio-de-janeiro\/","og_locale":"pt_BR","og_type":"article","og_title":"Preta Gil \u00e9 velada no Theatro Municipal do Rio de Janeiro","og_description":"Por EBC, Centenas de pessoas participam do vel\u00f3rio da cantora Preta Gil, que est\u00e1 sendo realizado nesta sexta-feira (25), no Theatro Municipal do Rio de Janeiro. Um corredor com grades foi organizado do lado de fora do Theatro para facilitar o acesso do p\u00fablico e algumas ruas do entorno foram interditadas. Em fila, as pessoas &hellip;","og_url":"https:\/\/mrnews.com.br\/index.php\/2025\/07\/25\/preta-gil-e-velada-no-theatro-municipal-do-rio-de-janeiro\/","og_site_name":"MRNews","article_publisher":"https:\/\/www.facebook.com\/eaipahpah\/?locale2=pt_BR","article_published_time":"2025-07-25T16:18:34+00:00","author":"MR News","twitter_card":"summary_large_image","twitter_creator":"@conspirou","twitter_site":"@conspirou","twitter_misc":{"Escrito por":"MR News","Est. tempo de leitura":"2 minutos"},"schema":{"@context":"https:\/\/schema.org","@graph":[{"@type":"Article","@id":"https:\/\/mrnews.com.br\/index.php\/2025\/07\/25\/preta-gil-e-velada-no-theatro-municipal-do-rio-de-janeiro\/#article","isPartOf":{"@id":"https:\/\/mrnews.com.br\/index.php\/2025\/07\/25\/preta-gil-e-velada-no-theatro-municipal-do-rio-de-janeiro\/"},"author":{"name":"MR News","@id":"https:\/\/mrnews.com.br\/#\/schema\/person\/be3203154562a9f207407861cef7827b"},"headline":"Preta Gil \u00e9 velada no Theatro Municipal do Rio de Janeiro","datePublished":"2025-07-25T16:18:34+00:00","mainEntityOfPage":{"@id":"https:\/\/mrnews.com.br\/index.php\/2025\/07\/25\/preta-gil-e-velada-no-theatro-municipal-do-rio-de-janeiro\/"},"wordCount":358,"commentCount":0,"publisher":{"@id":"https:\/\/mrnews.com.br\/#organization"},"articleSection":["ENTRETENIMENTO","NOTICIAS","SERVI\u00c7OS"],"inLanguage":"pt-BR","potentialAction":[{"@type":"CommentAction","name":"Comment","target":["https:\/\/mrnews.com.br\/index.php\/2025\/07\/25\/preta-gil-e-velada-no-theatro-municipal-do-rio-de-janeiro\/#respond"]}]},{"@type":"WebPage","@id":"https:\/\/mrnews.com.br\/index.php\/2025\/07\/25\/preta-gil-e-velada-no-theatro-municipal-do-rio-de-janeiro\/","url":"https:\/\/mrnews.com.br\/index.php\/2025\/07\/25\/preta-gil-e-velada-no-theatro-municipal-do-rio-de-janeiro\/","name":"Preta Gil \u00e9 velada no Theatro Municipal do Rio de Janeiro","isPartOf":{"@id":"https:\/\/mrnews.com.br\/#website"},"datePublished":"2025-07-25T16:18:34+00:00","breadcrumb":{"@id":"https:\/\/mrnews.com.br\/index.php\/2025\/07\/25\/preta-gil-e-velada-no-theatro-municipal-do-rio-de-janeiro\/#breadcrumb"},"inLanguage":"pt-BR","potentialAction":[{"@type":"ReadAction","target":["https:\/\/mrnews.com.br\/index.php\/2025\/07\/25\/preta-gil-e-velada-no-theatro-municipal-do-rio-de-janeiro\/"]}]},{"@type":"BreadcrumbList","@id":"https:\/\/mrnews.com.br\/index.php\/2025\/07\/25\/preta-gil-e-velada-no-theatro-municipal-do-rio-de-janeiro\/#breadcrumb","itemListElement":[{"@type":"ListItem","position":1,"name":"In\u00edcio","item":"https:\/\/mrnews.com.br\/"},{"@type":"ListItem","position":2,"name":"Preta Gil \u00e9 velada no Theatro Municipal do Rio de Janeiro"}]},{"@type":"WebSite","@id":"https:\/\/mrnews.com.br\/#website","url":"https:\/\/mrnews.com.br\/","name":"MRNews","description":"MRNews Jogos de hoje da TV, transmiss\u00f5es ao vivo, Not\u00edcias de futebol, Jogos ao vivo, Lives, resumo de novelas, Programa\u00e7\u00e3o da Globo, A Fazenda e BBB","publisher":{"@id":"https:\/\/mrnews.com.br\/#organization"},"potentialAction":[{"@type":"SearchAction","target":{"@type":"EntryPoint","urlTemplate":"https:\/\/mrnews.com.br\/?s={search_term_string}"},"query-input":{"@type":"PropertyValueSpecification","valueRequired":true,"valueName":"search_term_string"}}],"inLanguage":"pt-BR"},{"@type":"Organization","@id":"https:\/\/mrnews.com.br\/#organization","name":"MRNews","url":"https:\/\/mrnews.com.br\/","logo":{"@type":"ImageObject","inLanguage":"pt-BR","@id":"https:\/\/mrnews.com.br\/#\/schema\/logo\/image\/","url":"https:\/\/mrnews.com.br\/wp-content\/uploads\/2019\/06\/MRNewslogo2.png","contentUrl":"https:\/\/mrnews.com.br\/wp-content\/uploads\/2019\/06\/MRNewslogo2.png","width":223,"height":58,"caption":"MRNews"},"image":{"@id":"https:\/\/mrnews.com.br\/#\/schema\/logo\/image\/"},"sameAs":["https:\/\/www.facebook.com\/eaipahpah\/?locale2=pt_BR","https:\/\/x.com\/conspirou","https:\/\/www.instagram.com\/eai_pahpah","https:\/\/br.pinterest.com\/mrnewsn\/boards\/","https:\/\/www.youtube.com\/channel\/UCacgnpznQ61fifLWr1tQ-vA?view_as=subscriber"]},{"@type":"Person","@id":"https:\/\/mrnews.com.br\/#\/schema\/person\/be3203154562a9f207407861cef7827b","name":"MR News","image":{"@type":"ImageObject","inLanguage":"pt-BR","@id":"https:\/\/secure.gravatar.com\/avatar\/04084e6d73c042b8646e7c17b494073bf0ede3ea13c7105cfc45cbbbc28385a4?s=96&d=monsterid&r=g","url":"https:\/\/secure.gravatar.com\/avatar\/04084e6d73c042b8646e7c17b494073bf0ede3ea13c7105cfc45cbbbc28385a4?s=96&d=monsterid&r=g","contentUrl":"https:\/\/secure.gravatar.com\/avatar\/04084e6d73c042b8646e7c17b494073bf0ede3ea13c7105cfc45cbbbc28385a4?s=96&d=monsterid&r=g","caption":"MR News"},"description":"Especializado em jornalismo colaborativo pela FTP em n\u00edvel de p\u00f3s-gradua\u00e7\u00e3o. suporte@oimeliga.combr","sameAs":["HUGO R.","Admin"],"url":"https:\/\/mrnews.com.br\/index.php\/author\/admin\/"}]}},"jetpack_featured_media_url":"","jetpack_sharing_enabled":true,"jetpack_shortlink":"https:\/\/wp.me\/pa2Qf7-1Sed","amp_enabled":true,"_links":{"self":[{"href":"https:\/\/mrnews.com.br\/index.php\/wp-json\/wp\/v2\/posts\/446785","targetHints":{"allow":["GET"]}}],"collection":[{"href":"https:\/\/mrnews.com.br\/index.php\/wp-json\/wp\/v2\/posts"}],"about":[{"href":"https:\/\/mrnews.com.br\/index.php\/wp-json\/wp\/v2\/types\/post"}],"author":[{"embeddable":true,"href":"https:\/\/mrnews.com.br\/index.php\/wp-json\/wp\/v2\/users\/1"}],"replies":[{"embeddable":true,"href":"https:\/\/mrnews.com.br\/index.php\/wp-json\/wp\/v2\/comments?post=446785"}],"version-history":[{"count":0,"href":"https:\/\/mrnews.com.br\/index.php\/wp-json\/wp\/v2\/posts\/446785\/revisions"}],"wp:attachment":[{"href":"https:\/\/mrnews.com.br\/index.php\/wp-json\/wp\/v2\/media?parent=446785"}],"wp:term":[{"taxonomy":"category","embeddable":true,"href":"https:\/\/mrnews.com.br\/index.php\/wp-json\/wp\/v2\/categories?post=446785"},{"taxonomy":"post_tag","embeddable":true,"href":"https:\/\/mrnews.com.br\/index.php\/wp-json\/wp\/v2\/tags?post=446785"}],"curies":[{"name":"wp","href":"https:\/\/api.w.org\/{rel}","templated":true}]}}