{"id":446786,"date":"2025-07-25T14:00:34","date_gmt":"2025-07-25T17:00:34","guid":{"rendered":"https:\/\/mrnews.com.br\/index.php\/2025\/07\/25\/mulheres-negras-debatem-justica-fiscal-a-partir-da-realidade-economica\/"},"modified":"2025-07-25T14:00:34","modified_gmt":"2025-07-25T17:00:34","slug":"mulheres-negras-debatem-justica-fiscal-a-partir-da-realidade-economica","status":"publish","type":"post","link":"https:\/\/mrnews.com.br\/index.php\/2025\/07\/25\/mulheres-negras-debatem-justica-fiscal-a-partir-da-realidade-economica\/","title":{"rendered":"Mulheres negras debatem justi\u00e7a fiscal a partir da realidade econ\u00f4mica"},"content":{"rendered":"<p>Por EBC, <\/p>\n<div>\n<p><strong>No Brasil, a popula\u00e7\u00e3o mais pobre,\u00a0especialmente as mulheres negras, arca com a maior carga proporcional de impostos.<\/strong> Na avalia\u00e7\u00e3o da professora e pesquisadora no assunto, Para , e prop\u00f5e uma\u00a0reforma tribut\u00e1ria que considere\u00a0a capacidade econ\u00f4mica de contribui\u00e7\u00e3o de cada cidad\u00e3o.<\/p>\n<p>A <strong>ideia de justi\u00e7a fiscal parte de um princ\u00edpio simples, previsto na Constitui\u00e7\u00e3o: cada pessoa deve contribuir com tributos de acordo com sua capacidade econ\u00f4mica.<\/strong><\/p>\n<p>Art. 145, \u00a71\u00ba \u2013 Sempre que poss\u00edvel, os impostos ter\u00e3o car\u00e1ter pessoal e ser\u00e3o graduados segundo a capacidade econ\u00f4mica do contribuinte, facultado \u00e0 administra\u00e7\u00e3o tribut\u00e1ria, especialmente para conferir efetividade a esses objetivos, identificar, respeitados os direitos individuais e nos termos da lei, o patrim\u00f4nio, renda e as atividades econ\u00f4micas do contribuinte.<\/p>\n<p>Mas os dados mostram que a <strong>distor\u00e7\u00e3o atinge de forma mais dura as mulheres negras.<\/strong> <strong>Segundo a pesquisadora, os 10% mais pobres do pa\u00eds comprometem cerca de 30% da renda com impostos sobre o consumo \u2014 como os embutidos em alimentos, transporte, g\u00e1s e produtos de higiene. <\/strong>J\u00e1 os 10% mais ricos comprometem apenas 10% de sua renda com esses mesmos tributos. Ou seja, <strong>quem tem menos paga proporcionalmente mais.<\/strong><\/p>\n<p>&gt;&gt; Siga o canal da <strong>Ag\u00eancia Brasil <\/strong>no WhatsApp<\/p>\n<div class=\"dnd-widget-wrapper context-cheio_8colunas type-image\">\n<div class=\"dnd-atom-rendered\"><!-- scald=431852:cheio_8colunas --><\/p>\n<p>    <!-- END scald=431852 --><\/div>\n<div class=\"dnd-caption-wrapper\">\n<p><!--copyright=431852-->Para Professora e pesquisadora Eliane Barbosa, a\u00a0desigualdade no sistema tribut\u00e1rio refor\u00e7a injusti\u00e7as hist\u00f3ricas e sociais\u00a0<strong>Foto:<\/strong> Valter Campanato\/Ag\u00eancia Brasil<!--END copyright=431852--><\/p>\n<\/div>\n<\/div>\n<p>Eliane chama aten\u00e7\u00e3o para as mulheres negras, que est\u00e3o entre as mais atingidas por esse modelo injusto de arrecada\u00e7\u00e3o. <strong>Muitas vezes s\u00e3o elas as respons\u00e1veis por sustentar toda uma rede familiar \u2014 m\u00e3es, av\u00f3s, irm\u00e3os, filhos \u2014 acumulando fun\u00e7\u00f5es e despesas que ultrapassam sua renda formal.<\/strong><\/p>\n<blockquote>\n<p>\u201cQuando se fala em sal\u00e1rio, \u00e9 preciso considerar o valor nominal e o valor efetivo. Para algumas mulheres negras, o sal\u00e1rio n\u00e3o \u00e9 apenas o que recebem \u2014 \u00e9 o que garante a sobreviv\u00eancia de toda a fam\u00edlia. Por isso, o mesmo valor tem um peso e um impacto muito diferentes\u201d, explica Eliane Barbosa.<\/p>\n<\/blockquote>\n<p><strong>Para Eliane, a isen\u00e7\u00e3o do Imposto de Renda para quem ganha at\u00e9 R$ 5 mil \u00e9 uma medida necess\u00e1ria, mas ainda insuficiente.<\/strong> Ela defende uma reestrutura\u00e7\u00e3o tribut\u00e1ria mais ampla, que leve em conta n\u00e3o apenas a renda declarada, mas o ac\u00famulo hist\u00f3rico de privil\u00e9gios, as desigualdades raciais e de origem, e a realidade concreta da vida de cada contribuinte.<\/p>\n<blockquote>\n<p>\u201cO sistema tribut\u00e1rio brasileiro precisa cumprir o que est\u00e1 na Constitui\u00e7\u00e3o: sempre que poss\u00edvel, os impostos devem ter car\u00e1ter pessoal e ser graduados conforme a capacidade econ\u00f4mica do contribuinte. Isso n\u00e3o \u00e9 um favor, \u00e9 um dever do Estado\u201d, afirma a pesquisadora.<\/p>\n<\/blockquote>\n<p>Ela tamb\u00e9m ressalta que a justi\u00e7a fiscal \u00e9 um instrumento potente de transforma\u00e7\u00e3o social. <strong>Ent\u00e3o pol\u00edticas de tributa\u00e7\u00e3o mais progressiva \u2014 aquelas que cobram mais de quem tem mais \u2014 podem gerar recursos para financiar sa\u00fade, educa\u00e7\u00e3o, infraestrutura e programas de combate \u00e0 pobreza.<\/strong><\/p>\n<blockquote>\n<p>\u201cO atual sistema refor\u00e7a desigualdades. Se queremos um pa\u00eds mais justo, precisamos de um modelo tribut\u00e1rio que distribua o peso com mais equidade. Mulheres negras, historicamente exclu\u00eddas das oportunidades, n\u00e3o podem continuar sendo as mais penalizadas por um sistema que n\u00e3o reconhece sua realidade\u201d, conclui.<\/p>\n<\/blockquote>\n<h2>Isen\u00e7\u00f5es\u00a0e a exclus\u00e3o das mulheres negras<\/h2>\n<p>A <strong>soci\u00f3loga e pesquisadora Roseli Bezerra chama aten\u00e7\u00e3o para os desequil\u00edbrios na arrecada\u00e7\u00e3o de tributos, especialmente nos munic\u00edpios.<\/strong> Para ela, a estrutura tribut\u00e1ria brasileira aprofunda injusti\u00e7as hist\u00f3ricas quando concede\u00a0isen\u00e7\u00f5es fiscais a grandes empresas, como as do setor mineral, enquanto os tributos sobre o consumo penalizam especialmente quem tem menor renda.<\/p>\n<blockquote>\n<p>\u201cEnquanto essas corpora\u00e7\u00f5es desfrutam de isen\u00e7\u00f5es significativas, vemos mulheres negras vivendo abaixo da linha da pobreza, com renda insuficiente at\u00e9 para garantir o b\u00e1sico. Isso \u00e9 uma viol\u00eancia fiscal, \u00e9 a nega\u00e7\u00e3o sistem\u00e1tica de direitos.\u201d destaca Roseli Bezerra.<\/p>\n<\/blockquote>\n<p>Ela aponta que a arrecada\u00e7\u00e3o n\u00e3o se transforma em retorno social para quem mais precisa \u2014 como acesso digno \u00e0 sa\u00fade, educa\u00e7\u00e3o ou seguran\u00e7a alimentar. <strong>Em estados da Amaz\u00f4nia Legal, por exemplo, onde a minera\u00e7\u00e3o predomina, a riqueza extra\u00edda contrasta com a aus\u00eancia de pol\u00edticas p\u00fablicas eficazes nas comunidades locais.\u00a0<\/strong><\/p>\n<p><strong>A pesquisadora refor\u00e7a que o debate sobre justi\u00e7a tribut\u00e1ria n\u00e3o pode estar desvinculado das discuss\u00f5es sobre ra\u00e7a, g\u00eanero e territ\u00f3rio: \u201cEm um pa\u00eds t\u00e3o desigual como o Brasil, discutir tributos sem tocar nas isen\u00e7\u00f5es bilion\u00e1rias concedidas \u00e0s elites econ\u00f4micas \u00e9 ignorar o pacto perverso que sustenta a pobreza das mulheres negras.\u201d<\/strong><\/p>\n<h2>Festival Latinidades<\/h2>\n<p>A Justi\u00e7a Fiscal e Repara\u00e7\u00e3o para Mulheres Negras\u00a0foi tema de debate no Festival Latinidades, no Museu Nacional, em Bras\u00edlia o encontro contou ainda com a participa\u00e7\u00e3o da antrop\u00f3loga Carmela Zigone, e da jornalista Andressa Franco.<\/p>\n<p><strong>O Festival Latinidades segue at\u00e9 s\u00e1bado com debates, artes pl\u00e1sticas, feira e <em>shows<\/em>.<\/strong><\/p>\n<p>\u00a0<\/p>\n<p>      <!-- Relacionada --><\/p>\n<p>            <!-- Relacionada -->\n    <\/div>\n","protected":false},"excerpt":{"rendered":"<p>Por EBC, No Brasil, a popula\u00e7\u00e3o mais pobre,\u00a0especialmente as mulheres negras, arca com a maior carga proporcional de impostos. Na avalia\u00e7\u00e3o da professora e pesquisadora no assunto, Para , e prop\u00f5e uma\u00a0reforma tribut\u00e1ria que considere\u00a0a capacidade econ\u00f4mica de contribui\u00e7\u00e3o de cada cidad\u00e3o. A ideia de justi\u00e7a fiscal parte de um princ\u00edpio simples, previsto na Constitui\u00e7\u00e3o: &hellip;<\/p>\n","protected":false},"author":1,"featured_media":0,"comment_status":"open","ping_status":"open","sticky":false,"template":"","format":"standard","meta":{"_jetpack_memberships_contains_paid_content":false,"footnotes":""},"categories":[2,12225,4],"tags":[],"class_list":["post-446786","post","type-post","status-publish","format-standard","hentry","category-entretenimento","category-noticias","category-servicos"],"yoast_head":"<!-- This site is optimized with the Yoast SEO plugin v27.5 - https:\/\/yoast.com\/product\/yoast-seo-wordpress\/ -->\n<title>Mulheres negras debatem justi\u00e7a fiscal a partir da realidade econ\u00f4mica<\/title>\n<meta name=\"robots\" content=\"index, follow, max-snippet:-1, max-image-preview:large, max-video-preview:-1\" \/>\n<link rel=\"canonical\" href=\"https:\/\/mrnews.com.br\/index.php\/2025\/07\/25\/mulheres-negras-debatem-justica-fiscal-a-partir-da-realidade-economica\/\" \/>\n<meta property=\"og:locale\" content=\"pt_BR\" \/>\n<meta property=\"og:type\" content=\"article\" \/>\n<meta property=\"og:title\" content=\"Mulheres negras debatem justi\u00e7a fiscal a partir da realidade econ\u00f4mica\" \/>\n<meta property=\"og:description\" content=\"Por EBC, No Brasil, a popula\u00e7\u00e3o mais pobre,\u00a0especialmente as mulheres negras, arca com a maior carga proporcional de impostos. Na avalia\u00e7\u00e3o da professora e pesquisadora no assunto, Para , e prop\u00f5e uma\u00a0reforma tribut\u00e1ria que considere\u00a0a capacidade econ\u00f4mica de contribui\u00e7\u00e3o de cada cidad\u00e3o. A ideia de justi\u00e7a fiscal parte de um princ\u00edpio simples, previsto na Constitui\u00e7\u00e3o: &hellip;\" \/>\n<meta property=\"og:url\" content=\"https:\/\/mrnews.com.br\/index.php\/2025\/07\/25\/mulheres-negras-debatem-justica-fiscal-a-partir-da-realidade-economica\/\" \/>\n<meta property=\"og:site_name\" content=\"MRNews\" \/>\n<meta property=\"article:publisher\" content=\"https:\/\/www.facebook.com\/eaipahpah\/?locale2=pt_BR\" \/>\n<meta property=\"article:published_time\" content=\"2025-07-25T17:00:34+00:00\" \/>\n<meta name=\"author\" content=\"MR News\" \/>\n<meta name=\"twitter:card\" content=\"summary_large_image\" \/>\n<meta name=\"twitter:creator\" content=\"@conspirou\" \/>\n<meta name=\"twitter:site\" content=\"@conspirou\" \/>\n<meta name=\"twitter:label1\" content=\"Escrito por\" \/>\n\t<meta name=\"twitter:data1\" content=\"MR News\" \/>\n\t<meta name=\"twitter:label2\" content=\"Est. tempo de leitura\" \/>\n\t<meta name=\"twitter:data2\" content=\"4 minutos\" \/>\n<script type=\"application\/ld+json\" class=\"yoast-schema-graph\">{\"@context\":\"https:\\\/\\\/schema.org\",\"@graph\":[{\"@type\":\"Article\",\"@id\":\"https:\\\/\\\/mrnews.com.br\\\/index.php\\\/2025\\\/07\\\/25\\\/mulheres-negras-debatem-justica-fiscal-a-partir-da-realidade-economica\\\/#article\",\"isPartOf\":{\"@id\":\"https:\\\/\\\/mrnews.com.br\\\/index.php\\\/2025\\\/07\\\/25\\\/mulheres-negras-debatem-justica-fiscal-a-partir-da-realidade-economica\\\/\"},\"author\":{\"name\":\"MR News\",\"@id\":\"https:\\\/\\\/mrnews.com.br\\\/#\\\/schema\\\/person\\\/be3203154562a9f207407861cef7827b\"},\"headline\":\"Mulheres negras debatem justi\u00e7a fiscal a partir da realidade econ\u00f4mica\",\"datePublished\":\"2025-07-25T17:00:34+00:00\",\"mainEntityOfPage\":{\"@id\":\"https:\\\/\\\/mrnews.com.br\\\/index.php\\\/2025\\\/07\\\/25\\\/mulheres-negras-debatem-justica-fiscal-a-partir-da-realidade-economica\\\/\"},\"wordCount\":862,\"commentCount\":0,\"publisher\":{\"@id\":\"https:\\\/\\\/mrnews.com.br\\\/#organization\"},\"articleSection\":[\"ENTRETENIMENTO\",\"NOTICIAS\",\"SERVI\u00c7OS\"],\"inLanguage\":\"pt-BR\",\"potentialAction\":[{\"@type\":\"CommentAction\",\"name\":\"Comment\",\"target\":[\"https:\\\/\\\/mrnews.com.br\\\/index.php\\\/2025\\\/07\\\/25\\\/mulheres-negras-debatem-justica-fiscal-a-partir-da-realidade-economica\\\/#respond\"]}]},{\"@type\":\"WebPage\",\"@id\":\"https:\\\/\\\/mrnews.com.br\\\/index.php\\\/2025\\\/07\\\/25\\\/mulheres-negras-debatem-justica-fiscal-a-partir-da-realidade-economica\\\/\",\"url\":\"https:\\\/\\\/mrnews.com.br\\\/index.php\\\/2025\\\/07\\\/25\\\/mulheres-negras-debatem-justica-fiscal-a-partir-da-realidade-economica\\\/\",\"name\":\"Mulheres negras debatem justi\u00e7a fiscal a partir da realidade econ\u00f4mica\",\"isPartOf\":{\"@id\":\"https:\\\/\\\/mrnews.com.br\\\/#website\"},\"datePublished\":\"2025-07-25T17:00:34+00:00\",\"breadcrumb\":{\"@id\":\"https:\\\/\\\/mrnews.com.br\\\/index.php\\\/2025\\\/07\\\/25\\\/mulheres-negras-debatem-justica-fiscal-a-partir-da-realidade-economica\\\/#breadcrumb\"},\"inLanguage\":\"pt-BR\",\"potentialAction\":[{\"@type\":\"ReadAction\",\"target\":[\"https:\\\/\\\/mrnews.com.br\\\/index.php\\\/2025\\\/07\\\/25\\\/mulheres-negras-debatem-justica-fiscal-a-partir-da-realidade-economica\\\/\"]}]},{\"@type\":\"BreadcrumbList\",\"@id\":\"https:\\\/\\\/mrnews.com.br\\\/index.php\\\/2025\\\/07\\\/25\\\/mulheres-negras-debatem-justica-fiscal-a-partir-da-realidade-economica\\\/#breadcrumb\",\"itemListElement\":[{\"@type\":\"ListItem\",\"position\":1,\"name\":\"In\u00edcio\",\"item\":\"https:\\\/\\\/mrnews.com.br\\\/\"},{\"@type\":\"ListItem\",\"position\":2,\"name\":\"Mulheres negras debatem justi\u00e7a fiscal a partir da realidade econ\u00f4mica\"}]},{\"@type\":\"WebSite\",\"@id\":\"https:\\\/\\\/mrnews.com.br\\\/#website\",\"url\":\"https:\\\/\\\/mrnews.com.br\\\/\",\"name\":\"MRNews\",\"description\":\"MRNews Jogos de hoje da TV, transmiss\u00f5es ao vivo, Not\u00edcias de futebol, Jogos ao vivo, Lives, resumo de novelas, Programa\u00e7\u00e3o da Globo, A Fazenda e BBB\",\"publisher\":{\"@id\":\"https:\\\/\\\/mrnews.com.br\\\/#organization\"},\"potentialAction\":[{\"@type\":\"SearchAction\",\"target\":{\"@type\":\"EntryPoint\",\"urlTemplate\":\"https:\\\/\\\/mrnews.com.br\\\/?s={search_term_string}\"},\"query-input\":{\"@type\":\"PropertyValueSpecification\",\"valueRequired\":true,\"valueName\":\"search_term_string\"}}],\"inLanguage\":\"pt-BR\"},{\"@type\":\"Organization\",\"@id\":\"https:\\\/\\\/mrnews.com.br\\\/#organization\",\"name\":\"MRNews\",\"url\":\"https:\\\/\\\/mrnews.com.br\\\/\",\"logo\":{\"@type\":\"ImageObject\",\"inLanguage\":\"pt-BR\",\"@id\":\"https:\\\/\\\/mrnews.com.br\\\/#\\\/schema\\\/logo\\\/image\\\/\",\"url\":\"https:\\\/\\\/mrnews.com.br\\\/wp-content\\\/uploads\\\/2019\\\/06\\\/MRNewslogo2.png\",\"contentUrl\":\"https:\\\/\\\/mrnews.com.br\\\/wp-content\\\/uploads\\\/2019\\\/06\\\/MRNewslogo2.png\",\"width\":223,\"height\":58,\"caption\":\"MRNews\"},\"image\":{\"@id\":\"https:\\\/\\\/mrnews.com.br\\\/#\\\/schema\\\/logo\\\/image\\\/\"},\"sameAs\":[\"https:\\\/\\\/www.facebook.com\\\/eaipahpah\\\/?locale2=pt_BR\",\"https:\\\/\\\/x.com\\\/conspirou\",\"https:\\\/\\\/www.instagram.com\\\/eai_pahpah\",\"https:\\\/\\\/br.pinterest.com\\\/mrnewsn\\\/boards\\\/\",\"https:\\\/\\\/www.youtube.com\\\/channel\\\/UCacgnpznQ61fifLWr1tQ-vA?view_as=subscriber\"]},{\"@type\":\"Person\",\"@id\":\"https:\\\/\\\/mrnews.com.br\\\/#\\\/schema\\\/person\\\/be3203154562a9f207407861cef7827b\",\"name\":\"MR News\",\"image\":{\"@type\":\"ImageObject\",\"inLanguage\":\"pt-BR\",\"@id\":\"https:\\\/\\\/secure.gravatar.com\\\/avatar\\\/04084e6d73c042b8646e7c17b494073bf0ede3ea13c7105cfc45cbbbc28385a4?s=96&d=monsterid&r=g\",\"url\":\"https:\\\/\\\/secure.gravatar.com\\\/avatar\\\/04084e6d73c042b8646e7c17b494073bf0ede3ea13c7105cfc45cbbbc28385a4?s=96&d=monsterid&r=g\",\"contentUrl\":\"https:\\\/\\\/secure.gravatar.com\\\/avatar\\\/04084e6d73c042b8646e7c17b494073bf0ede3ea13c7105cfc45cbbbc28385a4?s=96&d=monsterid&r=g\",\"caption\":\"MR News\"},\"description\":\"Especializado em jornalismo colaborativo pela FTP em n\u00edvel de p\u00f3s-gradua\u00e7\u00e3o. suporte@oimeliga.combr\",\"sameAs\":[\"HUGO R.\",\"Admin\"],\"url\":\"https:\\\/\\\/mrnews.com.br\\\/index.php\\\/author\\\/admin\\\/\"}]}<\/script>\n<!-- \/ Yoast SEO plugin. -->","yoast_head_json":{"title":"Mulheres negras debatem justi\u00e7a fiscal a partir da realidade econ\u00f4mica","robots":{"index":"index","follow":"follow","max-snippet":"max-snippet:-1","max-image-preview":"max-image-preview:large","max-video-preview":"max-video-preview:-1"},"canonical":"https:\/\/mrnews.com.br\/index.php\/2025\/07\/25\/mulheres-negras-debatem-justica-fiscal-a-partir-da-realidade-economica\/","og_locale":"pt_BR","og_type":"article","og_title":"Mulheres negras debatem justi\u00e7a fiscal a partir da realidade econ\u00f4mica","og_description":"Por EBC, No Brasil, a popula\u00e7\u00e3o mais pobre,\u00a0especialmente as mulheres negras, arca com a maior carga proporcional de impostos. Na avalia\u00e7\u00e3o da professora e pesquisadora no assunto, Para , e prop\u00f5e uma\u00a0reforma tribut\u00e1ria que considere\u00a0a capacidade econ\u00f4mica de contribui\u00e7\u00e3o de cada cidad\u00e3o. A ideia de justi\u00e7a fiscal parte de um princ\u00edpio simples, previsto na Constitui\u00e7\u00e3o: &hellip;","og_url":"https:\/\/mrnews.com.br\/index.php\/2025\/07\/25\/mulheres-negras-debatem-justica-fiscal-a-partir-da-realidade-economica\/","og_site_name":"MRNews","article_publisher":"https:\/\/www.facebook.com\/eaipahpah\/?locale2=pt_BR","article_published_time":"2025-07-25T17:00:34+00:00","author":"MR News","twitter_card":"summary_large_image","twitter_creator":"@conspirou","twitter_site":"@conspirou","twitter_misc":{"Escrito por":"MR News","Est. tempo de leitura":"4 minutos"},"schema":{"@context":"https:\/\/schema.org","@graph":[{"@type":"Article","@id":"https:\/\/mrnews.com.br\/index.php\/2025\/07\/25\/mulheres-negras-debatem-justica-fiscal-a-partir-da-realidade-economica\/#article","isPartOf":{"@id":"https:\/\/mrnews.com.br\/index.php\/2025\/07\/25\/mulheres-negras-debatem-justica-fiscal-a-partir-da-realidade-economica\/"},"author":{"name":"MR News","@id":"https:\/\/mrnews.com.br\/#\/schema\/person\/be3203154562a9f207407861cef7827b"},"headline":"Mulheres negras debatem justi\u00e7a fiscal a partir da realidade econ\u00f4mica","datePublished":"2025-07-25T17:00:34+00:00","mainEntityOfPage":{"@id":"https:\/\/mrnews.com.br\/index.php\/2025\/07\/25\/mulheres-negras-debatem-justica-fiscal-a-partir-da-realidade-economica\/"},"wordCount":862,"commentCount":0,"publisher":{"@id":"https:\/\/mrnews.com.br\/#organization"},"articleSection":["ENTRETENIMENTO","NOTICIAS","SERVI\u00c7OS"],"inLanguage":"pt-BR","potentialAction":[{"@type":"CommentAction","name":"Comment","target":["https:\/\/mrnews.com.br\/index.php\/2025\/07\/25\/mulheres-negras-debatem-justica-fiscal-a-partir-da-realidade-economica\/#respond"]}]},{"@type":"WebPage","@id":"https:\/\/mrnews.com.br\/index.php\/2025\/07\/25\/mulheres-negras-debatem-justica-fiscal-a-partir-da-realidade-economica\/","url":"https:\/\/mrnews.com.br\/index.php\/2025\/07\/25\/mulheres-negras-debatem-justica-fiscal-a-partir-da-realidade-economica\/","name":"Mulheres negras debatem justi\u00e7a fiscal a partir da realidade econ\u00f4mica","isPartOf":{"@id":"https:\/\/mrnews.com.br\/#website"},"datePublished":"2025-07-25T17:00:34+00:00","breadcrumb":{"@id":"https:\/\/mrnews.com.br\/index.php\/2025\/07\/25\/mulheres-negras-debatem-justica-fiscal-a-partir-da-realidade-economica\/#breadcrumb"},"inLanguage":"pt-BR","potentialAction":[{"@type":"ReadAction","target":["https:\/\/mrnews.com.br\/index.php\/2025\/07\/25\/mulheres-negras-debatem-justica-fiscal-a-partir-da-realidade-economica\/"]}]},{"@type":"BreadcrumbList","@id":"https:\/\/mrnews.com.br\/index.php\/2025\/07\/25\/mulheres-negras-debatem-justica-fiscal-a-partir-da-realidade-economica\/#breadcrumb","itemListElement":[{"@type":"ListItem","position":1,"name":"In\u00edcio","item":"https:\/\/mrnews.com.br\/"},{"@type":"ListItem","position":2,"name":"Mulheres negras debatem justi\u00e7a fiscal a partir da realidade econ\u00f4mica"}]},{"@type":"WebSite","@id":"https:\/\/mrnews.com.br\/#website","url":"https:\/\/mrnews.com.br\/","name":"MRNews","description":"MRNews Jogos de hoje da TV, transmiss\u00f5es ao vivo, Not\u00edcias de futebol, Jogos ao vivo, Lives, resumo de novelas, Programa\u00e7\u00e3o da Globo, A Fazenda e BBB","publisher":{"@id":"https:\/\/mrnews.com.br\/#organization"},"potentialAction":[{"@type":"SearchAction","target":{"@type":"EntryPoint","urlTemplate":"https:\/\/mrnews.com.br\/?s={search_term_string}"},"query-input":{"@type":"PropertyValueSpecification","valueRequired":true,"valueName":"search_term_string"}}],"inLanguage":"pt-BR"},{"@type":"Organization","@id":"https:\/\/mrnews.com.br\/#organization","name":"MRNews","url":"https:\/\/mrnews.com.br\/","logo":{"@type":"ImageObject","inLanguage":"pt-BR","@id":"https:\/\/mrnews.com.br\/#\/schema\/logo\/image\/","url":"https:\/\/mrnews.com.br\/wp-content\/uploads\/2019\/06\/MRNewslogo2.png","contentUrl":"https:\/\/mrnews.com.br\/wp-content\/uploads\/2019\/06\/MRNewslogo2.png","width":223,"height":58,"caption":"MRNews"},"image":{"@id":"https:\/\/mrnews.com.br\/#\/schema\/logo\/image\/"},"sameAs":["https:\/\/www.facebook.com\/eaipahpah\/?locale2=pt_BR","https:\/\/x.com\/conspirou","https:\/\/www.instagram.com\/eai_pahpah","https:\/\/br.pinterest.com\/mrnewsn\/boards\/","https:\/\/www.youtube.com\/channel\/UCacgnpznQ61fifLWr1tQ-vA?view_as=subscriber"]},{"@type":"Person","@id":"https:\/\/mrnews.com.br\/#\/schema\/person\/be3203154562a9f207407861cef7827b","name":"MR News","image":{"@type":"ImageObject","inLanguage":"pt-BR","@id":"https:\/\/secure.gravatar.com\/avatar\/04084e6d73c042b8646e7c17b494073bf0ede3ea13c7105cfc45cbbbc28385a4?s=96&d=monsterid&r=g","url":"https:\/\/secure.gravatar.com\/avatar\/04084e6d73c042b8646e7c17b494073bf0ede3ea13c7105cfc45cbbbc28385a4?s=96&d=monsterid&r=g","contentUrl":"https:\/\/secure.gravatar.com\/avatar\/04084e6d73c042b8646e7c17b494073bf0ede3ea13c7105cfc45cbbbc28385a4?s=96&d=monsterid&r=g","caption":"MR News"},"description":"Especializado em jornalismo colaborativo pela FTP em n\u00edvel de p\u00f3s-gradua\u00e7\u00e3o. suporte@oimeliga.combr","sameAs":["HUGO R.","Admin"],"url":"https:\/\/mrnews.com.br\/index.php\/author\/admin\/"}]}},"jetpack_featured_media_url":"","jetpack_sharing_enabled":true,"jetpack_shortlink":"https:\/\/wp.me\/pa2Qf7-1See","amp_enabled":true,"_links":{"self":[{"href":"https:\/\/mrnews.com.br\/index.php\/wp-json\/wp\/v2\/posts\/446786","targetHints":{"allow":["GET"]}}],"collection":[{"href":"https:\/\/mrnews.com.br\/index.php\/wp-json\/wp\/v2\/posts"}],"about":[{"href":"https:\/\/mrnews.com.br\/index.php\/wp-json\/wp\/v2\/types\/post"}],"author":[{"embeddable":true,"href":"https:\/\/mrnews.com.br\/index.php\/wp-json\/wp\/v2\/users\/1"}],"replies":[{"embeddable":true,"href":"https:\/\/mrnews.com.br\/index.php\/wp-json\/wp\/v2\/comments?post=446786"}],"version-history":[{"count":0,"href":"https:\/\/mrnews.com.br\/index.php\/wp-json\/wp\/v2\/posts\/446786\/revisions"}],"wp:attachment":[{"href":"https:\/\/mrnews.com.br\/index.php\/wp-json\/wp\/v2\/media?parent=446786"}],"wp:term":[{"taxonomy":"category","embeddable":true,"href":"https:\/\/mrnews.com.br\/index.php\/wp-json\/wp\/v2\/categories?post=446786"},{"taxonomy":"post_tag","embeddable":true,"href":"https:\/\/mrnews.com.br\/index.php\/wp-json\/wp\/v2\/tags?post=446786"}],"curies":[{"name":"wp","href":"https:\/\/api.w.org\/{rel}","templated":true}]}}