{"id":446811,"date":"2025-07-25T21:43:34","date_gmt":"2025-07-26T00:43:34","guid":{"rendered":"https:\/\/mrnews.com.br\/index.php\/2025\/07\/25\/padilha-reafirma-que-tarifaco-nao-fara-ministerio-da-saude-retaliar\/"},"modified":"2025-07-25T21:43:34","modified_gmt":"2025-07-26T00:43:34","slug":"padilha-reafirma-que-tarifaco-nao-fara-ministerio-da-saude-retaliar","status":"publish","type":"post","link":"https:\/\/mrnews.com.br\/index.php\/2025\/07\/25\/padilha-reafirma-que-tarifaco-nao-fara-ministerio-da-saude-retaliar\/","title":{"rendered":"Padilha reafirma que tarifa\u00e7o n\u00e3o far\u00e1 Minist\u00e9rio da Sa\u00fade retaliar"},"content":{"rendered":"<p>Por EBC, <\/p>\n<div>\n<p><strong>O ministro da Sa\u00fade, Alexandre Padilha, reafirmou nesta sexta-feira (25), em evento na Federa\u00e7\u00e3o das Ind\u00fastrias do Estado de S\u00e3o Paulo (Fiesp), que o tarifa\u00e7o anunciado pelos Estados Unidos contra o Brasil n\u00e3o far\u00e1 com que o minist\u00e9rio haja contra a propriedade intelectual como forma de retalia\u00e7\u00e3o. <\/strong>Padilha disse que o pa\u00eds deve apostar na negocia\u00e7\u00e3o e n\u00e3o se mover por \u201can\u00fancios irracionais\u201d do presidente Donald Trump.<\/p>\n<blockquote>\n<p>\u201cA nossa postura \u00e9 essa, n\u00e3o vamos nos mover por an\u00fancios irracionais porque j\u00e1 foram feitos aos montes e n\u00e3o necessariamente viraram realidade. N\u00e3o vamos mudar qualquer tradi\u00e7\u00e3o do Minist\u00e9rio da Sa\u00fade, de apostar na parceria p\u00fablico-privada, de apostar na atra\u00e7\u00e3o de investimentos internacionais, no respeito \u00e0 propriedade intelectual, n\u00f3s somos signat\u00e1rios do dos Acordos da OMS [Organiza\u00e7\u00e3o Mundial da Sa\u00fade]\u201d, disse.<\/p>\n<\/blockquote>\n<p>Para o caso de uma eventual retalia\u00e7\u00e3o do Brasil contra os EUA, a lei brasileira de reciprocidade, j\u00e1 em vigor, estabelece crit\u00e9rios para a suspens\u00e3o de concess\u00f5es comerciais, de investimentos e de obriga\u00e7\u00f5es relativas a direitos de propriedade intelectual em resposta a medidas unilaterais adotadas por pa\u00eds ou bloco econ\u00f4mico que impactem negativamente a competitividade internacional brasileira.<\/p>\n<h2>Impacto<\/h2>\n<p>Alexandre Padilha reconheceu que, caso o tarifa\u00e7o, de fato, entre em vigor no primeiro dia de agosto, a \u00e1rea da sa\u00fade do Brasil dever\u00e1 ser afetada negativamente. <strong>Padilha afirmou, no entanto, que o pa\u00eds atualmente \u00e9 menos dependente do com\u00e9rcio de insumos com o exterior do que era h\u00e1 alguns anos.\u00a0<\/strong><\/p>\n<blockquote>\n<p>\u201cSe essa irracionalidade [as tarifas anunciadas pelos EUA] virar uma realidade, \u00e9 l\u00f3gico que vai afetar a \u00e1rea da sa\u00fade. Qualquer coisa que v\u00e1 contra o livre com\u00e9rcio, contra o ambiente de produ\u00e7\u00e3o, o ambiente de coopera\u00e7\u00e3o, afeta a sa\u00fade\u201d, disse.<\/p>\n<\/blockquote>\n<p>&#8220;Mas o Brasil tamb\u00e9m \u00e9 menos dependente hoje dos Estados Unidos do que j\u00e1 foi em anos anteriores, em rela\u00e7\u00e3o aos produtos que possam ser adquiridos aqui no nosso pa\u00eds, incorporados no nosso pa\u00eds\u201d, acrescentou.<\/p>\n<p>O ministro ressaltou que o caminho brasileiro ser\u00e1 o de continuar a fortalecer a produ\u00e7\u00e3o nacional para diminuir a depend\u00eancia externa. Ele citou recentes acordos feitos com a China e a \u00edndia, no contexto do Brics, para a produ\u00e7\u00e3o nacional de insulina.\u00a0<\/p>\n<blockquote>\n<p>\u201cA decis\u00e3o do Brasil \u00e9 cada vez mais fortalecer a capacidade de produ\u00e7\u00e3o de insumos de medicamentos, tecnologias na \u00e1rea da sa\u00fade, servi\u00e7o da sa\u00fade para n\u00e3o depender de ningu\u00e9m. N\u00f3s vamos continuar a nossa trilha de fortalecimento da nossa capacidade de produ\u00e7\u00e3o aqui no Brasil, de atra\u00e7\u00e3o de investimentos\u201d, afirmou..<\/p>\n<\/blockquote>\n<h2>Chamada P\u00fablica<\/h2>\n<p>Segundo Padilha, entre as a\u00e7\u00f5es de fortalecimento nacional, est\u00e1 o lan\u00e7amento, realizado nesta sexta, na Fiesp, da chamada p\u00fablica para credenciar o primeiro Centro de Compet\u00eancia em Tecnologias de RNA do pa\u00eds. Com foco em RNA mensageiro (mRNA), a iniciativa \u2013 que conta com uma das mais avan\u00e7adas e seguras tecnologias para vacinas e terapias do mundo \u2013 integra um pacote de a\u00e7\u00f5es voltadas \u00e0 soberania cient\u00edfica do Brasil, para as quais foram destinados R$ 450 milh\u00f5es do governo federal.<\/p>\n<div class=\"dnd-widget-wrapper context-cheio_8colunas type-image\">\n<div class=\"dnd-atom-rendered\"><!-- scald=430073:cheio_8colunas --><\/p>\n<p>    <!-- END scald=430073 --><\/div>\n<div class=\"dnd-caption-wrapper\">\n<p><!--copyright=430073-->Rio de Janeiro (RJ), 06\/07\/2025 \u2013 A ministra da Ci\u00eancia, Tecnologia e Inova\u00e7\u00e3o, Luciana Santos\u00a0 <strong>Foto: Arquivo\/T\u00e2nia R\u00eago\/Ag\u00eancia Brasil\u00a0<\/strong><!--END copyright=430073--><\/p>\n<\/div>\n<\/div>\n<p>O an\u00fancio foi feito pelo ministro da Sa\u00fade e pela ministra de Ci\u00eancia, Tecnologia e Inova\u00e7\u00f5es (MCTI), Luciana Santos, durante o evento Sa\u00fade Estrat\u00e9gica Brasil &#8211; Am\u00e9ricas, organizado pela Organiza\u00e7\u00e3o Pan-Americana da Sa\u00fade (OPAS), na sede do sindicato das ind\u00fastrias.<\/p>\n<blockquote>\n<p>\u201cN\u00f3s sentimos bem na pele o que significa a depend\u00eancia. Sentimos isso de maneira aguda durante o per\u00edodo da covid-19. Embora n\u00f3s tiv\u00e9ssemos no Brasil experimentos e produ\u00e7\u00e3o de vacinas, como \u00e9 o caso do Butantan e da Fiocruz, n\u00f3s tivemos depend\u00eancia, embora tamb\u00e9m produz\u00edssemos, n\u00e3o foi o suficiente\u201d, disse Luciana Santos.<\/p>\n<\/blockquote>\n<p>O regulamento da sele\u00e7\u00e3o p\u00fablica incentivar\u00e1 a execu\u00e7\u00e3o de projetos nas regi\u00f5es Norte, Nordeste e Centro-Oeste, bem como parcerias com Institui\u00e7\u00f5es Cient\u00edficas e Tecnol\u00f3gicas (ICTs) e a participa\u00e7\u00e3o de mestres e doutores.<\/p>\n<p><strong>Entre os resultados esperados est\u00e3o o aumento da produ\u00e7\u00e3o nacional de tecnologias em sa\u00fade, a amplia\u00e7\u00e3o da oferta de terapias avan\u00e7adas e produtos para o Sistema \u00danico de Sa\u00fade (SUS), al\u00e9m do fortalecimento da capacidade nacional de pesquisa cl\u00ednica.<\/strong><\/p>\n<p>\u201cCom isso, esperamos aumentar a produ\u00e7\u00e3o nacional de insumos, bens e tecnologias em sa\u00fade, ampliar a oferta de Terapias Avan\u00e7adas no pa\u00eds e de produtos para o SUS, al\u00e9m de fortalecer estruturas brasileiras de pesquisa cl\u00ednica\u201d, disse a ministra Luciana Santos.<\/p>\n<p>      <!-- Relacionada --><\/p>\n<p>            <!-- Relacionada -->\n    <\/div>\n","protected":false},"excerpt":{"rendered":"<p>Por EBC, O ministro da Sa\u00fade, Alexandre Padilha, reafirmou nesta sexta-feira (25), em evento na Federa\u00e7\u00e3o das Ind\u00fastrias do Estado de S\u00e3o Paulo (Fiesp), que o tarifa\u00e7o anunciado pelos Estados Unidos contra o Brasil n\u00e3o far\u00e1 com que o minist\u00e9rio haja contra a propriedade intelectual como forma de retalia\u00e7\u00e3o. Padilha disse que o pa\u00eds deve &hellip;<\/p>\n","protected":false},"author":1,"featured_media":0,"comment_status":"open","ping_status":"open","sticky":false,"template":"","format":"standard","meta":{"_jetpack_memberships_contains_paid_content":false,"footnotes":""},"categories":[2,12225,4],"tags":[],"class_list":["post-446811","post","type-post","status-publish","format-standard","hentry","category-entretenimento","category-noticias","category-servicos"],"yoast_head":"<!-- This site is optimized with the Yoast SEO plugin v27.5 - https:\/\/yoast.com\/product\/yoast-seo-wordpress\/ -->\n<title>Padilha reafirma que tarifa\u00e7o n\u00e3o far\u00e1 Minist\u00e9rio da Sa\u00fade retaliar<\/title>\n<meta name=\"robots\" content=\"index, follow, max-snippet:-1, max-image-preview:large, max-video-preview:-1\" \/>\n<link rel=\"canonical\" href=\"https:\/\/mrnews.com.br\/index.php\/2025\/07\/25\/padilha-reafirma-que-tarifaco-nao-fara-ministerio-da-saude-retaliar\/\" \/>\n<meta property=\"og:locale\" content=\"pt_BR\" \/>\n<meta property=\"og:type\" content=\"article\" \/>\n<meta property=\"og:title\" content=\"Padilha reafirma que tarifa\u00e7o n\u00e3o far\u00e1 Minist\u00e9rio da Sa\u00fade retaliar\" \/>\n<meta property=\"og:description\" content=\"Por EBC, O ministro da Sa\u00fade, Alexandre Padilha, reafirmou nesta sexta-feira (25), em evento na Federa\u00e7\u00e3o das Ind\u00fastrias do Estado de S\u00e3o Paulo (Fiesp), que o tarifa\u00e7o anunciado pelos Estados Unidos contra o Brasil n\u00e3o far\u00e1 com que o minist\u00e9rio haja contra a propriedade intelectual como forma de retalia\u00e7\u00e3o. Padilha disse que o pa\u00eds deve &hellip;\" \/>\n<meta property=\"og:url\" content=\"https:\/\/mrnews.com.br\/index.php\/2025\/07\/25\/padilha-reafirma-que-tarifaco-nao-fara-ministerio-da-saude-retaliar\/\" \/>\n<meta property=\"og:site_name\" content=\"MRNews\" \/>\n<meta property=\"article:publisher\" content=\"https:\/\/www.facebook.com\/eaipahpah\/?locale2=pt_BR\" \/>\n<meta property=\"article:published_time\" content=\"2025-07-26T00:43:34+00:00\" \/>\n<meta name=\"author\" content=\"MR News\" \/>\n<meta name=\"twitter:card\" content=\"summary_large_image\" \/>\n<meta name=\"twitter:creator\" content=\"@conspirou\" \/>\n<meta name=\"twitter:site\" content=\"@conspirou\" \/>\n<meta name=\"twitter:label1\" content=\"Escrito por\" \/>\n\t<meta name=\"twitter:data1\" content=\"MR News\" \/>\n\t<meta name=\"twitter:label2\" content=\"Est. tempo de leitura\" \/>\n\t<meta name=\"twitter:data2\" content=\"4 minutos\" \/>\n<script type=\"application\/ld+json\" class=\"yoast-schema-graph\">{\"@context\":\"https:\\\/\\\/schema.org\",\"@graph\":[{\"@type\":\"Article\",\"@id\":\"https:\\\/\\\/mrnews.com.br\\\/index.php\\\/2025\\\/07\\\/25\\\/padilha-reafirma-que-tarifaco-nao-fara-ministerio-da-saude-retaliar\\\/#article\",\"isPartOf\":{\"@id\":\"https:\\\/\\\/mrnews.com.br\\\/index.php\\\/2025\\\/07\\\/25\\\/padilha-reafirma-que-tarifaco-nao-fara-ministerio-da-saude-retaliar\\\/\"},\"author\":{\"name\":\"MR News\",\"@id\":\"https:\\\/\\\/mrnews.com.br\\\/#\\\/schema\\\/person\\\/be3203154562a9f207407861cef7827b\"},\"headline\":\"Padilha reafirma que tarifa\u00e7o n\u00e3o far\u00e1 Minist\u00e9rio da Sa\u00fade retaliar\",\"datePublished\":\"2025-07-26T00:43:34+00:00\",\"mainEntityOfPage\":{\"@id\":\"https:\\\/\\\/mrnews.com.br\\\/index.php\\\/2025\\\/07\\\/25\\\/padilha-reafirma-que-tarifaco-nao-fara-ministerio-da-saude-retaliar\\\/\"},\"wordCount\":833,\"commentCount\":0,\"publisher\":{\"@id\":\"https:\\\/\\\/mrnews.com.br\\\/#organization\"},\"articleSection\":[\"ENTRETENIMENTO\",\"NOTICIAS\",\"SERVI\u00c7OS\"],\"inLanguage\":\"pt-BR\",\"potentialAction\":[{\"@type\":\"CommentAction\",\"name\":\"Comment\",\"target\":[\"https:\\\/\\\/mrnews.com.br\\\/index.php\\\/2025\\\/07\\\/25\\\/padilha-reafirma-que-tarifaco-nao-fara-ministerio-da-saude-retaliar\\\/#respond\"]}]},{\"@type\":\"WebPage\",\"@id\":\"https:\\\/\\\/mrnews.com.br\\\/index.php\\\/2025\\\/07\\\/25\\\/padilha-reafirma-que-tarifaco-nao-fara-ministerio-da-saude-retaliar\\\/\",\"url\":\"https:\\\/\\\/mrnews.com.br\\\/index.php\\\/2025\\\/07\\\/25\\\/padilha-reafirma-que-tarifaco-nao-fara-ministerio-da-saude-retaliar\\\/\",\"name\":\"Padilha reafirma que tarifa\u00e7o n\u00e3o far\u00e1 Minist\u00e9rio da Sa\u00fade retaliar\",\"isPartOf\":{\"@id\":\"https:\\\/\\\/mrnews.com.br\\\/#website\"},\"datePublished\":\"2025-07-26T00:43:34+00:00\",\"breadcrumb\":{\"@id\":\"https:\\\/\\\/mrnews.com.br\\\/index.php\\\/2025\\\/07\\\/25\\\/padilha-reafirma-que-tarifaco-nao-fara-ministerio-da-saude-retaliar\\\/#breadcrumb\"},\"inLanguage\":\"pt-BR\",\"potentialAction\":[{\"@type\":\"ReadAction\",\"target\":[\"https:\\\/\\\/mrnews.com.br\\\/index.php\\\/2025\\\/07\\\/25\\\/padilha-reafirma-que-tarifaco-nao-fara-ministerio-da-saude-retaliar\\\/\"]}]},{\"@type\":\"BreadcrumbList\",\"@id\":\"https:\\\/\\\/mrnews.com.br\\\/index.php\\\/2025\\\/07\\\/25\\\/padilha-reafirma-que-tarifaco-nao-fara-ministerio-da-saude-retaliar\\\/#breadcrumb\",\"itemListElement\":[{\"@type\":\"ListItem\",\"position\":1,\"name\":\"In\u00edcio\",\"item\":\"https:\\\/\\\/mrnews.com.br\\\/\"},{\"@type\":\"ListItem\",\"position\":2,\"name\":\"Padilha reafirma que tarifa\u00e7o n\u00e3o far\u00e1 Minist\u00e9rio da Sa\u00fade retaliar\"}]},{\"@type\":\"WebSite\",\"@id\":\"https:\\\/\\\/mrnews.com.br\\\/#website\",\"url\":\"https:\\\/\\\/mrnews.com.br\\\/\",\"name\":\"MRNews\",\"description\":\"MRNews Jogos de hoje da TV, transmiss\u00f5es ao vivo, Not\u00edcias de futebol, Jogos ao vivo, Lives, resumo de novelas, Programa\u00e7\u00e3o da Globo, A Fazenda e BBB\",\"publisher\":{\"@id\":\"https:\\\/\\\/mrnews.com.br\\\/#organization\"},\"potentialAction\":[{\"@type\":\"SearchAction\",\"target\":{\"@type\":\"EntryPoint\",\"urlTemplate\":\"https:\\\/\\\/mrnews.com.br\\\/?s={search_term_string}\"},\"query-input\":{\"@type\":\"PropertyValueSpecification\",\"valueRequired\":true,\"valueName\":\"search_term_string\"}}],\"inLanguage\":\"pt-BR\"},{\"@type\":\"Organization\",\"@id\":\"https:\\\/\\\/mrnews.com.br\\\/#organization\",\"name\":\"MRNews\",\"url\":\"https:\\\/\\\/mrnews.com.br\\\/\",\"logo\":{\"@type\":\"ImageObject\",\"inLanguage\":\"pt-BR\",\"@id\":\"https:\\\/\\\/mrnews.com.br\\\/#\\\/schema\\\/logo\\\/image\\\/\",\"url\":\"https:\\\/\\\/mrnews.com.br\\\/wp-content\\\/uploads\\\/2019\\\/06\\\/MRNewslogo2.png\",\"contentUrl\":\"https:\\\/\\\/mrnews.com.br\\\/wp-content\\\/uploads\\\/2019\\\/06\\\/MRNewslogo2.png\",\"width\":223,\"height\":58,\"caption\":\"MRNews\"},\"image\":{\"@id\":\"https:\\\/\\\/mrnews.com.br\\\/#\\\/schema\\\/logo\\\/image\\\/\"},\"sameAs\":[\"https:\\\/\\\/www.facebook.com\\\/eaipahpah\\\/?locale2=pt_BR\",\"https:\\\/\\\/x.com\\\/conspirou\",\"https:\\\/\\\/www.instagram.com\\\/eai_pahpah\",\"https:\\\/\\\/br.pinterest.com\\\/mrnewsn\\\/boards\\\/\",\"https:\\\/\\\/www.youtube.com\\\/channel\\\/UCacgnpznQ61fifLWr1tQ-vA?view_as=subscriber\"]},{\"@type\":\"Person\",\"@id\":\"https:\\\/\\\/mrnews.com.br\\\/#\\\/schema\\\/person\\\/be3203154562a9f207407861cef7827b\",\"name\":\"MR News\",\"image\":{\"@type\":\"ImageObject\",\"inLanguage\":\"pt-BR\",\"@id\":\"https:\\\/\\\/secure.gravatar.com\\\/avatar\\\/04084e6d73c042b8646e7c17b494073bf0ede3ea13c7105cfc45cbbbc28385a4?s=96&d=monsterid&r=g\",\"url\":\"https:\\\/\\\/secure.gravatar.com\\\/avatar\\\/04084e6d73c042b8646e7c17b494073bf0ede3ea13c7105cfc45cbbbc28385a4?s=96&d=monsterid&r=g\",\"contentUrl\":\"https:\\\/\\\/secure.gravatar.com\\\/avatar\\\/04084e6d73c042b8646e7c17b494073bf0ede3ea13c7105cfc45cbbbc28385a4?s=96&d=monsterid&r=g\",\"caption\":\"MR News\"},\"description\":\"Especializado em jornalismo colaborativo pela FTP em n\u00edvel de p\u00f3s-gradua\u00e7\u00e3o. suporte@oimeliga.combr\",\"sameAs\":[\"HUGO R.\",\"Admin\"],\"url\":\"https:\\\/\\\/mrnews.com.br\\\/index.php\\\/author\\\/admin\\\/\"}]}<\/script>\n<!-- \/ Yoast SEO plugin. -->","yoast_head_json":{"title":"Padilha reafirma que tarifa\u00e7o n\u00e3o far\u00e1 Minist\u00e9rio da Sa\u00fade retaliar","robots":{"index":"index","follow":"follow","max-snippet":"max-snippet:-1","max-image-preview":"max-image-preview:large","max-video-preview":"max-video-preview:-1"},"canonical":"https:\/\/mrnews.com.br\/index.php\/2025\/07\/25\/padilha-reafirma-que-tarifaco-nao-fara-ministerio-da-saude-retaliar\/","og_locale":"pt_BR","og_type":"article","og_title":"Padilha reafirma que tarifa\u00e7o n\u00e3o far\u00e1 Minist\u00e9rio da Sa\u00fade retaliar","og_description":"Por EBC, O ministro da Sa\u00fade, Alexandre Padilha, reafirmou nesta sexta-feira (25), em evento na Federa\u00e7\u00e3o das Ind\u00fastrias do Estado de S\u00e3o Paulo (Fiesp), que o tarifa\u00e7o anunciado pelos Estados Unidos contra o Brasil n\u00e3o far\u00e1 com que o minist\u00e9rio haja contra a propriedade intelectual como forma de retalia\u00e7\u00e3o. Padilha disse que o pa\u00eds deve &hellip;","og_url":"https:\/\/mrnews.com.br\/index.php\/2025\/07\/25\/padilha-reafirma-que-tarifaco-nao-fara-ministerio-da-saude-retaliar\/","og_site_name":"MRNews","article_publisher":"https:\/\/www.facebook.com\/eaipahpah\/?locale2=pt_BR","article_published_time":"2025-07-26T00:43:34+00:00","author":"MR News","twitter_card":"summary_large_image","twitter_creator":"@conspirou","twitter_site":"@conspirou","twitter_misc":{"Escrito por":"MR News","Est. tempo de leitura":"4 minutos"},"schema":{"@context":"https:\/\/schema.org","@graph":[{"@type":"Article","@id":"https:\/\/mrnews.com.br\/index.php\/2025\/07\/25\/padilha-reafirma-que-tarifaco-nao-fara-ministerio-da-saude-retaliar\/#article","isPartOf":{"@id":"https:\/\/mrnews.com.br\/index.php\/2025\/07\/25\/padilha-reafirma-que-tarifaco-nao-fara-ministerio-da-saude-retaliar\/"},"author":{"name":"MR News","@id":"https:\/\/mrnews.com.br\/#\/schema\/person\/be3203154562a9f207407861cef7827b"},"headline":"Padilha reafirma que tarifa\u00e7o n\u00e3o far\u00e1 Minist\u00e9rio da Sa\u00fade retaliar","datePublished":"2025-07-26T00:43:34+00:00","mainEntityOfPage":{"@id":"https:\/\/mrnews.com.br\/index.php\/2025\/07\/25\/padilha-reafirma-que-tarifaco-nao-fara-ministerio-da-saude-retaliar\/"},"wordCount":833,"commentCount":0,"publisher":{"@id":"https:\/\/mrnews.com.br\/#organization"},"articleSection":["ENTRETENIMENTO","NOTICIAS","SERVI\u00c7OS"],"inLanguage":"pt-BR","potentialAction":[{"@type":"CommentAction","name":"Comment","target":["https:\/\/mrnews.com.br\/index.php\/2025\/07\/25\/padilha-reafirma-que-tarifaco-nao-fara-ministerio-da-saude-retaliar\/#respond"]}]},{"@type":"WebPage","@id":"https:\/\/mrnews.com.br\/index.php\/2025\/07\/25\/padilha-reafirma-que-tarifaco-nao-fara-ministerio-da-saude-retaliar\/","url":"https:\/\/mrnews.com.br\/index.php\/2025\/07\/25\/padilha-reafirma-que-tarifaco-nao-fara-ministerio-da-saude-retaliar\/","name":"Padilha reafirma que tarifa\u00e7o n\u00e3o far\u00e1 Minist\u00e9rio da Sa\u00fade retaliar","isPartOf":{"@id":"https:\/\/mrnews.com.br\/#website"},"datePublished":"2025-07-26T00:43:34+00:00","breadcrumb":{"@id":"https:\/\/mrnews.com.br\/index.php\/2025\/07\/25\/padilha-reafirma-que-tarifaco-nao-fara-ministerio-da-saude-retaliar\/#breadcrumb"},"inLanguage":"pt-BR","potentialAction":[{"@type":"ReadAction","target":["https:\/\/mrnews.com.br\/index.php\/2025\/07\/25\/padilha-reafirma-que-tarifaco-nao-fara-ministerio-da-saude-retaliar\/"]}]},{"@type":"BreadcrumbList","@id":"https:\/\/mrnews.com.br\/index.php\/2025\/07\/25\/padilha-reafirma-que-tarifaco-nao-fara-ministerio-da-saude-retaliar\/#breadcrumb","itemListElement":[{"@type":"ListItem","position":1,"name":"In\u00edcio","item":"https:\/\/mrnews.com.br\/"},{"@type":"ListItem","position":2,"name":"Padilha reafirma que tarifa\u00e7o n\u00e3o far\u00e1 Minist\u00e9rio da Sa\u00fade retaliar"}]},{"@type":"WebSite","@id":"https:\/\/mrnews.com.br\/#website","url":"https:\/\/mrnews.com.br\/","name":"MRNews","description":"MRNews Jogos de hoje da TV, transmiss\u00f5es ao vivo, Not\u00edcias de futebol, Jogos ao vivo, Lives, resumo de novelas, Programa\u00e7\u00e3o da Globo, A Fazenda e BBB","publisher":{"@id":"https:\/\/mrnews.com.br\/#organization"},"potentialAction":[{"@type":"SearchAction","target":{"@type":"EntryPoint","urlTemplate":"https:\/\/mrnews.com.br\/?s={search_term_string}"},"query-input":{"@type":"PropertyValueSpecification","valueRequired":true,"valueName":"search_term_string"}}],"inLanguage":"pt-BR"},{"@type":"Organization","@id":"https:\/\/mrnews.com.br\/#organization","name":"MRNews","url":"https:\/\/mrnews.com.br\/","logo":{"@type":"ImageObject","inLanguage":"pt-BR","@id":"https:\/\/mrnews.com.br\/#\/schema\/logo\/image\/","url":"https:\/\/mrnews.com.br\/wp-content\/uploads\/2019\/06\/MRNewslogo2.png","contentUrl":"https:\/\/mrnews.com.br\/wp-content\/uploads\/2019\/06\/MRNewslogo2.png","width":223,"height":58,"caption":"MRNews"},"image":{"@id":"https:\/\/mrnews.com.br\/#\/schema\/logo\/image\/"},"sameAs":["https:\/\/www.facebook.com\/eaipahpah\/?locale2=pt_BR","https:\/\/x.com\/conspirou","https:\/\/www.instagram.com\/eai_pahpah","https:\/\/br.pinterest.com\/mrnewsn\/boards\/","https:\/\/www.youtube.com\/channel\/UCacgnpznQ61fifLWr1tQ-vA?view_as=subscriber"]},{"@type":"Person","@id":"https:\/\/mrnews.com.br\/#\/schema\/person\/be3203154562a9f207407861cef7827b","name":"MR News","image":{"@type":"ImageObject","inLanguage":"pt-BR","@id":"https:\/\/secure.gravatar.com\/avatar\/04084e6d73c042b8646e7c17b494073bf0ede3ea13c7105cfc45cbbbc28385a4?s=96&d=monsterid&r=g","url":"https:\/\/secure.gravatar.com\/avatar\/04084e6d73c042b8646e7c17b494073bf0ede3ea13c7105cfc45cbbbc28385a4?s=96&d=monsterid&r=g","contentUrl":"https:\/\/secure.gravatar.com\/avatar\/04084e6d73c042b8646e7c17b494073bf0ede3ea13c7105cfc45cbbbc28385a4?s=96&d=monsterid&r=g","caption":"MR News"},"description":"Especializado em jornalismo colaborativo pela FTP em n\u00edvel de p\u00f3s-gradua\u00e7\u00e3o. suporte@oimeliga.combr","sameAs":["HUGO R.","Admin"],"url":"https:\/\/mrnews.com.br\/index.php\/author\/admin\/"}]}},"jetpack_featured_media_url":"","jetpack_sharing_enabled":true,"jetpack_shortlink":"https:\/\/wp.me\/pa2Qf7-1SeD","amp_enabled":true,"_links":{"self":[{"href":"https:\/\/mrnews.com.br\/index.php\/wp-json\/wp\/v2\/posts\/446811","targetHints":{"allow":["GET"]}}],"collection":[{"href":"https:\/\/mrnews.com.br\/index.php\/wp-json\/wp\/v2\/posts"}],"about":[{"href":"https:\/\/mrnews.com.br\/index.php\/wp-json\/wp\/v2\/types\/post"}],"author":[{"embeddable":true,"href":"https:\/\/mrnews.com.br\/index.php\/wp-json\/wp\/v2\/users\/1"}],"replies":[{"embeddable":true,"href":"https:\/\/mrnews.com.br\/index.php\/wp-json\/wp\/v2\/comments?post=446811"}],"version-history":[{"count":0,"href":"https:\/\/mrnews.com.br\/index.php\/wp-json\/wp\/v2\/posts\/446811\/revisions"}],"wp:attachment":[{"href":"https:\/\/mrnews.com.br\/index.php\/wp-json\/wp\/v2\/media?parent=446811"}],"wp:term":[{"taxonomy":"category","embeddable":true,"href":"https:\/\/mrnews.com.br\/index.php\/wp-json\/wp\/v2\/categories?post=446811"},{"taxonomy":"post_tag","embeddable":true,"href":"https:\/\/mrnews.com.br\/index.php\/wp-json\/wp\/v2\/tags?post=446811"}],"curies":[{"name":"wp","href":"https:\/\/api.w.org\/{rel}","templated":true}]}}