{"id":446851,"date":"2025-07-26T11:44:34","date_gmt":"2025-07-26T14:44:34","guid":{"rendered":"https:\/\/mrnews.com.br\/index.php\/2025\/07\/26\/itaipu-aposta-em-energias-renovaveis-e-quer-dobrar-capacidade\/"},"modified":"2025-07-26T11:44:34","modified_gmt":"2025-07-26T14:44:34","slug":"itaipu-aposta-em-energias-renovaveis-e-quer-dobrar-capacidade","status":"publish","type":"post","link":"https:\/\/mrnews.com.br\/index.php\/2025\/07\/26\/itaipu-aposta-em-energias-renovaveis-e-quer-dobrar-capacidade\/","title":{"rendered":"Itaipu aposta em energias renov\u00e1veis e quer dobrar capacidade"},"content":{"rendered":"<p>Por EBC, <\/p>\n<div>\n<p><strong>Com 9% da produ\u00e7\u00e3o de energia el\u00e9trica consumida no Brasil, a\u00a0hidrel\u00e9trica Itaipu Binacional aposta em outras formas de energia renov\u00e1vel e quer mais que duplicar a capacidade instalada da usina, atualmente de 14 mil megawatts (MW).\u00a0<\/strong>A estrutura que opera comercialmente h\u00e1 40 anos\u00a0em Foz do Igua\u00e7u, no Paran\u00e1,\u00a0\u00e9 fruto de um tratado entre Brasil e Paraguai.<\/p>\n<p><strong>A empresa pretende\u00a0concluir ainda em 2025 a instala\u00e7\u00e3o de um projeto-piloto para gerar energia solar a partir de 1,5 mil placas fotovoltaicas no leito do reservat\u00f3rio do Rio Paran\u00e1, que abastece as turbinas da hidrel\u00e9trica.<\/strong><\/p>\n<div class=\"dnd-widget-wrapper context-medio_4colunas type-image atom-align-right\">\n<div class=\"dnd-atom-rendered\"><!-- scald=431481:medio_4colunas {\"additionalClasses\":\"\"} --><\/p>\n<p>    <!-- END scald=431481 --><\/div>\n<p><h6 class=\"meta\">Enio Jos\u00e9 Verri, diretor-geral brasileiro da Itaipu Binacional, na sede da Usina hidrel\u00e9trica Itaipu Binacional &#8211; <strong>T\u00e2nia R\u00eago\/Ag\u00eancia Brasil<\/strong><!--END copyright=431481--><\/h6>\n<\/p>\n<\/div>\n<p>A constru\u00e7\u00e3o est\u00e1 60% pronta e 85% dos equipamentos j\u00e1 foram comprados. De acordo com o diretor-geral brasileiro de Itaipu, Enio Verri, o projeto deve ser entregue em setembro.<\/p>\n<p>As 1,5 mil placas solares ocupar\u00e3o 1 hectare &#8211; \u00e1rea aproximada de um campo de futebol. Isso \u00e9 menos de 1% dos 1.350 quil\u00f4metros quadrados (km\u00b2) do reservat\u00f3rio.<\/p>\n<p>O investimento \u00e9 de US$ 854,5 mil (cerca de R$ 4,7 milh\u00f5es). As obras s\u00e3o realizadas pelo cons\u00f3rcio binacional formado pelas empresas Sunlution (brasileira) e Luxacril (paraguaia), vencedor de licita\u00e7\u00e3o.<\/p>\n<p><strong>Com as placas solares em funcionamento, Itaipu espera gerar 1 megawatt-pico (MWp), unidade de medida para a capacidade m\u00e1xima de gera\u00e7\u00e3o de energia. Essa energia \u00e9 equivalente ao consumo de 650 casas e ser\u00e1 utilizada para consumo pr\u00f3prio da usina.<\/strong><\/p>\n<p>O superintendente da Assessoria de Energias Renov\u00e1veis da Itaipu, Rog\u00e9rio Meneghetti, estima que, se no futuro Itaipu conseguir cobrir 10% do reservat\u00f3rio com placas solares, ser\u00e1 poss\u00edvel gerar 14 mil MW, o que significa dobrar a capacidade atual da empresa, que deixaria de ser apenas uma hidrel\u00e9trica.<\/p>\n<p>\u201cA ideia \u00e9 que no futuro isso possa ser um novo neg\u00f3cio para a institui\u00e7\u00e3o\u201d, diz. \u201cA gente sabe que tem um potencial gigante no nosso reservat\u00f3rio. Mas n\u00e3o s\u00e3o todas as \u00e1reas que podem ser utilizadas\u201d, explica, acrescentando que haver\u00e1 estudos de impactos ambientais e na navega\u00e7\u00e3o.<\/p>\n<blockquote>\n<p>\u201cOnde \u00e9 \u00e1rea de navega\u00e7\u00e3o, \u00e1rea de reprodu\u00e7\u00e3o de peixes, tudo isso a gente est\u00e1 monitorando, avaliando, para pensar em futuras amplia\u00e7\u00f5es\u201d, adianta.<\/p>\n<\/blockquote>\n<div class=\"dnd-widget-wrapper context-cheio_8colunas type-image\">\n<div class=\"dnd-atom-rendered\"><!-- scald=431988:cheio_8colunas --><\/p>\n<p>    <!-- END scald=431988 --><\/div>\n<p><h6 class=\"meta\">Canteiro de obras da Usina Fotovoltaica Flutuante da Itaipu Binacional\u00a0&#8211; <strong>T\u00e2nia R\u00eago\/Ag\u00eancia Brasil<\/strong><!--END copyright=431988--><\/h6>\n<\/p>\n<\/div>\n<h2>Hidrog\u00eanio verde<\/h2>\n<p>Outras formas de gera\u00e7\u00e3o de energias renov\u00e1veis\u00a0s\u00e3o pesquisadas, desenvolvidas e testadas no Itaipu Parquetec, um centro de inova\u00e7\u00f5es em solu\u00e7\u00f5es sustent\u00e1veis localizado no lado brasileiro de Itaipu.<strong> No Parquetec fica o Centro Avan\u00e7ado de Tecnologia de Hidrog\u00eanio, que desenvolve o hidrog\u00eanio verde.<\/strong><\/p>\n<div class=\"dnd-widget-wrapper context-cheio_8colunas type-image\">\n<div class=\"dnd-atom-rendered\"><!-- scald=431985:cheio_8colunas --><\/p>\n<p>    <!-- END scald=431985 --><\/div>\n<p><h6 class=\"meta\">Centro de Tecnologias de Hidrog\u00eanio, no laborat\u00f3rio de hidrog\u00eanio verde do Itaipu Parquetec &#8211; <strong>T\u00e2nia R\u00eago\/Ag\u00eancia Brasil<\/strong><!--END copyright=431985--><\/h6>\n<\/p>\n<\/div>\n<p>O hidrog\u00eanio \u00e9 um g\u00e1s que pode ser utilizado como combust\u00edvel sem emitir g\u00e1s carb\u00f4nico (CO\u2082), causador do efeito estufa e, por consequ\u00eancia, o aquecimento global. No entanto, apesar de ser o elemento mais comum na natureza, dificilmente \u00e9 encontrado isoladamente. Geralmente est\u00e1 associado a outros elementos, como no caso da \u00e1gua (H\u2082O) \u2013 suprimento abundante em Itaipu.<\/p>\n<p><strong>Um dos meios mais desenvolvidos para extra\u00e7\u00e3o do hidrog\u00eanio \u00e9 a eletr\u00f3lise, quando se extrai a mol\u00e9cula presente na \u00e1gua. Para fazer a separa\u00e7\u00e3o dos elementos qu\u00edmicos, \u00e9 preciso usar energia. Quando essa energia \u00e9 de origem limpa, como a hidrel\u00e9trica, \u00e9 poss\u00edvel classificar o hidrog\u00eanio resultante como verde.<\/strong><\/p>\n<div class=\"dnd-widget-wrapper context-medio_4colunas type-image atom-align-right\">\n<div class=\"dnd-atom-rendered\"><!-- scald=431983:medio_4colunas {\"additionalClasses\":\"\"} --><\/p>\n<p>    <!-- END scald=431983 --><\/div>\n<p><h6 class=\"meta\">Dan Yushin Miyaji fala sobre o projeto de um barco movido a hidrog\u00eanio &#8211; <strong>T\u00e2nia R\u00eago\/Ag\u00eancia Brasil<\/strong><!--END copyright=431983--><\/h6>\n<\/p>\n<\/div>\n<p>De acordo com o pesquisador Dan Yushin Miyaji, a versatilidade do hidrog\u00eanio verde \u00e9 o que pode fazer dele uma solu\u00e7\u00e3o para a transi\u00e7\u00e3o energ\u00e9tica, uma vez que o elemento pode ser usado tanto como energia ou virar insumo para outros produtos, como metanol, combust\u00edveis sint\u00e9ticos e am\u00f4nia, utilizada na produ\u00e7\u00e3o de fertilizantes.<\/p>\n<blockquote>\n<p>\u201cMovimentando uma economia em torno desse hidrog\u00eanio, talvez resolvamos a quest\u00e3o da transi\u00e7\u00e3o\u201d, acredita.<\/p>\n<\/blockquote>\n<p>A instala\u00e7\u00e3o-piloto no Parquetec tem capacidade de produ\u00e7\u00e3o de 1 quilo por hora, suficiente para mover um carro por 150 quil\u00f4metros.<\/p>\n<p>Dan Miyaji adiantou que durante a 30\u00aa Confer\u00eancia das Na\u00e7\u00f5es Unidas sobre Mudan\u00e7a do Clima (COP30), marcada para\u00a0novembro, em Bel\u00e9m, Itaipu apresentar\u00e1 uma das inova\u00e7\u00f5es do Parquetec: um barco movido a hidrog\u00eanio.<\/p>\n<p>\u201cEm Bel\u00e9m existem ilhas, e as comunidades fazem coleta dos res\u00edduos s\u00f3lidos com barco a diesel\u201d, contextualiza. \u201cPor que n\u00e3o colocar um barco a hidrog\u00eanio para demonstra\u00e7\u00e3o? A gente acredita que \u00e9 assim que desperta interesse de futuras oportunidades\u201d, diz.<\/p>\n<h2>Biog\u00e1s<\/h2>\n<p><strong>A Itaipu aposta tamb\u00e9m na gera\u00e7\u00e3o de biog\u00e1s a partir de res\u00edduos.<\/strong> Ainda nas instala\u00e7\u00f5es da empresa ficam uma usina de biog\u00e1s e biometano e uma unidade de produ\u00e7\u00e3o de hidrocarbonetos renov\u00e1veis. Essas plantas s\u00e3o operadas pelo Centro Internacional de Energias Renov\u00e1veis (CIBiog\u00e1s), uma empresa fundada por Itaipu voltada a solu\u00e7\u00f5es na \u00e1rea de combust\u00edvel limpo.<\/p>\n<p><strong>Por um processo de biodigest\u00e3o realizado em grandes tanques, alimentos impr\u00f3prios e outros res\u00edduos org\u00e2nicos s\u00e3o transformados em combust\u00edvel limpo, capaz de abastecer carros que circulam dentro de Itaipu.<\/strong><\/p>\n<p>Como o biog\u00e1s e o hidrog\u00eanio verde do Parquetec, a planta desenvolve bio-syncrude, um \u00f3leo sint\u00e9tico que pode ser usado na produ\u00e7\u00e3o de SAF (Combust\u00edvel Sustent\u00e1vel de Avia\u00e7\u00e3o, na sigla em ingl\u00eas). Esse \u00f3leo sint\u00e9tico \u00e9 outra inova\u00e7\u00e3o que ser\u00e1 demonstrada na COP30.<\/p>\n<h2>Res\u00edduo de porcos<\/h2>\n<p><strong>As iniciativas de descarboniza\u00e7\u00e3o produzem energia tamb\u00e9m a partir de res\u00edduos da suinocultura. <\/strong>A cerca de 2h30 de carro ao nordeste de Itaipu fica a cidade de Toledo, grande produtora de su\u00ednos. Um projeto do CIBiog\u00e1s recebeu R$ 19 milh\u00f5es da empresa para desenvolver o processo de biodigest\u00e3o de dejetos de porcos e carca\u00e7as dos animais.<\/p>\n<p>Al\u00e9m de oferecer solu\u00e7\u00e3o para produtores locais, a biousina produz energia para consumo pr\u00f3prio e gera\u00e7\u00e3o distribu\u00edda de energia el\u00e9trica (quando um consumidor oferece energia pr\u00f3pria e limpa para distribuidoras em troca de cr\u00e9ditos).<\/p>\n<p>Diariamente s\u00e3o recebidos e biodigeridos em enormes tanques dejetos de 40 mil su\u00ednos. A biousina tem capacidade para gerar energia equivalente para abastecer 1,5 mil casas.<\/p>\n<h2>Acordo entre pa\u00edses<\/h2>\n<p>Para o diretor-geral brasileiro de Itaipu Binacional, Enio Verri, os projetos de inova\u00e7\u00e3o fazem com que a empresa tenda a caminhar para ser uma grande produtora de energia, al\u00e9m da hidrel\u00e9trica.<\/p>\n<p>\u201cOlhando para o futuro, esperamos que tudo isso some-se \u00e0 nossa produ\u00e7\u00e3o e, na m\u00e9dia, a gente consiga garantir a energia limpa que \u00e9 fundamental dentro de uma transi\u00e7\u00e3o [energ\u00e9tica] e, ao mesmo tempo, mantenha o pre\u00e7o baixo\u201d, disse a jornalistas que visitaram a hidrel\u00e9trica, que fica exatamente na fronteira entre Brasil e Paraguai.<\/p>\n<p><strong>Por ser um empreendimento binacional, Verri explica que qualquer mudan\u00e7a na atividade fim da hidrel\u00e9trica, como produ\u00e7\u00e3o comercial de energia alternativa, precisa ser acordada formalmente entre os dois pa\u00edses s\u00f3cios.<\/strong><\/p>\n<p>Ele aponta que o cen\u00e1rio atual exige iniciativas para aumentar a produ\u00e7\u00e3o de energia, seja por gera\u00e7\u00e3o hidrel\u00e9trica ou por outros meios renov\u00e1veis.<\/p>\n<p>\u201cH\u00e1 uma expectativa da diretoria, estou me referindo \u00e0s diretorias brasileira e paraguaia, de que a gente possa agora, no tratado do Anexo C [disp\u00f5e sobre tarifas] e principalmente em uma revis\u00e3o do tratado, ampliar esse escopo. Hoje o Tratado de Itaipu [o escopo] \u00e9 \u00fanico, \u00e9 energia hidroel\u00e9trica\u201d, disse, lembrando que o acordo foi firmado h\u00e1 mais de 50 anos, quando a energia el\u00e9trica era \u201crevolucion\u00e1ria\u201d.<\/p>\n<p>\u201cPodemos, a partir da energia hidrel\u00e9trica, avan\u00e7ar muito mais, chegando no SAF. Estou fazendo uma escadinha porque para chegar no SAF teria que ter a hidrel\u00e9trica, como tem que ter o hidrog\u00eanio verde, que \u00e9 a partir da hidrel\u00e9trica, e a soma do biog\u00e1s. Isso faz parte da vis\u00e3o de futuro\u201d, vislumbra.<\/p>\n<p><em>*A reportagem da\u00a0Ag\u00eancia Brasil\u00a0viajou a convite da Itaipu Binacional<\/em><\/p>\n<p>      <!-- Relacionada --><\/p>\n<p>            <!-- Relacionada -->\n    <\/div>\n","protected":false},"excerpt":{"rendered":"<p>Por EBC, Com 9% da produ\u00e7\u00e3o de energia el\u00e9trica consumida no Brasil, a\u00a0hidrel\u00e9trica Itaipu Binacional aposta em outras formas de energia renov\u00e1vel e quer mais que duplicar a capacidade instalada da usina, atualmente de 14 mil megawatts (MW).\u00a0A estrutura que opera comercialmente h\u00e1 40 anos\u00a0em Foz do Igua\u00e7u, no Paran\u00e1,\u00a0\u00e9 fruto de um tratado entre &hellip;<\/p>\n","protected":false},"author":1,"featured_media":0,"comment_status":"open","ping_status":"open","sticky":false,"template":"","format":"standard","meta":{"_jetpack_memberships_contains_paid_content":false,"footnotes":""},"categories":[2,12225,4],"tags":[],"class_list":["post-446851","post","type-post","status-publish","format-standard","hentry","category-entretenimento","category-noticias","category-servicos"],"yoast_head":"<!-- This site is optimized with the Yoast SEO plugin v27.5 - https:\/\/yoast.com\/product\/yoast-seo-wordpress\/ -->\n<title>Itaipu aposta em energias renov\u00e1veis e quer dobrar capacidade<\/title>\n<meta name=\"robots\" content=\"index, follow, max-snippet:-1, max-image-preview:large, max-video-preview:-1\" \/>\n<link rel=\"canonical\" href=\"https:\/\/mrnews.com.br\/index.php\/2025\/07\/26\/itaipu-aposta-em-energias-renovaveis-e-quer-dobrar-capacidade\/\" \/>\n<meta property=\"og:locale\" content=\"pt_BR\" \/>\n<meta property=\"og:type\" content=\"article\" \/>\n<meta property=\"og:title\" content=\"Itaipu aposta em energias renov\u00e1veis e quer dobrar capacidade\" \/>\n<meta property=\"og:description\" content=\"Por EBC, Com 9% da produ\u00e7\u00e3o de energia el\u00e9trica consumida no Brasil, a\u00a0hidrel\u00e9trica Itaipu Binacional aposta em outras formas de energia renov\u00e1vel e quer mais que duplicar a capacidade instalada da usina, atualmente de 14 mil megawatts (MW).\u00a0A estrutura que opera comercialmente h\u00e1 40 anos\u00a0em Foz do Igua\u00e7u, no Paran\u00e1,\u00a0\u00e9 fruto de um tratado entre &hellip;\" \/>\n<meta property=\"og:url\" content=\"https:\/\/mrnews.com.br\/index.php\/2025\/07\/26\/itaipu-aposta-em-energias-renovaveis-e-quer-dobrar-capacidade\/\" \/>\n<meta property=\"og:site_name\" content=\"MRNews\" \/>\n<meta property=\"article:publisher\" content=\"https:\/\/www.facebook.com\/eaipahpah\/?locale2=pt_BR\" \/>\n<meta property=\"article:published_time\" content=\"2025-07-26T14:44:34+00:00\" \/>\n<meta name=\"author\" content=\"MR News\" \/>\n<meta name=\"twitter:card\" content=\"summary_large_image\" \/>\n<meta name=\"twitter:creator\" content=\"@conspirou\" \/>\n<meta name=\"twitter:site\" content=\"@conspirou\" \/>\n<meta name=\"twitter:label1\" content=\"Escrito por\" \/>\n\t<meta name=\"twitter:data1\" content=\"MR News\" \/>\n\t<meta name=\"twitter:label2\" content=\"Est. tempo de leitura\" \/>\n\t<meta name=\"twitter:data2\" content=\"7 minutos\" \/>\n<script type=\"application\/ld+json\" class=\"yoast-schema-graph\">{\"@context\":\"https:\\\/\\\/schema.org\",\"@graph\":[{\"@type\":\"Article\",\"@id\":\"https:\\\/\\\/mrnews.com.br\\\/index.php\\\/2025\\\/07\\\/26\\\/itaipu-aposta-em-energias-renovaveis-e-quer-dobrar-capacidade\\\/#article\",\"isPartOf\":{\"@id\":\"https:\\\/\\\/mrnews.com.br\\\/index.php\\\/2025\\\/07\\\/26\\\/itaipu-aposta-em-energias-renovaveis-e-quer-dobrar-capacidade\\\/\"},\"author\":{\"name\":\"MR News\",\"@id\":\"https:\\\/\\\/mrnews.com.br\\\/#\\\/schema\\\/person\\\/be3203154562a9f207407861cef7827b\"},\"headline\":\"Itaipu aposta em energias renov\u00e1veis e quer dobrar capacidade\",\"datePublished\":\"2025-07-26T14:44:34+00:00\",\"mainEntityOfPage\":{\"@id\":\"https:\\\/\\\/mrnews.com.br\\\/index.php\\\/2025\\\/07\\\/26\\\/itaipu-aposta-em-energias-renovaveis-e-quer-dobrar-capacidade\\\/\"},\"wordCount\":1395,\"commentCount\":0,\"publisher\":{\"@id\":\"https:\\\/\\\/mrnews.com.br\\\/#organization\"},\"articleSection\":[\"ENTRETENIMENTO\",\"NOTICIAS\",\"SERVI\u00c7OS\"],\"inLanguage\":\"pt-BR\",\"potentialAction\":[{\"@type\":\"CommentAction\",\"name\":\"Comment\",\"target\":[\"https:\\\/\\\/mrnews.com.br\\\/index.php\\\/2025\\\/07\\\/26\\\/itaipu-aposta-em-energias-renovaveis-e-quer-dobrar-capacidade\\\/#respond\"]}]},{\"@type\":\"WebPage\",\"@id\":\"https:\\\/\\\/mrnews.com.br\\\/index.php\\\/2025\\\/07\\\/26\\\/itaipu-aposta-em-energias-renovaveis-e-quer-dobrar-capacidade\\\/\",\"url\":\"https:\\\/\\\/mrnews.com.br\\\/index.php\\\/2025\\\/07\\\/26\\\/itaipu-aposta-em-energias-renovaveis-e-quer-dobrar-capacidade\\\/\",\"name\":\"Itaipu aposta em energias renov\u00e1veis e quer dobrar capacidade\",\"isPartOf\":{\"@id\":\"https:\\\/\\\/mrnews.com.br\\\/#website\"},\"datePublished\":\"2025-07-26T14:44:34+00:00\",\"breadcrumb\":{\"@id\":\"https:\\\/\\\/mrnews.com.br\\\/index.php\\\/2025\\\/07\\\/26\\\/itaipu-aposta-em-energias-renovaveis-e-quer-dobrar-capacidade\\\/#breadcrumb\"},\"inLanguage\":\"pt-BR\",\"potentialAction\":[{\"@type\":\"ReadAction\",\"target\":[\"https:\\\/\\\/mrnews.com.br\\\/index.php\\\/2025\\\/07\\\/26\\\/itaipu-aposta-em-energias-renovaveis-e-quer-dobrar-capacidade\\\/\"]}]},{\"@type\":\"BreadcrumbList\",\"@id\":\"https:\\\/\\\/mrnews.com.br\\\/index.php\\\/2025\\\/07\\\/26\\\/itaipu-aposta-em-energias-renovaveis-e-quer-dobrar-capacidade\\\/#breadcrumb\",\"itemListElement\":[{\"@type\":\"ListItem\",\"position\":1,\"name\":\"In\u00edcio\",\"item\":\"https:\\\/\\\/mrnews.com.br\\\/\"},{\"@type\":\"ListItem\",\"position\":2,\"name\":\"Itaipu aposta em energias renov\u00e1veis e quer dobrar capacidade\"}]},{\"@type\":\"WebSite\",\"@id\":\"https:\\\/\\\/mrnews.com.br\\\/#website\",\"url\":\"https:\\\/\\\/mrnews.com.br\\\/\",\"name\":\"MRNews\",\"description\":\"MRNews Jogos de hoje da TV, transmiss\u00f5es ao vivo, Not\u00edcias de futebol, Jogos ao vivo, Lives, resumo de novelas, Programa\u00e7\u00e3o da Globo, A Fazenda e BBB\",\"publisher\":{\"@id\":\"https:\\\/\\\/mrnews.com.br\\\/#organization\"},\"potentialAction\":[{\"@type\":\"SearchAction\",\"target\":{\"@type\":\"EntryPoint\",\"urlTemplate\":\"https:\\\/\\\/mrnews.com.br\\\/?s={search_term_string}\"},\"query-input\":{\"@type\":\"PropertyValueSpecification\",\"valueRequired\":true,\"valueName\":\"search_term_string\"}}],\"inLanguage\":\"pt-BR\"},{\"@type\":\"Organization\",\"@id\":\"https:\\\/\\\/mrnews.com.br\\\/#organization\",\"name\":\"MRNews\",\"url\":\"https:\\\/\\\/mrnews.com.br\\\/\",\"logo\":{\"@type\":\"ImageObject\",\"inLanguage\":\"pt-BR\",\"@id\":\"https:\\\/\\\/mrnews.com.br\\\/#\\\/schema\\\/logo\\\/image\\\/\",\"url\":\"https:\\\/\\\/mrnews.com.br\\\/wp-content\\\/uploads\\\/2019\\\/06\\\/MRNewslogo2.png\",\"contentUrl\":\"https:\\\/\\\/mrnews.com.br\\\/wp-content\\\/uploads\\\/2019\\\/06\\\/MRNewslogo2.png\",\"width\":223,\"height\":58,\"caption\":\"MRNews\"},\"image\":{\"@id\":\"https:\\\/\\\/mrnews.com.br\\\/#\\\/schema\\\/logo\\\/image\\\/\"},\"sameAs\":[\"https:\\\/\\\/www.facebook.com\\\/eaipahpah\\\/?locale2=pt_BR\",\"https:\\\/\\\/x.com\\\/conspirou\",\"https:\\\/\\\/www.instagram.com\\\/eai_pahpah\",\"https:\\\/\\\/br.pinterest.com\\\/mrnewsn\\\/boards\\\/\",\"https:\\\/\\\/www.youtube.com\\\/channel\\\/UCacgnpznQ61fifLWr1tQ-vA?view_as=subscriber\"]},{\"@type\":\"Person\",\"@id\":\"https:\\\/\\\/mrnews.com.br\\\/#\\\/schema\\\/person\\\/be3203154562a9f207407861cef7827b\",\"name\":\"MR News\",\"image\":{\"@type\":\"ImageObject\",\"inLanguage\":\"pt-BR\",\"@id\":\"https:\\\/\\\/secure.gravatar.com\\\/avatar\\\/04084e6d73c042b8646e7c17b494073bf0ede3ea13c7105cfc45cbbbc28385a4?s=96&d=monsterid&r=g\",\"url\":\"https:\\\/\\\/secure.gravatar.com\\\/avatar\\\/04084e6d73c042b8646e7c17b494073bf0ede3ea13c7105cfc45cbbbc28385a4?s=96&d=monsterid&r=g\",\"contentUrl\":\"https:\\\/\\\/secure.gravatar.com\\\/avatar\\\/04084e6d73c042b8646e7c17b494073bf0ede3ea13c7105cfc45cbbbc28385a4?s=96&d=monsterid&r=g\",\"caption\":\"MR News\"},\"description\":\"Especializado em jornalismo colaborativo pela FTP em n\u00edvel de p\u00f3s-gradua\u00e7\u00e3o. suporte@oimeliga.combr\",\"sameAs\":[\"HUGO R.\",\"Admin\"],\"url\":\"https:\\\/\\\/mrnews.com.br\\\/index.php\\\/author\\\/admin\\\/\"}]}<\/script>\n<!-- \/ Yoast SEO plugin. -->","yoast_head_json":{"title":"Itaipu aposta em energias renov\u00e1veis e quer dobrar capacidade","robots":{"index":"index","follow":"follow","max-snippet":"max-snippet:-1","max-image-preview":"max-image-preview:large","max-video-preview":"max-video-preview:-1"},"canonical":"https:\/\/mrnews.com.br\/index.php\/2025\/07\/26\/itaipu-aposta-em-energias-renovaveis-e-quer-dobrar-capacidade\/","og_locale":"pt_BR","og_type":"article","og_title":"Itaipu aposta em energias renov\u00e1veis e quer dobrar capacidade","og_description":"Por EBC, Com 9% da produ\u00e7\u00e3o de energia el\u00e9trica consumida no Brasil, a\u00a0hidrel\u00e9trica Itaipu Binacional aposta em outras formas de energia renov\u00e1vel e quer mais que duplicar a capacidade instalada da usina, atualmente de 14 mil megawatts (MW).\u00a0A estrutura que opera comercialmente h\u00e1 40 anos\u00a0em Foz do Igua\u00e7u, no Paran\u00e1,\u00a0\u00e9 fruto de um tratado entre &hellip;","og_url":"https:\/\/mrnews.com.br\/index.php\/2025\/07\/26\/itaipu-aposta-em-energias-renovaveis-e-quer-dobrar-capacidade\/","og_site_name":"MRNews","article_publisher":"https:\/\/www.facebook.com\/eaipahpah\/?locale2=pt_BR","article_published_time":"2025-07-26T14:44:34+00:00","author":"MR News","twitter_card":"summary_large_image","twitter_creator":"@conspirou","twitter_site":"@conspirou","twitter_misc":{"Escrito por":"MR News","Est. tempo de leitura":"7 minutos"},"schema":{"@context":"https:\/\/schema.org","@graph":[{"@type":"Article","@id":"https:\/\/mrnews.com.br\/index.php\/2025\/07\/26\/itaipu-aposta-em-energias-renovaveis-e-quer-dobrar-capacidade\/#article","isPartOf":{"@id":"https:\/\/mrnews.com.br\/index.php\/2025\/07\/26\/itaipu-aposta-em-energias-renovaveis-e-quer-dobrar-capacidade\/"},"author":{"name":"MR News","@id":"https:\/\/mrnews.com.br\/#\/schema\/person\/be3203154562a9f207407861cef7827b"},"headline":"Itaipu aposta em energias renov\u00e1veis e quer dobrar capacidade","datePublished":"2025-07-26T14:44:34+00:00","mainEntityOfPage":{"@id":"https:\/\/mrnews.com.br\/index.php\/2025\/07\/26\/itaipu-aposta-em-energias-renovaveis-e-quer-dobrar-capacidade\/"},"wordCount":1395,"commentCount":0,"publisher":{"@id":"https:\/\/mrnews.com.br\/#organization"},"articleSection":["ENTRETENIMENTO","NOTICIAS","SERVI\u00c7OS"],"inLanguage":"pt-BR","potentialAction":[{"@type":"CommentAction","name":"Comment","target":["https:\/\/mrnews.com.br\/index.php\/2025\/07\/26\/itaipu-aposta-em-energias-renovaveis-e-quer-dobrar-capacidade\/#respond"]}]},{"@type":"WebPage","@id":"https:\/\/mrnews.com.br\/index.php\/2025\/07\/26\/itaipu-aposta-em-energias-renovaveis-e-quer-dobrar-capacidade\/","url":"https:\/\/mrnews.com.br\/index.php\/2025\/07\/26\/itaipu-aposta-em-energias-renovaveis-e-quer-dobrar-capacidade\/","name":"Itaipu aposta em energias renov\u00e1veis e quer dobrar capacidade","isPartOf":{"@id":"https:\/\/mrnews.com.br\/#website"},"datePublished":"2025-07-26T14:44:34+00:00","breadcrumb":{"@id":"https:\/\/mrnews.com.br\/index.php\/2025\/07\/26\/itaipu-aposta-em-energias-renovaveis-e-quer-dobrar-capacidade\/#breadcrumb"},"inLanguage":"pt-BR","potentialAction":[{"@type":"ReadAction","target":["https:\/\/mrnews.com.br\/index.php\/2025\/07\/26\/itaipu-aposta-em-energias-renovaveis-e-quer-dobrar-capacidade\/"]}]},{"@type":"BreadcrumbList","@id":"https:\/\/mrnews.com.br\/index.php\/2025\/07\/26\/itaipu-aposta-em-energias-renovaveis-e-quer-dobrar-capacidade\/#breadcrumb","itemListElement":[{"@type":"ListItem","position":1,"name":"In\u00edcio","item":"https:\/\/mrnews.com.br\/"},{"@type":"ListItem","position":2,"name":"Itaipu aposta em energias renov\u00e1veis e quer dobrar capacidade"}]},{"@type":"WebSite","@id":"https:\/\/mrnews.com.br\/#website","url":"https:\/\/mrnews.com.br\/","name":"MRNews","description":"MRNews Jogos de hoje da TV, transmiss\u00f5es ao vivo, Not\u00edcias de futebol, Jogos ao vivo, Lives, resumo de novelas, Programa\u00e7\u00e3o da Globo, A Fazenda e BBB","publisher":{"@id":"https:\/\/mrnews.com.br\/#organization"},"potentialAction":[{"@type":"SearchAction","target":{"@type":"EntryPoint","urlTemplate":"https:\/\/mrnews.com.br\/?s={search_term_string}"},"query-input":{"@type":"PropertyValueSpecification","valueRequired":true,"valueName":"search_term_string"}}],"inLanguage":"pt-BR"},{"@type":"Organization","@id":"https:\/\/mrnews.com.br\/#organization","name":"MRNews","url":"https:\/\/mrnews.com.br\/","logo":{"@type":"ImageObject","inLanguage":"pt-BR","@id":"https:\/\/mrnews.com.br\/#\/schema\/logo\/image\/","url":"https:\/\/mrnews.com.br\/wp-content\/uploads\/2019\/06\/MRNewslogo2.png","contentUrl":"https:\/\/mrnews.com.br\/wp-content\/uploads\/2019\/06\/MRNewslogo2.png","width":223,"height":58,"caption":"MRNews"},"image":{"@id":"https:\/\/mrnews.com.br\/#\/schema\/logo\/image\/"},"sameAs":["https:\/\/www.facebook.com\/eaipahpah\/?locale2=pt_BR","https:\/\/x.com\/conspirou","https:\/\/www.instagram.com\/eai_pahpah","https:\/\/br.pinterest.com\/mrnewsn\/boards\/","https:\/\/www.youtube.com\/channel\/UCacgnpznQ61fifLWr1tQ-vA?view_as=subscriber"]},{"@type":"Person","@id":"https:\/\/mrnews.com.br\/#\/schema\/person\/be3203154562a9f207407861cef7827b","name":"MR News","image":{"@type":"ImageObject","inLanguage":"pt-BR","@id":"https:\/\/secure.gravatar.com\/avatar\/04084e6d73c042b8646e7c17b494073bf0ede3ea13c7105cfc45cbbbc28385a4?s=96&d=monsterid&r=g","url":"https:\/\/secure.gravatar.com\/avatar\/04084e6d73c042b8646e7c17b494073bf0ede3ea13c7105cfc45cbbbc28385a4?s=96&d=monsterid&r=g","contentUrl":"https:\/\/secure.gravatar.com\/avatar\/04084e6d73c042b8646e7c17b494073bf0ede3ea13c7105cfc45cbbbc28385a4?s=96&d=monsterid&r=g","caption":"MR News"},"description":"Especializado em jornalismo colaborativo pela FTP em n\u00edvel de p\u00f3s-gradua\u00e7\u00e3o. suporte@oimeliga.combr","sameAs":["HUGO R.","Admin"],"url":"https:\/\/mrnews.com.br\/index.php\/author\/admin\/"}]}},"jetpack_featured_media_url":"","jetpack_sharing_enabled":true,"jetpack_shortlink":"https:\/\/wp.me\/pa2Qf7-1Sfh","amp_enabled":true,"_links":{"self":[{"href":"https:\/\/mrnews.com.br\/index.php\/wp-json\/wp\/v2\/posts\/446851","targetHints":{"allow":["GET"]}}],"collection":[{"href":"https:\/\/mrnews.com.br\/index.php\/wp-json\/wp\/v2\/posts"}],"about":[{"href":"https:\/\/mrnews.com.br\/index.php\/wp-json\/wp\/v2\/types\/post"}],"author":[{"embeddable":true,"href":"https:\/\/mrnews.com.br\/index.php\/wp-json\/wp\/v2\/users\/1"}],"replies":[{"embeddable":true,"href":"https:\/\/mrnews.com.br\/index.php\/wp-json\/wp\/v2\/comments?post=446851"}],"version-history":[{"count":0,"href":"https:\/\/mrnews.com.br\/index.php\/wp-json\/wp\/v2\/posts\/446851\/revisions"}],"wp:attachment":[{"href":"https:\/\/mrnews.com.br\/index.php\/wp-json\/wp\/v2\/media?parent=446851"}],"wp:term":[{"taxonomy":"category","embeddable":true,"href":"https:\/\/mrnews.com.br\/index.php\/wp-json\/wp\/v2\/categories?post=446851"},{"taxonomy":"post_tag","embeddable":true,"href":"https:\/\/mrnews.com.br\/index.php\/wp-json\/wp\/v2\/tags?post=446851"}],"curies":[{"name":"wp","href":"https:\/\/api.w.org\/{rel}","templated":true}]}}