{"id":446902,"date":"2025-07-28T04:36:38","date_gmt":"2025-07-28T07:36:38","guid":{"rendered":"https:\/\/mrnews.com.br\/index.php\/2025\/07\/28\/ciclista-de-campo-grande-vence-prova-nacional-com-apoio-do-auxilio-atleta-cgnoticias\/"},"modified":"2025-07-28T04:36:38","modified_gmt":"2025-07-28T07:36:38","slug":"ciclista-de-campo-grande-vence-prova-nacional-com-apoio-do-auxilio-atleta-cgnoticias","status":"publish","type":"post","link":"https:\/\/mrnews.com.br\/index.php\/2025\/07\/28\/ciclista-de-campo-grande-vence-prova-nacional-com-apoio-do-auxilio-atleta-cgnoticias\/","title":{"rendered":"ciclista de Campo Grande vence prova nacional com apoio do Aux\u00edlio Atleta \u2013 CGNot\u00edcias"},"content":{"rendered":"<p><\/p>\n<div>\n<p>O que come\u00e7ou como uma tentativa de superar a obesidade e adotar uma vida mais saud\u00e1vel, transformou-se em um estilo de vida e, agora, em vit\u00f3ria nacional. Fernanda Aleixo da Silva, moradora de Campo Grande, \u00e9 o novo nome em destaque no cen\u00e1rio do ciclismo amador brasileiro. Com determina\u00e7\u00e3o, disciplina e apoio do poder p\u00fablico, ela conquistou o lugar mais alto do p\u00f3dio na L\u2019\u00c9tape Rio by Tour de France, uma das provas mais tradicionais do ciclismo de estrada no pa\u00eds.<\/p>\n<p>\u201cPratico ciclismo h\u00e1 aproximadamente tr\u00eas anos. Comecei influenciada pelo meu pai, que j\u00e1 era ciclista. Na \u00e9poca, eu enfrentava a obesidade e vi no esporte uma oportunidade de mudar meus h\u00e1bitos e recuperar minha sa\u00fade\u201d, relembra Fernanda. A primeira prova n\u00e3o foi promissora nos n\u00fameros: Fernanda terminou em \u00faltimo lugar ap\u00f3s completar 16 km na categoria Turismo. Mas ali nascia uma paix\u00e3o. \u201cA energia do evento e a uni\u00e3o entre os participantes me marcaram. Percebi que aquele era o meu lugar\u201d, conta.<\/p>\n<figure class=\"wp-block-image size-large\"><\/figure>\n<p>De l\u00e1 para c\u00e1, tudo mudou. Vieram treinos di\u00e1rios, reeduca\u00e7\u00e3o alimentar e quase 30 quilos a menos. Com o condicionamento em evolu\u00e7\u00e3o, Fernanda passou a acompanhar o pai nas disputas de Mountain Bike (MTB) e, no in\u00edcio de 2024, recebeu o convite para integrar a equipe feminina V\u00eanus Ciclismo, marcando sua entrada no mundo do alto rendimento.<\/p>\n<p>\u201cComecei a treinar com planilhas espec\u00edficas, acompanhamento t\u00e9cnico e metas bem definidas. A rotina ficou mais intensa, mas tamb\u00e9m mais gratificante. O ciclismo virou parte essencial da minha vida, Hoje treino no Parque dos Poderes de cinco a seis vezes por semana. Durante os dias \u00fateis, meus treinos t\u00eam dura\u00e7\u00e3o de 1h30 a 2h, com m\u00e9dia de 50 a 60 km. Nos finais de semana, treinamos em grupos nas estradas, com treinos mais longos, de 3 a 4 horas, percorrendo entre 100 e 150 km.\u201d, compartilha.<\/p>\n<p>A recompensa veio em grande estilo: no m\u00eas passado, ela venceu a L\u2019\u00c9tape Rio by Tour de France, realizada na Marina da Gl\u00f3ria, no Rio de Janeiro. A prova \u00e9 uma vers\u00e3o brasileira da ic\u00f4nica competi\u00e7\u00e3o francesa, com percursos desafiadores e participa\u00e7\u00e3o de atletas de todo o pa\u00eds.<\/p>\n<p>\u201cFoi uma felicidade indescrit\u00edvel. Estar entre os melhores, competir em uma prova de n\u00edvel nacional e ainda vencer, sendo atleta amadora, foi uma das maiores conquistas da minha trajet\u00f3ria O L\u2019\u00c9tape Rio de Janeiro foi uma prova dura, que exigiu muita concentra\u00e7\u00e3o e agilidade para me manter bem posicionada dentro do pelot\u00e3o e garantir uma boa coloca\u00e7\u00e3o. Mas, acima de tudo, conquistar esse p\u00f3dio tem um significado especial, representar a minha cidade e mostrar que aqui tamb\u00e9m formamos atletas dedicados e apaixonados pelo esporte \u00e9 um motivo de muito orgulho\u201d, celebra.<\/p>\n<figure class=\"wp-block-image aligncenter size-large\"><\/figure>\n<p>Esse passo importante na trajet\u00f3ria da atleta contou com o apoio do Aux\u00edlio Atleta \u2014 benef\u00edcio da Prefeitura de Campo Grande, viabilizado pela Funda\u00e7\u00e3o Municipal de Esportes (Funesp). O programa tem sido fundamental para apoiar competidores que levam o nome da cidade em eventos oficiais, nacionais e internacionais, contribuindo com despesas como transporte, hospedagem, alimenta\u00e7\u00e3o e inscri\u00e7\u00f5es. O programa d\u00e1 suporte a atletas que representam a cidade em competi\u00e7\u00f5es oficiais, nacionais e internacionais, ajudando com custos como transporte, hospedagem, alimenta\u00e7\u00e3o e inscri\u00e7\u00f5es.<\/p>\n<p>O valor do aux\u00edlio pode chegar a R$ 5 mil por atleta, de acordo com avalia\u00e7\u00e3o do Conselho Municipal de Esporte e Lazer. A solicita\u00e7\u00e3o deve ser feita com no m\u00ednimo 60 dias de anteced\u00eancia da competi\u00e7\u00e3o.<\/p>\n<p>\u201cEsse apoio fez toda a diferen\u00e7a. Quando temos incentivo financeiro e o reconhecimento do poder p\u00fablico, conseguimos sonhar mais alto. Foi isso que me levou ao Rio de Janeiro e \u00e0 vit\u00f3ria. Recomendo que atletas amadores busquem conhecer os programas dispon\u00edveis \u2014 eles podem transformar um desejo em realidade esportiva\u201d, afirma Fernanda.<\/p>\n<figure class=\"wp-block-image aligncenter size-large\"><\/figure>\n<p>Agora, os treinos continuam e o foco \u00e9 claro: alcan\u00e7ar o pelot\u00e3o internacional. \u201cQuero representar Campo Grande e o Brasil em competi\u00e7\u00f5es fora do pa\u00eds. Sigo pedalando com o mesmo esp\u00edrito daquela primeira prova \u2014 mas agora com mais for\u00e7a, preparo e metas ainda maiores\u201d.<\/p>\n<p>A Prefeitura de Campo Grande entregou, no \u00faltimo m\u00eas, o aux\u00edlio-atleta a 19 esportistas de seis modalidades diferentes que ir\u00e3o representar a capital em competi\u00e7\u00f5es nacionais. A assinatura dos termos foi realizada no gabinete da prefeita Adriane Lopes, contemplando atletas de nata\u00e7\u00e3o, kickboxing, atletismo, hipismo, jiu-j\u00edtsu e jud\u00f4.<\/p>\n<p>\u201c\u201cInvestir no esporte \u00e9 essencial para o desenvolvimento humano, para a sa\u00fade p\u00fablica e para a inclus\u00e3o social\u201d, destacou a prefeita Adriane Lopes. Segundo a chefe do Executivo Municipal, o incentivo tamb\u00e9m promove h\u00e1bitos de vida mais saud\u00e1veis e tem impacto positivo na sa\u00fade mental da popula\u00e7\u00e3o.<\/p>\n<p>O diretor-presidente da Funda\u00e7\u00e3o Municipal de Esportes (Funesp), Sandro Benites, refor\u00e7ou a import\u00e2ncia do apoio da gest\u00e3o municipal. \u201cO aux\u00edlio-atleta \u00e9 mais que um incentivo financeiro. \u00c9 o reconhecimento ao esfor\u00e7o e talento dos nossos esportistas\u201d, afirmou.<\/p>\n<figure class=\"wp-block-image size-large\"><\/figure>\n<p>Previsto na Lei n\u00ba 6.754\/2021, o benef\u00edcio oferece suporte financeiro para cobrir despesas com transporte, estadia, alimenta\u00e7\u00e3o e taxas de inscri\u00e7\u00e3o. O programa \u00e9 destinado a atletas e equipes que representam o munic\u00edpio em competi\u00e7\u00f5es oficiais no Brasil e no exterior.<\/p>\n<p>Em fevereiro deste ano, outros 22 atletas j\u00e1 haviam sido contemplados. Com 125 esportistas beneficiados em 2024, a meta da Funesp \u00e9 ampliar esse n\u00famero em 2025. <\/p>\n<\/div>\n<p><script async defer async defer src=\"https:\/\/connect.facebook.net\/en_US\/sdk.js?ver=1#xfbml=1&amp;version=v3.2\" id=\"prefeitura-campogrande-script-facebook-sdk-js\"><\/script><\/p>\n","protected":false},"excerpt":{"rendered":"<p>O que come\u00e7ou como uma tentativa de superar a obesidade e adotar uma vida mais saud\u00e1vel, transformou-se em um estilo de vida e, agora, em vit\u00f3ria nacional. Fernanda Aleixo da Silva, moradora de Campo Grande, \u00e9 o novo nome em destaque no cen\u00e1rio do ciclismo amador brasileiro. Com determina\u00e7\u00e3o, disciplina e apoio do poder p\u00fablico, &hellip;<\/p>\n","protected":false},"author":1,"featured_media":0,"comment_status":"open","ping_status":"open","sticky":false,"template":"","format":"standard","meta":{"_jetpack_memberships_contains_paid_content":false,"footnotes":""},"categories":[12410],"tags":[],"class_list":["post-446902","post","type-post","status-publish","format-standard","hentry","category-ms"],"yoast_head":"<!-- This site is optimized with the Yoast SEO plugin v27.5 - https:\/\/yoast.com\/product\/yoast-seo-wordpress\/ -->\n<title>ciclista de Campo Grande vence prova nacional com apoio do Aux\u00edlio Atleta \u2013 CGNot\u00edcias<\/title>\n<meta name=\"robots\" content=\"index, follow, max-snippet:-1, max-image-preview:large, max-video-preview:-1\" \/>\n<link rel=\"canonical\" href=\"https:\/\/mrnews.com.br\/index.php\/2025\/07\/28\/ciclista-de-campo-grande-vence-prova-nacional-com-apoio-do-auxilio-atleta-cgnoticias\/\" \/>\n<meta property=\"og:locale\" content=\"pt_BR\" \/>\n<meta property=\"og:type\" content=\"article\" \/>\n<meta property=\"og:title\" content=\"ciclista de Campo Grande vence prova nacional com apoio do Aux\u00edlio Atleta \u2013 CGNot\u00edcias\" \/>\n<meta property=\"og:description\" content=\"O que come\u00e7ou como uma tentativa de superar a obesidade e adotar uma vida mais saud\u00e1vel, transformou-se em um estilo de vida e, agora, em vit\u00f3ria nacional. Fernanda Aleixo da Silva, moradora de Campo Grande, \u00e9 o novo nome em destaque no cen\u00e1rio do ciclismo amador brasileiro. Com determina\u00e7\u00e3o, disciplina e apoio do poder p\u00fablico, &hellip;\" \/>\n<meta property=\"og:url\" content=\"https:\/\/mrnews.com.br\/index.php\/2025\/07\/28\/ciclista-de-campo-grande-vence-prova-nacional-com-apoio-do-auxilio-atleta-cgnoticias\/\" \/>\n<meta property=\"og:site_name\" content=\"MRNews\" \/>\n<meta property=\"article:publisher\" content=\"https:\/\/www.facebook.com\/eaipahpah\/?locale2=pt_BR\" \/>\n<meta property=\"article:published_time\" content=\"2025-07-28T07:36:38+00:00\" \/>\n<meta name=\"author\" content=\"MR News\" \/>\n<meta name=\"twitter:card\" content=\"summary_large_image\" \/>\n<meta name=\"twitter:creator\" content=\"@conspirou\" \/>\n<meta name=\"twitter:site\" content=\"@conspirou\" \/>\n<meta name=\"twitter:label1\" content=\"Escrito por\" \/>\n\t<meta name=\"twitter:data1\" content=\"MR News\" \/>\n\t<meta name=\"twitter:label2\" content=\"Est. tempo de leitura\" \/>\n\t<meta name=\"twitter:data2\" content=\"5 minutos\" \/>\n<script type=\"application\/ld+json\" class=\"yoast-schema-graph\">{\"@context\":\"https:\\\/\\\/schema.org\",\"@graph\":[{\"@type\":\"Article\",\"@id\":\"https:\\\/\\\/mrnews.com.br\\\/index.php\\\/2025\\\/07\\\/28\\\/ciclista-de-campo-grande-vence-prova-nacional-com-apoio-do-auxilio-atleta-cgnoticias\\\/#article\",\"isPartOf\":{\"@id\":\"https:\\\/\\\/mrnews.com.br\\\/index.php\\\/2025\\\/07\\\/28\\\/ciclista-de-campo-grande-vence-prova-nacional-com-apoio-do-auxilio-atleta-cgnoticias\\\/\"},\"author\":{\"name\":\"MR News\",\"@id\":\"https:\\\/\\\/mrnews.com.br\\\/#\\\/schema\\\/person\\\/be3203154562a9f207407861cef7827b\"},\"headline\":\"ciclista de Campo Grande vence prova nacional com apoio do Aux\u00edlio Atleta \u2013 CGNot\u00edcias\",\"datePublished\":\"2025-07-28T07:36:38+00:00\",\"mainEntityOfPage\":{\"@id\":\"https:\\\/\\\/mrnews.com.br\\\/index.php\\\/2025\\\/07\\\/28\\\/ciclista-de-campo-grande-vence-prova-nacional-com-apoio-do-auxilio-atleta-cgnoticias\\\/\"},\"wordCount\":942,\"commentCount\":0,\"publisher\":{\"@id\":\"https:\\\/\\\/mrnews.com.br\\\/#organization\"},\"articleSection\":[\"Mato Grosso do Sul\"],\"inLanguage\":\"pt-BR\",\"potentialAction\":[{\"@type\":\"CommentAction\",\"name\":\"Comment\",\"target\":[\"https:\\\/\\\/mrnews.com.br\\\/index.php\\\/2025\\\/07\\\/28\\\/ciclista-de-campo-grande-vence-prova-nacional-com-apoio-do-auxilio-atleta-cgnoticias\\\/#respond\"]}]},{\"@type\":\"WebPage\",\"@id\":\"https:\\\/\\\/mrnews.com.br\\\/index.php\\\/2025\\\/07\\\/28\\\/ciclista-de-campo-grande-vence-prova-nacional-com-apoio-do-auxilio-atleta-cgnoticias\\\/\",\"url\":\"https:\\\/\\\/mrnews.com.br\\\/index.php\\\/2025\\\/07\\\/28\\\/ciclista-de-campo-grande-vence-prova-nacional-com-apoio-do-auxilio-atleta-cgnoticias\\\/\",\"name\":\"ciclista de Campo Grande vence prova nacional com apoio do Aux\u00edlio Atleta \u2013 CGNot\u00edcias\",\"isPartOf\":{\"@id\":\"https:\\\/\\\/mrnews.com.br\\\/#website\"},\"datePublished\":\"2025-07-28T07:36:38+00:00\",\"breadcrumb\":{\"@id\":\"https:\\\/\\\/mrnews.com.br\\\/index.php\\\/2025\\\/07\\\/28\\\/ciclista-de-campo-grande-vence-prova-nacional-com-apoio-do-auxilio-atleta-cgnoticias\\\/#breadcrumb\"},\"inLanguage\":\"pt-BR\",\"potentialAction\":[{\"@type\":\"ReadAction\",\"target\":[\"https:\\\/\\\/mrnews.com.br\\\/index.php\\\/2025\\\/07\\\/28\\\/ciclista-de-campo-grande-vence-prova-nacional-com-apoio-do-auxilio-atleta-cgnoticias\\\/\"]}]},{\"@type\":\"BreadcrumbList\",\"@id\":\"https:\\\/\\\/mrnews.com.br\\\/index.php\\\/2025\\\/07\\\/28\\\/ciclista-de-campo-grande-vence-prova-nacional-com-apoio-do-auxilio-atleta-cgnoticias\\\/#breadcrumb\",\"itemListElement\":[{\"@type\":\"ListItem\",\"position\":1,\"name\":\"In\u00edcio\",\"item\":\"https:\\\/\\\/mrnews.com.br\\\/\"},{\"@type\":\"ListItem\",\"position\":2,\"name\":\"ciclista de Campo Grande vence prova nacional com apoio do Aux\u00edlio Atleta \u2013 CGNot\u00edcias\"}]},{\"@type\":\"WebSite\",\"@id\":\"https:\\\/\\\/mrnews.com.br\\\/#website\",\"url\":\"https:\\\/\\\/mrnews.com.br\\\/\",\"name\":\"MRNews\",\"description\":\"MRNews Jogos de hoje da TV, transmiss\u00f5es ao vivo, Not\u00edcias de futebol, Jogos ao vivo, Lives, resumo de novelas, Programa\u00e7\u00e3o da Globo, A Fazenda e BBB\",\"publisher\":{\"@id\":\"https:\\\/\\\/mrnews.com.br\\\/#organization\"},\"potentialAction\":[{\"@type\":\"SearchAction\",\"target\":{\"@type\":\"EntryPoint\",\"urlTemplate\":\"https:\\\/\\\/mrnews.com.br\\\/?s={search_term_string}\"},\"query-input\":{\"@type\":\"PropertyValueSpecification\",\"valueRequired\":true,\"valueName\":\"search_term_string\"}}],\"inLanguage\":\"pt-BR\"},{\"@type\":\"Organization\",\"@id\":\"https:\\\/\\\/mrnews.com.br\\\/#organization\",\"name\":\"MRNews\",\"url\":\"https:\\\/\\\/mrnews.com.br\\\/\",\"logo\":{\"@type\":\"ImageObject\",\"inLanguage\":\"pt-BR\",\"@id\":\"https:\\\/\\\/mrnews.com.br\\\/#\\\/schema\\\/logo\\\/image\\\/\",\"url\":\"https:\\\/\\\/mrnews.com.br\\\/wp-content\\\/uploads\\\/2019\\\/06\\\/MRNewslogo2.png\",\"contentUrl\":\"https:\\\/\\\/mrnews.com.br\\\/wp-content\\\/uploads\\\/2019\\\/06\\\/MRNewslogo2.png\",\"width\":223,\"height\":58,\"caption\":\"MRNews\"},\"image\":{\"@id\":\"https:\\\/\\\/mrnews.com.br\\\/#\\\/schema\\\/logo\\\/image\\\/\"},\"sameAs\":[\"https:\\\/\\\/www.facebook.com\\\/eaipahpah\\\/?locale2=pt_BR\",\"https:\\\/\\\/x.com\\\/conspirou\",\"https:\\\/\\\/www.instagram.com\\\/eai_pahpah\",\"https:\\\/\\\/br.pinterest.com\\\/mrnewsn\\\/boards\\\/\",\"https:\\\/\\\/www.youtube.com\\\/channel\\\/UCacgnpznQ61fifLWr1tQ-vA?view_as=subscriber\"]},{\"@type\":\"Person\",\"@id\":\"https:\\\/\\\/mrnews.com.br\\\/#\\\/schema\\\/person\\\/be3203154562a9f207407861cef7827b\",\"name\":\"MR News\",\"image\":{\"@type\":\"ImageObject\",\"inLanguage\":\"pt-BR\",\"@id\":\"https:\\\/\\\/secure.gravatar.com\\\/avatar\\\/04084e6d73c042b8646e7c17b494073bf0ede3ea13c7105cfc45cbbbc28385a4?s=96&d=monsterid&r=g\",\"url\":\"https:\\\/\\\/secure.gravatar.com\\\/avatar\\\/04084e6d73c042b8646e7c17b494073bf0ede3ea13c7105cfc45cbbbc28385a4?s=96&d=monsterid&r=g\",\"contentUrl\":\"https:\\\/\\\/secure.gravatar.com\\\/avatar\\\/04084e6d73c042b8646e7c17b494073bf0ede3ea13c7105cfc45cbbbc28385a4?s=96&d=monsterid&r=g\",\"caption\":\"MR News\"},\"description\":\"Especializado em jornalismo colaborativo pela FTP em n\u00edvel de p\u00f3s-gradua\u00e7\u00e3o. suporte@oimeliga.combr\",\"sameAs\":[\"HUGO R.\",\"Admin\"],\"url\":\"https:\\\/\\\/mrnews.com.br\\\/index.php\\\/author\\\/admin\\\/\"}]}<\/script>\n<!-- \/ Yoast SEO plugin. -->","yoast_head_json":{"title":"ciclista de Campo Grande vence prova nacional com apoio do Aux\u00edlio Atleta \u2013 CGNot\u00edcias","robots":{"index":"index","follow":"follow","max-snippet":"max-snippet:-1","max-image-preview":"max-image-preview:large","max-video-preview":"max-video-preview:-1"},"canonical":"https:\/\/mrnews.com.br\/index.php\/2025\/07\/28\/ciclista-de-campo-grande-vence-prova-nacional-com-apoio-do-auxilio-atleta-cgnoticias\/","og_locale":"pt_BR","og_type":"article","og_title":"ciclista de Campo Grande vence prova nacional com apoio do Aux\u00edlio Atleta \u2013 CGNot\u00edcias","og_description":"O que come\u00e7ou como uma tentativa de superar a obesidade e adotar uma vida mais saud\u00e1vel, transformou-se em um estilo de vida e, agora, em vit\u00f3ria nacional. Fernanda Aleixo da Silva, moradora de Campo Grande, \u00e9 o novo nome em destaque no cen\u00e1rio do ciclismo amador brasileiro. Com determina\u00e7\u00e3o, disciplina e apoio do poder p\u00fablico, &hellip;","og_url":"https:\/\/mrnews.com.br\/index.php\/2025\/07\/28\/ciclista-de-campo-grande-vence-prova-nacional-com-apoio-do-auxilio-atleta-cgnoticias\/","og_site_name":"MRNews","article_publisher":"https:\/\/www.facebook.com\/eaipahpah\/?locale2=pt_BR","article_published_time":"2025-07-28T07:36:38+00:00","author":"MR News","twitter_card":"summary_large_image","twitter_creator":"@conspirou","twitter_site":"@conspirou","twitter_misc":{"Escrito por":"MR News","Est. tempo de leitura":"5 minutos"},"schema":{"@context":"https:\/\/schema.org","@graph":[{"@type":"Article","@id":"https:\/\/mrnews.com.br\/index.php\/2025\/07\/28\/ciclista-de-campo-grande-vence-prova-nacional-com-apoio-do-auxilio-atleta-cgnoticias\/#article","isPartOf":{"@id":"https:\/\/mrnews.com.br\/index.php\/2025\/07\/28\/ciclista-de-campo-grande-vence-prova-nacional-com-apoio-do-auxilio-atleta-cgnoticias\/"},"author":{"name":"MR News","@id":"https:\/\/mrnews.com.br\/#\/schema\/person\/be3203154562a9f207407861cef7827b"},"headline":"ciclista de Campo Grande vence prova nacional com apoio do Aux\u00edlio Atleta \u2013 CGNot\u00edcias","datePublished":"2025-07-28T07:36:38+00:00","mainEntityOfPage":{"@id":"https:\/\/mrnews.com.br\/index.php\/2025\/07\/28\/ciclista-de-campo-grande-vence-prova-nacional-com-apoio-do-auxilio-atleta-cgnoticias\/"},"wordCount":942,"commentCount":0,"publisher":{"@id":"https:\/\/mrnews.com.br\/#organization"},"articleSection":["Mato Grosso do Sul"],"inLanguage":"pt-BR","potentialAction":[{"@type":"CommentAction","name":"Comment","target":["https:\/\/mrnews.com.br\/index.php\/2025\/07\/28\/ciclista-de-campo-grande-vence-prova-nacional-com-apoio-do-auxilio-atleta-cgnoticias\/#respond"]}]},{"@type":"WebPage","@id":"https:\/\/mrnews.com.br\/index.php\/2025\/07\/28\/ciclista-de-campo-grande-vence-prova-nacional-com-apoio-do-auxilio-atleta-cgnoticias\/","url":"https:\/\/mrnews.com.br\/index.php\/2025\/07\/28\/ciclista-de-campo-grande-vence-prova-nacional-com-apoio-do-auxilio-atleta-cgnoticias\/","name":"ciclista de Campo Grande vence prova nacional com apoio do Aux\u00edlio Atleta \u2013 CGNot\u00edcias","isPartOf":{"@id":"https:\/\/mrnews.com.br\/#website"},"datePublished":"2025-07-28T07:36:38+00:00","breadcrumb":{"@id":"https:\/\/mrnews.com.br\/index.php\/2025\/07\/28\/ciclista-de-campo-grande-vence-prova-nacional-com-apoio-do-auxilio-atleta-cgnoticias\/#breadcrumb"},"inLanguage":"pt-BR","potentialAction":[{"@type":"ReadAction","target":["https:\/\/mrnews.com.br\/index.php\/2025\/07\/28\/ciclista-de-campo-grande-vence-prova-nacional-com-apoio-do-auxilio-atleta-cgnoticias\/"]}]},{"@type":"BreadcrumbList","@id":"https:\/\/mrnews.com.br\/index.php\/2025\/07\/28\/ciclista-de-campo-grande-vence-prova-nacional-com-apoio-do-auxilio-atleta-cgnoticias\/#breadcrumb","itemListElement":[{"@type":"ListItem","position":1,"name":"In\u00edcio","item":"https:\/\/mrnews.com.br\/"},{"@type":"ListItem","position":2,"name":"ciclista de Campo Grande vence prova nacional com apoio do Aux\u00edlio Atleta \u2013 CGNot\u00edcias"}]},{"@type":"WebSite","@id":"https:\/\/mrnews.com.br\/#website","url":"https:\/\/mrnews.com.br\/","name":"MRNews","description":"MRNews Jogos de hoje da TV, transmiss\u00f5es ao vivo, Not\u00edcias de futebol, Jogos ao vivo, Lives, resumo de novelas, Programa\u00e7\u00e3o da Globo, A Fazenda e BBB","publisher":{"@id":"https:\/\/mrnews.com.br\/#organization"},"potentialAction":[{"@type":"SearchAction","target":{"@type":"EntryPoint","urlTemplate":"https:\/\/mrnews.com.br\/?s={search_term_string}"},"query-input":{"@type":"PropertyValueSpecification","valueRequired":true,"valueName":"search_term_string"}}],"inLanguage":"pt-BR"},{"@type":"Organization","@id":"https:\/\/mrnews.com.br\/#organization","name":"MRNews","url":"https:\/\/mrnews.com.br\/","logo":{"@type":"ImageObject","inLanguage":"pt-BR","@id":"https:\/\/mrnews.com.br\/#\/schema\/logo\/image\/","url":"https:\/\/mrnews.com.br\/wp-content\/uploads\/2019\/06\/MRNewslogo2.png","contentUrl":"https:\/\/mrnews.com.br\/wp-content\/uploads\/2019\/06\/MRNewslogo2.png","width":223,"height":58,"caption":"MRNews"},"image":{"@id":"https:\/\/mrnews.com.br\/#\/schema\/logo\/image\/"},"sameAs":["https:\/\/www.facebook.com\/eaipahpah\/?locale2=pt_BR","https:\/\/x.com\/conspirou","https:\/\/www.instagram.com\/eai_pahpah","https:\/\/br.pinterest.com\/mrnewsn\/boards\/","https:\/\/www.youtube.com\/channel\/UCacgnpznQ61fifLWr1tQ-vA?view_as=subscriber"]},{"@type":"Person","@id":"https:\/\/mrnews.com.br\/#\/schema\/person\/be3203154562a9f207407861cef7827b","name":"MR News","image":{"@type":"ImageObject","inLanguage":"pt-BR","@id":"https:\/\/secure.gravatar.com\/avatar\/04084e6d73c042b8646e7c17b494073bf0ede3ea13c7105cfc45cbbbc28385a4?s=96&d=monsterid&r=g","url":"https:\/\/secure.gravatar.com\/avatar\/04084e6d73c042b8646e7c17b494073bf0ede3ea13c7105cfc45cbbbc28385a4?s=96&d=monsterid&r=g","contentUrl":"https:\/\/secure.gravatar.com\/avatar\/04084e6d73c042b8646e7c17b494073bf0ede3ea13c7105cfc45cbbbc28385a4?s=96&d=monsterid&r=g","caption":"MR News"},"description":"Especializado em jornalismo colaborativo pela FTP em n\u00edvel de p\u00f3s-gradua\u00e7\u00e3o. suporte@oimeliga.combr","sameAs":["HUGO R.","Admin"],"url":"https:\/\/mrnews.com.br\/index.php\/author\/admin\/"}]}},"jetpack_featured_media_url":"","jetpack_sharing_enabled":true,"jetpack_shortlink":"https:\/\/wp.me\/pa2Qf7-1Sg6","amp_enabled":true,"_links":{"self":[{"href":"https:\/\/mrnews.com.br\/index.php\/wp-json\/wp\/v2\/posts\/446902","targetHints":{"allow":["GET"]}}],"collection":[{"href":"https:\/\/mrnews.com.br\/index.php\/wp-json\/wp\/v2\/posts"}],"about":[{"href":"https:\/\/mrnews.com.br\/index.php\/wp-json\/wp\/v2\/types\/post"}],"author":[{"embeddable":true,"href":"https:\/\/mrnews.com.br\/index.php\/wp-json\/wp\/v2\/users\/1"}],"replies":[{"embeddable":true,"href":"https:\/\/mrnews.com.br\/index.php\/wp-json\/wp\/v2\/comments?post=446902"}],"version-history":[{"count":0,"href":"https:\/\/mrnews.com.br\/index.php\/wp-json\/wp\/v2\/posts\/446902\/revisions"}],"wp:attachment":[{"href":"https:\/\/mrnews.com.br\/index.php\/wp-json\/wp\/v2\/media?parent=446902"}],"wp:term":[{"taxonomy":"category","embeddable":true,"href":"https:\/\/mrnews.com.br\/index.php\/wp-json\/wp\/v2\/categories?post=446902"},{"taxonomy":"post_tag","embeddable":true,"href":"https:\/\/mrnews.com.br\/index.php\/wp-json\/wp\/v2\/tags?post=446902"}],"curies":[{"name":"wp","href":"https:\/\/api.w.org\/{rel}","templated":true}]}}