{"id":446947,"date":"2025-07-28T17:41:43","date_gmt":"2025-07-28T20:41:43","guid":{"rendered":"https:\/\/mrnews.com.br\/index.php\/2025\/07\/28\/acoes-governamentais-fizeram-pais-sair-do-mapa-da-fome-diz-ministro\/"},"modified":"2025-07-28T17:41:43","modified_gmt":"2025-07-28T20:41:43","slug":"acoes-governamentais-fizeram-pais-sair-do-mapa-da-fome-diz-ministro","status":"publish","type":"post","link":"https:\/\/mrnews.com.br\/index.php\/2025\/07\/28\/acoes-governamentais-fizeram-pais-sair-do-mapa-da-fome-diz-ministro\/","title":{"rendered":"A\u00e7\u00f5es governamentais fizeram pa\u00eds sair do Mapa da Fome, diz ministro"},"content":{"rendered":"<p>Por EBC, <\/p>\n<div>\n<p>Um trabalho conjunto, interministerial, com mais de 80 a\u00e7\u00f5es, possibilitou ao Brasil sair do Mapa da Fome. A avalia\u00e7\u00e3o \u00e9 do ministro Wellington Dias, do Desenvolvimento e Assist\u00eancia Social, Fam\u00edlia e Combate \u00e0 Fome, em entrevista coletiva nesta segunda-feira (28), para falar do indicativo da Organiza\u00e7\u00e3o das Na\u00e7\u00f5es Unidas (ONU).\u00a0<\/p>\n<blockquote>\n<p>\u201cSair do Mapa da Fome mostra o qu\u00e3o impactante \u00e9 o resultado do trabalho do governo do Brasil em 2023 e 2024, que conseguiu reduzir a desnutri\u00e7\u00e3o no nosso pa\u00eds para menos de 2,5% da popula\u00e7\u00e3o\u201d, disse o ministro.\u00a0<\/p>\n<\/blockquote>\n<p>O Mapa da Fome \u00e9 um indicador global da ONU que identifica pa\u00edses com inseguran\u00e7a alimentar cr\u00f4nica. A informa\u00e7\u00e3o da sa\u00edda do Brasil do mapa consta em relat\u00f3rio apresentado nesta segunda-feira durante a 2\u00aa C\u00fapula de Sistemas Alimentares da Organiza\u00e7\u00e3o das Na\u00e7\u00f5es Unidas (ONU UNFSS+4), em Adis Abeba, na Eti\u00f3pia.\u00a0<\/p>\n<p><strong>\u201cSair do Mapa da Fome \u00e9 resultado do Plano Brasil sem Fome, que integra mais de 80 a\u00e7\u00f5es e programas de 24 minist\u00e9rios\u201d, lembrou o ministro.<\/strong><\/p>\n<h2>Meta<\/h2>\n<p>Estar no Mapa da Fome significa que uma parcela significativa da popula\u00e7\u00e3o n\u00e3o tem acesso regular a alimentos suficientes para uma vida saud\u00e1vel. Para o ministro Wellington Dias, o an\u00fancio tem relev\u00e2ncia hist\u00f3rica e foi at\u00e9 motivo de surpresa, uma vez que\u00a0a meta era sair do mapa da fome em 2026.<\/p>\n<blockquote>\n<p>\u201cCumprimos o objetivo em um tempo recorde [em 2 anos]. Esse resultado mostra que o Plano Brasil sem Fome do governo brasileiro teve efici\u00eancia e pol\u00edticas p\u00fablicas robustas\u201d, avaliou Dias.\u00a0<\/p>\n<\/blockquote>\n<p><strong>O ministro acredita que um pa\u00eds n\u00e3o tem soberania sem justi\u00e7a alimentar, justi\u00e7a social e democracia.<\/strong>\u00a0<\/p>\n<p>\u201cAssim como nosso Sistema \u00danico de Sa\u00fade (SUS) salvou vidas na pandemia, o trabalho do Sistema de Seguran\u00e7a Alimentar e Nutricional brasileiro tamb\u00e9m salvou milh\u00f5es de vidas\u201d, garante.\u00a0\u00a0<\/p>\n<h2>Prioridades<\/h2>\n<p><strong>Wellington Dias listou que a sa\u00edda do Brasil do Mapa da Fome \u00e9 resultado de decis\u00f5es pol\u00edticas do governo brasileiro que priorizaram redu\u00e7\u00e3o da pobreza, est\u00edmulo \u00e0 gera\u00e7\u00e3o do emprego e renda, valoriza\u00e7\u00e3o do sal\u00e1rio m\u00ednimo, apoio \u00e0 agricultura familiar, o fortalecimento da alimenta\u00e7\u00e3o escolar e o sistema de alimenta\u00e7\u00e3o saud\u00e1vel e o acesso \u00e0 alimenta\u00e7\u00e3o saud\u00e1vel.<\/strong>\u00a0<\/p>\n<p>O principal caminho, segundo ele, foi um ajuste do cadastro dos benefici\u00e1rios dos programas sociais.\u00a0<\/p>\n<blockquote>\n<p>\u201cN\u00f3s integramos essa miss\u00e3o de tirar a pessoa da fome com um conjunto de medidas para a supera\u00e7\u00e3o da pobreza\u201d, disse.\u00a0<\/p>\n<\/blockquote>\n<p>O ministro recordou que \u00e9 a segunda vez que o Brasil deixou o Mapa da Fome. A primeira foi em 2014.\u00a0<\/p>\n<p><strong>Wellington Dias criticou o governo anterior, de Jair Bolsonaro, em que, segundo ele, teria havido desmonte de programas sociais, o que teria feito o pa\u00eds retroceder e retornar ao cen\u00e1rio cr\u00edtico de 2021.<\/strong>\u00a0<\/p>\n<h2>Busca ativa<\/h2>\n<p>Para o ministro do Desenvolvimento e Assist\u00eancia Social, \u00e9 papel do governo intensificar a busca ativa de fam\u00edlias em condi\u00e7\u00f5es de desnutri\u00e7\u00e3o por interm\u00e9dio de cruzamento de informa\u00e7\u00f5es e visitas aos locais onde residem para chegar a essas pessoas com mais necessidades.\u00a0<\/p>\n<p>Embora n\u00e3o tenha apresentado prazo, o ministro adiantou que h\u00e1 previs\u00e3o do lan\u00e7amento de uma segunda etapa do Plano Brasil Sem Fome.\u00a0<\/p>\n<p><strong>\u201cDevemos, muito em breve, trabalhar o lan\u00e7amento dessa nova etapa\u201d.<\/strong><\/p>\n<p>      <!-- Relacionada --><\/p>\n<p>            <!-- Relacionada -->\n    <\/div>\n","protected":false},"excerpt":{"rendered":"<p>Por EBC, Um trabalho conjunto, interministerial, com mais de 80 a\u00e7\u00f5es, possibilitou ao Brasil sair do Mapa da Fome. A avalia\u00e7\u00e3o \u00e9 do ministro Wellington Dias, do Desenvolvimento e Assist\u00eancia Social, Fam\u00edlia e Combate \u00e0 Fome, em entrevista coletiva nesta segunda-feira (28), para falar do indicativo da Organiza\u00e7\u00e3o das Na\u00e7\u00f5es Unidas (ONU).\u00a0 \u201cSair do Mapa &hellip;<\/p>\n","protected":false},"author":1,"featured_media":0,"comment_status":"open","ping_status":"open","sticky":false,"template":"","format":"standard","meta":{"_jetpack_memberships_contains_paid_content":false,"footnotes":""},"categories":[2,12225,4],"tags":[],"class_list":["post-446947","post","type-post","status-publish","format-standard","hentry","category-entretenimento","category-noticias","category-servicos"],"yoast_head":"<!-- This site is optimized with the Yoast SEO plugin v27.5 - https:\/\/yoast.com\/product\/yoast-seo-wordpress\/ -->\n<title>A\u00e7\u00f5es governamentais fizeram pa\u00eds sair do Mapa da Fome, diz ministro<\/title>\n<meta name=\"robots\" content=\"index, follow, max-snippet:-1, max-image-preview:large, max-video-preview:-1\" \/>\n<link rel=\"canonical\" href=\"https:\/\/mrnews.com.br\/index.php\/2025\/07\/28\/acoes-governamentais-fizeram-pais-sair-do-mapa-da-fome-diz-ministro\/\" \/>\n<meta property=\"og:locale\" content=\"pt_BR\" \/>\n<meta property=\"og:type\" content=\"article\" \/>\n<meta property=\"og:title\" content=\"A\u00e7\u00f5es governamentais fizeram pa\u00eds sair do Mapa da Fome, diz ministro\" \/>\n<meta property=\"og:description\" content=\"Por EBC, Um trabalho conjunto, interministerial, com mais de 80 a\u00e7\u00f5es, possibilitou ao Brasil sair do Mapa da Fome. A avalia\u00e7\u00e3o \u00e9 do ministro Wellington Dias, do Desenvolvimento e Assist\u00eancia Social, Fam\u00edlia e Combate \u00e0 Fome, em entrevista coletiva nesta segunda-feira (28), para falar do indicativo da Organiza\u00e7\u00e3o das Na\u00e7\u00f5es Unidas (ONU).\u00a0 \u201cSair do Mapa &hellip;\" \/>\n<meta property=\"og:url\" content=\"https:\/\/mrnews.com.br\/index.php\/2025\/07\/28\/acoes-governamentais-fizeram-pais-sair-do-mapa-da-fome-diz-ministro\/\" \/>\n<meta property=\"og:site_name\" content=\"MRNews\" \/>\n<meta property=\"article:publisher\" content=\"https:\/\/www.facebook.com\/eaipahpah\/?locale2=pt_BR\" \/>\n<meta property=\"article:published_time\" content=\"2025-07-28T20:41:43+00:00\" \/>\n<meta name=\"author\" content=\"MR News\" \/>\n<meta name=\"twitter:card\" content=\"summary_large_image\" \/>\n<meta name=\"twitter:creator\" content=\"@conspirou\" \/>\n<meta name=\"twitter:site\" content=\"@conspirou\" \/>\n<meta name=\"twitter:label1\" content=\"Escrito por\" \/>\n\t<meta name=\"twitter:data1\" content=\"MR News\" \/>\n\t<meta name=\"twitter:label2\" content=\"Est. tempo de leitura\" \/>\n\t<meta name=\"twitter:data2\" content=\"3 minutos\" \/>\n<script type=\"application\/ld+json\" class=\"yoast-schema-graph\">{\"@context\":\"https:\\\/\\\/schema.org\",\"@graph\":[{\"@type\":\"Article\",\"@id\":\"https:\\\/\\\/mrnews.com.br\\\/index.php\\\/2025\\\/07\\\/28\\\/acoes-governamentais-fizeram-pais-sair-do-mapa-da-fome-diz-ministro\\\/#article\",\"isPartOf\":{\"@id\":\"https:\\\/\\\/mrnews.com.br\\\/index.php\\\/2025\\\/07\\\/28\\\/acoes-governamentais-fizeram-pais-sair-do-mapa-da-fome-diz-ministro\\\/\"},\"author\":{\"name\":\"MR News\",\"@id\":\"https:\\\/\\\/mrnews.com.br\\\/#\\\/schema\\\/person\\\/be3203154562a9f207407861cef7827b\"},\"headline\":\"A\u00e7\u00f5es governamentais fizeram pa\u00eds sair do Mapa da Fome, diz ministro\",\"datePublished\":\"2025-07-28T20:41:43+00:00\",\"mainEntityOfPage\":{\"@id\":\"https:\\\/\\\/mrnews.com.br\\\/index.php\\\/2025\\\/07\\\/28\\\/acoes-governamentais-fizeram-pais-sair-do-mapa-da-fome-diz-ministro\\\/\"},\"wordCount\":578,\"commentCount\":0,\"publisher\":{\"@id\":\"https:\\\/\\\/mrnews.com.br\\\/#organization\"},\"articleSection\":[\"ENTRETENIMENTO\",\"NOTICIAS\",\"SERVI\u00c7OS\"],\"inLanguage\":\"pt-BR\",\"potentialAction\":[{\"@type\":\"CommentAction\",\"name\":\"Comment\",\"target\":[\"https:\\\/\\\/mrnews.com.br\\\/index.php\\\/2025\\\/07\\\/28\\\/acoes-governamentais-fizeram-pais-sair-do-mapa-da-fome-diz-ministro\\\/#respond\"]}]},{\"@type\":\"WebPage\",\"@id\":\"https:\\\/\\\/mrnews.com.br\\\/index.php\\\/2025\\\/07\\\/28\\\/acoes-governamentais-fizeram-pais-sair-do-mapa-da-fome-diz-ministro\\\/\",\"url\":\"https:\\\/\\\/mrnews.com.br\\\/index.php\\\/2025\\\/07\\\/28\\\/acoes-governamentais-fizeram-pais-sair-do-mapa-da-fome-diz-ministro\\\/\",\"name\":\"A\u00e7\u00f5es governamentais fizeram pa\u00eds sair do Mapa da Fome, diz ministro\",\"isPartOf\":{\"@id\":\"https:\\\/\\\/mrnews.com.br\\\/#website\"},\"datePublished\":\"2025-07-28T20:41:43+00:00\",\"breadcrumb\":{\"@id\":\"https:\\\/\\\/mrnews.com.br\\\/index.php\\\/2025\\\/07\\\/28\\\/acoes-governamentais-fizeram-pais-sair-do-mapa-da-fome-diz-ministro\\\/#breadcrumb\"},\"inLanguage\":\"pt-BR\",\"potentialAction\":[{\"@type\":\"ReadAction\",\"target\":[\"https:\\\/\\\/mrnews.com.br\\\/index.php\\\/2025\\\/07\\\/28\\\/acoes-governamentais-fizeram-pais-sair-do-mapa-da-fome-diz-ministro\\\/\"]}]},{\"@type\":\"BreadcrumbList\",\"@id\":\"https:\\\/\\\/mrnews.com.br\\\/index.php\\\/2025\\\/07\\\/28\\\/acoes-governamentais-fizeram-pais-sair-do-mapa-da-fome-diz-ministro\\\/#breadcrumb\",\"itemListElement\":[{\"@type\":\"ListItem\",\"position\":1,\"name\":\"In\u00edcio\",\"item\":\"https:\\\/\\\/mrnews.com.br\\\/\"},{\"@type\":\"ListItem\",\"position\":2,\"name\":\"A\u00e7\u00f5es governamentais fizeram pa\u00eds sair do Mapa da Fome, diz ministro\"}]},{\"@type\":\"WebSite\",\"@id\":\"https:\\\/\\\/mrnews.com.br\\\/#website\",\"url\":\"https:\\\/\\\/mrnews.com.br\\\/\",\"name\":\"MRNews\",\"description\":\"MRNews Jogos de hoje da TV, transmiss\u00f5es ao vivo, Not\u00edcias de futebol, Jogos ao vivo, Lives, resumo de novelas, Programa\u00e7\u00e3o da Globo, A Fazenda e BBB\",\"publisher\":{\"@id\":\"https:\\\/\\\/mrnews.com.br\\\/#organization\"},\"potentialAction\":[{\"@type\":\"SearchAction\",\"target\":{\"@type\":\"EntryPoint\",\"urlTemplate\":\"https:\\\/\\\/mrnews.com.br\\\/?s={search_term_string}\"},\"query-input\":{\"@type\":\"PropertyValueSpecification\",\"valueRequired\":true,\"valueName\":\"search_term_string\"}}],\"inLanguage\":\"pt-BR\"},{\"@type\":\"Organization\",\"@id\":\"https:\\\/\\\/mrnews.com.br\\\/#organization\",\"name\":\"MRNews\",\"url\":\"https:\\\/\\\/mrnews.com.br\\\/\",\"logo\":{\"@type\":\"ImageObject\",\"inLanguage\":\"pt-BR\",\"@id\":\"https:\\\/\\\/mrnews.com.br\\\/#\\\/schema\\\/logo\\\/image\\\/\",\"url\":\"https:\\\/\\\/mrnews.com.br\\\/wp-content\\\/uploads\\\/2019\\\/06\\\/MRNewslogo2.png\",\"contentUrl\":\"https:\\\/\\\/mrnews.com.br\\\/wp-content\\\/uploads\\\/2019\\\/06\\\/MRNewslogo2.png\",\"width\":223,\"height\":58,\"caption\":\"MRNews\"},\"image\":{\"@id\":\"https:\\\/\\\/mrnews.com.br\\\/#\\\/schema\\\/logo\\\/image\\\/\"},\"sameAs\":[\"https:\\\/\\\/www.facebook.com\\\/eaipahpah\\\/?locale2=pt_BR\",\"https:\\\/\\\/x.com\\\/conspirou\",\"https:\\\/\\\/www.instagram.com\\\/eai_pahpah\",\"https:\\\/\\\/br.pinterest.com\\\/mrnewsn\\\/boards\\\/\",\"https:\\\/\\\/www.youtube.com\\\/channel\\\/UCacgnpznQ61fifLWr1tQ-vA?view_as=subscriber\"]},{\"@type\":\"Person\",\"@id\":\"https:\\\/\\\/mrnews.com.br\\\/#\\\/schema\\\/person\\\/be3203154562a9f207407861cef7827b\",\"name\":\"MR News\",\"image\":{\"@type\":\"ImageObject\",\"inLanguage\":\"pt-BR\",\"@id\":\"https:\\\/\\\/secure.gravatar.com\\\/avatar\\\/04084e6d73c042b8646e7c17b494073bf0ede3ea13c7105cfc45cbbbc28385a4?s=96&d=monsterid&r=g\",\"url\":\"https:\\\/\\\/secure.gravatar.com\\\/avatar\\\/04084e6d73c042b8646e7c17b494073bf0ede3ea13c7105cfc45cbbbc28385a4?s=96&d=monsterid&r=g\",\"contentUrl\":\"https:\\\/\\\/secure.gravatar.com\\\/avatar\\\/04084e6d73c042b8646e7c17b494073bf0ede3ea13c7105cfc45cbbbc28385a4?s=96&d=monsterid&r=g\",\"caption\":\"MR News\"},\"description\":\"Especializado em jornalismo colaborativo pela FTP em n\u00edvel de p\u00f3s-gradua\u00e7\u00e3o. suporte@oimeliga.combr\",\"sameAs\":[\"HUGO R.\",\"Admin\"],\"url\":\"https:\\\/\\\/mrnews.com.br\\\/index.php\\\/author\\\/admin\\\/\"}]}<\/script>\n<!-- \/ Yoast SEO plugin. -->","yoast_head_json":{"title":"A\u00e7\u00f5es governamentais fizeram pa\u00eds sair do Mapa da Fome, diz ministro","robots":{"index":"index","follow":"follow","max-snippet":"max-snippet:-1","max-image-preview":"max-image-preview:large","max-video-preview":"max-video-preview:-1"},"canonical":"https:\/\/mrnews.com.br\/index.php\/2025\/07\/28\/acoes-governamentais-fizeram-pais-sair-do-mapa-da-fome-diz-ministro\/","og_locale":"pt_BR","og_type":"article","og_title":"A\u00e7\u00f5es governamentais fizeram pa\u00eds sair do Mapa da Fome, diz ministro","og_description":"Por EBC, Um trabalho conjunto, interministerial, com mais de 80 a\u00e7\u00f5es, possibilitou ao Brasil sair do Mapa da Fome. A avalia\u00e7\u00e3o \u00e9 do ministro Wellington Dias, do Desenvolvimento e Assist\u00eancia Social, Fam\u00edlia e Combate \u00e0 Fome, em entrevista coletiva nesta segunda-feira (28), para falar do indicativo da Organiza\u00e7\u00e3o das Na\u00e7\u00f5es Unidas (ONU).\u00a0 \u201cSair do Mapa &hellip;","og_url":"https:\/\/mrnews.com.br\/index.php\/2025\/07\/28\/acoes-governamentais-fizeram-pais-sair-do-mapa-da-fome-diz-ministro\/","og_site_name":"MRNews","article_publisher":"https:\/\/www.facebook.com\/eaipahpah\/?locale2=pt_BR","article_published_time":"2025-07-28T20:41:43+00:00","author":"MR News","twitter_card":"summary_large_image","twitter_creator":"@conspirou","twitter_site":"@conspirou","twitter_misc":{"Escrito por":"MR News","Est. tempo de leitura":"3 minutos"},"schema":{"@context":"https:\/\/schema.org","@graph":[{"@type":"Article","@id":"https:\/\/mrnews.com.br\/index.php\/2025\/07\/28\/acoes-governamentais-fizeram-pais-sair-do-mapa-da-fome-diz-ministro\/#article","isPartOf":{"@id":"https:\/\/mrnews.com.br\/index.php\/2025\/07\/28\/acoes-governamentais-fizeram-pais-sair-do-mapa-da-fome-diz-ministro\/"},"author":{"name":"MR News","@id":"https:\/\/mrnews.com.br\/#\/schema\/person\/be3203154562a9f207407861cef7827b"},"headline":"A\u00e7\u00f5es governamentais fizeram pa\u00eds sair do Mapa da Fome, diz ministro","datePublished":"2025-07-28T20:41:43+00:00","mainEntityOfPage":{"@id":"https:\/\/mrnews.com.br\/index.php\/2025\/07\/28\/acoes-governamentais-fizeram-pais-sair-do-mapa-da-fome-diz-ministro\/"},"wordCount":578,"commentCount":0,"publisher":{"@id":"https:\/\/mrnews.com.br\/#organization"},"articleSection":["ENTRETENIMENTO","NOTICIAS","SERVI\u00c7OS"],"inLanguage":"pt-BR","potentialAction":[{"@type":"CommentAction","name":"Comment","target":["https:\/\/mrnews.com.br\/index.php\/2025\/07\/28\/acoes-governamentais-fizeram-pais-sair-do-mapa-da-fome-diz-ministro\/#respond"]}]},{"@type":"WebPage","@id":"https:\/\/mrnews.com.br\/index.php\/2025\/07\/28\/acoes-governamentais-fizeram-pais-sair-do-mapa-da-fome-diz-ministro\/","url":"https:\/\/mrnews.com.br\/index.php\/2025\/07\/28\/acoes-governamentais-fizeram-pais-sair-do-mapa-da-fome-diz-ministro\/","name":"A\u00e7\u00f5es governamentais fizeram pa\u00eds sair do Mapa da Fome, diz ministro","isPartOf":{"@id":"https:\/\/mrnews.com.br\/#website"},"datePublished":"2025-07-28T20:41:43+00:00","breadcrumb":{"@id":"https:\/\/mrnews.com.br\/index.php\/2025\/07\/28\/acoes-governamentais-fizeram-pais-sair-do-mapa-da-fome-diz-ministro\/#breadcrumb"},"inLanguage":"pt-BR","potentialAction":[{"@type":"ReadAction","target":["https:\/\/mrnews.com.br\/index.php\/2025\/07\/28\/acoes-governamentais-fizeram-pais-sair-do-mapa-da-fome-diz-ministro\/"]}]},{"@type":"BreadcrumbList","@id":"https:\/\/mrnews.com.br\/index.php\/2025\/07\/28\/acoes-governamentais-fizeram-pais-sair-do-mapa-da-fome-diz-ministro\/#breadcrumb","itemListElement":[{"@type":"ListItem","position":1,"name":"In\u00edcio","item":"https:\/\/mrnews.com.br\/"},{"@type":"ListItem","position":2,"name":"A\u00e7\u00f5es governamentais fizeram pa\u00eds sair do Mapa da Fome, diz ministro"}]},{"@type":"WebSite","@id":"https:\/\/mrnews.com.br\/#website","url":"https:\/\/mrnews.com.br\/","name":"MRNews","description":"MRNews Jogos de hoje da TV, transmiss\u00f5es ao vivo, Not\u00edcias de futebol, Jogos ao vivo, Lives, resumo de novelas, Programa\u00e7\u00e3o da Globo, A Fazenda e BBB","publisher":{"@id":"https:\/\/mrnews.com.br\/#organization"},"potentialAction":[{"@type":"SearchAction","target":{"@type":"EntryPoint","urlTemplate":"https:\/\/mrnews.com.br\/?s={search_term_string}"},"query-input":{"@type":"PropertyValueSpecification","valueRequired":true,"valueName":"search_term_string"}}],"inLanguage":"pt-BR"},{"@type":"Organization","@id":"https:\/\/mrnews.com.br\/#organization","name":"MRNews","url":"https:\/\/mrnews.com.br\/","logo":{"@type":"ImageObject","inLanguage":"pt-BR","@id":"https:\/\/mrnews.com.br\/#\/schema\/logo\/image\/","url":"https:\/\/mrnews.com.br\/wp-content\/uploads\/2019\/06\/MRNewslogo2.png","contentUrl":"https:\/\/mrnews.com.br\/wp-content\/uploads\/2019\/06\/MRNewslogo2.png","width":223,"height":58,"caption":"MRNews"},"image":{"@id":"https:\/\/mrnews.com.br\/#\/schema\/logo\/image\/"},"sameAs":["https:\/\/www.facebook.com\/eaipahpah\/?locale2=pt_BR","https:\/\/x.com\/conspirou","https:\/\/www.instagram.com\/eai_pahpah","https:\/\/br.pinterest.com\/mrnewsn\/boards\/","https:\/\/www.youtube.com\/channel\/UCacgnpznQ61fifLWr1tQ-vA?view_as=subscriber"]},{"@type":"Person","@id":"https:\/\/mrnews.com.br\/#\/schema\/person\/be3203154562a9f207407861cef7827b","name":"MR News","image":{"@type":"ImageObject","inLanguage":"pt-BR","@id":"https:\/\/secure.gravatar.com\/avatar\/04084e6d73c042b8646e7c17b494073bf0ede3ea13c7105cfc45cbbbc28385a4?s=96&d=monsterid&r=g","url":"https:\/\/secure.gravatar.com\/avatar\/04084e6d73c042b8646e7c17b494073bf0ede3ea13c7105cfc45cbbbc28385a4?s=96&d=monsterid&r=g","contentUrl":"https:\/\/secure.gravatar.com\/avatar\/04084e6d73c042b8646e7c17b494073bf0ede3ea13c7105cfc45cbbbc28385a4?s=96&d=monsterid&r=g","caption":"MR News"},"description":"Especializado em jornalismo colaborativo pela FTP em n\u00edvel de p\u00f3s-gradua\u00e7\u00e3o. suporte@oimeliga.combr","sameAs":["HUGO R.","Admin"],"url":"https:\/\/mrnews.com.br\/index.php\/author\/admin\/"}]}},"jetpack_featured_media_url":"","jetpack_sharing_enabled":true,"jetpack_shortlink":"https:\/\/wp.me\/pa2Qf7-1SgP","amp_enabled":true,"_links":{"self":[{"href":"https:\/\/mrnews.com.br\/index.php\/wp-json\/wp\/v2\/posts\/446947","targetHints":{"allow":["GET"]}}],"collection":[{"href":"https:\/\/mrnews.com.br\/index.php\/wp-json\/wp\/v2\/posts"}],"about":[{"href":"https:\/\/mrnews.com.br\/index.php\/wp-json\/wp\/v2\/types\/post"}],"author":[{"embeddable":true,"href":"https:\/\/mrnews.com.br\/index.php\/wp-json\/wp\/v2\/users\/1"}],"replies":[{"embeddable":true,"href":"https:\/\/mrnews.com.br\/index.php\/wp-json\/wp\/v2\/comments?post=446947"}],"version-history":[{"count":0,"href":"https:\/\/mrnews.com.br\/index.php\/wp-json\/wp\/v2\/posts\/446947\/revisions"}],"wp:attachment":[{"href":"https:\/\/mrnews.com.br\/index.php\/wp-json\/wp\/v2\/media?parent=446947"}],"wp:term":[{"taxonomy":"category","embeddable":true,"href":"https:\/\/mrnews.com.br\/index.php\/wp-json\/wp\/v2\/categories?post=446947"},{"taxonomy":"post_tag","embeddable":true,"href":"https:\/\/mrnews.com.br\/index.php\/wp-json\/wp\/v2\/tags?post=446947"}],"curies":[{"name":"wp","href":"https:\/\/api.w.org\/{rel}","templated":true}]}}