{"id":446999,"date":"2025-07-29T13:17:34","date_gmt":"2025-07-29T16:17:34","guid":{"rendered":"https:\/\/mrnews.com.br\/index.php\/2025\/07\/29\/filme-oro-amargo-discute-machismo-e-desigualdade-social\/"},"modified":"2025-07-29T13:17:34","modified_gmt":"2025-07-29T16:17:34","slug":"filme-oro-amargo-discute-machismo-e-desigualdade-social","status":"publish","type":"post","link":"https:\/\/mrnews.com.br\/index.php\/2025\/07\/29\/filme-oro-amargo-discute-machismo-e-desigualdade-social\/","title":{"rendered":"Filme Oro Amargo discute machismo e desigualdade social"},"content":{"rendered":"<p>Por EBC, <\/p>\n<div>\n<p><strong>Em uma estrada, no meio do deserto do Atacama, no Chile, Carola e seu pai est\u00e3o em um carro esperando pelos trabalhadores de uma mina. Os funcion\u00e1rios finalmente chegam e s\u00e3o todos homens &#8211; menos essa jovem que mant\u00e9m sonhos de sair daquela vida e estudar.<\/strong><\/p>\n<p>Nesse lugar \u00e1rido e gigantesco, que se transforma tamb\u00e9m em um personagem, Carola vive com o pai e a viol\u00eancia dos homens. A bordo dessa caminhonete e tendo sempre o deserto como companhia, Carola \u00e9 a cozinheira dos mineiros e segue em um ir e vir cotidiano, voltando sempre ao mesmo ponto. At\u00e9 que uma mina abandonada atravessa a sua hist\u00f3ria para guardar segredos e finalmente transformar o seu destino.<\/p>\n<p><strong>\u00c9 assim que come\u00e7a o filme chileno <em>Oro Amargo<\/em>, dirigido por Juan Olea, e que fez sua estreia em solos brasileiros no Festival de Cinema Sul-Americano de Bonito, o Cinesur, realizado at\u00e9 o pr\u00f3ximo dia 2 de agosto na cidade de Bonito, no Mato Grosso do Sul.<\/strong><\/p>\n<blockquote>\n<p>Na sess\u00e3o do Cinesur do \u00faltimo s\u00e1bado (26), o filme e a atua\u00e7\u00e3o virtuosa da int\u00e9rprete de Carola foram bastante aplaudidos e elogiados pelo p\u00fablico. E emocionou a atriz chilena Katalina S\u00e1nchez, em sua segunda visita ao Brasil. Em entrevista \u00e0 Ag\u00eancia Brasil, ela disse que o filme mostra a viol\u00eancia enfrentada pelas mulheres &#8211; sugerindo novos significados para o nome da pel\u00edcula.<\/p>\n<\/blockquote>\n<p>&#8220;Essa met\u00e1fora surge do que os mineiros nos contaram quando fomos para o norte [do Chile], de que antigamente eles costumavam testar a rocha para ver se ela\u00a0era de boa qualidade. Ent\u00e3o, quando eles extra\u00edam a rocha, eles sabiam que tipo de mineral poderiam explorar dentro da mina. Juan Olea usou isso para contar a hist\u00f3ria de que, quando h\u00e1 ouro na mina, isso deixa um gosto amargo\u201d, afirmou Katalina.<\/p>\n<p>&gt;&gt; Siga o canal da <strong>Ag\u00eancia Brasil <\/strong>no WhatsApp<\/p>\n<p>Ela se refere a uma cena do filme em que o pai lhe ensina a sentir o gosto da mina para saber quando se pode encontrar um mineral valioso. O ouro, por exemplo, costuma deixar um gosto amargo na boca.<\/p>\n<p>\u201cMas, se adicionarmos uma outra camada de profundidade, poder\u00edamos entender que o ouro \u00e9 tamb\u00e9m ambi\u00e7\u00e3o e, por tr\u00e1s de uma grande ambi\u00e7\u00e3o, h\u00e1 um gosto amargo. H\u00e1 uma situa\u00e7\u00e3o complicada: coisas ruins est\u00e3o por vir. Um outro personagem do filme, o padrinho de Carola, tamb\u00e9m conta neste filme o mito de que, quando h\u00e1 ouro, o diabo aparece. Ent\u00e3o, h\u00e1 muitos mitos e lendas que surgem por meio disso. Igualmente quando uma mulher entra na mina e isso traria azar\u201d, completou.<\/p>\n<h2>Protagonismo feminino<\/h2>\n<p>Ao contr\u00e1rio de outros filmes do g\u00eanero, esse faroeste latino tem como protagonista uma mulher. S\u00e3o seus olhos que guiam o drama, a a\u00e7\u00e3o e o suspense que se desenrolam nesse imenso e violento deserto. \u201cAcho que [esse filme] representa muito bem como as mulheres \u00e0s vezes se sentem neste mundo que parece t\u00e3o grande e ainda n\u00e3o tem espa\u00e7o para n\u00f3s\u201d, disse a atriz.<\/p>\n<p>\u201cO que Carola tem que passar \u00e9 bastante doloroso. Ela tem que cuidar de muitas coisas que, dada a sua idade, n\u00e3o deveria ter de enfrentar\u201d, afirma Katalina.<\/p>\n<p>\u201cVoc\u00ea v\u00ea uma menina pequena e fr\u00e1gil que s\u00f3 tem o pai e est\u00e1 sob o jugo dele, que \u00e9 bastante respeitado no mundo da minera\u00e7\u00e3o. E, de repente, os pap\u00e9is mudam, e ela \u00e9 quem tem que cuidar de tudo isso. Ent\u00e3o, acho que, no final, o contexto de viver no deserto, de ter se dedicado \u00e0 minera\u00e7\u00e3o, \u00e9 a \u00fanica coisa que a afeta, e ela interpreta isso de um ponto de vista muito mais mental\u201d, argumentou.<\/p>\n<p><strong>Depois da \u00f3tima recep\u00e7\u00e3o do filme no Festival de Bonito, Katalina espera que o longa siga emocionando plateias, ampliando as discuss\u00f5es sobre as desigualdades e mostrando mais do que o cinema sul-americano \u00e9 capaz de produzir.<\/strong><\/p>\n<p><strong>\u201cA recep\u00e7\u00e3o do filme em Bonito foi maravilhosa. Me emocionou muito o aplauso final. Foi muito bonito poder estrear esse filme na Am\u00e9rica do Sul, me parece muito familiar, muito pr\u00f3xima. N\u00e3o estou dizendo que n\u00e3o pare\u00e7a assim em outros lugares, mas acho que \u00e9 uma hist\u00f3ria que nos toca t\u00e3o diretamente como cultura, pois podemos \u2014 eu sinto que podemos \u2014 sentir o perigo, sentir a dor e todo o desenvolvimento emocional pelo qual Carola passou. Acho que entendemos isso como sul-americanos\u201d, acentuou.<\/strong><\/p>\n<p>O Cinesur \u00e9 um festival de cinema realizado at\u00e9 2 de agosto na tur\u00edstica cidade de Bonito.\u00a0<\/p>\n<p>*<em>A rep\u00f3rter viajou a convite do Festival de Cinema Sul Americano Bonito Cinesur 2025<\/em><\/p>\n<p>      <!-- Relacionada --><\/p>\n<p>            <!-- Relacionada -->\n    <\/div>\n","protected":false},"excerpt":{"rendered":"<p>Por EBC, Em uma estrada, no meio do deserto do Atacama, no Chile, Carola e seu pai est\u00e3o em um carro esperando pelos trabalhadores de uma mina. Os funcion\u00e1rios finalmente chegam e s\u00e3o todos homens &#8211; menos essa jovem que mant\u00e9m sonhos de sair daquela vida e estudar. Nesse lugar \u00e1rido e gigantesco, que se &hellip;<\/p>\n","protected":false},"author":1,"featured_media":0,"comment_status":"open","ping_status":"open","sticky":false,"template":"","format":"standard","meta":{"_jetpack_memberships_contains_paid_content":false,"footnotes":""},"categories":[2,12225,4],"tags":[],"class_list":["post-446999","post","type-post","status-publish","format-standard","hentry","category-entretenimento","category-noticias","category-servicos"],"yoast_head":"<!-- This site is optimized with the Yoast SEO plugin v27.5 - https:\/\/yoast.com\/product\/yoast-seo-wordpress\/ -->\n<title>Filme Oro Amargo discute machismo e desigualdade social<\/title>\n<meta name=\"robots\" content=\"index, follow, max-snippet:-1, max-image-preview:large, max-video-preview:-1\" \/>\n<link rel=\"canonical\" href=\"https:\/\/mrnews.com.br\/index.php\/2025\/07\/29\/filme-oro-amargo-discute-machismo-e-desigualdade-social\/\" \/>\n<meta property=\"og:locale\" content=\"pt_BR\" \/>\n<meta property=\"og:type\" content=\"article\" \/>\n<meta property=\"og:title\" content=\"Filme Oro Amargo discute machismo e desigualdade social\" \/>\n<meta property=\"og:description\" content=\"Por EBC, Em uma estrada, no meio do deserto do Atacama, no Chile, Carola e seu pai est\u00e3o em um carro esperando pelos trabalhadores de uma mina. Os funcion\u00e1rios finalmente chegam e s\u00e3o todos homens &#8211; menos essa jovem que mant\u00e9m sonhos de sair daquela vida e estudar. Nesse lugar \u00e1rido e gigantesco, que se &hellip;\" \/>\n<meta property=\"og:url\" content=\"https:\/\/mrnews.com.br\/index.php\/2025\/07\/29\/filme-oro-amargo-discute-machismo-e-desigualdade-social\/\" \/>\n<meta property=\"og:site_name\" content=\"MRNews\" \/>\n<meta property=\"article:publisher\" content=\"https:\/\/www.facebook.com\/eaipahpah\/?locale2=pt_BR\" \/>\n<meta property=\"article:published_time\" content=\"2025-07-29T16:17:34+00:00\" \/>\n<meta name=\"author\" content=\"MR News\" \/>\n<meta name=\"twitter:card\" content=\"summary_large_image\" \/>\n<meta name=\"twitter:creator\" content=\"@conspirou\" \/>\n<meta name=\"twitter:site\" content=\"@conspirou\" \/>\n<meta name=\"twitter:label1\" content=\"Escrito por\" \/>\n\t<meta name=\"twitter:data1\" content=\"MR News\" \/>\n\t<meta name=\"twitter:label2\" content=\"Est. tempo de leitura\" \/>\n\t<meta name=\"twitter:data2\" content=\"4 minutos\" \/>\n<script type=\"application\/ld+json\" class=\"yoast-schema-graph\">{\"@context\":\"https:\\\/\\\/schema.org\",\"@graph\":[{\"@type\":\"Article\",\"@id\":\"https:\\\/\\\/mrnews.com.br\\\/index.php\\\/2025\\\/07\\\/29\\\/filme-oro-amargo-discute-machismo-e-desigualdade-social\\\/#article\",\"isPartOf\":{\"@id\":\"https:\\\/\\\/mrnews.com.br\\\/index.php\\\/2025\\\/07\\\/29\\\/filme-oro-amargo-discute-machismo-e-desigualdade-social\\\/\"},\"author\":{\"name\":\"MR News\",\"@id\":\"https:\\\/\\\/mrnews.com.br\\\/#\\\/schema\\\/person\\\/be3203154562a9f207407861cef7827b\"},\"headline\":\"Filme Oro Amargo discute machismo e desigualdade social\",\"datePublished\":\"2025-07-29T16:17:34+00:00\",\"mainEntityOfPage\":{\"@id\":\"https:\\\/\\\/mrnews.com.br\\\/index.php\\\/2025\\\/07\\\/29\\\/filme-oro-amargo-discute-machismo-e-desigualdade-social\\\/\"},\"wordCount\":804,\"commentCount\":0,\"publisher\":{\"@id\":\"https:\\\/\\\/mrnews.com.br\\\/#organization\"},\"articleSection\":[\"ENTRETENIMENTO\",\"NOTICIAS\",\"SERVI\u00c7OS\"],\"inLanguage\":\"pt-BR\",\"potentialAction\":[{\"@type\":\"CommentAction\",\"name\":\"Comment\",\"target\":[\"https:\\\/\\\/mrnews.com.br\\\/index.php\\\/2025\\\/07\\\/29\\\/filme-oro-amargo-discute-machismo-e-desigualdade-social\\\/#respond\"]}]},{\"@type\":\"WebPage\",\"@id\":\"https:\\\/\\\/mrnews.com.br\\\/index.php\\\/2025\\\/07\\\/29\\\/filme-oro-amargo-discute-machismo-e-desigualdade-social\\\/\",\"url\":\"https:\\\/\\\/mrnews.com.br\\\/index.php\\\/2025\\\/07\\\/29\\\/filme-oro-amargo-discute-machismo-e-desigualdade-social\\\/\",\"name\":\"Filme Oro Amargo discute machismo e desigualdade social\",\"isPartOf\":{\"@id\":\"https:\\\/\\\/mrnews.com.br\\\/#website\"},\"datePublished\":\"2025-07-29T16:17:34+00:00\",\"breadcrumb\":{\"@id\":\"https:\\\/\\\/mrnews.com.br\\\/index.php\\\/2025\\\/07\\\/29\\\/filme-oro-amargo-discute-machismo-e-desigualdade-social\\\/#breadcrumb\"},\"inLanguage\":\"pt-BR\",\"potentialAction\":[{\"@type\":\"ReadAction\",\"target\":[\"https:\\\/\\\/mrnews.com.br\\\/index.php\\\/2025\\\/07\\\/29\\\/filme-oro-amargo-discute-machismo-e-desigualdade-social\\\/\"]}]},{\"@type\":\"BreadcrumbList\",\"@id\":\"https:\\\/\\\/mrnews.com.br\\\/index.php\\\/2025\\\/07\\\/29\\\/filme-oro-amargo-discute-machismo-e-desigualdade-social\\\/#breadcrumb\",\"itemListElement\":[{\"@type\":\"ListItem\",\"position\":1,\"name\":\"In\u00edcio\",\"item\":\"https:\\\/\\\/mrnews.com.br\\\/\"},{\"@type\":\"ListItem\",\"position\":2,\"name\":\"Filme Oro Amargo discute machismo e desigualdade social\"}]},{\"@type\":\"WebSite\",\"@id\":\"https:\\\/\\\/mrnews.com.br\\\/#website\",\"url\":\"https:\\\/\\\/mrnews.com.br\\\/\",\"name\":\"MRNews\",\"description\":\"MRNews Jogos de hoje da TV, transmiss\u00f5es ao vivo, Not\u00edcias de futebol, Jogos ao vivo, Lives, resumo de novelas, Programa\u00e7\u00e3o da Globo, A Fazenda e BBB\",\"publisher\":{\"@id\":\"https:\\\/\\\/mrnews.com.br\\\/#organization\"},\"potentialAction\":[{\"@type\":\"SearchAction\",\"target\":{\"@type\":\"EntryPoint\",\"urlTemplate\":\"https:\\\/\\\/mrnews.com.br\\\/?s={search_term_string}\"},\"query-input\":{\"@type\":\"PropertyValueSpecification\",\"valueRequired\":true,\"valueName\":\"search_term_string\"}}],\"inLanguage\":\"pt-BR\"},{\"@type\":\"Organization\",\"@id\":\"https:\\\/\\\/mrnews.com.br\\\/#organization\",\"name\":\"MRNews\",\"url\":\"https:\\\/\\\/mrnews.com.br\\\/\",\"logo\":{\"@type\":\"ImageObject\",\"inLanguage\":\"pt-BR\",\"@id\":\"https:\\\/\\\/mrnews.com.br\\\/#\\\/schema\\\/logo\\\/image\\\/\",\"url\":\"https:\\\/\\\/mrnews.com.br\\\/wp-content\\\/uploads\\\/2019\\\/06\\\/MRNewslogo2.png\",\"contentUrl\":\"https:\\\/\\\/mrnews.com.br\\\/wp-content\\\/uploads\\\/2019\\\/06\\\/MRNewslogo2.png\",\"width\":223,\"height\":58,\"caption\":\"MRNews\"},\"image\":{\"@id\":\"https:\\\/\\\/mrnews.com.br\\\/#\\\/schema\\\/logo\\\/image\\\/\"},\"sameAs\":[\"https:\\\/\\\/www.facebook.com\\\/eaipahpah\\\/?locale2=pt_BR\",\"https:\\\/\\\/x.com\\\/conspirou\",\"https:\\\/\\\/www.instagram.com\\\/eai_pahpah\",\"https:\\\/\\\/br.pinterest.com\\\/mrnewsn\\\/boards\\\/\",\"https:\\\/\\\/www.youtube.com\\\/channel\\\/UCacgnpznQ61fifLWr1tQ-vA?view_as=subscriber\"]},{\"@type\":\"Person\",\"@id\":\"https:\\\/\\\/mrnews.com.br\\\/#\\\/schema\\\/person\\\/be3203154562a9f207407861cef7827b\",\"name\":\"MR News\",\"image\":{\"@type\":\"ImageObject\",\"inLanguage\":\"pt-BR\",\"@id\":\"https:\\\/\\\/secure.gravatar.com\\\/avatar\\\/04084e6d73c042b8646e7c17b494073bf0ede3ea13c7105cfc45cbbbc28385a4?s=96&d=monsterid&r=g\",\"url\":\"https:\\\/\\\/secure.gravatar.com\\\/avatar\\\/04084e6d73c042b8646e7c17b494073bf0ede3ea13c7105cfc45cbbbc28385a4?s=96&d=monsterid&r=g\",\"contentUrl\":\"https:\\\/\\\/secure.gravatar.com\\\/avatar\\\/04084e6d73c042b8646e7c17b494073bf0ede3ea13c7105cfc45cbbbc28385a4?s=96&d=monsterid&r=g\",\"caption\":\"MR News\"},\"description\":\"Especializado em jornalismo colaborativo pela FTP em n\u00edvel de p\u00f3s-gradua\u00e7\u00e3o. suporte@oimeliga.combr\",\"sameAs\":[\"HUGO R.\",\"Admin\"],\"url\":\"https:\\\/\\\/mrnews.com.br\\\/index.php\\\/author\\\/admin\\\/\"}]}<\/script>\n<!-- \/ Yoast SEO plugin. -->","yoast_head_json":{"title":"Filme Oro Amargo discute machismo e desigualdade social","robots":{"index":"index","follow":"follow","max-snippet":"max-snippet:-1","max-image-preview":"max-image-preview:large","max-video-preview":"max-video-preview:-1"},"canonical":"https:\/\/mrnews.com.br\/index.php\/2025\/07\/29\/filme-oro-amargo-discute-machismo-e-desigualdade-social\/","og_locale":"pt_BR","og_type":"article","og_title":"Filme Oro Amargo discute machismo e desigualdade social","og_description":"Por EBC, Em uma estrada, no meio do deserto do Atacama, no Chile, Carola e seu pai est\u00e3o em um carro esperando pelos trabalhadores de uma mina. Os funcion\u00e1rios finalmente chegam e s\u00e3o todos homens &#8211; menos essa jovem que mant\u00e9m sonhos de sair daquela vida e estudar. Nesse lugar \u00e1rido e gigantesco, que se &hellip;","og_url":"https:\/\/mrnews.com.br\/index.php\/2025\/07\/29\/filme-oro-amargo-discute-machismo-e-desigualdade-social\/","og_site_name":"MRNews","article_publisher":"https:\/\/www.facebook.com\/eaipahpah\/?locale2=pt_BR","article_published_time":"2025-07-29T16:17:34+00:00","author":"MR News","twitter_card":"summary_large_image","twitter_creator":"@conspirou","twitter_site":"@conspirou","twitter_misc":{"Escrito por":"MR News","Est. tempo de leitura":"4 minutos"},"schema":{"@context":"https:\/\/schema.org","@graph":[{"@type":"Article","@id":"https:\/\/mrnews.com.br\/index.php\/2025\/07\/29\/filme-oro-amargo-discute-machismo-e-desigualdade-social\/#article","isPartOf":{"@id":"https:\/\/mrnews.com.br\/index.php\/2025\/07\/29\/filme-oro-amargo-discute-machismo-e-desigualdade-social\/"},"author":{"name":"MR News","@id":"https:\/\/mrnews.com.br\/#\/schema\/person\/be3203154562a9f207407861cef7827b"},"headline":"Filme Oro Amargo discute machismo e desigualdade social","datePublished":"2025-07-29T16:17:34+00:00","mainEntityOfPage":{"@id":"https:\/\/mrnews.com.br\/index.php\/2025\/07\/29\/filme-oro-amargo-discute-machismo-e-desigualdade-social\/"},"wordCount":804,"commentCount":0,"publisher":{"@id":"https:\/\/mrnews.com.br\/#organization"},"articleSection":["ENTRETENIMENTO","NOTICIAS","SERVI\u00c7OS"],"inLanguage":"pt-BR","potentialAction":[{"@type":"CommentAction","name":"Comment","target":["https:\/\/mrnews.com.br\/index.php\/2025\/07\/29\/filme-oro-amargo-discute-machismo-e-desigualdade-social\/#respond"]}]},{"@type":"WebPage","@id":"https:\/\/mrnews.com.br\/index.php\/2025\/07\/29\/filme-oro-amargo-discute-machismo-e-desigualdade-social\/","url":"https:\/\/mrnews.com.br\/index.php\/2025\/07\/29\/filme-oro-amargo-discute-machismo-e-desigualdade-social\/","name":"Filme Oro Amargo discute machismo e desigualdade social","isPartOf":{"@id":"https:\/\/mrnews.com.br\/#website"},"datePublished":"2025-07-29T16:17:34+00:00","breadcrumb":{"@id":"https:\/\/mrnews.com.br\/index.php\/2025\/07\/29\/filme-oro-amargo-discute-machismo-e-desigualdade-social\/#breadcrumb"},"inLanguage":"pt-BR","potentialAction":[{"@type":"ReadAction","target":["https:\/\/mrnews.com.br\/index.php\/2025\/07\/29\/filme-oro-amargo-discute-machismo-e-desigualdade-social\/"]}]},{"@type":"BreadcrumbList","@id":"https:\/\/mrnews.com.br\/index.php\/2025\/07\/29\/filme-oro-amargo-discute-machismo-e-desigualdade-social\/#breadcrumb","itemListElement":[{"@type":"ListItem","position":1,"name":"In\u00edcio","item":"https:\/\/mrnews.com.br\/"},{"@type":"ListItem","position":2,"name":"Filme Oro Amargo discute machismo e desigualdade social"}]},{"@type":"WebSite","@id":"https:\/\/mrnews.com.br\/#website","url":"https:\/\/mrnews.com.br\/","name":"MRNews","description":"MRNews Jogos de hoje da TV, transmiss\u00f5es ao vivo, Not\u00edcias de futebol, Jogos ao vivo, Lives, resumo de novelas, Programa\u00e7\u00e3o da Globo, A Fazenda e BBB","publisher":{"@id":"https:\/\/mrnews.com.br\/#organization"},"potentialAction":[{"@type":"SearchAction","target":{"@type":"EntryPoint","urlTemplate":"https:\/\/mrnews.com.br\/?s={search_term_string}"},"query-input":{"@type":"PropertyValueSpecification","valueRequired":true,"valueName":"search_term_string"}}],"inLanguage":"pt-BR"},{"@type":"Organization","@id":"https:\/\/mrnews.com.br\/#organization","name":"MRNews","url":"https:\/\/mrnews.com.br\/","logo":{"@type":"ImageObject","inLanguage":"pt-BR","@id":"https:\/\/mrnews.com.br\/#\/schema\/logo\/image\/","url":"https:\/\/mrnews.com.br\/wp-content\/uploads\/2019\/06\/MRNewslogo2.png","contentUrl":"https:\/\/mrnews.com.br\/wp-content\/uploads\/2019\/06\/MRNewslogo2.png","width":223,"height":58,"caption":"MRNews"},"image":{"@id":"https:\/\/mrnews.com.br\/#\/schema\/logo\/image\/"},"sameAs":["https:\/\/www.facebook.com\/eaipahpah\/?locale2=pt_BR","https:\/\/x.com\/conspirou","https:\/\/www.instagram.com\/eai_pahpah","https:\/\/br.pinterest.com\/mrnewsn\/boards\/","https:\/\/www.youtube.com\/channel\/UCacgnpznQ61fifLWr1tQ-vA?view_as=subscriber"]},{"@type":"Person","@id":"https:\/\/mrnews.com.br\/#\/schema\/person\/be3203154562a9f207407861cef7827b","name":"MR News","image":{"@type":"ImageObject","inLanguage":"pt-BR","@id":"https:\/\/secure.gravatar.com\/avatar\/04084e6d73c042b8646e7c17b494073bf0ede3ea13c7105cfc45cbbbc28385a4?s=96&d=monsterid&r=g","url":"https:\/\/secure.gravatar.com\/avatar\/04084e6d73c042b8646e7c17b494073bf0ede3ea13c7105cfc45cbbbc28385a4?s=96&d=monsterid&r=g","contentUrl":"https:\/\/secure.gravatar.com\/avatar\/04084e6d73c042b8646e7c17b494073bf0ede3ea13c7105cfc45cbbbc28385a4?s=96&d=monsterid&r=g","caption":"MR News"},"description":"Especializado em jornalismo colaborativo pela FTP em n\u00edvel de p\u00f3s-gradua\u00e7\u00e3o. suporte@oimeliga.combr","sameAs":["HUGO R.","Admin"],"url":"https:\/\/mrnews.com.br\/index.php\/author\/admin\/"}]}},"jetpack_featured_media_url":"","jetpack_sharing_enabled":true,"jetpack_shortlink":"https:\/\/wp.me\/pa2Qf7-1ShF","amp_enabled":true,"_links":{"self":[{"href":"https:\/\/mrnews.com.br\/index.php\/wp-json\/wp\/v2\/posts\/446999","targetHints":{"allow":["GET"]}}],"collection":[{"href":"https:\/\/mrnews.com.br\/index.php\/wp-json\/wp\/v2\/posts"}],"about":[{"href":"https:\/\/mrnews.com.br\/index.php\/wp-json\/wp\/v2\/types\/post"}],"author":[{"embeddable":true,"href":"https:\/\/mrnews.com.br\/index.php\/wp-json\/wp\/v2\/users\/1"}],"replies":[{"embeddable":true,"href":"https:\/\/mrnews.com.br\/index.php\/wp-json\/wp\/v2\/comments?post=446999"}],"version-history":[{"count":0,"href":"https:\/\/mrnews.com.br\/index.php\/wp-json\/wp\/v2\/posts\/446999\/revisions"}],"wp:attachment":[{"href":"https:\/\/mrnews.com.br\/index.php\/wp-json\/wp\/v2\/media?parent=446999"}],"wp:term":[{"taxonomy":"category","embeddable":true,"href":"https:\/\/mrnews.com.br\/index.php\/wp-json\/wp\/v2\/categories?post=446999"},{"taxonomy":"post_tag","embeddable":true,"href":"https:\/\/mrnews.com.br\/index.php\/wp-json\/wp\/v2\/tags?post=446999"}],"curies":[{"name":"wp","href":"https:\/\/api.w.org\/{rel}","templated":true}]}}