{"id":447001,"date":"2025-07-29T14:41:33","date_gmt":"2025-07-29T17:41:33","guid":{"rendered":"https:\/\/mrnews.com.br\/index.php\/2025\/07\/29\/assassinatos-de-indigenas-crescem-em-2024-e-chegam-a-211-indica-cimi\/"},"modified":"2025-07-29T14:41:33","modified_gmt":"2025-07-29T17:41:33","slug":"assassinatos-de-indigenas-crescem-em-2024-e-chegam-a-211-indica-cimi","status":"publish","type":"post","link":"https:\/\/mrnews.com.br\/index.php\/2025\/07\/29\/assassinatos-de-indigenas-crescem-em-2024-e-chegam-a-211-indica-cimi\/","title":{"rendered":"Assassinatos de ind\u00edgenas crescem em 2024 e chegam a 211, indica Cimi"},"content":{"rendered":"<p>Por EBC, <\/p>\n<div>\n<p>Nos \u00faltimos dez anos, os casos de assassinatos de ind\u00edgenas cresceram 201,43%, passando de 70 casos em 2014 para 211, em 2024. Os dados fazem parte de relat\u00f3rio Viol\u00eancia Contra os Povos Ind\u00edgenas do Brasil, produzido pelo\u00a0Conselho Indigenista Mission\u00e1rio (Cimi).\u00a0<\/p>\n<p>Do total de v\u00edtimas, 159 eram do g\u00eanero masculino e 52, feminino. Os estados que registraram maior n\u00famero de mortes ind\u00edgenas por assassinato foram Roraima (57), Amazonas (45) e Mato Grosso do Sul (33), com destaque tamb\u00e9m para a Bahia, onde 23 ind\u00edgenas foram assassinados. Cerca de 34% dos assassinatos (71 casos) vitimaram\u00a0ind\u00edgenas jovens, de 20 a 29 anos de idade.<\/p>\n<p>O documento registra\u00a0aumento nos epis\u00f3dios de viol\u00eancia contra a pessoa, que totalizaram 424 registros em 2024, contra 248 em 2014. Nove categorias s\u00e3o contabilizadas: abuso de poder (19 casos); amea\u00e7a de morte (20); amea\u00e7as v\u00e1rias (35); assassinatos (211); homic\u00eddio culposo (20); les\u00f5es corporais (29); racismo e discrimina\u00e7\u00e3o \u00e9tnico-cultural (39); tentativa de assassinato (31); e viol\u00eancia sexual (20).<\/p>\n<div class=\"dnd-widget-wrapper context-medio_4colunas type-image atom-align-left\">\n<div class=\"dnd-atom-rendered\"><!-- scald=420267:medio_4colunas {\"additionalClasses\":\"\"} --><\/p>\n<p>    <!-- END scald=420267 --><\/div>\n<p><h5 class=\"meta\">Ind\u00edgenas de v\u00e1rias etnias participam de marcha durante o Acampamento Terra Livre (ATL), em Bras\u00edlia. <strong>Foto:\u00a0Fabio Rodrigues-Pozzebom\/ Arquivo Ag\u00eancia Brasil<\/strong><!--END copyright=420267--><\/h5>\n<\/p>\n<\/div>\n<p>O relat\u00f3rio destaca 2024 como o\u00a0primeiro ano da vig\u00eancia do\u00a0Marco Temporal\u00a0(Lei 14.701\/2023), aprovado pelo Congresso Nacional e promulgada em dezembro de 2023. De acordo com o Cimi, a legisla\u00e7\u00e3o coloca o direito dos povos ind\u00edgenas \u00e0s suas terras e territ\u00f3rios numa situa\u00e7\u00e3o de vulnerabilidade sem precedentes no per\u00edodo p\u00f3s-Constituinte.<\/p>\n<p>&gt;&gt; Siga o canal da <strong>Ag\u00eancia Brasil <\/strong>no WhatsApp<\/p>\n<p>Segundo o documento, 154 conflitos referentes a direitos territoriais foram registrados em pelo menos 114 Terras Ind\u00edgenas em 19 estados. De acordo com o Cimi, o\u00a0ano foi marcado por graves e violentos ataques armados contra comunidades ind\u00edgenas em luta pela demarca\u00e7\u00e3o de suas terras, especialmente nos territ\u00f3rios Guarani e Kaiow\u00e1, no Mato Grosso do Sul, Av\u00e1-Guarani, no oeste do Paran\u00e1, e Patax\u00f3 e Patax\u00f3 H\u00e3-H\u00e3-H\u00e3e, no sul e extremo sul da Bahia.<\/p>\n<p>&#8220;Uma das principais consequ\u00eancias da promulga\u00e7\u00e3o da Lei 14.701\/2023 foi a estagna\u00e7\u00e3o quase completa dos processos demarcat\u00f3rios em curso, devido \u00e0 inseguran\u00e7a jur\u00eddica gerada pela norma, que insere no ordenamento legal relativo \u00e0 demarca\u00e7\u00e3o de terras ind\u00edgenas par\u00e2metros considerados &#8216;inexequ\u00edveis&#8217;\u00a0pela Funai&#8221;, destaca o relat\u00f3rio.<\/p>\n<p>Um reflexo deste cen\u00e1rio \u00e9 o fato de que aproximadamente dois ter\u00e7os (78) das terras e territ\u00f3rios ind\u00edgenas que registraram conflitos relativos a direitos territoriais em 2024 n\u00e3o est\u00e3o regularizadas. Essas \u00e1reas, com pend\u00eancias administrativas ou sem nenhuma provid\u00eancia para sua demarca\u00e7\u00e3o, concentraram pelo menos 101 dos 154 casos de conflitos registrados pelo Cimi em 2024.<\/p>\n<p>Procurado\u00a0pela<strong> Ag\u00eancia Brasil<\/strong>, o Minist\u00e9rio dos Povos Ind\u00edgenas encaminhou nota afirmando que sempre se posicionou de forma contr\u00e1ria \u00e0 Lei do Marco Temporal. &#8220;Enquanto n\u00e3o se avan\u00e7a em uma solu\u00e7\u00e3o concreta que n\u00e3o represente um retrocesso em rela\u00e7\u00e3o aos direitos dos povos ind\u00edgenas, a pasta vem atuando em diversas frentes para avan\u00e7ar naquilo que n\u00e3o \u00e9 impactado pela lei vigente&#8221;, afirmou.<\/p>\n<p>O minist\u00e9rio destaca que, desde 2023, o governo federal homologou 13 territ\u00f3rios ind\u00edgenas. Al\u00e9m disso, a pasta\u00a0participou do processo que levou \u00e0 assinatura de 11 portarias declarat\u00f3rias. &#8220;Em dois anos as homologa\u00e7\u00f5es, que n\u00e3o aconteciam desde 2018, j\u00e1 ultrapassaram o montante dos \u00faltimos 10 anos antes da cria\u00e7\u00e3o do minist\u00e9rio&#8221;, declarou.<\/p>\n<p>&#8220;Diante do passivo de demarca\u00e7\u00e3o de TIs no Brasil e do atraso referente ao prazo estabelecido pela Constitui\u00e7\u00e3o, a posi\u00e7\u00e3o do MPI \u00e9 encontrar solu\u00e7\u00f5es que ponham fim definitivo ao ciclo de viol\u00eancia em conflitos fundi\u00e1rios que se aprofundaram ao longo de 2023 e 2024 em decorr\u00eancia da lei do marco temporal&#8221;, acrescentou.<\/p>\n<p>      <!-- Relacionada --><\/p>\n<p>            <!-- Relacionada -->\n    <\/div>\n","protected":false},"excerpt":{"rendered":"<p>Por EBC, Nos \u00faltimos dez anos, os casos de assassinatos de ind\u00edgenas cresceram 201,43%, passando de 70 casos em 2014 para 211, em 2024. Os dados fazem parte de relat\u00f3rio Viol\u00eancia Contra os Povos Ind\u00edgenas do Brasil, produzido pelo\u00a0Conselho Indigenista Mission\u00e1rio (Cimi).\u00a0 Do total de v\u00edtimas, 159 eram do g\u00eanero masculino e 52, feminino. Os &hellip;<\/p>\n","protected":false},"author":1,"featured_media":0,"comment_status":"open","ping_status":"open","sticky":false,"template":"","format":"standard","meta":{"_jetpack_memberships_contains_paid_content":false,"footnotes":""},"categories":[2,12225,4],"tags":[],"class_list":["post-447001","post","type-post","status-publish","format-standard","hentry","category-entretenimento","category-noticias","category-servicos"],"yoast_head":"<!-- This site is optimized with the Yoast SEO plugin v27.5 - https:\/\/yoast.com\/product\/yoast-seo-wordpress\/ -->\n<title>Assassinatos de ind\u00edgenas crescem em 2024 e chegam a 211, indica Cimi<\/title>\n<meta name=\"robots\" content=\"index, follow, max-snippet:-1, max-image-preview:large, max-video-preview:-1\" \/>\n<link rel=\"canonical\" href=\"https:\/\/mrnews.com.br\/index.php\/2025\/07\/29\/assassinatos-de-indigenas-crescem-em-2024-e-chegam-a-211-indica-cimi\/\" \/>\n<meta property=\"og:locale\" content=\"pt_BR\" \/>\n<meta property=\"og:type\" content=\"article\" \/>\n<meta property=\"og:title\" content=\"Assassinatos de ind\u00edgenas crescem em 2024 e chegam a 211, indica Cimi\" \/>\n<meta property=\"og:description\" content=\"Por EBC, Nos \u00faltimos dez anos, os casos de assassinatos de ind\u00edgenas cresceram 201,43%, passando de 70 casos em 2014 para 211, em 2024. Os dados fazem parte de relat\u00f3rio Viol\u00eancia Contra os Povos Ind\u00edgenas do Brasil, produzido pelo\u00a0Conselho Indigenista Mission\u00e1rio (Cimi).\u00a0 Do total de v\u00edtimas, 159 eram do g\u00eanero masculino e 52, feminino. Os &hellip;\" \/>\n<meta property=\"og:url\" content=\"https:\/\/mrnews.com.br\/index.php\/2025\/07\/29\/assassinatos-de-indigenas-crescem-em-2024-e-chegam-a-211-indica-cimi\/\" \/>\n<meta property=\"og:site_name\" content=\"MRNews\" \/>\n<meta property=\"article:publisher\" content=\"https:\/\/www.facebook.com\/eaipahpah\/?locale2=pt_BR\" \/>\n<meta property=\"article:published_time\" content=\"2025-07-29T17:41:33+00:00\" \/>\n<meta name=\"author\" content=\"MR News\" \/>\n<meta name=\"twitter:card\" content=\"summary_large_image\" \/>\n<meta name=\"twitter:creator\" content=\"@conspirou\" \/>\n<meta name=\"twitter:site\" content=\"@conspirou\" \/>\n<meta name=\"twitter:label1\" content=\"Escrito por\" \/>\n\t<meta name=\"twitter:data1\" content=\"MR News\" \/>\n\t<meta name=\"twitter:label2\" content=\"Est. tempo de leitura\" \/>\n\t<meta name=\"twitter:data2\" content=\"3 minutos\" \/>\n<script type=\"application\/ld+json\" class=\"yoast-schema-graph\">{\"@context\":\"https:\\\/\\\/schema.org\",\"@graph\":[{\"@type\":\"Article\",\"@id\":\"https:\\\/\\\/mrnews.com.br\\\/index.php\\\/2025\\\/07\\\/29\\\/assassinatos-de-indigenas-crescem-em-2024-e-chegam-a-211-indica-cimi\\\/#article\",\"isPartOf\":{\"@id\":\"https:\\\/\\\/mrnews.com.br\\\/index.php\\\/2025\\\/07\\\/29\\\/assassinatos-de-indigenas-crescem-em-2024-e-chegam-a-211-indica-cimi\\\/\"},\"author\":{\"name\":\"MR News\",\"@id\":\"https:\\\/\\\/mrnews.com.br\\\/#\\\/schema\\\/person\\\/be3203154562a9f207407861cef7827b\"},\"headline\":\"Assassinatos de ind\u00edgenas crescem em 2024 e chegam a 211, indica Cimi\",\"datePublished\":\"2025-07-29T17:41:33+00:00\",\"mainEntityOfPage\":{\"@id\":\"https:\\\/\\\/mrnews.com.br\\\/index.php\\\/2025\\\/07\\\/29\\\/assassinatos-de-indigenas-crescem-em-2024-e-chegam-a-211-indica-cimi\\\/\"},\"wordCount\":635,\"commentCount\":0,\"publisher\":{\"@id\":\"https:\\\/\\\/mrnews.com.br\\\/#organization\"},\"articleSection\":[\"ENTRETENIMENTO\",\"NOTICIAS\",\"SERVI\u00c7OS\"],\"inLanguage\":\"pt-BR\",\"potentialAction\":[{\"@type\":\"CommentAction\",\"name\":\"Comment\",\"target\":[\"https:\\\/\\\/mrnews.com.br\\\/index.php\\\/2025\\\/07\\\/29\\\/assassinatos-de-indigenas-crescem-em-2024-e-chegam-a-211-indica-cimi\\\/#respond\"]}]},{\"@type\":\"WebPage\",\"@id\":\"https:\\\/\\\/mrnews.com.br\\\/index.php\\\/2025\\\/07\\\/29\\\/assassinatos-de-indigenas-crescem-em-2024-e-chegam-a-211-indica-cimi\\\/\",\"url\":\"https:\\\/\\\/mrnews.com.br\\\/index.php\\\/2025\\\/07\\\/29\\\/assassinatos-de-indigenas-crescem-em-2024-e-chegam-a-211-indica-cimi\\\/\",\"name\":\"Assassinatos de ind\u00edgenas crescem em 2024 e chegam a 211, indica Cimi\",\"isPartOf\":{\"@id\":\"https:\\\/\\\/mrnews.com.br\\\/#website\"},\"datePublished\":\"2025-07-29T17:41:33+00:00\",\"breadcrumb\":{\"@id\":\"https:\\\/\\\/mrnews.com.br\\\/index.php\\\/2025\\\/07\\\/29\\\/assassinatos-de-indigenas-crescem-em-2024-e-chegam-a-211-indica-cimi\\\/#breadcrumb\"},\"inLanguage\":\"pt-BR\",\"potentialAction\":[{\"@type\":\"ReadAction\",\"target\":[\"https:\\\/\\\/mrnews.com.br\\\/index.php\\\/2025\\\/07\\\/29\\\/assassinatos-de-indigenas-crescem-em-2024-e-chegam-a-211-indica-cimi\\\/\"]}]},{\"@type\":\"BreadcrumbList\",\"@id\":\"https:\\\/\\\/mrnews.com.br\\\/index.php\\\/2025\\\/07\\\/29\\\/assassinatos-de-indigenas-crescem-em-2024-e-chegam-a-211-indica-cimi\\\/#breadcrumb\",\"itemListElement\":[{\"@type\":\"ListItem\",\"position\":1,\"name\":\"In\u00edcio\",\"item\":\"https:\\\/\\\/mrnews.com.br\\\/\"},{\"@type\":\"ListItem\",\"position\":2,\"name\":\"Assassinatos de ind\u00edgenas crescem em 2024 e chegam a 211, indica Cimi\"}]},{\"@type\":\"WebSite\",\"@id\":\"https:\\\/\\\/mrnews.com.br\\\/#website\",\"url\":\"https:\\\/\\\/mrnews.com.br\\\/\",\"name\":\"MRNews\",\"description\":\"MRNews Jogos de hoje da TV, transmiss\u00f5es ao vivo, Not\u00edcias de futebol, Jogos ao vivo, Lives, resumo de novelas, Programa\u00e7\u00e3o da Globo, A Fazenda e BBB\",\"publisher\":{\"@id\":\"https:\\\/\\\/mrnews.com.br\\\/#organization\"},\"potentialAction\":[{\"@type\":\"SearchAction\",\"target\":{\"@type\":\"EntryPoint\",\"urlTemplate\":\"https:\\\/\\\/mrnews.com.br\\\/?s={search_term_string}\"},\"query-input\":{\"@type\":\"PropertyValueSpecification\",\"valueRequired\":true,\"valueName\":\"search_term_string\"}}],\"inLanguage\":\"pt-BR\"},{\"@type\":\"Organization\",\"@id\":\"https:\\\/\\\/mrnews.com.br\\\/#organization\",\"name\":\"MRNews\",\"url\":\"https:\\\/\\\/mrnews.com.br\\\/\",\"logo\":{\"@type\":\"ImageObject\",\"inLanguage\":\"pt-BR\",\"@id\":\"https:\\\/\\\/mrnews.com.br\\\/#\\\/schema\\\/logo\\\/image\\\/\",\"url\":\"https:\\\/\\\/mrnews.com.br\\\/wp-content\\\/uploads\\\/2019\\\/06\\\/MRNewslogo2.png\",\"contentUrl\":\"https:\\\/\\\/mrnews.com.br\\\/wp-content\\\/uploads\\\/2019\\\/06\\\/MRNewslogo2.png\",\"width\":223,\"height\":58,\"caption\":\"MRNews\"},\"image\":{\"@id\":\"https:\\\/\\\/mrnews.com.br\\\/#\\\/schema\\\/logo\\\/image\\\/\"},\"sameAs\":[\"https:\\\/\\\/www.facebook.com\\\/eaipahpah\\\/?locale2=pt_BR\",\"https:\\\/\\\/x.com\\\/conspirou\",\"https:\\\/\\\/www.instagram.com\\\/eai_pahpah\",\"https:\\\/\\\/br.pinterest.com\\\/mrnewsn\\\/boards\\\/\",\"https:\\\/\\\/www.youtube.com\\\/channel\\\/UCacgnpznQ61fifLWr1tQ-vA?view_as=subscriber\"]},{\"@type\":\"Person\",\"@id\":\"https:\\\/\\\/mrnews.com.br\\\/#\\\/schema\\\/person\\\/be3203154562a9f207407861cef7827b\",\"name\":\"MR News\",\"image\":{\"@type\":\"ImageObject\",\"inLanguage\":\"pt-BR\",\"@id\":\"https:\\\/\\\/secure.gravatar.com\\\/avatar\\\/04084e6d73c042b8646e7c17b494073bf0ede3ea13c7105cfc45cbbbc28385a4?s=96&d=monsterid&r=g\",\"url\":\"https:\\\/\\\/secure.gravatar.com\\\/avatar\\\/04084e6d73c042b8646e7c17b494073bf0ede3ea13c7105cfc45cbbbc28385a4?s=96&d=monsterid&r=g\",\"contentUrl\":\"https:\\\/\\\/secure.gravatar.com\\\/avatar\\\/04084e6d73c042b8646e7c17b494073bf0ede3ea13c7105cfc45cbbbc28385a4?s=96&d=monsterid&r=g\",\"caption\":\"MR News\"},\"description\":\"Especializado em jornalismo colaborativo pela FTP em n\u00edvel de p\u00f3s-gradua\u00e7\u00e3o. suporte@oimeliga.combr\",\"sameAs\":[\"HUGO R.\",\"Admin\"],\"url\":\"https:\\\/\\\/mrnews.com.br\\\/index.php\\\/author\\\/admin\\\/\"}]}<\/script>\n<!-- \/ Yoast SEO plugin. -->","yoast_head_json":{"title":"Assassinatos de ind\u00edgenas crescem em 2024 e chegam a 211, indica Cimi","robots":{"index":"index","follow":"follow","max-snippet":"max-snippet:-1","max-image-preview":"max-image-preview:large","max-video-preview":"max-video-preview:-1"},"canonical":"https:\/\/mrnews.com.br\/index.php\/2025\/07\/29\/assassinatos-de-indigenas-crescem-em-2024-e-chegam-a-211-indica-cimi\/","og_locale":"pt_BR","og_type":"article","og_title":"Assassinatos de ind\u00edgenas crescem em 2024 e chegam a 211, indica Cimi","og_description":"Por EBC, Nos \u00faltimos dez anos, os casos de assassinatos de ind\u00edgenas cresceram 201,43%, passando de 70 casos em 2014 para 211, em 2024. Os dados fazem parte de relat\u00f3rio Viol\u00eancia Contra os Povos Ind\u00edgenas do Brasil, produzido pelo\u00a0Conselho Indigenista Mission\u00e1rio (Cimi).\u00a0 Do total de v\u00edtimas, 159 eram do g\u00eanero masculino e 52, feminino. Os &hellip;","og_url":"https:\/\/mrnews.com.br\/index.php\/2025\/07\/29\/assassinatos-de-indigenas-crescem-em-2024-e-chegam-a-211-indica-cimi\/","og_site_name":"MRNews","article_publisher":"https:\/\/www.facebook.com\/eaipahpah\/?locale2=pt_BR","article_published_time":"2025-07-29T17:41:33+00:00","author":"MR News","twitter_card":"summary_large_image","twitter_creator":"@conspirou","twitter_site":"@conspirou","twitter_misc":{"Escrito por":"MR News","Est. tempo de leitura":"3 minutos"},"schema":{"@context":"https:\/\/schema.org","@graph":[{"@type":"Article","@id":"https:\/\/mrnews.com.br\/index.php\/2025\/07\/29\/assassinatos-de-indigenas-crescem-em-2024-e-chegam-a-211-indica-cimi\/#article","isPartOf":{"@id":"https:\/\/mrnews.com.br\/index.php\/2025\/07\/29\/assassinatos-de-indigenas-crescem-em-2024-e-chegam-a-211-indica-cimi\/"},"author":{"name":"MR News","@id":"https:\/\/mrnews.com.br\/#\/schema\/person\/be3203154562a9f207407861cef7827b"},"headline":"Assassinatos de ind\u00edgenas crescem em 2024 e chegam a 211, indica Cimi","datePublished":"2025-07-29T17:41:33+00:00","mainEntityOfPage":{"@id":"https:\/\/mrnews.com.br\/index.php\/2025\/07\/29\/assassinatos-de-indigenas-crescem-em-2024-e-chegam-a-211-indica-cimi\/"},"wordCount":635,"commentCount":0,"publisher":{"@id":"https:\/\/mrnews.com.br\/#organization"},"articleSection":["ENTRETENIMENTO","NOTICIAS","SERVI\u00c7OS"],"inLanguage":"pt-BR","potentialAction":[{"@type":"CommentAction","name":"Comment","target":["https:\/\/mrnews.com.br\/index.php\/2025\/07\/29\/assassinatos-de-indigenas-crescem-em-2024-e-chegam-a-211-indica-cimi\/#respond"]}]},{"@type":"WebPage","@id":"https:\/\/mrnews.com.br\/index.php\/2025\/07\/29\/assassinatos-de-indigenas-crescem-em-2024-e-chegam-a-211-indica-cimi\/","url":"https:\/\/mrnews.com.br\/index.php\/2025\/07\/29\/assassinatos-de-indigenas-crescem-em-2024-e-chegam-a-211-indica-cimi\/","name":"Assassinatos de ind\u00edgenas crescem em 2024 e chegam a 211, indica Cimi","isPartOf":{"@id":"https:\/\/mrnews.com.br\/#website"},"datePublished":"2025-07-29T17:41:33+00:00","breadcrumb":{"@id":"https:\/\/mrnews.com.br\/index.php\/2025\/07\/29\/assassinatos-de-indigenas-crescem-em-2024-e-chegam-a-211-indica-cimi\/#breadcrumb"},"inLanguage":"pt-BR","potentialAction":[{"@type":"ReadAction","target":["https:\/\/mrnews.com.br\/index.php\/2025\/07\/29\/assassinatos-de-indigenas-crescem-em-2024-e-chegam-a-211-indica-cimi\/"]}]},{"@type":"BreadcrumbList","@id":"https:\/\/mrnews.com.br\/index.php\/2025\/07\/29\/assassinatos-de-indigenas-crescem-em-2024-e-chegam-a-211-indica-cimi\/#breadcrumb","itemListElement":[{"@type":"ListItem","position":1,"name":"In\u00edcio","item":"https:\/\/mrnews.com.br\/"},{"@type":"ListItem","position":2,"name":"Assassinatos de ind\u00edgenas crescem em 2024 e chegam a 211, indica Cimi"}]},{"@type":"WebSite","@id":"https:\/\/mrnews.com.br\/#website","url":"https:\/\/mrnews.com.br\/","name":"MRNews","description":"MRNews Jogos de hoje da TV, transmiss\u00f5es ao vivo, Not\u00edcias de futebol, Jogos ao vivo, Lives, resumo de novelas, Programa\u00e7\u00e3o da Globo, A Fazenda e BBB","publisher":{"@id":"https:\/\/mrnews.com.br\/#organization"},"potentialAction":[{"@type":"SearchAction","target":{"@type":"EntryPoint","urlTemplate":"https:\/\/mrnews.com.br\/?s={search_term_string}"},"query-input":{"@type":"PropertyValueSpecification","valueRequired":true,"valueName":"search_term_string"}}],"inLanguage":"pt-BR"},{"@type":"Organization","@id":"https:\/\/mrnews.com.br\/#organization","name":"MRNews","url":"https:\/\/mrnews.com.br\/","logo":{"@type":"ImageObject","inLanguage":"pt-BR","@id":"https:\/\/mrnews.com.br\/#\/schema\/logo\/image\/","url":"https:\/\/mrnews.com.br\/wp-content\/uploads\/2019\/06\/MRNewslogo2.png","contentUrl":"https:\/\/mrnews.com.br\/wp-content\/uploads\/2019\/06\/MRNewslogo2.png","width":223,"height":58,"caption":"MRNews"},"image":{"@id":"https:\/\/mrnews.com.br\/#\/schema\/logo\/image\/"},"sameAs":["https:\/\/www.facebook.com\/eaipahpah\/?locale2=pt_BR","https:\/\/x.com\/conspirou","https:\/\/www.instagram.com\/eai_pahpah","https:\/\/br.pinterest.com\/mrnewsn\/boards\/","https:\/\/www.youtube.com\/channel\/UCacgnpznQ61fifLWr1tQ-vA?view_as=subscriber"]},{"@type":"Person","@id":"https:\/\/mrnews.com.br\/#\/schema\/person\/be3203154562a9f207407861cef7827b","name":"MR News","image":{"@type":"ImageObject","inLanguage":"pt-BR","@id":"https:\/\/secure.gravatar.com\/avatar\/04084e6d73c042b8646e7c17b494073bf0ede3ea13c7105cfc45cbbbc28385a4?s=96&d=monsterid&r=g","url":"https:\/\/secure.gravatar.com\/avatar\/04084e6d73c042b8646e7c17b494073bf0ede3ea13c7105cfc45cbbbc28385a4?s=96&d=monsterid&r=g","contentUrl":"https:\/\/secure.gravatar.com\/avatar\/04084e6d73c042b8646e7c17b494073bf0ede3ea13c7105cfc45cbbbc28385a4?s=96&d=monsterid&r=g","caption":"MR News"},"description":"Especializado em jornalismo colaborativo pela FTP em n\u00edvel de p\u00f3s-gradua\u00e7\u00e3o. suporte@oimeliga.combr","sameAs":["HUGO R.","Admin"],"url":"https:\/\/mrnews.com.br\/index.php\/author\/admin\/"}]}},"jetpack_featured_media_url":"","jetpack_sharing_enabled":true,"jetpack_shortlink":"https:\/\/wp.me\/pa2Qf7-1ShH","amp_enabled":true,"_links":{"self":[{"href":"https:\/\/mrnews.com.br\/index.php\/wp-json\/wp\/v2\/posts\/447001","targetHints":{"allow":["GET"]}}],"collection":[{"href":"https:\/\/mrnews.com.br\/index.php\/wp-json\/wp\/v2\/posts"}],"about":[{"href":"https:\/\/mrnews.com.br\/index.php\/wp-json\/wp\/v2\/types\/post"}],"author":[{"embeddable":true,"href":"https:\/\/mrnews.com.br\/index.php\/wp-json\/wp\/v2\/users\/1"}],"replies":[{"embeddable":true,"href":"https:\/\/mrnews.com.br\/index.php\/wp-json\/wp\/v2\/comments?post=447001"}],"version-history":[{"count":0,"href":"https:\/\/mrnews.com.br\/index.php\/wp-json\/wp\/v2\/posts\/447001\/revisions"}],"wp:attachment":[{"href":"https:\/\/mrnews.com.br\/index.php\/wp-json\/wp\/v2\/media?parent=447001"}],"wp:term":[{"taxonomy":"category","embeddable":true,"href":"https:\/\/mrnews.com.br\/index.php\/wp-json\/wp\/v2\/categories?post=447001"},{"taxonomy":"post_tag","embeddable":true,"href":"https:\/\/mrnews.com.br\/index.php\/wp-json\/wp\/v2\/tags?post=447001"}],"curies":[{"name":"wp","href":"https:\/\/api.w.org\/{rel}","templated":true}]}}