{"id":447003,"date":"2025-07-29T15:35:58","date_gmt":"2025-07-29T18:35:58","guid":{"rendered":"https:\/\/mrnews.com.br\/?p=447003"},"modified":"2025-07-29T15:35:58","modified_gmt":"2025-07-29T18:35:58","slug":"odete-descobre-esquema-de-marco-aurelio-e-poe-fim-a-plano-milionario-em-vale-tudo","status":"publish","type":"post","link":"https:\/\/mrnews.com.br\/index.php\/2025\/07\/29\/odete-descobre-esquema-de-marco-aurelio-e-poe-fim-a-plano-milionario-em-vale-tudo\/","title":{"rendered":"Odete descobre esquema de Marco Aur\u00e9lio e p\u00f5e fim a plano milion\u00e1rio em Vale Tudo"},"content":{"rendered":"<h2>\u201cMe rouba h\u00e1 quase 15 anos\u201d: Odete descobre esquema de Marco Aur\u00e9lio e p\u00f5e fim a plano milion\u00e1rio<\/h2>\n<p>Nos pr\u00f3ximos cap\u00edtulos da novela <em>Vale Tudo<\/em>, a poderosa <strong>Odete Roitman<\/strong>, interpretada com maestria por <strong>Gloria Pires<\/strong>, vai protagonizar um dos momentos mais impactantes da trama ao descobrir que foi enganada durante quase 15 anos pelo pr\u00f3prio aliado e ex-marido, <strong>Marco Aur\u00e9lio<\/strong>.<\/p>\n<p>A sequ\u00eancia ser\u00e1 marcada por tens\u00e3o, revela\u00e7\u00f5es e uma virada que promete abalar o universo da alta sociedade carioca retratado na novela das nove da Globo.<\/p>\n<h3>\u201cVoc\u00ea me rouba h\u00e1 quase 15 anos!\u201d<\/h3>\n<p>Tudo come\u00e7a quando Odete, cada vez mais desconfiada dos movimentos de Marco Aur\u00e9lio nos neg\u00f3cios da empresa, decide investigar a fundo as movimenta\u00e7\u00f5es financeiras da construtora. Com a ajuda de um auditor contratado em segredo, ela descobre um esquema milion\u00e1rio de desvio de lucros e manipula\u00e7\u00e3o de contratos que vinha acontecendo h\u00e1 mais de uma d\u00e9cada.<\/p>\n<p>Ao confrontar Marco Aur\u00e9lio em uma reuni\u00e3o que come\u00e7a com aparente normalidade, Odete explode:<br \/>\n<strong>\u201cVoc\u00ea me rouba h\u00e1 quase 15 anos, Marco Aur\u00e9lio! E ainda tem a coragem de me olhar nos olhos?\u201d<\/strong><\/p>\n<p>Surpreso com a acusa\u00e7\u00e3o direta, ele tenta negar, mas Odete j\u00e1 tem todas as provas em m\u00e3os: extratos banc\u00e1rios, documentos falsificados e nomes de laranjas usados pelo empres\u00e1rio para lavar dinheiro. A sequ\u00eancia termina com ela ordenando a sa\u00edda imediata de Marco da empresa e anunciando que ele ser\u00e1 investigado criminalmente.<\/p>\n<h3>Um imp\u00e9rio em risco e um nome a zelar<\/h3>\n<p>A descoberta abala profundamente a imagem da fam\u00edlia Roitman e amea\u00e7a destruir o imp\u00e9rio constru\u00eddo ao longo dos anos. Odete, no entanto, n\u00e3o se deixa abater. Determinada a salvar o que \u00e9 seu por direito, ela inicia uma ofensiva para afastar todos os envolvidos no esquema de corrup\u00e7\u00e3o.<\/p>\n<p>O que mais revolta a empres\u00e1ria n\u00e3o \u00e9 o rombo financeiro, mas o fato de ter sido tra\u00edda por algu\u00e9m de confian\u00e7a. Em uma conversa com a filha, ela afirma:<br \/>\n<strong>\u201cNeg\u00f3cios se recuperam, reputa\u00e7\u00f5es tamb\u00e9m. Mas confian\u00e7a quebrada n\u00e3o tem conserto.\u201d<\/strong><\/p>\n<h3>Novos rumos para a trama<\/h3>\n<p>Com Marco Aur\u00e9lio fora da empresa, a novela promete novos desdobramentos. Odete agora enfrentar\u00e1 a press\u00e3o dos acionistas, da m\u00eddia e at\u00e9 de antigos aliados que poder\u00e3o se voltar contra ela. A pergunta que fica: ser\u00e1 que a rainha da alta sociedade carioca conseguir\u00e1 manter sua coroa?<\/p>\n<hr \/>\n<p><strong>Acompanhe tudo sobre a novela Vale Tudo e outras tramas da TV no <a href=\"https:\/\/mrnews.com.br\/\">mrnews.com.br<\/a><\/strong><\/p>\n<p><strong>Tags<\/strong>: Odete Roitman, Marco Aur\u00e9lio, Vale Tudo, novela das nove, trai\u00e7\u00e3o, esc\u00e2ndalo empresarial, Globo<\/p>\n<hr \/>\n<h2>\u201cVale Tudo\u201d: Afonso se despede de Celina em cena emocionante e p\u00fablico se comove<\/h2>\n<p>Os pr\u00f3ximos cap\u00edtulos da novela <em>Vale Tudo<\/em>, exibida pela Globo na faixa das nove, prometem mexer com o emocional do p\u00fablico. Um dos momentos mais tocantes da trama est\u00e1 prestes a ir ao ar, protagonizado por <strong>Afonso<\/strong>, interpretado por <strong>Humberto Carr\u00e3o<\/strong>, e <strong>Celina<\/strong>, vivida por <strong>Deborah Evelyn<\/strong>.<\/p>\n<p>Com o estado de sa\u00fade de Afonso se agravando, o personagem decide ter uma conversa sincera e comovente com sua tia, em uma despedida que marcar\u00e1 profundamente os telespectadores. A cena acontecer\u00e1 em um ambiente intimista, com di\u00e1logos recheados de emo\u00e7\u00e3o e gratid\u00e3o.<\/p>\n<h3>\u201cN\u00e3o sei se eu j\u00e1 te agradeci\u2026\u201d<\/h3>\n<p>Afonso, visivelmente debilitado, surpreende Celina ao abrir o cora\u00e7\u00e3o com uma fala simples, mas carregada de sentimento: \u201cN\u00e3o sei se eu j\u00e1 te agradeci por tudo que fez por mim\u201d. O momento ser\u00e1 um dos \u00e1pices da novela, refor\u00e7ando os la\u00e7os de afeto e o valor das rela\u00e7\u00f5es familiares.<\/p>\n<p>Celina, por sua vez, tentar\u00e1 conter as l\u00e1grimas ao ouvir as palavras do sobrinho. Ela responder\u00e1 com ternura, dizendo que sempre o viu como um filho e que jamais deixaria de cuidar dele. A cena terminar\u00e1 em um longo e afetuoso abra\u00e7o, em que ambos se permitem sentir o peso da despedida.<\/p>\n<h3>Repercuss\u00e3o nas redes e entre os f\u00e3s<\/h3>\n<p>A sequ\u00eancia j\u00e1 est\u00e1 sendo muito aguardada por quem acompanha a novela. Nas redes sociais, f\u00e3s comentam que o arco de Afonso tem sido um dos mais bem constru\u00eddos da trama. A atua\u00e7\u00e3o de Humberto Carr\u00e3o tem recebido elogios constantes, especialmente por sua entrega nas cenas mais sens\u00edveis.<\/p>\n<p>\u201cEssa cena vai acabar comigo\u201d, comentou uma internauta no X (antigo Twitter). Outro f\u00e3 afirmou: \u201c\u00c9 imposs\u00edvel n\u00e3o se emocionar com essa hist\u00f3ria. O Afonso \u00e9 um dos melhores personagens dessa novela\u201d.<\/p>\n<h3>Homenagem \u00e0 vers\u00e3o original<\/h3>\n<p>Vale lembrar que <em>Vale Tudo<\/em> \u00e9 uma adapta\u00e7\u00e3o da obra original de 1988, criada por Gilberto Braga, Aguinaldo Silva e Leonor Bass\u00e8res. A nova vers\u00e3o atualizou personagens e conflitos, mas manteve o tom cr\u00edtico e emocional da primeira edi\u00e7\u00e3o. A cena entre Afonso e Celina \u00e9 tamb\u00e9m uma forma de homenagear os la\u00e7os familiares que sempre foram um dos pilares da narrativa.<\/p>\n<hr \/>\n<p><strong>Para mais novidades sobre novelas, celebridades e televis\u00e3o, acesse diariamente o <a href=\"https:\/\/mrnews.com.br\/\">mrnews.com.br<\/a><\/strong>.<\/p>\n<p><strong>Tags<\/strong>: Vale Tudo, Afonso, Celina, novela das nove, Globo, emo\u00e7\u00e3o, despedida<\/p>\n<hr \/>\n<p><strong>Vale Tudo: F\u00e1tima \u00e9 expulsa da casa de Celina, mas antes consegue tirar tudo de Raquel novamente<\/strong><\/p>\n<p>Nos pr\u00f3ximos cap\u00edtulos da novela <em>Vale Tudo<\/em>, exibida na faixa das nove da Globo, o p\u00fablico ser\u00e1 surpreendido por mais uma reviravolta envolvendo Maria de F\u00e1tima (Gl\u00f3ria Pires), Raquel (Regina Duarte) e Celina (Nathalia Timberg). Ap\u00f3s uma sequ\u00eancia de manipula\u00e7\u00f5es, mentiras e trai\u00e7\u00f5es, a m\u00e1scara de F\u00e1tima finalmente come\u00e7ar\u00e1 a cair \u2014 mas n\u00e3o sem antes ela causar um \u00faltimo estrago.<\/p>\n<h3>F\u00e1tima arma novo golpe contra Raquel<\/h3>\n<p>Mesmo fragilizada pela perda de aliados e com o cerco se fechando ao seu redor, F\u00e1tima n\u00e3o deixar\u00e1 de lado seu esp\u00edrito oportunista. Em um novo movimento calculado, ela consegue mais uma vez enganar Raquel e se apoderar de tudo o que a m\u00e3e conseguiu reconstruir com esfor\u00e7o e dignidade. A personagem vai recorrer a documentos e artimanhas jur\u00eddicas para tirar o pouco que restou de Raquel, deixando a m\u00e3e novamente em situa\u00e7\u00e3o prec\u00e1ria.<\/p>\n<p>A sequ\u00eancia causar\u00e1 grande como\u00e7\u00e3o entre os telespectadores, que j\u00e1 acompanham a rela\u00e7\u00e3o conturbada entre m\u00e3e e filha desde o in\u00edcio da trama. A cena marca mais um ponto de tens\u00e3o na novela, revelando como o desejo de ascens\u00e3o social de F\u00e1tima n\u00e3o tem limites \u2014 nem mesmo diante dos sentimentos de sua pr\u00f3pria m\u00e3e.<\/p>\n<h3>Celina decide expulsar F\u00e1tima<\/h3>\n<p>A gota d&#8217;\u00e1gua vir\u00e1 quando Celina, a matriarca da alta sociedade carioca que inicialmente apoiava F\u00e1tima, finalmente percebe o car\u00e1ter destrutivo da jovem. Chocada com as atitudes da mo\u00e7a, Celina toma a decis\u00e3o de expuls\u00e1-la de sua casa, encerrando de vez o v\u00ednculo de confian\u00e7a que existia entre elas.<\/p>\n<p>A cena da expuls\u00e3o promete ser intensa e simb\u00f3lica. F\u00e1tima, mesmo ao ser colocada para fora, n\u00e3o demonstrar\u00e1 arrependimento. Pelo contr\u00e1rio, ela deixar\u00e1 a casa de cabe\u00e7a erguida, em tom desafiador. No entanto, esse momento marcar\u00e1 uma virada na hist\u00f3ria da personagem, que come\u00e7ar\u00e1 a enfrentar o isolamento e o desprezo de quem antes a admirava.<\/p>\n<h3>Consequ\u00eancias para todos os lados<\/h3>\n<p>Com a expuls\u00e3o de F\u00e1tima, a novela entra em uma nova fase. Raquel, embora humilhada mais uma vez, encontrar\u00e1 for\u00e7as para seguir em frente e tentar reerguer sua vida, agora livre da influ\u00eancia corrosiva da filha. J\u00e1 F\u00e1tima come\u00e7ar\u00e1 a colher os frutos de sua pr\u00f3pria ambi\u00e7\u00e3o desmedida. Sem amigos, sem apoio e sem amor verdadeiro, ela poder\u00e1 descobrir, sozinha, que o sucesso constru\u00eddo \u00e0 base de trai\u00e7\u00f5es \u00e9 ef\u00eamero.<\/p>\n<p>A trama de <em>Vale Tudo<\/em>, escrita por Gilberto Braga, Aguinaldo Silva e Leonor Bass\u00e8res, continua mostrando que \u00e9tica e car\u00e1ter s\u00e3o valores que resistem ao tempo \u2014 e que, no fim, quem planta o mal inevitavelmente colher\u00e1 suas consequ\u00eancias.<\/p>\n<hr \/>\n<p><strong>Tags<\/strong>: celina, Maria de F\u00e1tima, raquel, Vale Tudo<\/p>\n<p><strong>Janja \u00e9 duramente criticada em enterro de Preta Gil ap\u00f3s gesto considerado inadequado<\/strong><\/p>\n<p>A cerim\u00f4nia de despedida de Preta Gil, realizada na \u00faltima sexta-feira (25), no Theatro Municipal do Rio de Janeiro, reuniu familiares, amigos e diversas figuras p\u00fablicas. No entanto, uma presen\u00e7a chamou aten\u00e7\u00e3o de forma controversa: a da soci\u00f3loga Janja da Silva, esposa do presidente Luiz In\u00e1cio Lula da Silva. Seu comportamento durante o vel\u00f3rio gerou cr\u00edticas nas redes sociais e dividiu opini\u00f5es.<\/p>\n<p>Segundo relatos de pessoas presentes no local e postagens que viralizaram, Janja teria feito registros com o celular durante a cerim\u00f4nia, o que foi interpretado por muitos como um desrespeito ao momento de luto. Internautas apontaram que ela aparentava estar mais preocupada em se mostrar no ambiente do que em prestar homenagem de forma discreta \u00e0 cantora e sua fam\u00edlia.<\/p>\n<p>Diversos usu\u00e1rios comentaram o epis\u00f3dio em plataformas como Twitter e Instagram. &#8220;Inacredit\u00e1vel! A mulher tirando selfie no meio de um vel\u00f3rio como se fosse evento social. Falta de no\u00e7\u00e3o total!&#8221;, escreveu uma internauta. &#8220;Um momento de dor sendo usado para autopromo\u00e7\u00e3o. Decepcionante&#8221;, publicou outro perfil.<\/p>\n<p>Outros ainda criticaram o fato de Janja estar acompanhada de seguran\u00e7as que, segundo testemunhas, teriam dificultado a movimenta\u00e7\u00e3o de algumas pessoas pr\u00f3ximas \u00e0 fam\u00edlia Gil. \u201cEla chegou com um aparato que mais parecia um evento presidencial. Isso \u00e9 um vel\u00f3rio, n\u00e3o um com\u00edcio\u201d, afirmou uma fonte reservada.<\/p>\n<p>Por outro lado, h\u00e1 quem tenha sa\u00eddo em sua defesa, alegando que as cr\u00edticas t\u00eam tom pol\u00edtico e que sua presen\u00e7a foi em solidariedade \u00e0 fam\u00edlia Gil, com quem o presidente Lula tem antiga rela\u00e7\u00e3o de amizade. \u201cCriticam a Janja porque ela \u00e9 mulher, forte, e est\u00e1 em um lugar de poder. Muitos se incomodam com isso\u201d, rebateu uma usu\u00e1ria do X (antigo Twitter).<\/p>\n<p>At\u00e9 o momento, Janja n\u00e3o se pronunciou oficialmente sobre a repercuss\u00e3o. A assessoria do Pal\u00e1cio do Planalto tamb\u00e9m n\u00e3o comentou o assunto.<\/p>\n<p>Preta Gil faleceu aos 50 anos, ap\u00f3s lutar contra um c\u00e2ncer colorretal, deixando um legado marcante na m\u00fasica e na luta por causas sociais e raciais. A cerim\u00f4nia de despedida foi marcada por forte emo\u00e7\u00e3o e homenagens sinceras de artistas, familiares e f\u00e3s.<\/p>\n<p>Apesar da controv\u00e9rsia, o destaque principal permaneceu sendo o carinho do p\u00fablico por Preta, cuja trajet\u00f3ria art\u00edstica e coragem diante da doen\u00e7a continuam inspirando milhares de pessoas.<\/p>\n<hr \/>\n<p>Se quiser, posso adaptar esse conte\u00fado para formatos como post de Instagram, reels narrado ou mat\u00e9ria para portal de not\u00edcias. Deseja alguma vers\u00e3o extra?<\/p>\n<p><strong>Sol de Maria chega no fim do vel\u00f3rio e emociona ao se despedir da av\u00f3 Preta Gil<\/strong><\/p>\n<p>A despedida de Preta Gil, realizada nesta sexta-feira (25) no Theatro Municipal do Rio de Janeiro, foi marcada por emo\u00e7\u00e3o, homenagens e momentos comoventes. Entre os \u00faltimos a chegar ao local estava Sol de Maria, \u00fanica neta da cantora, que veio acompanhada de sua m\u00e3e, Laura Fernandez.<\/p>\n<p>Sol, que tem apenas 9 anos, apareceu visivelmente abalada, mas foi acolhida com carinho pelos familiares e pessoas pr\u00f3ximas da av\u00f3. O momento da chegada da menina chamou aten\u00e7\u00e3o pela delicadeza e simbolismo. Embora tenha chegado nos instantes finais da cerim\u00f4nia, sua presen\u00e7a foi suficiente para comover todos os presentes.<\/p>\n<p>A neta, fruto da rela\u00e7\u00e3o de Francisco Gil \u2014 filho de Preta \u2014 com Laura, sempre teve uma rela\u00e7\u00e3o pr\u00f3xima com a artista. Preta, em entrevistas passadas, j\u00e1 havia declarado diversas vezes o quanto a presen\u00e7a de Sol era fonte de alegria em sua vida, especialmente nos momentos dif\u00edceis enfrentados durante o tratamento contra o c\u00e2ncer.<\/p>\n<p>O vel\u00f3rio contou com forte presen\u00e7a de celebridades, amigos e uma multid\u00e3o de f\u00e3s. O ambiente, apesar da tristeza, refletia tamb\u00e9m a energia vibrante da cantora. Um bar com drinks n\u00e3o alco\u00f3licos foi montado por pedido da pr\u00f3pria artista, como forma de celebrar a vida com leveza e alegria \u2014 marcas registradas de sua personalidade.<\/p>\n<p>Sol de Maria, mesmo jovem, foi levada at\u00e9 o caix\u00e3o pela m\u00e3o da m\u00e3e e se despediu com um gesto singelo, colocando uma flor branca. O sil\u00eancio respeitoso que se formou no momento foi quebrado apenas por l\u00e1grimas e abra\u00e7os solid\u00e1rios.<\/p>\n<p>A fam\u00edlia Gil n\u00e3o se pronunciou oficialmente sobre o momento, mas fontes pr\u00f3ximas afirmam que todos os esfor\u00e7os foram feitos para proteger a menina da grande exposi\u00e7\u00e3o, respeitando seu tempo para compreender e viver o luto.<\/p>\n<p>Preta Gil faleceu aos 50 anos, ap\u00f3s uma longa batalha contra um c\u00e2ncer colorretal. Durante toda a trajet\u00f3ria da doen\u00e7a, ela compartilhou com o p\u00fablico mensagens de esperan\u00e7a, coragem e resili\u00eancia. Seu legado art\u00edstico e humano segue como inspira\u00e7\u00e3o para milh\u00f5es de brasileiros.<\/p>\n<p>A cerim\u00f4nia de crema\u00e7\u00e3o foi realizada logo ap\u00f3s o vel\u00f3rio, em um momento reservado apenas para os familiares mais pr\u00f3ximos. A presen\u00e7a de Sol, mesmo que nos minutos finais, foi vista por muitos como um s\u00edmbolo da continuidade do amor e da mem\u00f3ria que Preta deixa para as pr\u00f3ximas gera\u00e7\u00f5es.<\/p>\n<hr \/>\n<p>Se quiser, posso adaptar esse conte\u00fado para redes sociais, mat\u00e9ria de revista ou email institucional. Deseja isso?<\/p>\n<p><strong>Gominho comove ao atualizar estado de Sandra Gadelha ap\u00f3s morte de Preta Gil: \u201cEla est\u00e1 devastada\u201d<\/strong><\/p>\n<p>A despedida de Preta Gil, que faleceu no \u00faltimo domingo (20), continua gerando como\u00e7\u00e3o entre f\u00e3s, amigos e familiares. A cantora, que lutava contra um c\u00e2ncer no intestino desde 2023, teve seu vel\u00f3rio realizado nesta sexta-feira (25), no Theatro Municipal do Rio de Janeiro, reunindo uma multid\u00e3o emocionada.<\/p>\n<p>Entre os presentes, o influenciador Gominho, um dos amigos mais pr\u00f3ximos de Preta, marcou presen\u00e7a e falou publicamente sobre a dor da fam\u00edlia. Durante o programa <em>Mais Voc\u00ea<\/em>, exibido pela TV Globo, ele se manifestou de forma emocionada e atualizou o estado de Sandra Gadelha, m\u00e3e da artista.<\/p>\n<p>Segundo Gominho, Sandra est\u00e1 profundamente abalada com a perda da filha. \u201cEla est\u00e1 destru\u00edda, como qualquer m\u00e3e ficaria. A dor \u00e9 indescrit\u00edvel, mas estamos todos unidos, tentando dar suporte e acolher a Sandra nesse momento t\u00e3o delicado\u201d, afirmou.<\/p>\n<p>O influenciador destacou tamb\u00e9m a for\u00e7a de Sandra ao longo de toda a batalha de Preta contra a doen\u00e7a. \u201cEla esteve ao lado da filha o tempo inteiro, com uma coragem e amor que s\u00e3o dif\u00edceis de descrever. O que a sustenta agora \u00e9 esse amor e a energia que Preta deixou entre n\u00f3s.\u201d<\/p>\n<p>Gominho, que esteve ao lado de Preta durante grande parte de seu tratamento e interna\u00e7\u00f5es, refor\u00e7ou o carinho que a cantora sempre teve pela fam\u00edlia e pelos amigos. \u201cPreta era luz. Mesmo nos momentos de dor, ela fazia quest\u00e3o de nos confortar. Agora \u00e9 nossa vez de segurar uns aos outros.\u201d<\/p>\n<p>A fala comovente ganhou destaque nas redes sociais e emocionou os telespectadores. Muitos internautas demonstraram solidariedade a Sandra e elogiaram a postura de Gominho, que se manteve firme, mesmo em meio ao luto.<\/p>\n<p>A crema\u00e7\u00e3o de Preta Gil foi realizada no in\u00edcio da tarde, ap\u00f3s o vel\u00f3rio aberto ao p\u00fablico. Familiares pr\u00f3ximos acompanharam a cerim\u00f4nia em clima de muita emo\u00e7\u00e3o. Em um gesto simb\u00f3lico e planejado pela pr\u00f3pria artista, o local da despedida contou com um espa\u00e7o para drinks n\u00e3o alco\u00f3licos, simbolizando a celebra\u00e7\u00e3o da vida, algo que ela defendia em seus \u00faltimos meses.<\/p>\n<p>A fam\u00edlia ainda n\u00e3o confirmou os pr\u00f3ximos passos relacionados ao legado art\u00edstico e pessoal deixado por Preta, mas amigos pr\u00f3ximos afirmam que h\u00e1 a inten\u00e7\u00e3o de realizar homenagens futuras, incluindo shows, document\u00e1rios e projetos sociais apoiados por ela.<\/p>\n<p>Sandra Gadelha, que sempre manteve uma postura reservada, ainda n\u00e3o se pronunciou publicamente. No entanto, amigos pr\u00f3ximos afirmam que ela est\u00e1 cercada por familiares e recebendo o carinho de muitos admiradores da filha.<\/p>\n<p>O Brasil se despede n\u00e3o apenas de uma artista talentosa, mas de uma mulher que foi s\u00edmbolo de autenticidade, for\u00e7a e amor.<\/p>\n<hr \/>\n<p>Se quiser, posso adaptar esse artigo para redes sociais, email marketing ou outro canal de publica\u00e7\u00e3o. Deseja isso?<\/p>\n<p>&nbsp;<\/p>\n","protected":false},"excerpt":{"rendered":"<p>\u201cMe rouba h\u00e1 quase 15 anos\u201d: Odete descobre esquema de Marco Aur\u00e9lio e p\u00f5e fim a plano milion\u00e1rio Nos pr\u00f3ximos cap\u00edtulos da novela Vale Tudo, a poderosa Odete Roitman, interpretada com maestria por Gloria Pires, vai protagonizar um dos momentos mais impactantes da trama ao descobrir que foi enganada durante quase 15 anos pelo pr\u00f3prio &hellip;<\/p>\n","protected":false},"author":1,"featured_media":447004,"comment_status":"open","ping_status":"open","sticky":false,"template":"","format":"standard","meta":{"_jetpack_memberships_contains_paid_content":false,"footnotes":""},"categories":[2517,2,12225,3937],"tags":[12917,12964,12961,13527,12958,12916,12918,12965,12911,12957,12919,12913,13589,12915,12912,12962,12960,12959,12963,12914,12910],"class_list":["post-447003","post","type-post","status-publish","format-standard","has-post-thumbnail","hentry","category-a-fazenda","category-entretenimento","category-noticias","category-resumo-de-novelas","tag-alexandre-nero","tag-capitulo-de-hoje","tag-casamento","tag-conclave-2025","tag-fatima-e-afonso","tag-joao-vicente-de-castro","tag-leila","tag-manipulacao","tag-marco-aurelio","tag-novela","tag-novela-2025","tag-novela-das-nove","tag-papa-leao-xiv","tag-remake-vale-tudo","tag-renato","tag-reviravolta","tag-separacao","tag-solange","tag-trama","tag-tv-globo","tag-vale-tudo"],"yoast_head":"<!-- This site is optimized with the Yoast SEO plugin v27.5 - https:\/\/yoast.com\/product\/yoast-seo-wordpress\/ -->\n<title>Odete descobre esquema de Marco Aur\u00e9lio e p\u00f5e fim a plano milion\u00e1rio em Vale Tudo<\/title>\n<meta name=\"robots\" content=\"index, follow, max-snippet:-1, max-image-preview:large, max-video-preview:-1\" \/>\n<link rel=\"canonical\" href=\"https:\/\/mrnews.com.br\/index.php\/2025\/07\/29\/odete-descobre-esquema-de-marco-aurelio-e-poe-fim-a-plano-milionario-em-vale-tudo\/\" \/>\n<meta property=\"og:locale\" content=\"pt_BR\" \/>\n<meta property=\"og:type\" content=\"article\" \/>\n<meta property=\"og:title\" content=\"Odete descobre esquema de Marco Aur\u00e9lio e p\u00f5e fim a plano milion\u00e1rio em Vale Tudo\" \/>\n<meta property=\"og:description\" content=\"\u201cMe rouba h\u00e1 quase 15 anos\u201d: Odete descobre esquema de Marco Aur\u00e9lio e p\u00f5e fim a plano milion\u00e1rio Nos pr\u00f3ximos cap\u00edtulos da novela Vale Tudo, a poderosa Odete Roitman, interpretada com maestria por Gloria Pires, vai protagonizar um dos momentos mais impactantes da trama ao descobrir que foi enganada durante quase 15 anos pelo pr\u00f3prio &hellip;\" \/>\n<meta property=\"og:url\" content=\"https:\/\/mrnews.com.br\/index.php\/2025\/07\/29\/odete-descobre-esquema-de-marco-aurelio-e-poe-fim-a-plano-milionario-em-vale-tudo\/\" \/>\n<meta property=\"og:site_name\" content=\"MRNews\" \/>\n<meta property=\"article:publisher\" content=\"https:\/\/www.facebook.com\/eaipahpah\/?locale2=pt_BR\" \/>\n<meta property=\"article:published_time\" content=\"2025-07-29T18:35:58+00:00\" \/>\n<meta property=\"og:image\" content=\"https:\/\/mrnews.com.br\/wp-content\/uploads\/2025\/07\/1753813955080.jpg\" \/>\n\t<meta property=\"og:image:width\" content=\"1080\" \/>\n\t<meta property=\"og:image:height\" content=\"720\" \/>\n\t<meta property=\"og:image:type\" content=\"image\/jpeg\" \/>\n<meta name=\"author\" content=\"MR News\" \/>\n<meta name=\"twitter:card\" content=\"summary_large_image\" \/>\n<meta name=\"twitter:creator\" content=\"@conspirou\" \/>\n<meta name=\"twitter:site\" content=\"@conspirou\" \/>\n<meta name=\"twitter:label1\" content=\"Escrito por\" \/>\n\t<meta name=\"twitter:data1\" content=\"MR News\" \/>\n\t<meta name=\"twitter:label2\" content=\"Est. tempo de leitura\" \/>\n\t<meta name=\"twitter:data2\" content=\"14 minutos\" \/>\n<script type=\"application\/ld+json\" class=\"yoast-schema-graph\">{\"@context\":\"https:\\\/\\\/schema.org\",\"@graph\":[{\"@type\":\"Article\",\"@id\":\"https:\\\/\\\/mrnews.com.br\\\/index.php\\\/2025\\\/07\\\/29\\\/odete-descobre-esquema-de-marco-aurelio-e-poe-fim-a-plano-milionario-em-vale-tudo\\\/#article\",\"isPartOf\":{\"@id\":\"https:\\\/\\\/mrnews.com.br\\\/index.php\\\/2025\\\/07\\\/29\\\/odete-descobre-esquema-de-marco-aurelio-e-poe-fim-a-plano-milionario-em-vale-tudo\\\/\"},\"author\":{\"name\":\"MR News\",\"@id\":\"https:\\\/\\\/mrnews.com.br\\\/#\\\/schema\\\/person\\\/be3203154562a9f207407861cef7827b\"},\"headline\":\"Odete descobre esquema de Marco Aur\u00e9lio e p\u00f5e fim a plano milion\u00e1rio em Vale Tudo\",\"datePublished\":\"2025-07-29T18:35:58+00:00\",\"mainEntityOfPage\":{\"@id\":\"https:\\\/\\\/mrnews.com.br\\\/index.php\\\/2025\\\/07\\\/29\\\/odete-descobre-esquema-de-marco-aurelio-e-poe-fim-a-plano-milionario-em-vale-tudo\\\/\"},\"wordCount\":2824,\"commentCount\":0,\"publisher\":{\"@id\":\"https:\\\/\\\/mrnews.com.br\\\/#organization\"},\"image\":{\"@id\":\"https:\\\/\\\/mrnews.com.br\\\/index.php\\\/2025\\\/07\\\/29\\\/odete-descobre-esquema-de-marco-aurelio-e-poe-fim-a-plano-milionario-em-vale-tudo\\\/#primaryimage\"},\"thumbnailUrl\":\"https:\\\/\\\/mrnews.com.br\\\/wp-content\\\/uploads\\\/2025\\\/07\\\/1753813955080.jpg\",\"keywords\":[\"Alexandre Nero\",\"cap\u00edtulo de hoje\",\"casamento\",\"Conclave 2025\",\"F\u00e1tima e Afonso\",\"Jo\u00e3o Vicente de Castro\",\"Leila\",\"manipula\u00e7\u00e3o\",\"Marco Aur\u00e9lio\",\"novela\",\"novela 2025\",\"novela das nove\",\"Papa Le\u00e3o XIV\",\"remake Vale Tudo\",\"Renato\",\"reviravolta\",\"separa\u00e7\u00e3o\",\"Solange\",\"trama\",\"TV Globo\",\"Vale Tudo\"],\"articleSection\":[\"A Fazenda\",\"ENTRETENIMENTO\",\"NOTICIAS\",\"Resumo de novelas\"],\"inLanguage\":\"pt-BR\",\"potentialAction\":[{\"@type\":\"CommentAction\",\"name\":\"Comment\",\"target\":[\"https:\\\/\\\/mrnews.com.br\\\/index.php\\\/2025\\\/07\\\/29\\\/odete-descobre-esquema-de-marco-aurelio-e-poe-fim-a-plano-milionario-em-vale-tudo\\\/#respond\"]}]},{\"@type\":\"WebPage\",\"@id\":\"https:\\\/\\\/mrnews.com.br\\\/index.php\\\/2025\\\/07\\\/29\\\/odete-descobre-esquema-de-marco-aurelio-e-poe-fim-a-plano-milionario-em-vale-tudo\\\/\",\"url\":\"https:\\\/\\\/mrnews.com.br\\\/index.php\\\/2025\\\/07\\\/29\\\/odete-descobre-esquema-de-marco-aurelio-e-poe-fim-a-plano-milionario-em-vale-tudo\\\/\",\"name\":\"Odete descobre esquema de Marco Aur\u00e9lio e p\u00f5e fim a plano milion\u00e1rio em Vale Tudo\",\"isPartOf\":{\"@id\":\"https:\\\/\\\/mrnews.com.br\\\/#website\"},\"primaryImageOfPage\":{\"@id\":\"https:\\\/\\\/mrnews.com.br\\\/index.php\\\/2025\\\/07\\\/29\\\/odete-descobre-esquema-de-marco-aurelio-e-poe-fim-a-plano-milionario-em-vale-tudo\\\/#primaryimage\"},\"image\":{\"@id\":\"https:\\\/\\\/mrnews.com.br\\\/index.php\\\/2025\\\/07\\\/29\\\/odete-descobre-esquema-de-marco-aurelio-e-poe-fim-a-plano-milionario-em-vale-tudo\\\/#primaryimage\"},\"thumbnailUrl\":\"https:\\\/\\\/mrnews.com.br\\\/wp-content\\\/uploads\\\/2025\\\/07\\\/1753813955080.jpg\",\"datePublished\":\"2025-07-29T18:35:58+00:00\",\"breadcrumb\":{\"@id\":\"https:\\\/\\\/mrnews.com.br\\\/index.php\\\/2025\\\/07\\\/29\\\/odete-descobre-esquema-de-marco-aurelio-e-poe-fim-a-plano-milionario-em-vale-tudo\\\/#breadcrumb\"},\"inLanguage\":\"pt-BR\",\"potentialAction\":[{\"@type\":\"ReadAction\",\"target\":[\"https:\\\/\\\/mrnews.com.br\\\/index.php\\\/2025\\\/07\\\/29\\\/odete-descobre-esquema-de-marco-aurelio-e-poe-fim-a-plano-milionario-em-vale-tudo\\\/\"]}]},{\"@type\":\"ImageObject\",\"inLanguage\":\"pt-BR\",\"@id\":\"https:\\\/\\\/mrnews.com.br\\\/index.php\\\/2025\\\/07\\\/29\\\/odete-descobre-esquema-de-marco-aurelio-e-poe-fim-a-plano-milionario-em-vale-tudo\\\/#primaryimage\",\"url\":\"https:\\\/\\\/mrnews.com.br\\\/wp-content\\\/uploads\\\/2025\\\/07\\\/1753813955080.jpg\",\"contentUrl\":\"https:\\\/\\\/mrnews.com.br\\\/wp-content\\\/uploads\\\/2025\\\/07\\\/1753813955080.jpg\",\"width\":1080,\"height\":720},{\"@type\":\"BreadcrumbList\",\"@id\":\"https:\\\/\\\/mrnews.com.br\\\/index.php\\\/2025\\\/07\\\/29\\\/odete-descobre-esquema-de-marco-aurelio-e-poe-fim-a-plano-milionario-em-vale-tudo\\\/#breadcrumb\",\"itemListElement\":[{\"@type\":\"ListItem\",\"position\":1,\"name\":\"In\u00edcio\",\"item\":\"https:\\\/\\\/mrnews.com.br\\\/\"},{\"@type\":\"ListItem\",\"position\":2,\"name\":\"Odete descobre esquema de Marco Aur\u00e9lio e p\u00f5e fim a plano milion\u00e1rio em Vale Tudo\"}]},{\"@type\":\"WebSite\",\"@id\":\"https:\\\/\\\/mrnews.com.br\\\/#website\",\"url\":\"https:\\\/\\\/mrnews.com.br\\\/\",\"name\":\"MRNews\",\"description\":\"MRNews Jogos de hoje da TV, transmiss\u00f5es ao vivo, Not\u00edcias de futebol, Jogos ao vivo, Lives, resumo de novelas, Programa\u00e7\u00e3o da Globo, A Fazenda e BBB\",\"publisher\":{\"@id\":\"https:\\\/\\\/mrnews.com.br\\\/#organization\"},\"potentialAction\":[{\"@type\":\"SearchAction\",\"target\":{\"@type\":\"EntryPoint\",\"urlTemplate\":\"https:\\\/\\\/mrnews.com.br\\\/?s={search_term_string}\"},\"query-input\":{\"@type\":\"PropertyValueSpecification\",\"valueRequired\":true,\"valueName\":\"search_term_string\"}}],\"inLanguage\":\"pt-BR\"},{\"@type\":\"Organization\",\"@id\":\"https:\\\/\\\/mrnews.com.br\\\/#organization\",\"name\":\"MRNews\",\"url\":\"https:\\\/\\\/mrnews.com.br\\\/\",\"logo\":{\"@type\":\"ImageObject\",\"inLanguage\":\"pt-BR\",\"@id\":\"https:\\\/\\\/mrnews.com.br\\\/#\\\/schema\\\/logo\\\/image\\\/\",\"url\":\"https:\\\/\\\/mrnews.com.br\\\/wp-content\\\/uploads\\\/2019\\\/06\\\/MRNewslogo2.png\",\"contentUrl\":\"https:\\\/\\\/mrnews.com.br\\\/wp-content\\\/uploads\\\/2019\\\/06\\\/MRNewslogo2.png\",\"width\":223,\"height\":58,\"caption\":\"MRNews\"},\"image\":{\"@id\":\"https:\\\/\\\/mrnews.com.br\\\/#\\\/schema\\\/logo\\\/image\\\/\"},\"sameAs\":[\"https:\\\/\\\/www.facebook.com\\\/eaipahpah\\\/?locale2=pt_BR\",\"https:\\\/\\\/x.com\\\/conspirou\",\"https:\\\/\\\/www.instagram.com\\\/eai_pahpah\",\"https:\\\/\\\/br.pinterest.com\\\/mrnewsn\\\/boards\\\/\",\"https:\\\/\\\/www.youtube.com\\\/channel\\\/UCacgnpznQ61fifLWr1tQ-vA?view_as=subscriber\"]},{\"@type\":\"Person\",\"@id\":\"https:\\\/\\\/mrnews.com.br\\\/#\\\/schema\\\/person\\\/be3203154562a9f207407861cef7827b\",\"name\":\"MR News\",\"image\":{\"@type\":\"ImageObject\",\"inLanguage\":\"pt-BR\",\"@id\":\"https:\\\/\\\/secure.gravatar.com\\\/avatar\\\/04084e6d73c042b8646e7c17b494073bf0ede3ea13c7105cfc45cbbbc28385a4?s=96&d=monsterid&r=g\",\"url\":\"https:\\\/\\\/secure.gravatar.com\\\/avatar\\\/04084e6d73c042b8646e7c17b494073bf0ede3ea13c7105cfc45cbbbc28385a4?s=96&d=monsterid&r=g\",\"contentUrl\":\"https:\\\/\\\/secure.gravatar.com\\\/avatar\\\/04084e6d73c042b8646e7c17b494073bf0ede3ea13c7105cfc45cbbbc28385a4?s=96&d=monsterid&r=g\",\"caption\":\"MR News\"},\"description\":\"Especializado em jornalismo colaborativo pela FTP em n\u00edvel de p\u00f3s-gradua\u00e7\u00e3o. suporte@oimeliga.combr\",\"sameAs\":[\"HUGO R.\",\"Admin\"],\"url\":\"https:\\\/\\\/mrnews.com.br\\\/index.php\\\/author\\\/admin\\\/\"}]}<\/script>\n<!-- \/ Yoast SEO plugin. -->","yoast_head_json":{"title":"Odete descobre esquema de Marco Aur\u00e9lio e p\u00f5e fim a plano milion\u00e1rio em Vale Tudo","robots":{"index":"index","follow":"follow","max-snippet":"max-snippet:-1","max-image-preview":"max-image-preview:large","max-video-preview":"max-video-preview:-1"},"canonical":"https:\/\/mrnews.com.br\/index.php\/2025\/07\/29\/odete-descobre-esquema-de-marco-aurelio-e-poe-fim-a-plano-milionario-em-vale-tudo\/","og_locale":"pt_BR","og_type":"article","og_title":"Odete descobre esquema de Marco Aur\u00e9lio e p\u00f5e fim a plano milion\u00e1rio em Vale Tudo","og_description":"\u201cMe rouba h\u00e1 quase 15 anos\u201d: Odete descobre esquema de Marco Aur\u00e9lio e p\u00f5e fim a plano milion\u00e1rio Nos pr\u00f3ximos cap\u00edtulos da novela Vale Tudo, a poderosa Odete Roitman, interpretada com maestria por Gloria Pires, vai protagonizar um dos momentos mais impactantes da trama ao descobrir que foi enganada durante quase 15 anos pelo pr\u00f3prio &hellip;","og_url":"https:\/\/mrnews.com.br\/index.php\/2025\/07\/29\/odete-descobre-esquema-de-marco-aurelio-e-poe-fim-a-plano-milionario-em-vale-tudo\/","og_site_name":"MRNews","article_publisher":"https:\/\/www.facebook.com\/eaipahpah\/?locale2=pt_BR","article_published_time":"2025-07-29T18:35:58+00:00","og_image":[{"width":1080,"height":720,"url":"https:\/\/mrnews.com.br\/wp-content\/uploads\/2025\/07\/1753813955080.jpg","type":"image\/jpeg"}],"author":"MR News","twitter_card":"summary_large_image","twitter_creator":"@conspirou","twitter_site":"@conspirou","twitter_misc":{"Escrito por":"MR News","Est. tempo de leitura":"14 minutos"},"schema":{"@context":"https:\/\/schema.org","@graph":[{"@type":"Article","@id":"https:\/\/mrnews.com.br\/index.php\/2025\/07\/29\/odete-descobre-esquema-de-marco-aurelio-e-poe-fim-a-plano-milionario-em-vale-tudo\/#article","isPartOf":{"@id":"https:\/\/mrnews.com.br\/index.php\/2025\/07\/29\/odete-descobre-esquema-de-marco-aurelio-e-poe-fim-a-plano-milionario-em-vale-tudo\/"},"author":{"name":"MR News","@id":"https:\/\/mrnews.com.br\/#\/schema\/person\/be3203154562a9f207407861cef7827b"},"headline":"Odete descobre esquema de Marco Aur\u00e9lio e p\u00f5e fim a plano milion\u00e1rio em Vale Tudo","datePublished":"2025-07-29T18:35:58+00:00","mainEntityOfPage":{"@id":"https:\/\/mrnews.com.br\/index.php\/2025\/07\/29\/odete-descobre-esquema-de-marco-aurelio-e-poe-fim-a-plano-milionario-em-vale-tudo\/"},"wordCount":2824,"commentCount":0,"publisher":{"@id":"https:\/\/mrnews.com.br\/#organization"},"image":{"@id":"https:\/\/mrnews.com.br\/index.php\/2025\/07\/29\/odete-descobre-esquema-de-marco-aurelio-e-poe-fim-a-plano-milionario-em-vale-tudo\/#primaryimage"},"thumbnailUrl":"https:\/\/mrnews.com.br\/wp-content\/uploads\/2025\/07\/1753813955080.jpg","keywords":["Alexandre Nero","cap\u00edtulo de hoje","casamento","Conclave 2025","F\u00e1tima e Afonso","Jo\u00e3o Vicente de Castro","Leila","manipula\u00e7\u00e3o","Marco Aur\u00e9lio","novela","novela 2025","novela das nove","Papa Le\u00e3o XIV","remake Vale Tudo","Renato","reviravolta","separa\u00e7\u00e3o","Solange","trama","TV Globo","Vale Tudo"],"articleSection":["A Fazenda","ENTRETENIMENTO","NOTICIAS","Resumo de novelas"],"inLanguage":"pt-BR","potentialAction":[{"@type":"CommentAction","name":"Comment","target":["https:\/\/mrnews.com.br\/index.php\/2025\/07\/29\/odete-descobre-esquema-de-marco-aurelio-e-poe-fim-a-plano-milionario-em-vale-tudo\/#respond"]}]},{"@type":"WebPage","@id":"https:\/\/mrnews.com.br\/index.php\/2025\/07\/29\/odete-descobre-esquema-de-marco-aurelio-e-poe-fim-a-plano-milionario-em-vale-tudo\/","url":"https:\/\/mrnews.com.br\/index.php\/2025\/07\/29\/odete-descobre-esquema-de-marco-aurelio-e-poe-fim-a-plano-milionario-em-vale-tudo\/","name":"Odete descobre esquema de Marco Aur\u00e9lio e p\u00f5e fim a plano milion\u00e1rio em Vale Tudo","isPartOf":{"@id":"https:\/\/mrnews.com.br\/#website"},"primaryImageOfPage":{"@id":"https:\/\/mrnews.com.br\/index.php\/2025\/07\/29\/odete-descobre-esquema-de-marco-aurelio-e-poe-fim-a-plano-milionario-em-vale-tudo\/#primaryimage"},"image":{"@id":"https:\/\/mrnews.com.br\/index.php\/2025\/07\/29\/odete-descobre-esquema-de-marco-aurelio-e-poe-fim-a-plano-milionario-em-vale-tudo\/#primaryimage"},"thumbnailUrl":"https:\/\/mrnews.com.br\/wp-content\/uploads\/2025\/07\/1753813955080.jpg","datePublished":"2025-07-29T18:35:58+00:00","breadcrumb":{"@id":"https:\/\/mrnews.com.br\/index.php\/2025\/07\/29\/odete-descobre-esquema-de-marco-aurelio-e-poe-fim-a-plano-milionario-em-vale-tudo\/#breadcrumb"},"inLanguage":"pt-BR","potentialAction":[{"@type":"ReadAction","target":["https:\/\/mrnews.com.br\/index.php\/2025\/07\/29\/odete-descobre-esquema-de-marco-aurelio-e-poe-fim-a-plano-milionario-em-vale-tudo\/"]}]},{"@type":"ImageObject","inLanguage":"pt-BR","@id":"https:\/\/mrnews.com.br\/index.php\/2025\/07\/29\/odete-descobre-esquema-de-marco-aurelio-e-poe-fim-a-plano-milionario-em-vale-tudo\/#primaryimage","url":"https:\/\/mrnews.com.br\/wp-content\/uploads\/2025\/07\/1753813955080.jpg","contentUrl":"https:\/\/mrnews.com.br\/wp-content\/uploads\/2025\/07\/1753813955080.jpg","width":1080,"height":720},{"@type":"BreadcrumbList","@id":"https:\/\/mrnews.com.br\/index.php\/2025\/07\/29\/odete-descobre-esquema-de-marco-aurelio-e-poe-fim-a-plano-milionario-em-vale-tudo\/#breadcrumb","itemListElement":[{"@type":"ListItem","position":1,"name":"In\u00edcio","item":"https:\/\/mrnews.com.br\/"},{"@type":"ListItem","position":2,"name":"Odete descobre esquema de Marco Aur\u00e9lio e p\u00f5e fim a plano milion\u00e1rio em Vale Tudo"}]},{"@type":"WebSite","@id":"https:\/\/mrnews.com.br\/#website","url":"https:\/\/mrnews.com.br\/","name":"MRNews","description":"MRNews Jogos de hoje da TV, transmiss\u00f5es ao vivo, Not\u00edcias de futebol, Jogos ao vivo, Lives, resumo de novelas, Programa\u00e7\u00e3o da Globo, A Fazenda e BBB","publisher":{"@id":"https:\/\/mrnews.com.br\/#organization"},"potentialAction":[{"@type":"SearchAction","target":{"@type":"EntryPoint","urlTemplate":"https:\/\/mrnews.com.br\/?s={search_term_string}"},"query-input":{"@type":"PropertyValueSpecification","valueRequired":true,"valueName":"search_term_string"}}],"inLanguage":"pt-BR"},{"@type":"Organization","@id":"https:\/\/mrnews.com.br\/#organization","name":"MRNews","url":"https:\/\/mrnews.com.br\/","logo":{"@type":"ImageObject","inLanguage":"pt-BR","@id":"https:\/\/mrnews.com.br\/#\/schema\/logo\/image\/","url":"https:\/\/mrnews.com.br\/wp-content\/uploads\/2019\/06\/MRNewslogo2.png","contentUrl":"https:\/\/mrnews.com.br\/wp-content\/uploads\/2019\/06\/MRNewslogo2.png","width":223,"height":58,"caption":"MRNews"},"image":{"@id":"https:\/\/mrnews.com.br\/#\/schema\/logo\/image\/"},"sameAs":["https:\/\/www.facebook.com\/eaipahpah\/?locale2=pt_BR","https:\/\/x.com\/conspirou","https:\/\/www.instagram.com\/eai_pahpah","https:\/\/br.pinterest.com\/mrnewsn\/boards\/","https:\/\/www.youtube.com\/channel\/UCacgnpznQ61fifLWr1tQ-vA?view_as=subscriber"]},{"@type":"Person","@id":"https:\/\/mrnews.com.br\/#\/schema\/person\/be3203154562a9f207407861cef7827b","name":"MR News","image":{"@type":"ImageObject","inLanguage":"pt-BR","@id":"https:\/\/secure.gravatar.com\/avatar\/04084e6d73c042b8646e7c17b494073bf0ede3ea13c7105cfc45cbbbc28385a4?s=96&d=monsterid&r=g","url":"https:\/\/secure.gravatar.com\/avatar\/04084e6d73c042b8646e7c17b494073bf0ede3ea13c7105cfc45cbbbc28385a4?s=96&d=monsterid&r=g","contentUrl":"https:\/\/secure.gravatar.com\/avatar\/04084e6d73c042b8646e7c17b494073bf0ede3ea13c7105cfc45cbbbc28385a4?s=96&d=monsterid&r=g","caption":"MR News"},"description":"Especializado em jornalismo colaborativo pela FTP em n\u00edvel de p\u00f3s-gradua\u00e7\u00e3o. suporte@oimeliga.combr","sameAs":["HUGO R.","Admin"],"url":"https:\/\/mrnews.com.br\/index.php\/author\/admin\/"}]}},"jetpack_featured_media_url":"https:\/\/mrnews.com.br\/wp-content\/uploads\/2025\/07\/1753813955080.jpg","jetpack_sharing_enabled":true,"jetpack_shortlink":"https:\/\/wp.me\/pa2Qf7-1ShJ","amp_enabled":true,"_links":{"self":[{"href":"https:\/\/mrnews.com.br\/index.php\/wp-json\/wp\/v2\/posts\/447003","targetHints":{"allow":["GET"]}}],"collection":[{"href":"https:\/\/mrnews.com.br\/index.php\/wp-json\/wp\/v2\/posts"}],"about":[{"href":"https:\/\/mrnews.com.br\/index.php\/wp-json\/wp\/v2\/types\/post"}],"author":[{"embeddable":true,"href":"https:\/\/mrnews.com.br\/index.php\/wp-json\/wp\/v2\/users\/1"}],"replies":[{"embeddable":true,"href":"https:\/\/mrnews.com.br\/index.php\/wp-json\/wp\/v2\/comments?post=447003"}],"version-history":[{"count":1,"href":"https:\/\/mrnews.com.br\/index.php\/wp-json\/wp\/v2\/posts\/447003\/revisions"}],"predecessor-version":[{"id":447005,"href":"https:\/\/mrnews.com.br\/index.php\/wp-json\/wp\/v2\/posts\/447003\/revisions\/447005"}],"wp:featuredmedia":[{"embeddable":true,"href":"https:\/\/mrnews.com.br\/index.php\/wp-json\/wp\/v2\/media\/447004"}],"wp:attachment":[{"href":"https:\/\/mrnews.com.br\/index.php\/wp-json\/wp\/v2\/media?parent=447003"}],"wp:term":[{"taxonomy":"category","embeddable":true,"href":"https:\/\/mrnews.com.br\/index.php\/wp-json\/wp\/v2\/categories?post=447003"},{"taxonomy":"post_tag","embeddable":true,"href":"https:\/\/mrnews.com.br\/index.php\/wp-json\/wp\/v2\/tags?post=447003"}],"curies":[{"name":"wp","href":"https:\/\/api.w.org\/{rel}","templated":true}]}}