{"id":447610,"date":"2025-08-07T20:54:42","date_gmt":"2025-08-07T23:54:42","guid":{"rendered":"https:\/\/mrnews.com.br\/?p=447610"},"modified":"2025-08-07T20:54:42","modified_gmt":"2025-08-07T23:54:42","slug":"familia-de-faustao-vive-momento-delicado-apos-nova-internacao-do-apresentador","status":"publish","type":"post","link":"https:\/\/mrnews.com.br\/index.php\/2025\/08\/07\/familia-de-faustao-vive-momento-delicado-apos-nova-internacao-do-apresentador\/","title":{"rendered":"Fam\u00edlia de Faust\u00e3o vive momento delicado ap\u00f3s nova interna\u00e7\u00e3o do apresentador"},"content":{"rendered":"<h2><strong>Fam\u00edlia de Faust\u00e3o vive momento delicado ap\u00f3s nova interna\u00e7\u00e3o do apresentador por infec\u00e7\u00e3o<\/strong><\/h2>\n<p>O apresentador <strong>Fausto Silva<\/strong>, o eterno Faust\u00e3o, voltou a preocupar f\u00e3s e familiares ap\u00f3s ser internado na \u00faltima quarta-feira (6) no <strong>Hospital Israelita Albert Einstein<\/strong>, em S\u00e3o Paulo. Segundo informa\u00e7\u00f5es divulgadas por jornalistas da \u00e1rea de celebridades, a interna\u00e7\u00e3o ocorreu devido a uma <strong>infec\u00e7\u00e3o na perna<\/strong>, condi\u00e7\u00e3o que acendeu o alerta entre os m\u00e9dicos e deixou a fam\u00edlia em estado de apreens\u00e3o.<\/p>\n<p>A situa\u00e7\u00e3o ganhou repercuss\u00e3o ap\u00f3s um jornalista revelar que os familiares de Faust\u00e3o estariam vivendo um <strong>momento de agonia e tens\u00e3o<\/strong>, principalmente por conta do hist\u00f3rico recente de sa\u00fade do comunicador, que j\u00e1 passou por um transplante de cora\u00e7\u00e3o em 2023.<\/p>\n<p>Apesar de ainda n\u00e3o haver um boletim m\u00e9dico oficial detalhando a evolu\u00e7\u00e3o do quadro, fontes pr\u00f3ximas afirmam que a infec\u00e7\u00e3o est\u00e1 sendo tratada com antibi\u00f3ticos e que os m\u00e9dicos mant\u00eam <strong>monitoramento constante<\/strong>, dada a complexidade do caso.<\/p>\n<p>A equipe m\u00e9dica, liderada por especialistas em cardiologia e infectologia, est\u00e1 cautelosa quanto a poss\u00edveis complica\u00e7\u00f5es, especialmente por se tratar de um paciente imunossuprimido \u2014 condi\u00e7\u00e3o comum em pessoas que passaram por transplantes recentes.<\/p>\n<p>A interna\u00e7\u00e3o de Faust\u00e3o reacende a como\u00e7\u00e3o nacional em torno de sua sa\u00fade. O apresentador, que marcou gera\u00e7\u00f5es com seu carisma e bord\u00f5es inesquec\u00edveis, conta com uma enorme base de f\u00e3s que torcem por sua recupera\u00e7\u00e3o.<\/p>\n<p>Nas redes sociais, diversas mensagens de apoio e ora\u00e7\u00f5es t\u00eam sido compartilhadas. Familiares seguem ao lado de Faust\u00e3o no hospital, mantendo a privacidade, mas em clima de esperan\u00e7a.<\/p>\n<hr \/>\n<p><strong>Tags<\/strong>: Faust\u00e3o, Fausto Silva, estado de sa\u00fade, infec\u00e7\u00e3o na perna, Hospital Albert Einstein, celebridades, interna\u00e7\u00e3o, sa\u00fade do Faust\u00e3o, apresentador<\/p>\n<p><strong>Aos 75 anos, Faust\u00e3o \u00e9 internado novamente e evento com o filho Jo\u00e3o Silva \u00e9 cancelado<\/strong><\/p>\n<p>Na manh\u00e3 desta quarta-feira, 6 de agosto de 2025, uma not\u00edcia preocupante sobre o apresentador Fausto Silva, o Faust\u00e3o, movimentou os bastidores do entretenimento. Aos 75 anos, o comunicador precisou ser internado novamente, o que resultou no cancelamento de um evento importante que marcaria uma nova etapa na carreira de seu filho, Jo\u00e3o Guilherme Silva.<\/p>\n<p>O encontro, que estava programado para acontecer nesta quinta-feira (7), na resid\u00eancia de Jo\u00e3o Silva em um bairro nobre de S\u00e3o Paulo, reuniria diversas personalidades conhecidas da m\u00eddia brasileira, como Bruna Marquezine, C\u00e9sar Filho, Tom Cavalcante, Tiago Leifert e Simone Mendes. O objetivo era celebrar o novo projeto profissional de Jo\u00e3o, que vem ganhando destaque como apresentador.<\/p>\n<p>No entanto, a repentina interna\u00e7\u00e3o de Faust\u00e3o, que teria sido motivada por complica\u00e7\u00f5es relacionadas a uma infec\u00e7\u00e3o leve, mudou os planos da fam\u00edlia. Apesar do susto, fontes pr\u00f3ximas informaram que o quadro do apresentador \u00e9 est\u00e1vel e que ele foi internado apenas por precau\u00e7\u00e3o, para observa\u00e7\u00e3o e cuidados m\u00e9dicos especializados.<\/p>\n<p>Jo\u00e3o Silva, visivelmente abalado com a situa\u00e7\u00e3o do pai, optou por adiar o evento e priorizar o apoio \u00e0 fam\u00edlia neste momento delicado. A assessoria de Faust\u00e3o ainda n\u00e3o se pronunciou oficialmente, mas a expectativa \u00e9 que um boletim m\u00e9dico seja divulgado nas pr\u00f3ximas horas para atualizar o p\u00fablico sobre o estado de sa\u00fade do comunicador.<\/p>\n<p>Faust\u00e3o j\u00e1 enfrentou problemas s\u00e9rios de sa\u00fade nos \u00faltimos anos, incluindo um transplante de cora\u00e7\u00e3o em 2023 e outras interna\u00e7\u00f5es posteriores. Desde ent\u00e3o, ele vinha mantendo uma rotina mais reservada, longe da televis\u00e3o e focado em sua recupera\u00e7\u00e3o.<\/p>\n<p>O p\u00fablico segue enviando mensagens de apoio e carinho ao apresentador, um dos nomes mais emblem\u00e1ticos da hist\u00f3ria da televis\u00e3o brasileira.<\/p>\n<hr \/>\n<p><strong>Tags:<\/strong> Faust\u00e3o, interna\u00e7\u00e3o, Jo\u00e3o Silva, celebridades, sa\u00fade, evento cancelado, TV brasileira<\/p>\n<p>&nbsp;<\/p>\n<h2>Faust\u00e3o Expressa Gratid\u00e3o ao Doador do Cora\u00e7\u00e3o em Comovente V\u00eddeo<\/h2>\n<p>Na quinta-feira (31), Faust\u00e3o fez sua primeira apari\u00e7\u00e3o ap\u00f3s passar pelo transplante de cora\u00e7\u00e3o no \u00faltimo final de semana. O ic\u00f4nico apresentador compartilhou sua profunda gratid\u00e3o pelas mensagens de apoio e preces que recebeu durante sua recupera\u00e7\u00e3o. Mesmo com a voz ainda afetada pela intuba\u00e7\u00e3o, ele anunciou seu progresso na melhora.<\/p>\n<p>Em um momento emocionante, Faust\u00e3o n\u00e3o conteve as l\u00e1grimas ao falar sobre o doador de seu novo cora\u00e7\u00e3o. Apesar das dificuldades, ele revelou estar se recuperando bem, at\u00e9 mesmo j\u00e1 caminhando apenas tr\u00eas dias ap\u00f3s a cirurgia, sem sentir desconforto. Al\u00e9m disso, ele emocionou ao revelar a identidade do doador, expressando sua profunda gratid\u00e3o \u00e0 fam\u00edlia por sua generosidade que lhe deu a oportunidade de continuar vivendo.<\/p>\n<blockquote class=\"instagram-media\" data-instgrm-captioned data-instgrm-permalink=\"https:\/\/www.instagram.com\/p\/Cwni2XWObdn\/?utm_source=ig_embed&amp;utm_campaign=loading\" data-instgrm-version=\"14\" style=\" background:#FFF; border:0; border-radius:3px; box-shadow:0 0 1px 0 rgba(0,0,0,0.5),0 1px 10px 0 rgba(0,0,0,0.15); margin: 1px; max-width:500px; min-width:326px; padding:0; width:99.375%; width:-webkit-calc(100% - 2px); width:calc(100% - 2px);\">\n<div style=\"padding:16px;\"> <a href=\"https:\/\/www.instagram.com\/p\/Cwni2XWObdn\/?utm_source=ig_embed&amp;utm_campaign=loading\" style=\" background:#FFFFFF; line-height:0; padding:0 0; text-align:center; text-decoration:none; width:100%;\" target=\"_blank\"> <\/p>\n<div style=\" display: flex; flex-direction: row; align-items: center;\">\n<div style=\"background-color: #F4F4F4; border-radius: 50%; flex-grow: 0; height: 40px; margin-right: 14px; width: 40px;\"><\/div>\n<div style=\"display: flex; flex-direction: column; flex-grow: 1; justify-content: center;\">\n<div style=\" background-color: #F4F4F4; border-radius: 4px; flex-grow: 0; height: 14px; margin-bottom: 6px; width: 100px;\"><\/div>\n<div style=\" background-color: #F4F4F4; border-radius: 4px; flex-grow: 0; height: 14px; width: 60px;\"><\/div>\n<\/div>\n<\/div>\n<div style=\"padding: 19% 0;\"><\/div>\n<div style=\"display:block; height:50px; margin:0 auto 12px; width:50px;\"><svg width=\"50px\" height=\"50px\" viewBox=\"0 0 60 60\" version=\"1.1\" xmlns=\"https:\/\/www.w3.org\/2000\/svg\" xmlns:xlink=\"https:\/\/www.w3.org\/1999\/xlink\"><g stroke=\"none\" stroke-width=\"1\" fill=\"none\" fill-rule=\"evenodd\"><g transform=\"translate(-511.000000, -20.000000)\" fill=\"#000000\"><g><path d=\"M556.869,30.41 C554.814,30.41 553.148,32.076 553.148,34.131 C553.148,36.186 554.814,37.852 556.869,37.852 C558.924,37.852 560.59,36.186 560.59,34.131 C560.59,32.076 558.924,30.41 556.869,30.41 M541,60.657 C535.114,60.657 530.342,55.887 530.342,50 C530.342,44.114 535.114,39.342 541,39.342 C546.887,39.342 551.658,44.114 551.658,50 C551.658,55.887 546.887,60.657 541,60.657 M541,33.886 C532.1,33.886 524.886,41.1 524.886,50 C524.886,58.899 532.1,66.113 541,66.113 C549.9,66.113 557.115,58.899 557.115,50 C557.115,41.1 549.9,33.886 541,33.886 M565.378,62.101 C565.244,65.022 564.756,66.606 564.346,67.663 C563.803,69.06 563.154,70.057 562.106,71.106 C561.058,72.155 560.06,72.803 558.662,73.347 C557.607,73.757 556.021,74.244 553.102,74.378 C549.944,74.521 548.997,74.552 541,74.552 C533.003,74.552 532.056,74.521 528.898,74.378 C525.979,74.244 524.393,73.757 523.338,73.347 C521.94,72.803 520.942,72.155 519.894,71.106 C518.846,70.057 518.197,69.06 517.654,67.663 C517.244,66.606 516.755,65.022 516.623,62.101 C516.479,58.943 516.448,57.996 516.448,50 C516.448,42.003 516.479,41.056 516.623,37.899 C516.755,34.978 517.244,33.391 517.654,32.338 C518.197,30.938 518.846,29.942 519.894,28.894 C520.942,27.846 521.94,27.196 523.338,26.654 C524.393,26.244 525.979,25.756 528.898,25.623 C532.057,25.479 533.004,25.448 541,25.448 C548.997,25.448 549.943,25.479 553.102,25.623 C556.021,25.756 557.607,26.244 558.662,26.654 C560.06,27.196 561.058,27.846 562.106,28.894 C563.154,29.942 563.803,30.938 564.346,32.338 C564.756,33.391 565.244,34.978 565.378,37.899 C565.522,41.056 565.552,42.003 565.552,50 C565.552,57.996 565.522,58.943 565.378,62.101 M570.82,37.631 C570.674,34.438 570.167,32.258 569.425,30.349 C568.659,28.377 567.633,26.702 565.965,25.035 C564.297,23.368 562.623,22.342 560.652,21.575 C558.743,20.834 556.562,20.326 553.369,20.18 C550.169,20.033 549.148,20 541,20 C532.853,20 531.831,20.033 528.631,20.18 C525.438,20.326 523.257,20.834 521.349,21.575 C519.376,22.342 517.703,23.368 516.035,25.035 C514.368,26.702 513.342,28.377 512.574,30.349 C511.834,32.258 511.326,34.438 511.181,37.631 C511.035,40.831 511,41.851 511,50 C511,58.147 511.035,59.17 511.181,62.369 C511.326,65.562 511.834,67.743 512.574,69.651 C513.342,71.625 514.368,73.296 516.035,74.965 C517.703,76.634 519.376,77.658 521.349,78.425 C523.257,79.167 525.438,79.673 528.631,79.82 C531.831,79.965 532.853,80.001 541,80.001 C549.148,80.001 550.169,79.965 553.369,79.82 C556.562,79.673 558.743,79.167 560.652,78.425 C562.623,77.658 564.297,76.634 565.965,74.965 C567.633,73.296 568.659,71.625 569.425,69.651 C570.167,67.743 570.674,65.562 570.82,62.369 C570.966,59.17 571,58.147 571,50 C571,41.851 570.966,40.831 570.82,37.631\"><\/path><\/g><\/g><\/g><\/svg><\/div>\n<div style=\"padding-top: 8px;\">\n<div style=\" color:#3897f0; font-family:Arial,sans-serif; font-size:14px; font-style:normal; font-weight:550; line-height:18px;\">View this post on Instagram<\/div>\n<\/div>\n<div style=\"padding: 12.5% 0;\"><\/div>\n<div style=\"display: flex; flex-direction: row; margin-bottom: 14px; align-items: center;\">\n<div>\n<div style=\"background-color: #F4F4F4; border-radius: 50%; height: 12.5px; width: 12.5px; transform: translateX(0px) translateY(7px);\"><\/div>\n<div style=\"background-color: #F4F4F4; height: 12.5px; transform: rotate(-45deg) translateX(3px) translateY(1px); width: 12.5px; flex-grow: 0; margin-right: 14px; margin-left: 2px;\"><\/div>\n<div style=\"background-color: #F4F4F4; border-radius: 50%; height: 12.5px; width: 12.5px; transform: translateX(9px) translateY(-18px);\"><\/div>\n<\/div>\n<div style=\"margin-left: 8px;\">\n<div style=\" background-color: #F4F4F4; border-radius: 50%; flex-grow: 0; height: 20px; width: 20px;\"><\/div>\n<div style=\" width: 0; height: 0; border-top: 2px solid transparent; border-left: 6px solid #f4f4f4; border-bottom: 2px solid transparent; transform: translateX(16px) translateY(-4px) rotate(30deg)\"><\/div>\n<\/div>\n<div style=\"margin-left: auto;\">\n<div style=\" width: 0px; border-top: 8px solid #F4F4F4; border-right: 8px solid transparent; transform: translateY(16px);\"><\/div>\n<div style=\" background-color: #F4F4F4; flex-grow: 0; height: 12px; width: 16px; transform: translateY(-4px);\"><\/div>\n<div style=\" width: 0; height: 0; border-top: 8px solid #F4F4F4; border-left: 8px solid transparent; transform: translateY(-4px) translateX(8px);\"><\/div>\n<\/div>\n<\/div>\n<div style=\"display: flex; flex-direction: column; flex-grow: 1; justify-content: center; margin-bottom: 24px;\">\n<div style=\" background-color: #F4F4F4; border-radius: 4px; flex-grow: 0; height: 14px; margin-bottom: 6px; width: 224px;\"><\/div>\n<div style=\" background-color: #F4F4F4; border-radius: 4px; flex-grow: 0; height: 14px; width: 144px;\"><\/div>\n<\/div>\n<p><\/a><\/p>\n<p style=\" color:#c9c8cd; font-family:Arial,sans-serif; font-size:14px; line-height:17px; margin-bottom:0; margin-top:8px; overflow:hidden; padding:8px 0 7px; text-align:center; text-overflow:ellipsis; white-space:nowrap;\"><a href=\"https:\/\/www.instagram.com\/p\/Cwni2XWObdn\/?utm_source=ig_embed&amp;utm_campaign=loading\" style=\" color:#c9c8cd; font-family:Arial,sans-serif; font-size:14px; font-style:normal; font-weight:normal; line-height:17px; text-decoration:none;\" target=\"_blank\">A post shared by S U B C E L E B R I T I E S (@subcelebrities)<\/a><\/p>\n<\/div>\n<\/blockquote>\n<p><script async src=\"\/\/platform.instagram.com\/en_US\/embeds.js\"><\/script><\/p>\n<p>&nbsp;<\/p>\n<p>\u201cGostaria de fazer um agradecimento especial a Jos\u00e9 Pereira da Silva, o pai do F\u00e1bio, que teve um gesto grandioso e permitiu que eu tivesse uma nova chance de vida. Um homem simples, e isso me emociona. Ele me concedeu a possibilidade de viver novamente. A seu irm\u00e3o, \u00e0 vi\u00fava\u201d, compartilhou o apresentador com emo\u00e7\u00e3o.<\/p>\n<p>Faust\u00e3o rompeu o protocolo ao mencionar o nome do poss\u00edvel doador e sua fam\u00edlia. Nesse ato, ele confirmou que o doador do cora\u00e7\u00e3o foi F\u00e1bio Cordeiro, um jogador de futebol amador e azulejista de 35 anos que sofreu um acidente vascular cerebral enquanto trabalhava. A identidade do doador ainda n\u00e3o foi oficialmente confirmada, visto que a doa\u00e7\u00e3o de \u00f3rg\u00e3os \u00e9 protegida por sigilo legal.<\/p>\n<p>F\u00e1bio, que vivia em Santos, teve sua morte cerebral atestada no s\u00e1bado (27), e seus \u00f3rg\u00e3os foram transportados de helic\u00f3ptero da Casa de Sa\u00fade de Santos para S\u00e3o Paulo, com o aux\u00edlio da Portuguesa Santista. O presidente do clube afirmou que est\u00e3o sempre prontos para colaborar com doa\u00e7\u00f5es de \u00f3rg\u00e3os, enfatizando a import\u00e2ncia de salvar vidas independentemente da notoriedade do paciente.<\/p>\n<p>&nbsp;<\/p>\n<p>&nbsp;<\/p>\n<h2>Terra e Paix\u00e3o: Irene Descobre Passado Sombrio de Petra e Justi\u00e7a \u00c9 Feita<\/h2>\n<p>&nbsp;<\/p>\n<p>Os pr\u00f3ximos cap\u00edtulos de Terra e Paix\u00e3o prometem momentos tensos e impactantes, especialmente quando se trata da descoberta aterradora que Irene far\u00e1 sobre o passado de sua filha, Petra. De acordo com o colunista Andr\u00e9 Romano, do Observat\u00f3rio da TV, a personagem interpretada por Gloria Pires ficar\u00e1 chocada ao descobrir que Petra foi v\u00edtima de abuso na inf\u00e2ncia, perpetrado por ningu\u00e9m menos que Andrade.<\/p>\n<p>Envolvida em uma trama cheia de reviravoltas, Irene est\u00e1 prestes a ter seu casamento com Ant\u00f4nio La Selva anulado. Contudo, as dificuldades da vil\u00e3 n\u00e3o param por a\u00ed, j\u00e1 que ela tamb\u00e9m ter\u00e1 que enfrentar a descoberta do terr\u00edvel passado de sua filha. As cenas que se aproximam revelar\u00e3o o sofrimento que Petra vivenciou nas m\u00e3os de Andrade, um personagem que est\u00e1 prestes a ter seu destino selado na trama.<\/p>\n<p>No meio das reviravoltas, Irene se encontrar\u00e1 no olho do furac\u00e3o ao ser dispensada por Ant\u00f4nio La Selva, que busca conforto nos bra\u00e7os de Agatha. Enquanto isso, a vil\u00e3 far\u00e1 uma descoberta devastadora sobre a filha, expondo o fato de que Petra foi abusada quando ainda era uma crian\u00e7a pelo pr\u00f3prio Andrade, que \u00e0 \u00e9poca trabalhava para a fam\u00edlia de Irene.<\/p>\n<p>H\u00e9lio, outro personagem crucial na trama, tamb\u00e9m ficar\u00e1 ciente do terr\u00edvel crime que assombrou a vida de Petra ap\u00f3s uma conversa franca com a personagem de D\u00e9bora Oz\u00f3rio. Confiando em H\u00e9lio, Petra revelar\u00e1 os detalhes do trauma que sofreu nas m\u00e3os de Andrade.<\/p>\n<p>O desfecho de Andrade em Terra e Paix\u00e3o est\u00e1 tra\u00e7ado, finalmente trazendo justi\u00e7a para suas a\u00e7\u00f5es perversas. Conforme relatado por Andr\u00e9 Romano, o vil\u00e3o ser\u00e1 levado a julgamento e condenado \u00e0 pris\u00e3o na reta final da trama escrita por Walcyr Carrasco.<\/p>\n<p>&nbsp;<\/p>\n<h2>Terra e Paix\u00e3o: Ant\u00f4nio Descobre a Verdade sobre a Gravidez de Gra\u00e7a e se vinga<\/h2>\n<p>&nbsp;<\/p>\n<p>A trama de Terra e Paix\u00e3o est\u00e1 prestes a enfrentar reviravoltas significativas, especialmente quando se trata da farsa mantida por Gra\u00e7a, que finalmente ser\u00e1 desmascarada por Ant\u00f4nio La Selva. Nas pr\u00f3ximas etapas da narrativa, o patriarca da fam\u00edlia La Selva desvendar\u00e1 o segredo da loira que vinha sustentando a afirma\u00e7\u00e3o de que o filho que ela espera \u00e9 de Daniel.<\/p>\n<p>De acordo com informa\u00e7\u00f5es do colunista Andr\u00e9 Romano, do Observat\u00f3rio da TV, Ant\u00f4nio La Selva ficar\u00e1 surpreso ao descobrir que a gravidez de Gra\u00e7a n\u00e3o tem as bases que ela alegava. As cenas que est\u00e3o por vir mostrar\u00e3o Ant\u00f4nio pegando Gra\u00e7a em flagrante, o que levar\u00e1 \u00e0 revela\u00e7\u00e3o de que o filho que ela espera n\u00e3o \u00e9 realmente de Daniel, como afirmava.<\/p>\n<p>O momento cr\u00edtico acontecer\u00e1 quando Ant\u00f4nio flagrar Gra\u00e7a aos beijos com Marino em um dos c\u00f4modos da cooperativa de Lucinda. A loira estar\u00e1 completamente alheia \u00e0 presen\u00e7a do patriarca dos La Selva no local, o que permitir\u00e1 que ele testemunhe a intimidade entre ela e o delegado.<\/p>\n<p>Essa situa\u00e7\u00e3o colocar\u00e1 diante de Ant\u00f4nio La Selva a verdade sobre a paternidade do filho que Gra\u00e7a espera. A descoberta ser\u00e1 dupla: n\u00e3o apenas ser\u00e1 revelado que o beb\u00ea n\u00e3o \u00e9 de Daniel, como tamb\u00e9m a verdadeira identidade do pai biol\u00f3gico, que se revelar\u00e1 ser Marino.<\/p>\n<p>&nbsp;<\/p>\n","protected":false},"excerpt":{"rendered":"<p>Fam\u00edlia de Faust\u00e3o vive momento delicado ap\u00f3s nova interna\u00e7\u00e3o do apresentador por infec\u00e7\u00e3o O apresentador Fausto Silva, o eterno Faust\u00e3o, voltou a preocupar f\u00e3s e familiares ap\u00f3s ser internado na \u00faltima quarta-feira (6) no Hospital Israelita Albert Einstein, em S\u00e3o Paulo. Segundo informa\u00e7\u00f5es divulgadas por jornalistas da \u00e1rea de celebridades, a interna\u00e7\u00e3o ocorreu devido a &hellip;<\/p>\n","protected":false},"author":1,"featured_media":403599,"comment_status":"open","ping_status":"open","sticky":false,"template":"","format":"standard","meta":{"_jetpack_memberships_contains_paid_content":false,"footnotes":""},"categories":[2],"tags":[],"class_list":["post-447610","post","type-post","status-publish","format-standard","has-post-thumbnail","hentry","category-entretenimento"],"yoast_head":"<!-- This site is optimized with the Yoast SEO plugin v27.5 - https:\/\/yoast.com\/product\/yoast-seo-wordpress\/ -->\n<title>Fam\u00edlia de Faust\u00e3o vive momento delicado ap\u00f3s nova interna\u00e7\u00e3o do apresentador<\/title>\n<meta name=\"robots\" content=\"index, follow, max-snippet:-1, max-image-preview:large, max-video-preview:-1\" \/>\n<link rel=\"canonical\" href=\"https:\/\/mrnews.com.br\/index.php\/2025\/08\/07\/familia-de-faustao-vive-momento-delicado-apos-nova-internacao-do-apresentador\/\" \/>\n<meta property=\"og:locale\" content=\"pt_BR\" \/>\n<meta property=\"og:type\" content=\"article\" \/>\n<meta property=\"og:title\" content=\"Fam\u00edlia de Faust\u00e3o vive momento delicado ap\u00f3s nova interna\u00e7\u00e3o do apresentador\" \/>\n<meta property=\"og:description\" content=\"Fam\u00edlia de Faust\u00e3o vive momento delicado ap\u00f3s nova interna\u00e7\u00e3o do apresentador por infec\u00e7\u00e3o O apresentador Fausto Silva, o eterno Faust\u00e3o, voltou a preocupar f\u00e3s e familiares ap\u00f3s ser internado na \u00faltima quarta-feira (6) no Hospital Israelita Albert Einstein, em S\u00e3o Paulo. Segundo informa\u00e7\u00f5es divulgadas por jornalistas da \u00e1rea de celebridades, a interna\u00e7\u00e3o ocorreu devido a &hellip;\" \/>\n<meta property=\"og:url\" content=\"https:\/\/mrnews.com.br\/index.php\/2025\/08\/07\/familia-de-faustao-vive-momento-delicado-apos-nova-internacao-do-apresentador\/\" \/>\n<meta property=\"og:site_name\" content=\"MRNews\" \/>\n<meta property=\"article:publisher\" content=\"https:\/\/www.facebook.com\/eaipahpah\/?locale2=pt_BR\" \/>\n<meta property=\"article:published_time\" content=\"2025-08-07T23:54:42+00:00\" \/>\n<meta property=\"og:image\" content=\"https:\/\/mrnews.com.br\/wp-content\/uploads\/2023\/08\/FB_IMG_1693521623887.jpg\" \/>\n\t<meta property=\"og:image:width\" content=\"768\" \/>\n\t<meta property=\"og:image:height\" content=\"960\" \/>\n\t<meta property=\"og:image:type\" content=\"image\/jpeg\" \/>\n<meta name=\"author\" content=\"MR News\" \/>\n<meta name=\"twitter:card\" content=\"summary_large_image\" \/>\n<meta name=\"twitter:creator\" content=\"@conspirou\" \/>\n<meta name=\"twitter:site\" content=\"@conspirou\" \/>\n<meta name=\"twitter:label1\" content=\"Escrito por\" \/>\n\t<meta name=\"twitter:data1\" content=\"MR News\" \/>\n\t<meta name=\"twitter:label2\" content=\"Est. tempo de leitura\" \/>\n\t<meta name=\"twitter:data2\" content=\"8 minutos\" \/>\n<script type=\"application\/ld+json\" class=\"yoast-schema-graph\">{\"@context\":\"https:\\\/\\\/schema.org\",\"@graph\":[{\"@type\":\"Article\",\"@id\":\"https:\\\/\\\/mrnews.com.br\\\/index.php\\\/2025\\\/08\\\/07\\\/familia-de-faustao-vive-momento-delicado-apos-nova-internacao-do-apresentador\\\/#article\",\"isPartOf\":{\"@id\":\"https:\\\/\\\/mrnews.com.br\\\/index.php\\\/2025\\\/08\\\/07\\\/familia-de-faustao-vive-momento-delicado-apos-nova-internacao-do-apresentador\\\/\"},\"author\":{\"name\":\"MR News\",\"@id\":\"https:\\\/\\\/mrnews.com.br\\\/#\\\/schema\\\/person\\\/be3203154562a9f207407861cef7827b\"},\"headline\":\"Fam\u00edlia de Faust\u00e3o vive momento delicado ap\u00f3s nova interna\u00e7\u00e3o do apresentador\",\"datePublished\":\"2025-08-07T23:54:42+00:00\",\"mainEntityOfPage\":{\"@id\":\"https:\\\/\\\/mrnews.com.br\\\/index.php\\\/2025\\\/08\\\/07\\\/familia-de-faustao-vive-momento-delicado-apos-nova-internacao-do-apresentador\\\/\"},\"wordCount\":1620,\"commentCount\":0,\"publisher\":{\"@id\":\"https:\\\/\\\/mrnews.com.br\\\/#organization\"},\"image\":{\"@id\":\"https:\\\/\\\/mrnews.com.br\\\/index.php\\\/2025\\\/08\\\/07\\\/familia-de-faustao-vive-momento-delicado-apos-nova-internacao-do-apresentador\\\/#primaryimage\"},\"thumbnailUrl\":\"https:\\\/\\\/mrnews.com.br\\\/wp-content\\\/uploads\\\/2023\\\/08\\\/FB_IMG_1693521623887.jpg\",\"articleSection\":[\"ENTRETENIMENTO\"],\"inLanguage\":\"pt-BR\",\"potentialAction\":[{\"@type\":\"CommentAction\",\"name\":\"Comment\",\"target\":[\"https:\\\/\\\/mrnews.com.br\\\/index.php\\\/2025\\\/08\\\/07\\\/familia-de-faustao-vive-momento-delicado-apos-nova-internacao-do-apresentador\\\/#respond\"]}]},{\"@type\":\"WebPage\",\"@id\":\"https:\\\/\\\/mrnews.com.br\\\/index.php\\\/2025\\\/08\\\/07\\\/familia-de-faustao-vive-momento-delicado-apos-nova-internacao-do-apresentador\\\/\",\"url\":\"https:\\\/\\\/mrnews.com.br\\\/index.php\\\/2025\\\/08\\\/07\\\/familia-de-faustao-vive-momento-delicado-apos-nova-internacao-do-apresentador\\\/\",\"name\":\"Fam\u00edlia de Faust\u00e3o vive momento delicado ap\u00f3s nova interna\u00e7\u00e3o do apresentador\",\"isPartOf\":{\"@id\":\"https:\\\/\\\/mrnews.com.br\\\/#website\"},\"primaryImageOfPage\":{\"@id\":\"https:\\\/\\\/mrnews.com.br\\\/index.php\\\/2025\\\/08\\\/07\\\/familia-de-faustao-vive-momento-delicado-apos-nova-internacao-do-apresentador\\\/#primaryimage\"},\"image\":{\"@id\":\"https:\\\/\\\/mrnews.com.br\\\/index.php\\\/2025\\\/08\\\/07\\\/familia-de-faustao-vive-momento-delicado-apos-nova-internacao-do-apresentador\\\/#primaryimage\"},\"thumbnailUrl\":\"https:\\\/\\\/mrnews.com.br\\\/wp-content\\\/uploads\\\/2023\\\/08\\\/FB_IMG_1693521623887.jpg\",\"datePublished\":\"2025-08-07T23:54:42+00:00\",\"breadcrumb\":{\"@id\":\"https:\\\/\\\/mrnews.com.br\\\/index.php\\\/2025\\\/08\\\/07\\\/familia-de-faustao-vive-momento-delicado-apos-nova-internacao-do-apresentador\\\/#breadcrumb\"},\"inLanguage\":\"pt-BR\",\"potentialAction\":[{\"@type\":\"ReadAction\",\"target\":[\"https:\\\/\\\/mrnews.com.br\\\/index.php\\\/2025\\\/08\\\/07\\\/familia-de-faustao-vive-momento-delicado-apos-nova-internacao-do-apresentador\\\/\"]}]},{\"@type\":\"ImageObject\",\"inLanguage\":\"pt-BR\",\"@id\":\"https:\\\/\\\/mrnews.com.br\\\/index.php\\\/2025\\\/08\\\/07\\\/familia-de-faustao-vive-momento-delicado-apos-nova-internacao-do-apresentador\\\/#primaryimage\",\"url\":\"https:\\\/\\\/mrnews.com.br\\\/wp-content\\\/uploads\\\/2023\\\/08\\\/FB_IMG_1693521623887.jpg\",\"contentUrl\":\"https:\\\/\\\/mrnews.com.br\\\/wp-content\\\/uploads\\\/2023\\\/08\\\/FB_IMG_1693521623887.jpg\",\"width\":768,\"height\":960},{\"@type\":\"BreadcrumbList\",\"@id\":\"https:\\\/\\\/mrnews.com.br\\\/index.php\\\/2025\\\/08\\\/07\\\/familia-de-faustao-vive-momento-delicado-apos-nova-internacao-do-apresentador\\\/#breadcrumb\",\"itemListElement\":[{\"@type\":\"ListItem\",\"position\":1,\"name\":\"In\u00edcio\",\"item\":\"https:\\\/\\\/mrnews.com.br\\\/\"},{\"@type\":\"ListItem\",\"position\":2,\"name\":\"Fam\u00edlia de Faust\u00e3o vive momento delicado ap\u00f3s nova interna\u00e7\u00e3o do apresentador\"}]},{\"@type\":\"WebSite\",\"@id\":\"https:\\\/\\\/mrnews.com.br\\\/#website\",\"url\":\"https:\\\/\\\/mrnews.com.br\\\/\",\"name\":\"MRNews\",\"description\":\"MRNews Jogos de hoje da TV, transmiss\u00f5es ao vivo, Not\u00edcias de futebol, Jogos ao vivo, Lives, resumo de novelas, Programa\u00e7\u00e3o da Globo, A Fazenda e BBB\",\"publisher\":{\"@id\":\"https:\\\/\\\/mrnews.com.br\\\/#organization\"},\"potentialAction\":[{\"@type\":\"SearchAction\",\"target\":{\"@type\":\"EntryPoint\",\"urlTemplate\":\"https:\\\/\\\/mrnews.com.br\\\/?s={search_term_string}\"},\"query-input\":{\"@type\":\"PropertyValueSpecification\",\"valueRequired\":true,\"valueName\":\"search_term_string\"}}],\"inLanguage\":\"pt-BR\"},{\"@type\":\"Organization\",\"@id\":\"https:\\\/\\\/mrnews.com.br\\\/#organization\",\"name\":\"MRNews\",\"url\":\"https:\\\/\\\/mrnews.com.br\\\/\",\"logo\":{\"@type\":\"ImageObject\",\"inLanguage\":\"pt-BR\",\"@id\":\"https:\\\/\\\/mrnews.com.br\\\/#\\\/schema\\\/logo\\\/image\\\/\",\"url\":\"https:\\\/\\\/mrnews.com.br\\\/wp-content\\\/uploads\\\/2019\\\/06\\\/MRNewslogo2.png\",\"contentUrl\":\"https:\\\/\\\/mrnews.com.br\\\/wp-content\\\/uploads\\\/2019\\\/06\\\/MRNewslogo2.png\",\"width\":223,\"height\":58,\"caption\":\"MRNews\"},\"image\":{\"@id\":\"https:\\\/\\\/mrnews.com.br\\\/#\\\/schema\\\/logo\\\/image\\\/\"},\"sameAs\":[\"https:\\\/\\\/www.facebook.com\\\/eaipahpah\\\/?locale2=pt_BR\",\"https:\\\/\\\/x.com\\\/conspirou\",\"https:\\\/\\\/www.instagram.com\\\/eai_pahpah\",\"https:\\\/\\\/br.pinterest.com\\\/mrnewsn\\\/boards\\\/\",\"https:\\\/\\\/www.youtube.com\\\/channel\\\/UCacgnpznQ61fifLWr1tQ-vA?view_as=subscriber\"]},{\"@type\":\"Person\",\"@id\":\"https:\\\/\\\/mrnews.com.br\\\/#\\\/schema\\\/person\\\/be3203154562a9f207407861cef7827b\",\"name\":\"MR News\",\"image\":{\"@type\":\"ImageObject\",\"inLanguage\":\"pt-BR\",\"@id\":\"https:\\\/\\\/secure.gravatar.com\\\/avatar\\\/04084e6d73c042b8646e7c17b494073bf0ede3ea13c7105cfc45cbbbc28385a4?s=96&d=monsterid&r=g\",\"url\":\"https:\\\/\\\/secure.gravatar.com\\\/avatar\\\/04084e6d73c042b8646e7c17b494073bf0ede3ea13c7105cfc45cbbbc28385a4?s=96&d=monsterid&r=g\",\"contentUrl\":\"https:\\\/\\\/secure.gravatar.com\\\/avatar\\\/04084e6d73c042b8646e7c17b494073bf0ede3ea13c7105cfc45cbbbc28385a4?s=96&d=monsterid&r=g\",\"caption\":\"MR News\"},\"description\":\"Especializado em jornalismo colaborativo pela FTP em n\u00edvel de p\u00f3s-gradua\u00e7\u00e3o. suporte@oimeliga.combr\",\"sameAs\":[\"HUGO R.\",\"Admin\"],\"url\":\"https:\\\/\\\/mrnews.com.br\\\/index.php\\\/author\\\/admin\\\/\"}]}<\/script>\n<!-- \/ Yoast SEO plugin. -->","yoast_head_json":{"title":"Fam\u00edlia de Faust\u00e3o vive momento delicado ap\u00f3s nova interna\u00e7\u00e3o do apresentador","robots":{"index":"index","follow":"follow","max-snippet":"max-snippet:-1","max-image-preview":"max-image-preview:large","max-video-preview":"max-video-preview:-1"},"canonical":"https:\/\/mrnews.com.br\/index.php\/2025\/08\/07\/familia-de-faustao-vive-momento-delicado-apos-nova-internacao-do-apresentador\/","og_locale":"pt_BR","og_type":"article","og_title":"Fam\u00edlia de Faust\u00e3o vive momento delicado ap\u00f3s nova interna\u00e7\u00e3o do apresentador","og_description":"Fam\u00edlia de Faust\u00e3o vive momento delicado ap\u00f3s nova interna\u00e7\u00e3o do apresentador por infec\u00e7\u00e3o O apresentador Fausto Silva, o eterno Faust\u00e3o, voltou a preocupar f\u00e3s e familiares ap\u00f3s ser internado na \u00faltima quarta-feira (6) no Hospital Israelita Albert Einstein, em S\u00e3o Paulo. Segundo informa\u00e7\u00f5es divulgadas por jornalistas da \u00e1rea de celebridades, a interna\u00e7\u00e3o ocorreu devido a &hellip;","og_url":"https:\/\/mrnews.com.br\/index.php\/2025\/08\/07\/familia-de-faustao-vive-momento-delicado-apos-nova-internacao-do-apresentador\/","og_site_name":"MRNews","article_publisher":"https:\/\/www.facebook.com\/eaipahpah\/?locale2=pt_BR","article_published_time":"2025-08-07T23:54:42+00:00","og_image":[{"width":768,"height":960,"url":"https:\/\/mrnews.com.br\/wp-content\/uploads\/2023\/08\/FB_IMG_1693521623887.jpg","type":"image\/jpeg"}],"author":"MR News","twitter_card":"summary_large_image","twitter_creator":"@conspirou","twitter_site":"@conspirou","twitter_misc":{"Escrito por":"MR News","Est. tempo de leitura":"8 minutos"},"schema":{"@context":"https:\/\/schema.org","@graph":[{"@type":"Article","@id":"https:\/\/mrnews.com.br\/index.php\/2025\/08\/07\/familia-de-faustao-vive-momento-delicado-apos-nova-internacao-do-apresentador\/#article","isPartOf":{"@id":"https:\/\/mrnews.com.br\/index.php\/2025\/08\/07\/familia-de-faustao-vive-momento-delicado-apos-nova-internacao-do-apresentador\/"},"author":{"name":"MR News","@id":"https:\/\/mrnews.com.br\/#\/schema\/person\/be3203154562a9f207407861cef7827b"},"headline":"Fam\u00edlia de Faust\u00e3o vive momento delicado ap\u00f3s nova interna\u00e7\u00e3o do apresentador","datePublished":"2025-08-07T23:54:42+00:00","mainEntityOfPage":{"@id":"https:\/\/mrnews.com.br\/index.php\/2025\/08\/07\/familia-de-faustao-vive-momento-delicado-apos-nova-internacao-do-apresentador\/"},"wordCount":1620,"commentCount":0,"publisher":{"@id":"https:\/\/mrnews.com.br\/#organization"},"image":{"@id":"https:\/\/mrnews.com.br\/index.php\/2025\/08\/07\/familia-de-faustao-vive-momento-delicado-apos-nova-internacao-do-apresentador\/#primaryimage"},"thumbnailUrl":"https:\/\/mrnews.com.br\/wp-content\/uploads\/2023\/08\/FB_IMG_1693521623887.jpg","articleSection":["ENTRETENIMENTO"],"inLanguage":"pt-BR","potentialAction":[{"@type":"CommentAction","name":"Comment","target":["https:\/\/mrnews.com.br\/index.php\/2025\/08\/07\/familia-de-faustao-vive-momento-delicado-apos-nova-internacao-do-apresentador\/#respond"]}]},{"@type":"WebPage","@id":"https:\/\/mrnews.com.br\/index.php\/2025\/08\/07\/familia-de-faustao-vive-momento-delicado-apos-nova-internacao-do-apresentador\/","url":"https:\/\/mrnews.com.br\/index.php\/2025\/08\/07\/familia-de-faustao-vive-momento-delicado-apos-nova-internacao-do-apresentador\/","name":"Fam\u00edlia de Faust\u00e3o vive momento delicado ap\u00f3s nova interna\u00e7\u00e3o do apresentador","isPartOf":{"@id":"https:\/\/mrnews.com.br\/#website"},"primaryImageOfPage":{"@id":"https:\/\/mrnews.com.br\/index.php\/2025\/08\/07\/familia-de-faustao-vive-momento-delicado-apos-nova-internacao-do-apresentador\/#primaryimage"},"image":{"@id":"https:\/\/mrnews.com.br\/index.php\/2025\/08\/07\/familia-de-faustao-vive-momento-delicado-apos-nova-internacao-do-apresentador\/#primaryimage"},"thumbnailUrl":"https:\/\/mrnews.com.br\/wp-content\/uploads\/2023\/08\/FB_IMG_1693521623887.jpg","datePublished":"2025-08-07T23:54:42+00:00","breadcrumb":{"@id":"https:\/\/mrnews.com.br\/index.php\/2025\/08\/07\/familia-de-faustao-vive-momento-delicado-apos-nova-internacao-do-apresentador\/#breadcrumb"},"inLanguage":"pt-BR","potentialAction":[{"@type":"ReadAction","target":["https:\/\/mrnews.com.br\/index.php\/2025\/08\/07\/familia-de-faustao-vive-momento-delicado-apos-nova-internacao-do-apresentador\/"]}]},{"@type":"ImageObject","inLanguage":"pt-BR","@id":"https:\/\/mrnews.com.br\/index.php\/2025\/08\/07\/familia-de-faustao-vive-momento-delicado-apos-nova-internacao-do-apresentador\/#primaryimage","url":"https:\/\/mrnews.com.br\/wp-content\/uploads\/2023\/08\/FB_IMG_1693521623887.jpg","contentUrl":"https:\/\/mrnews.com.br\/wp-content\/uploads\/2023\/08\/FB_IMG_1693521623887.jpg","width":768,"height":960},{"@type":"BreadcrumbList","@id":"https:\/\/mrnews.com.br\/index.php\/2025\/08\/07\/familia-de-faustao-vive-momento-delicado-apos-nova-internacao-do-apresentador\/#breadcrumb","itemListElement":[{"@type":"ListItem","position":1,"name":"In\u00edcio","item":"https:\/\/mrnews.com.br\/"},{"@type":"ListItem","position":2,"name":"Fam\u00edlia de Faust\u00e3o vive momento delicado ap\u00f3s nova interna\u00e7\u00e3o do apresentador"}]},{"@type":"WebSite","@id":"https:\/\/mrnews.com.br\/#website","url":"https:\/\/mrnews.com.br\/","name":"MRNews","description":"MRNews Jogos de hoje da TV, transmiss\u00f5es ao vivo, Not\u00edcias de futebol, Jogos ao vivo, Lives, resumo de novelas, Programa\u00e7\u00e3o da Globo, A Fazenda e BBB","publisher":{"@id":"https:\/\/mrnews.com.br\/#organization"},"potentialAction":[{"@type":"SearchAction","target":{"@type":"EntryPoint","urlTemplate":"https:\/\/mrnews.com.br\/?s={search_term_string}"},"query-input":{"@type":"PropertyValueSpecification","valueRequired":true,"valueName":"search_term_string"}}],"inLanguage":"pt-BR"},{"@type":"Organization","@id":"https:\/\/mrnews.com.br\/#organization","name":"MRNews","url":"https:\/\/mrnews.com.br\/","logo":{"@type":"ImageObject","inLanguage":"pt-BR","@id":"https:\/\/mrnews.com.br\/#\/schema\/logo\/image\/","url":"https:\/\/mrnews.com.br\/wp-content\/uploads\/2019\/06\/MRNewslogo2.png","contentUrl":"https:\/\/mrnews.com.br\/wp-content\/uploads\/2019\/06\/MRNewslogo2.png","width":223,"height":58,"caption":"MRNews"},"image":{"@id":"https:\/\/mrnews.com.br\/#\/schema\/logo\/image\/"},"sameAs":["https:\/\/www.facebook.com\/eaipahpah\/?locale2=pt_BR","https:\/\/x.com\/conspirou","https:\/\/www.instagram.com\/eai_pahpah","https:\/\/br.pinterest.com\/mrnewsn\/boards\/","https:\/\/www.youtube.com\/channel\/UCacgnpznQ61fifLWr1tQ-vA?view_as=subscriber"]},{"@type":"Person","@id":"https:\/\/mrnews.com.br\/#\/schema\/person\/be3203154562a9f207407861cef7827b","name":"MR News","image":{"@type":"ImageObject","inLanguage":"pt-BR","@id":"https:\/\/secure.gravatar.com\/avatar\/04084e6d73c042b8646e7c17b494073bf0ede3ea13c7105cfc45cbbbc28385a4?s=96&d=monsterid&r=g","url":"https:\/\/secure.gravatar.com\/avatar\/04084e6d73c042b8646e7c17b494073bf0ede3ea13c7105cfc45cbbbc28385a4?s=96&d=monsterid&r=g","contentUrl":"https:\/\/secure.gravatar.com\/avatar\/04084e6d73c042b8646e7c17b494073bf0ede3ea13c7105cfc45cbbbc28385a4?s=96&d=monsterid&r=g","caption":"MR News"},"description":"Especializado em jornalismo colaborativo pela FTP em n\u00edvel de p\u00f3s-gradua\u00e7\u00e3o. suporte@oimeliga.combr","sameAs":["HUGO R.","Admin"],"url":"https:\/\/mrnews.com.br\/index.php\/author\/admin\/"}]}},"jetpack_featured_media_url":"https:\/\/mrnews.com.br\/wp-content\/uploads\/2023\/08\/FB_IMG_1693521623887.jpg","jetpack_sharing_enabled":true,"jetpack_shortlink":"https:\/\/wp.me\/pa2Qf7-1Srw","amp_enabled":true,"_links":{"self":[{"href":"https:\/\/mrnews.com.br\/index.php\/wp-json\/wp\/v2\/posts\/447610","targetHints":{"allow":["GET"]}}],"collection":[{"href":"https:\/\/mrnews.com.br\/index.php\/wp-json\/wp\/v2\/posts"}],"about":[{"href":"https:\/\/mrnews.com.br\/index.php\/wp-json\/wp\/v2\/types\/post"}],"author":[{"embeddable":true,"href":"https:\/\/mrnews.com.br\/index.php\/wp-json\/wp\/v2\/users\/1"}],"replies":[{"embeddable":true,"href":"https:\/\/mrnews.com.br\/index.php\/wp-json\/wp\/v2\/comments?post=447610"}],"version-history":[{"count":1,"href":"https:\/\/mrnews.com.br\/index.php\/wp-json\/wp\/v2\/posts\/447610\/revisions"}],"predecessor-version":[{"id":447612,"href":"https:\/\/mrnews.com.br\/index.php\/wp-json\/wp\/v2\/posts\/447610\/revisions\/447612"}],"wp:featuredmedia":[{"embeddable":true,"href":"https:\/\/mrnews.com.br\/index.php\/wp-json\/wp\/v2\/media\/403599"}],"wp:attachment":[{"href":"https:\/\/mrnews.com.br\/index.php\/wp-json\/wp\/v2\/media?parent=447610"}],"wp:term":[{"taxonomy":"category","embeddable":true,"href":"https:\/\/mrnews.com.br\/index.php\/wp-json\/wp\/v2\/categories?post=447610"},{"taxonomy":"post_tag","embeddable":true,"href":"https:\/\/mrnews.com.br\/index.php\/wp-json\/wp\/v2\/tags?post=447610"}],"curies":[{"name":"wp","href":"https:\/\/api.w.org\/{rel}","templated":true}]}}