{"id":447616,"date":"2025-08-07T22:56:35","date_gmt":"2025-08-08T01:56:35","guid":{"rendered":"https:\/\/mrnews.com.br\/index.php\/2025\/08\/07\/marcha-das-mulheres-indigenas-defende-luta-contra-a-violencia\/"},"modified":"2025-08-07T22:56:35","modified_gmt":"2025-08-08T01:56:35","slug":"marcha-das-mulheres-indigenas-defende-luta-contra-a-violencia","status":"publish","type":"post","link":"https:\/\/mrnews.com.br\/index.php\/2025\/08\/07\/marcha-das-mulheres-indigenas-defende-luta-contra-a-violencia\/","title":{"rendered":"Marcha das Mulheres Ind\u00edgenas defende luta contra a viol\u00eancia"},"content":{"rendered":"<p>Por EBC, <\/p>\n<div>\n<p><strong>Entre cantos de luta de diferentes etnias e manifesta\u00e7\u00f5es de protestos, a 4\u00aa Marcha das Mulheres Ind\u00edgenas percorreu o Eixo Monumental e a Esplanada dos Minist\u00e9rios, em Bras\u00edlia, na tarde desta quinta-feira (7). Segundo a organiza\u00e7\u00e3o, o evento contou com mais de sete mil pessoas. O tema foi &#8220;Nosso corpo, nosso territ\u00f3rio: somos as guardi\u00e3s do planeta&#8221;.<\/strong><\/p>\n<p>Entre as reivindica\u00e7\u00f5es, manifestos defenderam principalmente a demarca\u00e7\u00e3o de terra, contra viol\u00eancias de g\u00eanero nos territ\u00f3rios e tamb\u00e9m em rela\u00e7\u00e3o ao projeto que flexibiliza licen\u00e7as ambientais (PL 2159, criticado como \u201cPL da Devasta\u00e7\u00e3o\u201d). Cr\u00edticas \u00e0 lei do marco temporal tamb\u00e9m estavam nas palavras, em diferentes idiomas, e nas faixas e cartazes em portugu\u00eas que levavam na caminhada.\u00a0<\/p>\n<p><strong>A ministra dos Povos Ind\u00edgenas, S\u00f4nia Guajajara, fez eco \u00e0s principais pautas de reivindica\u00e7\u00f5es das mulheres presentes. \u201cSeguimos juntas pelo bem viver ind\u00edgena\u201d, afirmou. Ela estava acompanhada da atriz Alessandra Negrini. Elas seguravam uma faixa com o texto pedindo prote\u00e7\u00e3o ao corpo e ao territ\u00f3rio ind\u00edgena.\u00a0<\/strong><\/p>\n<h2>\u201cProtagonistas\u201d<\/h2>\n<p>Participaram do evento ind\u00edgenas residentes em todos os biomas brasileiros.<\/p>\n<blockquote>\n<p>\u201c\u00c9 o momento de mostrar que n\u00f3s somos as pr\u00f3prias protagonistas da nossa hist\u00f3ria. A luta nossa \u00e9 pela vida e pelo n\u00e3o desmatamento das florestas\u201d, disse a ativista e artista ind\u00edgena Weena Tikuna, de 36 anos, do territ\u00f3rio Umaria\u00e7u, em Tabatinga, no Amazonas.\u00a0<\/p>\n<\/blockquote>\n<p>Weena e outras mulheres argumentavam que \u00e9 necess\u00e1rio reduzir imediatamente a devasta\u00e7\u00e3o que tem as mudan\u00e7as clim\u00e1ticas como consequ\u00eancia imediata.<\/p>\n<p><strong>Tamb\u00e9m na manifesta\u00e7\u00e3o, a ind\u00edgena Aline Ikpeng, que vive no Parque Ind\u00edgena do Xingu, no Mato Grosso, levava no colo sua beb\u00ea de menos de um ano. Ela disse que viajou para Bras\u00edlia para lutar pelas futuras gera\u00e7\u00f5es. \u201cN\u00f3s estamos sendo massacrados, a mata e os animais [est\u00e3o] desaparecendo\u201d, lamentou.\u00a0<\/strong><\/p>\n<div class=\"dnd-widget-wrapper context-cheio_8colunas type-image\">\n<div class=\"dnd-atom-rendered\"><!-- scald=433208:cheio_8colunas --><\/p>\n<p>    <!-- END scald=433208 --><\/div>\n<div class=\"dnd-caption-wrapper\">\n<p><!--copyright=433208-->Mais de sete mil pessoas participaram da manifesta\u00e7\u00e3o em Bras\u00edlia -Foto:\u00a0<strong>Antonio Cruz\/Ag\u00eancia Brasil<\/strong><!--END copyright=433208--><\/p>\n<\/div>\n<\/div>\n<h2>Homologa\u00e7\u00e3o\u00a0<\/h2>\n<p><strong>Durante a semana, o presidente Luiz In\u00e1cio Lula da Silva assinou o decreto de homologa\u00e7\u00e3o de mais tr\u00eas Terras Ind\u00edgenas. <\/strong><\/p>\n<p><strong>Foram reconhecidas as Terras Ind\u00edgenas Pitaguary, Lagoa Encantada e Trememb\u00e9 de Queimadas, todas no estado do Cear\u00e1. Agora, s\u00e3o 16 territ\u00f3rios ind\u00edgenas homologados nos \u00faltimos dois anos.\u00a0<\/strong><\/p>\n<p>Segundo o governo, os territ\u00f3rios reconhecidos foram definidos com base no est\u00e1gio avan\u00e7ado dos processos administrativos e o tempo de espera pelo reconhecimento de seus direitos territoriais.<\/p>\n<p>      <!-- Relacionada --><\/p>\n<p>            <!-- Relacionada -->\n    <\/div>\n","protected":false},"excerpt":{"rendered":"<p>Por EBC, Entre cantos de luta de diferentes etnias e manifesta\u00e7\u00f5es de protestos, a 4\u00aa Marcha das Mulheres Ind\u00edgenas percorreu o Eixo Monumental e a Esplanada dos Minist\u00e9rios, em Bras\u00edlia, na tarde desta quinta-feira (7). Segundo a organiza\u00e7\u00e3o, o evento contou com mais de sete mil pessoas. O tema foi &#8220;Nosso corpo, nosso territ\u00f3rio: somos &hellip;<\/p>\n","protected":false},"author":1,"featured_media":0,"comment_status":"open","ping_status":"open","sticky":false,"template":"","format":"standard","meta":{"_jetpack_memberships_contains_paid_content":false,"footnotes":""},"categories":[2,12225,4],"tags":[],"class_list":["post-447616","post","type-post","status-publish","format-standard","hentry","category-entretenimento","category-noticias","category-servicos"],"yoast_head":"<!-- This site is optimized with the Yoast SEO plugin v27.4 - https:\/\/yoast.com\/product\/yoast-seo-wordpress\/ -->\n<title>Marcha das Mulheres Ind\u00edgenas defende luta contra a viol\u00eancia<\/title>\n<meta name=\"robots\" content=\"index, follow, max-snippet:-1, max-image-preview:large, max-video-preview:-1\" \/>\n<link rel=\"canonical\" href=\"https:\/\/mrnews.com.br\/index.php\/2025\/08\/07\/marcha-das-mulheres-indigenas-defende-luta-contra-a-violencia\/\" \/>\n<meta property=\"og:locale\" content=\"pt_BR\" \/>\n<meta property=\"og:type\" content=\"article\" \/>\n<meta property=\"og:title\" content=\"Marcha das Mulheres Ind\u00edgenas defende luta contra a viol\u00eancia\" \/>\n<meta property=\"og:description\" content=\"Por EBC, Entre cantos de luta de diferentes etnias e manifesta\u00e7\u00f5es de protestos, a 4\u00aa Marcha das Mulheres Ind\u00edgenas percorreu o Eixo Monumental e a Esplanada dos Minist\u00e9rios, em Bras\u00edlia, na tarde desta quinta-feira (7). Segundo a organiza\u00e7\u00e3o, o evento contou com mais de sete mil pessoas. O tema foi &#8220;Nosso corpo, nosso territ\u00f3rio: somos &hellip;\" \/>\n<meta property=\"og:url\" content=\"https:\/\/mrnews.com.br\/index.php\/2025\/08\/07\/marcha-das-mulheres-indigenas-defende-luta-contra-a-violencia\/\" \/>\n<meta property=\"og:site_name\" content=\"MRNews\" \/>\n<meta property=\"article:publisher\" content=\"https:\/\/www.facebook.com\/eaipahpah\/?locale2=pt_BR\" \/>\n<meta property=\"article:published_time\" content=\"2025-08-08T01:56:35+00:00\" \/>\n<meta name=\"author\" content=\"MR News\" \/>\n<meta name=\"twitter:card\" content=\"summary_large_image\" \/>\n<meta name=\"twitter:creator\" content=\"@conspirou\" \/>\n<meta name=\"twitter:site\" content=\"@conspirou\" \/>\n<meta name=\"twitter:label1\" content=\"Escrito por\" \/>\n\t<meta name=\"twitter:data1\" content=\"MR News\" \/>\n\t<meta name=\"twitter:label2\" content=\"Est. tempo de leitura\" \/>\n\t<meta name=\"twitter:data2\" content=\"2 minutos\" \/>\n<script type=\"application\/ld+json\" class=\"yoast-schema-graph\">{\"@context\":\"https:\\\/\\\/schema.org\",\"@graph\":[{\"@type\":\"Article\",\"@id\":\"https:\\\/\\\/mrnews.com.br\\\/index.php\\\/2025\\\/08\\\/07\\\/marcha-das-mulheres-indigenas-defende-luta-contra-a-violencia\\\/#article\",\"isPartOf\":{\"@id\":\"https:\\\/\\\/mrnews.com.br\\\/index.php\\\/2025\\\/08\\\/07\\\/marcha-das-mulheres-indigenas-defende-luta-contra-a-violencia\\\/\"},\"author\":{\"name\":\"MR News\",\"@id\":\"https:\\\/\\\/mrnews.com.br\\\/#\\\/schema\\\/person\\\/be3203154562a9f207407861cef7827b\"},\"headline\":\"Marcha das Mulheres Ind\u00edgenas defende luta contra a viol\u00eancia\",\"datePublished\":\"2025-08-08T01:56:35+00:00\",\"mainEntityOfPage\":{\"@id\":\"https:\\\/\\\/mrnews.com.br\\\/index.php\\\/2025\\\/08\\\/07\\\/marcha-das-mulheres-indigenas-defende-luta-contra-a-violencia\\\/\"},\"wordCount\":441,\"commentCount\":0,\"publisher\":{\"@id\":\"https:\\\/\\\/mrnews.com.br\\\/#organization\"},\"articleSection\":[\"ENTRETENIMENTO\",\"NOTICIAS\",\"SERVI\u00c7OS\"],\"inLanguage\":\"pt-BR\",\"potentialAction\":[{\"@type\":\"CommentAction\",\"name\":\"Comment\",\"target\":[\"https:\\\/\\\/mrnews.com.br\\\/index.php\\\/2025\\\/08\\\/07\\\/marcha-das-mulheres-indigenas-defende-luta-contra-a-violencia\\\/#respond\"]}]},{\"@type\":\"WebPage\",\"@id\":\"https:\\\/\\\/mrnews.com.br\\\/index.php\\\/2025\\\/08\\\/07\\\/marcha-das-mulheres-indigenas-defende-luta-contra-a-violencia\\\/\",\"url\":\"https:\\\/\\\/mrnews.com.br\\\/index.php\\\/2025\\\/08\\\/07\\\/marcha-das-mulheres-indigenas-defende-luta-contra-a-violencia\\\/\",\"name\":\"Marcha das Mulheres Ind\u00edgenas defende luta contra a viol\u00eancia\",\"isPartOf\":{\"@id\":\"https:\\\/\\\/mrnews.com.br\\\/#website\"},\"datePublished\":\"2025-08-08T01:56:35+00:00\",\"breadcrumb\":{\"@id\":\"https:\\\/\\\/mrnews.com.br\\\/index.php\\\/2025\\\/08\\\/07\\\/marcha-das-mulheres-indigenas-defende-luta-contra-a-violencia\\\/#breadcrumb\"},\"inLanguage\":\"pt-BR\",\"potentialAction\":[{\"@type\":\"ReadAction\",\"target\":[\"https:\\\/\\\/mrnews.com.br\\\/index.php\\\/2025\\\/08\\\/07\\\/marcha-das-mulheres-indigenas-defende-luta-contra-a-violencia\\\/\"]}]},{\"@type\":\"BreadcrumbList\",\"@id\":\"https:\\\/\\\/mrnews.com.br\\\/index.php\\\/2025\\\/08\\\/07\\\/marcha-das-mulheres-indigenas-defende-luta-contra-a-violencia\\\/#breadcrumb\",\"itemListElement\":[{\"@type\":\"ListItem\",\"position\":1,\"name\":\"In\u00edcio\",\"item\":\"https:\\\/\\\/mrnews.com.br\\\/\"},{\"@type\":\"ListItem\",\"position\":2,\"name\":\"Marcha das Mulheres Ind\u00edgenas defende luta contra a viol\u00eancia\"}]},{\"@type\":\"WebSite\",\"@id\":\"https:\\\/\\\/mrnews.com.br\\\/#website\",\"url\":\"https:\\\/\\\/mrnews.com.br\\\/\",\"name\":\"MRNews\",\"description\":\"MRNews Jogos de hoje da TV, transmiss\u00f5es ao vivo, Not\u00edcias de futebol, Jogos ao vivo, Lives, resumo de novelas, Programa\u00e7\u00e3o da Globo, A Fazenda e BBB\",\"publisher\":{\"@id\":\"https:\\\/\\\/mrnews.com.br\\\/#organization\"},\"potentialAction\":[{\"@type\":\"SearchAction\",\"target\":{\"@type\":\"EntryPoint\",\"urlTemplate\":\"https:\\\/\\\/mrnews.com.br\\\/?s={search_term_string}\"},\"query-input\":{\"@type\":\"PropertyValueSpecification\",\"valueRequired\":true,\"valueName\":\"search_term_string\"}}],\"inLanguage\":\"pt-BR\"},{\"@type\":\"Organization\",\"@id\":\"https:\\\/\\\/mrnews.com.br\\\/#organization\",\"name\":\"MRNews\",\"url\":\"https:\\\/\\\/mrnews.com.br\\\/\",\"logo\":{\"@type\":\"ImageObject\",\"inLanguage\":\"pt-BR\",\"@id\":\"https:\\\/\\\/mrnews.com.br\\\/#\\\/schema\\\/logo\\\/image\\\/\",\"url\":\"https:\\\/\\\/mrnews.com.br\\\/wp-content\\\/uploads\\\/2019\\\/06\\\/MRNewslogo2.png\",\"contentUrl\":\"https:\\\/\\\/mrnews.com.br\\\/wp-content\\\/uploads\\\/2019\\\/06\\\/MRNewslogo2.png\",\"width\":223,\"height\":58,\"caption\":\"MRNews\"},\"image\":{\"@id\":\"https:\\\/\\\/mrnews.com.br\\\/#\\\/schema\\\/logo\\\/image\\\/\"},\"sameAs\":[\"https:\\\/\\\/www.facebook.com\\\/eaipahpah\\\/?locale2=pt_BR\",\"https:\\\/\\\/x.com\\\/conspirou\",\"https:\\\/\\\/www.instagram.com\\\/eai_pahpah\",\"https:\\\/\\\/br.pinterest.com\\\/mrnewsn\\\/boards\\\/\",\"https:\\\/\\\/www.youtube.com\\\/channel\\\/UCacgnpznQ61fifLWr1tQ-vA?view_as=subscriber\"]},{\"@type\":\"Person\",\"@id\":\"https:\\\/\\\/mrnews.com.br\\\/#\\\/schema\\\/person\\\/be3203154562a9f207407861cef7827b\",\"name\":\"MR News\",\"image\":{\"@type\":\"ImageObject\",\"inLanguage\":\"pt-BR\",\"@id\":\"https:\\\/\\\/secure.gravatar.com\\\/avatar\\\/04084e6d73c042b8646e7c17b494073bf0ede3ea13c7105cfc45cbbbc28385a4?s=96&d=monsterid&r=g\",\"url\":\"https:\\\/\\\/secure.gravatar.com\\\/avatar\\\/04084e6d73c042b8646e7c17b494073bf0ede3ea13c7105cfc45cbbbc28385a4?s=96&d=monsterid&r=g\",\"contentUrl\":\"https:\\\/\\\/secure.gravatar.com\\\/avatar\\\/04084e6d73c042b8646e7c17b494073bf0ede3ea13c7105cfc45cbbbc28385a4?s=96&d=monsterid&r=g\",\"caption\":\"MR News\"},\"description\":\"Especializado em jornalismo colaborativo pela FTP em n\u00edvel de p\u00f3s-gradua\u00e7\u00e3o. suporte@oimeliga.combr\",\"sameAs\":[\"HUGO R.\",\"Admin\"],\"url\":\"https:\\\/\\\/mrnews.com.br\\\/index.php\\\/author\\\/admin\\\/\"}]}<\/script>\n<!-- \/ Yoast SEO plugin. -->","yoast_head_json":{"title":"Marcha das Mulheres Ind\u00edgenas defende luta contra a viol\u00eancia","robots":{"index":"index","follow":"follow","max-snippet":"max-snippet:-1","max-image-preview":"max-image-preview:large","max-video-preview":"max-video-preview:-1"},"canonical":"https:\/\/mrnews.com.br\/index.php\/2025\/08\/07\/marcha-das-mulheres-indigenas-defende-luta-contra-a-violencia\/","og_locale":"pt_BR","og_type":"article","og_title":"Marcha das Mulheres Ind\u00edgenas defende luta contra a viol\u00eancia","og_description":"Por EBC, Entre cantos de luta de diferentes etnias e manifesta\u00e7\u00f5es de protestos, a 4\u00aa Marcha das Mulheres Ind\u00edgenas percorreu o Eixo Monumental e a Esplanada dos Minist\u00e9rios, em Bras\u00edlia, na tarde desta quinta-feira (7). Segundo a organiza\u00e7\u00e3o, o evento contou com mais de sete mil pessoas. O tema foi &#8220;Nosso corpo, nosso territ\u00f3rio: somos &hellip;","og_url":"https:\/\/mrnews.com.br\/index.php\/2025\/08\/07\/marcha-das-mulheres-indigenas-defende-luta-contra-a-violencia\/","og_site_name":"MRNews","article_publisher":"https:\/\/www.facebook.com\/eaipahpah\/?locale2=pt_BR","article_published_time":"2025-08-08T01:56:35+00:00","author":"MR News","twitter_card":"summary_large_image","twitter_creator":"@conspirou","twitter_site":"@conspirou","twitter_misc":{"Escrito por":"MR News","Est. tempo de leitura":"2 minutos"},"schema":{"@context":"https:\/\/schema.org","@graph":[{"@type":"Article","@id":"https:\/\/mrnews.com.br\/index.php\/2025\/08\/07\/marcha-das-mulheres-indigenas-defende-luta-contra-a-violencia\/#article","isPartOf":{"@id":"https:\/\/mrnews.com.br\/index.php\/2025\/08\/07\/marcha-das-mulheres-indigenas-defende-luta-contra-a-violencia\/"},"author":{"name":"MR News","@id":"https:\/\/mrnews.com.br\/#\/schema\/person\/be3203154562a9f207407861cef7827b"},"headline":"Marcha das Mulheres Ind\u00edgenas defende luta contra a viol\u00eancia","datePublished":"2025-08-08T01:56:35+00:00","mainEntityOfPage":{"@id":"https:\/\/mrnews.com.br\/index.php\/2025\/08\/07\/marcha-das-mulheres-indigenas-defende-luta-contra-a-violencia\/"},"wordCount":441,"commentCount":0,"publisher":{"@id":"https:\/\/mrnews.com.br\/#organization"},"articleSection":["ENTRETENIMENTO","NOTICIAS","SERVI\u00c7OS"],"inLanguage":"pt-BR","potentialAction":[{"@type":"CommentAction","name":"Comment","target":["https:\/\/mrnews.com.br\/index.php\/2025\/08\/07\/marcha-das-mulheres-indigenas-defende-luta-contra-a-violencia\/#respond"]}]},{"@type":"WebPage","@id":"https:\/\/mrnews.com.br\/index.php\/2025\/08\/07\/marcha-das-mulheres-indigenas-defende-luta-contra-a-violencia\/","url":"https:\/\/mrnews.com.br\/index.php\/2025\/08\/07\/marcha-das-mulheres-indigenas-defende-luta-contra-a-violencia\/","name":"Marcha das Mulheres Ind\u00edgenas defende luta contra a viol\u00eancia","isPartOf":{"@id":"https:\/\/mrnews.com.br\/#website"},"datePublished":"2025-08-08T01:56:35+00:00","breadcrumb":{"@id":"https:\/\/mrnews.com.br\/index.php\/2025\/08\/07\/marcha-das-mulheres-indigenas-defende-luta-contra-a-violencia\/#breadcrumb"},"inLanguage":"pt-BR","potentialAction":[{"@type":"ReadAction","target":["https:\/\/mrnews.com.br\/index.php\/2025\/08\/07\/marcha-das-mulheres-indigenas-defende-luta-contra-a-violencia\/"]}]},{"@type":"BreadcrumbList","@id":"https:\/\/mrnews.com.br\/index.php\/2025\/08\/07\/marcha-das-mulheres-indigenas-defende-luta-contra-a-violencia\/#breadcrumb","itemListElement":[{"@type":"ListItem","position":1,"name":"In\u00edcio","item":"https:\/\/mrnews.com.br\/"},{"@type":"ListItem","position":2,"name":"Marcha das Mulheres Ind\u00edgenas defende luta contra a viol\u00eancia"}]},{"@type":"WebSite","@id":"https:\/\/mrnews.com.br\/#website","url":"https:\/\/mrnews.com.br\/","name":"MRNews","description":"MRNews Jogos de hoje da TV, transmiss\u00f5es ao vivo, Not\u00edcias de futebol, Jogos ao vivo, Lives, resumo de novelas, Programa\u00e7\u00e3o da Globo, A Fazenda e BBB","publisher":{"@id":"https:\/\/mrnews.com.br\/#organization"},"potentialAction":[{"@type":"SearchAction","target":{"@type":"EntryPoint","urlTemplate":"https:\/\/mrnews.com.br\/?s={search_term_string}"},"query-input":{"@type":"PropertyValueSpecification","valueRequired":true,"valueName":"search_term_string"}}],"inLanguage":"pt-BR"},{"@type":"Organization","@id":"https:\/\/mrnews.com.br\/#organization","name":"MRNews","url":"https:\/\/mrnews.com.br\/","logo":{"@type":"ImageObject","inLanguage":"pt-BR","@id":"https:\/\/mrnews.com.br\/#\/schema\/logo\/image\/","url":"https:\/\/mrnews.com.br\/wp-content\/uploads\/2019\/06\/MRNewslogo2.png","contentUrl":"https:\/\/mrnews.com.br\/wp-content\/uploads\/2019\/06\/MRNewslogo2.png","width":223,"height":58,"caption":"MRNews"},"image":{"@id":"https:\/\/mrnews.com.br\/#\/schema\/logo\/image\/"},"sameAs":["https:\/\/www.facebook.com\/eaipahpah\/?locale2=pt_BR","https:\/\/x.com\/conspirou","https:\/\/www.instagram.com\/eai_pahpah","https:\/\/br.pinterest.com\/mrnewsn\/boards\/","https:\/\/www.youtube.com\/channel\/UCacgnpznQ61fifLWr1tQ-vA?view_as=subscriber"]},{"@type":"Person","@id":"https:\/\/mrnews.com.br\/#\/schema\/person\/be3203154562a9f207407861cef7827b","name":"MR News","image":{"@type":"ImageObject","inLanguage":"pt-BR","@id":"https:\/\/secure.gravatar.com\/avatar\/04084e6d73c042b8646e7c17b494073bf0ede3ea13c7105cfc45cbbbc28385a4?s=96&d=monsterid&r=g","url":"https:\/\/secure.gravatar.com\/avatar\/04084e6d73c042b8646e7c17b494073bf0ede3ea13c7105cfc45cbbbc28385a4?s=96&d=monsterid&r=g","contentUrl":"https:\/\/secure.gravatar.com\/avatar\/04084e6d73c042b8646e7c17b494073bf0ede3ea13c7105cfc45cbbbc28385a4?s=96&d=monsterid&r=g","caption":"MR News"},"description":"Especializado em jornalismo colaborativo pela FTP em n\u00edvel de p\u00f3s-gradua\u00e7\u00e3o. suporte@oimeliga.combr","sameAs":["HUGO R.","Admin"],"url":"https:\/\/mrnews.com.br\/index.php\/author\/admin\/"}]}},"jetpack_featured_media_url":"","jetpack_sharing_enabled":true,"jetpack_shortlink":"https:\/\/wp.me\/pa2Qf7-1SrC","amp_enabled":true,"_links":{"self":[{"href":"https:\/\/mrnews.com.br\/index.php\/wp-json\/wp\/v2\/posts\/447616","targetHints":{"allow":["GET"]}}],"collection":[{"href":"https:\/\/mrnews.com.br\/index.php\/wp-json\/wp\/v2\/posts"}],"about":[{"href":"https:\/\/mrnews.com.br\/index.php\/wp-json\/wp\/v2\/types\/post"}],"author":[{"embeddable":true,"href":"https:\/\/mrnews.com.br\/index.php\/wp-json\/wp\/v2\/users\/1"}],"replies":[{"embeddable":true,"href":"https:\/\/mrnews.com.br\/index.php\/wp-json\/wp\/v2\/comments?post=447616"}],"version-history":[{"count":0,"href":"https:\/\/mrnews.com.br\/index.php\/wp-json\/wp\/v2\/posts\/447616\/revisions"}],"wp:attachment":[{"href":"https:\/\/mrnews.com.br\/index.php\/wp-json\/wp\/v2\/media?parent=447616"}],"wp:term":[{"taxonomy":"category","embeddable":true,"href":"https:\/\/mrnews.com.br\/index.php\/wp-json\/wp\/v2\/categories?post=447616"},{"taxonomy":"post_tag","embeddable":true,"href":"https:\/\/mrnews.com.br\/index.php\/wp-json\/wp\/v2\/tags?post=447616"}],"curies":[{"name":"wp","href":"https:\/\/api.w.org\/{rel}","templated":true}]}}