{"id":447978,"date":"2025-08-14T23:38:41","date_gmt":"2025-08-15T02:38:41","guid":{"rendered":"https:\/\/mrnews.com.br\/index.php\/2025\/08\/14\/feira-campo-grande-em-acao-marca-12-mil-encaminhamentos-da-funsat-cgnoticias\/"},"modified":"2025-08-14T23:38:41","modified_gmt":"2025-08-15T02:38:41","slug":"feira-campo-grande-em-acao-marca-12-mil-encaminhamentos-da-funsat-cgnoticias","status":"publish","type":"post","link":"https:\/\/mrnews.com.br\/index.php\/2025\/08\/14\/feira-campo-grande-em-acao-marca-12-mil-encaminhamentos-da-funsat-cgnoticias\/","title":{"rendered":"Feira \u201cCampo Grande em A\u00e7\u00e3o\u201d marca 12 mil encaminhamentos da Funsat \u2013 CGNot\u00edcias"},"content":{"rendered":"<p><\/p>\n<div>\n<p>Campo Grande celebrou nesta quinta-feira (14), durante a edi\u00e7\u00e3o especial da \u201cFeira Campo Grande em A\u00e7\u00e3o \u2013 126 anos de Hist\u00f3ria e Trabalho\u201d, um marco importante na gera\u00e7\u00e3o de empregos da capital. A Funda\u00e7\u00e3o Social do Trabalho (Funsat), por meio do programa Emprega CG, alcan\u00e7ou a marca de 12 mil encaminhamentos em 2025, o que representa 60% do total registrado em todo o ano passado, mesmo com o calend\u00e1rio ainda em agosto.<\/p>\n<p>O evento, realizado no Parque Ayrton Senna, no bairro Aero Rancho, foi mais que uma feira de servi\u00e7os: transformou-se em um ponto de virada para centenas de trabalhadores. Uma das a\u00e7\u00f5es de destaque foi a certifica\u00e7\u00e3o de 1.462 benefici\u00e1rios do Programa de Inclus\u00e3o ao Mercado de Trabalho (Primt), que participaram do Ciclo Anual de Palestras de Capacita\u00e7\u00e3o promovido pela Escola Funsat. A forma\u00e7\u00e3o \u00e9 parte complementar \u00e0s 80 horas de qualifica\u00e7\u00e3o obrigat\u00f3ria do programa.<\/p>\n<p>Al\u00e9m da certifica\u00e7\u00e3o, o Departamento de Educa\u00e7\u00e3o Profissionalizante da Funsat, em parceria com o Senai-MS, orientou o p\u00fablico sobre novas matr\u00edculas e cursos de capacita\u00e7\u00e3o.<\/p>\n<p><strong>Emprego na hora: 1.600 vagas abertas<\/strong><\/p>\n<p>Durante 210 minutos de evento, 22 equipes de recrutamento ligadas a empresas parceiras da Funsat ofereceram 1.600 vagas de emprego, para 19 diferentes fun\u00e7\u00f5es. O desafio era ousado: uma contrata\u00e7\u00e3o a cada sete minutos.<\/p>\n<p>Para muitos presentes, como Gabryel Rodrigues Al\u00e9m, de 26 anos, morador a apenas 400 metros do local, a oportunidade representou esperan\u00e7a. \u201cMinha irm\u00e3 falou para eu ficar de olho na televis\u00e3o e no jornal, e foi assim que fiquei sabendo do balc\u00e3o de empregos perto de mim. Estou h\u00e1 seis meses tentando, ent\u00e3o, o que aparecer, estarei pronto, menos no que for relacionado a limpeza. Gostei que, al\u00e9m de virem aqui no bairro, tamb\u00e9m trouxeram as empresas\u201d, disse o candidato, que n\u00e3o integra o Primt, mas aproveitou a chance.<\/p>\n<p>A mesma motiva\u00e7\u00e3o moveu Aparecida Pereira de Souza, de 66 anos, moradora do Centro da cidade. \u201cMesmo sendo aposentada, quero trabalhar, e agora no que gosto. Pelo fato de uma das minhas maiores paix\u00f5es ser a culin\u00e1ria, vim concorrer a uma vaga de auxiliar de cozinha. Sei que com o apoio da Funsat terei mais chances, assim como os benefici\u00e1rios do Primt, que ganharam um processo seletivo bem no dia de uma formatura. Um verdadeiro presente neste momento especial a eles\u201d, afirmou.<\/p>\n<figure class=\"wp-block-image size-large\"><\/figure>\n<p><strong>Transforma\u00e7\u00f5es reais com o Primt<\/strong><\/p>\n<p>As falas dos benefici\u00e1rios do Primt revelam o impacto real do programa na vida dos participantes. Luciana Benedita Rodrigues Gomes, de 50 anos, moradora do Jardim Canguru, emocionou-se ao falar sobre sua evolu\u00e7\u00e3o. \u201c\u00c9 uma pessoa antes e outra agora, depois de estar na Prefeitura, fazendo esses cursos, j\u00e1 com uma nova vis\u00e3o para o meu futuro. \u00c9 um \u00f3timo projeto do Poder P\u00fablico e ser\u00e1 muito importante para eu voltar ao Mercado de Trabalho novamente!\u201d<\/p>\n<p>J\u00e1 Sebasti\u00e3o Aparecido Ribeiro, de 59 anos, que est\u00e1 prestes a renovar sua participa\u00e7\u00e3o no programa, pontua o impacto psicol\u00f3gico e social. \u201cVolta a autoestima, ap\u00f3s tanto tempo sem um trabalho. E hoje posso ter a calma para olhar op\u00e7\u00f5es, me preparar melhor e ser visto de outra forma. Sei que \u00e9 tempor\u00e1rio, mas se n\u00e3o fosse o programa, eu n\u00e3o estaria bem hoje. Fui acolhido, tenho uma fun\u00e7\u00e3o para ajudar o Poder P\u00fablico, e a Prefeitura tem algu\u00e9m que realiza um servi\u00e7o de manuten\u00e7\u00e3o que \u00e9 necess\u00e1rio\u201d, explica o morador do Nova Campo Grande, hoje pintor e eletricista.<\/p>\n<p>Para Luciano de Abreu Souza, de 40 anos, do Distrito de Anhandu\u00ed, a certifica\u00e7\u00e3o do Primt foi apenas parte de um evento ainda maior. \u201cUma feira cativante. Mostra reconhecimento por n\u00f3s, como \u00e9 na cobran\u00e7a de se fazer os cursos ou nos incentivos nas palestras . O Primt serve para mudar de vida, esse \u00e9 o meu objetivo. Quero aproveitar essa porta e ser melhor depois. Sempre oferecerem o emprego, em a\u00e7\u00f5es assim, lembram a gente desse compromisso do futuro. A Prefeitura acerta na maneira como tem organizado tudo.\u201d<\/p>\n<figure class=\"wp-block-image size-large\"><\/figure>\n<p>Arlene Barros, de 55 anos, moradora do Mata do Jacinto, acredita que o programa \u00e9 mais do que uma chance profissional. \u201cN\u00e3o basta s\u00f3 entrar, precisa tamb\u00e9m aprender, saber que o programa \u00e9 uma oportunidade a quem precisa. Antes de fazer parte, a pessoa est\u00e1 sem perspectiva, em dificuldades, por\u00e9m, com todo apoio consegue uma virada. For\u00e7a que \u00e9 dada onde estiver trabalhando, do professor da sala de aula, de todos que acreditam na gente e fazem a gente acreditar que \u00e9 poss\u00edvel vencer.\u201d<\/p>\n<p>J\u00e1 Patr\u00edcia Rebeca Gomes de Oliveira, 28 anos, da Vila Nogueira, define o Primt como um verdadeiro processo de amadurecimento. \u201c\u00c9 uma condi\u00e7\u00e3o de ser colaborativo, de ser parte de estruturas do Poder P\u00fablico, mostrar com um trabalho o quanto h\u00e1 como viver uma nova fase. A palestra da capacita\u00e7\u00e3o diz muito disso, nos incentivou muito, e trouxe um sentimento que deve ser mantido em cada tarefa e cada proje\u00e7\u00e3o de amanh\u00e3.\u201d<\/p>\n<p><strong>Resultados concretos<\/strong><\/p>\n<p>Como saldo direto da participa\u00e7\u00e3o da Funsat na Feira, 110 pessoas foram indicadas para entrevistas de emprego, sendo que metade delas j\u00e1 foi contratada. Para o diretor-presidente da Funda\u00e7\u00e3o, Jo\u00e3o Henrique Lima Bezerra, o sucesso do evento reafirma o compromisso da Prefeitura em levar oportunidades a todos os bairros.<\/p>\n<p>\u201cServi\u00e7o que atende mais uma vez \u00e0 disposi\u00e7\u00e3o de capta\u00e7\u00f5es em bairros, algo que se tornou rotina da Funsat neste ano. S\u00f3 em 2025 foram 44 edi\u00e7\u00f5es do Emprega CG, 29 em \u00e1reas fora da regi\u00e3o central, mostrando que essa conex\u00e3o entre empresas e o trabalhador que busca um trabalho pode ser cada vez maior. Principalmente se a qualifica\u00e7\u00e3o profissional for pe\u00e7a-chave no processo.\u201d<\/p>\n<p>Com a\u00e7\u00f5es como essa, Campo Grande mostra que desenvolvimento social e gera\u00e7\u00e3o de emprego caminham lado a lado, impulsionando hist\u00f3rias reais de supera\u00e7\u00e3o, aprendizado e esperan\u00e7a.<\/p>\n<\/div>\n<p><script async defer async defer src=\"https:\/\/connect.facebook.net\/en_US\/sdk.js?ver=1#xfbml=1&amp;version=v3.2\" id=\"prefeitura-campogrande-script-facebook-sdk-js\"><\/script><\/p>\n","protected":false},"excerpt":{"rendered":"<p>Campo Grande celebrou nesta quinta-feira (14), durante a edi\u00e7\u00e3o especial da \u201cFeira Campo Grande em A\u00e7\u00e3o \u2013 126 anos de Hist\u00f3ria e Trabalho\u201d, um marco importante na gera\u00e7\u00e3o de empregos da capital. A Funda\u00e7\u00e3o Social do Trabalho (Funsat), por meio do programa Emprega CG, alcan\u00e7ou a marca de 12 mil encaminhamentos em 2025, o que &hellip;<\/p>\n","protected":false},"author":1,"featured_media":0,"comment_status":"open","ping_status":"open","sticky":false,"template":"","format":"standard","meta":{"_jetpack_memberships_contains_paid_content":false,"footnotes":""},"categories":[12410],"tags":[],"class_list":["post-447978","post","type-post","status-publish","format-standard","hentry","category-ms"],"yoast_head":"<!-- This site is optimized with the Yoast SEO plugin v27.5 - https:\/\/yoast.com\/product\/yoast-seo-wordpress\/ -->\n<title>Feira \u201cCampo Grande em A\u00e7\u00e3o\u201d marca 12 mil encaminhamentos da Funsat \u2013 CGNot\u00edcias<\/title>\n<meta name=\"robots\" content=\"index, follow, max-snippet:-1, max-image-preview:large, max-video-preview:-1\" \/>\n<link rel=\"canonical\" href=\"https:\/\/mrnews.com.br\/index.php\/2025\/08\/14\/feira-campo-grande-em-acao-marca-12-mil-encaminhamentos-da-funsat-cgnoticias\/\" \/>\n<meta property=\"og:locale\" content=\"pt_BR\" \/>\n<meta property=\"og:type\" content=\"article\" \/>\n<meta property=\"og:title\" content=\"Feira \u201cCampo Grande em A\u00e7\u00e3o\u201d marca 12 mil encaminhamentos da Funsat \u2013 CGNot\u00edcias\" \/>\n<meta property=\"og:description\" content=\"Campo Grande celebrou nesta quinta-feira (14), durante a edi\u00e7\u00e3o especial da \u201cFeira Campo Grande em A\u00e7\u00e3o \u2013 126 anos de Hist\u00f3ria e Trabalho\u201d, um marco importante na gera\u00e7\u00e3o de empregos da capital. A Funda\u00e7\u00e3o Social do Trabalho (Funsat), por meio do programa Emprega CG, alcan\u00e7ou a marca de 12 mil encaminhamentos em 2025, o que &hellip;\" \/>\n<meta property=\"og:url\" content=\"https:\/\/mrnews.com.br\/index.php\/2025\/08\/14\/feira-campo-grande-em-acao-marca-12-mil-encaminhamentos-da-funsat-cgnoticias\/\" \/>\n<meta property=\"og:site_name\" content=\"MRNews\" \/>\n<meta property=\"article:publisher\" content=\"https:\/\/www.facebook.com\/eaipahpah\/?locale2=pt_BR\" \/>\n<meta property=\"article:published_time\" content=\"2025-08-15T02:38:41+00:00\" \/>\n<meta name=\"author\" content=\"MR News\" \/>\n<meta name=\"twitter:card\" content=\"summary_large_image\" \/>\n<meta name=\"twitter:creator\" content=\"@conspirou\" \/>\n<meta name=\"twitter:site\" content=\"@conspirou\" \/>\n<meta name=\"twitter:label1\" content=\"Escrito por\" \/>\n\t<meta name=\"twitter:data1\" content=\"MR News\" \/>\n\t<meta name=\"twitter:label2\" content=\"Est. tempo de leitura\" \/>\n\t<meta name=\"twitter:data2\" content=\"5 minutos\" \/>\n<script type=\"application\/ld+json\" class=\"yoast-schema-graph\">{\"@context\":\"https:\\\/\\\/schema.org\",\"@graph\":[{\"@type\":\"Article\",\"@id\":\"https:\\\/\\\/mrnews.com.br\\\/index.php\\\/2025\\\/08\\\/14\\\/feira-campo-grande-em-acao-marca-12-mil-encaminhamentos-da-funsat-cgnoticias\\\/#article\",\"isPartOf\":{\"@id\":\"https:\\\/\\\/mrnews.com.br\\\/index.php\\\/2025\\\/08\\\/14\\\/feira-campo-grande-em-acao-marca-12-mil-encaminhamentos-da-funsat-cgnoticias\\\/\"},\"author\":{\"name\":\"MR News\",\"@id\":\"https:\\\/\\\/mrnews.com.br\\\/#\\\/schema\\\/person\\\/be3203154562a9f207407861cef7827b\"},\"headline\":\"Feira \u201cCampo Grande em A\u00e7\u00e3o\u201d marca 12 mil encaminhamentos da Funsat \u2013 CGNot\u00edcias\",\"datePublished\":\"2025-08-15T02:38:41+00:00\",\"mainEntityOfPage\":{\"@id\":\"https:\\\/\\\/mrnews.com.br\\\/index.php\\\/2025\\\/08\\\/14\\\/feira-campo-grande-em-acao-marca-12-mil-encaminhamentos-da-funsat-cgnoticias\\\/\"},\"wordCount\":1007,\"commentCount\":0,\"publisher\":{\"@id\":\"https:\\\/\\\/mrnews.com.br\\\/#organization\"},\"articleSection\":[\"Mato Grosso do Sul\"],\"inLanguage\":\"pt-BR\",\"potentialAction\":[{\"@type\":\"CommentAction\",\"name\":\"Comment\",\"target\":[\"https:\\\/\\\/mrnews.com.br\\\/index.php\\\/2025\\\/08\\\/14\\\/feira-campo-grande-em-acao-marca-12-mil-encaminhamentos-da-funsat-cgnoticias\\\/#respond\"]}]},{\"@type\":\"WebPage\",\"@id\":\"https:\\\/\\\/mrnews.com.br\\\/index.php\\\/2025\\\/08\\\/14\\\/feira-campo-grande-em-acao-marca-12-mil-encaminhamentos-da-funsat-cgnoticias\\\/\",\"url\":\"https:\\\/\\\/mrnews.com.br\\\/index.php\\\/2025\\\/08\\\/14\\\/feira-campo-grande-em-acao-marca-12-mil-encaminhamentos-da-funsat-cgnoticias\\\/\",\"name\":\"Feira \u201cCampo Grande em A\u00e7\u00e3o\u201d marca 12 mil encaminhamentos da Funsat \u2013 CGNot\u00edcias\",\"isPartOf\":{\"@id\":\"https:\\\/\\\/mrnews.com.br\\\/#website\"},\"datePublished\":\"2025-08-15T02:38:41+00:00\",\"breadcrumb\":{\"@id\":\"https:\\\/\\\/mrnews.com.br\\\/index.php\\\/2025\\\/08\\\/14\\\/feira-campo-grande-em-acao-marca-12-mil-encaminhamentos-da-funsat-cgnoticias\\\/#breadcrumb\"},\"inLanguage\":\"pt-BR\",\"potentialAction\":[{\"@type\":\"ReadAction\",\"target\":[\"https:\\\/\\\/mrnews.com.br\\\/index.php\\\/2025\\\/08\\\/14\\\/feira-campo-grande-em-acao-marca-12-mil-encaminhamentos-da-funsat-cgnoticias\\\/\"]}]},{\"@type\":\"BreadcrumbList\",\"@id\":\"https:\\\/\\\/mrnews.com.br\\\/index.php\\\/2025\\\/08\\\/14\\\/feira-campo-grande-em-acao-marca-12-mil-encaminhamentos-da-funsat-cgnoticias\\\/#breadcrumb\",\"itemListElement\":[{\"@type\":\"ListItem\",\"position\":1,\"name\":\"In\u00edcio\",\"item\":\"https:\\\/\\\/mrnews.com.br\\\/\"},{\"@type\":\"ListItem\",\"position\":2,\"name\":\"Feira \u201cCampo Grande em A\u00e7\u00e3o\u201d marca 12 mil encaminhamentos da Funsat \u2013 CGNot\u00edcias\"}]},{\"@type\":\"WebSite\",\"@id\":\"https:\\\/\\\/mrnews.com.br\\\/#website\",\"url\":\"https:\\\/\\\/mrnews.com.br\\\/\",\"name\":\"MRNews\",\"description\":\"MRNews Jogos de hoje da TV, transmiss\u00f5es ao vivo, Not\u00edcias de futebol, Jogos ao vivo, Lives, resumo de novelas, Programa\u00e7\u00e3o da Globo, A Fazenda e BBB\",\"publisher\":{\"@id\":\"https:\\\/\\\/mrnews.com.br\\\/#organization\"},\"potentialAction\":[{\"@type\":\"SearchAction\",\"target\":{\"@type\":\"EntryPoint\",\"urlTemplate\":\"https:\\\/\\\/mrnews.com.br\\\/?s={search_term_string}\"},\"query-input\":{\"@type\":\"PropertyValueSpecification\",\"valueRequired\":true,\"valueName\":\"search_term_string\"}}],\"inLanguage\":\"pt-BR\"},{\"@type\":\"Organization\",\"@id\":\"https:\\\/\\\/mrnews.com.br\\\/#organization\",\"name\":\"MRNews\",\"url\":\"https:\\\/\\\/mrnews.com.br\\\/\",\"logo\":{\"@type\":\"ImageObject\",\"inLanguage\":\"pt-BR\",\"@id\":\"https:\\\/\\\/mrnews.com.br\\\/#\\\/schema\\\/logo\\\/image\\\/\",\"url\":\"https:\\\/\\\/mrnews.com.br\\\/wp-content\\\/uploads\\\/2019\\\/06\\\/MRNewslogo2.png\",\"contentUrl\":\"https:\\\/\\\/mrnews.com.br\\\/wp-content\\\/uploads\\\/2019\\\/06\\\/MRNewslogo2.png\",\"width\":223,\"height\":58,\"caption\":\"MRNews\"},\"image\":{\"@id\":\"https:\\\/\\\/mrnews.com.br\\\/#\\\/schema\\\/logo\\\/image\\\/\"},\"sameAs\":[\"https:\\\/\\\/www.facebook.com\\\/eaipahpah\\\/?locale2=pt_BR\",\"https:\\\/\\\/x.com\\\/conspirou\",\"https:\\\/\\\/www.instagram.com\\\/eai_pahpah\",\"https:\\\/\\\/br.pinterest.com\\\/mrnewsn\\\/boards\\\/\",\"https:\\\/\\\/www.youtube.com\\\/channel\\\/UCacgnpznQ61fifLWr1tQ-vA?view_as=subscriber\"]},{\"@type\":\"Person\",\"@id\":\"https:\\\/\\\/mrnews.com.br\\\/#\\\/schema\\\/person\\\/be3203154562a9f207407861cef7827b\",\"name\":\"MR News\",\"image\":{\"@type\":\"ImageObject\",\"inLanguage\":\"pt-BR\",\"@id\":\"https:\\\/\\\/secure.gravatar.com\\\/avatar\\\/04084e6d73c042b8646e7c17b494073bf0ede3ea13c7105cfc45cbbbc28385a4?s=96&d=monsterid&r=g\",\"url\":\"https:\\\/\\\/secure.gravatar.com\\\/avatar\\\/04084e6d73c042b8646e7c17b494073bf0ede3ea13c7105cfc45cbbbc28385a4?s=96&d=monsterid&r=g\",\"contentUrl\":\"https:\\\/\\\/secure.gravatar.com\\\/avatar\\\/04084e6d73c042b8646e7c17b494073bf0ede3ea13c7105cfc45cbbbc28385a4?s=96&d=monsterid&r=g\",\"caption\":\"MR News\"},\"description\":\"Especializado em jornalismo colaborativo pela FTP em n\u00edvel de p\u00f3s-gradua\u00e7\u00e3o. suporte@oimeliga.combr\",\"sameAs\":[\"HUGO R.\",\"Admin\"],\"url\":\"https:\\\/\\\/mrnews.com.br\\\/index.php\\\/author\\\/admin\\\/\"}]}<\/script>\n<!-- \/ Yoast SEO plugin. -->","yoast_head_json":{"title":"Feira \u201cCampo Grande em A\u00e7\u00e3o\u201d marca 12 mil encaminhamentos da Funsat \u2013 CGNot\u00edcias","robots":{"index":"index","follow":"follow","max-snippet":"max-snippet:-1","max-image-preview":"max-image-preview:large","max-video-preview":"max-video-preview:-1"},"canonical":"https:\/\/mrnews.com.br\/index.php\/2025\/08\/14\/feira-campo-grande-em-acao-marca-12-mil-encaminhamentos-da-funsat-cgnoticias\/","og_locale":"pt_BR","og_type":"article","og_title":"Feira \u201cCampo Grande em A\u00e7\u00e3o\u201d marca 12 mil encaminhamentos da Funsat \u2013 CGNot\u00edcias","og_description":"Campo Grande celebrou nesta quinta-feira (14), durante a edi\u00e7\u00e3o especial da \u201cFeira Campo Grande em A\u00e7\u00e3o \u2013 126 anos de Hist\u00f3ria e Trabalho\u201d, um marco importante na gera\u00e7\u00e3o de empregos da capital. A Funda\u00e7\u00e3o Social do Trabalho (Funsat), por meio do programa Emprega CG, alcan\u00e7ou a marca de 12 mil encaminhamentos em 2025, o que &hellip;","og_url":"https:\/\/mrnews.com.br\/index.php\/2025\/08\/14\/feira-campo-grande-em-acao-marca-12-mil-encaminhamentos-da-funsat-cgnoticias\/","og_site_name":"MRNews","article_publisher":"https:\/\/www.facebook.com\/eaipahpah\/?locale2=pt_BR","article_published_time":"2025-08-15T02:38:41+00:00","author":"MR News","twitter_card":"summary_large_image","twitter_creator":"@conspirou","twitter_site":"@conspirou","twitter_misc":{"Escrito por":"MR News","Est. tempo de leitura":"5 minutos"},"schema":{"@context":"https:\/\/schema.org","@graph":[{"@type":"Article","@id":"https:\/\/mrnews.com.br\/index.php\/2025\/08\/14\/feira-campo-grande-em-acao-marca-12-mil-encaminhamentos-da-funsat-cgnoticias\/#article","isPartOf":{"@id":"https:\/\/mrnews.com.br\/index.php\/2025\/08\/14\/feira-campo-grande-em-acao-marca-12-mil-encaminhamentos-da-funsat-cgnoticias\/"},"author":{"name":"MR News","@id":"https:\/\/mrnews.com.br\/#\/schema\/person\/be3203154562a9f207407861cef7827b"},"headline":"Feira \u201cCampo Grande em A\u00e7\u00e3o\u201d marca 12 mil encaminhamentos da Funsat \u2013 CGNot\u00edcias","datePublished":"2025-08-15T02:38:41+00:00","mainEntityOfPage":{"@id":"https:\/\/mrnews.com.br\/index.php\/2025\/08\/14\/feira-campo-grande-em-acao-marca-12-mil-encaminhamentos-da-funsat-cgnoticias\/"},"wordCount":1007,"commentCount":0,"publisher":{"@id":"https:\/\/mrnews.com.br\/#organization"},"articleSection":["Mato Grosso do Sul"],"inLanguage":"pt-BR","potentialAction":[{"@type":"CommentAction","name":"Comment","target":["https:\/\/mrnews.com.br\/index.php\/2025\/08\/14\/feira-campo-grande-em-acao-marca-12-mil-encaminhamentos-da-funsat-cgnoticias\/#respond"]}]},{"@type":"WebPage","@id":"https:\/\/mrnews.com.br\/index.php\/2025\/08\/14\/feira-campo-grande-em-acao-marca-12-mil-encaminhamentos-da-funsat-cgnoticias\/","url":"https:\/\/mrnews.com.br\/index.php\/2025\/08\/14\/feira-campo-grande-em-acao-marca-12-mil-encaminhamentos-da-funsat-cgnoticias\/","name":"Feira \u201cCampo Grande em A\u00e7\u00e3o\u201d marca 12 mil encaminhamentos da Funsat \u2013 CGNot\u00edcias","isPartOf":{"@id":"https:\/\/mrnews.com.br\/#website"},"datePublished":"2025-08-15T02:38:41+00:00","breadcrumb":{"@id":"https:\/\/mrnews.com.br\/index.php\/2025\/08\/14\/feira-campo-grande-em-acao-marca-12-mil-encaminhamentos-da-funsat-cgnoticias\/#breadcrumb"},"inLanguage":"pt-BR","potentialAction":[{"@type":"ReadAction","target":["https:\/\/mrnews.com.br\/index.php\/2025\/08\/14\/feira-campo-grande-em-acao-marca-12-mil-encaminhamentos-da-funsat-cgnoticias\/"]}]},{"@type":"BreadcrumbList","@id":"https:\/\/mrnews.com.br\/index.php\/2025\/08\/14\/feira-campo-grande-em-acao-marca-12-mil-encaminhamentos-da-funsat-cgnoticias\/#breadcrumb","itemListElement":[{"@type":"ListItem","position":1,"name":"In\u00edcio","item":"https:\/\/mrnews.com.br\/"},{"@type":"ListItem","position":2,"name":"Feira \u201cCampo Grande em A\u00e7\u00e3o\u201d marca 12 mil encaminhamentos da Funsat \u2013 CGNot\u00edcias"}]},{"@type":"WebSite","@id":"https:\/\/mrnews.com.br\/#website","url":"https:\/\/mrnews.com.br\/","name":"MRNews","description":"MRNews Jogos de hoje da TV, transmiss\u00f5es ao vivo, Not\u00edcias de futebol, Jogos ao vivo, Lives, resumo de novelas, Programa\u00e7\u00e3o da Globo, A Fazenda e BBB","publisher":{"@id":"https:\/\/mrnews.com.br\/#organization"},"potentialAction":[{"@type":"SearchAction","target":{"@type":"EntryPoint","urlTemplate":"https:\/\/mrnews.com.br\/?s={search_term_string}"},"query-input":{"@type":"PropertyValueSpecification","valueRequired":true,"valueName":"search_term_string"}}],"inLanguage":"pt-BR"},{"@type":"Organization","@id":"https:\/\/mrnews.com.br\/#organization","name":"MRNews","url":"https:\/\/mrnews.com.br\/","logo":{"@type":"ImageObject","inLanguage":"pt-BR","@id":"https:\/\/mrnews.com.br\/#\/schema\/logo\/image\/","url":"https:\/\/mrnews.com.br\/wp-content\/uploads\/2019\/06\/MRNewslogo2.png","contentUrl":"https:\/\/mrnews.com.br\/wp-content\/uploads\/2019\/06\/MRNewslogo2.png","width":223,"height":58,"caption":"MRNews"},"image":{"@id":"https:\/\/mrnews.com.br\/#\/schema\/logo\/image\/"},"sameAs":["https:\/\/www.facebook.com\/eaipahpah\/?locale2=pt_BR","https:\/\/x.com\/conspirou","https:\/\/www.instagram.com\/eai_pahpah","https:\/\/br.pinterest.com\/mrnewsn\/boards\/","https:\/\/www.youtube.com\/channel\/UCacgnpznQ61fifLWr1tQ-vA?view_as=subscriber"]},{"@type":"Person","@id":"https:\/\/mrnews.com.br\/#\/schema\/person\/be3203154562a9f207407861cef7827b","name":"MR News","image":{"@type":"ImageObject","inLanguage":"pt-BR","@id":"https:\/\/secure.gravatar.com\/avatar\/04084e6d73c042b8646e7c17b494073bf0ede3ea13c7105cfc45cbbbc28385a4?s=96&d=monsterid&r=g","url":"https:\/\/secure.gravatar.com\/avatar\/04084e6d73c042b8646e7c17b494073bf0ede3ea13c7105cfc45cbbbc28385a4?s=96&d=monsterid&r=g","contentUrl":"https:\/\/secure.gravatar.com\/avatar\/04084e6d73c042b8646e7c17b494073bf0ede3ea13c7105cfc45cbbbc28385a4?s=96&d=monsterid&r=g","caption":"MR News"},"description":"Especializado em jornalismo colaborativo pela FTP em n\u00edvel de p\u00f3s-gradua\u00e7\u00e3o. suporte@oimeliga.combr","sameAs":["HUGO R.","Admin"],"url":"https:\/\/mrnews.com.br\/index.php\/author\/admin\/"}]}},"jetpack_featured_media_url":"","jetpack_sharing_enabled":true,"jetpack_shortlink":"https:\/\/wp.me\/pa2Qf7-1Sxs","amp_enabled":true,"_links":{"self":[{"href":"https:\/\/mrnews.com.br\/index.php\/wp-json\/wp\/v2\/posts\/447978","targetHints":{"allow":["GET"]}}],"collection":[{"href":"https:\/\/mrnews.com.br\/index.php\/wp-json\/wp\/v2\/posts"}],"about":[{"href":"https:\/\/mrnews.com.br\/index.php\/wp-json\/wp\/v2\/types\/post"}],"author":[{"embeddable":true,"href":"https:\/\/mrnews.com.br\/index.php\/wp-json\/wp\/v2\/users\/1"}],"replies":[{"embeddable":true,"href":"https:\/\/mrnews.com.br\/index.php\/wp-json\/wp\/v2\/comments?post=447978"}],"version-history":[{"count":0,"href":"https:\/\/mrnews.com.br\/index.php\/wp-json\/wp\/v2\/posts\/447978\/revisions"}],"wp:attachment":[{"href":"https:\/\/mrnews.com.br\/index.php\/wp-json\/wp\/v2\/media?parent=447978"}],"wp:term":[{"taxonomy":"category","embeddable":true,"href":"https:\/\/mrnews.com.br\/index.php\/wp-json\/wp\/v2\/categories?post=447978"},{"taxonomy":"post_tag","embeddable":true,"href":"https:\/\/mrnews.com.br\/index.php\/wp-json\/wp\/v2\/tags?post=447978"}],"curies":[{"name":"wp","href":"https:\/\/api.w.org\/{rel}","templated":true}]}}