{"id":448395,"date":"2025-08-22T20:13:38","date_gmt":"2025-08-22T23:13:38","guid":{"rendered":"https:\/\/mrnews.com.br\/index.php\/2025\/08\/22\/dolar-cai-para-r-542-apos-declaracoes-de-presidente-do-fed\/"},"modified":"2025-08-22T20:13:38","modified_gmt":"2025-08-22T23:13:38","slug":"dolar-cai-para-r-542-apos-declaracoes-de-presidente-do-fed","status":"publish","type":"post","link":"https:\/\/mrnews.com.br\/index.php\/2025\/08\/22\/dolar-cai-para-r-542-apos-declaracoes-de-presidente-do-fed\/","title":{"rendered":"D\u00f3lar cai para R$ 5,42 ap\u00f3s declara\u00e7\u00f5es de presidente do Fed"},"content":{"rendered":"<p>Por EBC, <\/p>\n<div>\n<p><strong>A perspectiva de uma queda de juros nos Estados Unidos em setembro fez o mercado financeiro ter hoje (22) um dia de euforia. O d\u00f3lar caiu quase 1% e fechou pr\u00f3ximo a R$ 5,40. A bolsa de valores subiu mais de 2,5% e atingiu o maior n\u00edvel em 45 dias.<\/strong><\/p>\n<p>O d\u00f3lar comercial encerrou esta sexta-feira vendido a R$ 5,426, com recuo de R$ 0,052 (-0,95%).<\/p>\n<p><strong>A cota\u00e7\u00e3o abriu pr\u00f3xima da estabilidade, mas passou a cair fortemente ap\u00f3s o discurso do presidente do <em>Federal Reserve<\/em> (Fed, Banco Central dos EUA), Jerome Powell. Na m\u00ednima do dia, por volta das 12h30, chegou a R$ 5,41.<\/strong><\/p>\n<p>Apesar da queda desta sexta, a moeda subiu 0,52% na semana. A divisa acumula perda de 3,12% em agosto e de 12,21% em 2025.<\/p>\n<p>O mercado de a\u00e7\u00f5es teve um dia de fortes ganhos. O \u00edndice Ibovespa, da B3 (Bolsa de Valores), fechou aos 137.968 pontos, com alta de 2,57%.<\/p>\n<h2>Tarifa\u00e7o<\/h2>\n<p><strong>O indicador est\u00e1 no maior n\u00edvel desde 8 de julho, dias antes de o presidente Donald Trump anunciar o tarifa\u00e7o de 50% sobre os produtos brasileiros que entram nos Estados Unidos. A bolsa subiu 1,19% na semana e 3,68% em agosto.<\/strong><\/p>\n<p>O d\u00f3lar caiu em todo o planeta ap\u00f3s Powell indicar, num simp\u00f3sio anual de presidentes de Bancos Centrais de todo o planeta, que o Fed dever\u00e1 cortar os juros da maior economia do planeta no pr\u00f3ximo m\u00eas.<\/p>\n<p><strong>O presidente do Fed declarou que o principal risco para a economia estadunidense est\u00e1 na desacelera\u00e7\u00e3o do mercado de trabalho, n\u00e3o na infla\u00e7\u00e3o, aumentando as expectativas de redu\u00e7\u00e3o de juros em setembro.<\/strong><\/p>\n<p>Taxas mais baixas em economias avan\u00e7adas estimulam a migra\u00e7\u00e3o de capitais financeiros para pa\u00edses emergentes, como o Brasil. Isso reduz a press\u00e3o tanto sobre o d\u00f3lar como sobre as a\u00e7\u00f5es.<\/p>\n<p><strong>Os pap\u00e9is de institui\u00e7\u00f5es financeiras tinham iniciado a semana sob a tens\u00e3o dos efeitos do cumprimento das san\u00e7\u00f5es contra o ministro do Supremo Tribunal Federal (STF), Alexandre de Moraes, por bancos brasileiros.<\/strong><\/p>\n<p><em>* Com informa\u00e7\u00f5es da ag\u00eancia Reuters<\/em><\/p>\n<p>\u00a0<\/p>\n<p>\u00a0<\/p>\n<p>      <!-- Relacionada --><\/p>\n<p>            <!-- Relacionada -->\n    <\/div>\n","protected":false},"excerpt":{"rendered":"<p>Por EBC, A perspectiva de uma queda de juros nos Estados Unidos em setembro fez o mercado financeiro ter hoje (22) um dia de euforia. O d\u00f3lar caiu quase 1% e fechou pr\u00f3ximo a R$ 5,40. A bolsa de valores subiu mais de 2,5% e atingiu o maior n\u00edvel em 45 dias. O d\u00f3lar comercial &hellip;<\/p>\n","protected":false},"author":1,"featured_media":0,"comment_status":"open","ping_status":"open","sticky":false,"template":"","format":"standard","meta":{"_jetpack_memberships_contains_paid_content":false,"footnotes":""},"categories":[2,12225,4],"tags":[],"class_list":["post-448395","post","type-post","status-publish","format-standard","hentry","category-entretenimento","category-noticias","category-servicos"],"yoast_head":"<!-- This site is optimized with the Yoast SEO plugin v27.4 - https:\/\/yoast.com\/product\/yoast-seo-wordpress\/ -->\n<title>D\u00f3lar cai para R$ 5,42 ap\u00f3s declara\u00e7\u00f5es de presidente do Fed<\/title>\n<meta name=\"robots\" content=\"index, follow, max-snippet:-1, max-image-preview:large, max-video-preview:-1\" \/>\n<link rel=\"canonical\" href=\"https:\/\/mrnews.com.br\/index.php\/2025\/08\/22\/dolar-cai-para-r-542-apos-declaracoes-de-presidente-do-fed\/\" \/>\n<meta property=\"og:locale\" content=\"pt_BR\" \/>\n<meta property=\"og:type\" content=\"article\" \/>\n<meta property=\"og:title\" content=\"D\u00f3lar cai para R$ 5,42 ap\u00f3s declara\u00e7\u00f5es de presidente do Fed\" \/>\n<meta property=\"og:description\" content=\"Por EBC, A perspectiva de uma queda de juros nos Estados Unidos em setembro fez o mercado financeiro ter hoje (22) um dia de euforia. O d\u00f3lar caiu quase 1% e fechou pr\u00f3ximo a R$ 5,40. A bolsa de valores subiu mais de 2,5% e atingiu o maior n\u00edvel em 45 dias. O d\u00f3lar comercial &hellip;\" \/>\n<meta property=\"og:url\" content=\"https:\/\/mrnews.com.br\/index.php\/2025\/08\/22\/dolar-cai-para-r-542-apos-declaracoes-de-presidente-do-fed\/\" \/>\n<meta property=\"og:site_name\" content=\"MRNews\" \/>\n<meta property=\"article:publisher\" content=\"https:\/\/www.facebook.com\/eaipahpah\/?locale2=pt_BR\" \/>\n<meta property=\"article:published_time\" content=\"2025-08-22T23:13:38+00:00\" \/>\n<meta name=\"author\" content=\"MR News\" \/>\n<meta name=\"twitter:card\" content=\"summary_large_image\" \/>\n<meta name=\"twitter:creator\" content=\"@conspirou\" \/>\n<meta name=\"twitter:site\" content=\"@conspirou\" \/>\n<meta name=\"twitter:label1\" content=\"Escrito por\" \/>\n\t<meta name=\"twitter:data1\" content=\"MR News\" \/>\n\t<meta name=\"twitter:label2\" content=\"Est. tempo de leitura\" \/>\n\t<meta name=\"twitter:data2\" content=\"2 minutos\" \/>\n<script type=\"application\/ld+json\" class=\"yoast-schema-graph\">{\"@context\":\"https:\\\/\\\/schema.org\",\"@graph\":[{\"@type\":\"Article\",\"@id\":\"https:\\\/\\\/mrnews.com.br\\\/index.php\\\/2025\\\/08\\\/22\\\/dolar-cai-para-r-542-apos-declaracoes-de-presidente-do-fed\\\/#article\",\"isPartOf\":{\"@id\":\"https:\\\/\\\/mrnews.com.br\\\/index.php\\\/2025\\\/08\\\/22\\\/dolar-cai-para-r-542-apos-declaracoes-de-presidente-do-fed\\\/\"},\"author\":{\"name\":\"MR News\",\"@id\":\"https:\\\/\\\/mrnews.com.br\\\/#\\\/schema\\\/person\\\/be3203154562a9f207407861cef7827b\"},\"headline\":\"D\u00f3lar cai para R$ 5,42 ap\u00f3s declara\u00e7\u00f5es de presidente do Fed\",\"datePublished\":\"2025-08-22T23:13:38+00:00\",\"mainEntityOfPage\":{\"@id\":\"https:\\\/\\\/mrnews.com.br\\\/index.php\\\/2025\\\/08\\\/22\\\/dolar-cai-para-r-542-apos-declaracoes-de-presidente-do-fed\\\/\"},\"wordCount\":362,\"commentCount\":0,\"publisher\":{\"@id\":\"https:\\\/\\\/mrnews.com.br\\\/#organization\"},\"articleSection\":[\"ENTRETENIMENTO\",\"NOTICIAS\",\"SERVI\u00c7OS\"],\"inLanguage\":\"pt-BR\",\"potentialAction\":[{\"@type\":\"CommentAction\",\"name\":\"Comment\",\"target\":[\"https:\\\/\\\/mrnews.com.br\\\/index.php\\\/2025\\\/08\\\/22\\\/dolar-cai-para-r-542-apos-declaracoes-de-presidente-do-fed\\\/#respond\"]}]},{\"@type\":\"WebPage\",\"@id\":\"https:\\\/\\\/mrnews.com.br\\\/index.php\\\/2025\\\/08\\\/22\\\/dolar-cai-para-r-542-apos-declaracoes-de-presidente-do-fed\\\/\",\"url\":\"https:\\\/\\\/mrnews.com.br\\\/index.php\\\/2025\\\/08\\\/22\\\/dolar-cai-para-r-542-apos-declaracoes-de-presidente-do-fed\\\/\",\"name\":\"D\u00f3lar cai para R$ 5,42 ap\u00f3s declara\u00e7\u00f5es de presidente do Fed\",\"isPartOf\":{\"@id\":\"https:\\\/\\\/mrnews.com.br\\\/#website\"},\"datePublished\":\"2025-08-22T23:13:38+00:00\",\"breadcrumb\":{\"@id\":\"https:\\\/\\\/mrnews.com.br\\\/index.php\\\/2025\\\/08\\\/22\\\/dolar-cai-para-r-542-apos-declaracoes-de-presidente-do-fed\\\/#breadcrumb\"},\"inLanguage\":\"pt-BR\",\"potentialAction\":[{\"@type\":\"ReadAction\",\"target\":[\"https:\\\/\\\/mrnews.com.br\\\/index.php\\\/2025\\\/08\\\/22\\\/dolar-cai-para-r-542-apos-declaracoes-de-presidente-do-fed\\\/\"]}]},{\"@type\":\"BreadcrumbList\",\"@id\":\"https:\\\/\\\/mrnews.com.br\\\/index.php\\\/2025\\\/08\\\/22\\\/dolar-cai-para-r-542-apos-declaracoes-de-presidente-do-fed\\\/#breadcrumb\",\"itemListElement\":[{\"@type\":\"ListItem\",\"position\":1,\"name\":\"In\u00edcio\",\"item\":\"https:\\\/\\\/mrnews.com.br\\\/\"},{\"@type\":\"ListItem\",\"position\":2,\"name\":\"D\u00f3lar cai para R$ 5,42 ap\u00f3s declara\u00e7\u00f5es de presidente do Fed\"}]},{\"@type\":\"WebSite\",\"@id\":\"https:\\\/\\\/mrnews.com.br\\\/#website\",\"url\":\"https:\\\/\\\/mrnews.com.br\\\/\",\"name\":\"MRNews\",\"description\":\"MRNews Jogos de hoje da TV, transmiss\u00f5es ao vivo, Not\u00edcias de futebol, Jogos ao vivo, Lives, resumo de novelas, Programa\u00e7\u00e3o da Globo, A Fazenda e BBB\",\"publisher\":{\"@id\":\"https:\\\/\\\/mrnews.com.br\\\/#organization\"},\"potentialAction\":[{\"@type\":\"SearchAction\",\"target\":{\"@type\":\"EntryPoint\",\"urlTemplate\":\"https:\\\/\\\/mrnews.com.br\\\/?s={search_term_string}\"},\"query-input\":{\"@type\":\"PropertyValueSpecification\",\"valueRequired\":true,\"valueName\":\"search_term_string\"}}],\"inLanguage\":\"pt-BR\"},{\"@type\":\"Organization\",\"@id\":\"https:\\\/\\\/mrnews.com.br\\\/#organization\",\"name\":\"MRNews\",\"url\":\"https:\\\/\\\/mrnews.com.br\\\/\",\"logo\":{\"@type\":\"ImageObject\",\"inLanguage\":\"pt-BR\",\"@id\":\"https:\\\/\\\/mrnews.com.br\\\/#\\\/schema\\\/logo\\\/image\\\/\",\"url\":\"https:\\\/\\\/mrnews.com.br\\\/wp-content\\\/uploads\\\/2019\\\/06\\\/MRNewslogo2.png\",\"contentUrl\":\"https:\\\/\\\/mrnews.com.br\\\/wp-content\\\/uploads\\\/2019\\\/06\\\/MRNewslogo2.png\",\"width\":223,\"height\":58,\"caption\":\"MRNews\"},\"image\":{\"@id\":\"https:\\\/\\\/mrnews.com.br\\\/#\\\/schema\\\/logo\\\/image\\\/\"},\"sameAs\":[\"https:\\\/\\\/www.facebook.com\\\/eaipahpah\\\/?locale2=pt_BR\",\"https:\\\/\\\/x.com\\\/conspirou\",\"https:\\\/\\\/www.instagram.com\\\/eai_pahpah\",\"https:\\\/\\\/br.pinterest.com\\\/mrnewsn\\\/boards\\\/\",\"https:\\\/\\\/www.youtube.com\\\/channel\\\/UCacgnpznQ61fifLWr1tQ-vA?view_as=subscriber\"]},{\"@type\":\"Person\",\"@id\":\"https:\\\/\\\/mrnews.com.br\\\/#\\\/schema\\\/person\\\/be3203154562a9f207407861cef7827b\",\"name\":\"MR News\",\"image\":{\"@type\":\"ImageObject\",\"inLanguage\":\"pt-BR\",\"@id\":\"https:\\\/\\\/secure.gravatar.com\\\/avatar\\\/04084e6d73c042b8646e7c17b494073bf0ede3ea13c7105cfc45cbbbc28385a4?s=96&d=monsterid&r=g\",\"url\":\"https:\\\/\\\/secure.gravatar.com\\\/avatar\\\/04084e6d73c042b8646e7c17b494073bf0ede3ea13c7105cfc45cbbbc28385a4?s=96&d=monsterid&r=g\",\"contentUrl\":\"https:\\\/\\\/secure.gravatar.com\\\/avatar\\\/04084e6d73c042b8646e7c17b494073bf0ede3ea13c7105cfc45cbbbc28385a4?s=96&d=monsterid&r=g\",\"caption\":\"MR News\"},\"description\":\"Especializado em jornalismo colaborativo pela FTP em n\u00edvel de p\u00f3s-gradua\u00e7\u00e3o. suporte@oimeliga.combr\",\"sameAs\":[\"HUGO R.\",\"Admin\"],\"url\":\"https:\\\/\\\/mrnews.com.br\\\/index.php\\\/author\\\/admin\\\/\"}]}<\/script>\n<!-- \/ Yoast SEO plugin. -->","yoast_head_json":{"title":"D\u00f3lar cai para R$ 5,42 ap\u00f3s declara\u00e7\u00f5es de presidente do Fed","robots":{"index":"index","follow":"follow","max-snippet":"max-snippet:-1","max-image-preview":"max-image-preview:large","max-video-preview":"max-video-preview:-1"},"canonical":"https:\/\/mrnews.com.br\/index.php\/2025\/08\/22\/dolar-cai-para-r-542-apos-declaracoes-de-presidente-do-fed\/","og_locale":"pt_BR","og_type":"article","og_title":"D\u00f3lar cai para R$ 5,42 ap\u00f3s declara\u00e7\u00f5es de presidente do Fed","og_description":"Por EBC, A perspectiva de uma queda de juros nos Estados Unidos em setembro fez o mercado financeiro ter hoje (22) um dia de euforia. O d\u00f3lar caiu quase 1% e fechou pr\u00f3ximo a R$ 5,40. A bolsa de valores subiu mais de 2,5% e atingiu o maior n\u00edvel em 45 dias. O d\u00f3lar comercial &hellip;","og_url":"https:\/\/mrnews.com.br\/index.php\/2025\/08\/22\/dolar-cai-para-r-542-apos-declaracoes-de-presidente-do-fed\/","og_site_name":"MRNews","article_publisher":"https:\/\/www.facebook.com\/eaipahpah\/?locale2=pt_BR","article_published_time":"2025-08-22T23:13:38+00:00","author":"MR News","twitter_card":"summary_large_image","twitter_creator":"@conspirou","twitter_site":"@conspirou","twitter_misc":{"Escrito por":"MR News","Est. tempo de leitura":"2 minutos"},"schema":{"@context":"https:\/\/schema.org","@graph":[{"@type":"Article","@id":"https:\/\/mrnews.com.br\/index.php\/2025\/08\/22\/dolar-cai-para-r-542-apos-declaracoes-de-presidente-do-fed\/#article","isPartOf":{"@id":"https:\/\/mrnews.com.br\/index.php\/2025\/08\/22\/dolar-cai-para-r-542-apos-declaracoes-de-presidente-do-fed\/"},"author":{"name":"MR News","@id":"https:\/\/mrnews.com.br\/#\/schema\/person\/be3203154562a9f207407861cef7827b"},"headline":"D\u00f3lar cai para R$ 5,42 ap\u00f3s declara\u00e7\u00f5es de presidente do Fed","datePublished":"2025-08-22T23:13:38+00:00","mainEntityOfPage":{"@id":"https:\/\/mrnews.com.br\/index.php\/2025\/08\/22\/dolar-cai-para-r-542-apos-declaracoes-de-presidente-do-fed\/"},"wordCount":362,"commentCount":0,"publisher":{"@id":"https:\/\/mrnews.com.br\/#organization"},"articleSection":["ENTRETENIMENTO","NOTICIAS","SERVI\u00c7OS"],"inLanguage":"pt-BR","potentialAction":[{"@type":"CommentAction","name":"Comment","target":["https:\/\/mrnews.com.br\/index.php\/2025\/08\/22\/dolar-cai-para-r-542-apos-declaracoes-de-presidente-do-fed\/#respond"]}]},{"@type":"WebPage","@id":"https:\/\/mrnews.com.br\/index.php\/2025\/08\/22\/dolar-cai-para-r-542-apos-declaracoes-de-presidente-do-fed\/","url":"https:\/\/mrnews.com.br\/index.php\/2025\/08\/22\/dolar-cai-para-r-542-apos-declaracoes-de-presidente-do-fed\/","name":"D\u00f3lar cai para R$ 5,42 ap\u00f3s declara\u00e7\u00f5es de presidente do Fed","isPartOf":{"@id":"https:\/\/mrnews.com.br\/#website"},"datePublished":"2025-08-22T23:13:38+00:00","breadcrumb":{"@id":"https:\/\/mrnews.com.br\/index.php\/2025\/08\/22\/dolar-cai-para-r-542-apos-declaracoes-de-presidente-do-fed\/#breadcrumb"},"inLanguage":"pt-BR","potentialAction":[{"@type":"ReadAction","target":["https:\/\/mrnews.com.br\/index.php\/2025\/08\/22\/dolar-cai-para-r-542-apos-declaracoes-de-presidente-do-fed\/"]}]},{"@type":"BreadcrumbList","@id":"https:\/\/mrnews.com.br\/index.php\/2025\/08\/22\/dolar-cai-para-r-542-apos-declaracoes-de-presidente-do-fed\/#breadcrumb","itemListElement":[{"@type":"ListItem","position":1,"name":"In\u00edcio","item":"https:\/\/mrnews.com.br\/"},{"@type":"ListItem","position":2,"name":"D\u00f3lar cai para R$ 5,42 ap\u00f3s declara\u00e7\u00f5es de presidente do Fed"}]},{"@type":"WebSite","@id":"https:\/\/mrnews.com.br\/#website","url":"https:\/\/mrnews.com.br\/","name":"MRNews","description":"MRNews Jogos de hoje da TV, transmiss\u00f5es ao vivo, Not\u00edcias de futebol, Jogos ao vivo, Lives, resumo de novelas, Programa\u00e7\u00e3o da Globo, A Fazenda e BBB","publisher":{"@id":"https:\/\/mrnews.com.br\/#organization"},"potentialAction":[{"@type":"SearchAction","target":{"@type":"EntryPoint","urlTemplate":"https:\/\/mrnews.com.br\/?s={search_term_string}"},"query-input":{"@type":"PropertyValueSpecification","valueRequired":true,"valueName":"search_term_string"}}],"inLanguage":"pt-BR"},{"@type":"Organization","@id":"https:\/\/mrnews.com.br\/#organization","name":"MRNews","url":"https:\/\/mrnews.com.br\/","logo":{"@type":"ImageObject","inLanguage":"pt-BR","@id":"https:\/\/mrnews.com.br\/#\/schema\/logo\/image\/","url":"https:\/\/mrnews.com.br\/wp-content\/uploads\/2019\/06\/MRNewslogo2.png","contentUrl":"https:\/\/mrnews.com.br\/wp-content\/uploads\/2019\/06\/MRNewslogo2.png","width":223,"height":58,"caption":"MRNews"},"image":{"@id":"https:\/\/mrnews.com.br\/#\/schema\/logo\/image\/"},"sameAs":["https:\/\/www.facebook.com\/eaipahpah\/?locale2=pt_BR","https:\/\/x.com\/conspirou","https:\/\/www.instagram.com\/eai_pahpah","https:\/\/br.pinterest.com\/mrnewsn\/boards\/","https:\/\/www.youtube.com\/channel\/UCacgnpznQ61fifLWr1tQ-vA?view_as=subscriber"]},{"@type":"Person","@id":"https:\/\/mrnews.com.br\/#\/schema\/person\/be3203154562a9f207407861cef7827b","name":"MR News","image":{"@type":"ImageObject","inLanguage":"pt-BR","@id":"https:\/\/secure.gravatar.com\/avatar\/04084e6d73c042b8646e7c17b494073bf0ede3ea13c7105cfc45cbbbc28385a4?s=96&d=monsterid&r=g","url":"https:\/\/secure.gravatar.com\/avatar\/04084e6d73c042b8646e7c17b494073bf0ede3ea13c7105cfc45cbbbc28385a4?s=96&d=monsterid&r=g","contentUrl":"https:\/\/secure.gravatar.com\/avatar\/04084e6d73c042b8646e7c17b494073bf0ede3ea13c7105cfc45cbbbc28385a4?s=96&d=monsterid&r=g","caption":"MR News"},"description":"Especializado em jornalismo colaborativo pela FTP em n\u00edvel de p\u00f3s-gradua\u00e7\u00e3o. suporte@oimeliga.combr","sameAs":["HUGO R.","Admin"],"url":"https:\/\/mrnews.com.br\/index.php\/author\/admin\/"}]}},"jetpack_featured_media_url":"","jetpack_sharing_enabled":true,"jetpack_shortlink":"https:\/\/wp.me\/pa2Qf7-1SEb","amp_enabled":true,"_links":{"self":[{"href":"https:\/\/mrnews.com.br\/index.php\/wp-json\/wp\/v2\/posts\/448395","targetHints":{"allow":["GET"]}}],"collection":[{"href":"https:\/\/mrnews.com.br\/index.php\/wp-json\/wp\/v2\/posts"}],"about":[{"href":"https:\/\/mrnews.com.br\/index.php\/wp-json\/wp\/v2\/types\/post"}],"author":[{"embeddable":true,"href":"https:\/\/mrnews.com.br\/index.php\/wp-json\/wp\/v2\/users\/1"}],"replies":[{"embeddable":true,"href":"https:\/\/mrnews.com.br\/index.php\/wp-json\/wp\/v2\/comments?post=448395"}],"version-history":[{"count":0,"href":"https:\/\/mrnews.com.br\/index.php\/wp-json\/wp\/v2\/posts\/448395\/revisions"}],"wp:attachment":[{"href":"https:\/\/mrnews.com.br\/index.php\/wp-json\/wp\/v2\/media?parent=448395"}],"wp:term":[{"taxonomy":"category","embeddable":true,"href":"https:\/\/mrnews.com.br\/index.php\/wp-json\/wp\/v2\/categories?post=448395"},{"taxonomy":"post_tag","embeddable":true,"href":"https:\/\/mrnews.com.br\/index.php\/wp-json\/wp\/v2\/tags?post=448395"}],"curies":[{"name":"wp","href":"https:\/\/api.w.org\/{rel}","templated":true}]}}