{"id":448535,"date":"2025-08-26T15:16:40","date_gmt":"2025-08-26T18:16:40","guid":{"rendered":"https:\/\/mrnews.com.br\/index.php\/2025\/08\/26\/governo-federal-muda-slogan-para-do-lado-do-povo-brasileiro\/"},"modified":"2025-08-26T15:16:40","modified_gmt":"2025-08-26T18:16:40","slug":"governo-federal-muda-slogan-para-do-lado-do-povo-brasileiro","status":"publish","type":"post","link":"https:\/\/mrnews.com.br\/index.php\/2025\/08\/26\/governo-federal-muda-slogan-para-do-lado-do-povo-brasileiro\/","title":{"rendered":"Governo federal muda slogan para &#8220;Do lado do povo brasileiro&#8221;"},"content":{"rendered":"<p>Por EBC, <\/p>\n<div>\n<p>O governo do presidente Luiz In\u00e1cio Lula da Silva adotar\u00e1 um novo slogan para apresentar as a\u00e7\u00f5es e fortalecer a comunica\u00e7\u00e3o.<strong> A partir da semana que vem, as pe\u00e7as publicit\u00e1rias trar\u00e3o a frase \u201cDo lado do povo brasileiro\u201d no lugar de \u201cUni\u00e3o e Reconstru\u00e7\u00e3o\u201d, slogan adotado no in\u00edcio do governo.<\/strong><\/p>\n<p>A nova marca foi apresentada na reuni\u00e3o ministerial comandada pelo presidente Lula\u00a0na manh\u00e3 desta ter\u00e7a-feira (26). Durante a reuni\u00e3o, Lula e os membros do governo\u00a0usaram um bon\u00e9 com os dizeres <strong>&#8220;O Brasil \u00e9 dos brasileiros&#8221;<\/strong>.\u00a0<\/p>\n<p>Dentro do governo, h\u00e1 um entendimento de que a etapa de &#8220;uni\u00e3o e reconstru\u00e7\u00e3o&#8221; do pa\u00eds j\u00e1 foi cumprida e o novo slogan sinaliza as a\u00e7\u00f5es para reta final do mandato, focadas em defender a soberania, buscar justi\u00e7a social e &#8220;cuidar das pessoas&#8221;.<\/p>\n<div class=\"dnd-widget-wrapper context-cheio_8colunas type-image\">\n<div class=\"dnd-atom-rendered\"><!-- scald=434907:cheio_8colunas --><\/p>\n<p>    <!-- END scald=434907 --><\/div>\n<div class=\"dnd-caption-wrapper\">\n<p><!--copyright=434907-->Bras\u00edlia (DF), 26\/08\/2025 &#8211; O presidente Luiz In\u00e1cio Lula da Silva coordena reuni\u00e3o ministerial, no Pal\u00e1cio do Planalto. Foto: Marcelo Camargo\/Ag\u00eancia Brasil &#8211; <strong>Marcelo Camargo\/Ag\u00eancia Brasil<\/strong><!--END copyright=434907--><\/p>\n<\/div>\n<\/div>\n<p>&gt;&gt; Siga o canal da <strong>Ag\u00eancia Brasil <\/strong>no WhatsApp<\/p>\n<p>*mat\u00e9ria ampliada \u00e0s 14h51<\/p>\n<p>\u00a0<\/p>\n<p>Nesta manh\u00e3, ao comandar a reuni\u00e3o de ministros, o presidente reafirmou a defesa da soberania nacional e criticou a pol\u00edtica do governo dos Estados Unidos\u00a0de elevar as tarifas contra parceiros comerciais. <strong>De acordo Lula, o Brasil\u00a0n\u00e3o aceitar\u00e1 \u201cdesaforo, ofensas e petul\u00e2ncia de ningu\u00e9m\u201d<\/strong>. Lula\u00a0orientou seus ministros a defenderem a soberania do pa\u00eds em seus discursos p\u00fablicos.\u00a0Ainda assim, disse que o governo brasileiro segue \u00e0 disposi\u00e7\u00e3o para negociar as quest\u00f5es comerciais.<\/p>\n<blockquote>\n<p>&#8220;Se a gente gostasse de imperador, o Brasil ainda seria monarquia. A gente n\u00e3o quer mais. A gente quer esse pa\u00eds democr\u00e1tico e soberano, republicano\u201d, acrescentou.\u00a0<\/p>\n<\/blockquote>\n<p>O presidente ainda criticou a atua\u00e7\u00e3o do deputado Eduardo Bolsonaro (PL-SP) junto ao governo norte-americano e defendeu que\u00a0o Congresso Nacional comece a discutir a cassa\u00e7\u00e3o do parlamentar, filho do ex-presidente Jair Bolsonaro.\u00a0<\/p>\n<p>Eduardo foi morar nos Estados Unidos em mar\u00e7o, sob a alega\u00e7\u00e3o de persegui\u00e7\u00e3o pol\u00edtica. Desde ent\u00e3o, tem atuado junto \u00e0s autoridades norte-americanas para a aplica\u00e7\u00e3o de san\u00e7\u00f5es ao Brasil. Para Lula, o comportamento do deputado \u00e9, \u201cpossivelmente, uma das maiores trai\u00e7\u00f5es que uma p\u00e1tria sofre de filhos seus\u201d.<\/p>\n<p><em>*mat\u00e9ria ampliada \u00e0s 14h55<\/em><\/p>\n<p>\u00a0<\/p>\n<p>      <!-- Relacionada --><\/p>\n<p>            <!-- Relacionada -->\n    <\/div>\n","protected":false},"excerpt":{"rendered":"<p>Por EBC, O governo do presidente Luiz In\u00e1cio Lula da Silva adotar\u00e1 um novo slogan para apresentar as a\u00e7\u00f5es e fortalecer a comunica\u00e7\u00e3o. A partir da semana que vem, as pe\u00e7as publicit\u00e1rias trar\u00e3o a frase \u201cDo lado do povo brasileiro\u201d no lugar de \u201cUni\u00e3o e Reconstru\u00e7\u00e3o\u201d, slogan adotado no in\u00edcio do governo. A nova marca &hellip;<\/p>\n","protected":false},"author":1,"featured_media":0,"comment_status":"open","ping_status":"open","sticky":false,"template":"","format":"standard","meta":{"_jetpack_newsletter_access":"","_jetpack_dont_email_post_to_subs":false,"_jetpack_newsletter_tier_id":0,"_jetpack_memberships_contains_paywalled_content":false,"_jetpack_feature_clip_id":0,"_jetpack_memberships_contains_paid_content":false,"footnotes":"","jetpack_post_was_ever_published":false},"categories":[2,12225,4],"tags":[],"class_list":["post-448535","post","type-post","status-publish","format-standard","hentry","category-entretenimento","category-noticias","category-servicos"],"yoast_head":"<!-- This site is optimized with the Yoast SEO plugin v28.4 - https:\/\/yoast.com\/product\/yoast-seo-wordpress\/ -->\n<title>Governo federal muda slogan para &quot;Do lado do povo brasileiro&quot;<\/title>\n<meta name=\"robots\" content=\"index, follow, max-snippet:-1, max-image-preview:large, max-video-preview:-1\" \/>\n<link rel=\"canonical\" href=\"https:\/\/mrnews.com.br\/index.php\/2025\/08\/26\/governo-federal-muda-slogan-para-do-lado-do-povo-brasileiro\/\" \/>\n<meta property=\"og:locale\" content=\"pt_BR\" \/>\n<meta property=\"og:type\" content=\"article\" \/>\n<meta property=\"og:title\" content=\"Governo federal muda slogan para &quot;Do lado do povo brasileiro&quot;\" \/>\n<meta property=\"og:description\" content=\"Por EBC, O governo do presidente Luiz In\u00e1cio Lula da Silva adotar\u00e1 um novo slogan para apresentar as a\u00e7\u00f5es e fortalecer a comunica\u00e7\u00e3o. A partir da semana que vem, as pe\u00e7as publicit\u00e1rias trar\u00e3o a frase \u201cDo lado do povo brasileiro\u201d no lugar de \u201cUni\u00e3o e Reconstru\u00e7\u00e3o\u201d, slogan adotado no in\u00edcio do governo. A nova marca &hellip;\" \/>\n<meta property=\"og:url\" content=\"https:\/\/mrnews.com.br\/index.php\/2025\/08\/26\/governo-federal-muda-slogan-para-do-lado-do-povo-brasileiro\/\" \/>\n<meta property=\"og:site_name\" content=\"MRNews\" \/>\n<meta property=\"article:publisher\" content=\"https:\/\/www.facebook.com\/eaipahpah\/?locale2=pt_BR\" \/>\n<meta property=\"article:published_time\" content=\"2025-08-26T18:16:40+00:00\" \/>\n<meta name=\"author\" content=\"MR News\" \/>\n<meta name=\"twitter:card\" content=\"summary_large_image\" \/>\n<meta name=\"twitter:creator\" content=\"@conspirou\" \/>\n<meta name=\"twitter:site\" content=\"@conspirou\" \/>\n<meta name=\"twitter:label1\" content=\"Escrito por\" \/>\n\t<meta name=\"twitter:data1\" content=\"MR News\" \/>\n\t<meta name=\"twitter:label2\" content=\"Est. tempo de leitura\" \/>\n\t<meta name=\"twitter:data2\" content=\"2 minutos\" \/>\n<script type=\"application\/ld+json\" class=\"yoast-schema-graph\">{\"@context\":\"https:\\\/\\\/schema.org\",\"@graph\":[{\"@type\":\"Article\",\"@id\":\"https:\\\/\\\/mrnews.com.br\\\/index.php\\\/2025\\\/08\\\/26\\\/governo-federal-muda-slogan-para-do-lado-do-povo-brasileiro\\\/#article\",\"isPartOf\":{\"@id\":\"https:\\\/\\\/mrnews.com.br\\\/index.php\\\/2025\\\/08\\\/26\\\/governo-federal-muda-slogan-para-do-lado-do-povo-brasileiro\\\/\"},\"author\":{\"name\":\"MR News\",\"@id\":\"https:\\\/\\\/mrnews.com.br\\\/#\\\/schema\\\/person\\\/be3203154562a9f207407861cef7827b\"},\"headline\":\"Governo federal muda slogan para &#8220;Do lado do povo brasileiro&#8221;\",\"datePublished\":\"2025-08-26T18:16:40+00:00\",\"mainEntityOfPage\":{\"@id\":\"https:\\\/\\\/mrnews.com.br\\\/index.php\\\/2025\\\/08\\\/26\\\/governo-federal-muda-slogan-para-do-lado-do-povo-brasileiro\\\/\"},\"wordCount\":413,\"commentCount\":0,\"publisher\":{\"@id\":\"https:\\\/\\\/mrnews.com.br\\\/#organization\"},\"articleSection\":[\"ENTRETENIMENTO\",\"NOTICIAS\",\"SERVI\u00c7OS\"],\"inLanguage\":\"pt-BR\",\"potentialAction\":[{\"@type\":\"CommentAction\",\"name\":\"Comment\",\"target\":[\"https:\\\/\\\/mrnews.com.br\\\/index.php\\\/2025\\\/08\\\/26\\\/governo-federal-muda-slogan-para-do-lado-do-povo-brasileiro\\\/#respond\"]}]},{\"@type\":\"WebPage\",\"@id\":\"https:\\\/\\\/mrnews.com.br\\\/index.php\\\/2025\\\/08\\\/26\\\/governo-federal-muda-slogan-para-do-lado-do-povo-brasileiro\\\/\",\"url\":\"https:\\\/\\\/mrnews.com.br\\\/index.php\\\/2025\\\/08\\\/26\\\/governo-federal-muda-slogan-para-do-lado-do-povo-brasileiro\\\/\",\"name\":\"Governo federal muda slogan para \\\"Do lado do povo brasileiro\\\"\",\"isPartOf\":{\"@id\":\"https:\\\/\\\/mrnews.com.br\\\/#website\"},\"datePublished\":\"2025-08-26T18:16:40+00:00\",\"breadcrumb\":{\"@id\":\"https:\\\/\\\/mrnews.com.br\\\/index.php\\\/2025\\\/08\\\/26\\\/governo-federal-muda-slogan-para-do-lado-do-povo-brasileiro\\\/#breadcrumb\"},\"inLanguage\":\"pt-BR\",\"potentialAction\":[{\"@type\":\"ReadAction\",\"target\":[\"https:\\\/\\\/mrnews.com.br\\\/index.php\\\/2025\\\/08\\\/26\\\/governo-federal-muda-slogan-para-do-lado-do-povo-brasileiro\\\/\"]}]},{\"@type\":\"BreadcrumbList\",\"@id\":\"https:\\\/\\\/mrnews.com.br\\\/index.php\\\/2025\\\/08\\\/26\\\/governo-federal-muda-slogan-para-do-lado-do-povo-brasileiro\\\/#breadcrumb\",\"itemListElement\":[{\"@type\":\"ListItem\",\"position\":1,\"name\":\"In\u00edcio\",\"item\":\"https:\\\/\\\/mrnews.com.br\\\/\"},{\"@type\":\"ListItem\",\"position\":2,\"name\":\"Governo federal muda slogan para &#8220;Do lado do povo brasileiro&#8221;\"}]},{\"@type\":\"WebSite\",\"@id\":\"https:\\\/\\\/mrnews.com.br\\\/#website\",\"url\":\"https:\\\/\\\/mrnews.com.br\\\/\",\"name\":\"MRNews\",\"description\":\"MRNews Jogos de hoje da TV, transmiss\u00f5es ao vivo, Not\u00edcias de futebol, Jogos ao vivo, Lives, resumo de novelas, Programa\u00e7\u00e3o da Globo, A Fazenda e BBB\",\"publisher\":{\"@id\":\"https:\\\/\\\/mrnews.com.br\\\/#organization\"},\"potentialAction\":[{\"@type\":\"SearchAction\",\"target\":{\"@type\":\"EntryPoint\",\"urlTemplate\":\"https:\\\/\\\/mrnews.com.br\\\/?s={search_term_string}\"},\"query-input\":{\"@type\":\"PropertyValueSpecification\",\"valueRequired\":true,\"valueName\":\"search_term_string\"}}],\"inLanguage\":\"pt-BR\"},{\"@type\":\"Organization\",\"@id\":\"https:\\\/\\\/mrnews.com.br\\\/#organization\",\"name\":\"MRNews\",\"url\":\"https:\\\/\\\/mrnews.com.br\\\/\",\"logo\":{\"@type\":\"ImageObject\",\"inLanguage\":\"pt-BR\",\"@id\":\"https:\\\/\\\/mrnews.com.br\\\/#\\\/schema\\\/logo\\\/image\\\/\",\"url\":\"https:\\\/\\\/mrnews.com.br\\\/wp-content\\\/uploads\\\/2026\\\/08\\\/MRNEws.png\",\"contentUrl\":\"https:\\\/\\\/mrnews.com.br\\\/wp-content\\\/uploads\\\/2026\\\/08\\\/MRNEws.png\",\"width\":1254,\"height\":1254,\"caption\":\"MRNews\"},\"image\":{\"@id\":\"https:\\\/\\\/mrnews.com.br\\\/#\\\/schema\\\/logo\\\/image\\\/\"},\"sameAs\":[\"https:\\\/\\\/www.facebook.com\\\/eaipahpah\\\/?locale2=pt_BR\",\"https:\\\/\\\/x.com\\\/conspirou\",\"https:\\\/\\\/www.instagram.com\\\/eai_pahpah\",\"https:\\\/\\\/br.pinterest.com\\\/mrnewsn\\\/boards\\\/\",\"https:\\\/\\\/www.youtube.com\\\/channel\\\/UCacgnpznQ61fifLWr1tQ-vA?view_as=subscriber\"]},{\"@type\":\"Person\",\"@id\":\"https:\\\/\\\/mrnews.com.br\\\/#\\\/schema\\\/person\\\/be3203154562a9f207407861cef7827b\",\"name\":\"MR News\",\"image\":{\"@type\":\"ImageObject\",\"inLanguage\":\"pt-BR\",\"@id\":\"https:\\\/\\\/secure.gravatar.com\\\/avatar\\\/04084e6d73c042b8646e7c17b494073bf0ede3ea13c7105cfc45cbbbc28385a4?s=96&d=monsterid&r=g\",\"url\":\"https:\\\/\\\/secure.gravatar.com\\\/avatar\\\/04084e6d73c042b8646e7c17b494073bf0ede3ea13c7105cfc45cbbbc28385a4?s=96&d=monsterid&r=g\",\"contentUrl\":\"https:\\\/\\\/secure.gravatar.com\\\/avatar\\\/04084e6d73c042b8646e7c17b494073bf0ede3ea13c7105cfc45cbbbc28385a4?s=96&d=monsterid&r=g\",\"caption\":\"MR News\"},\"description\":\"Especializado em jornalismo colaborativo pela FTP em n\u00edvel de p\u00f3s-gradua\u00e7\u00e3o. suporte@oimeliga.combr\",\"sameAs\":[\"HUGO R.\",\"Admin\"],\"url\":\"https:\\\/\\\/mrnews.com.br\\\/index.php\\\/author\\\/admin\\\/\"}]}<\/script>\n<!-- \/ Yoast SEO plugin. -->","yoast_head_json":{"title":"Governo federal muda slogan para \"Do lado do povo brasileiro\"","robots":{"index":"index","follow":"follow","max-snippet":"max-snippet:-1","max-image-preview":"max-image-preview:large","max-video-preview":"max-video-preview:-1"},"canonical":"https:\/\/mrnews.com.br\/index.php\/2025\/08\/26\/governo-federal-muda-slogan-para-do-lado-do-povo-brasileiro\/","og_locale":"pt_BR","og_type":"article","og_title":"Governo federal muda slogan para \"Do lado do povo brasileiro\"","og_description":"Por EBC, O governo do presidente Luiz In\u00e1cio Lula da Silva adotar\u00e1 um novo slogan para apresentar as a\u00e7\u00f5es e fortalecer a comunica\u00e7\u00e3o. A partir da semana que vem, as pe\u00e7as publicit\u00e1rias trar\u00e3o a frase \u201cDo lado do povo brasileiro\u201d no lugar de \u201cUni\u00e3o e Reconstru\u00e7\u00e3o\u201d, slogan adotado no in\u00edcio do governo. A nova marca &hellip;","og_url":"https:\/\/mrnews.com.br\/index.php\/2025\/08\/26\/governo-federal-muda-slogan-para-do-lado-do-povo-brasileiro\/","og_site_name":"MRNews","article_publisher":"https:\/\/www.facebook.com\/eaipahpah\/?locale2=pt_BR","article_published_time":"2025-08-26T18:16:40+00:00","author":"MR News","twitter_card":"summary_large_image","twitter_creator":"@conspirou","twitter_site":"@conspirou","twitter_misc":{"Escrito por":"MR News","Est. tempo de leitura":"2 minutos"},"schema":{"@context":"https:\/\/schema.org","@graph":[{"@type":"Article","@id":"https:\/\/mrnews.com.br\/index.php\/2025\/08\/26\/governo-federal-muda-slogan-para-do-lado-do-povo-brasileiro\/#article","isPartOf":{"@id":"https:\/\/mrnews.com.br\/index.php\/2025\/08\/26\/governo-federal-muda-slogan-para-do-lado-do-povo-brasileiro\/"},"author":{"name":"MR News","@id":"https:\/\/mrnews.com.br\/#\/schema\/person\/be3203154562a9f207407861cef7827b"},"headline":"Governo federal muda slogan para &#8220;Do lado do povo brasileiro&#8221;","datePublished":"2025-08-26T18:16:40+00:00","mainEntityOfPage":{"@id":"https:\/\/mrnews.com.br\/index.php\/2025\/08\/26\/governo-federal-muda-slogan-para-do-lado-do-povo-brasileiro\/"},"wordCount":413,"commentCount":0,"publisher":{"@id":"https:\/\/mrnews.com.br\/#organization"},"articleSection":["ENTRETENIMENTO","NOTICIAS","SERVI\u00c7OS"],"inLanguage":"pt-BR","potentialAction":[{"@type":"CommentAction","name":"Comment","target":["https:\/\/mrnews.com.br\/index.php\/2025\/08\/26\/governo-federal-muda-slogan-para-do-lado-do-povo-brasileiro\/#respond"]}]},{"@type":"WebPage","@id":"https:\/\/mrnews.com.br\/index.php\/2025\/08\/26\/governo-federal-muda-slogan-para-do-lado-do-povo-brasileiro\/","url":"https:\/\/mrnews.com.br\/index.php\/2025\/08\/26\/governo-federal-muda-slogan-para-do-lado-do-povo-brasileiro\/","name":"Governo federal muda slogan para \"Do lado do povo brasileiro\"","isPartOf":{"@id":"https:\/\/mrnews.com.br\/#website"},"datePublished":"2025-08-26T18:16:40+00:00","breadcrumb":{"@id":"https:\/\/mrnews.com.br\/index.php\/2025\/08\/26\/governo-federal-muda-slogan-para-do-lado-do-povo-brasileiro\/#breadcrumb"},"inLanguage":"pt-BR","potentialAction":[{"@type":"ReadAction","target":["https:\/\/mrnews.com.br\/index.php\/2025\/08\/26\/governo-federal-muda-slogan-para-do-lado-do-povo-brasileiro\/"]}]},{"@type":"BreadcrumbList","@id":"https:\/\/mrnews.com.br\/index.php\/2025\/08\/26\/governo-federal-muda-slogan-para-do-lado-do-povo-brasileiro\/#breadcrumb","itemListElement":[{"@type":"ListItem","position":1,"name":"In\u00edcio","item":"https:\/\/mrnews.com.br\/"},{"@type":"ListItem","position":2,"name":"Governo federal muda slogan para &#8220;Do lado do povo brasileiro&#8221;"}]},{"@type":"WebSite","@id":"https:\/\/mrnews.com.br\/#website","url":"https:\/\/mrnews.com.br\/","name":"MRNews","description":"MRNews Jogos de hoje da TV, transmiss\u00f5es ao vivo, Not\u00edcias de futebol, Jogos ao vivo, Lives, resumo de novelas, Programa\u00e7\u00e3o da Globo, A Fazenda e BBB","publisher":{"@id":"https:\/\/mrnews.com.br\/#organization"},"potentialAction":[{"@type":"SearchAction","target":{"@type":"EntryPoint","urlTemplate":"https:\/\/mrnews.com.br\/?s={search_term_string}"},"query-input":{"@type":"PropertyValueSpecification","valueRequired":true,"valueName":"search_term_string"}}],"inLanguage":"pt-BR"},{"@type":"Organization","@id":"https:\/\/mrnews.com.br\/#organization","name":"MRNews","url":"https:\/\/mrnews.com.br\/","logo":{"@type":"ImageObject","inLanguage":"pt-BR","@id":"https:\/\/mrnews.com.br\/#\/schema\/logo\/image\/","url":"https:\/\/mrnews.com.br\/wp-content\/uploads\/2026\/08\/MRNEws.png","contentUrl":"https:\/\/mrnews.com.br\/wp-content\/uploads\/2026\/08\/MRNEws.png","width":1254,"height":1254,"caption":"MRNews"},"image":{"@id":"https:\/\/mrnews.com.br\/#\/schema\/logo\/image\/"},"sameAs":["https:\/\/www.facebook.com\/eaipahpah\/?locale2=pt_BR","https:\/\/x.com\/conspirou","https:\/\/www.instagram.com\/eai_pahpah","https:\/\/br.pinterest.com\/mrnewsn\/boards\/","https:\/\/www.youtube.com\/channel\/UCacgnpznQ61fifLWr1tQ-vA?view_as=subscriber"]},{"@type":"Person","@id":"https:\/\/mrnews.com.br\/#\/schema\/person\/be3203154562a9f207407861cef7827b","name":"MR News","image":{"@type":"ImageObject","inLanguage":"pt-BR","@id":"https:\/\/secure.gravatar.com\/avatar\/04084e6d73c042b8646e7c17b494073bf0ede3ea13c7105cfc45cbbbc28385a4?s=96&d=monsterid&r=g","url":"https:\/\/secure.gravatar.com\/avatar\/04084e6d73c042b8646e7c17b494073bf0ede3ea13c7105cfc45cbbbc28385a4?s=96&d=monsterid&r=g","contentUrl":"https:\/\/secure.gravatar.com\/avatar\/04084e6d73c042b8646e7c17b494073bf0ede3ea13c7105cfc45cbbbc28385a4?s=96&d=monsterid&r=g","caption":"MR News"},"description":"Especializado em jornalismo colaborativo pela FTP em n\u00edvel de p\u00f3s-gradua\u00e7\u00e3o. suporte@oimeliga.combr","sameAs":["HUGO R.","Admin"],"url":"https:\/\/mrnews.com.br\/index.php\/author\/admin\/"}]}},"jetpack_sharing_enabled":true,"jetpack_shortlink":"https:\/\/wp.me\/pa2Qf7-1SGr","amp_enabled":true,"jetpack_featured_media_url":"","_links":{"self":[{"href":"https:\/\/mrnews.com.br\/index.php\/wp-json\/wp\/v2\/posts\/448535","targetHints":{"allow":["GET"]}}],"collection":[{"href":"https:\/\/mrnews.com.br\/index.php\/wp-json\/wp\/v2\/posts"}],"about":[{"href":"https:\/\/mrnews.com.br\/index.php\/wp-json\/wp\/v2\/types\/post"}],"author":[{"embeddable":true,"href":"https:\/\/mrnews.com.br\/index.php\/wp-json\/wp\/v2\/users\/1"}],"replies":[{"embeddable":true,"href":"https:\/\/mrnews.com.br\/index.php\/wp-json\/wp\/v2\/comments?post=448535"}],"version-history":[{"count":0,"href":"https:\/\/mrnews.com.br\/index.php\/wp-json\/wp\/v2\/posts\/448535\/revisions"}],"wp:attachment":[{"href":"https:\/\/mrnews.com.br\/index.php\/wp-json\/wp\/v2\/media?parent=448535"}],"wp:term":[{"taxonomy":"category","embeddable":true,"href":"https:\/\/mrnews.com.br\/index.php\/wp-json\/wp\/v2\/categories?post=448535"},{"taxonomy":"post_tag","embeddable":true,"href":"https:\/\/mrnews.com.br\/index.php\/wp-json\/wp\/v2\/tags?post=448535"}],"curies":[{"name":"wp","href":"https:\/\/api.w.org\/{rel}","templated":true}]}}