{"id":448601,"date":"2025-08-27T23:30:39","date_gmt":"2025-08-28T02:30:39","guid":{"rendered":"https:\/\/mrnews.com.br\/index.php\/2025\/08\/27\/cadastro-de-pessoas-desaparecidas-renova-esperancas-dizem-familias\/"},"modified":"2025-08-27T23:30:39","modified_gmt":"2025-08-28T02:30:39","slug":"cadastro-de-pessoas-desaparecidas-renova-esperancas-dizem-familias","status":"publish","type":"post","link":"https:\/\/mrnews.com.br\/index.php\/2025\/08\/27\/cadastro-de-pessoas-desaparecidas-renova-esperancas-dizem-familias\/","title":{"rendered":"Cadastro de pessoas desaparecidas renova esperan\u00e7as, dizem fam\u00edlias"},"content":{"rendered":"<p>Por EBC, <\/p>\n<div>\n<p>Uma dor imensur\u00e1vel de perda tomou conta da vida de Ivanise da Silva Santos h\u00e1 quase\u00a0 30 anos. Em dezembro de 1995, a filha Fabiana Esperidi\u00e3o da Silva, com apenas 13 anos de idade, desapareceu quando estava a 100 metros de casa, em S\u00e3o Paulo (SP). Desde ent\u00e3o, ela busca Fabiana e se tornou uma ativista na causa, tanto que criou a Associa\u00e7\u00e3o M\u00e3es da S\u00e9.<\/p>\n<p>Nesta quarta (27), Ivanise recebeu uma not\u00edcia que representa esperan\u00e7a para ela e para outras fam\u00edlias que vivem a mesma dor. <strong>Ela esteve em Bras\u00edlia para a solenidade de\u00a0 cria\u00e7\u00e3o, por parte do Minist\u00e9rio da Justi\u00e7a e Seguran\u00e7a P\u00fablica, do Cadastro Nacional de Pessoas Desaparecidas, que prev\u00ea a integra\u00e7\u00e3o de diferentes bases de dados.<\/strong><\/p>\n<p>O endere\u00e7o do cadastro \u00e9: https:\/\/cnpd.mj.gov.br\/painel-publico<\/p>\n<p>\u201cHoje eu estou aqui em estado de gra\u00e7a porque finalmente a gente vai poder comemorar o marco inicial de uma luta que eu carrego h\u00e1 quase 30 anos\u201d, disse.\u00a0<\/p>\n<p><strong>A ativista considera que o cadastro vai beneficiar n\u00e3o s\u00f3 os familiares, mas ele vai facilitar os estados, atrav\u00e9s dos seus agentes.\u00a0<\/strong><\/p>\n<blockquote>\n<p>\u201cEu tenho certeza que, a partir de hoje, n\u00f3s juntos vamos mudar esse cen\u00e1rio. A incerteza, a pior dor que existe, \u00e9 mil vezes pior que a morte. E eu n\u00e3o desejo isso para ningu\u00e9m\u201d, afirmou.\u00a0\u00a0<\/p>\n<\/blockquote>\n<p><strong>Em 2024, foram registrados 81.022 desaparecimentos no Brasil. Desses, 55.159 foram elucidados, o que representa uma taxa de localiza\u00e7\u00e3o de 68%.<\/strong><\/p>\n<h2>Funcionalidades<\/h2>\n<p>A diretora do Sistema \u00danico de Seguran\u00e7a P\u00fablica, Isabel Figueiredo, explicou que o cadastro contar\u00e1 com com novas etapas que v\u00e3o ser desenvolvidas. Ela esclareceu ainda que, nesta quarta, foram lan\u00e7adas duas funcionalidades principais. A<strong> primeira \u00e9 o painel p\u00fablico com casos concretos, incluindo fotografias e informa\u00e7\u00f5es gerais das pessoas desaparecidas.<\/strong><\/p>\n<p><strong>A segunda \u00e9 um cadastro espec\u00edfico para os \u00f3rg\u00e3os de seguran\u00e7a p\u00fablica. <\/strong>Trata-se de um banco de dados com acesso restrito que somente os profissionais de seguran\u00e7a p\u00fablica v\u00e3o poder acessar. Ter\u00e3o informa\u00e7\u00f5es bem mais detalhadas, como as \u00edntegras dos documentos<\/p>\n<p>Ela ainda ratificou a inten\u00e7\u00e3o de disseminar a campanha junto aos agentes p\u00fablicos nos estados em que os registros de desaparecimentos sejam feitos o quanto antes e n\u00e3o esperando 48 horas, como alguns protocolos estaduais exigem.<\/p>\n<blockquote>\n<p>\u201cQuanto antes o Estado brasileiro e as institui\u00e7\u00f5es de seguran\u00e7a p\u00fablica souberem desses casos, maior a chance que a gente tem de localizar essas pessoas e de localizar essas pessoas com vida\u201d, considerou.\u00a0\u00a0<\/p>\n<\/blockquote>\n<h2>Informa\u00e7\u00f5es dispersas<\/h2>\n<p>O cadastro foi previsto pela Lei 13.812, de 2019. O chefe da delega\u00e7\u00e3o regional do Comit\u00ea Internacional da Cruz Vermelha na Am\u00e9rica do Sul, Nicolas Olivier, disse que a inova\u00e7\u00e3o chega em bom momento porque <strong>atualmente as informa\u00e7\u00f5es sobre desaparecidos est\u00e3o dispersas em diferentes \u00f3rg\u00e3os e bases de dados, o que enfraquece as pol\u00edticas p\u00fablicas.\u00a0<\/strong><\/p>\n<blockquote>\n<p>\u201cUm cadastro unificado n\u00e3o \u00e9 apenas uma lista de nomes. \u00c9 um verdadeiro sistema de gest\u00e3o de informa\u00e7\u00f5es, capaz de cruzar dados, gerar pistas e criar um hist\u00f3rico confi\u00e1vel para apoiar tanto na busca como na preven\u00e7\u00e3o do desaparecimento\u201d, afirmou.\u00a0<\/p>\n<\/blockquote>\n<p>Ele entende que, para o Estado, representa mais coordena\u00e7\u00e3o, menos duplicidade e pol\u00edticas baseadas em evid\u00eancias.\u00a0<\/p>\n<p>O secret\u00e1rio nacional de Seguran\u00e7a P\u00fablica, Mario Luiz Sarrubbo, considerou, no evento, que a sociedade brasileira e o poder p\u00fablico t\u00eam um grande d\u00e9bito com as fam\u00edlias de desaparecidos.<\/p>\n<blockquote>\n<p>\u201cPrecisamos conscientizar n\u00e3o s\u00f3 o poder p\u00fablico de norte a sul deste pa\u00eds, mas tamb\u00e9m a sociedade civil\u201d.<\/p>\n<\/blockquote>\n<h2>Busca pelo Brasil<\/h2>\n<div class=\"dnd-widget-wrapper context-medio_4colunas type-image atom-align-left\">\n<div class=\"dnd-atom-rendered\"><!-- scald=435165:medio_4colunas {\"additionalClasses\":\"\"} --><\/p>\n<p>    <!-- END scald=435165 --><\/div>\n<p><h6 class=\"meta\"><!--copyright=435165-->Cartaz sobre o desaparecimento de Mirian Liberato, em 1999 &#8211; <strong>Foto:\u00a0K\u00e1tia Liberato\/Arquivo Pessoal<\/strong><!--END copyright=435165--><\/h6>\n<\/p>\n<\/div>\n<p>A brasiliense K\u00e1tia Liberato, que hoje tem 44 anos tamb\u00e9m sente essa dor da incerteza de perto. Em 1999, a m\u00e3e, Mirian, ent\u00e3o com 49 anos, desapareceu ao sair de casa ap\u00f3s uma discuss\u00e3o com o marido. K\u00e1tia s\u00f3 tinha 15 anos e era a filha mais velha de quatro irm\u00e3os.\u00a0<\/p>\n<p>Como n\u00e3o existiam dados integrados, teve que fazer um verdadeiro p\u00e9riplo pelo Brasil contando com o pouco dinheiro que a fam\u00edlia dispunha para tentar encontrar Mirian.\u00a0<\/p>\n<p>Ela viajou para cidades de Goi\u00e1s e Cear\u00e1, onde a m\u00e3e tinha ra\u00edzes, para abrir boletins de ocorr\u00eancia. \u201cEsse cadastro unificado renova minhas esperan\u00e7as\u201d. Principalmente porque, segundo confia, as informa\u00e7\u00f5es v\u00e3o poder circular muito mais. Para ela, demorou para que o Brasil tivesse um cadastro unificado. \u201cMas essa \u00e9 uma boa not\u00edcia. Eu ainda penso em encontrar minha m\u00e3e\u201d, disse.<\/p>\n<p>      <!-- Relacionada --><\/p>\n<p>            <!-- Relacionada -->\n    <\/div>\n","protected":false},"excerpt":{"rendered":"<p>Por EBC, Uma dor imensur\u00e1vel de perda tomou conta da vida de Ivanise da Silva Santos h\u00e1 quase\u00a0 30 anos. Em dezembro de 1995, a filha Fabiana Esperidi\u00e3o da Silva, com apenas 13 anos de idade, desapareceu quando estava a 100 metros de casa, em S\u00e3o Paulo (SP). Desde ent\u00e3o, ela busca Fabiana e se &hellip;<\/p>\n","protected":false},"author":1,"featured_media":0,"comment_status":"open","ping_status":"open","sticky":false,"template":"","format":"standard","meta":{"_jetpack_newsletter_access":"","_jetpack_dont_email_post_to_subs":false,"_jetpack_newsletter_tier_id":0,"_jetpack_memberships_contains_paywalled_content":false,"_jetpack_feature_clip_id":0,"_jetpack_memberships_contains_paid_content":false,"footnotes":"","jetpack_post_was_ever_published":false},"categories":[2,12225,4],"tags":[],"class_list":["post-448601","post","type-post","status-publish","format-standard","hentry","category-entretenimento","category-noticias","category-servicos"],"yoast_head":"<!-- This site is optimized with the Yoast SEO plugin v28.4 - https:\/\/yoast.com\/product\/yoast-seo-wordpress\/ -->\n<title>Cadastro de pessoas desaparecidas renova esperan\u00e7as, dizem fam\u00edlias<\/title>\n<meta name=\"robots\" content=\"index, follow, max-snippet:-1, max-image-preview:large, max-video-preview:-1\" \/>\n<link rel=\"canonical\" href=\"https:\/\/mrnews.com.br\/index.php\/2025\/08\/27\/cadastro-de-pessoas-desaparecidas-renova-esperancas-dizem-familias\/\" \/>\n<meta property=\"og:locale\" content=\"pt_BR\" \/>\n<meta property=\"og:type\" content=\"article\" \/>\n<meta property=\"og:title\" content=\"Cadastro de pessoas desaparecidas renova esperan\u00e7as, dizem fam\u00edlias\" \/>\n<meta property=\"og:description\" content=\"Por EBC, Uma dor imensur\u00e1vel de perda tomou conta da vida de Ivanise da Silva Santos h\u00e1 quase\u00a0 30 anos. Em dezembro de 1995, a filha Fabiana Esperidi\u00e3o da Silva, com apenas 13 anos de idade, desapareceu quando estava a 100 metros de casa, em S\u00e3o Paulo (SP). Desde ent\u00e3o, ela busca Fabiana e se &hellip;\" \/>\n<meta property=\"og:url\" content=\"https:\/\/mrnews.com.br\/index.php\/2025\/08\/27\/cadastro-de-pessoas-desaparecidas-renova-esperancas-dizem-familias\/\" \/>\n<meta property=\"og:site_name\" content=\"MRNews\" \/>\n<meta property=\"article:publisher\" content=\"https:\/\/www.facebook.com\/eaipahpah\/?locale2=pt_BR\" \/>\n<meta property=\"article:published_time\" content=\"2025-08-28T02:30:39+00:00\" \/>\n<meta name=\"author\" content=\"MR News\" \/>\n<meta name=\"twitter:card\" content=\"summary_large_image\" \/>\n<meta name=\"twitter:creator\" content=\"@conspirou\" \/>\n<meta name=\"twitter:site\" content=\"@conspirou\" \/>\n<meta name=\"twitter:label1\" content=\"Escrito por\" \/>\n\t<meta name=\"twitter:data1\" content=\"MR News\" \/>\n\t<meta name=\"twitter:label2\" content=\"Est. tempo de leitura\" \/>\n\t<meta name=\"twitter:data2\" content=\"4 minutos\" \/>\n<script type=\"application\/ld+json\" class=\"yoast-schema-graph\">{\"@context\":\"https:\\\/\\\/schema.org\",\"@graph\":[{\"@type\":\"Article\",\"@id\":\"https:\\\/\\\/mrnews.com.br\\\/index.php\\\/2025\\\/08\\\/27\\\/cadastro-de-pessoas-desaparecidas-renova-esperancas-dizem-familias\\\/#article\",\"isPartOf\":{\"@id\":\"https:\\\/\\\/mrnews.com.br\\\/index.php\\\/2025\\\/08\\\/27\\\/cadastro-de-pessoas-desaparecidas-renova-esperancas-dizem-familias\\\/\"},\"author\":{\"name\":\"MR News\",\"@id\":\"https:\\\/\\\/mrnews.com.br\\\/#\\\/schema\\\/person\\\/be3203154562a9f207407861cef7827b\"},\"headline\":\"Cadastro de pessoas desaparecidas renova esperan\u00e7as, dizem fam\u00edlias\",\"datePublished\":\"2025-08-28T02:30:39+00:00\",\"mainEntityOfPage\":{\"@id\":\"https:\\\/\\\/mrnews.com.br\\\/index.php\\\/2025\\\/08\\\/27\\\/cadastro-de-pessoas-desaparecidas-renova-esperancas-dizem-familias\\\/\"},\"wordCount\":799,\"commentCount\":0,\"publisher\":{\"@id\":\"https:\\\/\\\/mrnews.com.br\\\/#organization\"},\"articleSection\":[\"ENTRETENIMENTO\",\"NOTICIAS\",\"SERVI\u00c7OS\"],\"inLanguage\":\"pt-BR\",\"potentialAction\":[{\"@type\":\"CommentAction\",\"name\":\"Comment\",\"target\":[\"https:\\\/\\\/mrnews.com.br\\\/index.php\\\/2025\\\/08\\\/27\\\/cadastro-de-pessoas-desaparecidas-renova-esperancas-dizem-familias\\\/#respond\"]}]},{\"@type\":\"WebPage\",\"@id\":\"https:\\\/\\\/mrnews.com.br\\\/index.php\\\/2025\\\/08\\\/27\\\/cadastro-de-pessoas-desaparecidas-renova-esperancas-dizem-familias\\\/\",\"url\":\"https:\\\/\\\/mrnews.com.br\\\/index.php\\\/2025\\\/08\\\/27\\\/cadastro-de-pessoas-desaparecidas-renova-esperancas-dizem-familias\\\/\",\"name\":\"Cadastro de pessoas desaparecidas renova esperan\u00e7as, dizem fam\u00edlias\",\"isPartOf\":{\"@id\":\"https:\\\/\\\/mrnews.com.br\\\/#website\"},\"datePublished\":\"2025-08-28T02:30:39+00:00\",\"breadcrumb\":{\"@id\":\"https:\\\/\\\/mrnews.com.br\\\/index.php\\\/2025\\\/08\\\/27\\\/cadastro-de-pessoas-desaparecidas-renova-esperancas-dizem-familias\\\/#breadcrumb\"},\"inLanguage\":\"pt-BR\",\"potentialAction\":[{\"@type\":\"ReadAction\",\"target\":[\"https:\\\/\\\/mrnews.com.br\\\/index.php\\\/2025\\\/08\\\/27\\\/cadastro-de-pessoas-desaparecidas-renova-esperancas-dizem-familias\\\/\"]}]},{\"@type\":\"BreadcrumbList\",\"@id\":\"https:\\\/\\\/mrnews.com.br\\\/index.php\\\/2025\\\/08\\\/27\\\/cadastro-de-pessoas-desaparecidas-renova-esperancas-dizem-familias\\\/#breadcrumb\",\"itemListElement\":[{\"@type\":\"ListItem\",\"position\":1,\"name\":\"In\u00edcio\",\"item\":\"https:\\\/\\\/mrnews.com.br\\\/\"},{\"@type\":\"ListItem\",\"position\":2,\"name\":\"Cadastro de pessoas desaparecidas renova esperan\u00e7as, dizem fam\u00edlias\"}]},{\"@type\":\"WebSite\",\"@id\":\"https:\\\/\\\/mrnews.com.br\\\/#website\",\"url\":\"https:\\\/\\\/mrnews.com.br\\\/\",\"name\":\"MRNews\",\"description\":\"MRNews Jogos de hoje da TV, transmiss\u00f5es ao vivo, Not\u00edcias de futebol, Jogos ao vivo, Lives, resumo de novelas, Programa\u00e7\u00e3o da Globo, A Fazenda e BBB\",\"publisher\":{\"@id\":\"https:\\\/\\\/mrnews.com.br\\\/#organization\"},\"potentialAction\":[{\"@type\":\"SearchAction\",\"target\":{\"@type\":\"EntryPoint\",\"urlTemplate\":\"https:\\\/\\\/mrnews.com.br\\\/?s={search_term_string}\"},\"query-input\":{\"@type\":\"PropertyValueSpecification\",\"valueRequired\":true,\"valueName\":\"search_term_string\"}}],\"inLanguage\":\"pt-BR\"},{\"@type\":\"Organization\",\"@id\":\"https:\\\/\\\/mrnews.com.br\\\/#organization\",\"name\":\"MRNews\",\"url\":\"https:\\\/\\\/mrnews.com.br\\\/\",\"logo\":{\"@type\":\"ImageObject\",\"inLanguage\":\"pt-BR\",\"@id\":\"https:\\\/\\\/mrnews.com.br\\\/#\\\/schema\\\/logo\\\/image\\\/\",\"url\":\"https:\\\/\\\/mrnews.com.br\\\/wp-content\\\/uploads\\\/2026\\\/08\\\/MRNEws.png\",\"contentUrl\":\"https:\\\/\\\/mrnews.com.br\\\/wp-content\\\/uploads\\\/2026\\\/08\\\/MRNEws.png\",\"width\":1254,\"height\":1254,\"caption\":\"MRNews\"},\"image\":{\"@id\":\"https:\\\/\\\/mrnews.com.br\\\/#\\\/schema\\\/logo\\\/image\\\/\"},\"sameAs\":[\"https:\\\/\\\/www.facebook.com\\\/eaipahpah\\\/?locale2=pt_BR\",\"https:\\\/\\\/x.com\\\/conspirou\",\"https:\\\/\\\/www.instagram.com\\\/eai_pahpah\",\"https:\\\/\\\/br.pinterest.com\\\/mrnewsn\\\/boards\\\/\",\"https:\\\/\\\/www.youtube.com\\\/channel\\\/UCacgnpznQ61fifLWr1tQ-vA?view_as=subscriber\"]},{\"@type\":\"Person\",\"@id\":\"https:\\\/\\\/mrnews.com.br\\\/#\\\/schema\\\/person\\\/be3203154562a9f207407861cef7827b\",\"name\":\"MR News\",\"image\":{\"@type\":\"ImageObject\",\"inLanguage\":\"pt-BR\",\"@id\":\"https:\\\/\\\/secure.gravatar.com\\\/avatar\\\/04084e6d73c042b8646e7c17b494073bf0ede3ea13c7105cfc45cbbbc28385a4?s=96&d=monsterid&r=g\",\"url\":\"https:\\\/\\\/secure.gravatar.com\\\/avatar\\\/04084e6d73c042b8646e7c17b494073bf0ede3ea13c7105cfc45cbbbc28385a4?s=96&d=monsterid&r=g\",\"contentUrl\":\"https:\\\/\\\/secure.gravatar.com\\\/avatar\\\/04084e6d73c042b8646e7c17b494073bf0ede3ea13c7105cfc45cbbbc28385a4?s=96&d=monsterid&r=g\",\"caption\":\"MR News\"},\"description\":\"Especializado em jornalismo colaborativo pela FTP em n\u00edvel de p\u00f3s-gradua\u00e7\u00e3o. suporte@oimeliga.combr\",\"sameAs\":[\"HUGO R.\",\"Admin\"],\"url\":\"https:\\\/\\\/mrnews.com.br\\\/index.php\\\/author\\\/admin\\\/\"}]}<\/script>\n<!-- \/ Yoast SEO plugin. -->","yoast_head_json":{"title":"Cadastro de pessoas desaparecidas renova esperan\u00e7as, dizem fam\u00edlias","robots":{"index":"index","follow":"follow","max-snippet":"max-snippet:-1","max-image-preview":"max-image-preview:large","max-video-preview":"max-video-preview:-1"},"canonical":"https:\/\/mrnews.com.br\/index.php\/2025\/08\/27\/cadastro-de-pessoas-desaparecidas-renova-esperancas-dizem-familias\/","og_locale":"pt_BR","og_type":"article","og_title":"Cadastro de pessoas desaparecidas renova esperan\u00e7as, dizem fam\u00edlias","og_description":"Por EBC, Uma dor imensur\u00e1vel de perda tomou conta da vida de Ivanise da Silva Santos h\u00e1 quase\u00a0 30 anos. Em dezembro de 1995, a filha Fabiana Esperidi\u00e3o da Silva, com apenas 13 anos de idade, desapareceu quando estava a 100 metros de casa, em S\u00e3o Paulo (SP). Desde ent\u00e3o, ela busca Fabiana e se &hellip;","og_url":"https:\/\/mrnews.com.br\/index.php\/2025\/08\/27\/cadastro-de-pessoas-desaparecidas-renova-esperancas-dizem-familias\/","og_site_name":"MRNews","article_publisher":"https:\/\/www.facebook.com\/eaipahpah\/?locale2=pt_BR","article_published_time":"2025-08-28T02:30:39+00:00","author":"MR News","twitter_card":"summary_large_image","twitter_creator":"@conspirou","twitter_site":"@conspirou","twitter_misc":{"Escrito por":"MR News","Est. tempo de leitura":"4 minutos"},"schema":{"@context":"https:\/\/schema.org","@graph":[{"@type":"Article","@id":"https:\/\/mrnews.com.br\/index.php\/2025\/08\/27\/cadastro-de-pessoas-desaparecidas-renova-esperancas-dizem-familias\/#article","isPartOf":{"@id":"https:\/\/mrnews.com.br\/index.php\/2025\/08\/27\/cadastro-de-pessoas-desaparecidas-renova-esperancas-dizem-familias\/"},"author":{"name":"MR News","@id":"https:\/\/mrnews.com.br\/#\/schema\/person\/be3203154562a9f207407861cef7827b"},"headline":"Cadastro de pessoas desaparecidas renova esperan\u00e7as, dizem fam\u00edlias","datePublished":"2025-08-28T02:30:39+00:00","mainEntityOfPage":{"@id":"https:\/\/mrnews.com.br\/index.php\/2025\/08\/27\/cadastro-de-pessoas-desaparecidas-renova-esperancas-dizem-familias\/"},"wordCount":799,"commentCount":0,"publisher":{"@id":"https:\/\/mrnews.com.br\/#organization"},"articleSection":["ENTRETENIMENTO","NOTICIAS","SERVI\u00c7OS"],"inLanguage":"pt-BR","potentialAction":[{"@type":"CommentAction","name":"Comment","target":["https:\/\/mrnews.com.br\/index.php\/2025\/08\/27\/cadastro-de-pessoas-desaparecidas-renova-esperancas-dizem-familias\/#respond"]}]},{"@type":"WebPage","@id":"https:\/\/mrnews.com.br\/index.php\/2025\/08\/27\/cadastro-de-pessoas-desaparecidas-renova-esperancas-dizem-familias\/","url":"https:\/\/mrnews.com.br\/index.php\/2025\/08\/27\/cadastro-de-pessoas-desaparecidas-renova-esperancas-dizem-familias\/","name":"Cadastro de pessoas desaparecidas renova esperan\u00e7as, dizem fam\u00edlias","isPartOf":{"@id":"https:\/\/mrnews.com.br\/#website"},"datePublished":"2025-08-28T02:30:39+00:00","breadcrumb":{"@id":"https:\/\/mrnews.com.br\/index.php\/2025\/08\/27\/cadastro-de-pessoas-desaparecidas-renova-esperancas-dizem-familias\/#breadcrumb"},"inLanguage":"pt-BR","potentialAction":[{"@type":"ReadAction","target":["https:\/\/mrnews.com.br\/index.php\/2025\/08\/27\/cadastro-de-pessoas-desaparecidas-renova-esperancas-dizem-familias\/"]}]},{"@type":"BreadcrumbList","@id":"https:\/\/mrnews.com.br\/index.php\/2025\/08\/27\/cadastro-de-pessoas-desaparecidas-renova-esperancas-dizem-familias\/#breadcrumb","itemListElement":[{"@type":"ListItem","position":1,"name":"In\u00edcio","item":"https:\/\/mrnews.com.br\/"},{"@type":"ListItem","position":2,"name":"Cadastro de pessoas desaparecidas renova esperan\u00e7as, dizem fam\u00edlias"}]},{"@type":"WebSite","@id":"https:\/\/mrnews.com.br\/#website","url":"https:\/\/mrnews.com.br\/","name":"MRNews","description":"MRNews Jogos de hoje da TV, transmiss\u00f5es ao vivo, Not\u00edcias de futebol, Jogos ao vivo, Lives, resumo de novelas, Programa\u00e7\u00e3o da Globo, A Fazenda e BBB","publisher":{"@id":"https:\/\/mrnews.com.br\/#organization"},"potentialAction":[{"@type":"SearchAction","target":{"@type":"EntryPoint","urlTemplate":"https:\/\/mrnews.com.br\/?s={search_term_string}"},"query-input":{"@type":"PropertyValueSpecification","valueRequired":true,"valueName":"search_term_string"}}],"inLanguage":"pt-BR"},{"@type":"Organization","@id":"https:\/\/mrnews.com.br\/#organization","name":"MRNews","url":"https:\/\/mrnews.com.br\/","logo":{"@type":"ImageObject","inLanguage":"pt-BR","@id":"https:\/\/mrnews.com.br\/#\/schema\/logo\/image\/","url":"https:\/\/mrnews.com.br\/wp-content\/uploads\/2026\/08\/MRNEws.png","contentUrl":"https:\/\/mrnews.com.br\/wp-content\/uploads\/2026\/08\/MRNEws.png","width":1254,"height":1254,"caption":"MRNews"},"image":{"@id":"https:\/\/mrnews.com.br\/#\/schema\/logo\/image\/"},"sameAs":["https:\/\/www.facebook.com\/eaipahpah\/?locale2=pt_BR","https:\/\/x.com\/conspirou","https:\/\/www.instagram.com\/eai_pahpah","https:\/\/br.pinterest.com\/mrnewsn\/boards\/","https:\/\/www.youtube.com\/channel\/UCacgnpznQ61fifLWr1tQ-vA?view_as=subscriber"]},{"@type":"Person","@id":"https:\/\/mrnews.com.br\/#\/schema\/person\/be3203154562a9f207407861cef7827b","name":"MR News","image":{"@type":"ImageObject","inLanguage":"pt-BR","@id":"https:\/\/secure.gravatar.com\/avatar\/04084e6d73c042b8646e7c17b494073bf0ede3ea13c7105cfc45cbbbc28385a4?s=96&d=monsterid&r=g","url":"https:\/\/secure.gravatar.com\/avatar\/04084e6d73c042b8646e7c17b494073bf0ede3ea13c7105cfc45cbbbc28385a4?s=96&d=monsterid&r=g","contentUrl":"https:\/\/secure.gravatar.com\/avatar\/04084e6d73c042b8646e7c17b494073bf0ede3ea13c7105cfc45cbbbc28385a4?s=96&d=monsterid&r=g","caption":"MR News"},"description":"Especializado em jornalismo colaborativo pela FTP em n\u00edvel de p\u00f3s-gradua\u00e7\u00e3o. suporte@oimeliga.combr","sameAs":["HUGO R.","Admin"],"url":"https:\/\/mrnews.com.br\/index.php\/author\/admin\/"}]}},"jetpack_sharing_enabled":true,"jetpack_shortlink":"https:\/\/wp.me\/pa2Qf7-1SHv","amp_enabled":true,"jetpack_featured_media_url":"","_links":{"self":[{"href":"https:\/\/mrnews.com.br\/index.php\/wp-json\/wp\/v2\/posts\/448601","targetHints":{"allow":["GET"]}}],"collection":[{"href":"https:\/\/mrnews.com.br\/index.php\/wp-json\/wp\/v2\/posts"}],"about":[{"href":"https:\/\/mrnews.com.br\/index.php\/wp-json\/wp\/v2\/types\/post"}],"author":[{"embeddable":true,"href":"https:\/\/mrnews.com.br\/index.php\/wp-json\/wp\/v2\/users\/1"}],"replies":[{"embeddable":true,"href":"https:\/\/mrnews.com.br\/index.php\/wp-json\/wp\/v2\/comments?post=448601"}],"version-history":[{"count":0,"href":"https:\/\/mrnews.com.br\/index.php\/wp-json\/wp\/v2\/posts\/448601\/revisions"}],"wp:attachment":[{"href":"https:\/\/mrnews.com.br\/index.php\/wp-json\/wp\/v2\/media?parent=448601"}],"wp:term":[{"taxonomy":"category","embeddable":true,"href":"https:\/\/mrnews.com.br\/index.php\/wp-json\/wp\/v2\/categories?post=448601"},{"taxonomy":"post_tag","embeddable":true,"href":"https:\/\/mrnews.com.br\/index.php\/wp-json\/wp\/v2\/tags?post=448601"}],"curies":[{"name":"wp","href":"https:\/\/api.w.org\/{rel}","templated":true}]}}