{"id":448747,"date":"2025-08-31T09:26:39","date_gmt":"2025-08-31T12:26:39","guid":{"rendered":"https:\/\/mrnews.com.br\/index.php\/2025\/08\/31\/samba-na-gamboa-comemora-600-programas-com-a-presenca-de-roberta-sa\/"},"modified":"2025-08-31T09:26:39","modified_gmt":"2025-08-31T12:26:39","slug":"samba-na-gamboa-comemora-600-programas-com-a-presenca-de-roberta-sa","status":"publish","type":"post","link":"https:\/\/mrnews.com.br\/index.php\/2025\/08\/31\/samba-na-gamboa-comemora-600-programas-com-a-presenca-de-roberta-sa\/","title":{"rendered":"Samba na Gamboa comemora 600 programas com a presen\u00e7a de Roberta S\u00e1"},"content":{"rendered":"<p>Por EBC, <\/p>\n<div>\n<p>Roda de samba tradicional na televis\u00e3o, o\u00a0<em>Samba na Gamboa<\/em>, da\u00a0<strong>TV Brasil<\/strong>, conduzido pela cantora e compositora\u00a0Teresa Cristina na atual temporada in\u00e9dita, alcan\u00e7a o n\u00famero de 600 programas. <strong>A apresentadora recebe a cantora\u00a0Roberta S\u00e1\u00a0na edi\u00e7\u00e3o deste domingo (31), \u00e0s 13h.<\/strong><\/p>\n<p>Desde a estreia, em dezembro de 2008, a produ\u00e7\u00e3o liderada na \u00e9poca pelo bamba Diogo Nogueira\u00a0j\u00e1 recebeu \u00edcones do samba e astros de outros g\u00eaneros musicais. Tamb\u00e9m combina a participa\u00e7\u00e3o de novos m\u00fasicos com a presen\u00e7a de personalidades consagradas.<\/p>\n<p>Teresa Cristina analisa a import\u00e2ncia desse formato. &#8220;O programa da\u00a0<strong>TV Brasil<\/strong>\u00a0abre espa\u00e7o para talentos das novas gera\u00e7\u00f5es e veteranos. Ele cumpre esse papel. E o <em>Samba na Gamboa<\/em> vai al\u00e9m porque n\u00e3o \u00e9 uma atra\u00e7\u00e3o s\u00f3 de m\u00fasica. Apresenta a obra do entrevistado e do artista homenageado&#8221;, explica.<\/p>\n<p>A anfitri\u00e3 destaca algumas das grava\u00e7\u00f5es mais marcantes da temporada.<\/p>\n<blockquote>\n<p>&#8220;Estou muito comovida ao assistir aos programas, como o da Monica Salmaso em homenagem a Elizeth Cardoso, o do Vidal Assis falando sobre Elton Medeiros. Acho muito importante trazer esses conte\u00fados al\u00e9m da m\u00fasica. Saber que fa\u00e7o parte dessas 600 edi\u00e7\u00f5es me emociona muito&#8221;, ratifica a apresentadora.<\/p>\n<\/blockquote>\n<p>Conte\u00fado original da emissora p\u00fablica, o\u00a0<em>Samba na Gamboa<\/em>\u00a0\u00e9 transmitido no app\u00a0TV Brasil Play\u00a0e no YouTube do canal. Com janela alternativa na telinha aos s\u00e1bados, \u00e0s 23h, a atra\u00e7\u00e3o ainda tem espa\u00e7o na programa\u00e7\u00e3o da\u00a0<strong>R\u00e1dio Nacional<\/strong>, tamb\u00e9m aos s\u00e1bados, mais cedo, ao meio-dia, para toda a rede.<\/p>\n<h2>Papo musical com Roberta S\u00e1<\/h2>\n<p><strong>No programa que chega a essa marca hist\u00f3rica, Roberta S\u00e1\u00a0comemora os 20 anos de carreira discogr\u00e1fica e traz repert\u00f3rio de sucessos da sua trajet\u00f3ria.<\/strong> Na entrevista para Teresa Cristina, a convidada recorda o come\u00e7o de sua vida art\u00edstica e comenta a aproxima\u00e7\u00e3o com o samba.<\/p>\n<p><strong>Durante a conversa, entre um assunto e outro, a int\u00e9rprete canta as m\u00fasicas <em>Amanh\u00e3 \u00e9 S\u00e1bado<\/em>, de Martinho da Vila; <em>Me Erra<\/em>, de Adriana Calcanhotto, e <em>Trilha do Amor<\/em>, sucesso da obra do grupo Revela\u00e7\u00e3o. <\/strong>As can\u00e7\u00f5es fazem parte do disco <em>Sambas\u00e1<\/em>\u00a0(2022) e tamb\u00e9m est\u00e3o nos shows festivos da diva.<\/p>\n<p>Na atra\u00e7\u00e3o da\u00a0<strong>TV Brasil<\/strong>,\u00a0Roberta S\u00e1 tamb\u00e9m entoa outras composi\u00e7\u00f5es de grandes nomes da cultura nacional como <em>O Len\u00e7o e o Len\u00e7ol<\/em>, de Gilberto Gil; <em>Sem Avisar<\/em>, de Toninho Geraes e Marquinho PQD; <em>Samba de um minuto<\/em>, de Rodrigo Maranh\u00e3o; e <em>Cicatrizes<\/em>, de Miltinho e Paulo C\u00e9sar Pinheiro.<\/p>\n<blockquote>\n<p>&#8220;Em 2025 completo 20 anos de carreira discogr\u00e1fica. Comecei mais ou menos em 2002 cantando MPB, mas no meu primeiro disco, eu j\u00e1 abro com um samba. Ali\u00e1s, o samba j\u00e1 me salvou de diversas maneiras&#8221;, conta a artista ao recordar o primeiro \u00e1lbum, <em>Braseiro<\/em>, projeto lan\u00e7ado em 2005.<\/p>\n<\/blockquote>\n<h2>Pesquisa<\/h2>\n<h2><span style=\"font-size: 13px;\">Teresa Cristina conta que se interessa pela pesquisa para conhecer melhor o trabalho dos m\u00fasicos. &#8220;Gosto de estudar sobre os compositores, os cantores, os artistas em geral. Sempre tive essa voca\u00e7\u00e3o. \u00c9 a minha vida&#8221;, define ao relatar que j\u00e1 fazia isso antes mesmo de assumir a apresenta\u00e7\u00e3o do <\/span><em style=\"font-size: 13px;\">Samba na Gamboa<\/em><span style=\"font-size: 13px;\">.<\/span><\/h2>\n<blockquote>\n<p>&#8220;Nunca entendi direito porque aprendia tanta coisa que achava que n\u00e3o ia usar, mas como tudo tem um prop\u00f3sito na vida, est\u00e1 a\u00ed o resultado das minhas pesquisas. Foi uma alegria muito grande dividir esse conhecimento com as pessoas. Contar essas hist\u00f3rias atrav\u00e9s das can\u00e7\u00f5es. Isso me instiga h\u00e1 muito tempo&#8221;, recorda a apresentadora.<\/p>\n<\/blockquote>\n<p>Ela tamb\u00e9m reflete sobre essa viv\u00eancia no comando da produ\u00e7\u00e3o. &#8220;S\u00e3o v\u00e1rias emo\u00e7\u00f5es nessa experi\u00eancia \u00e0 frente do <em>Samba na Gamboa<\/em>. Fiquei feliz que o meu nome tenha sido sugerido para apresentar o programa da\u00a0<strong>TV Brasil<\/strong>\u00a0que eu j\u00e1 acompanhava com o Diogo Nogueira. Assisti a todas as temporadas. Na primeira semana no set, pude entender como era estar do outro lado&#8221;, relata Teresa Cristina.<\/p>\n<p>A apresentadora ainda pontua entrevistas especiais que a tocaram e revela o motivo de tanta como\u00e7\u00e3o. &#8220;Alguns momentos me colocaram no colo. Me emocionaram bastante Serginho Meriti, Zeca Pagodinho e \u00c1urea Martins. Me comovi muito quando algum convidado cantava alguma m\u00fasica que lembrava minha m\u00e3e. Isso foi uma emo\u00e7\u00e3o bem silenciosa. \u00c9 um assunto que eu n\u00e3o traria a p\u00fablico. Mas na maioria das vezes que o p\u00fablico me v\u00ea chorando no programa, com algum entrevistado, alguma can\u00e7\u00e3o, tem um pouquinho da minha m\u00e3e ali&#8221;, finaliza ao mencionar como se inspira na m\u00e3e, Dona Hilda.<\/p>\n<h2>Sobre o programa<\/h2>\n<p><strong>A nova temporada do\u00a0<em>Samba na Gamboa<\/em>\u00a0que marca a estreia de\u00a0Teresa Cristina\u00a0como apresentadora do programa da\u00a0TV Brasil\u00a0foi gravada no Teatro Ruth de Souza, no Parque Gl\u00f3ria Maria, em Santa Teresa, na regi\u00e3o central do Rio de Janeiro.<\/strong> <strong>O palco para conversas embaladas por hits \u00e9 um cen\u00e1rio colorido que evoca uma pra\u00e7a na Gamboa &#8211; bairro hist\u00f3rico da zona portu\u00e1ria da capital carioca. A presen\u00e7a de plateia \u00e9 outro destaque da atra\u00e7\u00e3o.<\/strong><\/p>\n<p><strong>Os encontros contam, ainda, com uma banda da pesada, comandada pelo lend\u00e1rio Paul\u00e3o Sete Cordas, que acompanha Teresa Cristina e seus convidados pelo inesgot\u00e1vel repert\u00f3rio do samba brasileiro. A equipe re\u00fane os m\u00fasicos Eduardo Neves (sopros), Jo\u00e3o Callado (cavaco), Paulino Dias (percuss\u00e3o), Rodrigo Jesus (percuss\u00e3o) e Waltis Zacarias (percuss\u00e3o).<\/strong><\/p>\n<p>Cantora e compositora de m\u00e3o cheia, a diva tamb\u00e9m tem se revelado uma \u00f3tima entrevistadora. Teresa Cristina conduz os papos com muita gra\u00e7a, informa\u00e7\u00e3o, e, principalmente, emo\u00e7\u00e3o. A pesquisa sobre a cultura popular \u00e9 importante para a artista que, al\u00e9m do sucesso com o grupo Semente e na carreira solo, ganhou ainda mais aten\u00e7\u00e3o com as lives que fez nas redes sociais no per\u00edodo da pandemia.<\/p>\n<h2>Destaques da temporada<\/h2>\n<p>Durante a nova temporada do Samba na Gamboa, Teresa Cristina recebe nomes consagrados do g\u00eanero como \u00c1urea Martins, Dorina, Dudu Nobre, Jorge Arag\u00e3o, Moacyr Luz, Nei Lopes, Tia Surica, Marquinhos de Oswaldo Cruz, Neguinho da Beija Flor, Nei Lopes, Nelson Rufino, Nilze Carvalho, P\u00e9ricles e Sombrinha.<\/p>\n<p>O programa da\u00a0TV Brasil\u00a0tamb\u00e9m vai ter a presen\u00e7a de c\u00e9lebres artistas de outras matizes da m\u00fasica como Adriana Calcanhotto, Fabiana Cozza, Herm\u00ednio Bello de Carvalho, M\u00f4nica Salmaso, Roberta S\u00e1, Simone Mazzer e Z\u00e9 Renato.<\/p>\n<p>A produ\u00e7\u00e3o musical valoriza compositores que escreveram sucessos, mas nem sempre t\u00eam o devido reconhecimento e espa\u00e7o na m\u00eddia. Teresa Cristina recebe nomes como Alex Ribeiro, Alfredo Del-Penho, Claudio Jorge, Mariene de Castro, Moyseis Marques, Serginho Meriti, Toninho Geraes e Z\u00e9 Roberto. Artistas como Lu\u00edsa Dion\u00edsio, Marina \u00cdris, Nego \u00c1lvaro e Mingo Silva s\u00e3o outros convidados da temporada.<\/p>\n<p>O Samba na Gamboa ainda traz nessa sequ\u00eancia de atra\u00e7\u00f5es in\u00e9ditas uma s\u00e9rie de programas especiais que destacam a import\u00e2ncia de personalidades consagradas da sonoridade tipicamente nacional. Os conte\u00fados tem\u00e1ticos reverenciam o trabalho de Arlindo Cruz, Chico Buarque e Paulinho da Viola.<\/p>\n<p>O canal p\u00fablico tamb\u00e9m exibe edi\u00e7\u00f5es tem\u00e1ticas que prestam tributo a \u00edcones que j\u00e1 partiram como Aldir Blanc, Almir Guineto, Beth Carvalho, Candeia, Clara Nunes, Dona Ivone Lara, Elizeth Cardoso, Elton Medeiros, Lupic\u00ednio Rodrigues, Monarco, Nelson Cavaquinho, Nelson Sargento, Reinaldo, Wilson Moreira e Z\u00e9 Keti.<\/p>\n<p>Com dire\u00e7\u00e3o de Shirlene Paix\u00e3o, a nova temporada do programa, que marca a volta das edi\u00e7\u00f5es in\u00e9ditas do Samba na Gamboa, tem roteiro e pesquisa do jornalista Leonardo Bruno, profundo conhecedor do g\u00eanero.<\/p>\n<p>      <!-- Relacionada --><\/p>\n<p>            <!-- Relacionada -->\n    <\/div>\n","protected":false},"excerpt":{"rendered":"<p>Por EBC, Roda de samba tradicional na televis\u00e3o, o\u00a0Samba na Gamboa, da\u00a0TV Brasil, conduzido pela cantora e compositora\u00a0Teresa Cristina na atual temporada in\u00e9dita, alcan\u00e7a o n\u00famero de 600 programas. A apresentadora recebe a cantora\u00a0Roberta S\u00e1\u00a0na edi\u00e7\u00e3o deste domingo (31), \u00e0s 13h. Desde a estreia, em dezembro de 2008, a produ\u00e7\u00e3o liderada na \u00e9poca pelo bamba &hellip;<\/p>\n","protected":false},"author":1,"featured_media":0,"comment_status":"open","ping_status":"open","sticky":false,"template":"","format":"standard","meta":{"_jetpack_memberships_contains_paid_content":false,"footnotes":""},"categories":[2,12225,4],"tags":[],"class_list":["post-448747","post","type-post","status-publish","format-standard","hentry","category-entretenimento","category-noticias","category-servicos"],"yoast_head":"<!-- This site is optimized with the Yoast SEO plugin v27.4 - https:\/\/yoast.com\/product\/yoast-seo-wordpress\/ -->\n<title>Samba na Gamboa comemora 600 programas com a presen\u00e7a de Roberta S\u00e1<\/title>\n<meta name=\"robots\" content=\"index, follow, max-snippet:-1, max-image-preview:large, max-video-preview:-1\" \/>\n<link rel=\"canonical\" href=\"https:\/\/mrnews.com.br\/index.php\/2025\/08\/31\/samba-na-gamboa-comemora-600-programas-com-a-presenca-de-roberta-sa\/\" \/>\n<meta property=\"og:locale\" content=\"pt_BR\" \/>\n<meta property=\"og:type\" content=\"article\" \/>\n<meta property=\"og:title\" content=\"Samba na Gamboa comemora 600 programas com a presen\u00e7a de Roberta S\u00e1\" \/>\n<meta property=\"og:description\" content=\"Por EBC, Roda de samba tradicional na televis\u00e3o, o\u00a0Samba na Gamboa, da\u00a0TV Brasil, conduzido pela cantora e compositora\u00a0Teresa Cristina na atual temporada in\u00e9dita, alcan\u00e7a o n\u00famero de 600 programas. A apresentadora recebe a cantora\u00a0Roberta S\u00e1\u00a0na edi\u00e7\u00e3o deste domingo (31), \u00e0s 13h. Desde a estreia, em dezembro de 2008, a produ\u00e7\u00e3o liderada na \u00e9poca pelo bamba &hellip;\" \/>\n<meta property=\"og:url\" content=\"https:\/\/mrnews.com.br\/index.php\/2025\/08\/31\/samba-na-gamboa-comemora-600-programas-com-a-presenca-de-roberta-sa\/\" \/>\n<meta property=\"og:site_name\" content=\"MRNews\" \/>\n<meta property=\"article:publisher\" content=\"https:\/\/www.facebook.com\/eaipahpah\/?locale2=pt_BR\" \/>\n<meta property=\"article:published_time\" content=\"2025-08-31T12:26:39+00:00\" \/>\n<meta name=\"author\" content=\"MR News\" \/>\n<meta name=\"twitter:card\" content=\"summary_large_image\" \/>\n<meta name=\"twitter:creator\" content=\"@conspirou\" \/>\n<meta name=\"twitter:site\" content=\"@conspirou\" \/>\n<meta name=\"twitter:label1\" content=\"Escrito por\" \/>\n\t<meta name=\"twitter:data1\" content=\"MR News\" \/>\n\t<meta name=\"twitter:label2\" content=\"Est. tempo de leitura\" \/>\n\t<meta name=\"twitter:data2\" content=\"6 minutos\" \/>\n<script type=\"application\/ld+json\" class=\"yoast-schema-graph\">{\"@context\":\"https:\\\/\\\/schema.org\",\"@graph\":[{\"@type\":\"Article\",\"@id\":\"https:\\\/\\\/mrnews.com.br\\\/index.php\\\/2025\\\/08\\\/31\\\/samba-na-gamboa-comemora-600-programas-com-a-presenca-de-roberta-sa\\\/#article\",\"isPartOf\":{\"@id\":\"https:\\\/\\\/mrnews.com.br\\\/index.php\\\/2025\\\/08\\\/31\\\/samba-na-gamboa-comemora-600-programas-com-a-presenca-de-roberta-sa\\\/\"},\"author\":{\"name\":\"MR News\",\"@id\":\"https:\\\/\\\/mrnews.com.br\\\/#\\\/schema\\\/person\\\/be3203154562a9f207407861cef7827b\"},\"headline\":\"Samba na Gamboa comemora 600 programas com a presen\u00e7a de Roberta S\u00e1\",\"datePublished\":\"2025-08-31T12:26:39+00:00\",\"mainEntityOfPage\":{\"@id\":\"https:\\\/\\\/mrnews.com.br\\\/index.php\\\/2025\\\/08\\\/31\\\/samba-na-gamboa-comemora-600-programas-com-a-presenca-de-roberta-sa\\\/\"},\"wordCount\":1304,\"commentCount\":0,\"publisher\":{\"@id\":\"https:\\\/\\\/mrnews.com.br\\\/#organization\"},\"articleSection\":[\"ENTRETENIMENTO\",\"NOTICIAS\",\"SERVI\u00c7OS\"],\"inLanguage\":\"pt-BR\",\"potentialAction\":[{\"@type\":\"CommentAction\",\"name\":\"Comment\",\"target\":[\"https:\\\/\\\/mrnews.com.br\\\/index.php\\\/2025\\\/08\\\/31\\\/samba-na-gamboa-comemora-600-programas-com-a-presenca-de-roberta-sa\\\/#respond\"]}]},{\"@type\":\"WebPage\",\"@id\":\"https:\\\/\\\/mrnews.com.br\\\/index.php\\\/2025\\\/08\\\/31\\\/samba-na-gamboa-comemora-600-programas-com-a-presenca-de-roberta-sa\\\/\",\"url\":\"https:\\\/\\\/mrnews.com.br\\\/index.php\\\/2025\\\/08\\\/31\\\/samba-na-gamboa-comemora-600-programas-com-a-presenca-de-roberta-sa\\\/\",\"name\":\"Samba na Gamboa comemora 600 programas com a presen\u00e7a de Roberta S\u00e1\",\"isPartOf\":{\"@id\":\"https:\\\/\\\/mrnews.com.br\\\/#website\"},\"datePublished\":\"2025-08-31T12:26:39+00:00\",\"breadcrumb\":{\"@id\":\"https:\\\/\\\/mrnews.com.br\\\/index.php\\\/2025\\\/08\\\/31\\\/samba-na-gamboa-comemora-600-programas-com-a-presenca-de-roberta-sa\\\/#breadcrumb\"},\"inLanguage\":\"pt-BR\",\"potentialAction\":[{\"@type\":\"ReadAction\",\"target\":[\"https:\\\/\\\/mrnews.com.br\\\/index.php\\\/2025\\\/08\\\/31\\\/samba-na-gamboa-comemora-600-programas-com-a-presenca-de-roberta-sa\\\/\"]}]},{\"@type\":\"BreadcrumbList\",\"@id\":\"https:\\\/\\\/mrnews.com.br\\\/index.php\\\/2025\\\/08\\\/31\\\/samba-na-gamboa-comemora-600-programas-com-a-presenca-de-roberta-sa\\\/#breadcrumb\",\"itemListElement\":[{\"@type\":\"ListItem\",\"position\":1,\"name\":\"In\u00edcio\",\"item\":\"https:\\\/\\\/mrnews.com.br\\\/\"},{\"@type\":\"ListItem\",\"position\":2,\"name\":\"Samba na Gamboa comemora 600 programas com a presen\u00e7a de Roberta S\u00e1\"}]},{\"@type\":\"WebSite\",\"@id\":\"https:\\\/\\\/mrnews.com.br\\\/#website\",\"url\":\"https:\\\/\\\/mrnews.com.br\\\/\",\"name\":\"MRNews\",\"description\":\"MRNews Jogos de hoje da TV, transmiss\u00f5es ao vivo, Not\u00edcias de futebol, Jogos ao vivo, Lives, resumo de novelas, Programa\u00e7\u00e3o da Globo, A Fazenda e BBB\",\"publisher\":{\"@id\":\"https:\\\/\\\/mrnews.com.br\\\/#organization\"},\"potentialAction\":[{\"@type\":\"SearchAction\",\"target\":{\"@type\":\"EntryPoint\",\"urlTemplate\":\"https:\\\/\\\/mrnews.com.br\\\/?s={search_term_string}\"},\"query-input\":{\"@type\":\"PropertyValueSpecification\",\"valueRequired\":true,\"valueName\":\"search_term_string\"}}],\"inLanguage\":\"pt-BR\"},{\"@type\":\"Organization\",\"@id\":\"https:\\\/\\\/mrnews.com.br\\\/#organization\",\"name\":\"MRNews\",\"url\":\"https:\\\/\\\/mrnews.com.br\\\/\",\"logo\":{\"@type\":\"ImageObject\",\"inLanguage\":\"pt-BR\",\"@id\":\"https:\\\/\\\/mrnews.com.br\\\/#\\\/schema\\\/logo\\\/image\\\/\",\"url\":\"https:\\\/\\\/mrnews.com.br\\\/wp-content\\\/uploads\\\/2019\\\/06\\\/MRNewslogo2.png\",\"contentUrl\":\"https:\\\/\\\/mrnews.com.br\\\/wp-content\\\/uploads\\\/2019\\\/06\\\/MRNewslogo2.png\",\"width\":223,\"height\":58,\"caption\":\"MRNews\"},\"image\":{\"@id\":\"https:\\\/\\\/mrnews.com.br\\\/#\\\/schema\\\/logo\\\/image\\\/\"},\"sameAs\":[\"https:\\\/\\\/www.facebook.com\\\/eaipahpah\\\/?locale2=pt_BR\",\"https:\\\/\\\/x.com\\\/conspirou\",\"https:\\\/\\\/www.instagram.com\\\/eai_pahpah\",\"https:\\\/\\\/br.pinterest.com\\\/mrnewsn\\\/boards\\\/\",\"https:\\\/\\\/www.youtube.com\\\/channel\\\/UCacgnpznQ61fifLWr1tQ-vA?view_as=subscriber\"]},{\"@type\":\"Person\",\"@id\":\"https:\\\/\\\/mrnews.com.br\\\/#\\\/schema\\\/person\\\/be3203154562a9f207407861cef7827b\",\"name\":\"MR News\",\"image\":{\"@type\":\"ImageObject\",\"inLanguage\":\"pt-BR\",\"@id\":\"https:\\\/\\\/secure.gravatar.com\\\/avatar\\\/04084e6d73c042b8646e7c17b494073bf0ede3ea13c7105cfc45cbbbc28385a4?s=96&d=monsterid&r=g\",\"url\":\"https:\\\/\\\/secure.gravatar.com\\\/avatar\\\/04084e6d73c042b8646e7c17b494073bf0ede3ea13c7105cfc45cbbbc28385a4?s=96&d=monsterid&r=g\",\"contentUrl\":\"https:\\\/\\\/secure.gravatar.com\\\/avatar\\\/04084e6d73c042b8646e7c17b494073bf0ede3ea13c7105cfc45cbbbc28385a4?s=96&d=monsterid&r=g\",\"caption\":\"MR News\"},\"description\":\"Especializado em jornalismo colaborativo pela FTP em n\u00edvel de p\u00f3s-gradua\u00e7\u00e3o. suporte@oimeliga.combr\",\"sameAs\":[\"HUGO R.\",\"Admin\"],\"url\":\"https:\\\/\\\/mrnews.com.br\\\/index.php\\\/author\\\/admin\\\/\"}]}<\/script>\n<!-- \/ Yoast SEO plugin. -->","yoast_head_json":{"title":"Samba na Gamboa comemora 600 programas com a presen\u00e7a de Roberta S\u00e1","robots":{"index":"index","follow":"follow","max-snippet":"max-snippet:-1","max-image-preview":"max-image-preview:large","max-video-preview":"max-video-preview:-1"},"canonical":"https:\/\/mrnews.com.br\/index.php\/2025\/08\/31\/samba-na-gamboa-comemora-600-programas-com-a-presenca-de-roberta-sa\/","og_locale":"pt_BR","og_type":"article","og_title":"Samba na Gamboa comemora 600 programas com a presen\u00e7a de Roberta S\u00e1","og_description":"Por EBC, Roda de samba tradicional na televis\u00e3o, o\u00a0Samba na Gamboa, da\u00a0TV Brasil, conduzido pela cantora e compositora\u00a0Teresa Cristina na atual temporada in\u00e9dita, alcan\u00e7a o n\u00famero de 600 programas. A apresentadora recebe a cantora\u00a0Roberta S\u00e1\u00a0na edi\u00e7\u00e3o deste domingo (31), \u00e0s 13h. Desde a estreia, em dezembro de 2008, a produ\u00e7\u00e3o liderada na \u00e9poca pelo bamba &hellip;","og_url":"https:\/\/mrnews.com.br\/index.php\/2025\/08\/31\/samba-na-gamboa-comemora-600-programas-com-a-presenca-de-roberta-sa\/","og_site_name":"MRNews","article_publisher":"https:\/\/www.facebook.com\/eaipahpah\/?locale2=pt_BR","article_published_time":"2025-08-31T12:26:39+00:00","author":"MR News","twitter_card":"summary_large_image","twitter_creator":"@conspirou","twitter_site":"@conspirou","twitter_misc":{"Escrito por":"MR News","Est. tempo de leitura":"6 minutos"},"schema":{"@context":"https:\/\/schema.org","@graph":[{"@type":"Article","@id":"https:\/\/mrnews.com.br\/index.php\/2025\/08\/31\/samba-na-gamboa-comemora-600-programas-com-a-presenca-de-roberta-sa\/#article","isPartOf":{"@id":"https:\/\/mrnews.com.br\/index.php\/2025\/08\/31\/samba-na-gamboa-comemora-600-programas-com-a-presenca-de-roberta-sa\/"},"author":{"name":"MR News","@id":"https:\/\/mrnews.com.br\/#\/schema\/person\/be3203154562a9f207407861cef7827b"},"headline":"Samba na Gamboa comemora 600 programas com a presen\u00e7a de Roberta S\u00e1","datePublished":"2025-08-31T12:26:39+00:00","mainEntityOfPage":{"@id":"https:\/\/mrnews.com.br\/index.php\/2025\/08\/31\/samba-na-gamboa-comemora-600-programas-com-a-presenca-de-roberta-sa\/"},"wordCount":1304,"commentCount":0,"publisher":{"@id":"https:\/\/mrnews.com.br\/#organization"},"articleSection":["ENTRETENIMENTO","NOTICIAS","SERVI\u00c7OS"],"inLanguage":"pt-BR","potentialAction":[{"@type":"CommentAction","name":"Comment","target":["https:\/\/mrnews.com.br\/index.php\/2025\/08\/31\/samba-na-gamboa-comemora-600-programas-com-a-presenca-de-roberta-sa\/#respond"]}]},{"@type":"WebPage","@id":"https:\/\/mrnews.com.br\/index.php\/2025\/08\/31\/samba-na-gamboa-comemora-600-programas-com-a-presenca-de-roberta-sa\/","url":"https:\/\/mrnews.com.br\/index.php\/2025\/08\/31\/samba-na-gamboa-comemora-600-programas-com-a-presenca-de-roberta-sa\/","name":"Samba na Gamboa comemora 600 programas com a presen\u00e7a de Roberta S\u00e1","isPartOf":{"@id":"https:\/\/mrnews.com.br\/#website"},"datePublished":"2025-08-31T12:26:39+00:00","breadcrumb":{"@id":"https:\/\/mrnews.com.br\/index.php\/2025\/08\/31\/samba-na-gamboa-comemora-600-programas-com-a-presenca-de-roberta-sa\/#breadcrumb"},"inLanguage":"pt-BR","potentialAction":[{"@type":"ReadAction","target":["https:\/\/mrnews.com.br\/index.php\/2025\/08\/31\/samba-na-gamboa-comemora-600-programas-com-a-presenca-de-roberta-sa\/"]}]},{"@type":"BreadcrumbList","@id":"https:\/\/mrnews.com.br\/index.php\/2025\/08\/31\/samba-na-gamboa-comemora-600-programas-com-a-presenca-de-roberta-sa\/#breadcrumb","itemListElement":[{"@type":"ListItem","position":1,"name":"In\u00edcio","item":"https:\/\/mrnews.com.br\/"},{"@type":"ListItem","position":2,"name":"Samba na Gamboa comemora 600 programas com a presen\u00e7a de Roberta S\u00e1"}]},{"@type":"WebSite","@id":"https:\/\/mrnews.com.br\/#website","url":"https:\/\/mrnews.com.br\/","name":"MRNews","description":"MRNews Jogos de hoje da TV, transmiss\u00f5es ao vivo, Not\u00edcias de futebol, Jogos ao vivo, Lives, resumo de novelas, Programa\u00e7\u00e3o da Globo, A Fazenda e BBB","publisher":{"@id":"https:\/\/mrnews.com.br\/#organization"},"potentialAction":[{"@type":"SearchAction","target":{"@type":"EntryPoint","urlTemplate":"https:\/\/mrnews.com.br\/?s={search_term_string}"},"query-input":{"@type":"PropertyValueSpecification","valueRequired":true,"valueName":"search_term_string"}}],"inLanguage":"pt-BR"},{"@type":"Organization","@id":"https:\/\/mrnews.com.br\/#organization","name":"MRNews","url":"https:\/\/mrnews.com.br\/","logo":{"@type":"ImageObject","inLanguage":"pt-BR","@id":"https:\/\/mrnews.com.br\/#\/schema\/logo\/image\/","url":"https:\/\/mrnews.com.br\/wp-content\/uploads\/2019\/06\/MRNewslogo2.png","contentUrl":"https:\/\/mrnews.com.br\/wp-content\/uploads\/2019\/06\/MRNewslogo2.png","width":223,"height":58,"caption":"MRNews"},"image":{"@id":"https:\/\/mrnews.com.br\/#\/schema\/logo\/image\/"},"sameAs":["https:\/\/www.facebook.com\/eaipahpah\/?locale2=pt_BR","https:\/\/x.com\/conspirou","https:\/\/www.instagram.com\/eai_pahpah","https:\/\/br.pinterest.com\/mrnewsn\/boards\/","https:\/\/www.youtube.com\/channel\/UCacgnpznQ61fifLWr1tQ-vA?view_as=subscriber"]},{"@type":"Person","@id":"https:\/\/mrnews.com.br\/#\/schema\/person\/be3203154562a9f207407861cef7827b","name":"MR News","image":{"@type":"ImageObject","inLanguage":"pt-BR","@id":"https:\/\/secure.gravatar.com\/avatar\/04084e6d73c042b8646e7c17b494073bf0ede3ea13c7105cfc45cbbbc28385a4?s=96&d=monsterid&r=g","url":"https:\/\/secure.gravatar.com\/avatar\/04084e6d73c042b8646e7c17b494073bf0ede3ea13c7105cfc45cbbbc28385a4?s=96&d=monsterid&r=g","contentUrl":"https:\/\/secure.gravatar.com\/avatar\/04084e6d73c042b8646e7c17b494073bf0ede3ea13c7105cfc45cbbbc28385a4?s=96&d=monsterid&r=g","caption":"MR News"},"description":"Especializado em jornalismo colaborativo pela FTP em n\u00edvel de p\u00f3s-gradua\u00e7\u00e3o. suporte@oimeliga.combr","sameAs":["HUGO R.","Admin"],"url":"https:\/\/mrnews.com.br\/index.php\/author\/admin\/"}]}},"jetpack_featured_media_url":"","jetpack_sharing_enabled":true,"jetpack_shortlink":"https:\/\/wp.me\/pa2Qf7-1SJR","amp_enabled":true,"_links":{"self":[{"href":"https:\/\/mrnews.com.br\/index.php\/wp-json\/wp\/v2\/posts\/448747","targetHints":{"allow":["GET"]}}],"collection":[{"href":"https:\/\/mrnews.com.br\/index.php\/wp-json\/wp\/v2\/posts"}],"about":[{"href":"https:\/\/mrnews.com.br\/index.php\/wp-json\/wp\/v2\/types\/post"}],"author":[{"embeddable":true,"href":"https:\/\/mrnews.com.br\/index.php\/wp-json\/wp\/v2\/users\/1"}],"replies":[{"embeddable":true,"href":"https:\/\/mrnews.com.br\/index.php\/wp-json\/wp\/v2\/comments?post=448747"}],"version-history":[{"count":0,"href":"https:\/\/mrnews.com.br\/index.php\/wp-json\/wp\/v2\/posts\/448747\/revisions"}],"wp:attachment":[{"href":"https:\/\/mrnews.com.br\/index.php\/wp-json\/wp\/v2\/media?parent=448747"}],"wp:term":[{"taxonomy":"category","embeddable":true,"href":"https:\/\/mrnews.com.br\/index.php\/wp-json\/wp\/v2\/categories?post=448747"},{"taxonomy":"post_tag","embeddable":true,"href":"https:\/\/mrnews.com.br\/index.php\/wp-json\/wp\/v2\/tags?post=448747"}],"curies":[{"name":"wp","href":"https:\/\/api.w.org\/{rel}","templated":true}]}}