{"id":448748,"date":"2025-08-31T10:08:38","date_gmt":"2025-08-31T13:08:38","guid":{"rendered":"https:\/\/mrnews.com.br\/index.php\/2025\/08\/31\/hoje-e-dia-prevencao-ao-suicidio-e-doacao-de-orgaos-sao-os-destaques\/"},"modified":"2025-08-31T10:08:38","modified_gmt":"2025-08-31T13:08:38","slug":"hoje-e-dia-prevencao-ao-suicidio-e-doacao-de-orgaos-sao-os-destaques","status":"publish","type":"post","link":"https:\/\/mrnews.com.br\/index.php\/2025\/08\/31\/hoje-e-dia-prevencao-ao-suicidio-e-doacao-de-orgaos-sao-os-destaques\/","title":{"rendered":"Hoje \u00e9 Dia: preven\u00e7\u00e3o ao suic\u00eddio e doa\u00e7\u00e3o de \u00f3rg\u00e3os s\u00e3o os destaques"},"content":{"rendered":"<p>Por EBC, <\/p>\n<div>\n<p>As duas mobiliza\u00e7\u00f5es mais importantes de setembro come\u00e7am no dia 1\u00ba do m\u00eas. A primeira \u00e9 o <em>Setembro Amarelo<\/em>, que tem como objetivo promover o debate sobre a preven\u00e7\u00e3o ao suic\u00eddio. Os ve\u00edculos da Empresa Brasil de Comunica\u00e7\u00e3o (EBC) j\u00e1 abordaram a campanha sob diversos \u00e2ngulos, como os cuidados com a sa\u00fade mental, o combate ao preconceito e as formas de apoio \u00e0s pessoas que apresentam sintomas que podem lev\u00e1-las a tirar a pr\u00f3pria vida. A <strong>Ag\u00eancia Brasil<\/strong> publicou v\u00e1rias mat\u00e9rias sobre a tem\u00e1tica, <strong>que podem ser conferidas aqui<\/strong>. A <strong>R\u00e1dio Nacional<\/strong><b>\u00a0<\/b>tamb\u00e9m publicou uma s\u00e9rie especial, em 2024. A campanha tamb\u00e9m ganhou destaque na <strong>Ag\u00eancia Gov<\/strong>, em 2023, e nos jornais <em>Rep\u00f3rter Brasil<\/em> (em 2022) e <em>Rep\u00f3rter Brasil Tarde<\/em> (2023), da <strong>TV Brasil<\/strong>.\u00a0<\/p>\n<p><span class=\"embed-youtube\" style=\"text-align:center; display: block;\"><iframe loading=\"lazy\" class=\"youtube-player\" width=\"640\" height=\"360\" src=\"https:\/\/www.youtube.com\/embed\/Gg3sv7WgKlg?version=3&#038;rel=1&#038;showsearch=0&#038;showinfo=1&#038;iv_load_policy=1&#038;fs=1&#038;hl=pt-BR&#038;autohide=2&#038;wmode=transparent\" allowfullscreen=\"true\" style=\"border:0;\" sandbox=\"allow-scripts allow-same-origin allow-popups allow-presentation allow-popups-to-escape-sandbox\"><\/iframe><\/span><span class=\"embed-youtube\" style=\"text-align:center; display: block;\"><iframe loading=\"lazy\" class=\"youtube-player\" width=\"640\" height=\"360\" src=\"https:\/\/www.youtube.com\/embed\/_JrBvM1TjtU?version=3&#038;rel=1&#038;showsearch=0&#038;showinfo=1&#038;iv_load_policy=1&#038;fs=1&#038;hl=pt-BR&#038;autohide=2&#038;wmode=transparent\" allowfullscreen=\"true\" style=\"border:0;\" sandbox=\"allow-scripts allow-same-origin allow-popups allow-presentation allow-popups-to-escape-sandbox\"><\/iframe><\/span><\/p>\n<p>No dia 1\u00ba tamb\u00e9m tem in\u00edcio o <em>Setembro Verde<\/em>, campanha de incentivo \u00e0 doa\u00e7\u00e3o de \u00f3rg\u00e3os. Segundo dados mais recentes do Minist\u00e9rio da Sa\u00fade, 78 mil brasileiros est\u00e3o na fila de espera de um transplante. A <strong>Ag\u00eancia Brasil<\/strong> falou sobre o tema de forma abrangente no ano passado, em reportagem explicando como a pessoa pode se tornar uma doadora. Esta tamb\u00e9m foi a abordagem do <em>Tarde Nacional<\/em>, da <strong>R\u00e1dio Nacional<\/strong>, em edi\u00e7\u00e3o de 2018. A <strong>Radioag\u00eancia Nacional <\/strong>destacou que o Brasil \u00e9 o primeiro pa\u00eds do mundo em n\u00famero de transplantes de \u00f3rg\u00e3os feitos pelo sistema p\u00fablico de sa\u00fade. E a import\u00e2ncia do doador comunicar seu desejo \u00e0 fam\u00edlia foi destacada em reportagens do jornal <em>Brasil em Dia<\/em>, do <strong>Canal Gov<\/strong>, e do <em>Rep\u00f3rter Brasil<\/em>, da <strong>TV Brasil<\/strong>, ambas exibidas em 2021.\u00a0<\/p>\n<p><span class=\"embed-youtube\" style=\"text-align:center; display: block;\"><iframe loading=\"lazy\" class=\"youtube-player\" width=\"640\" height=\"360\" src=\"https:\/\/www.youtube.com\/embed\/nn5PdKNQQsk?version=3&#038;rel=1&#038;showsearch=0&#038;showinfo=1&#038;iv_load_policy=1&#038;fs=1&#038;hl=pt-BR&#038;autohide=2&#038;wmode=transparent\" allowfullscreen=\"true\" style=\"border:0;\" sandbox=\"allow-scripts allow-same-origin allow-popups allow-presentation allow-popups-to-escape-sandbox\"><\/iframe><\/span><span class=\"embed-youtube\" style=\"text-align:center; display: block;\"><iframe loading=\"lazy\" class=\"youtube-player\" width=\"640\" height=\"360\" src=\"https:\/\/www.youtube.com\/embed\/_vTXRJuNJp8?version=3&#038;rel=1&#038;showsearch=0&#038;showinfo=1&#038;iv_load_policy=1&#038;fs=1&#038;hl=pt-BR&#038;autohide=2&#038;wmode=transparent\" allowfullscreen=\"true\" style=\"border:0;\" sandbox=\"allow-scripts allow-same-origin allow-popups allow-presentation allow-popups-to-escape-sandbox\"><\/iframe><\/span><\/p>\n<p>Esta semana a <strong>R\u00e1dio Nacional da Amaz\u00f4nia<\/strong>, ve\u00edculo da Empresa Brasil de Comunica\u00e7\u00e3o (EBC), completa 48 anos, no dia 1\u00ba de setembro. A emissora transmite desde 1977 para a regi\u00e3o da Amaz\u00f4nia Legal, com cobertura de mais da metade do territ\u00f3rio brasileiro. Alcan\u00e7a, potencialmente, 60 milh\u00f5es de habitantes, e com suas ondas curtas leva informa\u00e7\u00e3o, entretenimento e presta\u00e7\u00e3o de servi\u00e7os para ribeirinhos, aldeias no meio da floresta, cidades pequenas das \u00e1reas rurais e at\u00e9 em outros pa\u00edses. Para muitos\u00a0ouvintes, a <strong>Nacional da Amaz\u00f4nia<\/strong> \u00e9 a \u00fanica fonte de informa\u00e7\u00e3o. A import\u00e2ncia da emissora foi destacada nesta reportagem da <strong>Ag\u00eancia Brasil<\/strong>, publicada em 2023, e nesta edi\u00e7\u00e3o do <em>Rep\u00f3rter Brasil Tarde<\/em>, da <strong>TV Brasil<\/strong>, de 2017.\u00a0<\/p>\n<p><span class=\"embed-youtube\" style=\"text-align:center; display: block;\"><iframe loading=\"lazy\" class=\"youtube-player\" width=\"640\" height=\"360\" src=\"https:\/\/www.youtube.com\/embed\/-mH7cgWot70?version=3&#038;rel=1&#038;showsearch=0&#038;showinfo=1&#038;iv_load_policy=1&#038;fs=1&#038;hl=pt-BR&#038;autohide=2&#038;wmode=transparent\" allowfullscreen=\"true\" style=\"border:0;\" sandbox=\"allow-scripts allow-same-origin allow-popups allow-presentation allow-popups-to-escape-sandbox\"><\/iframe><\/span><\/p>\n<h2><strong>Sa\u00fade<\/strong><\/h2>\n<p>A pr\u00e1tica de atividades f\u00edsicas \u00e9 componente essencial na manuten\u00e7\u00e3o da sa\u00fade do corpo e da mente. Previne diversas doen\u00e7as e, em alguns casos, serve tamb\u00e9m para\u00a0promover\u00a0a cidadania. E a import\u00e2ncia de praticar exerc\u00edcios com acompanhamento qualificado \u00e9 o mote do <em>Dia do Profissional de Educa\u00e7\u00e3o F\u00edsica<\/em>, comemorado em 1\u00ba de setembro. A efem\u00e9ride foi o foco desta reportagem da <strong>Ag\u00eancia Brasil<\/strong>, de 2017, e desta edi\u00e7\u00e3o do podcast <em>Bate Papo Ponto Com<\/em>, da <strong>R\u00e1dio MEC AM<\/strong>, que foi ao ar em 2018. J\u00e1 a <strong>TV Brasil <\/strong>falou sobre a necessidade de capacitar os profissionais de educa\u00e7\u00e3o f\u00edsica para trabalhar com pessoas com defici\u00eancia, nesta edi\u00e7\u00e3o do <em>Rep\u00f3rter Brasil<\/em>, de 2016.<\/p>\n<p><span class=\"embed-youtube\" style=\"text-align:center; display: block;\"><iframe loading=\"lazy\" class=\"youtube-player\" width=\"640\" height=\"360\" src=\"https:\/\/www.youtube.com\/embed\/IriTF9ro3ew?version=3&#038;rel=1&#038;showsearch=0&#038;showinfo=1&#038;iv_load_policy=1&#038;fs=1&#038;hl=pt-BR&#038;autohide=2&#038;wmode=transparent\" allowfullscreen=\"true\" style=\"border:0;\" sandbox=\"allow-scripts allow-same-origin allow-popups allow-presentation allow-popups-to-escape-sandbox\"><\/iframe><\/span><\/p>\n<h2><strong>Hist\u00f3ria<\/strong><\/h2>\n<p>O dia 31 de setembro de 2016 abalou a hist\u00f3ria pol\u00edtica nacional, com a aprova\u00e7\u00e3o, pelo Senado, do impeachment da presidente Dilma Rousseff, por supostos crimes de responsabilidade fiscal. A C\u00e2mara j\u00e1 havia aprovado o pleito, por 367 votos a favor. E com a posi\u00e7\u00e3o favor\u00e1vel de 61 senadores, a petista perdeu de vez o mandato, sendo substitu\u00edda pelo vice-presidente Michel Temer. Como n\u00e3o poderia deixar de ser, essa p\u00e1gina da hist\u00f3ria brasileira teve ampla cobertura dos ve\u00edculos da EBC, como nesta reportagem da <strong>Ag\u00eancia Brasil<\/strong>, <strong>nesta outra aqui<\/strong>, nesta mat\u00e9ria da <strong>Radioag\u00eancia Nacional<\/strong>, nesta edi\u00e7\u00e3o do <em>Rep\u00f3rter Brasil<\/em> e nesta do <em>Rep\u00f3rter Brasil Tarde<\/em>, jornais da<strong> TV Brasil<\/strong>.<\/p>\n<p><span class=\"embed-youtube\" style=\"text-align:center; display: block;\"><iframe loading=\"lazy\" class=\"youtube-player\" width=\"640\" height=\"360\" src=\"https:\/\/www.youtube.com\/embed\/gKkpe53jaPk?version=3&#038;rel=1&#038;showsearch=0&#038;showinfo=1&#038;iv_load_policy=1&#038;fs=1&#038;hl=pt-BR&#038;autohide=2&#038;wmode=transparent\" allowfullscreen=\"true\" style=\"border:0;\" sandbox=\"allow-scripts allow-same-origin allow-popups allow-presentation allow-popups-to-escape-sandbox\"><\/iframe><\/span><span class=\"embed-youtube\" style=\"text-align:center; display: block;\"><iframe loading=\"lazy\" class=\"youtube-player\" width=\"640\" height=\"360\" src=\"https:\/\/www.youtube.com\/embed\/iixoCWeOvIQ?version=3&#038;rel=1&#038;showsearch=0&#038;showinfo=1&#038;iv_load_policy=1&#038;fs=1&#038;hl=pt-BR&#038;autohide=2&#038;wmode=transparent\" allowfullscreen=\"true\" style=\"border:0;\" sandbox=\"allow-scripts allow-same-origin allow-popups allow-presentation allow-popups-to-escape-sandbox\"><\/iframe><\/span><\/p>\n<p>No dia 2 de setembro de 1945, h\u00e1 80 anos, acontecia o \u00faltimo ato da Segunda Guerra Mundial, dando fim ao conflito. Nesta data o Jap\u00e3o assinou a Declara\u00e7\u00e3o Incondicional de Rendi\u00e7\u00e3o. Ap\u00f3s os ataques nucleares a Hiroshima e Nagazaki e a derrota do ex\u00e9rcito imperial japon\u00eas, o imperador Hirohito ordenou ao Conselho de Guerra do pa\u00eds que tentasse negociar uma paz minimamente honrosa com os Aliados. A rendi\u00e7\u00e3o japonesa foi o foco desta reportagem da <strong>Ag\u00eancia Brasil<\/strong>, de 2014, e desta do <em>Rep\u00f3rter Brasil<\/em>, da <strong>TV Brasil<\/strong>, exibida em 2015.\u00a0<\/p>\n<p><span class=\"embed-youtube\" style=\"text-align:center; display: block;\"><iframe loading=\"lazy\" class=\"youtube-player\" width=\"640\" height=\"360\" src=\"https:\/\/www.youtube.com\/embed\/0E7WJx5cCD4?version=3&#038;rel=1&#038;showsearch=0&#038;showinfo=1&#038;iv_load_policy=1&#038;fs=1&#038;hl=pt-BR&#038;autohide=2&#038;wmode=transparent\" allowfullscreen=\"true\" style=\"border:0;\" sandbox=\"allow-scripts allow-same-origin allow-popups allow-presentation allow-popups-to-escape-sandbox\"><\/iframe><\/span><\/p>\n<h2><strong>Meio ambiente e mulheres ind\u00edgenas<\/strong><\/h2>\n<p>O dia 5 de setembro marca o <em>Dia da Amaz\u00f4nia<\/em>, que lembra a import\u00e2ncia da preserva\u00e7\u00e3o da maior floresta tropical do mundo. A data faz refer\u00eancia \u00e0 cria\u00e7\u00e3o, em 1850, da prov\u00edncia (hoje estado) do Amazonas pelo Imperador D. Pedro II. A <strong>Ag\u00eancia Brasil<\/strong> aproveitou a efem\u00e9ride para falar sobre os problemas que amea\u00e7am o bioma, como o desmatamento, o garimpo ilegal e a grilagem de terras, em reportagem de 2023. No mesmo ano, a <strong>Ag\u00eancia Gov<\/strong> falou sobre os desafios de conciliar a preserva\u00e7\u00e3o com o desenvolvimento da regi\u00e3o. Os problemas provocados pelas mudan\u00e7as clim\u00e1ticas, como o aumento dos focos de queimadas e a seca severa dos rios, foram abordados pelo <em>Rep\u00f3rter Brasil<\/em>, da <strong>TV Brasil<\/strong>, em 2024. E no mesmo ano o <em>Tarde Nacional<\/em>, da <strong>R\u00e1dio Nacional<\/strong>, trouxe uma entrevista sobre as diferentes realidades e a complexidade da regi\u00e3o.<\/p>\n<p>Na mesma data em que celebramos o <em>Dia da Amaz\u00f4nia<\/em> temos tamb\u00e9m o <em>Dia Internacional da Mulher Ind\u00edgena<\/em>, efem\u00e9ride institu\u00edda em 1983 durante o <em>2\u00ba Encontro de Organiza\u00e7\u00f5es e Movimentos da Am\u00e9rica<\/em>, realizado na Bol\u00edvia. A data marca a morte da l\u00edder ind\u00edgena aimar\u00e1 Bartolina Sisa, em 5 de setembro 1782. Ela lutava contra a coloniza\u00e7\u00e3o espanhola no s\u00e9culo XVIII, quando foi capturada, torturada e brutalmente executada. A <strong>Ag\u00eancia Brasil<\/strong> destacou o protagonismo da mulher ind\u00edgena nesta reportagem de 2021. Tamb\u00e9m apresentou a escritora Eliane Potiguara, primeira mulher ind\u00edgena a publicar um livro no Brasil, <strong>neste texto de 2024<\/strong>. A <strong>TV Brasil <\/strong>destacou a tem\u00e1tica em 2023, no <em>Rep\u00f3rter Brasil<\/em>, nesta reportagem sobre a primeira mulher ind\u00edgena a assumir a presid\u00eancia da Funai, <strong>e nesta outra<\/strong>, sobre a cria\u00e7\u00e3o da rede de mulheres ind\u00edgenas cineastas.\u00a0<\/p>\n<p><span class=\"embed-youtube\" style=\"text-align:center; display: block;\"><iframe loading=\"lazy\" class=\"youtube-player\" width=\"640\" height=\"360\" src=\"https:\/\/www.youtube.com\/embed\/FKZ5veq3BJI?version=3&#038;rel=1&#038;showsearch=0&#038;showinfo=1&#038;iv_load_policy=1&#038;fs=1&#038;hl=pt-BR&#038;autohide=2&#038;wmode=transparent\" allowfullscreen=\"true\" style=\"border:0;\" sandbox=\"allow-scripts allow-same-origin allow-popups allow-presentation allow-popups-to-escape-sandbox\"><\/iframe><\/span><span class=\"embed-youtube\" style=\"text-align:center; display: block;\"><iframe loading=\"lazy\" class=\"youtube-player\" width=\"640\" height=\"360\" src=\"https:\/\/www.youtube.com\/embed\/ynPv0ELXRI4?version=3&#038;rel=1&#038;showsearch=0&#038;showinfo=1&#038;iv_load_policy=1&#038;fs=1&#038;hl=pt-BR&#038;autohide=2&#038;wmode=transparent\" allowfullscreen=\"true\" style=\"border:0;\" sandbox=\"allow-scripts allow-same-origin allow-popups allow-presentation allow-popups-to-escape-sandbox\"><\/iframe><\/span><\/p>\n<h2><strong>Figuras hist\u00f3ricas<\/strong><\/h2>\n<p>H\u00e1 27 anos, no dia 31 de agosto de 1997, a morte de Diana Spencer, princesa de Gales, comoveu o mundo e mergulhou o povo brit\u00e2nico em um luto coletivo sem precedentes na hist\u00f3ria do Reino Unido. Conhecida como \u201cprincesa do povo\u201d, por seu engajamento nas causas sociais, Diana foi v\u00edtima de um acidente fatal quando o carro em que estava colidiu com uma pilastra do T\u00fanel d\u2019Alma, em Paris, na Fran\u00e7a, enquanto ela tentava fugir do ass\u00e9dio dos paparazzi. O epis\u00f3dio tr\u00e1gico foi relembrado nesta reportagem da <strong>Ag\u00eancia Brasil<\/strong>, de 2017, nesta edi\u00e7\u00e3o do <em>Hist\u00f3ria Hoje<\/em>, da <strong>R\u00e1dio Nacional<\/strong>, veiculada 2022, e nesta reportagem do <em>Rep\u00f3rter Brasil<\/em>, da <strong>TV Brasil<\/strong>, tamb\u00e9m de 2022.<\/p>\n<p><span class=\"embed-youtube\" style=\"text-align:center; display: block;\"><iframe loading=\"lazy\" class=\"youtube-player\" width=\"640\" height=\"360\" src=\"https:\/\/www.youtube.com\/embed\/lTIEsLltWMo?version=3&#038;rel=1&#038;showsearch=0&#038;showinfo=1&#038;iv_load_policy=1&#038;fs=1&#038;hl=pt-BR&#038;autohide=2&#038;wmode=transparent\" allowfullscreen=\"true\" style=\"border:0;\" sandbox=\"allow-scripts allow-same-origin allow-popups allow-presentation allow-popups-to-escape-sandbox\"><\/iframe><\/span><\/p>\n<h2><strong>Confira a rela\u00e7\u00e3o completa de datas do Hoje \u00e9 Dia de 31 de Agosto a 6 de Setembro de 2025.<\/strong><\/h2>\n<p><!-- Agosto \/ Setembro --><\/p>\n<div class=\"cmpTable tcols-2\">\n<p>Agosto \/ Setembro de 2025<\/p>\n<p>31\/8<\/p>\n<div class=\"cmpTableCell cmpTopics\">\n<p>Aprova\u00e7\u00e3o no Senado, por 61 votos a favor e 20 contr\u00e1rios, do impeachment da presidente Dilma Rousseff, em 2016. Com a perda do mandato, assumiu a presid\u00eancia o vice-presidente Michel Temer<\/p>\n<p>Morte de Diana Spencer, princesa de Gales, em 1997 (27 anos). Conhecida como \u201cprincesa do povo\u201d, Diana foi v\u00edtima de um acidente fatal quando o carro em que estava colidiu com uma pilastra do T\u00fanel d\u2019Alma, em Paris, na Fran\u00e7a, enquanto ela tentava fugir do ass\u00e9dio dos paparazzi<\/p>\n<\/div>\n<p>1\u00ba\/9<\/p>\n<div class=\"cmpTableCell cmpTopics\">\n<p>Dia do Profissional de Educa\u00e7\u00e3o F\u00edsica<\/p>\n<p>Cria\u00e7\u00e3o do Sport Club Corinthians Paulista (115 anos) &#8211; popularmente conhecido como Corinthians e pelos apelidos de &#8220;Tim\u00e3o&#8221; e &#8220;Coring\u00e3o&#8221;, \u00e9 um dos maiores clubes esportivos do Brasil<\/p>\n<p>Lan\u00e7amento do programa esportivo &#8220;No mundo da bola&#8221;, na R\u00e1dio Nacional do Rio de Janeiro (78 anos)<\/p>\n<p>In\u00edcio das transmiss\u00f5es do Projeto Minerva (55 anos)<\/p>\n<p>Inaugura\u00e7\u00e3o da R\u00e1dio Nacional da Amaz\u00f4nia (48 anos)<\/p>\n<p>Setembro Verde &#8211; campanha de promo\u00e7\u00e3o \u00e0 doa\u00e7\u00e3o de \u00f3rg\u00e3os<\/p>\n<p>Setembro Amarelo &#8211; campanha de promo\u00e7\u00e3o do debate sobre a preven\u00e7\u00e3o ao suic\u00eddio<\/p>\n<\/div>\n<p>2\/9<\/p>\n<div class=\"cmpTableCell cmpTopics\">\n<p>Nascimento do m\u00fasico paulista Arnaldo Antunes (65 anos)<\/p>\n<p>Fim da Segunda Guerra Mundial no Pac\u00edfico, com o ato de rendi\u00e7\u00e3o do Jap\u00e3o (80 anos)<\/p>\n<p>Dia do Rep\u00f3rter Fotogr\u00e1fico &#8211; comemora\u00e7\u00e3o extraoficial no Brasil, que conta com o apoio de v\u00e1rias entidades representativas da categoria, como por exemplo, a Associa\u00e7\u00e3o Profissional dos Rep\u00f3rteres Fotogr\u00e1ficos e Cinematogr\u00e1ficos do Estado do Rio de Janeiro<\/p>\n<\/div>\n<p>3\/9<\/p>\n<div class=\"cmpTableCell cmpTopics\">\n<p>Nascimento do escritor uruguaio Eduardo Galeano (85 anos)<\/p>\n<p>Inaugura\u00e7\u00e3o do Museu da Imagem e do Som no Rio de Janeiro (60 anos)<\/p>\n<\/div>\n<p>4\/9<\/p>\n<div class=\"cmpTableCell cmpTopics\">\n<p>Morte do ator fluminense Paulo Gracindo (30 anos)<\/p>\n<p>Promulga\u00e7\u00e3o da Lei Eus\u00e9bio de Queiroz, que proibiu a entrada de escravizados africanos no Brasil, criminalizando quem a infringisse (175 anos)<\/p>\n<p>Mudan\u00e7a do nome da capital do estado da Para\u00edba de Cidade da Parahyba para Jo\u00e3o Pessoa (95 anos) &#8211; a mudan\u00e7a foi uma homenagem ao ex-governador Jo\u00e3o Pessoa Cavalcanti de Albuquerque<\/p>\n<\/div>\n<p>5\/9<\/p>\n<div class=\"cmpTableCell cmpTopics\">\n<p>Dia Internacional da Caridade &#8211; data reconhecida pela ONU<\/p>\n<p>Dia Internacional da Mulher Ind\u00edgena &#8211; comemora\u00e7\u00e3o institu\u00edda durante o &#8220;2\u00ba Encontro de Organiza\u00e7\u00f5es e Movimentos da Am\u00e9rica&#8221;, que referendou decis\u00e3o do &#8220;Congresso Campon\u00eas da Bol\u00edvia&#8221; de 1978, para marcar a data da morte da guerreira aymara e opositora do regime colonial espanhol Bartolina Siza Maturana; juntamente com sua cunhada e tamb\u00e9m hero\u00edna aymara Gregoria Apaza. Ambas foram enforcadas e esquartejadas por colonizadores espanh\u00f3is em 5 de setembro de 1782<\/p>\n<p>Dia da Amaz\u00f4nia<\/p>\n<\/div>\n<p>6\/9<\/p>\n<div class=\"cmpTableCell cmpTopics\">\n<p>Nascimento da ativista, assistente social e soci\u00f3loga estadunidense Jane Addams (165 anos) &#8211; conhecida como &#8220;a m\u00e3e do trabalho social&#8221;, foi a segunda mulher a ganhar o Pr\u00eamio Nobel da Paz<\/p>\n<p>Nascimento da atriz, cantora, compositora e vedete paulista Elvira Pag\u00e3 (105 anos)<\/p>\n<\/div>\n<\/div>\n<p><em>*As datas s\u00e3o selecionadas pela equipe de pesquisadores do Projeto Efem\u00e9rides, da Ger\u00eancia de Acervo da <strong>Empresa Brasil de Comunica\u00e7\u00e3o (EBC)<\/strong>, que traz temas relacionados \u00e0 cultura, hist\u00f3ria, ci\u00eancia e personalidades, sempre ressaltando marcos nacionais e regionais. A Ger\u00eancia de Acervo tamb\u00e9m atende aos pedidos de pesquisa do p\u00fablico externo. Basta enviar um e-mail para <strong>centraldepesquisas@ebc.com.br<\/strong>.<\/em><\/p>\n<p>\u00a0<\/p>\n<p>      <!-- Relacionada --><br \/>\n            <!-- Relacionada -->\n    <\/div>\n","protected":false},"excerpt":{"rendered":"<p>Por EBC, As duas mobiliza\u00e7\u00f5es mais importantes de setembro come\u00e7am no dia 1\u00ba do m\u00eas. A primeira \u00e9 o Setembro Amarelo, que tem como objetivo promover o debate sobre a preven\u00e7\u00e3o ao suic\u00eddio. Os ve\u00edculos da Empresa Brasil de Comunica\u00e7\u00e3o (EBC) j\u00e1 abordaram a campanha sob diversos \u00e2ngulos, como os cuidados com a sa\u00fade mental, &hellip;<\/p>\n","protected":false},"author":1,"featured_media":0,"comment_status":"open","ping_status":"open","sticky":false,"template":"","format":"standard","meta":{"_jetpack_memberships_contains_paid_content":false,"footnotes":""},"categories":[2,12225,4],"tags":[],"class_list":["post-448748","post","type-post","status-publish","format-standard","hentry","category-entretenimento","category-noticias","category-servicos"],"yoast_head":"<!-- This site is optimized with the Yoast SEO plugin v27.4 - https:\/\/yoast.com\/product\/yoast-seo-wordpress\/ -->\n<title>Hoje \u00e9 Dia: preven\u00e7\u00e3o ao suic\u00eddio e doa\u00e7\u00e3o de \u00f3rg\u00e3os s\u00e3o os destaques<\/title>\n<meta name=\"robots\" content=\"index, follow, max-snippet:-1, max-image-preview:large, max-video-preview:-1\" \/>\n<link rel=\"canonical\" href=\"https:\/\/mrnews.com.br\/index.php\/2025\/08\/31\/hoje-e-dia-prevencao-ao-suicidio-e-doacao-de-orgaos-sao-os-destaques\/\" \/>\n<meta property=\"og:locale\" content=\"pt_BR\" \/>\n<meta property=\"og:type\" content=\"article\" \/>\n<meta property=\"og:title\" content=\"Hoje \u00e9 Dia: preven\u00e7\u00e3o ao suic\u00eddio e doa\u00e7\u00e3o de \u00f3rg\u00e3os s\u00e3o os destaques\" \/>\n<meta property=\"og:description\" content=\"Por EBC, As duas mobiliza\u00e7\u00f5es mais importantes de setembro come\u00e7am no dia 1\u00ba do m\u00eas. A primeira \u00e9 o Setembro Amarelo, que tem como objetivo promover o debate sobre a preven\u00e7\u00e3o ao suic\u00eddio. Os ve\u00edculos da Empresa Brasil de Comunica\u00e7\u00e3o (EBC) j\u00e1 abordaram a campanha sob diversos \u00e2ngulos, como os cuidados com a sa\u00fade mental, &hellip;\" \/>\n<meta property=\"og:url\" content=\"https:\/\/mrnews.com.br\/index.php\/2025\/08\/31\/hoje-e-dia-prevencao-ao-suicidio-e-doacao-de-orgaos-sao-os-destaques\/\" \/>\n<meta property=\"og:site_name\" content=\"MRNews\" \/>\n<meta property=\"article:publisher\" content=\"https:\/\/www.facebook.com\/eaipahpah\/?locale2=pt_BR\" \/>\n<meta property=\"article:published_time\" content=\"2025-08-31T13:08:38+00:00\" \/>\n<meta name=\"author\" content=\"MR News\" \/>\n<meta name=\"twitter:card\" content=\"summary_large_image\" \/>\n<meta name=\"twitter:creator\" content=\"@conspirou\" \/>\n<meta name=\"twitter:site\" content=\"@conspirou\" \/>\n<meta name=\"twitter:label1\" content=\"Escrito por\" \/>\n\t<meta name=\"twitter:data1\" content=\"MR News\" \/>\n\t<meta name=\"twitter:label2\" content=\"Est. tempo de leitura\" \/>\n\t<meta name=\"twitter:data2\" content=\"9 minutos\" \/>\n<script type=\"application\/ld+json\" class=\"yoast-schema-graph\">{\"@context\":\"https:\\\/\\\/schema.org\",\"@graph\":[{\"@type\":\"Article\",\"@id\":\"https:\\\/\\\/mrnews.com.br\\\/index.php\\\/2025\\\/08\\\/31\\\/hoje-e-dia-prevencao-ao-suicidio-e-doacao-de-orgaos-sao-os-destaques\\\/#article\",\"isPartOf\":{\"@id\":\"https:\\\/\\\/mrnews.com.br\\\/index.php\\\/2025\\\/08\\\/31\\\/hoje-e-dia-prevencao-ao-suicidio-e-doacao-de-orgaos-sao-os-destaques\\\/\"},\"author\":{\"name\":\"MR News\",\"@id\":\"https:\\\/\\\/mrnews.com.br\\\/#\\\/schema\\\/person\\\/be3203154562a9f207407861cef7827b\"},\"headline\":\"Hoje \u00e9 Dia: preven\u00e7\u00e3o ao suic\u00eddio e doa\u00e7\u00e3o de \u00f3rg\u00e3os s\u00e3o os destaques\",\"datePublished\":\"2025-08-31T13:08:38+00:00\",\"mainEntityOfPage\":{\"@id\":\"https:\\\/\\\/mrnews.com.br\\\/index.php\\\/2025\\\/08\\\/31\\\/hoje-e-dia-prevencao-ao-suicidio-e-doacao-de-orgaos-sao-os-destaques\\\/\"},\"wordCount\":1896,\"commentCount\":0,\"publisher\":{\"@id\":\"https:\\\/\\\/mrnews.com.br\\\/#organization\"},\"articleSection\":[\"ENTRETENIMENTO\",\"NOTICIAS\",\"SERVI\u00c7OS\"],\"inLanguage\":\"pt-BR\",\"potentialAction\":[{\"@type\":\"CommentAction\",\"name\":\"Comment\",\"target\":[\"https:\\\/\\\/mrnews.com.br\\\/index.php\\\/2025\\\/08\\\/31\\\/hoje-e-dia-prevencao-ao-suicidio-e-doacao-de-orgaos-sao-os-destaques\\\/#respond\"]}]},{\"@type\":\"WebPage\",\"@id\":\"https:\\\/\\\/mrnews.com.br\\\/index.php\\\/2025\\\/08\\\/31\\\/hoje-e-dia-prevencao-ao-suicidio-e-doacao-de-orgaos-sao-os-destaques\\\/\",\"url\":\"https:\\\/\\\/mrnews.com.br\\\/index.php\\\/2025\\\/08\\\/31\\\/hoje-e-dia-prevencao-ao-suicidio-e-doacao-de-orgaos-sao-os-destaques\\\/\",\"name\":\"Hoje \u00e9 Dia: preven\u00e7\u00e3o ao suic\u00eddio e doa\u00e7\u00e3o de \u00f3rg\u00e3os s\u00e3o os destaques\",\"isPartOf\":{\"@id\":\"https:\\\/\\\/mrnews.com.br\\\/#website\"},\"datePublished\":\"2025-08-31T13:08:38+00:00\",\"breadcrumb\":{\"@id\":\"https:\\\/\\\/mrnews.com.br\\\/index.php\\\/2025\\\/08\\\/31\\\/hoje-e-dia-prevencao-ao-suicidio-e-doacao-de-orgaos-sao-os-destaques\\\/#breadcrumb\"},\"inLanguage\":\"pt-BR\",\"potentialAction\":[{\"@type\":\"ReadAction\",\"target\":[\"https:\\\/\\\/mrnews.com.br\\\/index.php\\\/2025\\\/08\\\/31\\\/hoje-e-dia-prevencao-ao-suicidio-e-doacao-de-orgaos-sao-os-destaques\\\/\"]}]},{\"@type\":\"BreadcrumbList\",\"@id\":\"https:\\\/\\\/mrnews.com.br\\\/index.php\\\/2025\\\/08\\\/31\\\/hoje-e-dia-prevencao-ao-suicidio-e-doacao-de-orgaos-sao-os-destaques\\\/#breadcrumb\",\"itemListElement\":[{\"@type\":\"ListItem\",\"position\":1,\"name\":\"In\u00edcio\",\"item\":\"https:\\\/\\\/mrnews.com.br\\\/\"},{\"@type\":\"ListItem\",\"position\":2,\"name\":\"Hoje \u00e9 Dia: preven\u00e7\u00e3o ao suic\u00eddio e doa\u00e7\u00e3o de \u00f3rg\u00e3os s\u00e3o os destaques\"}]},{\"@type\":\"WebSite\",\"@id\":\"https:\\\/\\\/mrnews.com.br\\\/#website\",\"url\":\"https:\\\/\\\/mrnews.com.br\\\/\",\"name\":\"MRNews\",\"description\":\"MRNews Jogos de hoje da TV, transmiss\u00f5es ao vivo, Not\u00edcias de futebol, Jogos ao vivo, Lives, resumo de novelas, Programa\u00e7\u00e3o da Globo, A Fazenda e BBB\",\"publisher\":{\"@id\":\"https:\\\/\\\/mrnews.com.br\\\/#organization\"},\"potentialAction\":[{\"@type\":\"SearchAction\",\"target\":{\"@type\":\"EntryPoint\",\"urlTemplate\":\"https:\\\/\\\/mrnews.com.br\\\/?s={search_term_string}\"},\"query-input\":{\"@type\":\"PropertyValueSpecification\",\"valueRequired\":true,\"valueName\":\"search_term_string\"}}],\"inLanguage\":\"pt-BR\"},{\"@type\":\"Organization\",\"@id\":\"https:\\\/\\\/mrnews.com.br\\\/#organization\",\"name\":\"MRNews\",\"url\":\"https:\\\/\\\/mrnews.com.br\\\/\",\"logo\":{\"@type\":\"ImageObject\",\"inLanguage\":\"pt-BR\",\"@id\":\"https:\\\/\\\/mrnews.com.br\\\/#\\\/schema\\\/logo\\\/image\\\/\",\"url\":\"https:\\\/\\\/mrnews.com.br\\\/wp-content\\\/uploads\\\/2019\\\/06\\\/MRNewslogo2.png\",\"contentUrl\":\"https:\\\/\\\/mrnews.com.br\\\/wp-content\\\/uploads\\\/2019\\\/06\\\/MRNewslogo2.png\",\"width\":223,\"height\":58,\"caption\":\"MRNews\"},\"image\":{\"@id\":\"https:\\\/\\\/mrnews.com.br\\\/#\\\/schema\\\/logo\\\/image\\\/\"},\"sameAs\":[\"https:\\\/\\\/www.facebook.com\\\/eaipahpah\\\/?locale2=pt_BR\",\"https:\\\/\\\/x.com\\\/conspirou\",\"https:\\\/\\\/www.instagram.com\\\/eai_pahpah\",\"https:\\\/\\\/br.pinterest.com\\\/mrnewsn\\\/boards\\\/\",\"https:\\\/\\\/www.youtube.com\\\/channel\\\/UCacgnpznQ61fifLWr1tQ-vA?view_as=subscriber\"]},{\"@type\":\"Person\",\"@id\":\"https:\\\/\\\/mrnews.com.br\\\/#\\\/schema\\\/person\\\/be3203154562a9f207407861cef7827b\",\"name\":\"MR News\",\"image\":{\"@type\":\"ImageObject\",\"inLanguage\":\"pt-BR\",\"@id\":\"https:\\\/\\\/secure.gravatar.com\\\/avatar\\\/04084e6d73c042b8646e7c17b494073bf0ede3ea13c7105cfc45cbbbc28385a4?s=96&d=monsterid&r=g\",\"url\":\"https:\\\/\\\/secure.gravatar.com\\\/avatar\\\/04084e6d73c042b8646e7c17b494073bf0ede3ea13c7105cfc45cbbbc28385a4?s=96&d=monsterid&r=g\",\"contentUrl\":\"https:\\\/\\\/secure.gravatar.com\\\/avatar\\\/04084e6d73c042b8646e7c17b494073bf0ede3ea13c7105cfc45cbbbc28385a4?s=96&d=monsterid&r=g\",\"caption\":\"MR News\"},\"description\":\"Especializado em jornalismo colaborativo pela FTP em n\u00edvel de p\u00f3s-gradua\u00e7\u00e3o. suporte@oimeliga.combr\",\"sameAs\":[\"HUGO R.\",\"Admin\"],\"url\":\"https:\\\/\\\/mrnews.com.br\\\/index.php\\\/author\\\/admin\\\/\"}]}<\/script>\n<!-- \/ Yoast SEO plugin. -->","yoast_head_json":{"title":"Hoje \u00e9 Dia: preven\u00e7\u00e3o ao suic\u00eddio e doa\u00e7\u00e3o de \u00f3rg\u00e3os s\u00e3o os destaques","robots":{"index":"index","follow":"follow","max-snippet":"max-snippet:-1","max-image-preview":"max-image-preview:large","max-video-preview":"max-video-preview:-1"},"canonical":"https:\/\/mrnews.com.br\/index.php\/2025\/08\/31\/hoje-e-dia-prevencao-ao-suicidio-e-doacao-de-orgaos-sao-os-destaques\/","og_locale":"pt_BR","og_type":"article","og_title":"Hoje \u00e9 Dia: preven\u00e7\u00e3o ao suic\u00eddio e doa\u00e7\u00e3o de \u00f3rg\u00e3os s\u00e3o os destaques","og_description":"Por EBC, As duas mobiliza\u00e7\u00f5es mais importantes de setembro come\u00e7am no dia 1\u00ba do m\u00eas. A primeira \u00e9 o Setembro Amarelo, que tem como objetivo promover o debate sobre a preven\u00e7\u00e3o ao suic\u00eddio. Os ve\u00edculos da Empresa Brasil de Comunica\u00e7\u00e3o (EBC) j\u00e1 abordaram a campanha sob diversos \u00e2ngulos, como os cuidados com a sa\u00fade mental, &hellip;","og_url":"https:\/\/mrnews.com.br\/index.php\/2025\/08\/31\/hoje-e-dia-prevencao-ao-suicidio-e-doacao-de-orgaos-sao-os-destaques\/","og_site_name":"MRNews","article_publisher":"https:\/\/www.facebook.com\/eaipahpah\/?locale2=pt_BR","article_published_time":"2025-08-31T13:08:38+00:00","author":"MR News","twitter_card":"summary_large_image","twitter_creator":"@conspirou","twitter_site":"@conspirou","twitter_misc":{"Escrito por":"MR News","Est. tempo de leitura":"9 minutos"},"schema":{"@context":"https:\/\/schema.org","@graph":[{"@type":"Article","@id":"https:\/\/mrnews.com.br\/index.php\/2025\/08\/31\/hoje-e-dia-prevencao-ao-suicidio-e-doacao-de-orgaos-sao-os-destaques\/#article","isPartOf":{"@id":"https:\/\/mrnews.com.br\/index.php\/2025\/08\/31\/hoje-e-dia-prevencao-ao-suicidio-e-doacao-de-orgaos-sao-os-destaques\/"},"author":{"name":"MR News","@id":"https:\/\/mrnews.com.br\/#\/schema\/person\/be3203154562a9f207407861cef7827b"},"headline":"Hoje \u00e9 Dia: preven\u00e7\u00e3o ao suic\u00eddio e doa\u00e7\u00e3o de \u00f3rg\u00e3os s\u00e3o os destaques","datePublished":"2025-08-31T13:08:38+00:00","mainEntityOfPage":{"@id":"https:\/\/mrnews.com.br\/index.php\/2025\/08\/31\/hoje-e-dia-prevencao-ao-suicidio-e-doacao-de-orgaos-sao-os-destaques\/"},"wordCount":1896,"commentCount":0,"publisher":{"@id":"https:\/\/mrnews.com.br\/#organization"},"articleSection":["ENTRETENIMENTO","NOTICIAS","SERVI\u00c7OS"],"inLanguage":"pt-BR","potentialAction":[{"@type":"CommentAction","name":"Comment","target":["https:\/\/mrnews.com.br\/index.php\/2025\/08\/31\/hoje-e-dia-prevencao-ao-suicidio-e-doacao-de-orgaos-sao-os-destaques\/#respond"]}]},{"@type":"WebPage","@id":"https:\/\/mrnews.com.br\/index.php\/2025\/08\/31\/hoje-e-dia-prevencao-ao-suicidio-e-doacao-de-orgaos-sao-os-destaques\/","url":"https:\/\/mrnews.com.br\/index.php\/2025\/08\/31\/hoje-e-dia-prevencao-ao-suicidio-e-doacao-de-orgaos-sao-os-destaques\/","name":"Hoje \u00e9 Dia: preven\u00e7\u00e3o ao suic\u00eddio e doa\u00e7\u00e3o de \u00f3rg\u00e3os s\u00e3o os destaques","isPartOf":{"@id":"https:\/\/mrnews.com.br\/#website"},"datePublished":"2025-08-31T13:08:38+00:00","breadcrumb":{"@id":"https:\/\/mrnews.com.br\/index.php\/2025\/08\/31\/hoje-e-dia-prevencao-ao-suicidio-e-doacao-de-orgaos-sao-os-destaques\/#breadcrumb"},"inLanguage":"pt-BR","potentialAction":[{"@type":"ReadAction","target":["https:\/\/mrnews.com.br\/index.php\/2025\/08\/31\/hoje-e-dia-prevencao-ao-suicidio-e-doacao-de-orgaos-sao-os-destaques\/"]}]},{"@type":"BreadcrumbList","@id":"https:\/\/mrnews.com.br\/index.php\/2025\/08\/31\/hoje-e-dia-prevencao-ao-suicidio-e-doacao-de-orgaos-sao-os-destaques\/#breadcrumb","itemListElement":[{"@type":"ListItem","position":1,"name":"In\u00edcio","item":"https:\/\/mrnews.com.br\/"},{"@type":"ListItem","position":2,"name":"Hoje \u00e9 Dia: preven\u00e7\u00e3o ao suic\u00eddio e doa\u00e7\u00e3o de \u00f3rg\u00e3os s\u00e3o os destaques"}]},{"@type":"WebSite","@id":"https:\/\/mrnews.com.br\/#website","url":"https:\/\/mrnews.com.br\/","name":"MRNews","description":"MRNews Jogos de hoje da TV, transmiss\u00f5es ao vivo, Not\u00edcias de futebol, Jogos ao vivo, Lives, resumo de novelas, Programa\u00e7\u00e3o da Globo, A Fazenda e BBB","publisher":{"@id":"https:\/\/mrnews.com.br\/#organization"},"potentialAction":[{"@type":"SearchAction","target":{"@type":"EntryPoint","urlTemplate":"https:\/\/mrnews.com.br\/?s={search_term_string}"},"query-input":{"@type":"PropertyValueSpecification","valueRequired":true,"valueName":"search_term_string"}}],"inLanguage":"pt-BR"},{"@type":"Organization","@id":"https:\/\/mrnews.com.br\/#organization","name":"MRNews","url":"https:\/\/mrnews.com.br\/","logo":{"@type":"ImageObject","inLanguage":"pt-BR","@id":"https:\/\/mrnews.com.br\/#\/schema\/logo\/image\/","url":"https:\/\/mrnews.com.br\/wp-content\/uploads\/2019\/06\/MRNewslogo2.png","contentUrl":"https:\/\/mrnews.com.br\/wp-content\/uploads\/2019\/06\/MRNewslogo2.png","width":223,"height":58,"caption":"MRNews"},"image":{"@id":"https:\/\/mrnews.com.br\/#\/schema\/logo\/image\/"},"sameAs":["https:\/\/www.facebook.com\/eaipahpah\/?locale2=pt_BR","https:\/\/x.com\/conspirou","https:\/\/www.instagram.com\/eai_pahpah","https:\/\/br.pinterest.com\/mrnewsn\/boards\/","https:\/\/www.youtube.com\/channel\/UCacgnpznQ61fifLWr1tQ-vA?view_as=subscriber"]},{"@type":"Person","@id":"https:\/\/mrnews.com.br\/#\/schema\/person\/be3203154562a9f207407861cef7827b","name":"MR News","image":{"@type":"ImageObject","inLanguage":"pt-BR","@id":"https:\/\/secure.gravatar.com\/avatar\/04084e6d73c042b8646e7c17b494073bf0ede3ea13c7105cfc45cbbbc28385a4?s=96&d=monsterid&r=g","url":"https:\/\/secure.gravatar.com\/avatar\/04084e6d73c042b8646e7c17b494073bf0ede3ea13c7105cfc45cbbbc28385a4?s=96&d=monsterid&r=g","contentUrl":"https:\/\/secure.gravatar.com\/avatar\/04084e6d73c042b8646e7c17b494073bf0ede3ea13c7105cfc45cbbbc28385a4?s=96&d=monsterid&r=g","caption":"MR News"},"description":"Especializado em jornalismo colaborativo pela FTP em n\u00edvel de p\u00f3s-gradua\u00e7\u00e3o. suporte@oimeliga.combr","sameAs":["HUGO R.","Admin"],"url":"https:\/\/mrnews.com.br\/index.php\/author\/admin\/"}]}},"jetpack_featured_media_url":"","jetpack_sharing_enabled":true,"jetpack_shortlink":"https:\/\/wp.me\/pa2Qf7-1SJS","amp_enabled":true,"_links":{"self":[{"href":"https:\/\/mrnews.com.br\/index.php\/wp-json\/wp\/v2\/posts\/448748","targetHints":{"allow":["GET"]}}],"collection":[{"href":"https:\/\/mrnews.com.br\/index.php\/wp-json\/wp\/v2\/posts"}],"about":[{"href":"https:\/\/mrnews.com.br\/index.php\/wp-json\/wp\/v2\/types\/post"}],"author":[{"embeddable":true,"href":"https:\/\/mrnews.com.br\/index.php\/wp-json\/wp\/v2\/users\/1"}],"replies":[{"embeddable":true,"href":"https:\/\/mrnews.com.br\/index.php\/wp-json\/wp\/v2\/comments?post=448748"}],"version-history":[{"count":0,"href":"https:\/\/mrnews.com.br\/index.php\/wp-json\/wp\/v2\/posts\/448748\/revisions"}],"wp:attachment":[{"href":"https:\/\/mrnews.com.br\/index.php\/wp-json\/wp\/v2\/media?parent=448748"}],"wp:term":[{"taxonomy":"category","embeddable":true,"href":"https:\/\/mrnews.com.br\/index.php\/wp-json\/wp\/v2\/categories?post=448748"},{"taxonomy":"post_tag","embeddable":true,"href":"https:\/\/mrnews.com.br\/index.php\/wp-json\/wp\/v2\/tags?post=448748"}],"curies":[{"name":"wp","href":"https:\/\/api.w.org\/{rel}","templated":true}]}}