{"id":448804,"date":"2025-09-01T15:35:39","date_gmt":"2025-09-01T18:35:39","guid":{"rendered":"https:\/\/mrnews.com.br\/index.php\/2025\/09\/01\/ufrj-propoe-re-amazonizar-o-brasil-no-festival-do-conhecimento-2025\/"},"modified":"2025-09-01T15:35:39","modified_gmt":"2025-09-01T18:35:39","slug":"ufrj-propoe-re-amazonizar-o-brasil-no-festival-do-conhecimento-2025","status":"publish","type":"post","link":"https:\/\/mrnews.com.br\/index.php\/2025\/09\/01\/ufrj-propoe-re-amazonizar-o-brasil-no-festival-do-conhecimento-2025\/","title":{"rendered":"UFRJ prop\u00f5e &#8220;Re-Amazonizar o Brasil&#8221; no Festival do Conhecimento 2025"},"content":{"rendered":"<p>Por EBC, <\/p>\n<div>\n<p>O Festival do Conhecimento 2025 da\u00a0Universidade Federal do Rio de Janeiro (UFRJ) ter\u00e1 uma programa\u00e7\u00e3o de\u00a0reflex\u00f5es que p\u00f5e os povos amaz\u00f4nicos no centro do debate. Com o tema \u201cRe-Amazonizar o Brasil: Saberes Ancestrais e Tecnologias&#8221;, o evento acontece\u00a0nos dias 4 e 5 de setembro, no F\u00f3rum de Ci\u00eancia e Cultura, Flamengo, zona sul do Rio de Janeiro.<\/p>\n<p>Segundo a UFRJ, <strong>estar\u00e3o presentes\u00a0lideran\u00e7as ind\u00edgenas, pesquisadores, artistas e ativistas para debater os desafios da Amaz\u00f4nia e das mudan\u00e7as clim\u00e1ticas globais<\/strong>, al\u00e9m de refletir sobre futuros poss\u00edveis para o planeta.<\/p>\n<p>\u201cO Festival do Conhecimento deste ano entra em sintonia com a COP30 ao discutir quest\u00f5es urgentes ligadas ao clima. \u00c9 como se tiv\u00e9ssemos, aqui no Rio de Janeiro, uma pr\u00e9-confer\u00eancia do clima, pois teremos a oportunidade de reunir algumas das lideran\u00e7as que estar\u00e3o em Bel\u00e9m\u201d, destaca Ivana Bentes, pr\u00f3-reitora da Extens\u00e3o da UFRJ\u201d.<\/p>\n<p>\u201cAo reunir saberes ancestrais, ci\u00eancia, arte e pol\u00edticas p\u00fablicas, reafirmamos o papel da UFRJ como articuladora de solu\u00e7\u00f5es para os grandes desafios do nosso tempo\u201d, completa a pesquisadora.<\/p>\n<p>&gt;&gt; Siga o canal da <strong>Ag\u00eancia Brasil <\/strong>no WhatsApp<\/p>\n<p><strong>A abertura oficial ocorre no dia 4, \u00e0s 10h, com a\u00a0apresenta\u00e7\u00e3o do o Manifesto Clima \u00e9 Sa\u00fade, Sa\u00fade \u00e9 Clima, do qual a UFRJ \u00e9 signat\u00e1ria.<\/strong><\/p>\n<p>\u201cEstar\u00e3o presentes no Festival, Sin\u00e9ia do Vale, representante dos povos ind\u00edgenas do Brasil na COP30, Eduardo Viveiros de Castro, professor de antropologia social da UFRJ, maior nome do debate ind\u00edgena do campo acad\u00eamico. Tamb\u00e9m participam Inara Nascimento, ind\u00edgena Sater\u00e9-Maw\u00e9, professora de sa\u00fade coletiva e seguran\u00e7a alimentar para povos ind\u00edgenas, Dzoodzo Baniwa, ativista e refer\u00eancia na educa\u00e7\u00e3o escolar ind\u00edgena dos povos baniwa e koripako e Ethel Maciel, representante da sa\u00fade do Brasil na COP30\u201d, afirma a UFRJ.<\/p>\n<p>      <!-- Relacionada --><\/p>\n<p>            <!-- Relacionada -->\n    <\/div>\n","protected":false},"excerpt":{"rendered":"<p>Por EBC, O Festival do Conhecimento 2025 da\u00a0Universidade Federal do Rio de Janeiro (UFRJ) ter\u00e1 uma programa\u00e7\u00e3o de\u00a0reflex\u00f5es que p\u00f5e os povos amaz\u00f4nicos no centro do debate. Com o tema \u201cRe-Amazonizar o Brasil: Saberes Ancestrais e Tecnologias&#8221;, o evento acontece\u00a0nos dias 4 e 5 de setembro, no F\u00f3rum de Ci\u00eancia e Cultura, Flamengo, zona sul &hellip;<\/p>\n","protected":false},"author":1,"featured_media":0,"comment_status":"open","ping_status":"open","sticky":false,"template":"","format":"standard","meta":{"_jetpack_memberships_contains_paid_content":false,"footnotes":""},"categories":[2,12225,4],"tags":[],"class_list":["post-448804","post","type-post","status-publish","format-standard","hentry","category-entretenimento","category-noticias","category-servicos"],"yoast_head":"<!-- This site is optimized with the Yoast SEO plugin v27.4 - https:\/\/yoast.com\/product\/yoast-seo-wordpress\/ -->\n<title>UFRJ prop\u00f5e &quot;Re-Amazonizar o Brasil&quot; no Festival do Conhecimento 2025<\/title>\n<meta name=\"robots\" content=\"index, follow, max-snippet:-1, max-image-preview:large, max-video-preview:-1\" \/>\n<link rel=\"canonical\" href=\"https:\/\/mrnews.com.br\/index.php\/2025\/09\/01\/ufrj-propoe-re-amazonizar-o-brasil-no-festival-do-conhecimento-2025\/\" \/>\n<meta property=\"og:locale\" content=\"pt_BR\" \/>\n<meta property=\"og:type\" content=\"article\" \/>\n<meta property=\"og:title\" content=\"UFRJ prop\u00f5e &quot;Re-Amazonizar o Brasil&quot; no Festival do Conhecimento 2025\" \/>\n<meta property=\"og:description\" content=\"Por EBC, O Festival do Conhecimento 2025 da\u00a0Universidade Federal do Rio de Janeiro (UFRJ) ter\u00e1 uma programa\u00e7\u00e3o de\u00a0reflex\u00f5es que p\u00f5e os povos amaz\u00f4nicos no centro do debate. Com o tema \u201cRe-Amazonizar o Brasil: Saberes Ancestrais e Tecnologias&#8221;, o evento acontece\u00a0nos dias 4 e 5 de setembro, no F\u00f3rum de Ci\u00eancia e Cultura, Flamengo, zona sul &hellip;\" \/>\n<meta property=\"og:url\" content=\"https:\/\/mrnews.com.br\/index.php\/2025\/09\/01\/ufrj-propoe-re-amazonizar-o-brasil-no-festival-do-conhecimento-2025\/\" \/>\n<meta property=\"og:site_name\" content=\"MRNews\" \/>\n<meta property=\"article:publisher\" content=\"https:\/\/www.facebook.com\/eaipahpah\/?locale2=pt_BR\" \/>\n<meta property=\"article:published_time\" content=\"2025-09-01T18:35:39+00:00\" \/>\n<meta name=\"author\" content=\"MR News\" \/>\n<meta name=\"twitter:card\" content=\"summary_large_image\" \/>\n<meta name=\"twitter:creator\" content=\"@conspirou\" \/>\n<meta name=\"twitter:site\" content=\"@conspirou\" \/>\n<meta name=\"twitter:label1\" content=\"Escrito por\" \/>\n\t<meta name=\"twitter:data1\" content=\"MR News\" \/>\n\t<meta name=\"twitter:label2\" content=\"Est. tempo de leitura\" \/>\n\t<meta name=\"twitter:data2\" content=\"2 minutos\" \/>\n<script type=\"application\/ld+json\" class=\"yoast-schema-graph\">{\"@context\":\"https:\\\/\\\/schema.org\",\"@graph\":[{\"@type\":\"Article\",\"@id\":\"https:\\\/\\\/mrnews.com.br\\\/index.php\\\/2025\\\/09\\\/01\\\/ufrj-propoe-re-amazonizar-o-brasil-no-festival-do-conhecimento-2025\\\/#article\",\"isPartOf\":{\"@id\":\"https:\\\/\\\/mrnews.com.br\\\/index.php\\\/2025\\\/09\\\/01\\\/ufrj-propoe-re-amazonizar-o-brasil-no-festival-do-conhecimento-2025\\\/\"},\"author\":{\"name\":\"MR News\",\"@id\":\"https:\\\/\\\/mrnews.com.br\\\/#\\\/schema\\\/person\\\/be3203154562a9f207407861cef7827b\"},\"headline\":\"UFRJ prop\u00f5e &#8220;Re-Amazonizar o Brasil&#8221; no Festival do Conhecimento 2025\",\"datePublished\":\"2025-09-01T18:35:39+00:00\",\"mainEntityOfPage\":{\"@id\":\"https:\\\/\\\/mrnews.com.br\\\/index.php\\\/2025\\\/09\\\/01\\\/ufrj-propoe-re-amazonizar-o-brasil-no-festival-do-conhecimento-2025\\\/\"},\"wordCount\":336,\"commentCount\":0,\"publisher\":{\"@id\":\"https:\\\/\\\/mrnews.com.br\\\/#organization\"},\"articleSection\":[\"ENTRETENIMENTO\",\"NOTICIAS\",\"SERVI\u00c7OS\"],\"inLanguage\":\"pt-BR\",\"potentialAction\":[{\"@type\":\"CommentAction\",\"name\":\"Comment\",\"target\":[\"https:\\\/\\\/mrnews.com.br\\\/index.php\\\/2025\\\/09\\\/01\\\/ufrj-propoe-re-amazonizar-o-brasil-no-festival-do-conhecimento-2025\\\/#respond\"]}]},{\"@type\":\"WebPage\",\"@id\":\"https:\\\/\\\/mrnews.com.br\\\/index.php\\\/2025\\\/09\\\/01\\\/ufrj-propoe-re-amazonizar-o-brasil-no-festival-do-conhecimento-2025\\\/\",\"url\":\"https:\\\/\\\/mrnews.com.br\\\/index.php\\\/2025\\\/09\\\/01\\\/ufrj-propoe-re-amazonizar-o-brasil-no-festival-do-conhecimento-2025\\\/\",\"name\":\"UFRJ prop\u00f5e \\\"Re-Amazonizar o Brasil\\\" no Festival do Conhecimento 2025\",\"isPartOf\":{\"@id\":\"https:\\\/\\\/mrnews.com.br\\\/#website\"},\"datePublished\":\"2025-09-01T18:35:39+00:00\",\"breadcrumb\":{\"@id\":\"https:\\\/\\\/mrnews.com.br\\\/index.php\\\/2025\\\/09\\\/01\\\/ufrj-propoe-re-amazonizar-o-brasil-no-festival-do-conhecimento-2025\\\/#breadcrumb\"},\"inLanguage\":\"pt-BR\",\"potentialAction\":[{\"@type\":\"ReadAction\",\"target\":[\"https:\\\/\\\/mrnews.com.br\\\/index.php\\\/2025\\\/09\\\/01\\\/ufrj-propoe-re-amazonizar-o-brasil-no-festival-do-conhecimento-2025\\\/\"]}]},{\"@type\":\"BreadcrumbList\",\"@id\":\"https:\\\/\\\/mrnews.com.br\\\/index.php\\\/2025\\\/09\\\/01\\\/ufrj-propoe-re-amazonizar-o-brasil-no-festival-do-conhecimento-2025\\\/#breadcrumb\",\"itemListElement\":[{\"@type\":\"ListItem\",\"position\":1,\"name\":\"In\u00edcio\",\"item\":\"https:\\\/\\\/mrnews.com.br\\\/\"},{\"@type\":\"ListItem\",\"position\":2,\"name\":\"UFRJ prop\u00f5e &#8220;Re-Amazonizar o Brasil&#8221; no Festival do Conhecimento 2025\"}]},{\"@type\":\"WebSite\",\"@id\":\"https:\\\/\\\/mrnews.com.br\\\/#website\",\"url\":\"https:\\\/\\\/mrnews.com.br\\\/\",\"name\":\"MRNews\",\"description\":\"MRNews Jogos de hoje da TV, transmiss\u00f5es ao vivo, Not\u00edcias de futebol, Jogos ao vivo, Lives, resumo de novelas, Programa\u00e7\u00e3o da Globo, A Fazenda e BBB\",\"publisher\":{\"@id\":\"https:\\\/\\\/mrnews.com.br\\\/#organization\"},\"potentialAction\":[{\"@type\":\"SearchAction\",\"target\":{\"@type\":\"EntryPoint\",\"urlTemplate\":\"https:\\\/\\\/mrnews.com.br\\\/?s={search_term_string}\"},\"query-input\":{\"@type\":\"PropertyValueSpecification\",\"valueRequired\":true,\"valueName\":\"search_term_string\"}}],\"inLanguage\":\"pt-BR\"},{\"@type\":\"Organization\",\"@id\":\"https:\\\/\\\/mrnews.com.br\\\/#organization\",\"name\":\"MRNews\",\"url\":\"https:\\\/\\\/mrnews.com.br\\\/\",\"logo\":{\"@type\":\"ImageObject\",\"inLanguage\":\"pt-BR\",\"@id\":\"https:\\\/\\\/mrnews.com.br\\\/#\\\/schema\\\/logo\\\/image\\\/\",\"url\":\"https:\\\/\\\/mrnews.com.br\\\/wp-content\\\/uploads\\\/2019\\\/06\\\/MRNewslogo2.png\",\"contentUrl\":\"https:\\\/\\\/mrnews.com.br\\\/wp-content\\\/uploads\\\/2019\\\/06\\\/MRNewslogo2.png\",\"width\":223,\"height\":58,\"caption\":\"MRNews\"},\"image\":{\"@id\":\"https:\\\/\\\/mrnews.com.br\\\/#\\\/schema\\\/logo\\\/image\\\/\"},\"sameAs\":[\"https:\\\/\\\/www.facebook.com\\\/eaipahpah\\\/?locale2=pt_BR\",\"https:\\\/\\\/x.com\\\/conspirou\",\"https:\\\/\\\/www.instagram.com\\\/eai_pahpah\",\"https:\\\/\\\/br.pinterest.com\\\/mrnewsn\\\/boards\\\/\",\"https:\\\/\\\/www.youtube.com\\\/channel\\\/UCacgnpznQ61fifLWr1tQ-vA?view_as=subscriber\"]},{\"@type\":\"Person\",\"@id\":\"https:\\\/\\\/mrnews.com.br\\\/#\\\/schema\\\/person\\\/be3203154562a9f207407861cef7827b\",\"name\":\"MR News\",\"image\":{\"@type\":\"ImageObject\",\"inLanguage\":\"pt-BR\",\"@id\":\"https:\\\/\\\/secure.gravatar.com\\\/avatar\\\/04084e6d73c042b8646e7c17b494073bf0ede3ea13c7105cfc45cbbbc28385a4?s=96&d=monsterid&r=g\",\"url\":\"https:\\\/\\\/secure.gravatar.com\\\/avatar\\\/04084e6d73c042b8646e7c17b494073bf0ede3ea13c7105cfc45cbbbc28385a4?s=96&d=monsterid&r=g\",\"contentUrl\":\"https:\\\/\\\/secure.gravatar.com\\\/avatar\\\/04084e6d73c042b8646e7c17b494073bf0ede3ea13c7105cfc45cbbbc28385a4?s=96&d=monsterid&r=g\",\"caption\":\"MR News\"},\"description\":\"Especializado em jornalismo colaborativo pela FTP em n\u00edvel de p\u00f3s-gradua\u00e7\u00e3o. suporte@oimeliga.combr\",\"sameAs\":[\"HUGO R.\",\"Admin\"],\"url\":\"https:\\\/\\\/mrnews.com.br\\\/index.php\\\/author\\\/admin\\\/\"}]}<\/script>\n<!-- \/ Yoast SEO plugin. -->","yoast_head_json":{"title":"UFRJ prop\u00f5e \"Re-Amazonizar o Brasil\" no Festival do Conhecimento 2025","robots":{"index":"index","follow":"follow","max-snippet":"max-snippet:-1","max-image-preview":"max-image-preview:large","max-video-preview":"max-video-preview:-1"},"canonical":"https:\/\/mrnews.com.br\/index.php\/2025\/09\/01\/ufrj-propoe-re-amazonizar-o-brasil-no-festival-do-conhecimento-2025\/","og_locale":"pt_BR","og_type":"article","og_title":"UFRJ prop\u00f5e \"Re-Amazonizar o Brasil\" no Festival do Conhecimento 2025","og_description":"Por EBC, O Festival do Conhecimento 2025 da\u00a0Universidade Federal do Rio de Janeiro (UFRJ) ter\u00e1 uma programa\u00e7\u00e3o de\u00a0reflex\u00f5es que p\u00f5e os povos amaz\u00f4nicos no centro do debate. Com o tema \u201cRe-Amazonizar o Brasil: Saberes Ancestrais e Tecnologias&#8221;, o evento acontece\u00a0nos dias 4 e 5 de setembro, no F\u00f3rum de Ci\u00eancia e Cultura, Flamengo, zona sul &hellip;","og_url":"https:\/\/mrnews.com.br\/index.php\/2025\/09\/01\/ufrj-propoe-re-amazonizar-o-brasil-no-festival-do-conhecimento-2025\/","og_site_name":"MRNews","article_publisher":"https:\/\/www.facebook.com\/eaipahpah\/?locale2=pt_BR","article_published_time":"2025-09-01T18:35:39+00:00","author":"MR News","twitter_card":"summary_large_image","twitter_creator":"@conspirou","twitter_site":"@conspirou","twitter_misc":{"Escrito por":"MR News","Est. tempo de leitura":"2 minutos"},"schema":{"@context":"https:\/\/schema.org","@graph":[{"@type":"Article","@id":"https:\/\/mrnews.com.br\/index.php\/2025\/09\/01\/ufrj-propoe-re-amazonizar-o-brasil-no-festival-do-conhecimento-2025\/#article","isPartOf":{"@id":"https:\/\/mrnews.com.br\/index.php\/2025\/09\/01\/ufrj-propoe-re-amazonizar-o-brasil-no-festival-do-conhecimento-2025\/"},"author":{"name":"MR News","@id":"https:\/\/mrnews.com.br\/#\/schema\/person\/be3203154562a9f207407861cef7827b"},"headline":"UFRJ prop\u00f5e &#8220;Re-Amazonizar o Brasil&#8221; no Festival do Conhecimento 2025","datePublished":"2025-09-01T18:35:39+00:00","mainEntityOfPage":{"@id":"https:\/\/mrnews.com.br\/index.php\/2025\/09\/01\/ufrj-propoe-re-amazonizar-o-brasil-no-festival-do-conhecimento-2025\/"},"wordCount":336,"commentCount":0,"publisher":{"@id":"https:\/\/mrnews.com.br\/#organization"},"articleSection":["ENTRETENIMENTO","NOTICIAS","SERVI\u00c7OS"],"inLanguage":"pt-BR","potentialAction":[{"@type":"CommentAction","name":"Comment","target":["https:\/\/mrnews.com.br\/index.php\/2025\/09\/01\/ufrj-propoe-re-amazonizar-o-brasil-no-festival-do-conhecimento-2025\/#respond"]}]},{"@type":"WebPage","@id":"https:\/\/mrnews.com.br\/index.php\/2025\/09\/01\/ufrj-propoe-re-amazonizar-o-brasil-no-festival-do-conhecimento-2025\/","url":"https:\/\/mrnews.com.br\/index.php\/2025\/09\/01\/ufrj-propoe-re-amazonizar-o-brasil-no-festival-do-conhecimento-2025\/","name":"UFRJ prop\u00f5e \"Re-Amazonizar o Brasil\" no Festival do Conhecimento 2025","isPartOf":{"@id":"https:\/\/mrnews.com.br\/#website"},"datePublished":"2025-09-01T18:35:39+00:00","breadcrumb":{"@id":"https:\/\/mrnews.com.br\/index.php\/2025\/09\/01\/ufrj-propoe-re-amazonizar-o-brasil-no-festival-do-conhecimento-2025\/#breadcrumb"},"inLanguage":"pt-BR","potentialAction":[{"@type":"ReadAction","target":["https:\/\/mrnews.com.br\/index.php\/2025\/09\/01\/ufrj-propoe-re-amazonizar-o-brasil-no-festival-do-conhecimento-2025\/"]}]},{"@type":"BreadcrumbList","@id":"https:\/\/mrnews.com.br\/index.php\/2025\/09\/01\/ufrj-propoe-re-amazonizar-o-brasil-no-festival-do-conhecimento-2025\/#breadcrumb","itemListElement":[{"@type":"ListItem","position":1,"name":"In\u00edcio","item":"https:\/\/mrnews.com.br\/"},{"@type":"ListItem","position":2,"name":"UFRJ prop\u00f5e &#8220;Re-Amazonizar o Brasil&#8221; no Festival do Conhecimento 2025"}]},{"@type":"WebSite","@id":"https:\/\/mrnews.com.br\/#website","url":"https:\/\/mrnews.com.br\/","name":"MRNews","description":"MRNews Jogos de hoje da TV, transmiss\u00f5es ao vivo, Not\u00edcias de futebol, Jogos ao vivo, Lives, resumo de novelas, Programa\u00e7\u00e3o da Globo, A Fazenda e BBB","publisher":{"@id":"https:\/\/mrnews.com.br\/#organization"},"potentialAction":[{"@type":"SearchAction","target":{"@type":"EntryPoint","urlTemplate":"https:\/\/mrnews.com.br\/?s={search_term_string}"},"query-input":{"@type":"PropertyValueSpecification","valueRequired":true,"valueName":"search_term_string"}}],"inLanguage":"pt-BR"},{"@type":"Organization","@id":"https:\/\/mrnews.com.br\/#organization","name":"MRNews","url":"https:\/\/mrnews.com.br\/","logo":{"@type":"ImageObject","inLanguage":"pt-BR","@id":"https:\/\/mrnews.com.br\/#\/schema\/logo\/image\/","url":"https:\/\/mrnews.com.br\/wp-content\/uploads\/2019\/06\/MRNewslogo2.png","contentUrl":"https:\/\/mrnews.com.br\/wp-content\/uploads\/2019\/06\/MRNewslogo2.png","width":223,"height":58,"caption":"MRNews"},"image":{"@id":"https:\/\/mrnews.com.br\/#\/schema\/logo\/image\/"},"sameAs":["https:\/\/www.facebook.com\/eaipahpah\/?locale2=pt_BR","https:\/\/x.com\/conspirou","https:\/\/www.instagram.com\/eai_pahpah","https:\/\/br.pinterest.com\/mrnewsn\/boards\/","https:\/\/www.youtube.com\/channel\/UCacgnpznQ61fifLWr1tQ-vA?view_as=subscriber"]},{"@type":"Person","@id":"https:\/\/mrnews.com.br\/#\/schema\/person\/be3203154562a9f207407861cef7827b","name":"MR News","image":{"@type":"ImageObject","inLanguage":"pt-BR","@id":"https:\/\/secure.gravatar.com\/avatar\/04084e6d73c042b8646e7c17b494073bf0ede3ea13c7105cfc45cbbbc28385a4?s=96&d=monsterid&r=g","url":"https:\/\/secure.gravatar.com\/avatar\/04084e6d73c042b8646e7c17b494073bf0ede3ea13c7105cfc45cbbbc28385a4?s=96&d=monsterid&r=g","contentUrl":"https:\/\/secure.gravatar.com\/avatar\/04084e6d73c042b8646e7c17b494073bf0ede3ea13c7105cfc45cbbbc28385a4?s=96&d=monsterid&r=g","caption":"MR News"},"description":"Especializado em jornalismo colaborativo pela FTP em n\u00edvel de p\u00f3s-gradua\u00e7\u00e3o. suporte@oimeliga.combr","sameAs":["HUGO R.","Admin"],"url":"https:\/\/mrnews.com.br\/index.php\/author\/admin\/"}]}},"jetpack_featured_media_url":"","jetpack_sharing_enabled":true,"jetpack_shortlink":"https:\/\/wp.me\/pa2Qf7-1SKM","amp_enabled":true,"_links":{"self":[{"href":"https:\/\/mrnews.com.br\/index.php\/wp-json\/wp\/v2\/posts\/448804","targetHints":{"allow":["GET"]}}],"collection":[{"href":"https:\/\/mrnews.com.br\/index.php\/wp-json\/wp\/v2\/posts"}],"about":[{"href":"https:\/\/mrnews.com.br\/index.php\/wp-json\/wp\/v2\/types\/post"}],"author":[{"embeddable":true,"href":"https:\/\/mrnews.com.br\/index.php\/wp-json\/wp\/v2\/users\/1"}],"replies":[{"embeddable":true,"href":"https:\/\/mrnews.com.br\/index.php\/wp-json\/wp\/v2\/comments?post=448804"}],"version-history":[{"count":0,"href":"https:\/\/mrnews.com.br\/index.php\/wp-json\/wp\/v2\/posts\/448804\/revisions"}],"wp:attachment":[{"href":"https:\/\/mrnews.com.br\/index.php\/wp-json\/wp\/v2\/media?parent=448804"}],"wp:term":[{"taxonomy":"category","embeddable":true,"href":"https:\/\/mrnews.com.br\/index.php\/wp-json\/wp\/v2\/categories?post=448804"},{"taxonomy":"post_tag","embeddable":true,"href":"https:\/\/mrnews.com.br\/index.php\/wp-json\/wp\/v2\/tags?post=448804"}],"curies":[{"name":"wp","href":"https:\/\/api.w.org\/{rel}","templated":true}]}}