{"id":448865,"date":"2025-09-02T19:35:38","date_gmt":"2025-09-02T22:35:38","guid":{"rendered":"https:\/\/mrnews.com.br\/index.php\/2025\/09\/02\/uniao-brasil-e-pp-anunciam-afastamento-do-governo-lula\/"},"modified":"2025-09-02T19:35:38","modified_gmt":"2025-09-02T22:35:38","slug":"uniao-brasil-e-pp-anunciam-afastamento-do-governo-lula","status":"publish","type":"post","link":"https:\/\/mrnews.com.br\/index.php\/2025\/09\/02\/uniao-brasil-e-pp-anunciam-afastamento-do-governo-lula\/","title":{"rendered":"Uni\u00e3o Brasil e PP anunciam afastamento do governo Lula"},"content":{"rendered":"<p>Por EBC, <\/p>\n<div>\n<p><strong>Os partidos Uni\u00e3o Brasil e Progressistas, que juntos formam a federa\u00e7\u00e3o Uni\u00e3o Progressista, com mais de 100 parlamentares no Congresso Nacional, anunciaram nesta ter\u00e7a-feira (2) que &#8220;detentores de mandato&#8221; filiados \u00e0s legendas devem renunciar a qualquer cargo ocupado no governo federal. <\/strong>A medida formaliza o desembarque dos partidos da base de apoio do governo do presidente Luiz In\u00e1cio Lula da Silva.<\/p>\n<blockquote>\n<p>&#8220;Em caso de descumprimento desta determina\u00e7\u00e3o, se dirigentes desta federa\u00e7\u00e3o em seus estados, haver\u00e1 o afastamento em ato cont\u00ednuo. Se a perman\u00eancia persistir, ser\u00e3o adotadas as puni\u00e7\u00f5es disciplinares previstas no estatuto&#8221;, diz o comunicado.<\/p>\n<\/blockquote>\n<p>A nota foi lida\u00a0pelo presidente do Uni\u00e3o Brasil, Ant\u00f4nio Rueda, ao lado do presidente nacional do PP, o senador Ciro Nogueira (PI), em um pronunciamento na C\u00e2mara dos Deputados. Mais cedo, os dois l\u00edderes partid\u00e1rios j\u00e1 haviam acertado os detalhes deste rompimento em reuni\u00e3o com aliados.<\/p>\n<blockquote>\n<p>&#8220;Esta decis\u00e3o representa um gesto de clareza e de coer\u00eancia. \u00c9 isso que o povo brasileiro e os eleitores exigem de seus representantes&#8221;, completa o comunicado.<\/p>\n<\/blockquote>\n<p><strong>A medida pode impactar a perman\u00eancia dos ministros do Turismo, Celso Sabino (Uni\u00e3o-PA), e do Esporte, Andr\u00e9 Fufuca (PP-MA). Ambos s\u00e3o deputados federais, ou seja, detentores de mandatos filiados aos partidos da federa\u00e7\u00e3o.<\/strong><\/p>\n<p>&gt;&gt; Siga o canal da <strong>Ag\u00eancia Brasil <\/strong>no WhatsApp<\/p>\n<p>At\u00e9 o momento, n\u00e3o houve manifesta\u00e7\u00e3o dos dois ministros mais diretamente impactados pelo comunicado da federa\u00e7\u00e3o Uni\u00e3o Progressista. Al\u00e9m disso, o Uni\u00e3o Brasil, por meio do presidente do Senado, Davi Alcolumbre (AP), tem indica\u00e7\u00f5es em outras duas pastas: Waldez G\u00f3es (Desenvolvimento Regional) e Frederico de Siqueira (Comunica\u00e7\u00f5es).<\/p>\n<p>O PP tamb\u00e9m ocupa o comando da Caixa Econ\u00f4mica Federal, com Carlos Vieira, indicado pelo ex-presidente da C\u00e2mara Arthur Lira (PP-AL).\u00a0\u00a0<\/p>\n<h2>Compromisso<\/h2>\n<p><strong>Em nota postada nas redes sociais, a ministra das Rela\u00e7\u00f5es Institucionais, Gleisi Hoffmann, respons\u00e1vel pela articula\u00e7\u00e3o pol\u00edtica do governo federal, diz respeitar a decis\u00e3o da federa\u00e7\u00e3o, mas cobrou compromisso de quem se mantiver nos cargos.<\/strong><\/p>\n<blockquote>\n<p>&#8220;Respeitamos a decis\u00e3o da dire\u00e7\u00e3o da Federa\u00e7\u00e3o da UP. Ningu\u00e9m \u00e9 obrigado a ficar no governo. Tamb\u00e9m n\u00e3o estamos pedindo para ningu\u00e9m sair. Mas quem permanecer deve ter compromisso com o presidente Lula e com as pautas principais que este governo defende, como justi\u00e7a tribut\u00e1ria, a democracia e o estado de direito, nossa soberania. Precisam trabalhar conosco para aprova\u00e7\u00e3o das pautas do governo no Congresso Nacional. Isso vale para quem tem mandato e para quem n\u00e3o tem mandato, inclusive para aqueles que indicam pessoas para posi\u00e7\u00f5es no governo, seja na administra\u00e7\u00e3o direta, indireta ou regionais&#8221;, escreveu a ministra.<\/p>\n<\/blockquote>\n<p>      <!-- Relacionada --><br \/>\n            <!-- Relacionada -->\n    <\/div>\n","protected":false},"excerpt":{"rendered":"<p>Por EBC, Os partidos Uni\u00e3o Brasil e Progressistas, que juntos formam a federa\u00e7\u00e3o Uni\u00e3o Progressista, com mais de 100 parlamentares no Congresso Nacional, anunciaram nesta ter\u00e7a-feira (2) que &#8220;detentores de mandato&#8221; filiados \u00e0s legendas devem renunciar a qualquer cargo ocupado no governo federal. A medida formaliza o desembarque dos partidos da base de apoio do &hellip;<\/p>\n","protected":false},"author":1,"featured_media":0,"comment_status":"open","ping_status":"open","sticky":false,"template":"","format":"standard","meta":{"_jetpack_memberships_contains_paid_content":false,"footnotes":""},"categories":[2,12225,4],"tags":[],"class_list":["post-448865","post","type-post","status-publish","format-standard","hentry","category-entretenimento","category-noticias","category-servicos"],"yoast_head":"<!-- This site is optimized with the Yoast SEO plugin v27.4 - https:\/\/yoast.com\/product\/yoast-seo-wordpress\/ -->\n<title>Uni\u00e3o Brasil e PP anunciam afastamento do governo Lula<\/title>\n<meta name=\"robots\" content=\"index, follow, max-snippet:-1, max-image-preview:large, max-video-preview:-1\" \/>\n<link rel=\"canonical\" href=\"https:\/\/mrnews.com.br\/index.php\/2025\/09\/02\/uniao-brasil-e-pp-anunciam-afastamento-do-governo-lula\/\" \/>\n<meta property=\"og:locale\" content=\"pt_BR\" \/>\n<meta property=\"og:type\" content=\"article\" \/>\n<meta property=\"og:title\" content=\"Uni\u00e3o Brasil e PP anunciam afastamento do governo Lula\" \/>\n<meta property=\"og:description\" content=\"Por EBC, Os partidos Uni\u00e3o Brasil e Progressistas, que juntos formam a federa\u00e7\u00e3o Uni\u00e3o Progressista, com mais de 100 parlamentares no Congresso Nacional, anunciaram nesta ter\u00e7a-feira (2) que &#8220;detentores de mandato&#8221; filiados \u00e0s legendas devem renunciar a qualquer cargo ocupado no governo federal. A medida formaliza o desembarque dos partidos da base de apoio do &hellip;\" \/>\n<meta property=\"og:url\" content=\"https:\/\/mrnews.com.br\/index.php\/2025\/09\/02\/uniao-brasil-e-pp-anunciam-afastamento-do-governo-lula\/\" \/>\n<meta property=\"og:site_name\" content=\"MRNews\" \/>\n<meta property=\"article:publisher\" content=\"https:\/\/www.facebook.com\/eaipahpah\/?locale2=pt_BR\" \/>\n<meta property=\"article:published_time\" content=\"2025-09-02T22:35:38+00:00\" \/>\n<meta name=\"author\" content=\"MR News\" \/>\n<meta name=\"twitter:card\" content=\"summary_large_image\" \/>\n<meta name=\"twitter:creator\" content=\"@conspirou\" \/>\n<meta name=\"twitter:site\" content=\"@conspirou\" \/>\n<meta name=\"twitter:label1\" content=\"Escrito por\" \/>\n\t<meta name=\"twitter:data1\" content=\"MR News\" \/>\n\t<meta name=\"twitter:label2\" content=\"Est. tempo de leitura\" \/>\n\t<meta name=\"twitter:data2\" content=\"2 minutos\" \/>\n<script type=\"application\/ld+json\" class=\"yoast-schema-graph\">{\"@context\":\"https:\\\/\\\/schema.org\",\"@graph\":[{\"@type\":\"Article\",\"@id\":\"https:\\\/\\\/mrnews.com.br\\\/index.php\\\/2025\\\/09\\\/02\\\/uniao-brasil-e-pp-anunciam-afastamento-do-governo-lula\\\/#article\",\"isPartOf\":{\"@id\":\"https:\\\/\\\/mrnews.com.br\\\/index.php\\\/2025\\\/09\\\/02\\\/uniao-brasil-e-pp-anunciam-afastamento-do-governo-lula\\\/\"},\"author\":{\"name\":\"MR News\",\"@id\":\"https:\\\/\\\/mrnews.com.br\\\/#\\\/schema\\\/person\\\/be3203154562a9f207407861cef7827b\"},\"headline\":\"Uni\u00e3o Brasil e PP anunciam afastamento do governo Lula\",\"datePublished\":\"2025-09-02T22:35:38+00:00\",\"mainEntityOfPage\":{\"@id\":\"https:\\\/\\\/mrnews.com.br\\\/index.php\\\/2025\\\/09\\\/02\\\/uniao-brasil-e-pp-anunciam-afastamento-do-governo-lula\\\/\"},\"wordCount\":476,\"commentCount\":0,\"publisher\":{\"@id\":\"https:\\\/\\\/mrnews.com.br\\\/#organization\"},\"articleSection\":[\"ENTRETENIMENTO\",\"NOTICIAS\",\"SERVI\u00c7OS\"],\"inLanguage\":\"pt-BR\",\"potentialAction\":[{\"@type\":\"CommentAction\",\"name\":\"Comment\",\"target\":[\"https:\\\/\\\/mrnews.com.br\\\/index.php\\\/2025\\\/09\\\/02\\\/uniao-brasil-e-pp-anunciam-afastamento-do-governo-lula\\\/#respond\"]}]},{\"@type\":\"WebPage\",\"@id\":\"https:\\\/\\\/mrnews.com.br\\\/index.php\\\/2025\\\/09\\\/02\\\/uniao-brasil-e-pp-anunciam-afastamento-do-governo-lula\\\/\",\"url\":\"https:\\\/\\\/mrnews.com.br\\\/index.php\\\/2025\\\/09\\\/02\\\/uniao-brasil-e-pp-anunciam-afastamento-do-governo-lula\\\/\",\"name\":\"Uni\u00e3o Brasil e PP anunciam afastamento do governo Lula\",\"isPartOf\":{\"@id\":\"https:\\\/\\\/mrnews.com.br\\\/#website\"},\"datePublished\":\"2025-09-02T22:35:38+00:00\",\"breadcrumb\":{\"@id\":\"https:\\\/\\\/mrnews.com.br\\\/index.php\\\/2025\\\/09\\\/02\\\/uniao-brasil-e-pp-anunciam-afastamento-do-governo-lula\\\/#breadcrumb\"},\"inLanguage\":\"pt-BR\",\"potentialAction\":[{\"@type\":\"ReadAction\",\"target\":[\"https:\\\/\\\/mrnews.com.br\\\/index.php\\\/2025\\\/09\\\/02\\\/uniao-brasil-e-pp-anunciam-afastamento-do-governo-lula\\\/\"]}]},{\"@type\":\"BreadcrumbList\",\"@id\":\"https:\\\/\\\/mrnews.com.br\\\/index.php\\\/2025\\\/09\\\/02\\\/uniao-brasil-e-pp-anunciam-afastamento-do-governo-lula\\\/#breadcrumb\",\"itemListElement\":[{\"@type\":\"ListItem\",\"position\":1,\"name\":\"In\u00edcio\",\"item\":\"https:\\\/\\\/mrnews.com.br\\\/\"},{\"@type\":\"ListItem\",\"position\":2,\"name\":\"Uni\u00e3o Brasil e PP anunciam afastamento do governo Lula\"}]},{\"@type\":\"WebSite\",\"@id\":\"https:\\\/\\\/mrnews.com.br\\\/#website\",\"url\":\"https:\\\/\\\/mrnews.com.br\\\/\",\"name\":\"MRNews\",\"description\":\"MRNews Jogos de hoje da TV, transmiss\u00f5es ao vivo, Not\u00edcias de futebol, Jogos ao vivo, Lives, resumo de novelas, Programa\u00e7\u00e3o da Globo, A Fazenda e BBB\",\"publisher\":{\"@id\":\"https:\\\/\\\/mrnews.com.br\\\/#organization\"},\"potentialAction\":[{\"@type\":\"SearchAction\",\"target\":{\"@type\":\"EntryPoint\",\"urlTemplate\":\"https:\\\/\\\/mrnews.com.br\\\/?s={search_term_string}\"},\"query-input\":{\"@type\":\"PropertyValueSpecification\",\"valueRequired\":true,\"valueName\":\"search_term_string\"}}],\"inLanguage\":\"pt-BR\"},{\"@type\":\"Organization\",\"@id\":\"https:\\\/\\\/mrnews.com.br\\\/#organization\",\"name\":\"MRNews\",\"url\":\"https:\\\/\\\/mrnews.com.br\\\/\",\"logo\":{\"@type\":\"ImageObject\",\"inLanguage\":\"pt-BR\",\"@id\":\"https:\\\/\\\/mrnews.com.br\\\/#\\\/schema\\\/logo\\\/image\\\/\",\"url\":\"https:\\\/\\\/mrnews.com.br\\\/wp-content\\\/uploads\\\/2019\\\/06\\\/MRNewslogo2.png\",\"contentUrl\":\"https:\\\/\\\/mrnews.com.br\\\/wp-content\\\/uploads\\\/2019\\\/06\\\/MRNewslogo2.png\",\"width\":223,\"height\":58,\"caption\":\"MRNews\"},\"image\":{\"@id\":\"https:\\\/\\\/mrnews.com.br\\\/#\\\/schema\\\/logo\\\/image\\\/\"},\"sameAs\":[\"https:\\\/\\\/www.facebook.com\\\/eaipahpah\\\/?locale2=pt_BR\",\"https:\\\/\\\/x.com\\\/conspirou\",\"https:\\\/\\\/www.instagram.com\\\/eai_pahpah\",\"https:\\\/\\\/br.pinterest.com\\\/mrnewsn\\\/boards\\\/\",\"https:\\\/\\\/www.youtube.com\\\/channel\\\/UCacgnpznQ61fifLWr1tQ-vA?view_as=subscriber\"]},{\"@type\":\"Person\",\"@id\":\"https:\\\/\\\/mrnews.com.br\\\/#\\\/schema\\\/person\\\/be3203154562a9f207407861cef7827b\",\"name\":\"MR News\",\"image\":{\"@type\":\"ImageObject\",\"inLanguage\":\"pt-BR\",\"@id\":\"https:\\\/\\\/secure.gravatar.com\\\/avatar\\\/04084e6d73c042b8646e7c17b494073bf0ede3ea13c7105cfc45cbbbc28385a4?s=96&d=monsterid&r=g\",\"url\":\"https:\\\/\\\/secure.gravatar.com\\\/avatar\\\/04084e6d73c042b8646e7c17b494073bf0ede3ea13c7105cfc45cbbbc28385a4?s=96&d=monsterid&r=g\",\"contentUrl\":\"https:\\\/\\\/secure.gravatar.com\\\/avatar\\\/04084e6d73c042b8646e7c17b494073bf0ede3ea13c7105cfc45cbbbc28385a4?s=96&d=monsterid&r=g\",\"caption\":\"MR News\"},\"description\":\"Especializado em jornalismo colaborativo pela FTP em n\u00edvel de p\u00f3s-gradua\u00e7\u00e3o. suporte@oimeliga.combr\",\"sameAs\":[\"HUGO R.\",\"Admin\"],\"url\":\"https:\\\/\\\/mrnews.com.br\\\/index.php\\\/author\\\/admin\\\/\"}]}<\/script>\n<!-- \/ Yoast SEO plugin. -->","yoast_head_json":{"title":"Uni\u00e3o Brasil e PP anunciam afastamento do governo Lula","robots":{"index":"index","follow":"follow","max-snippet":"max-snippet:-1","max-image-preview":"max-image-preview:large","max-video-preview":"max-video-preview:-1"},"canonical":"https:\/\/mrnews.com.br\/index.php\/2025\/09\/02\/uniao-brasil-e-pp-anunciam-afastamento-do-governo-lula\/","og_locale":"pt_BR","og_type":"article","og_title":"Uni\u00e3o Brasil e PP anunciam afastamento do governo Lula","og_description":"Por EBC, Os partidos Uni\u00e3o Brasil e Progressistas, que juntos formam a federa\u00e7\u00e3o Uni\u00e3o Progressista, com mais de 100 parlamentares no Congresso Nacional, anunciaram nesta ter\u00e7a-feira (2) que &#8220;detentores de mandato&#8221; filiados \u00e0s legendas devem renunciar a qualquer cargo ocupado no governo federal. A medida formaliza o desembarque dos partidos da base de apoio do &hellip;","og_url":"https:\/\/mrnews.com.br\/index.php\/2025\/09\/02\/uniao-brasil-e-pp-anunciam-afastamento-do-governo-lula\/","og_site_name":"MRNews","article_publisher":"https:\/\/www.facebook.com\/eaipahpah\/?locale2=pt_BR","article_published_time":"2025-09-02T22:35:38+00:00","author":"MR News","twitter_card":"summary_large_image","twitter_creator":"@conspirou","twitter_site":"@conspirou","twitter_misc":{"Escrito por":"MR News","Est. tempo de leitura":"2 minutos"},"schema":{"@context":"https:\/\/schema.org","@graph":[{"@type":"Article","@id":"https:\/\/mrnews.com.br\/index.php\/2025\/09\/02\/uniao-brasil-e-pp-anunciam-afastamento-do-governo-lula\/#article","isPartOf":{"@id":"https:\/\/mrnews.com.br\/index.php\/2025\/09\/02\/uniao-brasil-e-pp-anunciam-afastamento-do-governo-lula\/"},"author":{"name":"MR News","@id":"https:\/\/mrnews.com.br\/#\/schema\/person\/be3203154562a9f207407861cef7827b"},"headline":"Uni\u00e3o Brasil e PP anunciam afastamento do governo Lula","datePublished":"2025-09-02T22:35:38+00:00","mainEntityOfPage":{"@id":"https:\/\/mrnews.com.br\/index.php\/2025\/09\/02\/uniao-brasil-e-pp-anunciam-afastamento-do-governo-lula\/"},"wordCount":476,"commentCount":0,"publisher":{"@id":"https:\/\/mrnews.com.br\/#organization"},"articleSection":["ENTRETENIMENTO","NOTICIAS","SERVI\u00c7OS"],"inLanguage":"pt-BR","potentialAction":[{"@type":"CommentAction","name":"Comment","target":["https:\/\/mrnews.com.br\/index.php\/2025\/09\/02\/uniao-brasil-e-pp-anunciam-afastamento-do-governo-lula\/#respond"]}]},{"@type":"WebPage","@id":"https:\/\/mrnews.com.br\/index.php\/2025\/09\/02\/uniao-brasil-e-pp-anunciam-afastamento-do-governo-lula\/","url":"https:\/\/mrnews.com.br\/index.php\/2025\/09\/02\/uniao-brasil-e-pp-anunciam-afastamento-do-governo-lula\/","name":"Uni\u00e3o Brasil e PP anunciam afastamento do governo Lula","isPartOf":{"@id":"https:\/\/mrnews.com.br\/#website"},"datePublished":"2025-09-02T22:35:38+00:00","breadcrumb":{"@id":"https:\/\/mrnews.com.br\/index.php\/2025\/09\/02\/uniao-brasil-e-pp-anunciam-afastamento-do-governo-lula\/#breadcrumb"},"inLanguage":"pt-BR","potentialAction":[{"@type":"ReadAction","target":["https:\/\/mrnews.com.br\/index.php\/2025\/09\/02\/uniao-brasil-e-pp-anunciam-afastamento-do-governo-lula\/"]}]},{"@type":"BreadcrumbList","@id":"https:\/\/mrnews.com.br\/index.php\/2025\/09\/02\/uniao-brasil-e-pp-anunciam-afastamento-do-governo-lula\/#breadcrumb","itemListElement":[{"@type":"ListItem","position":1,"name":"In\u00edcio","item":"https:\/\/mrnews.com.br\/"},{"@type":"ListItem","position":2,"name":"Uni\u00e3o Brasil e PP anunciam afastamento do governo Lula"}]},{"@type":"WebSite","@id":"https:\/\/mrnews.com.br\/#website","url":"https:\/\/mrnews.com.br\/","name":"MRNews","description":"MRNews Jogos de hoje da TV, transmiss\u00f5es ao vivo, Not\u00edcias de futebol, Jogos ao vivo, Lives, resumo de novelas, Programa\u00e7\u00e3o da Globo, A Fazenda e BBB","publisher":{"@id":"https:\/\/mrnews.com.br\/#organization"},"potentialAction":[{"@type":"SearchAction","target":{"@type":"EntryPoint","urlTemplate":"https:\/\/mrnews.com.br\/?s={search_term_string}"},"query-input":{"@type":"PropertyValueSpecification","valueRequired":true,"valueName":"search_term_string"}}],"inLanguage":"pt-BR"},{"@type":"Organization","@id":"https:\/\/mrnews.com.br\/#organization","name":"MRNews","url":"https:\/\/mrnews.com.br\/","logo":{"@type":"ImageObject","inLanguage":"pt-BR","@id":"https:\/\/mrnews.com.br\/#\/schema\/logo\/image\/","url":"https:\/\/mrnews.com.br\/wp-content\/uploads\/2019\/06\/MRNewslogo2.png","contentUrl":"https:\/\/mrnews.com.br\/wp-content\/uploads\/2019\/06\/MRNewslogo2.png","width":223,"height":58,"caption":"MRNews"},"image":{"@id":"https:\/\/mrnews.com.br\/#\/schema\/logo\/image\/"},"sameAs":["https:\/\/www.facebook.com\/eaipahpah\/?locale2=pt_BR","https:\/\/x.com\/conspirou","https:\/\/www.instagram.com\/eai_pahpah","https:\/\/br.pinterest.com\/mrnewsn\/boards\/","https:\/\/www.youtube.com\/channel\/UCacgnpznQ61fifLWr1tQ-vA?view_as=subscriber"]},{"@type":"Person","@id":"https:\/\/mrnews.com.br\/#\/schema\/person\/be3203154562a9f207407861cef7827b","name":"MR News","image":{"@type":"ImageObject","inLanguage":"pt-BR","@id":"https:\/\/secure.gravatar.com\/avatar\/04084e6d73c042b8646e7c17b494073bf0ede3ea13c7105cfc45cbbbc28385a4?s=96&d=monsterid&r=g","url":"https:\/\/secure.gravatar.com\/avatar\/04084e6d73c042b8646e7c17b494073bf0ede3ea13c7105cfc45cbbbc28385a4?s=96&d=monsterid&r=g","contentUrl":"https:\/\/secure.gravatar.com\/avatar\/04084e6d73c042b8646e7c17b494073bf0ede3ea13c7105cfc45cbbbc28385a4?s=96&d=monsterid&r=g","caption":"MR News"},"description":"Especializado em jornalismo colaborativo pela FTP em n\u00edvel de p\u00f3s-gradua\u00e7\u00e3o. suporte@oimeliga.combr","sameAs":["HUGO R.","Admin"],"url":"https:\/\/mrnews.com.br\/index.php\/author\/admin\/"}]}},"jetpack_featured_media_url":"","jetpack_sharing_enabled":true,"jetpack_shortlink":"https:\/\/wp.me\/pa2Qf7-1SLL","amp_enabled":true,"_links":{"self":[{"href":"https:\/\/mrnews.com.br\/index.php\/wp-json\/wp\/v2\/posts\/448865","targetHints":{"allow":["GET"]}}],"collection":[{"href":"https:\/\/mrnews.com.br\/index.php\/wp-json\/wp\/v2\/posts"}],"about":[{"href":"https:\/\/mrnews.com.br\/index.php\/wp-json\/wp\/v2\/types\/post"}],"author":[{"embeddable":true,"href":"https:\/\/mrnews.com.br\/index.php\/wp-json\/wp\/v2\/users\/1"}],"replies":[{"embeddable":true,"href":"https:\/\/mrnews.com.br\/index.php\/wp-json\/wp\/v2\/comments?post=448865"}],"version-history":[{"count":0,"href":"https:\/\/mrnews.com.br\/index.php\/wp-json\/wp\/v2\/posts\/448865\/revisions"}],"wp:attachment":[{"href":"https:\/\/mrnews.com.br\/index.php\/wp-json\/wp\/v2\/media?parent=448865"}],"wp:term":[{"taxonomy":"category","embeddable":true,"href":"https:\/\/mrnews.com.br\/index.php\/wp-json\/wp\/v2\/categories?post=448865"},{"taxonomy":"post_tag","embeddable":true,"href":"https:\/\/mrnews.com.br\/index.php\/wp-json\/wp\/v2\/tags?post=448865"}],"curies":[{"name":"wp","href":"https:\/\/api.w.org\/{rel}","templated":true}]}}