{"id":448884,"date":"2025-09-03T11:00:23","date_gmt":"2025-09-03T14:00:23","guid":{"rendered":"https:\/\/mrnews.com.br\/index.php\/2025\/09\/03\/producao-industrial-recua-02-em-julho-e-acumula-efeitos-do-juro-alto\/"},"modified":"2025-09-03T11:00:23","modified_gmt":"2025-09-03T14:00:23","slug":"producao-industrial-recua-02-em-julho-e-acumula-efeitos-do-juro-alto","status":"publish","type":"post","link":"https:\/\/mrnews.com.br\/index.php\/2025\/09\/03\/producao-industrial-recua-02-em-julho-e-acumula-efeitos-do-juro-alto\/","title":{"rendered":"Produ\u00e7\u00e3o industrial recua 0,2% em julho e acumula efeitos do juro alto"},"content":{"rendered":"<p>Por EBC, <\/p>\n<div>\n<p>A produ\u00e7\u00e3o da ind\u00fastria no pa\u00eds recuou 0,2% na passagem de junho para julho. <strong>Com esse resultado, o setor chega a quatro meses seguidos sem crescimento, o que \u00e9 explicado pelo ambiente de juro alto.<\/strong><\/p>\n<p>O resultado foi divulgado nesta quarta-feira (3) pela Pesquisa Industrial Mensal, do Instituto Brasileiro de Geografia e Estat\u00edstica (IBGE).<\/p>\n<p><strong>De abril a julho, a ind\u00fastria acumula perda de 1,5%, sendo quedas em abril (-0,7%) e maio (-0,6%) e estabilidade em junho (0%).<\/strong> A \u00faltima vez que o parque industrial brasileiro somou quatro meses sem expans\u00e3o foi entre novembro de 2022 e fevereiro de 2023.<\/p>\n<p>Em rela\u00e7\u00e3o a julho de 2024, a produ\u00e7\u00e3o da ind\u00fastria nacional mostra avan\u00e7o de 0,2%. Nos \u00faltimos 12 meses, o setor apresenta expans\u00e3o de 1,9%.<\/p>\n<p>O resultado de julho deixa o setor 1,7% acima do patamar pr\u00e9-pandemia de covid-19 (fevereiro de 2020) e 15,3% abaixo do n\u00edvel recorde j\u00e1 alcan\u00e7ado, de maio de 2011.<\/p>\n<p>Em rela\u00e7\u00e3o ao patamar final de 2024, o setor teve expans\u00e3o\u00a0de 0,3%.<\/p>\n<p>&gt;&gt; Siga o canal da <strong>Ag\u00eancia Brasil <\/strong>no WhatsApp<\/p>\n<h2>Efeito do juro alto<\/h2>\n<p><strong>De acordo com o gerente da pesquisa, Andr\u00e9 Macedo, o cen\u00e1rio predominante negativo desde abril \u00e9 explicado pela pol\u00edtica monet\u00e1ria restritiva, ou seja, os juros altos, ferramenta do Banco Central (BC) para tentar conter a infla\u00e7\u00e3o.<\/strong><\/p>\n<blockquote>\n<p>\u201cEm termos conjunturais, destacam-se os efeitos de uma pol\u00edtica monet\u00e1ria mais restritiva \u2013 que encarece o cr\u00e9dito, eleva a inadimpl\u00eancia e afeta negativamente as decis\u00f5es de consumo e investimentos. Esses fatores contribu\u00edram para limitar o ritmo de crescimento da produ\u00e7\u00e3o industrial no per\u00edodo, refletindo-se em resultados mais moderados frente aos meses anteriores\u201d, analisa Macedo.<\/p>\n<\/blockquote>\n<p><strong>Atualmente, a taxa b\u00e1sica de juros, a Selic, est\u00e1 em 15% ao ano, o patamar mais alto desde julho de 2006.<\/strong> Os juros altos t\u00eam o efeito de desestimular o consumo e o investimento para esfriar a economia e diminuir a procura por bens e servi\u00e7os, consequentemente, tirando for\u00e7a da infla\u00e7\u00e3o.<\/p>\n<p>Em julho, a infla\u00e7\u00e3o oficial, medida pelo \u00cdndice Nacional de Pre\u00e7os ao Consumidor Amplo (IPCA), mostrou ac\u00famulo de 5,23% em 12 meses, fora da meta do governo \u2500 3%, com toler\u00e2ncia de 1,5 ponto percentual\u00a0para mais ou para menos, ou seja, indo at\u00e9 4,5%.<\/p>\n<p><strong>A taxa est\u00e1 acima do teto desde setembro de 2024 (4,42%). Em abril, chegou a 5,53%, o ponto mais alto desde ent\u00e3o.\u00a0<\/strong><\/p>\n<p><strong>Setores<\/strong><\/p>\n<p>Na passagem de junho para julho, o IBGE identificou queda em 13 das 25 atividades industriais. Os destaques negativos foram:<\/p>\n<p>&#8211; metalurgia (- 2,3%)<\/p>\n<p>&#8211; outros equipamentos de transporte (-5,3%)<\/p>\n<p>&#8211; impress\u00e3o e reprodu\u00e7\u00e3o de grava\u00e7\u00f5es (-11,3%)<\/p>\n<p>&#8211; bebidas (-2,2%)<\/p>\n<p>&#8211; manuten\u00e7\u00e3o, repara\u00e7\u00e3o e instala\u00e7\u00e3o de m\u00e1quinas e equipamentos (-3,7%)<\/p>\n<p>&#8211; equipamentos de inform\u00e1tica, produtos eletr\u00f4nicos e \u00f3pticos (-2%)<\/p>\n<p>&#8211; produtos diversos (-3,5%)<\/p>\n<p>&#8211; produtos de borracha e de material pl\u00e1stico (-1%)<\/p>\n<p><strong>Entre as atividades com alta na produ\u00e7\u00e3o, os principais impactos positivos vieram de produtos farmoqu\u00edmicos e farmac\u00eauticos (7,9%), aliment\u00edcios (1,1%), ind\u00fastrias extrativas (0,8%) e produtos qu\u00edmicos (1,8%).<\/strong><\/p>\n<p>Em rela\u00e7\u00e3o \u00e0s grandes categorias, bens de consumo dur\u00e1veis (-0,5%) e bens de capital (-0,2%) registraram altas na passagem de junho para julho. Bens de capital s\u00e3o m\u00e1quinas e equipamentos.<\/p>\n<p>Por outro lado, bens intermedi\u00e1rios, ou seja, que ser\u00e3o transformados em outros produtos, cresceram\u00a00,5% e bens de consumo semi e n\u00e3o dur\u00e1veis aumentaram\u00a00,1%.<\/p>\n<h2>Tarifa\u00e7o<\/h2>\n<p><strong>De acordo com Andr\u00e9 Macedo, o resultado de julho teve reflexos tamb\u00e9m do tarifa\u00e7o americano, que s\u00f3 come\u00e7ou na primeira semana de agosto<\/strong>.\u00a0Isso se explica pelo fato de que a amea\u00e7a de taxa\u00e7\u00e3o das exporta\u00e7\u00f5es brasileiras para os Estados Unidos mexeu com expectativas e decis\u00f5es futuras de empres\u00e1rios, principalmente os que t\u00eam atividades voltadas para o mercado externo.<\/p>\n<p><strong>Macedo ressalta que a predomin\u00e2ncia negativa desde abril \u00e9 fundamentada pela pol\u00edtica de juros<\/strong>.<\/p>\n<blockquote>\n<p>\u201cDentro do resultado geral, [o tarifa\u00e7o] n\u00e3o tem muita import\u00e2ncia no momento\u201d, disse.<\/p>\n<\/blockquote>\n<p>\u00a0<\/p>\n<p>      <!-- Relacionada --><\/p>\n<p>            <!-- Relacionada -->\n    <\/div>\n","protected":false},"excerpt":{"rendered":"<p>Por EBC, A produ\u00e7\u00e3o da ind\u00fastria no pa\u00eds recuou 0,2% na passagem de junho para julho. Com esse resultado, o setor chega a quatro meses seguidos sem crescimento, o que \u00e9 explicado pelo ambiente de juro alto. O resultado foi divulgado nesta quarta-feira (3) pela Pesquisa Industrial Mensal, do Instituto Brasileiro de Geografia e Estat\u00edstica &hellip;<\/p>\n","protected":false},"author":1,"featured_media":0,"comment_status":"open","ping_status":"open","sticky":false,"template":"","format":"standard","meta":{"_jetpack_memberships_contains_paid_content":false,"footnotes":""},"categories":[2,12225,4],"tags":[],"class_list":["post-448884","post","type-post","status-publish","format-standard","hentry","category-entretenimento","category-noticias","category-servicos"],"yoast_head":"<!-- This site is optimized with the Yoast SEO plugin v27.4 - https:\/\/yoast.com\/product\/yoast-seo-wordpress\/ -->\n<title>Produ\u00e7\u00e3o industrial recua 0,2% em julho e acumula efeitos do juro alto<\/title>\n<meta name=\"robots\" content=\"index, follow, max-snippet:-1, max-image-preview:large, max-video-preview:-1\" \/>\n<link rel=\"canonical\" href=\"https:\/\/mrnews.com.br\/index.php\/2025\/09\/03\/producao-industrial-recua-02-em-julho-e-acumula-efeitos-do-juro-alto\/\" \/>\n<meta property=\"og:locale\" content=\"pt_BR\" \/>\n<meta property=\"og:type\" content=\"article\" \/>\n<meta property=\"og:title\" content=\"Produ\u00e7\u00e3o industrial recua 0,2% em julho e acumula efeitos do juro alto\" \/>\n<meta property=\"og:description\" content=\"Por EBC, A produ\u00e7\u00e3o da ind\u00fastria no pa\u00eds recuou 0,2% na passagem de junho para julho. Com esse resultado, o setor chega a quatro meses seguidos sem crescimento, o que \u00e9 explicado pelo ambiente de juro alto. O resultado foi divulgado nesta quarta-feira (3) pela Pesquisa Industrial Mensal, do Instituto Brasileiro de Geografia e Estat\u00edstica &hellip;\" \/>\n<meta property=\"og:url\" content=\"https:\/\/mrnews.com.br\/index.php\/2025\/09\/03\/producao-industrial-recua-02-em-julho-e-acumula-efeitos-do-juro-alto\/\" \/>\n<meta property=\"og:site_name\" content=\"MRNews\" \/>\n<meta property=\"article:publisher\" content=\"https:\/\/www.facebook.com\/eaipahpah\/?locale2=pt_BR\" \/>\n<meta property=\"article:published_time\" content=\"2025-09-03T14:00:23+00:00\" \/>\n<meta name=\"author\" content=\"MR News\" \/>\n<meta name=\"twitter:card\" content=\"summary_large_image\" \/>\n<meta name=\"twitter:creator\" content=\"@conspirou\" \/>\n<meta name=\"twitter:site\" content=\"@conspirou\" \/>\n<meta name=\"twitter:label1\" content=\"Escrito por\" \/>\n\t<meta name=\"twitter:data1\" content=\"MR News\" \/>\n\t<meta name=\"twitter:label2\" content=\"Est. tempo de leitura\" \/>\n\t<meta name=\"twitter:data2\" content=\"3 minutos\" \/>\n<script type=\"application\/ld+json\" class=\"yoast-schema-graph\">{\"@context\":\"https:\\\/\\\/schema.org\",\"@graph\":[{\"@type\":\"Article\",\"@id\":\"https:\\\/\\\/mrnews.com.br\\\/index.php\\\/2025\\\/09\\\/03\\\/producao-industrial-recua-02-em-julho-e-acumula-efeitos-do-juro-alto\\\/#article\",\"isPartOf\":{\"@id\":\"https:\\\/\\\/mrnews.com.br\\\/index.php\\\/2025\\\/09\\\/03\\\/producao-industrial-recua-02-em-julho-e-acumula-efeitos-do-juro-alto\\\/\"},\"author\":{\"name\":\"MR News\",\"@id\":\"https:\\\/\\\/mrnews.com.br\\\/#\\\/schema\\\/person\\\/be3203154562a9f207407861cef7827b\"},\"headline\":\"Produ\u00e7\u00e3o industrial recua 0,2% em julho e acumula efeitos do juro alto\",\"datePublished\":\"2025-09-03T14:00:23+00:00\",\"mainEntityOfPage\":{\"@id\":\"https:\\\/\\\/mrnews.com.br\\\/index.php\\\/2025\\\/09\\\/03\\\/producao-industrial-recua-02-em-julho-e-acumula-efeitos-do-juro-alto\\\/\"},\"wordCount\":682,\"commentCount\":0,\"publisher\":{\"@id\":\"https:\\\/\\\/mrnews.com.br\\\/#organization\"},\"articleSection\":[\"ENTRETENIMENTO\",\"NOTICIAS\",\"SERVI\u00c7OS\"],\"inLanguage\":\"pt-BR\",\"potentialAction\":[{\"@type\":\"CommentAction\",\"name\":\"Comment\",\"target\":[\"https:\\\/\\\/mrnews.com.br\\\/index.php\\\/2025\\\/09\\\/03\\\/producao-industrial-recua-02-em-julho-e-acumula-efeitos-do-juro-alto\\\/#respond\"]}]},{\"@type\":\"WebPage\",\"@id\":\"https:\\\/\\\/mrnews.com.br\\\/index.php\\\/2025\\\/09\\\/03\\\/producao-industrial-recua-02-em-julho-e-acumula-efeitos-do-juro-alto\\\/\",\"url\":\"https:\\\/\\\/mrnews.com.br\\\/index.php\\\/2025\\\/09\\\/03\\\/producao-industrial-recua-02-em-julho-e-acumula-efeitos-do-juro-alto\\\/\",\"name\":\"Produ\u00e7\u00e3o industrial recua 0,2% em julho e acumula efeitos do juro alto\",\"isPartOf\":{\"@id\":\"https:\\\/\\\/mrnews.com.br\\\/#website\"},\"datePublished\":\"2025-09-03T14:00:23+00:00\",\"breadcrumb\":{\"@id\":\"https:\\\/\\\/mrnews.com.br\\\/index.php\\\/2025\\\/09\\\/03\\\/producao-industrial-recua-02-em-julho-e-acumula-efeitos-do-juro-alto\\\/#breadcrumb\"},\"inLanguage\":\"pt-BR\",\"potentialAction\":[{\"@type\":\"ReadAction\",\"target\":[\"https:\\\/\\\/mrnews.com.br\\\/index.php\\\/2025\\\/09\\\/03\\\/producao-industrial-recua-02-em-julho-e-acumula-efeitos-do-juro-alto\\\/\"]}]},{\"@type\":\"BreadcrumbList\",\"@id\":\"https:\\\/\\\/mrnews.com.br\\\/index.php\\\/2025\\\/09\\\/03\\\/producao-industrial-recua-02-em-julho-e-acumula-efeitos-do-juro-alto\\\/#breadcrumb\",\"itemListElement\":[{\"@type\":\"ListItem\",\"position\":1,\"name\":\"In\u00edcio\",\"item\":\"https:\\\/\\\/mrnews.com.br\\\/\"},{\"@type\":\"ListItem\",\"position\":2,\"name\":\"Produ\u00e7\u00e3o industrial recua 0,2% em julho e acumula efeitos do juro alto\"}]},{\"@type\":\"WebSite\",\"@id\":\"https:\\\/\\\/mrnews.com.br\\\/#website\",\"url\":\"https:\\\/\\\/mrnews.com.br\\\/\",\"name\":\"MRNews\",\"description\":\"MRNews Jogos de hoje da TV, transmiss\u00f5es ao vivo, Not\u00edcias de futebol, Jogos ao vivo, Lives, resumo de novelas, Programa\u00e7\u00e3o da Globo, A Fazenda e BBB\",\"publisher\":{\"@id\":\"https:\\\/\\\/mrnews.com.br\\\/#organization\"},\"potentialAction\":[{\"@type\":\"SearchAction\",\"target\":{\"@type\":\"EntryPoint\",\"urlTemplate\":\"https:\\\/\\\/mrnews.com.br\\\/?s={search_term_string}\"},\"query-input\":{\"@type\":\"PropertyValueSpecification\",\"valueRequired\":true,\"valueName\":\"search_term_string\"}}],\"inLanguage\":\"pt-BR\"},{\"@type\":\"Organization\",\"@id\":\"https:\\\/\\\/mrnews.com.br\\\/#organization\",\"name\":\"MRNews\",\"url\":\"https:\\\/\\\/mrnews.com.br\\\/\",\"logo\":{\"@type\":\"ImageObject\",\"inLanguage\":\"pt-BR\",\"@id\":\"https:\\\/\\\/mrnews.com.br\\\/#\\\/schema\\\/logo\\\/image\\\/\",\"url\":\"https:\\\/\\\/mrnews.com.br\\\/wp-content\\\/uploads\\\/2019\\\/06\\\/MRNewslogo2.png\",\"contentUrl\":\"https:\\\/\\\/mrnews.com.br\\\/wp-content\\\/uploads\\\/2019\\\/06\\\/MRNewslogo2.png\",\"width\":223,\"height\":58,\"caption\":\"MRNews\"},\"image\":{\"@id\":\"https:\\\/\\\/mrnews.com.br\\\/#\\\/schema\\\/logo\\\/image\\\/\"},\"sameAs\":[\"https:\\\/\\\/www.facebook.com\\\/eaipahpah\\\/?locale2=pt_BR\",\"https:\\\/\\\/x.com\\\/conspirou\",\"https:\\\/\\\/www.instagram.com\\\/eai_pahpah\",\"https:\\\/\\\/br.pinterest.com\\\/mrnewsn\\\/boards\\\/\",\"https:\\\/\\\/www.youtube.com\\\/channel\\\/UCacgnpznQ61fifLWr1tQ-vA?view_as=subscriber\"]},{\"@type\":\"Person\",\"@id\":\"https:\\\/\\\/mrnews.com.br\\\/#\\\/schema\\\/person\\\/be3203154562a9f207407861cef7827b\",\"name\":\"MR News\",\"image\":{\"@type\":\"ImageObject\",\"inLanguage\":\"pt-BR\",\"@id\":\"https:\\\/\\\/secure.gravatar.com\\\/avatar\\\/04084e6d73c042b8646e7c17b494073bf0ede3ea13c7105cfc45cbbbc28385a4?s=96&d=monsterid&r=g\",\"url\":\"https:\\\/\\\/secure.gravatar.com\\\/avatar\\\/04084e6d73c042b8646e7c17b494073bf0ede3ea13c7105cfc45cbbbc28385a4?s=96&d=monsterid&r=g\",\"contentUrl\":\"https:\\\/\\\/secure.gravatar.com\\\/avatar\\\/04084e6d73c042b8646e7c17b494073bf0ede3ea13c7105cfc45cbbbc28385a4?s=96&d=monsterid&r=g\",\"caption\":\"MR News\"},\"description\":\"Especializado em jornalismo colaborativo pela FTP em n\u00edvel de p\u00f3s-gradua\u00e7\u00e3o. suporte@oimeliga.combr\",\"sameAs\":[\"HUGO R.\",\"Admin\"],\"url\":\"https:\\\/\\\/mrnews.com.br\\\/index.php\\\/author\\\/admin\\\/\"}]}<\/script>\n<!-- \/ Yoast SEO plugin. -->","yoast_head_json":{"title":"Produ\u00e7\u00e3o industrial recua 0,2% em julho e acumula efeitos do juro alto","robots":{"index":"index","follow":"follow","max-snippet":"max-snippet:-1","max-image-preview":"max-image-preview:large","max-video-preview":"max-video-preview:-1"},"canonical":"https:\/\/mrnews.com.br\/index.php\/2025\/09\/03\/producao-industrial-recua-02-em-julho-e-acumula-efeitos-do-juro-alto\/","og_locale":"pt_BR","og_type":"article","og_title":"Produ\u00e7\u00e3o industrial recua 0,2% em julho e acumula efeitos do juro alto","og_description":"Por EBC, A produ\u00e7\u00e3o da ind\u00fastria no pa\u00eds recuou 0,2% na passagem de junho para julho. Com esse resultado, o setor chega a quatro meses seguidos sem crescimento, o que \u00e9 explicado pelo ambiente de juro alto. O resultado foi divulgado nesta quarta-feira (3) pela Pesquisa Industrial Mensal, do Instituto Brasileiro de Geografia e Estat\u00edstica &hellip;","og_url":"https:\/\/mrnews.com.br\/index.php\/2025\/09\/03\/producao-industrial-recua-02-em-julho-e-acumula-efeitos-do-juro-alto\/","og_site_name":"MRNews","article_publisher":"https:\/\/www.facebook.com\/eaipahpah\/?locale2=pt_BR","article_published_time":"2025-09-03T14:00:23+00:00","author":"MR News","twitter_card":"summary_large_image","twitter_creator":"@conspirou","twitter_site":"@conspirou","twitter_misc":{"Escrito por":"MR News","Est. tempo de leitura":"3 minutos"},"schema":{"@context":"https:\/\/schema.org","@graph":[{"@type":"Article","@id":"https:\/\/mrnews.com.br\/index.php\/2025\/09\/03\/producao-industrial-recua-02-em-julho-e-acumula-efeitos-do-juro-alto\/#article","isPartOf":{"@id":"https:\/\/mrnews.com.br\/index.php\/2025\/09\/03\/producao-industrial-recua-02-em-julho-e-acumula-efeitos-do-juro-alto\/"},"author":{"name":"MR News","@id":"https:\/\/mrnews.com.br\/#\/schema\/person\/be3203154562a9f207407861cef7827b"},"headline":"Produ\u00e7\u00e3o industrial recua 0,2% em julho e acumula efeitos do juro alto","datePublished":"2025-09-03T14:00:23+00:00","mainEntityOfPage":{"@id":"https:\/\/mrnews.com.br\/index.php\/2025\/09\/03\/producao-industrial-recua-02-em-julho-e-acumula-efeitos-do-juro-alto\/"},"wordCount":682,"commentCount":0,"publisher":{"@id":"https:\/\/mrnews.com.br\/#organization"},"articleSection":["ENTRETENIMENTO","NOTICIAS","SERVI\u00c7OS"],"inLanguage":"pt-BR","potentialAction":[{"@type":"CommentAction","name":"Comment","target":["https:\/\/mrnews.com.br\/index.php\/2025\/09\/03\/producao-industrial-recua-02-em-julho-e-acumula-efeitos-do-juro-alto\/#respond"]}]},{"@type":"WebPage","@id":"https:\/\/mrnews.com.br\/index.php\/2025\/09\/03\/producao-industrial-recua-02-em-julho-e-acumula-efeitos-do-juro-alto\/","url":"https:\/\/mrnews.com.br\/index.php\/2025\/09\/03\/producao-industrial-recua-02-em-julho-e-acumula-efeitos-do-juro-alto\/","name":"Produ\u00e7\u00e3o industrial recua 0,2% em julho e acumula efeitos do juro alto","isPartOf":{"@id":"https:\/\/mrnews.com.br\/#website"},"datePublished":"2025-09-03T14:00:23+00:00","breadcrumb":{"@id":"https:\/\/mrnews.com.br\/index.php\/2025\/09\/03\/producao-industrial-recua-02-em-julho-e-acumula-efeitos-do-juro-alto\/#breadcrumb"},"inLanguage":"pt-BR","potentialAction":[{"@type":"ReadAction","target":["https:\/\/mrnews.com.br\/index.php\/2025\/09\/03\/producao-industrial-recua-02-em-julho-e-acumula-efeitos-do-juro-alto\/"]}]},{"@type":"BreadcrumbList","@id":"https:\/\/mrnews.com.br\/index.php\/2025\/09\/03\/producao-industrial-recua-02-em-julho-e-acumula-efeitos-do-juro-alto\/#breadcrumb","itemListElement":[{"@type":"ListItem","position":1,"name":"In\u00edcio","item":"https:\/\/mrnews.com.br\/"},{"@type":"ListItem","position":2,"name":"Produ\u00e7\u00e3o industrial recua 0,2% em julho e acumula efeitos do juro alto"}]},{"@type":"WebSite","@id":"https:\/\/mrnews.com.br\/#website","url":"https:\/\/mrnews.com.br\/","name":"MRNews","description":"MRNews Jogos de hoje da TV, transmiss\u00f5es ao vivo, Not\u00edcias de futebol, Jogos ao vivo, Lives, resumo de novelas, Programa\u00e7\u00e3o da Globo, A Fazenda e BBB","publisher":{"@id":"https:\/\/mrnews.com.br\/#organization"},"potentialAction":[{"@type":"SearchAction","target":{"@type":"EntryPoint","urlTemplate":"https:\/\/mrnews.com.br\/?s={search_term_string}"},"query-input":{"@type":"PropertyValueSpecification","valueRequired":true,"valueName":"search_term_string"}}],"inLanguage":"pt-BR"},{"@type":"Organization","@id":"https:\/\/mrnews.com.br\/#organization","name":"MRNews","url":"https:\/\/mrnews.com.br\/","logo":{"@type":"ImageObject","inLanguage":"pt-BR","@id":"https:\/\/mrnews.com.br\/#\/schema\/logo\/image\/","url":"https:\/\/mrnews.com.br\/wp-content\/uploads\/2019\/06\/MRNewslogo2.png","contentUrl":"https:\/\/mrnews.com.br\/wp-content\/uploads\/2019\/06\/MRNewslogo2.png","width":223,"height":58,"caption":"MRNews"},"image":{"@id":"https:\/\/mrnews.com.br\/#\/schema\/logo\/image\/"},"sameAs":["https:\/\/www.facebook.com\/eaipahpah\/?locale2=pt_BR","https:\/\/x.com\/conspirou","https:\/\/www.instagram.com\/eai_pahpah","https:\/\/br.pinterest.com\/mrnewsn\/boards\/","https:\/\/www.youtube.com\/channel\/UCacgnpznQ61fifLWr1tQ-vA?view_as=subscriber"]},{"@type":"Person","@id":"https:\/\/mrnews.com.br\/#\/schema\/person\/be3203154562a9f207407861cef7827b","name":"MR News","image":{"@type":"ImageObject","inLanguage":"pt-BR","@id":"https:\/\/secure.gravatar.com\/avatar\/04084e6d73c042b8646e7c17b494073bf0ede3ea13c7105cfc45cbbbc28385a4?s=96&d=monsterid&r=g","url":"https:\/\/secure.gravatar.com\/avatar\/04084e6d73c042b8646e7c17b494073bf0ede3ea13c7105cfc45cbbbc28385a4?s=96&d=monsterid&r=g","contentUrl":"https:\/\/secure.gravatar.com\/avatar\/04084e6d73c042b8646e7c17b494073bf0ede3ea13c7105cfc45cbbbc28385a4?s=96&d=monsterid&r=g","caption":"MR News"},"description":"Especializado em jornalismo colaborativo pela FTP em n\u00edvel de p\u00f3s-gradua\u00e7\u00e3o. suporte@oimeliga.combr","sameAs":["HUGO R.","Admin"],"url":"https:\/\/mrnews.com.br\/index.php\/author\/admin\/"}]}},"jetpack_featured_media_url":"","jetpack_sharing_enabled":true,"jetpack_shortlink":"https:\/\/wp.me\/pa2Qf7-1SM4","amp_enabled":true,"_links":{"self":[{"href":"https:\/\/mrnews.com.br\/index.php\/wp-json\/wp\/v2\/posts\/448884","targetHints":{"allow":["GET"]}}],"collection":[{"href":"https:\/\/mrnews.com.br\/index.php\/wp-json\/wp\/v2\/posts"}],"about":[{"href":"https:\/\/mrnews.com.br\/index.php\/wp-json\/wp\/v2\/types\/post"}],"author":[{"embeddable":true,"href":"https:\/\/mrnews.com.br\/index.php\/wp-json\/wp\/v2\/users\/1"}],"replies":[{"embeddable":true,"href":"https:\/\/mrnews.com.br\/index.php\/wp-json\/wp\/v2\/comments?post=448884"}],"version-history":[{"count":0,"href":"https:\/\/mrnews.com.br\/index.php\/wp-json\/wp\/v2\/posts\/448884\/revisions"}],"wp:attachment":[{"href":"https:\/\/mrnews.com.br\/index.php\/wp-json\/wp\/v2\/media?parent=448884"}],"wp:term":[{"taxonomy":"category","embeddable":true,"href":"https:\/\/mrnews.com.br\/index.php\/wp-json\/wp\/v2\/categories?post=448884"},{"taxonomy":"post_tag","embeddable":true,"href":"https:\/\/mrnews.com.br\/index.php\/wp-json\/wp\/v2\/tags?post=448884"}],"curies":[{"name":"wp","href":"https:\/\/api.w.org\/{rel}","templated":true}]}}