{"id":449032,"date":"2025-09-05T18:19:38","date_gmt":"2025-09-05T21:19:38","guid":{"rendered":"https:\/\/mrnews.com.br\/index.php\/2025\/09\/05\/moraes-abre-prazo-para-alegacoes-do-nucleo-2-dos-atos-golpistas\/"},"modified":"2025-09-05T18:19:38","modified_gmt":"2025-09-05T21:19:38","slug":"moraes-abre-prazo-para-alegacoes-do-nucleo-2-dos-atos-golpistas","status":"publish","type":"post","link":"https:\/\/mrnews.com.br\/index.php\/2025\/09\/05\/moraes-abre-prazo-para-alegacoes-do-nucleo-2-dos-atos-golpistas\/","title":{"rendered":"Moraes abre prazo para alega\u00e7\u00f5es do N\u00facleo 2 dos atos golpistas"},"content":{"rendered":"<p>Por EBC, <\/p>\n<div>\n<p>O ministro Alexandre de Moraes, do Supremo Tribunal Federal (STF), abriu nesta sexta-feira (5) prazo de 15 dias para a Procuradoria-Geral da Rep\u00fablica (PGR) e as defesas dos r\u00e9us do N\u00facleo 2 da trama golpista apresentarem suas alega\u00e7\u00f5es finais.<\/p>\n<p><strong>O grupo \u00e9 acusado pela PGR de organizar a\u00e7\u00f5es para sustentar a tentativa de perman\u00eancia ileg\u00edtima do ex-presidente Jair Bolsonaro no poder, em 2022.<\/strong>\u00a0<\/p>\n<p>Pela decis\u00e3o, a procuradoria ser\u00e1 a primeira a entregar as alega\u00e7\u00f5es. Em seguida, o mesmo prazo dever\u00e1 ser cumprido pelos advogados dos r\u00e9us.<\/p>\n<p>S\u00e3o r\u00e9us do n\u00facleo 2:\u00a0\u00a0<\/p>\n<ul>\n<li>Filipe Martins (ex-assessor de assuntos internacionais de Bolsonaro);<\/li>\n<li>Marcelo C\u00e2mara (ex-assessor de Bolsonaro);<\/li>\n<li>Silvinei Vasques (ex-diretor da Pol\u00edcia Rodovi\u00e1ria Federal);<\/li>\n<li>M\u00e1rio Fernandes (general do Ex\u00e9rcito);<\/li>\n<li>Mar\u00edlia de Alencar (ex-subsecret\u00e1ria de Seguran\u00e7a do Distrito Federal);<\/li>\n<li>Fernando de Sousa Oliveira (ex-secret\u00e1rio-adjunto da Secretaria de Seguran\u00e7a do Distrito Federal).\u00a0<\/li>\n<\/ul>\n<p><strong>As alega\u00e7\u00f5es fazem parte da \u00faltima fase antes do julgamento dos acusados, que deve ocorrer ainda neste ano na Primeira Turma da Corte.<\/strong><\/p>\n<p>      <!-- Relacionada --><\/p>\n<p>            <!-- Relacionada -->\n    <\/div>\n","protected":false},"excerpt":{"rendered":"<p>Por EBC, O ministro Alexandre de Moraes, do Supremo Tribunal Federal (STF), abriu nesta sexta-feira (5) prazo de 15 dias para a Procuradoria-Geral da Rep\u00fablica (PGR) e as defesas dos r\u00e9us do N\u00facleo 2 da trama golpista apresentarem suas alega\u00e7\u00f5es finais. O grupo \u00e9 acusado pela PGR de organizar a\u00e7\u00f5es para sustentar a tentativa de &hellip;<\/p>\n","protected":false},"author":1,"featured_media":0,"comment_status":"open","ping_status":"open","sticky":false,"template":"","format":"standard","meta":{"_jetpack_memberships_contains_paid_content":false,"footnotes":""},"categories":[2,12225,4],"tags":[],"class_list":["post-449032","post","type-post","status-publish","format-standard","hentry","category-entretenimento","category-noticias","category-servicos"],"yoast_head":"<!-- This site is optimized with the Yoast SEO plugin v27.5 - https:\/\/yoast.com\/product\/yoast-seo-wordpress\/ -->\n<title>Moraes abre prazo para alega\u00e7\u00f5es do N\u00facleo 2 dos atos golpistas<\/title>\n<meta name=\"robots\" content=\"index, follow, max-snippet:-1, max-image-preview:large, max-video-preview:-1\" \/>\n<link rel=\"canonical\" href=\"https:\/\/mrnews.com.br\/index.php\/2025\/09\/05\/moraes-abre-prazo-para-alegacoes-do-nucleo-2-dos-atos-golpistas\/\" \/>\n<meta property=\"og:locale\" content=\"pt_BR\" \/>\n<meta property=\"og:type\" content=\"article\" \/>\n<meta property=\"og:title\" content=\"Moraes abre prazo para alega\u00e7\u00f5es do N\u00facleo 2 dos atos golpistas\" \/>\n<meta property=\"og:description\" content=\"Por EBC, O ministro Alexandre de Moraes, do Supremo Tribunal Federal (STF), abriu nesta sexta-feira (5) prazo de 15 dias para a Procuradoria-Geral da Rep\u00fablica (PGR) e as defesas dos r\u00e9us do N\u00facleo 2 da trama golpista apresentarem suas alega\u00e7\u00f5es finais. O grupo \u00e9 acusado pela PGR de organizar a\u00e7\u00f5es para sustentar a tentativa de &hellip;\" \/>\n<meta property=\"og:url\" content=\"https:\/\/mrnews.com.br\/index.php\/2025\/09\/05\/moraes-abre-prazo-para-alegacoes-do-nucleo-2-dos-atos-golpistas\/\" \/>\n<meta property=\"og:site_name\" content=\"MRNews\" \/>\n<meta property=\"article:publisher\" content=\"https:\/\/www.facebook.com\/eaipahpah\/?locale2=pt_BR\" \/>\n<meta property=\"article:published_time\" content=\"2025-09-05T21:19:38+00:00\" \/>\n<meta name=\"author\" content=\"MR News\" \/>\n<meta name=\"twitter:card\" content=\"summary_large_image\" \/>\n<meta name=\"twitter:creator\" content=\"@conspirou\" \/>\n<meta name=\"twitter:site\" content=\"@conspirou\" \/>\n<meta name=\"twitter:label1\" content=\"Escrito por\" \/>\n\t<meta name=\"twitter:data1\" content=\"MR News\" \/>\n\t<meta name=\"twitter:label2\" content=\"Est. tempo de leitura\" \/>\n\t<meta name=\"twitter:data2\" content=\"1 minuto\" \/>\n<script type=\"application\/ld+json\" class=\"yoast-schema-graph\">{\"@context\":\"https:\\\/\\\/schema.org\",\"@graph\":[{\"@type\":\"Article\",\"@id\":\"https:\\\/\\\/mrnews.com.br\\\/index.php\\\/2025\\\/09\\\/05\\\/moraes-abre-prazo-para-alegacoes-do-nucleo-2-dos-atos-golpistas\\\/#article\",\"isPartOf\":{\"@id\":\"https:\\\/\\\/mrnews.com.br\\\/index.php\\\/2025\\\/09\\\/05\\\/moraes-abre-prazo-para-alegacoes-do-nucleo-2-dos-atos-golpistas\\\/\"},\"author\":{\"name\":\"MR News\",\"@id\":\"https:\\\/\\\/mrnews.com.br\\\/#\\\/schema\\\/person\\\/be3203154562a9f207407861cef7827b\"},\"headline\":\"Moraes abre prazo para alega\u00e7\u00f5es do N\u00facleo 2 dos atos golpistas\",\"datePublished\":\"2025-09-05T21:19:38+00:00\",\"mainEntityOfPage\":{\"@id\":\"https:\\\/\\\/mrnews.com.br\\\/index.php\\\/2025\\\/09\\\/05\\\/moraes-abre-prazo-para-alegacoes-do-nucleo-2-dos-atos-golpistas\\\/\"},\"wordCount\":192,\"commentCount\":0,\"publisher\":{\"@id\":\"https:\\\/\\\/mrnews.com.br\\\/#organization\"},\"articleSection\":[\"ENTRETENIMENTO\",\"NOTICIAS\",\"SERVI\u00c7OS\"],\"inLanguage\":\"pt-BR\",\"potentialAction\":[{\"@type\":\"CommentAction\",\"name\":\"Comment\",\"target\":[\"https:\\\/\\\/mrnews.com.br\\\/index.php\\\/2025\\\/09\\\/05\\\/moraes-abre-prazo-para-alegacoes-do-nucleo-2-dos-atos-golpistas\\\/#respond\"]}]},{\"@type\":\"WebPage\",\"@id\":\"https:\\\/\\\/mrnews.com.br\\\/index.php\\\/2025\\\/09\\\/05\\\/moraes-abre-prazo-para-alegacoes-do-nucleo-2-dos-atos-golpistas\\\/\",\"url\":\"https:\\\/\\\/mrnews.com.br\\\/index.php\\\/2025\\\/09\\\/05\\\/moraes-abre-prazo-para-alegacoes-do-nucleo-2-dos-atos-golpistas\\\/\",\"name\":\"Moraes abre prazo para alega\u00e7\u00f5es do N\u00facleo 2 dos atos golpistas\",\"isPartOf\":{\"@id\":\"https:\\\/\\\/mrnews.com.br\\\/#website\"},\"datePublished\":\"2025-09-05T21:19:38+00:00\",\"breadcrumb\":{\"@id\":\"https:\\\/\\\/mrnews.com.br\\\/index.php\\\/2025\\\/09\\\/05\\\/moraes-abre-prazo-para-alegacoes-do-nucleo-2-dos-atos-golpistas\\\/#breadcrumb\"},\"inLanguage\":\"pt-BR\",\"potentialAction\":[{\"@type\":\"ReadAction\",\"target\":[\"https:\\\/\\\/mrnews.com.br\\\/index.php\\\/2025\\\/09\\\/05\\\/moraes-abre-prazo-para-alegacoes-do-nucleo-2-dos-atos-golpistas\\\/\"]}]},{\"@type\":\"BreadcrumbList\",\"@id\":\"https:\\\/\\\/mrnews.com.br\\\/index.php\\\/2025\\\/09\\\/05\\\/moraes-abre-prazo-para-alegacoes-do-nucleo-2-dos-atos-golpistas\\\/#breadcrumb\",\"itemListElement\":[{\"@type\":\"ListItem\",\"position\":1,\"name\":\"In\u00edcio\",\"item\":\"https:\\\/\\\/mrnews.com.br\\\/\"},{\"@type\":\"ListItem\",\"position\":2,\"name\":\"Moraes abre prazo para alega\u00e7\u00f5es do N\u00facleo 2 dos atos golpistas\"}]},{\"@type\":\"WebSite\",\"@id\":\"https:\\\/\\\/mrnews.com.br\\\/#website\",\"url\":\"https:\\\/\\\/mrnews.com.br\\\/\",\"name\":\"MRNews\",\"description\":\"MRNews Jogos de hoje da TV, transmiss\u00f5es ao vivo, Not\u00edcias de futebol, Jogos ao vivo, Lives, resumo de novelas, Programa\u00e7\u00e3o da Globo, A Fazenda e BBB\",\"publisher\":{\"@id\":\"https:\\\/\\\/mrnews.com.br\\\/#organization\"},\"potentialAction\":[{\"@type\":\"SearchAction\",\"target\":{\"@type\":\"EntryPoint\",\"urlTemplate\":\"https:\\\/\\\/mrnews.com.br\\\/?s={search_term_string}\"},\"query-input\":{\"@type\":\"PropertyValueSpecification\",\"valueRequired\":true,\"valueName\":\"search_term_string\"}}],\"inLanguage\":\"pt-BR\"},{\"@type\":\"Organization\",\"@id\":\"https:\\\/\\\/mrnews.com.br\\\/#organization\",\"name\":\"MRNews\",\"url\":\"https:\\\/\\\/mrnews.com.br\\\/\",\"logo\":{\"@type\":\"ImageObject\",\"inLanguage\":\"pt-BR\",\"@id\":\"https:\\\/\\\/mrnews.com.br\\\/#\\\/schema\\\/logo\\\/image\\\/\",\"url\":\"https:\\\/\\\/mrnews.com.br\\\/wp-content\\\/uploads\\\/2019\\\/06\\\/MRNewslogo2.png\",\"contentUrl\":\"https:\\\/\\\/mrnews.com.br\\\/wp-content\\\/uploads\\\/2019\\\/06\\\/MRNewslogo2.png\",\"width\":223,\"height\":58,\"caption\":\"MRNews\"},\"image\":{\"@id\":\"https:\\\/\\\/mrnews.com.br\\\/#\\\/schema\\\/logo\\\/image\\\/\"},\"sameAs\":[\"https:\\\/\\\/www.facebook.com\\\/eaipahpah\\\/?locale2=pt_BR\",\"https:\\\/\\\/x.com\\\/conspirou\",\"https:\\\/\\\/www.instagram.com\\\/eai_pahpah\",\"https:\\\/\\\/br.pinterest.com\\\/mrnewsn\\\/boards\\\/\",\"https:\\\/\\\/www.youtube.com\\\/channel\\\/UCacgnpznQ61fifLWr1tQ-vA?view_as=subscriber\"]},{\"@type\":\"Person\",\"@id\":\"https:\\\/\\\/mrnews.com.br\\\/#\\\/schema\\\/person\\\/be3203154562a9f207407861cef7827b\",\"name\":\"MR News\",\"image\":{\"@type\":\"ImageObject\",\"inLanguage\":\"pt-BR\",\"@id\":\"https:\\\/\\\/secure.gravatar.com\\\/avatar\\\/04084e6d73c042b8646e7c17b494073bf0ede3ea13c7105cfc45cbbbc28385a4?s=96&d=monsterid&r=g\",\"url\":\"https:\\\/\\\/secure.gravatar.com\\\/avatar\\\/04084e6d73c042b8646e7c17b494073bf0ede3ea13c7105cfc45cbbbc28385a4?s=96&d=monsterid&r=g\",\"contentUrl\":\"https:\\\/\\\/secure.gravatar.com\\\/avatar\\\/04084e6d73c042b8646e7c17b494073bf0ede3ea13c7105cfc45cbbbc28385a4?s=96&d=monsterid&r=g\",\"caption\":\"MR News\"},\"description\":\"Especializado em jornalismo colaborativo pela FTP em n\u00edvel de p\u00f3s-gradua\u00e7\u00e3o. suporte@oimeliga.combr\",\"sameAs\":[\"HUGO R.\",\"Admin\"],\"url\":\"https:\\\/\\\/mrnews.com.br\\\/index.php\\\/author\\\/admin\\\/\"}]}<\/script>\n<!-- \/ Yoast SEO plugin. -->","yoast_head_json":{"title":"Moraes abre prazo para alega\u00e7\u00f5es do N\u00facleo 2 dos atos golpistas","robots":{"index":"index","follow":"follow","max-snippet":"max-snippet:-1","max-image-preview":"max-image-preview:large","max-video-preview":"max-video-preview:-1"},"canonical":"https:\/\/mrnews.com.br\/index.php\/2025\/09\/05\/moraes-abre-prazo-para-alegacoes-do-nucleo-2-dos-atos-golpistas\/","og_locale":"pt_BR","og_type":"article","og_title":"Moraes abre prazo para alega\u00e7\u00f5es do N\u00facleo 2 dos atos golpistas","og_description":"Por EBC, O ministro Alexandre de Moraes, do Supremo Tribunal Federal (STF), abriu nesta sexta-feira (5) prazo de 15 dias para a Procuradoria-Geral da Rep\u00fablica (PGR) e as defesas dos r\u00e9us do N\u00facleo 2 da trama golpista apresentarem suas alega\u00e7\u00f5es finais. O grupo \u00e9 acusado pela PGR de organizar a\u00e7\u00f5es para sustentar a tentativa de &hellip;","og_url":"https:\/\/mrnews.com.br\/index.php\/2025\/09\/05\/moraes-abre-prazo-para-alegacoes-do-nucleo-2-dos-atos-golpistas\/","og_site_name":"MRNews","article_publisher":"https:\/\/www.facebook.com\/eaipahpah\/?locale2=pt_BR","article_published_time":"2025-09-05T21:19:38+00:00","author":"MR News","twitter_card":"summary_large_image","twitter_creator":"@conspirou","twitter_site":"@conspirou","twitter_misc":{"Escrito por":"MR News","Est. tempo de leitura":"1 minuto"},"schema":{"@context":"https:\/\/schema.org","@graph":[{"@type":"Article","@id":"https:\/\/mrnews.com.br\/index.php\/2025\/09\/05\/moraes-abre-prazo-para-alegacoes-do-nucleo-2-dos-atos-golpistas\/#article","isPartOf":{"@id":"https:\/\/mrnews.com.br\/index.php\/2025\/09\/05\/moraes-abre-prazo-para-alegacoes-do-nucleo-2-dos-atos-golpistas\/"},"author":{"name":"MR News","@id":"https:\/\/mrnews.com.br\/#\/schema\/person\/be3203154562a9f207407861cef7827b"},"headline":"Moraes abre prazo para alega\u00e7\u00f5es do N\u00facleo 2 dos atos golpistas","datePublished":"2025-09-05T21:19:38+00:00","mainEntityOfPage":{"@id":"https:\/\/mrnews.com.br\/index.php\/2025\/09\/05\/moraes-abre-prazo-para-alegacoes-do-nucleo-2-dos-atos-golpistas\/"},"wordCount":192,"commentCount":0,"publisher":{"@id":"https:\/\/mrnews.com.br\/#organization"},"articleSection":["ENTRETENIMENTO","NOTICIAS","SERVI\u00c7OS"],"inLanguage":"pt-BR","potentialAction":[{"@type":"CommentAction","name":"Comment","target":["https:\/\/mrnews.com.br\/index.php\/2025\/09\/05\/moraes-abre-prazo-para-alegacoes-do-nucleo-2-dos-atos-golpistas\/#respond"]}]},{"@type":"WebPage","@id":"https:\/\/mrnews.com.br\/index.php\/2025\/09\/05\/moraes-abre-prazo-para-alegacoes-do-nucleo-2-dos-atos-golpistas\/","url":"https:\/\/mrnews.com.br\/index.php\/2025\/09\/05\/moraes-abre-prazo-para-alegacoes-do-nucleo-2-dos-atos-golpistas\/","name":"Moraes abre prazo para alega\u00e7\u00f5es do N\u00facleo 2 dos atos golpistas","isPartOf":{"@id":"https:\/\/mrnews.com.br\/#website"},"datePublished":"2025-09-05T21:19:38+00:00","breadcrumb":{"@id":"https:\/\/mrnews.com.br\/index.php\/2025\/09\/05\/moraes-abre-prazo-para-alegacoes-do-nucleo-2-dos-atos-golpistas\/#breadcrumb"},"inLanguage":"pt-BR","potentialAction":[{"@type":"ReadAction","target":["https:\/\/mrnews.com.br\/index.php\/2025\/09\/05\/moraes-abre-prazo-para-alegacoes-do-nucleo-2-dos-atos-golpistas\/"]}]},{"@type":"BreadcrumbList","@id":"https:\/\/mrnews.com.br\/index.php\/2025\/09\/05\/moraes-abre-prazo-para-alegacoes-do-nucleo-2-dos-atos-golpistas\/#breadcrumb","itemListElement":[{"@type":"ListItem","position":1,"name":"In\u00edcio","item":"https:\/\/mrnews.com.br\/"},{"@type":"ListItem","position":2,"name":"Moraes abre prazo para alega\u00e7\u00f5es do N\u00facleo 2 dos atos golpistas"}]},{"@type":"WebSite","@id":"https:\/\/mrnews.com.br\/#website","url":"https:\/\/mrnews.com.br\/","name":"MRNews","description":"MRNews Jogos de hoje da TV, transmiss\u00f5es ao vivo, Not\u00edcias de futebol, Jogos ao vivo, Lives, resumo de novelas, Programa\u00e7\u00e3o da Globo, A Fazenda e BBB","publisher":{"@id":"https:\/\/mrnews.com.br\/#organization"},"potentialAction":[{"@type":"SearchAction","target":{"@type":"EntryPoint","urlTemplate":"https:\/\/mrnews.com.br\/?s={search_term_string}"},"query-input":{"@type":"PropertyValueSpecification","valueRequired":true,"valueName":"search_term_string"}}],"inLanguage":"pt-BR"},{"@type":"Organization","@id":"https:\/\/mrnews.com.br\/#organization","name":"MRNews","url":"https:\/\/mrnews.com.br\/","logo":{"@type":"ImageObject","inLanguage":"pt-BR","@id":"https:\/\/mrnews.com.br\/#\/schema\/logo\/image\/","url":"https:\/\/mrnews.com.br\/wp-content\/uploads\/2019\/06\/MRNewslogo2.png","contentUrl":"https:\/\/mrnews.com.br\/wp-content\/uploads\/2019\/06\/MRNewslogo2.png","width":223,"height":58,"caption":"MRNews"},"image":{"@id":"https:\/\/mrnews.com.br\/#\/schema\/logo\/image\/"},"sameAs":["https:\/\/www.facebook.com\/eaipahpah\/?locale2=pt_BR","https:\/\/x.com\/conspirou","https:\/\/www.instagram.com\/eai_pahpah","https:\/\/br.pinterest.com\/mrnewsn\/boards\/","https:\/\/www.youtube.com\/channel\/UCacgnpznQ61fifLWr1tQ-vA?view_as=subscriber"]},{"@type":"Person","@id":"https:\/\/mrnews.com.br\/#\/schema\/person\/be3203154562a9f207407861cef7827b","name":"MR News","image":{"@type":"ImageObject","inLanguage":"pt-BR","@id":"https:\/\/secure.gravatar.com\/avatar\/04084e6d73c042b8646e7c17b494073bf0ede3ea13c7105cfc45cbbbc28385a4?s=96&d=monsterid&r=g","url":"https:\/\/secure.gravatar.com\/avatar\/04084e6d73c042b8646e7c17b494073bf0ede3ea13c7105cfc45cbbbc28385a4?s=96&d=monsterid&r=g","contentUrl":"https:\/\/secure.gravatar.com\/avatar\/04084e6d73c042b8646e7c17b494073bf0ede3ea13c7105cfc45cbbbc28385a4?s=96&d=monsterid&r=g","caption":"MR News"},"description":"Especializado em jornalismo colaborativo pela FTP em n\u00edvel de p\u00f3s-gradua\u00e7\u00e3o. suporte@oimeliga.combr","sameAs":["HUGO R.","Admin"],"url":"https:\/\/mrnews.com.br\/index.php\/author\/admin\/"}]}},"jetpack_featured_media_url":"","jetpack_sharing_enabled":true,"jetpack_shortlink":"https:\/\/wp.me\/pa2Qf7-1SOs","amp_enabled":true,"_links":{"self":[{"href":"https:\/\/mrnews.com.br\/index.php\/wp-json\/wp\/v2\/posts\/449032","targetHints":{"allow":["GET"]}}],"collection":[{"href":"https:\/\/mrnews.com.br\/index.php\/wp-json\/wp\/v2\/posts"}],"about":[{"href":"https:\/\/mrnews.com.br\/index.php\/wp-json\/wp\/v2\/types\/post"}],"author":[{"embeddable":true,"href":"https:\/\/mrnews.com.br\/index.php\/wp-json\/wp\/v2\/users\/1"}],"replies":[{"embeddable":true,"href":"https:\/\/mrnews.com.br\/index.php\/wp-json\/wp\/v2\/comments?post=449032"}],"version-history":[{"count":0,"href":"https:\/\/mrnews.com.br\/index.php\/wp-json\/wp\/v2\/posts\/449032\/revisions"}],"wp:attachment":[{"href":"https:\/\/mrnews.com.br\/index.php\/wp-json\/wp\/v2\/media?parent=449032"}],"wp:term":[{"taxonomy":"category","embeddable":true,"href":"https:\/\/mrnews.com.br\/index.php\/wp-json\/wp\/v2\/categories?post=449032"},{"taxonomy":"post_tag","embeddable":true,"href":"https:\/\/mrnews.com.br\/index.php\/wp-json\/wp\/v2\/tags?post=449032"}],"curies":[{"name":"wp","href":"https:\/\/api.w.org\/{rel}","templated":true}]}}