{"id":449034,"date":"2025-09-05T19:43:39","date_gmt":"2025-09-05T22:43:39","guid":{"rendered":"https:\/\/mrnews.com.br\/index.php\/2025\/09\/05\/rio-teve-um-dia-de-sol-forte-mas-o-final-de-semana-o-tempo-muda\/"},"modified":"2025-09-05T19:43:39","modified_gmt":"2025-09-05T22:43:39","slug":"rio-teve-um-dia-de-sol-forte-mas-o-final-de-semana-o-tempo-muda","status":"publish","type":"post","link":"https:\/\/mrnews.com.br\/index.php\/2025\/09\/05\/rio-teve-um-dia-de-sol-forte-mas-o-final-de-semana-o-tempo-muda\/","title":{"rendered":"Rio teve um dia de sol forte, mas o final de semana o tempo muda"},"content":{"rendered":"<p>Por EBC, <\/p>\n<div>\n<p>O Rio de Janeiro teve nesta sexta-feira (5) um dia de tempo quente e seco. O c\u00e9u esteve predominante claro, com poucas nuvens no c\u00e9u. A temperatura m\u00e1xima atingiu os 33,4\u00baC, em Guaratiba, na zona oeste da cidade. A m\u00ednima da madrugada ficou em 14,3\u00baC, em Jacarepagu\u00e1, na mesma regi\u00e3o.\u00a0<\/p>\n<p><strong>Em pleno inverno, a temperatura acima dos 30\u00baC pode ser considerada um veranico.<\/strong> As praias tiveram grande movimento de banhistas para aproveitar o dia de sol.<\/p>\n<p><strong>Para este s\u00e1bado (6), a previs\u00e3o \u00e9 que o tempo vai mudar com a aproxima\u00e7\u00e3o de uma frente fria.<\/strong> A previs\u00e3o \u00e9 de c\u00e9u nublado a encoberto, com chuva fraca, a partir do final da manh\u00e3. Temperatura entrar\u00e1 em decl\u00ednio. A previs\u00e3o do Sistema Alerta Rio, \u00e9 que a temperatura m\u00e1xima n\u00e3o ultrapasse os 26\u00baC.\u00a0<\/p>\n<p>Os ventos estar\u00e3o moderados, com rajadas que podem chegar aos 50 quil\u00f4metros por hora.<\/p>\n<p><strong>Para o domingo (7), o transporte de umidade do oceano em dire\u00e7\u00e3o ao continente manter\u00e1 o tempo inst\u00e1vel.<\/strong> O c\u00e9u estar\u00e1 nublado a encoberto e h\u00e1 previs\u00e3o de chuva fraca isolada durante todo o dia. A temperatura m\u00e1xima deve ficar em torno dos 23\u00baC.<\/p>\n<h2>S\u00e3o Paulo<\/h2>\n<p>Em S\u00e3o Paulo, neste final de semana, a chegada de uma frente fria provocar\u00e1 uma queda brusca na temperatura. <strong>Para este s\u00e1bado, a previs\u00e3o, de acordo com o Instituto Nacional de Meteorologia (Inmet), \u00e9 de c\u00e9u com muitas nuvens com possibilidade de chuva isolada.<\/strong> A temperatura m\u00ednima ficar\u00e1 em torno dos 15\u00baC e a m\u00e1xima n\u00e3o ultrapassar\u00e1 os 20\u00baC.\u00a0<\/p>\n<p><strong>Para o domingo (7), a previs\u00e3o \u00e9 um dia de chuva e trovoadas isoladas, com a temperatura variando entre a m\u00ednima de 15\u00baC e a m\u00e1xima, de 20\u00baC.<\/strong><\/p>\n<p><strong>Porto Alegre ter\u00e1 um final de semana de muito frio, com possibilidade de geada e ventos fracos a moderados com rajadas.<\/strong> A temperatura m\u00ednima ficar\u00e1 em 9\u00baC e, a m\u00e1xima, em 14\u00baC.\u00a0<\/p>\n<p>Para o domingo (7), a previs\u00e3o \u00e9 que o frio se repetir\u00e1, com a m\u00ednima chegando aos 10\u00baC e a m\u00e1xima em 14\u00baC, podendo gear novamente na capital.<\/p>\n<h2>Norte<\/h2>\n<p><strong>No Norte do pa\u00eds, a meteorologia prev\u00ea um final de semana com c\u00e9u com muitas nuvens e possibilidade de chuva isolada nas cidades de Bel\u00e9m e Manaus.<\/strong> A capital paraense ter\u00e1 um s\u00e1bado de temperatura m\u00e1xima chegando aos 33\u00baC, e a capital amazonense ter\u00e1 uma temperatura m\u00e1xima um pouco mais elevada, atingindo os 35\u00baC.<\/p>\n<p><strong>Em Bras\u00edlia, no final de semana, a temperatura ficar\u00e1 mais amena, com a m\u00e1xima chegando aos 29\u00baC, no s\u00e1bado, com umidade relativa do ar em torno dos 25%.<\/strong> J\u00e1 no domingo, Dia da Independ\u00eancia, a temperatura m\u00e1xima chega aos 28\u00baC, mas a umidade relativa do ar ficar\u00e1 em 20%.\u00a0<\/p>\n<p>Essa umidade baixa pode causar ressecamento da pele e das mucosas, irrita\u00e7\u00e3o nos olhos, boca e nariz, sangramentos nasais e agravar problemas respirat\u00f3rios como asma e rinite, al\u00e9m de aumentar a suscetibilidade a infec\u00e7\u00f5es.<\/p>\n<p>      <!-- Relacionada --><br \/>\n            <!-- Relacionada -->\n    <\/div>\n","protected":false},"excerpt":{"rendered":"<p>Por EBC, O Rio de Janeiro teve nesta sexta-feira (5) um dia de tempo quente e seco. O c\u00e9u esteve predominante claro, com poucas nuvens no c\u00e9u. A temperatura m\u00e1xima atingiu os 33,4\u00baC, em Guaratiba, na zona oeste da cidade. A m\u00ednima da madrugada ficou em 14,3\u00baC, em Jacarepagu\u00e1, na mesma regi\u00e3o.\u00a0 Em pleno inverno, &hellip;<\/p>\n","protected":false},"author":1,"featured_media":0,"comment_status":"open","ping_status":"open","sticky":false,"template":"","format":"standard","meta":{"_jetpack_memberships_contains_paid_content":false,"footnotes":""},"categories":[2,12225,4],"tags":[],"class_list":["post-449034","post","type-post","status-publish","format-standard","hentry","category-entretenimento","category-noticias","category-servicos"],"yoast_head":"<!-- This site is optimized with the Yoast SEO plugin v27.4 - https:\/\/yoast.com\/product\/yoast-seo-wordpress\/ -->\n<title>Rio teve um dia de sol forte, mas o final de semana o tempo muda<\/title>\n<meta name=\"robots\" content=\"index, follow, max-snippet:-1, max-image-preview:large, max-video-preview:-1\" \/>\n<link rel=\"canonical\" href=\"https:\/\/mrnews.com.br\/index.php\/2025\/09\/05\/rio-teve-um-dia-de-sol-forte-mas-o-final-de-semana-o-tempo-muda\/\" \/>\n<meta property=\"og:locale\" content=\"pt_BR\" \/>\n<meta property=\"og:type\" content=\"article\" \/>\n<meta property=\"og:title\" content=\"Rio teve um dia de sol forte, mas o final de semana o tempo muda\" \/>\n<meta property=\"og:description\" content=\"Por EBC, O Rio de Janeiro teve nesta sexta-feira (5) um dia de tempo quente e seco. O c\u00e9u esteve predominante claro, com poucas nuvens no c\u00e9u. A temperatura m\u00e1xima atingiu os 33,4\u00baC, em Guaratiba, na zona oeste da cidade. A m\u00ednima da madrugada ficou em 14,3\u00baC, em Jacarepagu\u00e1, na mesma regi\u00e3o.\u00a0 Em pleno inverno, &hellip;\" \/>\n<meta property=\"og:url\" content=\"https:\/\/mrnews.com.br\/index.php\/2025\/09\/05\/rio-teve-um-dia-de-sol-forte-mas-o-final-de-semana-o-tempo-muda\/\" \/>\n<meta property=\"og:site_name\" content=\"MRNews\" \/>\n<meta property=\"article:publisher\" content=\"https:\/\/www.facebook.com\/eaipahpah\/?locale2=pt_BR\" \/>\n<meta property=\"article:published_time\" content=\"2025-09-05T22:43:39+00:00\" \/>\n<meta name=\"author\" content=\"MR News\" \/>\n<meta name=\"twitter:card\" content=\"summary_large_image\" \/>\n<meta name=\"twitter:creator\" content=\"@conspirou\" \/>\n<meta name=\"twitter:site\" content=\"@conspirou\" \/>\n<meta name=\"twitter:label1\" content=\"Escrito por\" \/>\n\t<meta name=\"twitter:data1\" content=\"MR News\" \/>\n\t<meta name=\"twitter:label2\" content=\"Est. tempo de leitura\" \/>\n\t<meta name=\"twitter:data2\" content=\"3 minutos\" \/>\n<script type=\"application\/ld+json\" class=\"yoast-schema-graph\">{\"@context\":\"https:\\\/\\\/schema.org\",\"@graph\":[{\"@type\":\"Article\",\"@id\":\"https:\\\/\\\/mrnews.com.br\\\/index.php\\\/2025\\\/09\\\/05\\\/rio-teve-um-dia-de-sol-forte-mas-o-final-de-semana-o-tempo-muda\\\/#article\",\"isPartOf\":{\"@id\":\"https:\\\/\\\/mrnews.com.br\\\/index.php\\\/2025\\\/09\\\/05\\\/rio-teve-um-dia-de-sol-forte-mas-o-final-de-semana-o-tempo-muda\\\/\"},\"author\":{\"name\":\"MR News\",\"@id\":\"https:\\\/\\\/mrnews.com.br\\\/#\\\/schema\\\/person\\\/be3203154562a9f207407861cef7827b\"},\"headline\":\"Rio teve um dia de sol forte, mas o final de semana o tempo muda\",\"datePublished\":\"2025-09-05T22:43:39+00:00\",\"mainEntityOfPage\":{\"@id\":\"https:\\\/\\\/mrnews.com.br\\\/index.php\\\/2025\\\/09\\\/05\\\/rio-teve-um-dia-de-sol-forte-mas-o-final-de-semana-o-tempo-muda\\\/\"},\"wordCount\":531,\"commentCount\":0,\"publisher\":{\"@id\":\"https:\\\/\\\/mrnews.com.br\\\/#organization\"},\"articleSection\":[\"ENTRETENIMENTO\",\"NOTICIAS\",\"SERVI\u00c7OS\"],\"inLanguage\":\"pt-BR\",\"potentialAction\":[{\"@type\":\"CommentAction\",\"name\":\"Comment\",\"target\":[\"https:\\\/\\\/mrnews.com.br\\\/index.php\\\/2025\\\/09\\\/05\\\/rio-teve-um-dia-de-sol-forte-mas-o-final-de-semana-o-tempo-muda\\\/#respond\"]}]},{\"@type\":\"WebPage\",\"@id\":\"https:\\\/\\\/mrnews.com.br\\\/index.php\\\/2025\\\/09\\\/05\\\/rio-teve-um-dia-de-sol-forte-mas-o-final-de-semana-o-tempo-muda\\\/\",\"url\":\"https:\\\/\\\/mrnews.com.br\\\/index.php\\\/2025\\\/09\\\/05\\\/rio-teve-um-dia-de-sol-forte-mas-o-final-de-semana-o-tempo-muda\\\/\",\"name\":\"Rio teve um dia de sol forte, mas o final de semana o tempo muda\",\"isPartOf\":{\"@id\":\"https:\\\/\\\/mrnews.com.br\\\/#website\"},\"datePublished\":\"2025-09-05T22:43:39+00:00\",\"breadcrumb\":{\"@id\":\"https:\\\/\\\/mrnews.com.br\\\/index.php\\\/2025\\\/09\\\/05\\\/rio-teve-um-dia-de-sol-forte-mas-o-final-de-semana-o-tempo-muda\\\/#breadcrumb\"},\"inLanguage\":\"pt-BR\",\"potentialAction\":[{\"@type\":\"ReadAction\",\"target\":[\"https:\\\/\\\/mrnews.com.br\\\/index.php\\\/2025\\\/09\\\/05\\\/rio-teve-um-dia-de-sol-forte-mas-o-final-de-semana-o-tempo-muda\\\/\"]}]},{\"@type\":\"BreadcrumbList\",\"@id\":\"https:\\\/\\\/mrnews.com.br\\\/index.php\\\/2025\\\/09\\\/05\\\/rio-teve-um-dia-de-sol-forte-mas-o-final-de-semana-o-tempo-muda\\\/#breadcrumb\",\"itemListElement\":[{\"@type\":\"ListItem\",\"position\":1,\"name\":\"In\u00edcio\",\"item\":\"https:\\\/\\\/mrnews.com.br\\\/\"},{\"@type\":\"ListItem\",\"position\":2,\"name\":\"Rio teve um dia de sol forte, mas o final de semana o tempo muda\"}]},{\"@type\":\"WebSite\",\"@id\":\"https:\\\/\\\/mrnews.com.br\\\/#website\",\"url\":\"https:\\\/\\\/mrnews.com.br\\\/\",\"name\":\"MRNews\",\"description\":\"MRNews Jogos de hoje da TV, transmiss\u00f5es ao vivo, Not\u00edcias de futebol, Jogos ao vivo, Lives, resumo de novelas, Programa\u00e7\u00e3o da Globo, A Fazenda e BBB\",\"publisher\":{\"@id\":\"https:\\\/\\\/mrnews.com.br\\\/#organization\"},\"potentialAction\":[{\"@type\":\"SearchAction\",\"target\":{\"@type\":\"EntryPoint\",\"urlTemplate\":\"https:\\\/\\\/mrnews.com.br\\\/?s={search_term_string}\"},\"query-input\":{\"@type\":\"PropertyValueSpecification\",\"valueRequired\":true,\"valueName\":\"search_term_string\"}}],\"inLanguage\":\"pt-BR\"},{\"@type\":\"Organization\",\"@id\":\"https:\\\/\\\/mrnews.com.br\\\/#organization\",\"name\":\"MRNews\",\"url\":\"https:\\\/\\\/mrnews.com.br\\\/\",\"logo\":{\"@type\":\"ImageObject\",\"inLanguage\":\"pt-BR\",\"@id\":\"https:\\\/\\\/mrnews.com.br\\\/#\\\/schema\\\/logo\\\/image\\\/\",\"url\":\"https:\\\/\\\/mrnews.com.br\\\/wp-content\\\/uploads\\\/2019\\\/06\\\/MRNewslogo2.png\",\"contentUrl\":\"https:\\\/\\\/mrnews.com.br\\\/wp-content\\\/uploads\\\/2019\\\/06\\\/MRNewslogo2.png\",\"width\":223,\"height\":58,\"caption\":\"MRNews\"},\"image\":{\"@id\":\"https:\\\/\\\/mrnews.com.br\\\/#\\\/schema\\\/logo\\\/image\\\/\"},\"sameAs\":[\"https:\\\/\\\/www.facebook.com\\\/eaipahpah\\\/?locale2=pt_BR\",\"https:\\\/\\\/x.com\\\/conspirou\",\"https:\\\/\\\/www.instagram.com\\\/eai_pahpah\",\"https:\\\/\\\/br.pinterest.com\\\/mrnewsn\\\/boards\\\/\",\"https:\\\/\\\/www.youtube.com\\\/channel\\\/UCacgnpznQ61fifLWr1tQ-vA?view_as=subscriber\"]},{\"@type\":\"Person\",\"@id\":\"https:\\\/\\\/mrnews.com.br\\\/#\\\/schema\\\/person\\\/be3203154562a9f207407861cef7827b\",\"name\":\"MR News\",\"image\":{\"@type\":\"ImageObject\",\"inLanguage\":\"pt-BR\",\"@id\":\"https:\\\/\\\/secure.gravatar.com\\\/avatar\\\/04084e6d73c042b8646e7c17b494073bf0ede3ea13c7105cfc45cbbbc28385a4?s=96&d=monsterid&r=g\",\"url\":\"https:\\\/\\\/secure.gravatar.com\\\/avatar\\\/04084e6d73c042b8646e7c17b494073bf0ede3ea13c7105cfc45cbbbc28385a4?s=96&d=monsterid&r=g\",\"contentUrl\":\"https:\\\/\\\/secure.gravatar.com\\\/avatar\\\/04084e6d73c042b8646e7c17b494073bf0ede3ea13c7105cfc45cbbbc28385a4?s=96&d=monsterid&r=g\",\"caption\":\"MR News\"},\"description\":\"Especializado em jornalismo colaborativo pela FTP em n\u00edvel de p\u00f3s-gradua\u00e7\u00e3o. suporte@oimeliga.combr\",\"sameAs\":[\"HUGO R.\",\"Admin\"],\"url\":\"https:\\\/\\\/mrnews.com.br\\\/index.php\\\/author\\\/admin\\\/\"}]}<\/script>\n<!-- \/ Yoast SEO plugin. -->","yoast_head_json":{"title":"Rio teve um dia de sol forte, mas o final de semana o tempo muda","robots":{"index":"index","follow":"follow","max-snippet":"max-snippet:-1","max-image-preview":"max-image-preview:large","max-video-preview":"max-video-preview:-1"},"canonical":"https:\/\/mrnews.com.br\/index.php\/2025\/09\/05\/rio-teve-um-dia-de-sol-forte-mas-o-final-de-semana-o-tempo-muda\/","og_locale":"pt_BR","og_type":"article","og_title":"Rio teve um dia de sol forte, mas o final de semana o tempo muda","og_description":"Por EBC, O Rio de Janeiro teve nesta sexta-feira (5) um dia de tempo quente e seco. O c\u00e9u esteve predominante claro, com poucas nuvens no c\u00e9u. A temperatura m\u00e1xima atingiu os 33,4\u00baC, em Guaratiba, na zona oeste da cidade. A m\u00ednima da madrugada ficou em 14,3\u00baC, em Jacarepagu\u00e1, na mesma regi\u00e3o.\u00a0 Em pleno inverno, &hellip;","og_url":"https:\/\/mrnews.com.br\/index.php\/2025\/09\/05\/rio-teve-um-dia-de-sol-forte-mas-o-final-de-semana-o-tempo-muda\/","og_site_name":"MRNews","article_publisher":"https:\/\/www.facebook.com\/eaipahpah\/?locale2=pt_BR","article_published_time":"2025-09-05T22:43:39+00:00","author":"MR News","twitter_card":"summary_large_image","twitter_creator":"@conspirou","twitter_site":"@conspirou","twitter_misc":{"Escrito por":"MR News","Est. tempo de leitura":"3 minutos"},"schema":{"@context":"https:\/\/schema.org","@graph":[{"@type":"Article","@id":"https:\/\/mrnews.com.br\/index.php\/2025\/09\/05\/rio-teve-um-dia-de-sol-forte-mas-o-final-de-semana-o-tempo-muda\/#article","isPartOf":{"@id":"https:\/\/mrnews.com.br\/index.php\/2025\/09\/05\/rio-teve-um-dia-de-sol-forte-mas-o-final-de-semana-o-tempo-muda\/"},"author":{"name":"MR News","@id":"https:\/\/mrnews.com.br\/#\/schema\/person\/be3203154562a9f207407861cef7827b"},"headline":"Rio teve um dia de sol forte, mas o final de semana o tempo muda","datePublished":"2025-09-05T22:43:39+00:00","mainEntityOfPage":{"@id":"https:\/\/mrnews.com.br\/index.php\/2025\/09\/05\/rio-teve-um-dia-de-sol-forte-mas-o-final-de-semana-o-tempo-muda\/"},"wordCount":531,"commentCount":0,"publisher":{"@id":"https:\/\/mrnews.com.br\/#organization"},"articleSection":["ENTRETENIMENTO","NOTICIAS","SERVI\u00c7OS"],"inLanguage":"pt-BR","potentialAction":[{"@type":"CommentAction","name":"Comment","target":["https:\/\/mrnews.com.br\/index.php\/2025\/09\/05\/rio-teve-um-dia-de-sol-forte-mas-o-final-de-semana-o-tempo-muda\/#respond"]}]},{"@type":"WebPage","@id":"https:\/\/mrnews.com.br\/index.php\/2025\/09\/05\/rio-teve-um-dia-de-sol-forte-mas-o-final-de-semana-o-tempo-muda\/","url":"https:\/\/mrnews.com.br\/index.php\/2025\/09\/05\/rio-teve-um-dia-de-sol-forte-mas-o-final-de-semana-o-tempo-muda\/","name":"Rio teve um dia de sol forte, mas o final de semana o tempo muda","isPartOf":{"@id":"https:\/\/mrnews.com.br\/#website"},"datePublished":"2025-09-05T22:43:39+00:00","breadcrumb":{"@id":"https:\/\/mrnews.com.br\/index.php\/2025\/09\/05\/rio-teve-um-dia-de-sol-forte-mas-o-final-de-semana-o-tempo-muda\/#breadcrumb"},"inLanguage":"pt-BR","potentialAction":[{"@type":"ReadAction","target":["https:\/\/mrnews.com.br\/index.php\/2025\/09\/05\/rio-teve-um-dia-de-sol-forte-mas-o-final-de-semana-o-tempo-muda\/"]}]},{"@type":"BreadcrumbList","@id":"https:\/\/mrnews.com.br\/index.php\/2025\/09\/05\/rio-teve-um-dia-de-sol-forte-mas-o-final-de-semana-o-tempo-muda\/#breadcrumb","itemListElement":[{"@type":"ListItem","position":1,"name":"In\u00edcio","item":"https:\/\/mrnews.com.br\/"},{"@type":"ListItem","position":2,"name":"Rio teve um dia de sol forte, mas o final de semana o tempo muda"}]},{"@type":"WebSite","@id":"https:\/\/mrnews.com.br\/#website","url":"https:\/\/mrnews.com.br\/","name":"MRNews","description":"MRNews Jogos de hoje da TV, transmiss\u00f5es ao vivo, Not\u00edcias de futebol, Jogos ao vivo, Lives, resumo de novelas, Programa\u00e7\u00e3o da Globo, A Fazenda e BBB","publisher":{"@id":"https:\/\/mrnews.com.br\/#organization"},"potentialAction":[{"@type":"SearchAction","target":{"@type":"EntryPoint","urlTemplate":"https:\/\/mrnews.com.br\/?s={search_term_string}"},"query-input":{"@type":"PropertyValueSpecification","valueRequired":true,"valueName":"search_term_string"}}],"inLanguage":"pt-BR"},{"@type":"Organization","@id":"https:\/\/mrnews.com.br\/#organization","name":"MRNews","url":"https:\/\/mrnews.com.br\/","logo":{"@type":"ImageObject","inLanguage":"pt-BR","@id":"https:\/\/mrnews.com.br\/#\/schema\/logo\/image\/","url":"https:\/\/mrnews.com.br\/wp-content\/uploads\/2019\/06\/MRNewslogo2.png","contentUrl":"https:\/\/mrnews.com.br\/wp-content\/uploads\/2019\/06\/MRNewslogo2.png","width":223,"height":58,"caption":"MRNews"},"image":{"@id":"https:\/\/mrnews.com.br\/#\/schema\/logo\/image\/"},"sameAs":["https:\/\/www.facebook.com\/eaipahpah\/?locale2=pt_BR","https:\/\/x.com\/conspirou","https:\/\/www.instagram.com\/eai_pahpah","https:\/\/br.pinterest.com\/mrnewsn\/boards\/","https:\/\/www.youtube.com\/channel\/UCacgnpznQ61fifLWr1tQ-vA?view_as=subscriber"]},{"@type":"Person","@id":"https:\/\/mrnews.com.br\/#\/schema\/person\/be3203154562a9f207407861cef7827b","name":"MR News","image":{"@type":"ImageObject","inLanguage":"pt-BR","@id":"https:\/\/secure.gravatar.com\/avatar\/04084e6d73c042b8646e7c17b494073bf0ede3ea13c7105cfc45cbbbc28385a4?s=96&d=monsterid&r=g","url":"https:\/\/secure.gravatar.com\/avatar\/04084e6d73c042b8646e7c17b494073bf0ede3ea13c7105cfc45cbbbc28385a4?s=96&d=monsterid&r=g","contentUrl":"https:\/\/secure.gravatar.com\/avatar\/04084e6d73c042b8646e7c17b494073bf0ede3ea13c7105cfc45cbbbc28385a4?s=96&d=monsterid&r=g","caption":"MR News"},"description":"Especializado em jornalismo colaborativo pela FTP em n\u00edvel de p\u00f3s-gradua\u00e7\u00e3o. suporte@oimeliga.combr","sameAs":["HUGO R.","Admin"],"url":"https:\/\/mrnews.com.br\/index.php\/author\/admin\/"}]}},"jetpack_featured_media_url":"","jetpack_sharing_enabled":true,"jetpack_shortlink":"https:\/\/wp.me\/pa2Qf7-1SOu","amp_enabled":true,"_links":{"self":[{"href":"https:\/\/mrnews.com.br\/index.php\/wp-json\/wp\/v2\/posts\/449034","targetHints":{"allow":["GET"]}}],"collection":[{"href":"https:\/\/mrnews.com.br\/index.php\/wp-json\/wp\/v2\/posts"}],"about":[{"href":"https:\/\/mrnews.com.br\/index.php\/wp-json\/wp\/v2\/types\/post"}],"author":[{"embeddable":true,"href":"https:\/\/mrnews.com.br\/index.php\/wp-json\/wp\/v2\/users\/1"}],"replies":[{"embeddable":true,"href":"https:\/\/mrnews.com.br\/index.php\/wp-json\/wp\/v2\/comments?post=449034"}],"version-history":[{"count":0,"href":"https:\/\/mrnews.com.br\/index.php\/wp-json\/wp\/v2\/posts\/449034\/revisions"}],"wp:attachment":[{"href":"https:\/\/mrnews.com.br\/index.php\/wp-json\/wp\/v2\/media?parent=449034"}],"wp:term":[{"taxonomy":"category","embeddable":true,"href":"https:\/\/mrnews.com.br\/index.php\/wp-json\/wp\/v2\/categories?post=449034"},{"taxonomy":"post_tag","embeddable":true,"href":"https:\/\/mrnews.com.br\/index.php\/wp-json\/wp\/v2\/tags?post=449034"}],"curies":[{"name":"wp","href":"https:\/\/api.w.org\/{rel}","templated":true}]}}