{"id":449108,"date":"2025-09-06T16:04:38","date_gmt":"2025-09-06T19:04:38","guid":{"rendered":"https:\/\/mrnews.com.br\/index.php\/2025\/09\/06\/museu-do-ipiranga-tem-programacao-especial-gratuita-no-7-de-setembro\/"},"modified":"2025-09-06T16:04:38","modified_gmt":"2025-09-06T19:04:38","slug":"museu-do-ipiranga-tem-programacao-especial-gratuita-no-7-de-setembro","status":"publish","type":"post","link":"https:\/\/mrnews.com.br\/index.php\/2025\/09\/06\/museu-do-ipiranga-tem-programacao-especial-gratuita-no-7-de-setembro\/","title":{"rendered":"Museu do Ipiranga tem programa\u00e7\u00e3o especial gratuita no 7 de Setembro"},"content":{"rendered":"<p>Por EBC, <\/p>\n<div>\n<p><strong>O festival Museu em Festa celebra o feriado de 7 de setembro com programa\u00e7\u00e3o gratuita e d\u00e1 in\u00edcio \u00e0s comemora\u00e7\u00f5es dos 130 anos do Museu do Ipiranga, na capital paulista, neste domingo (7)<\/strong>. As atividades do festival ocupar\u00e3o, al\u00e9m do museu, os espa\u00e7os do Parque da Independ\u00eancia, com a\u00e7\u00f5es culturais que valorizam a diversidade, a inclus\u00e3o e a riqueza da cultura popular.<\/p>\n<p><strong>O Museu em Festa \u00e9 o maior evento do ano na institui\u00e7\u00e3o e \u00e9 realizado desde 2017 em celebra\u00e7\u00e3o ao Dia da Independ\u00eancia.<\/strong> <strong>A programa\u00e7\u00e3o tem in\u00edcio \u00e0s 9h de domingo<\/strong>, no Espa\u00e7o Esplanada, em frente ao museu, com uma performance c\u00eanica do grupo Sampalha\u00e7as, que interage com a plateia por meio de m\u00fasicas, n\u00fameros circenses e coreografias.<\/p>\n<p><strong>Diversas atra\u00e7\u00f5es simult\u00e2neas ser\u00e3o realizadas no parque<\/strong>, como a viv\u00eancia FLORA \u2013 A inf\u00e2ncia em movimento, com brincadeiras inspiradas na natureza para crian\u00e7as. Ao longo do dia, o p\u00fablico poder\u00e1 participar de oficinas de artes visuais, jogos educativos, passeios mediados, espet\u00e1culos teatrais e interven\u00e7\u00f5es culturais distribu\u00eddas em torno do museu. <strong>As atividades nas \u00e1reas externas s\u00e3o abertas ao p\u00fablico, sem necessidade de retirada de ingressos.<\/strong><\/p>\n<p>Em uma parceria com o Servi\u00e7o Social do Com\u00e9rcio (Sesc), haver\u00e1 tamb\u00e9m oficinas de desenho e pintura, caminhada de observa\u00e7\u00e3o de aves, aula aberta de Vogue, interven\u00e7\u00f5es circenses e liter\u00e1rias entre outras a\u00e7\u00f5es no Parque da Independ\u00eancia.<\/p>\n<h2>Visita\u00e7\u00e3o \u00e0s exposi\u00e7\u00f5es e ao Espa\u00e7o 130 anos<\/h2>\n<p><strong>O museu estar\u00e1 aberto por per\u00edodo estendido, das 9h \u00e0s 18h, com \u00faltima entrada at\u00e9 as 17h. <\/strong>Na data, o p\u00fablico poder\u00e1 visitar as exposi\u00e7\u00f5es <em>Uma Hist\u00f3ria do Brasil<\/em>, <em>Passados Imaginados<\/em> e <em>Para Entender o Museu<\/em><strong>. Os ingressos para as exposi\u00e7\u00f5es ser\u00e3o distribu\u00eddos gratuitamente no mesmo dia, a partir das 9h, na entrada do museu.<\/strong><\/p>\n<p>Das 9h \u00e0s 17h, haver\u00e1 media\u00e7\u00e3o nas exposi\u00e7\u00f5es <em>Para Entender o Museu<\/em> e <em>Uma Hist\u00f3ria do Brasil<\/em>, com destaque para a obra<em> Independ\u00eancia ou Morte!<\/em>. Para pessoas surdas e sinalizantes (que usam a L\u00edngua Brasileira de Sinais), a media\u00e7\u00e3o ser\u00e1 oferecida por uma educadora bil\u00edngue nos hor\u00e1rios das\u00a09h30, 11h30, 13h30 e 15h30.<\/p>\n<p>Como parte das comemora\u00e7\u00f5es do anivers\u00e1rio do Museu do Ipiranga,<strong> haver\u00e1 visita ao Espa\u00e7o 130 anos, instalado no Jardim Franc\u00eas, onde ser\u00e3o exibidos em primeira m\u00e3o os dois primeiros epis\u00f3dios da miniss\u00e9rie <em>Museu do Ipiranga 130 anos: Hist\u00f3rias para Pensar o Presente<\/em><\/strong>, produzida para marcar o anivers\u00e1rio do museu.<\/p>\n<p>Dirigida por Marcelo Machado, a miniss\u00e9rie re\u00fane, em quatro epis\u00f3dios, convidados como Preta Rara, Marcelo Tas, visitantes e integrantes da equipe do museu. Os temas incluem acessibilidade, novas formas de narrar a hist\u00f3ria do Brasil e a rela\u00e7\u00e3o do p\u00fablico com o edif\u00edcio hist\u00f3rico.<\/p>\n<p>A programa\u00e7\u00e3o contar\u00e1 ainda com o<em> show<\/em> Acesso, de Amanda Mittz, artista que integra recursos de acessibilidade \u00e0 pr\u00f3pria linguagem musical. Amanda, que tem\u00a0defici\u00eancia visual, transforma o palco em um espa\u00e7o inclusivo, unindo m\u00fasica, tecnologia e recursos como audiodescri\u00e7\u00e3o integrada e Libras Dance.<\/p>\n<p>A programa\u00e7\u00e3o completa est\u00e1 no<em> site<\/em>\u00a0https:\/\/museudoipiranga.org.br\/museu-em-festa-2025\/.<\/p>\n<p>      <!-- Relacionada --><\/p>\n<p>            <!-- Relacionada -->\n    <\/div>\n","protected":false},"excerpt":{"rendered":"<p>Por EBC, O festival Museu em Festa celebra o feriado de 7 de setembro com programa\u00e7\u00e3o gratuita e d\u00e1 in\u00edcio \u00e0s comemora\u00e7\u00f5es dos 130 anos do Museu do Ipiranga, na capital paulista, neste domingo (7). As atividades do festival ocupar\u00e3o, al\u00e9m do museu, os espa\u00e7os do Parque da Independ\u00eancia, com a\u00e7\u00f5es culturais que valorizam a &hellip;<\/p>\n","protected":false},"author":1,"featured_media":0,"comment_status":"open","ping_status":"open","sticky":false,"template":"","format":"standard","meta":{"_jetpack_memberships_contains_paid_content":false,"footnotes":""},"categories":[2,12225,4],"tags":[],"class_list":["post-449108","post","type-post","status-publish","format-standard","hentry","category-entretenimento","category-noticias","category-servicos"],"yoast_head":"<!-- This site is optimized with the Yoast SEO plugin v27.4 - https:\/\/yoast.com\/product\/yoast-seo-wordpress\/ -->\n<title>Museu do Ipiranga tem programa\u00e7\u00e3o especial gratuita no 7 de Setembro<\/title>\n<meta name=\"robots\" content=\"index, follow, max-snippet:-1, max-image-preview:large, max-video-preview:-1\" \/>\n<link rel=\"canonical\" href=\"https:\/\/mrnews.com.br\/index.php\/2025\/09\/06\/museu-do-ipiranga-tem-programacao-especial-gratuita-no-7-de-setembro\/\" \/>\n<meta property=\"og:locale\" content=\"pt_BR\" \/>\n<meta property=\"og:type\" content=\"article\" \/>\n<meta property=\"og:title\" content=\"Museu do Ipiranga tem programa\u00e7\u00e3o especial gratuita no 7 de Setembro\" \/>\n<meta property=\"og:description\" content=\"Por EBC, O festival Museu em Festa celebra o feriado de 7 de setembro com programa\u00e7\u00e3o gratuita e d\u00e1 in\u00edcio \u00e0s comemora\u00e7\u00f5es dos 130 anos do Museu do Ipiranga, na capital paulista, neste domingo (7). As atividades do festival ocupar\u00e3o, al\u00e9m do museu, os espa\u00e7os do Parque da Independ\u00eancia, com a\u00e7\u00f5es culturais que valorizam a &hellip;\" \/>\n<meta property=\"og:url\" content=\"https:\/\/mrnews.com.br\/index.php\/2025\/09\/06\/museu-do-ipiranga-tem-programacao-especial-gratuita-no-7-de-setembro\/\" \/>\n<meta property=\"og:site_name\" content=\"MRNews\" \/>\n<meta property=\"article:publisher\" content=\"https:\/\/www.facebook.com\/eaipahpah\/?locale2=pt_BR\" \/>\n<meta property=\"article:published_time\" content=\"2025-09-06T19:04:38+00:00\" \/>\n<meta name=\"author\" content=\"MR News\" \/>\n<meta name=\"twitter:card\" content=\"summary_large_image\" \/>\n<meta name=\"twitter:creator\" content=\"@conspirou\" \/>\n<meta name=\"twitter:site\" content=\"@conspirou\" \/>\n<meta name=\"twitter:label1\" content=\"Escrito por\" \/>\n\t<meta name=\"twitter:data1\" content=\"MR News\" \/>\n\t<meta name=\"twitter:label2\" content=\"Est. tempo de leitura\" \/>\n\t<meta name=\"twitter:data2\" content=\"3 minutos\" \/>\n<script type=\"application\/ld+json\" class=\"yoast-schema-graph\">{\"@context\":\"https:\\\/\\\/schema.org\",\"@graph\":[{\"@type\":\"Article\",\"@id\":\"https:\\\/\\\/mrnews.com.br\\\/index.php\\\/2025\\\/09\\\/06\\\/museu-do-ipiranga-tem-programacao-especial-gratuita-no-7-de-setembro\\\/#article\",\"isPartOf\":{\"@id\":\"https:\\\/\\\/mrnews.com.br\\\/index.php\\\/2025\\\/09\\\/06\\\/museu-do-ipiranga-tem-programacao-especial-gratuita-no-7-de-setembro\\\/\"},\"author\":{\"name\":\"MR News\",\"@id\":\"https:\\\/\\\/mrnews.com.br\\\/#\\\/schema\\\/person\\\/be3203154562a9f207407861cef7827b\"},\"headline\":\"Museu do Ipiranga tem programa\u00e7\u00e3o especial gratuita no 7 de Setembro\",\"datePublished\":\"2025-09-06T19:04:38+00:00\",\"mainEntityOfPage\":{\"@id\":\"https:\\\/\\\/mrnews.com.br\\\/index.php\\\/2025\\\/09\\\/06\\\/museu-do-ipiranga-tem-programacao-especial-gratuita-no-7-de-setembro\\\/\"},\"wordCount\":570,\"commentCount\":0,\"publisher\":{\"@id\":\"https:\\\/\\\/mrnews.com.br\\\/#organization\"},\"articleSection\":[\"ENTRETENIMENTO\",\"NOTICIAS\",\"SERVI\u00c7OS\"],\"inLanguage\":\"pt-BR\",\"potentialAction\":[{\"@type\":\"CommentAction\",\"name\":\"Comment\",\"target\":[\"https:\\\/\\\/mrnews.com.br\\\/index.php\\\/2025\\\/09\\\/06\\\/museu-do-ipiranga-tem-programacao-especial-gratuita-no-7-de-setembro\\\/#respond\"]}]},{\"@type\":\"WebPage\",\"@id\":\"https:\\\/\\\/mrnews.com.br\\\/index.php\\\/2025\\\/09\\\/06\\\/museu-do-ipiranga-tem-programacao-especial-gratuita-no-7-de-setembro\\\/\",\"url\":\"https:\\\/\\\/mrnews.com.br\\\/index.php\\\/2025\\\/09\\\/06\\\/museu-do-ipiranga-tem-programacao-especial-gratuita-no-7-de-setembro\\\/\",\"name\":\"Museu do Ipiranga tem programa\u00e7\u00e3o especial gratuita no 7 de Setembro\",\"isPartOf\":{\"@id\":\"https:\\\/\\\/mrnews.com.br\\\/#website\"},\"datePublished\":\"2025-09-06T19:04:38+00:00\",\"breadcrumb\":{\"@id\":\"https:\\\/\\\/mrnews.com.br\\\/index.php\\\/2025\\\/09\\\/06\\\/museu-do-ipiranga-tem-programacao-especial-gratuita-no-7-de-setembro\\\/#breadcrumb\"},\"inLanguage\":\"pt-BR\",\"potentialAction\":[{\"@type\":\"ReadAction\",\"target\":[\"https:\\\/\\\/mrnews.com.br\\\/index.php\\\/2025\\\/09\\\/06\\\/museu-do-ipiranga-tem-programacao-especial-gratuita-no-7-de-setembro\\\/\"]}]},{\"@type\":\"BreadcrumbList\",\"@id\":\"https:\\\/\\\/mrnews.com.br\\\/index.php\\\/2025\\\/09\\\/06\\\/museu-do-ipiranga-tem-programacao-especial-gratuita-no-7-de-setembro\\\/#breadcrumb\",\"itemListElement\":[{\"@type\":\"ListItem\",\"position\":1,\"name\":\"In\u00edcio\",\"item\":\"https:\\\/\\\/mrnews.com.br\\\/\"},{\"@type\":\"ListItem\",\"position\":2,\"name\":\"Museu do Ipiranga tem programa\u00e7\u00e3o especial gratuita no 7 de Setembro\"}]},{\"@type\":\"WebSite\",\"@id\":\"https:\\\/\\\/mrnews.com.br\\\/#website\",\"url\":\"https:\\\/\\\/mrnews.com.br\\\/\",\"name\":\"MRNews\",\"description\":\"MRNews Jogos de hoje da TV, transmiss\u00f5es ao vivo, Not\u00edcias de futebol, Jogos ao vivo, Lives, resumo de novelas, Programa\u00e7\u00e3o da Globo, A Fazenda e BBB\",\"publisher\":{\"@id\":\"https:\\\/\\\/mrnews.com.br\\\/#organization\"},\"potentialAction\":[{\"@type\":\"SearchAction\",\"target\":{\"@type\":\"EntryPoint\",\"urlTemplate\":\"https:\\\/\\\/mrnews.com.br\\\/?s={search_term_string}\"},\"query-input\":{\"@type\":\"PropertyValueSpecification\",\"valueRequired\":true,\"valueName\":\"search_term_string\"}}],\"inLanguage\":\"pt-BR\"},{\"@type\":\"Organization\",\"@id\":\"https:\\\/\\\/mrnews.com.br\\\/#organization\",\"name\":\"MRNews\",\"url\":\"https:\\\/\\\/mrnews.com.br\\\/\",\"logo\":{\"@type\":\"ImageObject\",\"inLanguage\":\"pt-BR\",\"@id\":\"https:\\\/\\\/mrnews.com.br\\\/#\\\/schema\\\/logo\\\/image\\\/\",\"url\":\"https:\\\/\\\/mrnews.com.br\\\/wp-content\\\/uploads\\\/2019\\\/06\\\/MRNewslogo2.png\",\"contentUrl\":\"https:\\\/\\\/mrnews.com.br\\\/wp-content\\\/uploads\\\/2019\\\/06\\\/MRNewslogo2.png\",\"width\":223,\"height\":58,\"caption\":\"MRNews\"},\"image\":{\"@id\":\"https:\\\/\\\/mrnews.com.br\\\/#\\\/schema\\\/logo\\\/image\\\/\"},\"sameAs\":[\"https:\\\/\\\/www.facebook.com\\\/eaipahpah\\\/?locale2=pt_BR\",\"https:\\\/\\\/x.com\\\/conspirou\",\"https:\\\/\\\/www.instagram.com\\\/eai_pahpah\",\"https:\\\/\\\/br.pinterest.com\\\/mrnewsn\\\/boards\\\/\",\"https:\\\/\\\/www.youtube.com\\\/channel\\\/UCacgnpznQ61fifLWr1tQ-vA?view_as=subscriber\"]},{\"@type\":\"Person\",\"@id\":\"https:\\\/\\\/mrnews.com.br\\\/#\\\/schema\\\/person\\\/be3203154562a9f207407861cef7827b\",\"name\":\"MR News\",\"image\":{\"@type\":\"ImageObject\",\"inLanguage\":\"pt-BR\",\"@id\":\"https:\\\/\\\/secure.gravatar.com\\\/avatar\\\/04084e6d73c042b8646e7c17b494073bf0ede3ea13c7105cfc45cbbbc28385a4?s=96&d=monsterid&r=g\",\"url\":\"https:\\\/\\\/secure.gravatar.com\\\/avatar\\\/04084e6d73c042b8646e7c17b494073bf0ede3ea13c7105cfc45cbbbc28385a4?s=96&d=monsterid&r=g\",\"contentUrl\":\"https:\\\/\\\/secure.gravatar.com\\\/avatar\\\/04084e6d73c042b8646e7c17b494073bf0ede3ea13c7105cfc45cbbbc28385a4?s=96&d=monsterid&r=g\",\"caption\":\"MR News\"},\"description\":\"Especializado em jornalismo colaborativo pela FTP em n\u00edvel de p\u00f3s-gradua\u00e7\u00e3o. suporte@oimeliga.combr\",\"sameAs\":[\"HUGO R.\",\"Admin\"],\"url\":\"https:\\\/\\\/mrnews.com.br\\\/index.php\\\/author\\\/admin\\\/\"}]}<\/script>\n<!-- \/ Yoast SEO plugin. -->","yoast_head_json":{"title":"Museu do Ipiranga tem programa\u00e7\u00e3o especial gratuita no 7 de Setembro","robots":{"index":"index","follow":"follow","max-snippet":"max-snippet:-1","max-image-preview":"max-image-preview:large","max-video-preview":"max-video-preview:-1"},"canonical":"https:\/\/mrnews.com.br\/index.php\/2025\/09\/06\/museu-do-ipiranga-tem-programacao-especial-gratuita-no-7-de-setembro\/","og_locale":"pt_BR","og_type":"article","og_title":"Museu do Ipiranga tem programa\u00e7\u00e3o especial gratuita no 7 de Setembro","og_description":"Por EBC, O festival Museu em Festa celebra o feriado de 7 de setembro com programa\u00e7\u00e3o gratuita e d\u00e1 in\u00edcio \u00e0s comemora\u00e7\u00f5es dos 130 anos do Museu do Ipiranga, na capital paulista, neste domingo (7). As atividades do festival ocupar\u00e3o, al\u00e9m do museu, os espa\u00e7os do Parque da Independ\u00eancia, com a\u00e7\u00f5es culturais que valorizam a &hellip;","og_url":"https:\/\/mrnews.com.br\/index.php\/2025\/09\/06\/museu-do-ipiranga-tem-programacao-especial-gratuita-no-7-de-setembro\/","og_site_name":"MRNews","article_publisher":"https:\/\/www.facebook.com\/eaipahpah\/?locale2=pt_BR","article_published_time":"2025-09-06T19:04:38+00:00","author":"MR News","twitter_card":"summary_large_image","twitter_creator":"@conspirou","twitter_site":"@conspirou","twitter_misc":{"Escrito por":"MR News","Est. tempo de leitura":"3 minutos"},"schema":{"@context":"https:\/\/schema.org","@graph":[{"@type":"Article","@id":"https:\/\/mrnews.com.br\/index.php\/2025\/09\/06\/museu-do-ipiranga-tem-programacao-especial-gratuita-no-7-de-setembro\/#article","isPartOf":{"@id":"https:\/\/mrnews.com.br\/index.php\/2025\/09\/06\/museu-do-ipiranga-tem-programacao-especial-gratuita-no-7-de-setembro\/"},"author":{"name":"MR News","@id":"https:\/\/mrnews.com.br\/#\/schema\/person\/be3203154562a9f207407861cef7827b"},"headline":"Museu do Ipiranga tem programa\u00e7\u00e3o especial gratuita no 7 de Setembro","datePublished":"2025-09-06T19:04:38+00:00","mainEntityOfPage":{"@id":"https:\/\/mrnews.com.br\/index.php\/2025\/09\/06\/museu-do-ipiranga-tem-programacao-especial-gratuita-no-7-de-setembro\/"},"wordCount":570,"commentCount":0,"publisher":{"@id":"https:\/\/mrnews.com.br\/#organization"},"articleSection":["ENTRETENIMENTO","NOTICIAS","SERVI\u00c7OS"],"inLanguage":"pt-BR","potentialAction":[{"@type":"CommentAction","name":"Comment","target":["https:\/\/mrnews.com.br\/index.php\/2025\/09\/06\/museu-do-ipiranga-tem-programacao-especial-gratuita-no-7-de-setembro\/#respond"]}]},{"@type":"WebPage","@id":"https:\/\/mrnews.com.br\/index.php\/2025\/09\/06\/museu-do-ipiranga-tem-programacao-especial-gratuita-no-7-de-setembro\/","url":"https:\/\/mrnews.com.br\/index.php\/2025\/09\/06\/museu-do-ipiranga-tem-programacao-especial-gratuita-no-7-de-setembro\/","name":"Museu do Ipiranga tem programa\u00e7\u00e3o especial gratuita no 7 de Setembro","isPartOf":{"@id":"https:\/\/mrnews.com.br\/#website"},"datePublished":"2025-09-06T19:04:38+00:00","breadcrumb":{"@id":"https:\/\/mrnews.com.br\/index.php\/2025\/09\/06\/museu-do-ipiranga-tem-programacao-especial-gratuita-no-7-de-setembro\/#breadcrumb"},"inLanguage":"pt-BR","potentialAction":[{"@type":"ReadAction","target":["https:\/\/mrnews.com.br\/index.php\/2025\/09\/06\/museu-do-ipiranga-tem-programacao-especial-gratuita-no-7-de-setembro\/"]}]},{"@type":"BreadcrumbList","@id":"https:\/\/mrnews.com.br\/index.php\/2025\/09\/06\/museu-do-ipiranga-tem-programacao-especial-gratuita-no-7-de-setembro\/#breadcrumb","itemListElement":[{"@type":"ListItem","position":1,"name":"In\u00edcio","item":"https:\/\/mrnews.com.br\/"},{"@type":"ListItem","position":2,"name":"Museu do Ipiranga tem programa\u00e7\u00e3o especial gratuita no 7 de Setembro"}]},{"@type":"WebSite","@id":"https:\/\/mrnews.com.br\/#website","url":"https:\/\/mrnews.com.br\/","name":"MRNews","description":"MRNews Jogos de hoje da TV, transmiss\u00f5es ao vivo, Not\u00edcias de futebol, Jogos ao vivo, Lives, resumo de novelas, Programa\u00e7\u00e3o da Globo, A Fazenda e BBB","publisher":{"@id":"https:\/\/mrnews.com.br\/#organization"},"potentialAction":[{"@type":"SearchAction","target":{"@type":"EntryPoint","urlTemplate":"https:\/\/mrnews.com.br\/?s={search_term_string}"},"query-input":{"@type":"PropertyValueSpecification","valueRequired":true,"valueName":"search_term_string"}}],"inLanguage":"pt-BR"},{"@type":"Organization","@id":"https:\/\/mrnews.com.br\/#organization","name":"MRNews","url":"https:\/\/mrnews.com.br\/","logo":{"@type":"ImageObject","inLanguage":"pt-BR","@id":"https:\/\/mrnews.com.br\/#\/schema\/logo\/image\/","url":"https:\/\/mrnews.com.br\/wp-content\/uploads\/2019\/06\/MRNewslogo2.png","contentUrl":"https:\/\/mrnews.com.br\/wp-content\/uploads\/2019\/06\/MRNewslogo2.png","width":223,"height":58,"caption":"MRNews"},"image":{"@id":"https:\/\/mrnews.com.br\/#\/schema\/logo\/image\/"},"sameAs":["https:\/\/www.facebook.com\/eaipahpah\/?locale2=pt_BR","https:\/\/x.com\/conspirou","https:\/\/www.instagram.com\/eai_pahpah","https:\/\/br.pinterest.com\/mrnewsn\/boards\/","https:\/\/www.youtube.com\/channel\/UCacgnpznQ61fifLWr1tQ-vA?view_as=subscriber"]},{"@type":"Person","@id":"https:\/\/mrnews.com.br\/#\/schema\/person\/be3203154562a9f207407861cef7827b","name":"MR News","image":{"@type":"ImageObject","inLanguage":"pt-BR","@id":"https:\/\/secure.gravatar.com\/avatar\/04084e6d73c042b8646e7c17b494073bf0ede3ea13c7105cfc45cbbbc28385a4?s=96&d=monsterid&r=g","url":"https:\/\/secure.gravatar.com\/avatar\/04084e6d73c042b8646e7c17b494073bf0ede3ea13c7105cfc45cbbbc28385a4?s=96&d=monsterid&r=g","contentUrl":"https:\/\/secure.gravatar.com\/avatar\/04084e6d73c042b8646e7c17b494073bf0ede3ea13c7105cfc45cbbbc28385a4?s=96&d=monsterid&r=g","caption":"MR News"},"description":"Especializado em jornalismo colaborativo pela FTP em n\u00edvel de p\u00f3s-gradua\u00e7\u00e3o. suporte@oimeliga.combr","sameAs":["HUGO R.","Admin"],"url":"https:\/\/mrnews.com.br\/index.php\/author\/admin\/"}]}},"jetpack_featured_media_url":"","jetpack_sharing_enabled":true,"jetpack_shortlink":"https:\/\/wp.me\/pa2Qf7-1SPG","amp_enabled":true,"_links":{"self":[{"href":"https:\/\/mrnews.com.br\/index.php\/wp-json\/wp\/v2\/posts\/449108","targetHints":{"allow":["GET"]}}],"collection":[{"href":"https:\/\/mrnews.com.br\/index.php\/wp-json\/wp\/v2\/posts"}],"about":[{"href":"https:\/\/mrnews.com.br\/index.php\/wp-json\/wp\/v2\/types\/post"}],"author":[{"embeddable":true,"href":"https:\/\/mrnews.com.br\/index.php\/wp-json\/wp\/v2\/users\/1"}],"replies":[{"embeddable":true,"href":"https:\/\/mrnews.com.br\/index.php\/wp-json\/wp\/v2\/comments?post=449108"}],"version-history":[{"count":0,"href":"https:\/\/mrnews.com.br\/index.php\/wp-json\/wp\/v2\/posts\/449108\/revisions"}],"wp:attachment":[{"href":"https:\/\/mrnews.com.br\/index.php\/wp-json\/wp\/v2\/media?parent=449108"}],"wp:term":[{"taxonomy":"category","embeddable":true,"href":"https:\/\/mrnews.com.br\/index.php\/wp-json\/wp\/v2\/categories?post=449108"},{"taxonomy":"post_tag","embeddable":true,"href":"https:\/\/mrnews.com.br\/index.php\/wp-json\/wp\/v2\/tags?post=449108"}],"curies":[{"name":"wp","href":"https:\/\/api.w.org\/{rel}","templated":true}]}}