{"id":449148,"date":"2025-09-07T19:23:39","date_gmt":"2025-09-07T22:23:39","guid":{"rendered":"https:\/\/mrnews.com.br\/index.php\/2025\/09\/07\/caminhos-para-exu-celebra-resistencia-dos-povos-de-terreiro-no-df\/"},"modified":"2025-09-07T19:23:39","modified_gmt":"2025-09-07T22:23:39","slug":"caminhos-para-exu-celebra-resistencia-dos-povos-de-terreiro-no-df","status":"publish","type":"post","link":"https:\/\/mrnews.com.br\/index.php\/2025\/09\/07\/caminhos-para-exu-celebra-resistencia-dos-povos-de-terreiro-no-df\/","title":{"rendered":"Caminhos para Exu celebra resist\u00eancia dos povos de terreiro no DF"},"content":{"rendered":"<p>Por EBC, <\/p>\n<div>\n<p>Mais de uma centena de praticantes e simpatizantes das religi\u00f5es de matriz africana se reuniram na tarde deste domingo (7), em Bras\u00edlia, para celebrar a f\u00e9 e a resist\u00eancia dos povos de terreiros e pedir o fim da intoler\u00e2ncia religiosa.<\/p>\n<p>A data foi escolhida pois o n\u00famero sete tem rela\u00e7\u00e3o com o orix\u00e1 Exu e representa a uni\u00e3o do espiritual com o material.<\/p>\n<p>O evento na capital federal recebeu o nome de Caminhos para Exu e foi inspirado na Marcha para Exu, que chegou \u00e0 terceira edi\u00e7\u00e3o em S\u00e3o Paulo e reuniu milhares de pessoas na Avenida Paulista no m\u00eas passado, tendo sido replicado em outras cidades.\u00a0<\/p>\n<p>\u201cNosso principal objetivo \u00e9 mostrar que existimos; que estamos vivos\u201d, explicou \u00e0 <strong>Ag\u00eancia Brasil<\/strong> a cantora Kika Ribeiro, uma das idealizadoras do evento que tomou conta de um trecho da avenida W3 Sul, entre a Pra\u00e7a das Av\u00f3s, na 506 Sul, e a Biblioteca Demonstrativa Maria da Concei\u00e7\u00e3o Moreira Salles, apoiadora do projeto.<\/p>\n<p>\u201cEstamos dizendo n\u00e3o \u00e0 intoler\u00e2ncia religiosa, para que todos, independentemente de suas religi\u00f5es, possam viver conforme sua f\u00e9, seus credos, um respeitando o outro\u201d, acrescentou Kika, antecipando a possibilidade da segunda edi\u00e7\u00e3o do Caminhos para Exu acontecer ainda neste ano, em dezembro, conforme a resposta do p\u00fablico.<br \/>\u00a0<\/p>\n<div class=\"dnd-widget-wrapper context-cheio_8colunas type-image\">\n<div class=\"dnd-atom-rendered\"><!-- scald=436309:cheio_8colunas --><\/p>\n<p>    <!-- END scald=436309 --><\/div>\n<p><h6 class=\"meta\"><!--copyright=436309-->Caminhos para Exu celebra resist\u00eancia dos povos de terreiro, em Bras\u00edlia &#8211; <strong>Bruno Peres\/Ag\u00eancia Brasil<\/strong><!--END copyright=436309--><\/h6>\n<\/p>\n<\/div>\n<p>J\u00e1 a coordenadora cultural da Biblioteca Demonstrativa, Marina Mara, destacou que, al\u00e9m de adeptos do candombl\u00e9, umbanda, quimbanda, if\u00e1 e de outras religi\u00f5es e manifesta\u00e7\u00f5es de espiritualidade de influ\u00eancia africana, o evento atraiu muitos simpatizantes e pessoas atra\u00eddas pelos c\u00e2nticos e pelo toque dos atabaques, agog\u00f4s e outros instrumentos.<\/p>\n<p>\u201cIsso \u00e9 Exu! \u00c9 comunica\u00e7\u00e3o, comunh\u00e3o, prosperidade\u201d, frisou Marina, citando algumas das caracter\u00edsticas associadas ao orix\u00e1, considerado uma divindade fundamental nas religi\u00f5es de matriz africana por, entre outras coisas, abrir os caminhos, servindo de mensageiro entre os planos humano e divino.<\/p>\n<blockquote>\n<p>\u201cDa\u00ed, tamb\u00e9m, porque n\u00f3s, como uma biblioteca p\u00fablica [vinculada ao Minist\u00e9rio da Cultura] que tem, entre suas fun\u00e7\u00f5es, reunir todas as manifesta\u00e7\u00f5es culturais e todo tipo de frente, estamos apoiando o evento\u201d, disse Kika.<\/p>\n<\/blockquote>\n<p>Ela explicou que, por ocasi\u00e3o do marcha, a dire\u00e7\u00e3o da biblioteca decidiu prorrogar, at\u00e9 15 de setembro, a exposi\u00e7\u00e3o <em>Cartas \u00e0 Tereza<\/em>, que homenageia a l\u00edder quilombola e s\u00edmbolo da resist\u00eancia negra no Brasil, Tereza de Benguela, e est\u00e1 em cartaz na galeria da Biblioteca Demonstrativa. \u201cQuer\u00edamos aproveitar a vinda do p\u00fablico [da caminhada].\u201d<\/p>\n<p>A yal\u00f3ris\u00e1 (m\u00e3e de santo) Francys de \u00d3ya deixou o terreiro Kwe Oya Sogy, que ela coordena, em Samambaia, para prestigiar o encontro no cora\u00e7\u00e3o de Bras\u00edlia.<\/p>\n<p>\u201cO que me motivou a vir foi a for\u00e7a e o amor do povo [de terreiro] de querer mostrar a todos que n\u00e3o somos do mal; que somos alegria, sa\u00fade, prosperidade \u2013 eixos centrais da vida\u201d, disse Francys, comentando o fato das religi\u00f5es de matriz africana serem alvo de preconceito e viol\u00eancia.<br \/>\u00a0<\/p>\n<div class=\"dnd-widget-wrapper context-cheio_8colunas type-image\">\n<div class=\"dnd-atom-rendered\"><!-- scald=436307:cheio_8colunas --><\/p>\n<p>    <!-- END scald=436307 --><\/div>\n<p><h6 class=\"meta\"><!--copyright=436307-->Manifesta\u00e7\u00e3o na capital foi inspirada na vers\u00e3o que ocorre h\u00e1 tr\u00eas anos em S\u00e3o Paulo, a Marcha para Exu &#8211; <strong>Bruno Peres\/Ag\u00eancia Brasil<\/strong><!--END copyright=436307--><\/h6>\n<\/p>\n<\/div>\n<h2>Dados<\/h2>\n<p>De acordo com o Censo de 2022, o n\u00famero de praticantes dessas manifesta\u00e7\u00f5es religiosas chegou, em 2022, a 1% da popula\u00e7\u00e3o brasileira \u2013 um aumento de mais de 300% em compara\u00e7\u00e3o ao resultado de 2010.<\/p>\n<p>Segundo os pesquisadores, o aumento \u00e9 fruto das pol\u00edticas p\u00fablicas de enfrentamento \u00e0 intoler\u00e2ncia religiosa. Ainda assim, dados da Ouvidoria Nacional de Direitos Humanos revelam\u00a0que essas religi\u00f5es e manifesta\u00e7\u00f5es espirituais s\u00e3o os alvos mais frequentes da intoler\u00e2ncia religiosa.<\/p>\n<p>\u201cEste Caminhos para Exu \u00e9 justamente para desdemonizarmos nosso orix\u00e1. Para dizer a todos que, ao contr\u00e1rio do que muitos dizem e pensam, Exu \u00e9 bom. \u00c9 lindo. \u00c9 amor. Basta olhar para esta festa, para este povo lindo\u201d, concluiu a yal\u00f3ris\u00e1.<\/p>\n<p>      <!-- Relacionada --><br \/>\n            <!-- Relacionada -->\n    <\/div>\n","protected":false},"excerpt":{"rendered":"<p>Por EBC, Mais de uma centena de praticantes e simpatizantes das religi\u00f5es de matriz africana se reuniram na tarde deste domingo (7), em Bras\u00edlia, para celebrar a f\u00e9 e a resist\u00eancia dos povos de terreiros e pedir o fim da intoler\u00e2ncia religiosa. A data foi escolhida pois o n\u00famero sete tem rela\u00e7\u00e3o com o orix\u00e1 &hellip;<\/p>\n","protected":false},"author":1,"featured_media":0,"comment_status":"open","ping_status":"open","sticky":false,"template":"","format":"standard","meta":{"_jetpack_memberships_contains_paid_content":false,"footnotes":""},"categories":[2,12225,4],"tags":[],"class_list":["post-449148","post","type-post","status-publish","format-standard","hentry","category-entretenimento","category-noticias","category-servicos"],"yoast_head":"<!-- This site is optimized with the Yoast SEO plugin v27.4 - https:\/\/yoast.com\/product\/yoast-seo-wordpress\/ -->\n<title>Caminhos para Exu celebra resist\u00eancia dos povos de terreiro no DF<\/title>\n<meta name=\"robots\" content=\"index, follow, max-snippet:-1, max-image-preview:large, max-video-preview:-1\" \/>\n<link rel=\"canonical\" href=\"https:\/\/mrnews.com.br\/index.php\/2025\/09\/07\/caminhos-para-exu-celebra-resistencia-dos-povos-de-terreiro-no-df\/\" \/>\n<meta property=\"og:locale\" content=\"pt_BR\" \/>\n<meta property=\"og:type\" content=\"article\" \/>\n<meta property=\"og:title\" content=\"Caminhos para Exu celebra resist\u00eancia dos povos de terreiro no DF\" \/>\n<meta property=\"og:description\" content=\"Por EBC, Mais de uma centena de praticantes e simpatizantes das religi\u00f5es de matriz africana se reuniram na tarde deste domingo (7), em Bras\u00edlia, para celebrar a f\u00e9 e a resist\u00eancia dos povos de terreiros e pedir o fim da intoler\u00e2ncia religiosa. A data foi escolhida pois o n\u00famero sete tem rela\u00e7\u00e3o com o orix\u00e1 &hellip;\" \/>\n<meta property=\"og:url\" content=\"https:\/\/mrnews.com.br\/index.php\/2025\/09\/07\/caminhos-para-exu-celebra-resistencia-dos-povos-de-terreiro-no-df\/\" \/>\n<meta property=\"og:site_name\" content=\"MRNews\" \/>\n<meta property=\"article:publisher\" content=\"https:\/\/www.facebook.com\/eaipahpah\/?locale2=pt_BR\" \/>\n<meta property=\"article:published_time\" content=\"2025-09-07T22:23:39+00:00\" \/>\n<meta name=\"author\" content=\"MR News\" \/>\n<meta name=\"twitter:card\" content=\"summary_large_image\" \/>\n<meta name=\"twitter:creator\" content=\"@conspirou\" \/>\n<meta name=\"twitter:site\" content=\"@conspirou\" \/>\n<meta name=\"twitter:label1\" content=\"Escrito por\" \/>\n\t<meta name=\"twitter:data1\" content=\"MR News\" \/>\n\t<meta name=\"twitter:label2\" content=\"Est. tempo de leitura\" \/>\n\t<meta name=\"twitter:data2\" content=\"3 minutos\" \/>\n<script type=\"application\/ld+json\" class=\"yoast-schema-graph\">{\"@context\":\"https:\\\/\\\/schema.org\",\"@graph\":[{\"@type\":\"Article\",\"@id\":\"https:\\\/\\\/mrnews.com.br\\\/index.php\\\/2025\\\/09\\\/07\\\/caminhos-para-exu-celebra-resistencia-dos-povos-de-terreiro-no-df\\\/#article\",\"isPartOf\":{\"@id\":\"https:\\\/\\\/mrnews.com.br\\\/index.php\\\/2025\\\/09\\\/07\\\/caminhos-para-exu-celebra-resistencia-dos-povos-de-terreiro-no-df\\\/\"},\"author\":{\"name\":\"MR News\",\"@id\":\"https:\\\/\\\/mrnews.com.br\\\/#\\\/schema\\\/person\\\/be3203154562a9f207407861cef7827b\"},\"headline\":\"Caminhos para Exu celebra resist\u00eancia dos povos de terreiro no DF\",\"datePublished\":\"2025-09-07T22:23:39+00:00\",\"mainEntityOfPage\":{\"@id\":\"https:\\\/\\\/mrnews.com.br\\\/index.php\\\/2025\\\/09\\\/07\\\/caminhos-para-exu-celebra-resistencia-dos-povos-de-terreiro-no-df\\\/\"},\"wordCount\":686,\"commentCount\":0,\"publisher\":{\"@id\":\"https:\\\/\\\/mrnews.com.br\\\/#organization\"},\"articleSection\":[\"ENTRETENIMENTO\",\"NOTICIAS\",\"SERVI\u00c7OS\"],\"inLanguage\":\"pt-BR\",\"potentialAction\":[{\"@type\":\"CommentAction\",\"name\":\"Comment\",\"target\":[\"https:\\\/\\\/mrnews.com.br\\\/index.php\\\/2025\\\/09\\\/07\\\/caminhos-para-exu-celebra-resistencia-dos-povos-de-terreiro-no-df\\\/#respond\"]}]},{\"@type\":\"WebPage\",\"@id\":\"https:\\\/\\\/mrnews.com.br\\\/index.php\\\/2025\\\/09\\\/07\\\/caminhos-para-exu-celebra-resistencia-dos-povos-de-terreiro-no-df\\\/\",\"url\":\"https:\\\/\\\/mrnews.com.br\\\/index.php\\\/2025\\\/09\\\/07\\\/caminhos-para-exu-celebra-resistencia-dos-povos-de-terreiro-no-df\\\/\",\"name\":\"Caminhos para Exu celebra resist\u00eancia dos povos de terreiro no DF\",\"isPartOf\":{\"@id\":\"https:\\\/\\\/mrnews.com.br\\\/#website\"},\"datePublished\":\"2025-09-07T22:23:39+00:00\",\"breadcrumb\":{\"@id\":\"https:\\\/\\\/mrnews.com.br\\\/index.php\\\/2025\\\/09\\\/07\\\/caminhos-para-exu-celebra-resistencia-dos-povos-de-terreiro-no-df\\\/#breadcrumb\"},\"inLanguage\":\"pt-BR\",\"potentialAction\":[{\"@type\":\"ReadAction\",\"target\":[\"https:\\\/\\\/mrnews.com.br\\\/index.php\\\/2025\\\/09\\\/07\\\/caminhos-para-exu-celebra-resistencia-dos-povos-de-terreiro-no-df\\\/\"]}]},{\"@type\":\"BreadcrumbList\",\"@id\":\"https:\\\/\\\/mrnews.com.br\\\/index.php\\\/2025\\\/09\\\/07\\\/caminhos-para-exu-celebra-resistencia-dos-povos-de-terreiro-no-df\\\/#breadcrumb\",\"itemListElement\":[{\"@type\":\"ListItem\",\"position\":1,\"name\":\"In\u00edcio\",\"item\":\"https:\\\/\\\/mrnews.com.br\\\/\"},{\"@type\":\"ListItem\",\"position\":2,\"name\":\"Caminhos para Exu celebra resist\u00eancia dos povos de terreiro no DF\"}]},{\"@type\":\"WebSite\",\"@id\":\"https:\\\/\\\/mrnews.com.br\\\/#website\",\"url\":\"https:\\\/\\\/mrnews.com.br\\\/\",\"name\":\"MRNews\",\"description\":\"MRNews Jogos de hoje da TV, transmiss\u00f5es ao vivo, Not\u00edcias de futebol, Jogos ao vivo, Lives, resumo de novelas, Programa\u00e7\u00e3o da Globo, A Fazenda e BBB\",\"publisher\":{\"@id\":\"https:\\\/\\\/mrnews.com.br\\\/#organization\"},\"potentialAction\":[{\"@type\":\"SearchAction\",\"target\":{\"@type\":\"EntryPoint\",\"urlTemplate\":\"https:\\\/\\\/mrnews.com.br\\\/?s={search_term_string}\"},\"query-input\":{\"@type\":\"PropertyValueSpecification\",\"valueRequired\":true,\"valueName\":\"search_term_string\"}}],\"inLanguage\":\"pt-BR\"},{\"@type\":\"Organization\",\"@id\":\"https:\\\/\\\/mrnews.com.br\\\/#organization\",\"name\":\"MRNews\",\"url\":\"https:\\\/\\\/mrnews.com.br\\\/\",\"logo\":{\"@type\":\"ImageObject\",\"inLanguage\":\"pt-BR\",\"@id\":\"https:\\\/\\\/mrnews.com.br\\\/#\\\/schema\\\/logo\\\/image\\\/\",\"url\":\"https:\\\/\\\/mrnews.com.br\\\/wp-content\\\/uploads\\\/2019\\\/06\\\/MRNewslogo2.png\",\"contentUrl\":\"https:\\\/\\\/mrnews.com.br\\\/wp-content\\\/uploads\\\/2019\\\/06\\\/MRNewslogo2.png\",\"width\":223,\"height\":58,\"caption\":\"MRNews\"},\"image\":{\"@id\":\"https:\\\/\\\/mrnews.com.br\\\/#\\\/schema\\\/logo\\\/image\\\/\"},\"sameAs\":[\"https:\\\/\\\/www.facebook.com\\\/eaipahpah\\\/?locale2=pt_BR\",\"https:\\\/\\\/x.com\\\/conspirou\",\"https:\\\/\\\/www.instagram.com\\\/eai_pahpah\",\"https:\\\/\\\/br.pinterest.com\\\/mrnewsn\\\/boards\\\/\",\"https:\\\/\\\/www.youtube.com\\\/channel\\\/UCacgnpznQ61fifLWr1tQ-vA?view_as=subscriber\"]},{\"@type\":\"Person\",\"@id\":\"https:\\\/\\\/mrnews.com.br\\\/#\\\/schema\\\/person\\\/be3203154562a9f207407861cef7827b\",\"name\":\"MR News\",\"image\":{\"@type\":\"ImageObject\",\"inLanguage\":\"pt-BR\",\"@id\":\"https:\\\/\\\/secure.gravatar.com\\\/avatar\\\/04084e6d73c042b8646e7c17b494073bf0ede3ea13c7105cfc45cbbbc28385a4?s=96&d=monsterid&r=g\",\"url\":\"https:\\\/\\\/secure.gravatar.com\\\/avatar\\\/04084e6d73c042b8646e7c17b494073bf0ede3ea13c7105cfc45cbbbc28385a4?s=96&d=monsterid&r=g\",\"contentUrl\":\"https:\\\/\\\/secure.gravatar.com\\\/avatar\\\/04084e6d73c042b8646e7c17b494073bf0ede3ea13c7105cfc45cbbbc28385a4?s=96&d=monsterid&r=g\",\"caption\":\"MR News\"},\"description\":\"Especializado em jornalismo colaborativo pela FTP em n\u00edvel de p\u00f3s-gradua\u00e7\u00e3o. suporte@oimeliga.combr\",\"sameAs\":[\"HUGO R.\",\"Admin\"],\"url\":\"https:\\\/\\\/mrnews.com.br\\\/index.php\\\/author\\\/admin\\\/\"}]}<\/script>\n<!-- \/ Yoast SEO plugin. -->","yoast_head_json":{"title":"Caminhos para Exu celebra resist\u00eancia dos povos de terreiro no DF","robots":{"index":"index","follow":"follow","max-snippet":"max-snippet:-1","max-image-preview":"max-image-preview:large","max-video-preview":"max-video-preview:-1"},"canonical":"https:\/\/mrnews.com.br\/index.php\/2025\/09\/07\/caminhos-para-exu-celebra-resistencia-dos-povos-de-terreiro-no-df\/","og_locale":"pt_BR","og_type":"article","og_title":"Caminhos para Exu celebra resist\u00eancia dos povos de terreiro no DF","og_description":"Por EBC, Mais de uma centena de praticantes e simpatizantes das religi\u00f5es de matriz africana se reuniram na tarde deste domingo (7), em Bras\u00edlia, para celebrar a f\u00e9 e a resist\u00eancia dos povos de terreiros e pedir o fim da intoler\u00e2ncia religiosa. A data foi escolhida pois o n\u00famero sete tem rela\u00e7\u00e3o com o orix\u00e1 &hellip;","og_url":"https:\/\/mrnews.com.br\/index.php\/2025\/09\/07\/caminhos-para-exu-celebra-resistencia-dos-povos-de-terreiro-no-df\/","og_site_name":"MRNews","article_publisher":"https:\/\/www.facebook.com\/eaipahpah\/?locale2=pt_BR","article_published_time":"2025-09-07T22:23:39+00:00","author":"MR News","twitter_card":"summary_large_image","twitter_creator":"@conspirou","twitter_site":"@conspirou","twitter_misc":{"Escrito por":"MR News","Est. tempo de leitura":"3 minutos"},"schema":{"@context":"https:\/\/schema.org","@graph":[{"@type":"Article","@id":"https:\/\/mrnews.com.br\/index.php\/2025\/09\/07\/caminhos-para-exu-celebra-resistencia-dos-povos-de-terreiro-no-df\/#article","isPartOf":{"@id":"https:\/\/mrnews.com.br\/index.php\/2025\/09\/07\/caminhos-para-exu-celebra-resistencia-dos-povos-de-terreiro-no-df\/"},"author":{"name":"MR News","@id":"https:\/\/mrnews.com.br\/#\/schema\/person\/be3203154562a9f207407861cef7827b"},"headline":"Caminhos para Exu celebra resist\u00eancia dos povos de terreiro no DF","datePublished":"2025-09-07T22:23:39+00:00","mainEntityOfPage":{"@id":"https:\/\/mrnews.com.br\/index.php\/2025\/09\/07\/caminhos-para-exu-celebra-resistencia-dos-povos-de-terreiro-no-df\/"},"wordCount":686,"commentCount":0,"publisher":{"@id":"https:\/\/mrnews.com.br\/#organization"},"articleSection":["ENTRETENIMENTO","NOTICIAS","SERVI\u00c7OS"],"inLanguage":"pt-BR","potentialAction":[{"@type":"CommentAction","name":"Comment","target":["https:\/\/mrnews.com.br\/index.php\/2025\/09\/07\/caminhos-para-exu-celebra-resistencia-dos-povos-de-terreiro-no-df\/#respond"]}]},{"@type":"WebPage","@id":"https:\/\/mrnews.com.br\/index.php\/2025\/09\/07\/caminhos-para-exu-celebra-resistencia-dos-povos-de-terreiro-no-df\/","url":"https:\/\/mrnews.com.br\/index.php\/2025\/09\/07\/caminhos-para-exu-celebra-resistencia-dos-povos-de-terreiro-no-df\/","name":"Caminhos para Exu celebra resist\u00eancia dos povos de terreiro no DF","isPartOf":{"@id":"https:\/\/mrnews.com.br\/#website"},"datePublished":"2025-09-07T22:23:39+00:00","breadcrumb":{"@id":"https:\/\/mrnews.com.br\/index.php\/2025\/09\/07\/caminhos-para-exu-celebra-resistencia-dos-povos-de-terreiro-no-df\/#breadcrumb"},"inLanguage":"pt-BR","potentialAction":[{"@type":"ReadAction","target":["https:\/\/mrnews.com.br\/index.php\/2025\/09\/07\/caminhos-para-exu-celebra-resistencia-dos-povos-de-terreiro-no-df\/"]}]},{"@type":"BreadcrumbList","@id":"https:\/\/mrnews.com.br\/index.php\/2025\/09\/07\/caminhos-para-exu-celebra-resistencia-dos-povos-de-terreiro-no-df\/#breadcrumb","itemListElement":[{"@type":"ListItem","position":1,"name":"In\u00edcio","item":"https:\/\/mrnews.com.br\/"},{"@type":"ListItem","position":2,"name":"Caminhos para Exu celebra resist\u00eancia dos povos de terreiro no DF"}]},{"@type":"WebSite","@id":"https:\/\/mrnews.com.br\/#website","url":"https:\/\/mrnews.com.br\/","name":"MRNews","description":"MRNews Jogos de hoje da TV, transmiss\u00f5es ao vivo, Not\u00edcias de futebol, Jogos ao vivo, Lives, resumo de novelas, Programa\u00e7\u00e3o da Globo, A Fazenda e BBB","publisher":{"@id":"https:\/\/mrnews.com.br\/#organization"},"potentialAction":[{"@type":"SearchAction","target":{"@type":"EntryPoint","urlTemplate":"https:\/\/mrnews.com.br\/?s={search_term_string}"},"query-input":{"@type":"PropertyValueSpecification","valueRequired":true,"valueName":"search_term_string"}}],"inLanguage":"pt-BR"},{"@type":"Organization","@id":"https:\/\/mrnews.com.br\/#organization","name":"MRNews","url":"https:\/\/mrnews.com.br\/","logo":{"@type":"ImageObject","inLanguage":"pt-BR","@id":"https:\/\/mrnews.com.br\/#\/schema\/logo\/image\/","url":"https:\/\/mrnews.com.br\/wp-content\/uploads\/2019\/06\/MRNewslogo2.png","contentUrl":"https:\/\/mrnews.com.br\/wp-content\/uploads\/2019\/06\/MRNewslogo2.png","width":223,"height":58,"caption":"MRNews"},"image":{"@id":"https:\/\/mrnews.com.br\/#\/schema\/logo\/image\/"},"sameAs":["https:\/\/www.facebook.com\/eaipahpah\/?locale2=pt_BR","https:\/\/x.com\/conspirou","https:\/\/www.instagram.com\/eai_pahpah","https:\/\/br.pinterest.com\/mrnewsn\/boards\/","https:\/\/www.youtube.com\/channel\/UCacgnpznQ61fifLWr1tQ-vA?view_as=subscriber"]},{"@type":"Person","@id":"https:\/\/mrnews.com.br\/#\/schema\/person\/be3203154562a9f207407861cef7827b","name":"MR News","image":{"@type":"ImageObject","inLanguage":"pt-BR","@id":"https:\/\/secure.gravatar.com\/avatar\/04084e6d73c042b8646e7c17b494073bf0ede3ea13c7105cfc45cbbbc28385a4?s=96&d=monsterid&r=g","url":"https:\/\/secure.gravatar.com\/avatar\/04084e6d73c042b8646e7c17b494073bf0ede3ea13c7105cfc45cbbbc28385a4?s=96&d=monsterid&r=g","contentUrl":"https:\/\/secure.gravatar.com\/avatar\/04084e6d73c042b8646e7c17b494073bf0ede3ea13c7105cfc45cbbbc28385a4?s=96&d=monsterid&r=g","caption":"MR News"},"description":"Especializado em jornalismo colaborativo pela FTP em n\u00edvel de p\u00f3s-gradua\u00e7\u00e3o. suporte@oimeliga.combr","sameAs":["HUGO R.","Admin"],"url":"https:\/\/mrnews.com.br\/index.php\/author\/admin\/"}]}},"jetpack_featured_media_url":"","jetpack_sharing_enabled":true,"jetpack_shortlink":"https:\/\/wp.me\/pa2Qf7-1SQk","amp_enabled":true,"_links":{"self":[{"href":"https:\/\/mrnews.com.br\/index.php\/wp-json\/wp\/v2\/posts\/449148","targetHints":{"allow":["GET"]}}],"collection":[{"href":"https:\/\/mrnews.com.br\/index.php\/wp-json\/wp\/v2\/posts"}],"about":[{"href":"https:\/\/mrnews.com.br\/index.php\/wp-json\/wp\/v2\/types\/post"}],"author":[{"embeddable":true,"href":"https:\/\/mrnews.com.br\/index.php\/wp-json\/wp\/v2\/users\/1"}],"replies":[{"embeddable":true,"href":"https:\/\/mrnews.com.br\/index.php\/wp-json\/wp\/v2\/comments?post=449148"}],"version-history":[{"count":0,"href":"https:\/\/mrnews.com.br\/index.php\/wp-json\/wp\/v2\/posts\/449148\/revisions"}],"wp:attachment":[{"href":"https:\/\/mrnews.com.br\/index.php\/wp-json\/wp\/v2\/media?parent=449148"}],"wp:term":[{"taxonomy":"category","embeddable":true,"href":"https:\/\/mrnews.com.br\/index.php\/wp-json\/wp\/v2\/categories?post=449148"},{"taxonomy":"post_tag","embeddable":true,"href":"https:\/\/mrnews.com.br\/index.php\/wp-json\/wp\/v2\/tags?post=449148"}],"curies":[{"name":"wp","href":"https:\/\/api.w.org\/{rel}","templated":true}]}}