{"id":449149,"date":"2025-09-07T20:07:39","date_gmt":"2025-09-07T23:07:39","guid":{"rendered":"https:\/\/mrnews.com.br\/index.php\/2025\/09\/07\/policia-usa-gas-lacrimogeneo-para-despejar-ocupantes-de-predio-no-rio\/"},"modified":"2025-09-07T20:07:39","modified_gmt":"2025-09-07T23:07:39","slug":"policia-usa-gas-lacrimogeneo-para-despejar-ocupantes-de-predio-no-rio","status":"publish","type":"post","link":"https:\/\/mrnews.com.br\/index.php\/2025\/09\/07\/policia-usa-gas-lacrimogeneo-para-despejar-ocupantes-de-predio-no-rio\/","title":{"rendered":"Pol\u00edcia usa g\u00e1s lacrimog\u00eaneo para despejar ocupantes de pr\u00e9dio no Rio\u00a0"},"content":{"rendered":"<p>Por EBC, <\/p>\n<div>\n<p><strong>Agentes da Pol\u00edcia Militar, com apoio da Guarda Municipal, fizeram uma a\u00e7\u00e3o de desocupa\u00e7\u00e3o de um pr\u00e9dio no Centro do Rio de Janeiro neste domingo (07). Bombas de g\u00e1s lacrimog\u00eaneo e spray de pimenta foram usados para retirar as pessoas do edif\u00edcio.\u00a0<\/strong><\/p>\n<p>A ocupa\u00e7\u00e3o foi coordenada pelo Movimento de Luta nos Bairros, Vilas e Favelas (MLB), que alega que o im\u00f3vel pertence \u00e0 Secretaria de Patrim\u00f4nio da Uni\u00e3o e est\u00e1 abandonado h\u00e1 mais de 15 anos. <strong>De acordo com o MLB, 120 fam\u00edlias tentaram se abrigar no local no in\u00edcio da manh\u00e3 de hoje<\/strong>, com cerca de 30 crian\u00e7as.<\/p>\n<p>V\u00eddeos postados no perfil da organiza\u00e7\u00e3o no Instagram mostram os ocupantes retirando entulhos do edif\u00edcio e organizando camas e uma creche para as crian\u00e7as. As imagens tamb\u00e9m mostram que o pr\u00e9dio foi cercado pelos policiais logo em seguida e que as pessoas sa\u00edram do local sob as ordens dos agentes, em meio ao g\u00e1s, incluindo as crian\u00e7as e muitos idosos. Algumas pessoas passaram mal por causa da subst\u00e2ncia.\u00a0<\/p>\n<p>De acordo com a prefeitura, o pr\u00e9dio foi desocupado porque \u201cem breve come\u00e7am as obras do Centro Cultural Rio \u00c1frica, que vai tratar da di\u00e1spora africana para o Brasil, valorizar a cultura afro e ser\u00e1 implantado em frente ao Cais do Valongo\u201d.<\/p>\n<h2>Agress\u00f5es<\/h2>\n<p><strong>O deputado federal Tarc\u00edsio Mota (Psol-RJ) e o deputado estadual Professor Josemar (Psol), que acompanhavam a opera\u00e7\u00e3o e tentavam impedir o despejo das fam\u00edlias, denunciam ter sido agredidos por agentes da guarda municipal. <\/strong>Os parlamentares postaram em um v\u00eddeo em que Josemar \u00e9 empurrado por um agente durante uma discuss\u00e3o e ambos s\u00e3o atingidos por jatos de spray de pimenta.<\/p>\n<p>A Secretaria Municipal de Ordem P\u00fablica, \u00e0 qual a Guarda Municipal \u00e9 subordinada, n\u00e3o se manifestou sobre a den\u00fancia dos parlamentares. <strong>J\u00e1 o prefeito Eduardo Paes repostou o v\u00eddeo dos parlamentares, parabenizando a Pol\u00edcia Militar e a Guarda Municipal. <\/strong>Disse tamb\u00e9m que a ocupa\u00e7\u00e3o \u00e9 irregular e feita por baderneiros e exaltou o respeito \u00e0 lei e \u00e0 ordem.\u00a0<\/p>\n<p><strong>A Secretaria do Patrim\u00f4nio da Uni\u00e3o do Governo Federal informou que uma parte da \u00e1rea, de fato, pertence \u00e0 Uni\u00e3o, mas o local onde ser\u00e1 instalado o centro cultural da prefeitura \u00e9 de propriedade privada.<\/strong> Disse tamb\u00e9m que est\u00e1 acompanhando a situa\u00e7\u00e3o e buscando mais informa\u00e7\u00f5es com as autoridades locais.<\/p>\n<blockquote>\n<p>\u201cA \u00e1rea que pertence \u00e0 Uni\u00e3o \u00e9 um dos 72 im\u00f3veis disponibilizados pelo MGI, para apresenta\u00e7\u00e3o de propostas ao programa Minha Casa, Minha Vida \u2013 Entidades do Minist\u00e9rio das Cidades. Os im\u00f3veis est\u00e3o localizados nas cinco regi\u00f5es do pa\u00eds e t\u00eam capacidade para constru\u00e7\u00e3o de cerca de 8 mil moradias populares\u201d, complementou em nota o Minist\u00e9rio da Gest\u00e3o e Inova\u00e7\u00e3o, ao qual a SPU \u00e9 vinculada.\u00a0<\/p>\n<\/blockquote>\n<p>      <!-- Relacionada --><br \/>\n            <!-- Relacionada -->\n    <\/div>\n","protected":false},"excerpt":{"rendered":"<p>Por EBC, Agentes da Pol\u00edcia Militar, com apoio da Guarda Municipal, fizeram uma a\u00e7\u00e3o de desocupa\u00e7\u00e3o de um pr\u00e9dio no Centro do Rio de Janeiro neste domingo (07). Bombas de g\u00e1s lacrimog\u00eaneo e spray de pimenta foram usados para retirar as pessoas do edif\u00edcio.\u00a0 A ocupa\u00e7\u00e3o foi coordenada pelo Movimento de Luta nos Bairros, Vilas &hellip;<\/p>\n","protected":false},"author":1,"featured_media":0,"comment_status":"open","ping_status":"open","sticky":false,"template":"","format":"standard","meta":{"_jetpack_memberships_contains_paid_content":false,"footnotes":""},"categories":[2,12225,4],"tags":[],"class_list":["post-449149","post","type-post","status-publish","format-standard","hentry","category-entretenimento","category-noticias","category-servicos"],"yoast_head":"<!-- This site is optimized with the Yoast SEO plugin v27.4 - https:\/\/yoast.com\/product\/yoast-seo-wordpress\/ -->\n<title>Pol\u00edcia usa g\u00e1s lacrimog\u00eaneo para despejar ocupantes de pr\u00e9dio no Rio\u00a0<\/title>\n<meta name=\"robots\" content=\"index, follow, max-snippet:-1, max-image-preview:large, max-video-preview:-1\" \/>\n<link rel=\"canonical\" href=\"https:\/\/mrnews.com.br\/index.php\/2025\/09\/07\/policia-usa-gas-lacrimogeneo-para-despejar-ocupantes-de-predio-no-rio\/\" \/>\n<meta property=\"og:locale\" content=\"pt_BR\" \/>\n<meta property=\"og:type\" content=\"article\" \/>\n<meta property=\"og:title\" content=\"Pol\u00edcia usa g\u00e1s lacrimog\u00eaneo para despejar ocupantes de pr\u00e9dio no Rio\u00a0\" \/>\n<meta property=\"og:description\" content=\"Por EBC, Agentes da Pol\u00edcia Militar, com apoio da Guarda Municipal, fizeram uma a\u00e7\u00e3o de desocupa\u00e7\u00e3o de um pr\u00e9dio no Centro do Rio de Janeiro neste domingo (07). Bombas de g\u00e1s lacrimog\u00eaneo e spray de pimenta foram usados para retirar as pessoas do edif\u00edcio.\u00a0 A ocupa\u00e7\u00e3o foi coordenada pelo Movimento de Luta nos Bairros, Vilas &hellip;\" \/>\n<meta property=\"og:url\" content=\"https:\/\/mrnews.com.br\/index.php\/2025\/09\/07\/policia-usa-gas-lacrimogeneo-para-despejar-ocupantes-de-predio-no-rio\/\" \/>\n<meta property=\"og:site_name\" content=\"MRNews\" \/>\n<meta property=\"article:publisher\" content=\"https:\/\/www.facebook.com\/eaipahpah\/?locale2=pt_BR\" \/>\n<meta property=\"article:published_time\" content=\"2025-09-07T23:07:39+00:00\" \/>\n<meta name=\"author\" content=\"MR News\" \/>\n<meta name=\"twitter:card\" content=\"summary_large_image\" \/>\n<meta name=\"twitter:creator\" content=\"@conspirou\" \/>\n<meta name=\"twitter:site\" content=\"@conspirou\" \/>\n<meta name=\"twitter:label1\" content=\"Escrito por\" \/>\n\t<meta name=\"twitter:data1\" content=\"MR News\" \/>\n\t<meta name=\"twitter:label2\" content=\"Est. tempo de leitura\" \/>\n\t<meta name=\"twitter:data2\" content=\"2 minutos\" \/>\n<script type=\"application\/ld+json\" class=\"yoast-schema-graph\">{\"@context\":\"https:\\\/\\\/schema.org\",\"@graph\":[{\"@type\":\"Article\",\"@id\":\"https:\\\/\\\/mrnews.com.br\\\/index.php\\\/2025\\\/09\\\/07\\\/policia-usa-gas-lacrimogeneo-para-despejar-ocupantes-de-predio-no-rio\\\/#article\",\"isPartOf\":{\"@id\":\"https:\\\/\\\/mrnews.com.br\\\/index.php\\\/2025\\\/09\\\/07\\\/policia-usa-gas-lacrimogeneo-para-despejar-ocupantes-de-predio-no-rio\\\/\"},\"author\":{\"name\":\"MR News\",\"@id\":\"https:\\\/\\\/mrnews.com.br\\\/#\\\/schema\\\/person\\\/be3203154562a9f207407861cef7827b\"},\"headline\":\"Pol\u00edcia usa g\u00e1s lacrimog\u00eaneo para despejar ocupantes de pr\u00e9dio no Rio\u00a0\",\"datePublished\":\"2025-09-07T23:07:39+00:00\",\"mainEntityOfPage\":{\"@id\":\"https:\\\/\\\/mrnews.com.br\\\/index.php\\\/2025\\\/09\\\/07\\\/policia-usa-gas-lacrimogeneo-para-despejar-ocupantes-de-predio-no-rio\\\/\"},\"wordCount\":503,\"commentCount\":0,\"publisher\":{\"@id\":\"https:\\\/\\\/mrnews.com.br\\\/#organization\"},\"articleSection\":[\"ENTRETENIMENTO\",\"NOTICIAS\",\"SERVI\u00c7OS\"],\"inLanguage\":\"pt-BR\",\"potentialAction\":[{\"@type\":\"CommentAction\",\"name\":\"Comment\",\"target\":[\"https:\\\/\\\/mrnews.com.br\\\/index.php\\\/2025\\\/09\\\/07\\\/policia-usa-gas-lacrimogeneo-para-despejar-ocupantes-de-predio-no-rio\\\/#respond\"]}]},{\"@type\":\"WebPage\",\"@id\":\"https:\\\/\\\/mrnews.com.br\\\/index.php\\\/2025\\\/09\\\/07\\\/policia-usa-gas-lacrimogeneo-para-despejar-ocupantes-de-predio-no-rio\\\/\",\"url\":\"https:\\\/\\\/mrnews.com.br\\\/index.php\\\/2025\\\/09\\\/07\\\/policia-usa-gas-lacrimogeneo-para-despejar-ocupantes-de-predio-no-rio\\\/\",\"name\":\"Pol\u00edcia usa g\u00e1s lacrimog\u00eaneo para despejar ocupantes de pr\u00e9dio no Rio\u00a0\",\"isPartOf\":{\"@id\":\"https:\\\/\\\/mrnews.com.br\\\/#website\"},\"datePublished\":\"2025-09-07T23:07:39+00:00\",\"breadcrumb\":{\"@id\":\"https:\\\/\\\/mrnews.com.br\\\/index.php\\\/2025\\\/09\\\/07\\\/policia-usa-gas-lacrimogeneo-para-despejar-ocupantes-de-predio-no-rio\\\/#breadcrumb\"},\"inLanguage\":\"pt-BR\",\"potentialAction\":[{\"@type\":\"ReadAction\",\"target\":[\"https:\\\/\\\/mrnews.com.br\\\/index.php\\\/2025\\\/09\\\/07\\\/policia-usa-gas-lacrimogeneo-para-despejar-ocupantes-de-predio-no-rio\\\/\"]}]},{\"@type\":\"BreadcrumbList\",\"@id\":\"https:\\\/\\\/mrnews.com.br\\\/index.php\\\/2025\\\/09\\\/07\\\/policia-usa-gas-lacrimogeneo-para-despejar-ocupantes-de-predio-no-rio\\\/#breadcrumb\",\"itemListElement\":[{\"@type\":\"ListItem\",\"position\":1,\"name\":\"In\u00edcio\",\"item\":\"https:\\\/\\\/mrnews.com.br\\\/\"},{\"@type\":\"ListItem\",\"position\":2,\"name\":\"Pol\u00edcia usa g\u00e1s lacrimog\u00eaneo para despejar ocupantes de pr\u00e9dio no Rio\u00a0\"}]},{\"@type\":\"WebSite\",\"@id\":\"https:\\\/\\\/mrnews.com.br\\\/#website\",\"url\":\"https:\\\/\\\/mrnews.com.br\\\/\",\"name\":\"MRNews\",\"description\":\"MRNews Jogos de hoje da TV, transmiss\u00f5es ao vivo, Not\u00edcias de futebol, Jogos ao vivo, Lives, resumo de novelas, Programa\u00e7\u00e3o da Globo, A Fazenda e BBB\",\"publisher\":{\"@id\":\"https:\\\/\\\/mrnews.com.br\\\/#organization\"},\"potentialAction\":[{\"@type\":\"SearchAction\",\"target\":{\"@type\":\"EntryPoint\",\"urlTemplate\":\"https:\\\/\\\/mrnews.com.br\\\/?s={search_term_string}\"},\"query-input\":{\"@type\":\"PropertyValueSpecification\",\"valueRequired\":true,\"valueName\":\"search_term_string\"}}],\"inLanguage\":\"pt-BR\"},{\"@type\":\"Organization\",\"@id\":\"https:\\\/\\\/mrnews.com.br\\\/#organization\",\"name\":\"MRNews\",\"url\":\"https:\\\/\\\/mrnews.com.br\\\/\",\"logo\":{\"@type\":\"ImageObject\",\"inLanguage\":\"pt-BR\",\"@id\":\"https:\\\/\\\/mrnews.com.br\\\/#\\\/schema\\\/logo\\\/image\\\/\",\"url\":\"https:\\\/\\\/mrnews.com.br\\\/wp-content\\\/uploads\\\/2019\\\/06\\\/MRNewslogo2.png\",\"contentUrl\":\"https:\\\/\\\/mrnews.com.br\\\/wp-content\\\/uploads\\\/2019\\\/06\\\/MRNewslogo2.png\",\"width\":223,\"height\":58,\"caption\":\"MRNews\"},\"image\":{\"@id\":\"https:\\\/\\\/mrnews.com.br\\\/#\\\/schema\\\/logo\\\/image\\\/\"},\"sameAs\":[\"https:\\\/\\\/www.facebook.com\\\/eaipahpah\\\/?locale2=pt_BR\",\"https:\\\/\\\/x.com\\\/conspirou\",\"https:\\\/\\\/www.instagram.com\\\/eai_pahpah\",\"https:\\\/\\\/br.pinterest.com\\\/mrnewsn\\\/boards\\\/\",\"https:\\\/\\\/www.youtube.com\\\/channel\\\/UCacgnpznQ61fifLWr1tQ-vA?view_as=subscriber\"]},{\"@type\":\"Person\",\"@id\":\"https:\\\/\\\/mrnews.com.br\\\/#\\\/schema\\\/person\\\/be3203154562a9f207407861cef7827b\",\"name\":\"MR News\",\"image\":{\"@type\":\"ImageObject\",\"inLanguage\":\"pt-BR\",\"@id\":\"https:\\\/\\\/secure.gravatar.com\\\/avatar\\\/04084e6d73c042b8646e7c17b494073bf0ede3ea13c7105cfc45cbbbc28385a4?s=96&d=monsterid&r=g\",\"url\":\"https:\\\/\\\/secure.gravatar.com\\\/avatar\\\/04084e6d73c042b8646e7c17b494073bf0ede3ea13c7105cfc45cbbbc28385a4?s=96&d=monsterid&r=g\",\"contentUrl\":\"https:\\\/\\\/secure.gravatar.com\\\/avatar\\\/04084e6d73c042b8646e7c17b494073bf0ede3ea13c7105cfc45cbbbc28385a4?s=96&d=monsterid&r=g\",\"caption\":\"MR News\"},\"description\":\"Especializado em jornalismo colaborativo pela FTP em n\u00edvel de p\u00f3s-gradua\u00e7\u00e3o. suporte@oimeliga.combr\",\"sameAs\":[\"HUGO R.\",\"Admin\"],\"url\":\"https:\\\/\\\/mrnews.com.br\\\/index.php\\\/author\\\/admin\\\/\"}]}<\/script>\n<!-- \/ Yoast SEO plugin. -->","yoast_head_json":{"title":"Pol\u00edcia usa g\u00e1s lacrimog\u00eaneo para despejar ocupantes de pr\u00e9dio no Rio\u00a0","robots":{"index":"index","follow":"follow","max-snippet":"max-snippet:-1","max-image-preview":"max-image-preview:large","max-video-preview":"max-video-preview:-1"},"canonical":"https:\/\/mrnews.com.br\/index.php\/2025\/09\/07\/policia-usa-gas-lacrimogeneo-para-despejar-ocupantes-de-predio-no-rio\/","og_locale":"pt_BR","og_type":"article","og_title":"Pol\u00edcia usa g\u00e1s lacrimog\u00eaneo para despejar ocupantes de pr\u00e9dio no Rio\u00a0","og_description":"Por EBC, Agentes da Pol\u00edcia Militar, com apoio da Guarda Municipal, fizeram uma a\u00e7\u00e3o de desocupa\u00e7\u00e3o de um pr\u00e9dio no Centro do Rio de Janeiro neste domingo (07). Bombas de g\u00e1s lacrimog\u00eaneo e spray de pimenta foram usados para retirar as pessoas do edif\u00edcio.\u00a0 A ocupa\u00e7\u00e3o foi coordenada pelo Movimento de Luta nos Bairros, Vilas &hellip;","og_url":"https:\/\/mrnews.com.br\/index.php\/2025\/09\/07\/policia-usa-gas-lacrimogeneo-para-despejar-ocupantes-de-predio-no-rio\/","og_site_name":"MRNews","article_publisher":"https:\/\/www.facebook.com\/eaipahpah\/?locale2=pt_BR","article_published_time":"2025-09-07T23:07:39+00:00","author":"MR News","twitter_card":"summary_large_image","twitter_creator":"@conspirou","twitter_site":"@conspirou","twitter_misc":{"Escrito por":"MR News","Est. tempo de leitura":"2 minutos"},"schema":{"@context":"https:\/\/schema.org","@graph":[{"@type":"Article","@id":"https:\/\/mrnews.com.br\/index.php\/2025\/09\/07\/policia-usa-gas-lacrimogeneo-para-despejar-ocupantes-de-predio-no-rio\/#article","isPartOf":{"@id":"https:\/\/mrnews.com.br\/index.php\/2025\/09\/07\/policia-usa-gas-lacrimogeneo-para-despejar-ocupantes-de-predio-no-rio\/"},"author":{"name":"MR News","@id":"https:\/\/mrnews.com.br\/#\/schema\/person\/be3203154562a9f207407861cef7827b"},"headline":"Pol\u00edcia usa g\u00e1s lacrimog\u00eaneo para despejar ocupantes de pr\u00e9dio no Rio\u00a0","datePublished":"2025-09-07T23:07:39+00:00","mainEntityOfPage":{"@id":"https:\/\/mrnews.com.br\/index.php\/2025\/09\/07\/policia-usa-gas-lacrimogeneo-para-despejar-ocupantes-de-predio-no-rio\/"},"wordCount":503,"commentCount":0,"publisher":{"@id":"https:\/\/mrnews.com.br\/#organization"},"articleSection":["ENTRETENIMENTO","NOTICIAS","SERVI\u00c7OS"],"inLanguage":"pt-BR","potentialAction":[{"@type":"CommentAction","name":"Comment","target":["https:\/\/mrnews.com.br\/index.php\/2025\/09\/07\/policia-usa-gas-lacrimogeneo-para-despejar-ocupantes-de-predio-no-rio\/#respond"]}]},{"@type":"WebPage","@id":"https:\/\/mrnews.com.br\/index.php\/2025\/09\/07\/policia-usa-gas-lacrimogeneo-para-despejar-ocupantes-de-predio-no-rio\/","url":"https:\/\/mrnews.com.br\/index.php\/2025\/09\/07\/policia-usa-gas-lacrimogeneo-para-despejar-ocupantes-de-predio-no-rio\/","name":"Pol\u00edcia usa g\u00e1s lacrimog\u00eaneo para despejar ocupantes de pr\u00e9dio no Rio\u00a0","isPartOf":{"@id":"https:\/\/mrnews.com.br\/#website"},"datePublished":"2025-09-07T23:07:39+00:00","breadcrumb":{"@id":"https:\/\/mrnews.com.br\/index.php\/2025\/09\/07\/policia-usa-gas-lacrimogeneo-para-despejar-ocupantes-de-predio-no-rio\/#breadcrumb"},"inLanguage":"pt-BR","potentialAction":[{"@type":"ReadAction","target":["https:\/\/mrnews.com.br\/index.php\/2025\/09\/07\/policia-usa-gas-lacrimogeneo-para-despejar-ocupantes-de-predio-no-rio\/"]}]},{"@type":"BreadcrumbList","@id":"https:\/\/mrnews.com.br\/index.php\/2025\/09\/07\/policia-usa-gas-lacrimogeneo-para-despejar-ocupantes-de-predio-no-rio\/#breadcrumb","itemListElement":[{"@type":"ListItem","position":1,"name":"In\u00edcio","item":"https:\/\/mrnews.com.br\/"},{"@type":"ListItem","position":2,"name":"Pol\u00edcia usa g\u00e1s lacrimog\u00eaneo para despejar ocupantes de pr\u00e9dio no Rio\u00a0"}]},{"@type":"WebSite","@id":"https:\/\/mrnews.com.br\/#website","url":"https:\/\/mrnews.com.br\/","name":"MRNews","description":"MRNews Jogos de hoje da TV, transmiss\u00f5es ao vivo, Not\u00edcias de futebol, Jogos ao vivo, Lives, resumo de novelas, Programa\u00e7\u00e3o da Globo, A Fazenda e BBB","publisher":{"@id":"https:\/\/mrnews.com.br\/#organization"},"potentialAction":[{"@type":"SearchAction","target":{"@type":"EntryPoint","urlTemplate":"https:\/\/mrnews.com.br\/?s={search_term_string}"},"query-input":{"@type":"PropertyValueSpecification","valueRequired":true,"valueName":"search_term_string"}}],"inLanguage":"pt-BR"},{"@type":"Organization","@id":"https:\/\/mrnews.com.br\/#organization","name":"MRNews","url":"https:\/\/mrnews.com.br\/","logo":{"@type":"ImageObject","inLanguage":"pt-BR","@id":"https:\/\/mrnews.com.br\/#\/schema\/logo\/image\/","url":"https:\/\/mrnews.com.br\/wp-content\/uploads\/2019\/06\/MRNewslogo2.png","contentUrl":"https:\/\/mrnews.com.br\/wp-content\/uploads\/2019\/06\/MRNewslogo2.png","width":223,"height":58,"caption":"MRNews"},"image":{"@id":"https:\/\/mrnews.com.br\/#\/schema\/logo\/image\/"},"sameAs":["https:\/\/www.facebook.com\/eaipahpah\/?locale2=pt_BR","https:\/\/x.com\/conspirou","https:\/\/www.instagram.com\/eai_pahpah","https:\/\/br.pinterest.com\/mrnewsn\/boards\/","https:\/\/www.youtube.com\/channel\/UCacgnpznQ61fifLWr1tQ-vA?view_as=subscriber"]},{"@type":"Person","@id":"https:\/\/mrnews.com.br\/#\/schema\/person\/be3203154562a9f207407861cef7827b","name":"MR News","image":{"@type":"ImageObject","inLanguage":"pt-BR","@id":"https:\/\/secure.gravatar.com\/avatar\/04084e6d73c042b8646e7c17b494073bf0ede3ea13c7105cfc45cbbbc28385a4?s=96&d=monsterid&r=g","url":"https:\/\/secure.gravatar.com\/avatar\/04084e6d73c042b8646e7c17b494073bf0ede3ea13c7105cfc45cbbbc28385a4?s=96&d=monsterid&r=g","contentUrl":"https:\/\/secure.gravatar.com\/avatar\/04084e6d73c042b8646e7c17b494073bf0ede3ea13c7105cfc45cbbbc28385a4?s=96&d=monsterid&r=g","caption":"MR News"},"description":"Especializado em jornalismo colaborativo pela FTP em n\u00edvel de p\u00f3s-gradua\u00e7\u00e3o. suporte@oimeliga.combr","sameAs":["HUGO R.","Admin"],"url":"https:\/\/mrnews.com.br\/index.php\/author\/admin\/"}]}},"jetpack_featured_media_url":"","jetpack_sharing_enabled":true,"jetpack_shortlink":"https:\/\/wp.me\/pa2Qf7-1SQl","amp_enabled":true,"_links":{"self":[{"href":"https:\/\/mrnews.com.br\/index.php\/wp-json\/wp\/v2\/posts\/449149","targetHints":{"allow":["GET"]}}],"collection":[{"href":"https:\/\/mrnews.com.br\/index.php\/wp-json\/wp\/v2\/posts"}],"about":[{"href":"https:\/\/mrnews.com.br\/index.php\/wp-json\/wp\/v2\/types\/post"}],"author":[{"embeddable":true,"href":"https:\/\/mrnews.com.br\/index.php\/wp-json\/wp\/v2\/users\/1"}],"replies":[{"embeddable":true,"href":"https:\/\/mrnews.com.br\/index.php\/wp-json\/wp\/v2\/comments?post=449149"}],"version-history":[{"count":0,"href":"https:\/\/mrnews.com.br\/index.php\/wp-json\/wp\/v2\/posts\/449149\/revisions"}],"wp:attachment":[{"href":"https:\/\/mrnews.com.br\/index.php\/wp-json\/wp\/v2\/media?parent=449149"}],"wp:term":[{"taxonomy":"category","embeddable":true,"href":"https:\/\/mrnews.com.br\/index.php\/wp-json\/wp\/v2\/categories?post=449149"},{"taxonomy":"post_tag","embeddable":true,"href":"https:\/\/mrnews.com.br\/index.php\/wp-json\/wp\/v2\/tags?post=449149"}],"curies":[{"name":"wp","href":"https:\/\/api.w.org\/{rel}","templated":true}]}}