{"id":449152,"date":"2025-09-07T21:04:45","date_gmt":"2025-09-08T00:04:45","guid":{"rendered":"https:\/\/mrnews.com.br\/index.php\/2025\/09\/07\/bonito-recebe-voo-inaugural-da-latam-e-amplia-conectividade-aerea-prefeitura-municipal-de-bonito\/"},"modified":"2025-09-07T21:04:45","modified_gmt":"2025-09-08T00:04:45","slug":"bonito-recebe-voo-inaugural-da-latam-e-amplia-conectividade-aerea-prefeitura-municipal-de-bonito","status":"publish","type":"post","link":"https:\/\/mrnews.com.br\/index.php\/2025\/09\/07\/bonito-recebe-voo-inaugural-da-latam-e-amplia-conectividade-aerea-prefeitura-municipal-de-bonito\/","title":{"rendered":"Bonito recebe voo inaugural da LATAM e amplia conectividade a\u00e9rea &#8211; Prefeitura Municipal de Bonito"},"content":{"rendered":"<p><\/p>\n<div>\n<div class=\"td-post-featured-image\"><\/div>\n<p>Bonito celebrou, nesta quarta-feira (3), um momento hist\u00f3rico com a chegada do voo inaugural da LATAM Airlines ao Aeroporto Regional. A nova rota regular, partindo do Aeroporto Internacional de Guarulhos (SP), refor\u00e7a a malha a\u00e9rea do munic\u00edpio e consolida Bonito como um dos principais destinos de ecoturismo do pa\u00eds.<\/p>\n<p>A opera\u00e7\u00e3o da LATAM se soma \u00e0s j\u00e1 existentes da Gol e da Azul, elevando para tr\u00eas o n\u00famero de companhias em atividade no aeroporto. Com isso, Bonito passa a contar com voos em cinco dias da semana, ampliando as possibilidades de acesso para turistas de todo o Brasil e do exterior.<\/p>\n<p>A cerim\u00f4nia de inaugura\u00e7\u00e3o ocorreu no sagu\u00e3o do aeroporto e reuniu autoridades e representantes do trade tur\u00edstico, em a\u00e7\u00e3o promovida pela Prefeitura de Bonito, pelo Governo do Estado de Mato Grosso do Sul e pela LATAM. .<\/p>\n<p>Os voos da LATAM partir\u00e3o de Guarulhos sempre \u00e0s quartas-feiras e aos s\u00e1bados, operados por aeronaves Airbus A319 e A320. A Gol mant\u00e9m frequ\u00eancias \u00e0s ter\u00e7as e aos s\u00e1bados, a partir de Congonhas (SP), com Boeing 737, enquanto a Azul segue com opera\u00e7\u00f5es \u00e0s ter\u00e7as, quintas e domingos, a partir de Viracopos (Campinas), com Embraer E195\/E295.<\/p>\n<p>Para o setor tur\u00edstico, a novidade representa ganho imediato de competitividade. A chegada da nova frequ\u00eancia deve contribuir para que o terminal de Bonito ultrapasse a marca de 60 mil passageiros at\u00e9 dezembro, resultado dos investimentos em infraestrutura e da amplia\u00e7\u00e3o da conectividade a\u00e9rea.<\/p>\n<p>Ve\u00edculos de imprensa e canais locais destacaram o car\u00e1ter hist\u00f3rico do momento para a economia e o turismo de Bonito, refor\u00e7ando a proje\u00e7\u00e3o nacional e internacional do destino com a entrada da LATAM na malha.<\/p>\n<figure class=\"wp-block-gallery has-nested-images columns-default is-cropped wp-block-gallery-1 is-layout-flex wp-block-gallery-is-layout-flex\">\n<figure class=\"wp-block-image size-large\"><\/figure>\n<\/figure><\/div>\n","protected":false},"excerpt":{"rendered":"<p>Bonito celebrou, nesta quarta-feira (3), um momento hist\u00f3rico com a chegada do voo inaugural da LATAM Airlines ao Aeroporto Regional. A nova rota regular, partindo do Aeroporto Internacional de Guarulhos (SP), refor\u00e7a a malha a\u00e9rea do munic\u00edpio e consolida Bonito como um dos principais destinos de ecoturismo do pa\u00eds. A opera\u00e7\u00e3o da LATAM se soma &hellip;<\/p>\n","protected":false},"author":1,"featured_media":0,"comment_status":"open","ping_status":"open","sticky":false,"template":"","format":"standard","meta":{"_jetpack_memberships_contains_paid_content":false,"footnotes":""},"categories":[12410],"tags":[],"class_list":["post-449152","post","type-post","status-publish","format-standard","hentry","category-ms"],"yoast_head":"<!-- This site is optimized with the Yoast SEO plugin v27.4 - https:\/\/yoast.com\/product\/yoast-seo-wordpress\/ -->\n<title>Bonito recebe voo inaugural da LATAM e amplia conectividade a\u00e9rea - Prefeitura Municipal de Bonito<\/title>\n<meta name=\"robots\" content=\"index, follow, max-snippet:-1, max-image-preview:large, max-video-preview:-1\" \/>\n<link rel=\"canonical\" href=\"https:\/\/mrnews.com.br\/index.php\/2025\/09\/07\/bonito-recebe-voo-inaugural-da-latam-e-amplia-conectividade-aerea-prefeitura-municipal-de-bonito\/\" \/>\n<meta property=\"og:locale\" content=\"pt_BR\" \/>\n<meta property=\"og:type\" content=\"article\" \/>\n<meta property=\"og:title\" content=\"Bonito recebe voo inaugural da LATAM e amplia conectividade a\u00e9rea - Prefeitura Municipal de Bonito\" \/>\n<meta property=\"og:description\" content=\"Bonito celebrou, nesta quarta-feira (3), um momento hist\u00f3rico com a chegada do voo inaugural da LATAM Airlines ao Aeroporto Regional. A nova rota regular, partindo do Aeroporto Internacional de Guarulhos (SP), refor\u00e7a a malha a\u00e9rea do munic\u00edpio e consolida Bonito como um dos principais destinos de ecoturismo do pa\u00eds. A opera\u00e7\u00e3o da LATAM se soma &hellip;\" \/>\n<meta property=\"og:url\" content=\"https:\/\/mrnews.com.br\/index.php\/2025\/09\/07\/bonito-recebe-voo-inaugural-da-latam-e-amplia-conectividade-aerea-prefeitura-municipal-de-bonito\/\" \/>\n<meta property=\"og:site_name\" content=\"MRNews\" \/>\n<meta property=\"article:publisher\" content=\"https:\/\/www.facebook.com\/eaipahpah\/?locale2=pt_BR\" \/>\n<meta property=\"article:published_time\" content=\"2025-09-08T00:04:45+00:00\" \/>\n<meta name=\"author\" content=\"MR News\" \/>\n<meta name=\"twitter:card\" content=\"summary_large_image\" \/>\n<meta name=\"twitter:creator\" content=\"@conspirou\" \/>\n<meta name=\"twitter:site\" content=\"@conspirou\" \/>\n<meta name=\"twitter:label1\" content=\"Escrito por\" \/>\n\t<meta name=\"twitter:data1\" content=\"MR News\" \/>\n\t<meta name=\"twitter:label2\" content=\"Est. tempo de leitura\" \/>\n\t<meta name=\"twitter:data2\" content=\"2 minutos\" \/>\n<script type=\"application\/ld+json\" class=\"yoast-schema-graph\">{\"@context\":\"https:\\\/\\\/schema.org\",\"@graph\":[{\"@type\":\"Article\",\"@id\":\"https:\\\/\\\/mrnews.com.br\\\/index.php\\\/2025\\\/09\\\/07\\\/bonito-recebe-voo-inaugural-da-latam-e-amplia-conectividade-aerea-prefeitura-municipal-de-bonito\\\/#article\",\"isPartOf\":{\"@id\":\"https:\\\/\\\/mrnews.com.br\\\/index.php\\\/2025\\\/09\\\/07\\\/bonito-recebe-voo-inaugural-da-latam-e-amplia-conectividade-aerea-prefeitura-municipal-de-bonito\\\/\"},\"author\":{\"name\":\"MR News\",\"@id\":\"https:\\\/\\\/mrnews.com.br\\\/#\\\/schema\\\/person\\\/be3203154562a9f207407861cef7827b\"},\"headline\":\"Bonito recebe voo inaugural da LATAM e amplia conectividade a\u00e9rea &#8211; Prefeitura Municipal de Bonito\",\"datePublished\":\"2025-09-08T00:04:45+00:00\",\"mainEntityOfPage\":{\"@id\":\"https:\\\/\\\/mrnews.com.br\\\/index.php\\\/2025\\\/09\\\/07\\\/bonito-recebe-voo-inaugural-da-latam-e-amplia-conectividade-aerea-prefeitura-municipal-de-bonito\\\/\"},\"wordCount\":316,\"commentCount\":0,\"publisher\":{\"@id\":\"https:\\\/\\\/mrnews.com.br\\\/#organization\"},\"articleSection\":[\"Mato Grosso do Sul\"],\"inLanguage\":\"pt-BR\",\"potentialAction\":[{\"@type\":\"CommentAction\",\"name\":\"Comment\",\"target\":[\"https:\\\/\\\/mrnews.com.br\\\/index.php\\\/2025\\\/09\\\/07\\\/bonito-recebe-voo-inaugural-da-latam-e-amplia-conectividade-aerea-prefeitura-municipal-de-bonito\\\/#respond\"]}]},{\"@type\":\"WebPage\",\"@id\":\"https:\\\/\\\/mrnews.com.br\\\/index.php\\\/2025\\\/09\\\/07\\\/bonito-recebe-voo-inaugural-da-latam-e-amplia-conectividade-aerea-prefeitura-municipal-de-bonito\\\/\",\"url\":\"https:\\\/\\\/mrnews.com.br\\\/index.php\\\/2025\\\/09\\\/07\\\/bonito-recebe-voo-inaugural-da-latam-e-amplia-conectividade-aerea-prefeitura-municipal-de-bonito\\\/\",\"name\":\"Bonito recebe voo inaugural da LATAM e amplia conectividade a\u00e9rea - Prefeitura Municipal de Bonito\",\"isPartOf\":{\"@id\":\"https:\\\/\\\/mrnews.com.br\\\/#website\"},\"datePublished\":\"2025-09-08T00:04:45+00:00\",\"breadcrumb\":{\"@id\":\"https:\\\/\\\/mrnews.com.br\\\/index.php\\\/2025\\\/09\\\/07\\\/bonito-recebe-voo-inaugural-da-latam-e-amplia-conectividade-aerea-prefeitura-municipal-de-bonito\\\/#breadcrumb\"},\"inLanguage\":\"pt-BR\",\"potentialAction\":[{\"@type\":\"ReadAction\",\"target\":[\"https:\\\/\\\/mrnews.com.br\\\/index.php\\\/2025\\\/09\\\/07\\\/bonito-recebe-voo-inaugural-da-latam-e-amplia-conectividade-aerea-prefeitura-municipal-de-bonito\\\/\"]}]},{\"@type\":\"BreadcrumbList\",\"@id\":\"https:\\\/\\\/mrnews.com.br\\\/index.php\\\/2025\\\/09\\\/07\\\/bonito-recebe-voo-inaugural-da-latam-e-amplia-conectividade-aerea-prefeitura-municipal-de-bonito\\\/#breadcrumb\",\"itemListElement\":[{\"@type\":\"ListItem\",\"position\":1,\"name\":\"In\u00edcio\",\"item\":\"https:\\\/\\\/mrnews.com.br\\\/\"},{\"@type\":\"ListItem\",\"position\":2,\"name\":\"Bonito recebe voo inaugural da LATAM e amplia conectividade a\u00e9rea &#8211; Prefeitura Municipal de Bonito\"}]},{\"@type\":\"WebSite\",\"@id\":\"https:\\\/\\\/mrnews.com.br\\\/#website\",\"url\":\"https:\\\/\\\/mrnews.com.br\\\/\",\"name\":\"MRNews\",\"description\":\"MRNews Jogos de hoje da TV, transmiss\u00f5es ao vivo, Not\u00edcias de futebol, Jogos ao vivo, Lives, resumo de novelas, Programa\u00e7\u00e3o da Globo, A Fazenda e BBB\",\"publisher\":{\"@id\":\"https:\\\/\\\/mrnews.com.br\\\/#organization\"},\"potentialAction\":[{\"@type\":\"SearchAction\",\"target\":{\"@type\":\"EntryPoint\",\"urlTemplate\":\"https:\\\/\\\/mrnews.com.br\\\/?s={search_term_string}\"},\"query-input\":{\"@type\":\"PropertyValueSpecification\",\"valueRequired\":true,\"valueName\":\"search_term_string\"}}],\"inLanguage\":\"pt-BR\"},{\"@type\":\"Organization\",\"@id\":\"https:\\\/\\\/mrnews.com.br\\\/#organization\",\"name\":\"MRNews\",\"url\":\"https:\\\/\\\/mrnews.com.br\\\/\",\"logo\":{\"@type\":\"ImageObject\",\"inLanguage\":\"pt-BR\",\"@id\":\"https:\\\/\\\/mrnews.com.br\\\/#\\\/schema\\\/logo\\\/image\\\/\",\"url\":\"https:\\\/\\\/mrnews.com.br\\\/wp-content\\\/uploads\\\/2019\\\/06\\\/MRNewslogo2.png\",\"contentUrl\":\"https:\\\/\\\/mrnews.com.br\\\/wp-content\\\/uploads\\\/2019\\\/06\\\/MRNewslogo2.png\",\"width\":223,\"height\":58,\"caption\":\"MRNews\"},\"image\":{\"@id\":\"https:\\\/\\\/mrnews.com.br\\\/#\\\/schema\\\/logo\\\/image\\\/\"},\"sameAs\":[\"https:\\\/\\\/www.facebook.com\\\/eaipahpah\\\/?locale2=pt_BR\",\"https:\\\/\\\/x.com\\\/conspirou\",\"https:\\\/\\\/www.instagram.com\\\/eai_pahpah\",\"https:\\\/\\\/br.pinterest.com\\\/mrnewsn\\\/boards\\\/\",\"https:\\\/\\\/www.youtube.com\\\/channel\\\/UCacgnpznQ61fifLWr1tQ-vA?view_as=subscriber\"]},{\"@type\":\"Person\",\"@id\":\"https:\\\/\\\/mrnews.com.br\\\/#\\\/schema\\\/person\\\/be3203154562a9f207407861cef7827b\",\"name\":\"MR News\",\"image\":{\"@type\":\"ImageObject\",\"inLanguage\":\"pt-BR\",\"@id\":\"https:\\\/\\\/secure.gravatar.com\\\/avatar\\\/04084e6d73c042b8646e7c17b494073bf0ede3ea13c7105cfc45cbbbc28385a4?s=96&d=monsterid&r=g\",\"url\":\"https:\\\/\\\/secure.gravatar.com\\\/avatar\\\/04084e6d73c042b8646e7c17b494073bf0ede3ea13c7105cfc45cbbbc28385a4?s=96&d=monsterid&r=g\",\"contentUrl\":\"https:\\\/\\\/secure.gravatar.com\\\/avatar\\\/04084e6d73c042b8646e7c17b494073bf0ede3ea13c7105cfc45cbbbc28385a4?s=96&d=monsterid&r=g\",\"caption\":\"MR News\"},\"description\":\"Especializado em jornalismo colaborativo pela FTP em n\u00edvel de p\u00f3s-gradua\u00e7\u00e3o. suporte@oimeliga.combr\",\"sameAs\":[\"HUGO R.\",\"Admin\"],\"url\":\"https:\\\/\\\/mrnews.com.br\\\/index.php\\\/author\\\/admin\\\/\"}]}<\/script>\n<!-- \/ Yoast SEO plugin. -->","yoast_head_json":{"title":"Bonito recebe voo inaugural da LATAM e amplia conectividade a\u00e9rea - Prefeitura Municipal de Bonito","robots":{"index":"index","follow":"follow","max-snippet":"max-snippet:-1","max-image-preview":"max-image-preview:large","max-video-preview":"max-video-preview:-1"},"canonical":"https:\/\/mrnews.com.br\/index.php\/2025\/09\/07\/bonito-recebe-voo-inaugural-da-latam-e-amplia-conectividade-aerea-prefeitura-municipal-de-bonito\/","og_locale":"pt_BR","og_type":"article","og_title":"Bonito recebe voo inaugural da LATAM e amplia conectividade a\u00e9rea - Prefeitura Municipal de Bonito","og_description":"Bonito celebrou, nesta quarta-feira (3), um momento hist\u00f3rico com a chegada do voo inaugural da LATAM Airlines ao Aeroporto Regional. A nova rota regular, partindo do Aeroporto Internacional de Guarulhos (SP), refor\u00e7a a malha a\u00e9rea do munic\u00edpio e consolida Bonito como um dos principais destinos de ecoturismo do pa\u00eds. A opera\u00e7\u00e3o da LATAM se soma &hellip;","og_url":"https:\/\/mrnews.com.br\/index.php\/2025\/09\/07\/bonito-recebe-voo-inaugural-da-latam-e-amplia-conectividade-aerea-prefeitura-municipal-de-bonito\/","og_site_name":"MRNews","article_publisher":"https:\/\/www.facebook.com\/eaipahpah\/?locale2=pt_BR","article_published_time":"2025-09-08T00:04:45+00:00","author":"MR News","twitter_card":"summary_large_image","twitter_creator":"@conspirou","twitter_site":"@conspirou","twitter_misc":{"Escrito por":"MR News","Est. tempo de leitura":"2 minutos"},"schema":{"@context":"https:\/\/schema.org","@graph":[{"@type":"Article","@id":"https:\/\/mrnews.com.br\/index.php\/2025\/09\/07\/bonito-recebe-voo-inaugural-da-latam-e-amplia-conectividade-aerea-prefeitura-municipal-de-bonito\/#article","isPartOf":{"@id":"https:\/\/mrnews.com.br\/index.php\/2025\/09\/07\/bonito-recebe-voo-inaugural-da-latam-e-amplia-conectividade-aerea-prefeitura-municipal-de-bonito\/"},"author":{"name":"MR News","@id":"https:\/\/mrnews.com.br\/#\/schema\/person\/be3203154562a9f207407861cef7827b"},"headline":"Bonito recebe voo inaugural da LATAM e amplia conectividade a\u00e9rea &#8211; Prefeitura Municipal de Bonito","datePublished":"2025-09-08T00:04:45+00:00","mainEntityOfPage":{"@id":"https:\/\/mrnews.com.br\/index.php\/2025\/09\/07\/bonito-recebe-voo-inaugural-da-latam-e-amplia-conectividade-aerea-prefeitura-municipal-de-bonito\/"},"wordCount":316,"commentCount":0,"publisher":{"@id":"https:\/\/mrnews.com.br\/#organization"},"articleSection":["Mato Grosso do Sul"],"inLanguage":"pt-BR","potentialAction":[{"@type":"CommentAction","name":"Comment","target":["https:\/\/mrnews.com.br\/index.php\/2025\/09\/07\/bonito-recebe-voo-inaugural-da-latam-e-amplia-conectividade-aerea-prefeitura-municipal-de-bonito\/#respond"]}]},{"@type":"WebPage","@id":"https:\/\/mrnews.com.br\/index.php\/2025\/09\/07\/bonito-recebe-voo-inaugural-da-latam-e-amplia-conectividade-aerea-prefeitura-municipal-de-bonito\/","url":"https:\/\/mrnews.com.br\/index.php\/2025\/09\/07\/bonito-recebe-voo-inaugural-da-latam-e-amplia-conectividade-aerea-prefeitura-municipal-de-bonito\/","name":"Bonito recebe voo inaugural da LATAM e amplia conectividade a\u00e9rea - Prefeitura Municipal de Bonito","isPartOf":{"@id":"https:\/\/mrnews.com.br\/#website"},"datePublished":"2025-09-08T00:04:45+00:00","breadcrumb":{"@id":"https:\/\/mrnews.com.br\/index.php\/2025\/09\/07\/bonito-recebe-voo-inaugural-da-latam-e-amplia-conectividade-aerea-prefeitura-municipal-de-bonito\/#breadcrumb"},"inLanguage":"pt-BR","potentialAction":[{"@type":"ReadAction","target":["https:\/\/mrnews.com.br\/index.php\/2025\/09\/07\/bonito-recebe-voo-inaugural-da-latam-e-amplia-conectividade-aerea-prefeitura-municipal-de-bonito\/"]}]},{"@type":"BreadcrumbList","@id":"https:\/\/mrnews.com.br\/index.php\/2025\/09\/07\/bonito-recebe-voo-inaugural-da-latam-e-amplia-conectividade-aerea-prefeitura-municipal-de-bonito\/#breadcrumb","itemListElement":[{"@type":"ListItem","position":1,"name":"In\u00edcio","item":"https:\/\/mrnews.com.br\/"},{"@type":"ListItem","position":2,"name":"Bonito recebe voo inaugural da LATAM e amplia conectividade a\u00e9rea &#8211; Prefeitura Municipal de Bonito"}]},{"@type":"WebSite","@id":"https:\/\/mrnews.com.br\/#website","url":"https:\/\/mrnews.com.br\/","name":"MRNews","description":"MRNews Jogos de hoje da TV, transmiss\u00f5es ao vivo, Not\u00edcias de futebol, Jogos ao vivo, Lives, resumo de novelas, Programa\u00e7\u00e3o da Globo, A Fazenda e BBB","publisher":{"@id":"https:\/\/mrnews.com.br\/#organization"},"potentialAction":[{"@type":"SearchAction","target":{"@type":"EntryPoint","urlTemplate":"https:\/\/mrnews.com.br\/?s={search_term_string}"},"query-input":{"@type":"PropertyValueSpecification","valueRequired":true,"valueName":"search_term_string"}}],"inLanguage":"pt-BR"},{"@type":"Organization","@id":"https:\/\/mrnews.com.br\/#organization","name":"MRNews","url":"https:\/\/mrnews.com.br\/","logo":{"@type":"ImageObject","inLanguage":"pt-BR","@id":"https:\/\/mrnews.com.br\/#\/schema\/logo\/image\/","url":"https:\/\/mrnews.com.br\/wp-content\/uploads\/2019\/06\/MRNewslogo2.png","contentUrl":"https:\/\/mrnews.com.br\/wp-content\/uploads\/2019\/06\/MRNewslogo2.png","width":223,"height":58,"caption":"MRNews"},"image":{"@id":"https:\/\/mrnews.com.br\/#\/schema\/logo\/image\/"},"sameAs":["https:\/\/www.facebook.com\/eaipahpah\/?locale2=pt_BR","https:\/\/x.com\/conspirou","https:\/\/www.instagram.com\/eai_pahpah","https:\/\/br.pinterest.com\/mrnewsn\/boards\/","https:\/\/www.youtube.com\/channel\/UCacgnpznQ61fifLWr1tQ-vA?view_as=subscriber"]},{"@type":"Person","@id":"https:\/\/mrnews.com.br\/#\/schema\/person\/be3203154562a9f207407861cef7827b","name":"MR News","image":{"@type":"ImageObject","inLanguage":"pt-BR","@id":"https:\/\/secure.gravatar.com\/avatar\/04084e6d73c042b8646e7c17b494073bf0ede3ea13c7105cfc45cbbbc28385a4?s=96&d=monsterid&r=g","url":"https:\/\/secure.gravatar.com\/avatar\/04084e6d73c042b8646e7c17b494073bf0ede3ea13c7105cfc45cbbbc28385a4?s=96&d=monsterid&r=g","contentUrl":"https:\/\/secure.gravatar.com\/avatar\/04084e6d73c042b8646e7c17b494073bf0ede3ea13c7105cfc45cbbbc28385a4?s=96&d=monsterid&r=g","caption":"MR News"},"description":"Especializado em jornalismo colaborativo pela FTP em n\u00edvel de p\u00f3s-gradua\u00e7\u00e3o. suporte@oimeliga.combr","sameAs":["HUGO R.","Admin"],"url":"https:\/\/mrnews.com.br\/index.php\/author\/admin\/"}]}},"jetpack_featured_media_url":"","jetpack_sharing_enabled":true,"jetpack_shortlink":"https:\/\/wp.me\/pa2Qf7-1SQo","amp_enabled":true,"_links":{"self":[{"href":"https:\/\/mrnews.com.br\/index.php\/wp-json\/wp\/v2\/posts\/449152","targetHints":{"allow":["GET"]}}],"collection":[{"href":"https:\/\/mrnews.com.br\/index.php\/wp-json\/wp\/v2\/posts"}],"about":[{"href":"https:\/\/mrnews.com.br\/index.php\/wp-json\/wp\/v2\/types\/post"}],"author":[{"embeddable":true,"href":"https:\/\/mrnews.com.br\/index.php\/wp-json\/wp\/v2\/users\/1"}],"replies":[{"embeddable":true,"href":"https:\/\/mrnews.com.br\/index.php\/wp-json\/wp\/v2\/comments?post=449152"}],"version-history":[{"count":0,"href":"https:\/\/mrnews.com.br\/index.php\/wp-json\/wp\/v2\/posts\/449152\/revisions"}],"wp:attachment":[{"href":"https:\/\/mrnews.com.br\/index.php\/wp-json\/wp\/v2\/media?parent=449152"}],"wp:term":[{"taxonomy":"category","embeddable":true,"href":"https:\/\/mrnews.com.br\/index.php\/wp-json\/wp\/v2\/categories?post=449152"},{"taxonomy":"post_tag","embeddable":true,"href":"https:\/\/mrnews.com.br\/index.php\/wp-json\/wp\/v2\/tags?post=449152"}],"curies":[{"name":"wp","href":"https:\/\/api.w.org\/{rel}","templated":true}]}}